{"id":2092,"date":"2024-05-11T15:54:53","date_gmt":"2024-05-11T12:54:53","guid":{"rendered":"https:\/\/kuzeyinsesi.com\/index.php\/2024\/05\/11\/rusya-ukraynada-6-yerlesim-birimini-ele-gecirdik\/"},"modified":"2024-05-11T15:54:53","modified_gmt":"2024-05-11T12:54:53","slug":"rusya-ukraynada-6-yerlesim-birimini-ele-gecirdik","status":"publish","type":"post","link":"https:\/\/kuzeyinsesi.org\/index.php\/2024\/05\/11\/rusya-ukraynada-6-yerlesim-birimini-ele-gecirdik\/","title":{"rendered":"Rusya: Ukrayna&#039;da 6 yerle\u015fim birimini ele ge\u00e7irdik"},"content":{"rendered":"<p><\/p>\n<div>\n<p>&#13;<br \/>\n\t<a href=\"https:\/\/www.trthaber.com\/etiket\/rusya\/\" target=\"_blank\" rel=\"noopener\">Rusya<\/a> Savunma Bakanl\u0131\u011f\u0131&#8217;ndan yap\u0131lan a\u00e7\u0131klamada, Rus askeri g\u00fc\u00e7lerinin, Rusya-Ukrayna Sava\u015f\u0131&#8217;ndaki faaliyetleri hakk\u0131nda bilgi verildi.<\/p>\n<p>&#13;<br \/>\n\tRus ordusunun, Ukrayna&#8217;da \u00e7at\u0131\u015fmaya devam etti\u011fi belirtilen a\u00e7\u0131klamada, \u015funlar kaydedildi:<\/p>\n<p>&#13;<br \/>\n\t<em>&#8220;Kuzey Kuvvetleri Grubu&#8217;na ba\u011fl\u0131 birlikler, sald\u0131r\u0131lar sonucunda Harkiv b\u00f6lgesinde Borisovka (Borisivka), Ogurtsovo (Ogirtseve), Pletenevka (Pletenivka), P\u0131lnaya (Pilne) ve Strele\u00e7ya (Strile\u00e7a) yerle\u015fim birimlerini, Merkez Kuvvetleri Grubu&#8217;na ba\u011fl\u0131 birlikler de ba\u015far\u0131l\u0131 eylemleri sonucunda <a href=\"https:\/\/www.trthaber.com\/etiket\/donetsk\/\" target=\"_blank\" rel=\"noopener\">Donetsk<\/a> Halk Cumhuriyeti&#8217;nin Keramik yerle\u015fim birimini kurtararak b\u00f6lgedeki pozisyonlar\u0131n\u0131 g\u00fc\u00e7lendirdi.&#8221;<\/em><\/p>\n<h2>&#13;<br \/>\n\t&#8220;Ukrayna ordusuna ait\u00a0 21 bin 600 \u00f6zel askeri ara\u00e7 imha edildi&#8221;<\/h2>\n<p>&#13;<br \/>\n\t\u00c7at\u0131\u015fmalar esnas\u0131nda 34 Ukraynal\u0131 askerin teslim oldu\u011fu aktar\u0131lan a\u00e7\u0131klamada, <a href=\"https:\/\/www.trthaber.com\/etiket\/ukrayna\/\" target=\"_blank\" rel=\"noopener\">Ukrayna<\/a> ordusuna ait 46 insans\u0131z hava arac\u0131n\u0131n (\u0130HA) vuruldu\u011fu belirtildi.<\/p>\n<p>&#13;<br \/>\n\tA\u00e7\u0131klamada, &#8220;Askeri operasyonun ba\u015flang\u0131c\u0131ndan bu yana Ukrayna ordusuna ait 594 u\u00e7ak, 270 helikopter, 23 bin 951 \u0130HA, 515 hava savunma f\u00fcze sistemi, 15 bin 981 tank ve z\u0131rhl\u0131 ara\u00e7, 1286 \u00e7ok namlulu roketatar, 9 bin 494 ob\u00fcs ve havan topu ile 21 bin 600 \u00f6zel askeri ara\u00e7 imha edildi.&#8221; bilgisine yer verildi.<\/p>\n<\/p><\/div>\n","protected":false},"excerpt":{"rendered":"<p>&#13; Rusya Savunma Bakanl\u0131\u011f\u0131&#8217;ndan yap\u0131lan a\u00e7\u0131klamada, Rus askeri g\u00fc\u00e7lerinin, Rusya-Ukrayna Sava\u015f\u0131&#8217;ndaki faaliyetleri hakk\u0131nda bilgi verildi. &#13; Rus ordusunun, Ukrayna&#8217;da \u00e7at\u0131\u015fmaya devam etti\u011fi belirtilen a\u00e7\u0131klamada, \u015funlar kaydedildi: &#13; &#8220;Kuzey Kuvvetleri Grubu&#8217;na ba\u011fl\u0131 birlikler, sald\u0131r\u0131lar sonucunda Harkiv b\u00f6lgesinde Borisovka (Borisivka), Ogurtsovo (Ogirtseve), Pletenevka (Pletenivka), P\u0131lnaya (Pilne) ve Strele\u00e7ya (Strile\u00e7a) yerle\u015fim birimlerini, Merkez Kuvvetleri Grubu&#8217;na ba\u011fl\u0131 birlikler de [&hellip;]<\/p>\n","protected":false},"author":1,"featured_media":2093,"comment_status":"open","ping_status":"open","sticky":false,"template":"","format":"standard","meta":{"jnews-multi-image_gallery":[],"jnews_single_post":[],"jnews_primary_category":[],"jnews_social_meta":[],"jnews_override_counter":[],"footnotes":""},"categories":[2],"tags":[],"class_list":["post-2092","post","type-post","status-publish","format-standard","has-post-thumbnail","hentry","category-dunya"],"yoast_head":"<!-- This site is optimized with the Yoast SEO plugin v27.5 - https:\/\/yoast.com\/product\/yoast-seo-wordpress\/ -->\n<title>Rusya: Ukrayna&#039;da 6 yerle\u015fim birimini ele ge\u00e7irdik - Kuzeyin Sesi<\/title>\n<meta name=\"robots\" content=\"index, follow, max-snippet:-1, max-image-preview:large, max-video-preview:-1\" \/>\n<link rel=\"canonical\" href=\"https:\/\/kuzeyinsesi.org\/index.php\/2024\/05\/11\/rusya-ukraynada-6-yerlesim-birimini-ele-gecirdik\/\" \/>\n<meta property=\"og:locale\" content=\"tr_TR\" \/>\n<meta property=\"og:type\" content=\"article\" \/>\n<meta property=\"og:title\" content=\"Rusya: Ukrayna&#039;da 6 yerle\u015fim birimini ele ge\u00e7irdik - Kuzeyin Sesi\" \/>\n<meta property=\"og:description\" content=\"&#013; Rusya Savunma Bakanl\u0131\u011f\u0131&#8217;ndan yap\u0131lan a\u00e7\u0131klamada, Rus askeri g\u00fc\u00e7lerinin, Rusya-Ukrayna Sava\u015f\u0131&#8217;ndaki faaliyetleri hakk\u0131nda bilgi verildi. &#013; Rus ordusunun, Ukrayna&#8217;da \u00e7at\u0131\u015fmaya devam etti\u011fi belirtilen a\u00e7\u0131klamada, \u015funlar kaydedildi: &#013; &#8220;Kuzey Kuvvetleri Grubu&#8217;na ba\u011fl\u0131 birlikler, sald\u0131r\u0131lar sonucunda Harkiv b\u00f6lgesinde Borisovka (Borisivka), Ogurtsovo (Ogirtseve), Pletenevka (Pletenivka), P\u0131lnaya (Pilne) ve Strele\u00e7ya (Strile\u00e7a) yerle\u015fim birimlerini, Merkez Kuvvetleri Grubu&#8217;na ba\u011fl\u0131 birlikler de [&hellip;]\" \/>\n<meta property=\"og:url\" content=\"https:\/\/kuzeyinsesi.org\/index.php\/2024\/05\/11\/rusya-ukraynada-6-yerlesim-birimini-ele-gecirdik\/\" \/>\n<meta property=\"og:site_name\" content=\"Kuzeyin Sesi\" \/>\n<meta property=\"article:publisher\" content=\"https:\/\/www.facebook.com\/kuzeyinsesii\" \/>\n<meta property=\"article:published_time\" content=\"2024-05-11T12:54:53+00:00\" \/>\n<meta property=\"og:image\" content=\"https:\/\/kuzeyinsesi.org\/wp-content\/uploads\/2024\/05\/rusya-asker-1482746.jpg\" \/>\n\t<meta property=\"og:image:width\" content=\"1280\" \/>\n\t<meta property=\"og:image:height\" content=\"720\" \/>\n\t<meta property=\"og:image:type\" content=\"image\/jpeg\" \/>\n<meta name=\"author\" content=\"Kuzeyin Sesi\" \/>\n<meta name=\"twitter:card\" content=\"summary_large_image\" \/>\n<meta name=\"twitter:creator\" content=\"@kuzeyinsesii\" \/>\n<meta name=\"twitter:site\" content=\"@kuzeyinsesii\" \/>\n<meta name=\"twitter:label1\" content=\"Yazan:\" \/>\n\t<meta name=\"twitter:data1\" content=\"Kuzeyin Sesi\" \/>\n\t<meta name=\"twitter:label2\" content=\"Tahmini okuma s\u00fcresi\" \/>\n\t<meta name=\"twitter:data2\" content=\"1 dakika\" \/>\n<script type=\"application\/ld+json\" class=\"yoast-schema-graph\">{\"@context\":\"https:\\\/\\\/schema.org\",\"@graph\":[{\"@type\":\"Article\",\"@id\":\"https:\\\/\\\/kuzeyinsesi.org\\\/index.php\\\/2024\\\/05\\\/11\\\/rusya-ukraynada-6-yerlesim-birimini-ele-gecirdik\\\/#article\",\"isPartOf\":{\"@id\":\"https:\\\/\\\/kuzeyinsesi.org\\\/index.php\\\/2024\\\/05\\\/11\\\/rusya-ukraynada-6-yerlesim-birimini-ele-gecirdik\\\/\"},\"author\":{\"name\":\"Kuzeyin Sesi\",\"@id\":\"https:\\\/\\\/kuzeyinsesi.org\\\/#\\\/schema\\\/person\\\/9f859689cdf01485597712386e37f5aa\"},\"headline\":\"Rusya: Ukrayna&#039;da 6 yerle\u015fim birimini ele ge\u00e7irdik\",\"datePublished\":\"2024-05-11T12:54:53+00:00\",\"mainEntityOfPage\":{\"@id\":\"https:\\\/\\\/kuzeyinsesi.org\\\/index.php\\\/2024\\\/05\\\/11\\\/rusya-ukraynada-6-yerlesim-birimini-ele-gecirdik\\\/\"},\"wordCount\":185,\"commentCount\":0,\"image\":{\"@id\":\"https:\\\/\\\/kuzeyinsesi.org\\\/index.php\\\/2024\\\/05\\\/11\\\/rusya-ukraynada-6-yerlesim-birimini-ele-gecirdik\\\/#primaryimage\"},\"thumbnailUrl\":\"https:\\\/\\\/kuzeyinsesi.org\\\/wp-content\\\/uploads\\\/2024\\\/05\\\/rusya-asker-1482746.jpg\",\"articleSection\":[\"D\u00fcnya\"],\"inLanguage\":\"tr\",\"potentialAction\":[{\"@type\":\"CommentAction\",\"name\":\"Comment\",\"target\":[\"https:\\\/\\\/kuzeyinsesi.org\\\/index.php\\\/2024\\\/05\\\/11\\\/rusya-ukraynada-6-yerlesim-birimini-ele-gecirdik\\\/#respond\"]}]},{\"@type\":\"WebPage\",\"@id\":\"https:\\\/\\\/kuzeyinsesi.org\\\/index.php\\\/2024\\\/05\\\/11\\\/rusya-ukraynada-6-yerlesim-birimini-ele-gecirdik\\\/\",\"url\":\"https:\\\/\\\/kuzeyinsesi.org\\\/index.php\\\/2024\\\/05\\\/11\\\/rusya-ukraynada-6-yerlesim-birimini-ele-gecirdik\\\/\",\"name\":\"Rusya: Ukrayna&#039;da 6 yerle\u015fim birimini ele ge\u00e7irdik - Kuzeyin Sesi\",\"isPartOf\":{\"@id\":\"https:\\\/\\\/kuzeyinsesi.org\\\/#website\"},\"primaryImageOfPage\":{\"@id\":\"https:\\\/\\\/kuzeyinsesi.org\\\/index.php\\\/2024\\\/05\\\/11\\\/rusya-ukraynada-6-yerlesim-birimini-ele-gecirdik\\\/#primaryimage\"},\"image\":{\"@id\":\"https:\\\/\\\/kuzeyinsesi.org\\\/index.php\\\/2024\\\/05\\\/11\\\/rusya-ukraynada-6-yerlesim-birimini-ele-gecirdik\\\/#primaryimage\"},\"thumbnailUrl\":\"https:\\\/\\\/kuzeyinsesi.org\\\/wp-content\\\/uploads\\\/2024\\\/05\\\/rusya-asker-1482746.jpg\",\"datePublished\":\"2024-05-11T12:54:53+00:00\",\"author\":{\"@id\":\"https:\\\/\\\/kuzeyinsesi.org\\\/#\\\/schema\\\/person\\\/9f859689cdf01485597712386e37f5aa\"},\"breadcrumb\":{\"@id\":\"https:\\\/\\\/kuzeyinsesi.org\\\/index.php\\\/2024\\\/05\\\/11\\\/rusya-ukraynada-6-yerlesim-birimini-ele-gecirdik\\\/#breadcrumb\"},\"inLanguage\":\"tr\",\"potentialAction\":[{\"@type\":\"ReadAction\",\"target\":[\"https:\\\/\\\/kuzeyinsesi.org\\\/index.php\\\/2024\\\/05\\\/11\\\/rusya-ukraynada-6-yerlesim-birimini-ele-gecirdik\\\/\"]}]},{\"@type\":\"ImageObject\",\"inLanguage\":\"tr\",\"@id\":\"https:\\\/\\\/kuzeyinsesi.org\\\/index.php\\\/2024\\\/05\\\/11\\\/rusya-ukraynada-6-yerlesim-birimini-ele-gecirdik\\\/#primaryimage\",\"url\":\"https:\\\/\\\/kuzeyinsesi.org\\\/wp-content\\\/uploads\\\/2024\\\/05\\\/rusya-asker-1482746.jpg\",\"contentUrl\":\"https:\\\/\\\/kuzeyinsesi.org\\\/wp-content\\\/uploads\\\/2024\\\/05\\\/rusya-asker-1482746.jpg\",\"width\":1280,\"height\":720},{\"@type\":\"BreadcrumbList\",\"@id\":\"https:\\\/\\\/kuzeyinsesi.org\\\/index.php\\\/2024\\\/05\\\/11\\\/rusya-ukraynada-6-yerlesim-birimini-ele-gecirdik\\\/#breadcrumb\",\"itemListElement\":[{\"@type\":\"ListItem\",\"position\":1,\"name\":\"Anasayfa\",\"item\":\"https:\\\/\\\/kuzeyinsesi.org\\\/\"},{\"@type\":\"ListItem\",\"position\":2,\"name\":\"Rusya: Ukrayna&#039;da 6 yerle\u015fim birimini ele ge\u00e7irdik\"}]},{\"@type\":\"WebSite\",\"@id\":\"https:\\\/\\\/kuzeyinsesi.org\\\/#website\",\"url\":\"https:\\\/\\\/kuzeyinsesi.org\\\/\",\"name\":\"Kuzeyin Sesi\",\"description\":\"Do\u011fru Haberin Adresi\",\"potentialAction\":[{\"@type\":\"SearchAction\",\"target\":{\"@type\":\"EntryPoint\",\"urlTemplate\":\"https:\\\/\\\/kuzeyinsesi.org\\\/?s={search_term_string}\"},\"query-input\":{\"@type\":\"PropertyValueSpecification\",\"valueRequired\":true,\"valueName\":\"search_term_string\"}}],\"inLanguage\":\"tr\"},{\"@type\":\"Person\",\"@id\":\"https:\\\/\\\/kuzeyinsesi.org\\\/#\\\/schema\\\/person\\\/9f859689cdf01485597712386e37f5aa\",\"name\":\"Kuzeyin Sesi\",\"image\":{\"@type\":\"ImageObject\",\"inLanguage\":\"tr\",\"@id\":\"https:\\\/\\\/secure.gravatar.com\\\/avatar\\\/bab33852abfd8b282518d6ed81826833d77c3c882d9ab608add591ccace47a44?s=96&d=mm&r=g\",\"url\":\"https:\\\/\\\/secure.gravatar.com\\\/avatar\\\/bab33852abfd8b282518d6ed81826833d77c3c882d9ab608add591ccace47a44?s=96&d=mm&r=g\",\"contentUrl\":\"https:\\\/\\\/secure.gravatar.com\\\/avatar\\\/bab33852abfd8b282518d6ed81826833d77c3c882d9ab608add591ccace47a44?s=96&d=mm&r=g\",\"caption\":\"Kuzeyin Sesi\"},\"sameAs\":[\"https:\\\/\\\/kuzeyinsesi.org\"],\"url\":\"https:\\\/\\\/kuzeyinsesi.org\\\/index.php\\\/author\\\/guven\\\/\"}]}<\/script>\n<!-- \/ Yoast SEO plugin. -->","yoast_head_json":{"title":"Rusya: Ukrayna&#039;da 6 yerle\u015fim birimini ele ge\u00e7irdik - Kuzeyin Sesi","robots":{"index":"index","follow":"follow","max-snippet":"max-snippet:-1","max-image-preview":"max-image-preview:large","max-video-preview":"max-video-preview:-1"},"canonical":"https:\/\/kuzeyinsesi.org\/index.php\/2024\/05\/11\/rusya-ukraynada-6-yerlesim-birimini-ele-gecirdik\/","og_locale":"tr_TR","og_type":"article","og_title":"Rusya: Ukrayna&#039;da 6 yerle\u015fim birimini ele ge\u00e7irdik - Kuzeyin Sesi","og_description":"&#13; Rusya Savunma Bakanl\u0131\u011f\u0131&#8217;ndan yap\u0131lan a\u00e7\u0131klamada, Rus askeri g\u00fc\u00e7lerinin, Rusya-Ukrayna Sava\u015f\u0131&#8217;ndaki faaliyetleri hakk\u0131nda bilgi verildi. &#13; Rus ordusunun, Ukrayna&#8217;da \u00e7at\u0131\u015fmaya devam etti\u011fi belirtilen a\u00e7\u0131klamada, \u015funlar kaydedildi: &#13; &#8220;Kuzey Kuvvetleri Grubu&#8217;na ba\u011fl\u0131 birlikler, sald\u0131r\u0131lar sonucunda Harkiv b\u00f6lgesinde Borisovka (Borisivka), Ogurtsovo (Ogirtseve), Pletenevka (Pletenivka), P\u0131lnaya (Pilne) ve Strele\u00e7ya (Strile\u00e7a) yerle\u015fim birimlerini, Merkez Kuvvetleri Grubu&#8217;na ba\u011fl\u0131 birlikler de [&hellip;]","og_url":"https:\/\/kuzeyinsesi.org\/index.php\/2024\/05\/11\/rusya-ukraynada-6-yerlesim-birimini-ele-gecirdik\/","og_site_name":"Kuzeyin Sesi","article_publisher":"https:\/\/www.facebook.com\/kuzeyinsesii","article_published_time":"2024-05-11T12:54:53+00:00","og_image":[{"width":1280,"height":720,"url":"https:\/\/kuzeyinsesi.org\/wp-content\/uploads\/2024\/05\/rusya-asker-1482746.jpg","type":"image\/jpeg"}],"author":"Kuzeyin Sesi","twitter_card":"summary_large_image","twitter_creator":"@kuzeyinsesii","twitter_site":"@kuzeyinsesii","twitter_misc":{"Yazan:":"Kuzeyin Sesi","Tahmini okuma s\u00fcresi":"1 dakika"},"schema":{"@context":"https:\/\/schema.org","@graph":[{"@type":"Article","@id":"https:\/\/kuzeyinsesi.org\/index.php\/2024\/05\/11\/rusya-ukraynada-6-yerlesim-birimini-ele-gecirdik\/#article","isPartOf":{"@id":"https:\/\/kuzeyinsesi.org\/index.php\/2024\/05\/11\/rusya-ukraynada-6-yerlesim-birimini-ele-gecirdik\/"},"author":{"name":"Kuzeyin Sesi","@id":"https:\/\/kuzeyinsesi.org\/#\/schema\/person\/9f859689cdf01485597712386e37f5aa"},"headline":"Rusya: Ukrayna&#039;da 6 yerle\u015fim birimini ele ge\u00e7irdik","datePublished":"2024-05-11T12:54:53+00:00","mainEntityOfPage":{"@id":"https:\/\/kuzeyinsesi.org\/index.php\/2024\/05\/11\/rusya-ukraynada-6-yerlesim-birimini-ele-gecirdik\/"},"wordCount":185,"commentCount":0,"image":{"@id":"https:\/\/kuzeyinsesi.org\/index.php\/2024\/05\/11\/rusya-ukraynada-6-yerlesim-birimini-ele-gecirdik\/#primaryimage"},"thumbnailUrl":"https:\/\/kuzeyinsesi.org\/wp-content\/uploads\/2024\/05\/rusya-asker-1482746.jpg","articleSection":["D\u00fcnya"],"inLanguage":"tr","potentialAction":[{"@type":"CommentAction","name":"Comment","target":["https:\/\/kuzeyinsesi.org\/index.php\/2024\/05\/11\/rusya-ukraynada-6-yerlesim-birimini-ele-gecirdik\/#respond"]}]},{"@type":"WebPage","@id":"https:\/\/kuzeyinsesi.org\/index.php\/2024\/05\/11\/rusya-ukraynada-6-yerlesim-birimini-ele-gecirdik\/","url":"https:\/\/kuzeyinsesi.org\/index.php\/2024\/05\/11\/rusya-ukraynada-6-yerlesim-birimini-ele-gecirdik\/","name":"Rusya: Ukrayna&#039;da 6 yerle\u015fim birimini ele ge\u00e7irdik - Kuzeyin Sesi","isPartOf":{"@id":"https:\/\/kuzeyinsesi.org\/#website"},"primaryImageOfPage":{"@id":"https:\/\/kuzeyinsesi.org\/index.php\/2024\/05\/11\/rusya-ukraynada-6-yerlesim-birimini-ele-gecirdik\/#primaryimage"},"image":{"@id":"https:\/\/kuzeyinsesi.org\/index.php\/2024\/05\/11\/rusya-ukraynada-6-yerlesim-birimini-ele-gecirdik\/#primaryimage"},"thumbnailUrl":"https:\/\/kuzeyinsesi.org\/wp-content\/uploads\/2024\/05\/rusya-asker-1482746.jpg","datePublished":"2024-05-11T12:54:53+00:00","author":{"@id":"https:\/\/kuzeyinsesi.org\/#\/schema\/person\/9f859689cdf01485597712386e37f5aa"},"breadcrumb":{"@id":"https:\/\/kuzeyinsesi.org\/index.php\/2024\/05\/11\/rusya-ukraynada-6-yerlesim-birimini-ele-gecirdik\/#breadcrumb"},"inLanguage":"tr","potentialAction":[{"@type":"ReadAction","target":["https:\/\/kuzeyinsesi.org\/index.php\/2024\/05\/11\/rusya-ukraynada-6-yerlesim-birimini-ele-gecirdik\/"]}]},{"@type":"ImageObject","inLanguage":"tr","@id":"https:\/\/kuzeyinsesi.org\/index.php\/2024\/05\/11\/rusya-ukraynada-6-yerlesim-birimini-ele-gecirdik\/#primaryimage","url":"https:\/\/kuzeyinsesi.org\/wp-content\/uploads\/2024\/05\/rusya-asker-1482746.jpg","contentUrl":"https:\/\/kuzeyinsesi.org\/wp-content\/uploads\/2024\/05\/rusya-asker-1482746.jpg","width":1280,"height":720},{"@type":"BreadcrumbList","@id":"https:\/\/kuzeyinsesi.org\/index.php\/2024\/05\/11\/rusya-ukraynada-6-yerlesim-birimini-ele-gecirdik\/#breadcrumb","itemListElement":[{"@type":"ListItem","position":1,"name":"Anasayfa","item":"https:\/\/kuzeyinsesi.org\/"},{"@type":"ListItem","position":2,"name":"Rusya: Ukrayna&#039;da 6 yerle\u015fim birimini ele ge\u00e7irdik"}]},{"@type":"WebSite","@id":"https:\/\/kuzeyinsesi.org\/#website","url":"https:\/\/kuzeyinsesi.org\/","name":"Kuzeyin Sesi","description":"Do\u011fru Haberin Adresi","potentialAction":[{"@type":"SearchAction","target":{"@type":"EntryPoint","urlTemplate":"https:\/\/kuzeyinsesi.org\/?s={search_term_string}"},"query-input":{"@type":"PropertyValueSpecification","valueRequired":true,"valueName":"search_term_string"}}],"inLanguage":"tr"},{"@type":"Person","@id":"https:\/\/kuzeyinsesi.org\/#\/schema\/person\/9f859689cdf01485597712386e37f5aa","name":"Kuzeyin Sesi","image":{"@type":"ImageObject","inLanguage":"tr","@id":"https:\/\/secure.gravatar.com\/avatar\/bab33852abfd8b282518d6ed81826833d77c3c882d9ab608add591ccace47a44?s=96&d=mm&r=g","url":"https:\/\/secure.gravatar.com\/avatar\/bab33852abfd8b282518d6ed81826833d77c3c882d9ab608add591ccace47a44?s=96&d=mm&r=g","contentUrl":"https:\/\/secure.gravatar.com\/avatar\/bab33852abfd8b282518d6ed81826833d77c3c882d9ab608add591ccace47a44?s=96&d=mm&r=g","caption":"Kuzeyin Sesi"},"sameAs":["https:\/\/kuzeyinsesi.org"],"url":"https:\/\/kuzeyinsesi.org\/index.php\/author\/guven\/"}]}},"_links":{"self":[{"href":"https:\/\/kuzeyinsesi.org\/index.php\/wp-json\/wp\/v2\/posts\/2092","targetHints":{"allow":["GET"]}}],"collection":[{"href":"https:\/\/kuzeyinsesi.org\/index.php\/wp-json\/wp\/v2\/posts"}],"about":[{"href":"https:\/\/kuzeyinsesi.org\/index.php\/wp-json\/wp\/v2\/types\/post"}],"author":[{"embeddable":true,"href":"https:\/\/kuzeyinsesi.org\/index.php\/wp-json\/wp\/v2\/users\/1"}],"replies":[{"embeddable":true,"href":"https:\/\/kuzeyinsesi.org\/index.php\/wp-json\/wp\/v2\/comments?post=2092"}],"version-history":[{"count":0,"href":"https:\/\/kuzeyinsesi.org\/index.php\/wp-json\/wp\/v2\/posts\/2092\/revisions"}],"wp:featuredmedia":[{"embeddable":true,"href":"https:\/\/kuzeyinsesi.org\/index.php\/wp-json\/wp\/v2\/media\/2093"}],"wp:attachment":[{"href":"https:\/\/kuzeyinsesi.org\/index.php\/wp-json\/wp\/v2\/media?parent=2092"}],"wp:term":[{"taxonomy":"category","embeddable":true,"href":"https:\/\/kuzeyinsesi.org\/index.php\/wp-json\/wp\/v2\/categories?post=2092"},{"taxonomy":"post_tag","embeddable":true,"href":"https:\/\/kuzeyinsesi.org\/index.php\/wp-json\/wp\/v2\/tags?post=2092"}],"curies":[{"name":"wp","href":"https:\/\/api.w.org\/{rel}","templated":true}]}}