{"id":20897,"date":"2025-03-14T12:10:11","date_gmt":"2025-03-14T10:10:11","guid":{"rendered":"https:\/\/kuzeyinsesi.org\/index.php\/2025\/03\/14\/latif-bey-adli-tiyatro-oyunu-bu-aksam-promiyer-yapacak\/"},"modified":"2025-03-14T12:10:11","modified_gmt":"2025-03-14T10:10:11","slug":"latif-bey-adli-tiyatro-oyunu-bu-aksam-promiyer-yapacak","status":"publish","type":"post","link":"https:\/\/kuzeyinsesi.org\/index.php\/2025\/03\/14\/latif-bey-adli-tiyatro-oyunu-bu-aksam-promiyer-yapacak\/","title":{"rendered":"\u201cLatif Bey\u201d adl\u0131 tiyatro oyunu, bu ak\u015fam pr\u00f6miyer yapacak"},"content":{"rendered":"<div>\n<div class=\"mariselle-image-container center\">\n                                            <\/div>\n<p>Gazima\u011fusa \u00d6zel E\u011fitim ve \u0130\u015f E\u011fitim Okulu\u2019nun haz\u0131rlad\u0131\u011f\u0131 \u201cLatif Bey\u201d adl\u0131 tiyatro oyunu, bu ak\u015fam pr\u00f6miyer yapacak.<\/p>\n<p>Verilen bilgiye g\u00f6re, \u00f6zel gereksinimli bireylerin oynad\u0131\u011f\u0131 oyun, saat 20.00\u2019de Gazima\u011fusa DA\u00dc Aktivite Merkezi\u2019nde sahnelenecek.<\/p>\n<p>Halka a\u00e7\u0131k ve \u00fccretsiz sunulacak oyun, tek perde ve polisiye bir hikayeyi konu al\u0131yor.<\/p>\n<\/p><\/div>\n<p><script async\n                    defer\n                    crossorigin=\"anonymous\"\n                    src=\"https:\/\/connect.facebook.net\/tr_TR\/sdk.js#xfbml=1&#038;version=v3.3\"\n            ><\/script><\/p>\n","protected":false},"excerpt":{"rendered":"<p>Gazima\u011fusa \u00d6zel E\u011fitim ve \u0130\u015f E\u011fitim Okulu\u2019nun haz\u0131rlad\u0131\u011f\u0131 \u201cLatif Bey\u201d adl\u0131 tiyatro oyunu, bu ak\u015fam pr\u00f6miyer yapacak. Verilen bilgiye g\u00f6re, \u00f6zel gereksinimli bireylerin oynad\u0131\u011f\u0131 oyun, saat 20.00\u2019de Gazima\u011fusa DA\u00dc Aktivite Merkezi\u2019nde sahnelenecek. Halka a\u00e7\u0131k ve \u00fccretsiz sunulacak oyun, tek perde ve polisiye bir hikayeyi konu al\u0131yor.<\/p>\n","protected":false},"author":1,"featured_media":20898,"comment_status":"open","ping_status":"open","sticky":false,"template":"","format":"standard","meta":{"jnews-multi-image_gallery":[],"jnews_single_post":[],"jnews_primary_category":[],"jnews_social_meta":[],"jnews_override_counter":[],"footnotes":""},"categories":[6],"tags":[],"class_list":["post-20897","post","type-post","status-publish","format-standard","has-post-thumbnail","hentry","category-yasam"],"yoast_head":"<!-- This site is optimized with the Yoast SEO plugin v27.4 - https:\/\/yoast.com\/product\/yoast-seo-wordpress\/ -->\n<title>\u201cLatif Bey\u201d adl\u0131 tiyatro oyunu, bu ak\u015fam pr\u00f6miyer yapacak - Kuzeyin Sesi<\/title>\n<meta name=\"robots\" content=\"index, follow, max-snippet:-1, max-image-preview:large, max-video-preview:-1\" \/>\n<link rel=\"canonical\" href=\"https:\/\/kuzeyinsesi.org\/index.php\/2025\/03\/14\/latif-bey-adli-tiyatro-oyunu-bu-aksam-promiyer-yapacak\/\" \/>\n<meta property=\"og:locale\" content=\"tr_TR\" \/>\n<meta property=\"og:type\" content=\"article\" \/>\n<meta property=\"og:title\" content=\"\u201cLatif Bey\u201d adl\u0131 tiyatro oyunu, bu ak\u015fam pr\u00f6miyer yapacak - Kuzeyin Sesi\" \/>\n<meta property=\"og:description\" content=\"Gazima\u011fusa \u00d6zel E\u011fitim ve \u0130\u015f E\u011fitim Okulu\u2019nun haz\u0131rlad\u0131\u011f\u0131 \u201cLatif Bey\u201d adl\u0131 tiyatro oyunu, bu ak\u015fam pr\u00f6miyer yapacak. Verilen bilgiye g\u00f6re, \u00f6zel gereksinimli bireylerin oynad\u0131\u011f\u0131 oyun, saat 20.00\u2019de Gazima\u011fusa DA\u00dc Aktivite Merkezi\u2019nde sahnelenecek. Halka a\u00e7\u0131k ve \u00fccretsiz sunulacak oyun, tek perde ve polisiye bir hikayeyi konu al\u0131yor.\" \/>\n<meta property=\"og:url\" content=\"https:\/\/kuzeyinsesi.org\/index.php\/2025\/03\/14\/latif-bey-adli-tiyatro-oyunu-bu-aksam-promiyer-yapacak\/\" \/>\n<meta property=\"og:site_name\" content=\"Kuzeyin Sesi\" \/>\n<meta property=\"article:publisher\" content=\"https:\/\/www.facebook.com\/kuzeyinsesii\" \/>\n<meta property=\"article:published_time\" content=\"2025-03-14T10:10:11+00:00\" \/>\n<meta property=\"og:image\" content=\"https:\/\/brtk.net\/wp-content\/uploads\/2025\/03\/14\/latif-bey.jpg?ver=e017c205c6b80ce05308fbdf564f4fc3\" \/>\n<meta name=\"author\" content=\"Kuzeyin Sesi\" \/>\n<meta name=\"twitter:card\" content=\"summary_large_image\" \/>\n<meta name=\"twitter:creator\" content=\"@kuzeyinsesii\" \/>\n<meta name=\"twitter:site\" content=\"@kuzeyinsesii\" \/>\n<meta name=\"twitter:label1\" content=\"Yazan:\" \/>\n\t<meta name=\"twitter:data1\" content=\"Kuzeyin Sesi\" \/>\n<script type=\"application\/ld+json\" class=\"yoast-schema-graph\">{\"@context\":\"https:\\\/\\\/schema.org\",\"@graph\":[{\"@type\":\"Article\",\"@id\":\"https:\\\/\\\/kuzeyinsesi.org\\\/index.php\\\/2025\\\/03\\\/14\\\/latif-bey-adli-tiyatro-oyunu-bu-aksam-promiyer-yapacak\\\/#article\",\"isPartOf\":{\"@id\":\"https:\\\/\\\/kuzeyinsesi.org\\\/index.php\\\/2025\\\/03\\\/14\\\/latif-bey-adli-tiyatro-oyunu-bu-aksam-promiyer-yapacak\\\/\"},\"author\":{\"name\":\"Kuzeyin Sesi\",\"@id\":\"https:\\\/\\\/kuzeyinsesi.org\\\/#\\\/schema\\\/person\\\/9f859689cdf01485597712386e37f5aa\"},\"headline\":\"\u201cLatif Bey\u201d adl\u0131 tiyatro oyunu, bu ak\u015fam pr\u00f6miyer yapacak\",\"datePublished\":\"2025-03-14T10:10:11+00:00\",\"mainEntityOfPage\":{\"@id\":\"https:\\\/\\\/kuzeyinsesi.org\\\/index.php\\\/2025\\\/03\\\/14\\\/latif-bey-adli-tiyatro-oyunu-bu-aksam-promiyer-yapacak\\\/\"},\"wordCount\":68,\"commentCount\":0,\"image\":{\"@id\":\"https:\\\/\\\/kuzeyinsesi.org\\\/index.php\\\/2025\\\/03\\\/14\\\/latif-bey-adli-tiyatro-oyunu-bu-aksam-promiyer-yapacak\\\/#primaryimage\"},\"thumbnailUrl\":\"https:\\\/\\\/kuzeyinsesi.org\\\/wp-content\\\/uploads\\\/2025\\\/03\\\/latif-bey.jpg\",\"articleSection\":[\"Ya\u015fam\"],\"inLanguage\":\"tr\",\"potentialAction\":[{\"@type\":\"CommentAction\",\"name\":\"Comment\",\"target\":[\"https:\\\/\\\/kuzeyinsesi.org\\\/index.php\\\/2025\\\/03\\\/14\\\/latif-bey-adli-tiyatro-oyunu-bu-aksam-promiyer-yapacak\\\/#respond\"]}]},{\"@type\":\"WebPage\",\"@id\":\"https:\\\/\\\/kuzeyinsesi.org\\\/index.php\\\/2025\\\/03\\\/14\\\/latif-bey-adli-tiyatro-oyunu-bu-aksam-promiyer-yapacak\\\/\",\"url\":\"https:\\\/\\\/kuzeyinsesi.org\\\/index.php\\\/2025\\\/03\\\/14\\\/latif-bey-adli-tiyatro-oyunu-bu-aksam-promiyer-yapacak\\\/\",\"name\":\"\u201cLatif Bey\u201d adl\u0131 tiyatro oyunu, bu ak\u015fam pr\u00f6miyer yapacak - Kuzeyin Sesi\",\"isPartOf\":{\"@id\":\"https:\\\/\\\/kuzeyinsesi.org\\\/#website\"},\"primaryImageOfPage\":{\"@id\":\"https:\\\/\\\/kuzeyinsesi.org\\\/index.php\\\/2025\\\/03\\\/14\\\/latif-bey-adli-tiyatro-oyunu-bu-aksam-promiyer-yapacak\\\/#primaryimage\"},\"image\":{\"@id\":\"https:\\\/\\\/kuzeyinsesi.org\\\/index.php\\\/2025\\\/03\\\/14\\\/latif-bey-adli-tiyatro-oyunu-bu-aksam-promiyer-yapacak\\\/#primaryimage\"},\"thumbnailUrl\":\"https:\\\/\\\/kuzeyinsesi.org\\\/wp-content\\\/uploads\\\/2025\\\/03\\\/latif-bey.jpg\",\"datePublished\":\"2025-03-14T10:10:11+00:00\",\"author\":{\"@id\":\"https:\\\/\\\/kuzeyinsesi.org\\\/#\\\/schema\\\/person\\\/9f859689cdf01485597712386e37f5aa\"},\"breadcrumb\":{\"@id\":\"https:\\\/\\\/kuzeyinsesi.org\\\/index.php\\\/2025\\\/03\\\/14\\\/latif-bey-adli-tiyatro-oyunu-bu-aksam-promiyer-yapacak\\\/#breadcrumb\"},\"inLanguage\":\"tr\",\"potentialAction\":[{\"@type\":\"ReadAction\",\"target\":[\"https:\\\/\\\/kuzeyinsesi.org\\\/index.php\\\/2025\\\/03\\\/14\\\/latif-bey-adli-tiyatro-oyunu-bu-aksam-promiyer-yapacak\\\/\"]}]},{\"@type\":\"ImageObject\",\"inLanguage\":\"tr\",\"@id\":\"https:\\\/\\\/kuzeyinsesi.org\\\/index.php\\\/2025\\\/03\\\/14\\\/latif-bey-adli-tiyatro-oyunu-bu-aksam-promiyer-yapacak\\\/#primaryimage\",\"url\":\"https:\\\/\\\/kuzeyinsesi.org\\\/wp-content\\\/uploads\\\/2025\\\/03\\\/latif-bey.jpg\",\"contentUrl\":\"https:\\\/\\\/kuzeyinsesi.org\\\/wp-content\\\/uploads\\\/2025\\\/03\\\/latif-bey.jpg\",\"width\":1080,\"height\":1623},{\"@type\":\"BreadcrumbList\",\"@id\":\"https:\\\/\\\/kuzeyinsesi.org\\\/index.php\\\/2025\\\/03\\\/14\\\/latif-bey-adli-tiyatro-oyunu-bu-aksam-promiyer-yapacak\\\/#breadcrumb\",\"itemListElement\":[{\"@type\":\"ListItem\",\"position\":1,\"name\":\"Anasayfa\",\"item\":\"https:\\\/\\\/kuzeyinsesi.org\\\/\"},{\"@type\":\"ListItem\",\"position\":2,\"name\":\"\u201cLatif Bey\u201d adl\u0131 tiyatro oyunu, bu ak\u015fam pr\u00f6miyer yapacak\"}]},{\"@type\":\"WebSite\",\"@id\":\"https:\\\/\\\/kuzeyinsesi.org\\\/#website\",\"url\":\"https:\\\/\\\/kuzeyinsesi.org\\\/\",\"name\":\"Kuzeyin Sesi\",\"description\":\"Do\u011fru Haberin Adresi\",\"potentialAction\":[{\"@type\":\"SearchAction\",\"target\":{\"@type\":\"EntryPoint\",\"urlTemplate\":\"https:\\\/\\\/kuzeyinsesi.org\\\/?s={search_term_string}\"},\"query-input\":{\"@type\":\"PropertyValueSpecification\",\"valueRequired\":true,\"valueName\":\"search_term_string\"}}],\"inLanguage\":\"tr\"},{\"@type\":\"Person\",\"@id\":\"https:\\\/\\\/kuzeyinsesi.org\\\/#\\\/schema\\\/person\\\/9f859689cdf01485597712386e37f5aa\",\"name\":\"Kuzeyin Sesi\",\"image\":{\"@type\":\"ImageObject\",\"inLanguage\":\"tr\",\"@id\":\"https:\\\/\\\/secure.gravatar.com\\\/avatar\\\/bab33852abfd8b282518d6ed81826833d77c3c882d9ab608add591ccace47a44?s=96&d=mm&r=g\",\"url\":\"https:\\\/\\\/secure.gravatar.com\\\/avatar\\\/bab33852abfd8b282518d6ed81826833d77c3c882d9ab608add591ccace47a44?s=96&d=mm&r=g\",\"contentUrl\":\"https:\\\/\\\/secure.gravatar.com\\\/avatar\\\/bab33852abfd8b282518d6ed81826833d77c3c882d9ab608add591ccace47a44?s=96&d=mm&r=g\",\"caption\":\"Kuzeyin Sesi\"},\"sameAs\":[\"https:\\\/\\\/kuzeyinsesi.org\"],\"url\":\"https:\\\/\\\/kuzeyinsesi.org\\\/index.php\\\/author\\\/guven\\\/\"}]}<\/script>\n<!-- \/ Yoast SEO plugin. -->","yoast_head_json":{"title":"\u201cLatif Bey\u201d adl\u0131 tiyatro oyunu, bu ak\u015fam pr\u00f6miyer yapacak - Kuzeyin Sesi","robots":{"index":"index","follow":"follow","max-snippet":"max-snippet:-1","max-image-preview":"max-image-preview:large","max-video-preview":"max-video-preview:-1"},"canonical":"https:\/\/kuzeyinsesi.org\/index.php\/2025\/03\/14\/latif-bey-adli-tiyatro-oyunu-bu-aksam-promiyer-yapacak\/","og_locale":"tr_TR","og_type":"article","og_title":"\u201cLatif Bey\u201d adl\u0131 tiyatro oyunu, bu ak\u015fam pr\u00f6miyer yapacak - Kuzeyin Sesi","og_description":"Gazima\u011fusa \u00d6zel E\u011fitim ve \u0130\u015f E\u011fitim Okulu\u2019nun haz\u0131rlad\u0131\u011f\u0131 \u201cLatif Bey\u201d adl\u0131 tiyatro oyunu, bu ak\u015fam pr\u00f6miyer yapacak. Verilen bilgiye g\u00f6re, \u00f6zel gereksinimli bireylerin oynad\u0131\u011f\u0131 oyun, saat 20.00\u2019de Gazima\u011fusa DA\u00dc Aktivite Merkezi\u2019nde sahnelenecek. Halka a\u00e7\u0131k ve \u00fccretsiz sunulacak oyun, tek perde ve polisiye bir hikayeyi konu al\u0131yor.","og_url":"https:\/\/kuzeyinsesi.org\/index.php\/2025\/03\/14\/latif-bey-adli-tiyatro-oyunu-bu-aksam-promiyer-yapacak\/","og_site_name":"Kuzeyin Sesi","article_publisher":"https:\/\/www.facebook.com\/kuzeyinsesii","article_published_time":"2025-03-14T10:10:11+00:00","og_image":[{"url":"https:\/\/brtk.net\/wp-content\/uploads\/2025\/03\/14\/latif-bey.jpg?ver=e017c205c6b80ce05308fbdf564f4fc3","type":"","width":"","height":""}],"author":"Kuzeyin Sesi","twitter_card":"summary_large_image","twitter_creator":"@kuzeyinsesii","twitter_site":"@kuzeyinsesii","twitter_misc":{"Yazan:":"Kuzeyin Sesi"},"schema":{"@context":"https:\/\/schema.org","@graph":[{"@type":"Article","@id":"https:\/\/kuzeyinsesi.org\/index.php\/2025\/03\/14\/latif-bey-adli-tiyatro-oyunu-bu-aksam-promiyer-yapacak\/#article","isPartOf":{"@id":"https:\/\/kuzeyinsesi.org\/index.php\/2025\/03\/14\/latif-bey-adli-tiyatro-oyunu-bu-aksam-promiyer-yapacak\/"},"author":{"name":"Kuzeyin Sesi","@id":"https:\/\/kuzeyinsesi.org\/#\/schema\/person\/9f859689cdf01485597712386e37f5aa"},"headline":"\u201cLatif Bey\u201d adl\u0131 tiyatro oyunu, bu ak\u015fam pr\u00f6miyer yapacak","datePublished":"2025-03-14T10:10:11+00:00","mainEntityOfPage":{"@id":"https:\/\/kuzeyinsesi.org\/index.php\/2025\/03\/14\/latif-bey-adli-tiyatro-oyunu-bu-aksam-promiyer-yapacak\/"},"wordCount":68,"commentCount":0,"image":{"@id":"https:\/\/kuzeyinsesi.org\/index.php\/2025\/03\/14\/latif-bey-adli-tiyatro-oyunu-bu-aksam-promiyer-yapacak\/#primaryimage"},"thumbnailUrl":"https:\/\/kuzeyinsesi.org\/wp-content\/uploads\/2025\/03\/latif-bey.jpg","articleSection":["Ya\u015fam"],"inLanguage":"tr","potentialAction":[{"@type":"CommentAction","name":"Comment","target":["https:\/\/kuzeyinsesi.org\/index.php\/2025\/03\/14\/latif-bey-adli-tiyatro-oyunu-bu-aksam-promiyer-yapacak\/#respond"]}]},{"@type":"WebPage","@id":"https:\/\/kuzeyinsesi.org\/index.php\/2025\/03\/14\/latif-bey-adli-tiyatro-oyunu-bu-aksam-promiyer-yapacak\/","url":"https:\/\/kuzeyinsesi.org\/index.php\/2025\/03\/14\/latif-bey-adli-tiyatro-oyunu-bu-aksam-promiyer-yapacak\/","name":"\u201cLatif Bey\u201d adl\u0131 tiyatro oyunu, bu ak\u015fam pr\u00f6miyer yapacak - Kuzeyin Sesi","isPartOf":{"@id":"https:\/\/kuzeyinsesi.org\/#website"},"primaryImageOfPage":{"@id":"https:\/\/kuzeyinsesi.org\/index.php\/2025\/03\/14\/latif-bey-adli-tiyatro-oyunu-bu-aksam-promiyer-yapacak\/#primaryimage"},"image":{"@id":"https:\/\/kuzeyinsesi.org\/index.php\/2025\/03\/14\/latif-bey-adli-tiyatro-oyunu-bu-aksam-promiyer-yapacak\/#primaryimage"},"thumbnailUrl":"https:\/\/kuzeyinsesi.org\/wp-content\/uploads\/2025\/03\/latif-bey.jpg","datePublished":"2025-03-14T10:10:11+00:00","author":{"@id":"https:\/\/kuzeyinsesi.org\/#\/schema\/person\/9f859689cdf01485597712386e37f5aa"},"breadcrumb":{"@id":"https:\/\/kuzeyinsesi.org\/index.php\/2025\/03\/14\/latif-bey-adli-tiyatro-oyunu-bu-aksam-promiyer-yapacak\/#breadcrumb"},"inLanguage":"tr","potentialAction":[{"@type":"ReadAction","target":["https:\/\/kuzeyinsesi.org\/index.php\/2025\/03\/14\/latif-bey-adli-tiyatro-oyunu-bu-aksam-promiyer-yapacak\/"]}]},{"@type":"ImageObject","inLanguage":"tr","@id":"https:\/\/kuzeyinsesi.org\/index.php\/2025\/03\/14\/latif-bey-adli-tiyatro-oyunu-bu-aksam-promiyer-yapacak\/#primaryimage","url":"https:\/\/kuzeyinsesi.org\/wp-content\/uploads\/2025\/03\/latif-bey.jpg","contentUrl":"https:\/\/kuzeyinsesi.org\/wp-content\/uploads\/2025\/03\/latif-bey.jpg","width":1080,"height":1623},{"@type":"BreadcrumbList","@id":"https:\/\/kuzeyinsesi.org\/index.php\/2025\/03\/14\/latif-bey-adli-tiyatro-oyunu-bu-aksam-promiyer-yapacak\/#breadcrumb","itemListElement":[{"@type":"ListItem","position":1,"name":"Anasayfa","item":"https:\/\/kuzeyinsesi.org\/"},{"@type":"ListItem","position":2,"name":"\u201cLatif Bey\u201d adl\u0131 tiyatro oyunu, bu ak\u015fam pr\u00f6miyer yapacak"}]},{"@type":"WebSite","@id":"https:\/\/kuzeyinsesi.org\/#website","url":"https:\/\/kuzeyinsesi.org\/","name":"Kuzeyin Sesi","description":"Do\u011fru Haberin Adresi","potentialAction":[{"@type":"SearchAction","target":{"@type":"EntryPoint","urlTemplate":"https:\/\/kuzeyinsesi.org\/?s={search_term_string}"},"query-input":{"@type":"PropertyValueSpecification","valueRequired":true,"valueName":"search_term_string"}}],"inLanguage":"tr"},{"@type":"Person","@id":"https:\/\/kuzeyinsesi.org\/#\/schema\/person\/9f859689cdf01485597712386e37f5aa","name":"Kuzeyin Sesi","image":{"@type":"ImageObject","inLanguage":"tr","@id":"https:\/\/secure.gravatar.com\/avatar\/bab33852abfd8b282518d6ed81826833d77c3c882d9ab608add591ccace47a44?s=96&d=mm&r=g","url":"https:\/\/secure.gravatar.com\/avatar\/bab33852abfd8b282518d6ed81826833d77c3c882d9ab608add591ccace47a44?s=96&d=mm&r=g","contentUrl":"https:\/\/secure.gravatar.com\/avatar\/bab33852abfd8b282518d6ed81826833d77c3c882d9ab608add591ccace47a44?s=96&d=mm&r=g","caption":"Kuzeyin Sesi"},"sameAs":["https:\/\/kuzeyinsesi.org"],"url":"https:\/\/kuzeyinsesi.org\/index.php\/author\/guven\/"}]}},"_links":{"self":[{"href":"https:\/\/kuzeyinsesi.org\/index.php\/wp-json\/wp\/v2\/posts\/20897","targetHints":{"allow":["GET"]}}],"collection":[{"href":"https:\/\/kuzeyinsesi.org\/index.php\/wp-json\/wp\/v2\/posts"}],"about":[{"href":"https:\/\/kuzeyinsesi.org\/index.php\/wp-json\/wp\/v2\/types\/post"}],"author":[{"embeddable":true,"href":"https:\/\/kuzeyinsesi.org\/index.php\/wp-json\/wp\/v2\/users\/1"}],"replies":[{"embeddable":true,"href":"https:\/\/kuzeyinsesi.org\/index.php\/wp-json\/wp\/v2\/comments?post=20897"}],"version-history":[{"count":0,"href":"https:\/\/kuzeyinsesi.org\/index.php\/wp-json\/wp\/v2\/posts\/20897\/revisions"}],"wp:featuredmedia":[{"embeddable":true,"href":"https:\/\/kuzeyinsesi.org\/index.php\/wp-json\/wp\/v2\/media\/20898"}],"wp:attachment":[{"href":"https:\/\/kuzeyinsesi.org\/index.php\/wp-json\/wp\/v2\/media?parent=20897"}],"wp:term":[{"taxonomy":"category","embeddable":true,"href":"https:\/\/kuzeyinsesi.org\/index.php\/wp-json\/wp\/v2\/categories?post=20897"},{"taxonomy":"post_tag","embeddable":true,"href":"https:\/\/kuzeyinsesi.org\/index.php\/wp-json\/wp\/v2\/tags?post=20897"}],"curies":[{"name":"wp","href":"https:\/\/api.w.org\/{rel}","templated":true}]}}