{"id":20877,"date":"2025-03-13T18:27:00","date_gmt":"2025-03-13T16:27:00","guid":{"rendered":"https:\/\/kuzeyinsesi.org\/index.php\/2025\/03\/13\/cumhurbaskani-tatar-kibris-oykuleri-kitabinin-tanitimi-ve-sergisinin-acilisina-katildi\/"},"modified":"2025-03-13T18:27:00","modified_gmt":"2025-03-13T16:27:00","slug":"cumhurbaskani-tatar-kibris-oykuleri-kitabinin-tanitimi-ve-sergisinin-acilisina-katildi","status":"publish","type":"post","link":"https:\/\/kuzeyinsesi.org\/index.php\/2025\/03\/13\/cumhurbaskani-tatar-kibris-oykuleri-kitabinin-tanitimi-ve-sergisinin-acilisina-katildi\/","title":{"rendered":"Cumhurba\u015fkan\u0131 Tatar, K\u0131br\u0131s \u00d6yk\u00fcleri kitab\u0131n\u0131n tan\u0131t\u0131m\u0131 ve sergisinin a\u00e7\u0131l\u0131\u015f\u0131na kat\u0131ld\u0131"},"content":{"rendered":"<div>\n<div class=\"mariselle-image-container center\">\n                                            <\/div>\n<p>Cumhurba\u015fkan\u0131 Ersin Tatar, Milli E\u011fitim Bakanl\u0131\u011f\u0131 ile KKTC Telsim\u2019in i\u015f birli\u011finde d\u00fczenlenen Ortaokullar ve Liseleraras\u0131 K\u0131sa \u00d6yk\u00fc Yar\u0131\u015fmas\u0131\u2019nda ilk \u00fc\u00e7 y\u0131lda dereceye giren \u00f6yk\u00fclerin bir araya getirilerek yay\u0131mlanan \u201cK\u0131br\u0131s \u00d6yk\u00fcleri\u201d kitab\u0131n\u0131n tan\u0131t\u0131m\u0131 ve sergisinin a\u00e7\u0131l\u0131\u015f\u0131na kat\u0131ld\u0131.<\/p>\n<p>ARKHE Lefko\u015fa\u2019da ger\u00e7ekle\u015fen etkinlikte konu\u015fan Cumhurba\u015fkan\u0131 Ersin Tatar, Ortaokullar ve Liseleraras\u0131 K\u0131sa \u00d6yk\u00fc Yar\u0131\u015fmas\u0131\u2019ndaki \u00f6yk\u00fc ve resimlerden haz\u0131rlanan K\u0131br\u0131s \u00d6yk\u00fcleri kitab\u0131n\u0131n ortaya \u00e7\u0131kmas\u0131nda eme\u011fi ge\u00e7enleri kutlad\u0131.<\/p>\n<p>Yaz\u0131lan \u00f6yk\u00fclerde ve \u00e7izilen resimlerde yarat\u0131c\u0131l\u0131\u011f\u0131n bulundu\u011funu dile getiren Cumhurba\u015fkan\u0131 Tatar, gen\u00e7leri tebrik etti.<\/p>\n<p>K\u0131br\u0131s T\u00fcrk\u00fc\u2019n\u00fcn yazd\u0131klar\u0131, yaratt\u0131\u011f\u0131 eserler, k\u00fclt\u00fcr\u00fc ve sanat\u0131yla kendi de\u011ferleriyle varl\u0131\u011f\u0131n\u0131 s\u00fcrd\u00fcrd\u00fc\u011f\u00fcne i\u015faret eden Cumhurba\u015fkan\u0131 Tatar, gen\u00e7lerin yapt\u0131\u011f\u0131 \u00e7al\u0131\u015fmalar\u0131n gelecekte ilham kayna\u011f\u0131na olaca\u011f\u0131na dikkat \u00e7ekti.<\/p>\n<p>Ortaya \u00e7\u0131kan eserlerin dijital \u00e7a\u011fda d\u00fcnya ile payla\u015f\u0131ld\u0131\u011f\u0131n\u0131 aktaran Cumhurba\u015fkan\u0131 Tatar, ambargolar\u0131n bu \u015fekilde a\u015f\u0131ld\u0131\u011f\u0131n\u0131 ve K\u0131br\u0131s T\u00fcrk\u00fc\u2019n\u00fcn kendisini d\u00fcnyaya tan\u0131tt\u0131\u011f\u0131n\u0131 vurgulad\u0131.<\/p>\n<p>Cumhurba\u015fkan\u0131 Tatar, Ortaokullar ve Liseleraras\u0131 K\u0131sa \u00d6yk\u00fc Yar\u0131\u015fmas\u0131\u2019n\u0131n devam\u0131n\u0131 diledi.<\/p>\n<\/p><\/div>\n<p><script async\n                    defer\n                    crossorigin=\"anonymous\"\n                    src=\"https:\/\/connect.facebook.net\/tr_TR\/sdk.js#xfbml=1&#038;version=v3.3\"\n            ><\/script><\/p>\n","protected":false},"excerpt":{"rendered":"<p>Cumhurba\u015fkan\u0131 Ersin Tatar, Milli E\u011fitim Bakanl\u0131\u011f\u0131 ile KKTC Telsim\u2019in i\u015f birli\u011finde d\u00fczenlenen Ortaokullar ve Liseleraras\u0131 K\u0131sa \u00d6yk\u00fc Yar\u0131\u015fmas\u0131\u2019nda ilk \u00fc\u00e7 y\u0131lda dereceye giren \u00f6yk\u00fclerin bir araya getirilerek yay\u0131mlanan \u201cK\u0131br\u0131s \u00d6yk\u00fcleri\u201d kitab\u0131n\u0131n tan\u0131t\u0131m\u0131 ve sergisinin a\u00e7\u0131l\u0131\u015f\u0131na kat\u0131ld\u0131. ARKHE Lefko\u015fa\u2019da ger\u00e7ekle\u015fen etkinlikte konu\u015fan Cumhurba\u015fkan\u0131 Ersin Tatar, Ortaokullar ve Liseleraras\u0131 K\u0131sa \u00d6yk\u00fc Yar\u0131\u015fmas\u0131\u2019ndaki \u00f6yk\u00fc ve resimlerden haz\u0131rlanan K\u0131br\u0131s [&hellip;]<\/p>\n","protected":false},"author":1,"featured_media":20878,"comment_status":"open","ping_status":"open","sticky":false,"template":"","format":"standard","meta":{"jnews-multi-image_gallery":[],"jnews_single_post":[],"jnews_primary_category":[],"jnews_social_meta":[],"jnews_override_counter":[],"footnotes":""},"categories":[6],"tags":[],"class_list":["post-20877","post","type-post","status-publish","format-standard","has-post-thumbnail","hentry","category-yasam"],"yoast_head":"<!-- This site is optimized with the Yoast SEO plugin v27.4 - https:\/\/yoast.com\/product\/yoast-seo-wordpress\/ -->\n<title>Cumhurba\u015fkan\u0131 Tatar, K\u0131br\u0131s \u00d6yk\u00fcleri kitab\u0131n\u0131n tan\u0131t\u0131m\u0131 ve sergisinin a\u00e7\u0131l\u0131\u015f\u0131na kat\u0131ld\u0131 - Kuzeyin Sesi<\/title>\n<meta name=\"robots\" content=\"index, follow, max-snippet:-1, max-image-preview:large, max-video-preview:-1\" \/>\n<link rel=\"canonical\" href=\"https:\/\/kuzeyinsesi.org\/index.php\/2025\/03\/13\/cumhurbaskani-tatar-kibris-oykuleri-kitabinin-tanitimi-ve-sergisinin-acilisina-katildi\/\" \/>\n<meta property=\"og:locale\" content=\"tr_TR\" \/>\n<meta property=\"og:type\" content=\"article\" \/>\n<meta property=\"og:title\" content=\"Cumhurba\u015fkan\u0131 Tatar, K\u0131br\u0131s \u00d6yk\u00fcleri kitab\u0131n\u0131n tan\u0131t\u0131m\u0131 ve sergisinin a\u00e7\u0131l\u0131\u015f\u0131na kat\u0131ld\u0131 - Kuzeyin Sesi\" \/>\n<meta property=\"og:description\" content=\"Cumhurba\u015fkan\u0131 Ersin Tatar, Milli E\u011fitim Bakanl\u0131\u011f\u0131 ile KKTC Telsim\u2019in i\u015f birli\u011finde d\u00fczenlenen Ortaokullar ve Liseleraras\u0131 K\u0131sa \u00d6yk\u00fc Yar\u0131\u015fmas\u0131\u2019nda ilk \u00fc\u00e7 y\u0131lda dereceye giren \u00f6yk\u00fclerin bir araya getirilerek yay\u0131mlanan \u201cK\u0131br\u0131s \u00d6yk\u00fcleri\u201d kitab\u0131n\u0131n tan\u0131t\u0131m\u0131 ve sergisinin a\u00e7\u0131l\u0131\u015f\u0131na kat\u0131ld\u0131. ARKHE Lefko\u015fa\u2019da ger\u00e7ekle\u015fen etkinlikte konu\u015fan Cumhurba\u015fkan\u0131 Ersin Tatar, Ortaokullar ve Liseleraras\u0131 K\u0131sa \u00d6yk\u00fc Yar\u0131\u015fmas\u0131\u2019ndaki \u00f6yk\u00fc ve resimlerden haz\u0131rlanan K\u0131br\u0131s [&hellip;]\" \/>\n<meta property=\"og:url\" content=\"https:\/\/kuzeyinsesi.org\/index.php\/2025\/03\/13\/cumhurbaskani-tatar-kibris-oykuleri-kitabinin-tanitimi-ve-sergisinin-acilisina-katildi\/\" \/>\n<meta property=\"og:site_name\" content=\"Kuzeyin Sesi\" \/>\n<meta property=\"article:publisher\" content=\"https:\/\/www.facebook.com\/kuzeyinsesii\" \/>\n<meta property=\"article:published_time\" content=\"2025-03-13T16:27:00+00:00\" \/>\n<meta property=\"og:image\" content=\"https:\/\/brtk.net\/wp-content\/uploads\/2025\/03\/13\/25252.jpg?ver=41c7bf2505d27115a274f6249c858137\" \/>\n<meta name=\"author\" content=\"Kuzeyin Sesi\" \/>\n<meta name=\"twitter:card\" content=\"summary_large_image\" \/>\n<meta name=\"twitter:creator\" content=\"@kuzeyinsesii\" \/>\n<meta name=\"twitter:site\" content=\"@kuzeyinsesii\" \/>\n<meta name=\"twitter:label1\" content=\"Yazan:\" \/>\n\t<meta name=\"twitter:data1\" content=\"Kuzeyin Sesi\" \/>\n\t<meta name=\"twitter:label2\" content=\"Tahmini okuma s\u00fcresi\" \/>\n\t<meta name=\"twitter:data2\" content=\"1 dakika\" \/>\n<script type=\"application\/ld+json\" class=\"yoast-schema-graph\">{\"@context\":\"https:\\\/\\\/schema.org\",\"@graph\":[{\"@type\":\"Article\",\"@id\":\"https:\\\/\\\/kuzeyinsesi.org\\\/index.php\\\/2025\\\/03\\\/13\\\/cumhurbaskani-tatar-kibris-oykuleri-kitabinin-tanitimi-ve-sergisinin-acilisina-katildi\\\/#article\",\"isPartOf\":{\"@id\":\"https:\\\/\\\/kuzeyinsesi.org\\\/index.php\\\/2025\\\/03\\\/13\\\/cumhurbaskani-tatar-kibris-oykuleri-kitabinin-tanitimi-ve-sergisinin-acilisina-katildi\\\/\"},\"author\":{\"name\":\"Kuzeyin Sesi\",\"@id\":\"https:\\\/\\\/kuzeyinsesi.org\\\/#\\\/schema\\\/person\\\/9f859689cdf01485597712386e37f5aa\"},\"headline\":\"Cumhurba\u015fkan\u0131 Tatar, K\u0131br\u0131s \u00d6yk\u00fcleri kitab\u0131n\u0131n tan\u0131t\u0131m\u0131 ve sergisinin a\u00e7\u0131l\u0131\u015f\u0131na kat\u0131ld\u0131\",\"datePublished\":\"2025-03-13T16:27:00+00:00\",\"mainEntityOfPage\":{\"@id\":\"https:\\\/\\\/kuzeyinsesi.org\\\/index.php\\\/2025\\\/03\\\/13\\\/cumhurbaskani-tatar-kibris-oykuleri-kitabinin-tanitimi-ve-sergisinin-acilisina-katildi\\\/\"},\"wordCount\":243,\"commentCount\":0,\"image\":{\"@id\":\"https:\\\/\\\/kuzeyinsesi.org\\\/index.php\\\/2025\\\/03\\\/13\\\/cumhurbaskani-tatar-kibris-oykuleri-kitabinin-tanitimi-ve-sergisinin-acilisina-katildi\\\/#primaryimage\"},\"thumbnailUrl\":\"https:\\\/\\\/kuzeyinsesi.org\\\/wp-content\\\/uploads\\\/2025\\\/03\\\/25252.jpg\",\"articleSection\":[\"Ya\u015fam\"],\"inLanguage\":\"tr\",\"potentialAction\":[{\"@type\":\"CommentAction\",\"name\":\"Comment\",\"target\":[\"https:\\\/\\\/kuzeyinsesi.org\\\/index.php\\\/2025\\\/03\\\/13\\\/cumhurbaskani-tatar-kibris-oykuleri-kitabinin-tanitimi-ve-sergisinin-acilisina-katildi\\\/#respond\"]}]},{\"@type\":\"WebPage\",\"@id\":\"https:\\\/\\\/kuzeyinsesi.org\\\/index.php\\\/2025\\\/03\\\/13\\\/cumhurbaskani-tatar-kibris-oykuleri-kitabinin-tanitimi-ve-sergisinin-acilisina-katildi\\\/\",\"url\":\"https:\\\/\\\/kuzeyinsesi.org\\\/index.php\\\/2025\\\/03\\\/13\\\/cumhurbaskani-tatar-kibris-oykuleri-kitabinin-tanitimi-ve-sergisinin-acilisina-katildi\\\/\",\"name\":\"Cumhurba\u015fkan\u0131 Tatar, K\u0131br\u0131s \u00d6yk\u00fcleri kitab\u0131n\u0131n tan\u0131t\u0131m\u0131 ve sergisinin a\u00e7\u0131l\u0131\u015f\u0131na kat\u0131ld\u0131 - Kuzeyin Sesi\",\"isPartOf\":{\"@id\":\"https:\\\/\\\/kuzeyinsesi.org\\\/#website\"},\"primaryImageOfPage\":{\"@id\":\"https:\\\/\\\/kuzeyinsesi.org\\\/index.php\\\/2025\\\/03\\\/13\\\/cumhurbaskani-tatar-kibris-oykuleri-kitabinin-tanitimi-ve-sergisinin-acilisina-katildi\\\/#primaryimage\"},\"image\":{\"@id\":\"https:\\\/\\\/kuzeyinsesi.org\\\/index.php\\\/2025\\\/03\\\/13\\\/cumhurbaskani-tatar-kibris-oykuleri-kitabinin-tanitimi-ve-sergisinin-acilisina-katildi\\\/#primaryimage\"},\"thumbnailUrl\":\"https:\\\/\\\/kuzeyinsesi.org\\\/wp-content\\\/uploads\\\/2025\\\/03\\\/25252.jpg\",\"datePublished\":\"2025-03-13T16:27:00+00:00\",\"author\":{\"@id\":\"https:\\\/\\\/kuzeyinsesi.org\\\/#\\\/schema\\\/person\\\/9f859689cdf01485597712386e37f5aa\"},\"breadcrumb\":{\"@id\":\"https:\\\/\\\/kuzeyinsesi.org\\\/index.php\\\/2025\\\/03\\\/13\\\/cumhurbaskani-tatar-kibris-oykuleri-kitabinin-tanitimi-ve-sergisinin-acilisina-katildi\\\/#breadcrumb\"},\"inLanguage\":\"tr\",\"potentialAction\":[{\"@type\":\"ReadAction\",\"target\":[\"https:\\\/\\\/kuzeyinsesi.org\\\/index.php\\\/2025\\\/03\\\/13\\\/cumhurbaskani-tatar-kibris-oykuleri-kitabinin-tanitimi-ve-sergisinin-acilisina-katildi\\\/\"]}]},{\"@type\":\"ImageObject\",\"inLanguage\":\"tr\",\"@id\":\"https:\\\/\\\/kuzeyinsesi.org\\\/index.php\\\/2025\\\/03\\\/13\\\/cumhurbaskani-tatar-kibris-oykuleri-kitabinin-tanitimi-ve-sergisinin-acilisina-katildi\\\/#primaryimage\",\"url\":\"https:\\\/\\\/kuzeyinsesi.org\\\/wp-content\\\/uploads\\\/2025\\\/03\\\/25252.jpg\",\"contentUrl\":\"https:\\\/\\\/kuzeyinsesi.org\\\/wp-content\\\/uploads\\\/2025\\\/03\\\/25252.jpg\",\"width\":805,\"height\":400},{\"@type\":\"BreadcrumbList\",\"@id\":\"https:\\\/\\\/kuzeyinsesi.org\\\/index.php\\\/2025\\\/03\\\/13\\\/cumhurbaskani-tatar-kibris-oykuleri-kitabinin-tanitimi-ve-sergisinin-acilisina-katildi\\\/#breadcrumb\",\"itemListElement\":[{\"@type\":\"ListItem\",\"position\":1,\"name\":\"Anasayfa\",\"item\":\"https:\\\/\\\/kuzeyinsesi.org\\\/\"},{\"@type\":\"ListItem\",\"position\":2,\"name\":\"Cumhurba\u015fkan\u0131 Tatar, K\u0131br\u0131s \u00d6yk\u00fcleri kitab\u0131n\u0131n tan\u0131t\u0131m\u0131 ve sergisinin a\u00e7\u0131l\u0131\u015f\u0131na kat\u0131ld\u0131\"}]},{\"@type\":\"WebSite\",\"@id\":\"https:\\\/\\\/kuzeyinsesi.org\\\/#website\",\"url\":\"https:\\\/\\\/kuzeyinsesi.org\\\/\",\"name\":\"Kuzeyin Sesi\",\"description\":\"Do\u011fru Haberin Adresi\",\"potentialAction\":[{\"@type\":\"SearchAction\",\"target\":{\"@type\":\"EntryPoint\",\"urlTemplate\":\"https:\\\/\\\/kuzeyinsesi.org\\\/?s={search_term_string}\"},\"query-input\":{\"@type\":\"PropertyValueSpecification\",\"valueRequired\":true,\"valueName\":\"search_term_string\"}}],\"inLanguage\":\"tr\"},{\"@type\":\"Person\",\"@id\":\"https:\\\/\\\/kuzeyinsesi.org\\\/#\\\/schema\\\/person\\\/9f859689cdf01485597712386e37f5aa\",\"name\":\"Kuzeyin Sesi\",\"image\":{\"@type\":\"ImageObject\",\"inLanguage\":\"tr\",\"@id\":\"https:\\\/\\\/secure.gravatar.com\\\/avatar\\\/bab33852abfd8b282518d6ed81826833d77c3c882d9ab608add591ccace47a44?s=96&d=mm&r=g\",\"url\":\"https:\\\/\\\/secure.gravatar.com\\\/avatar\\\/bab33852abfd8b282518d6ed81826833d77c3c882d9ab608add591ccace47a44?s=96&d=mm&r=g\",\"contentUrl\":\"https:\\\/\\\/secure.gravatar.com\\\/avatar\\\/bab33852abfd8b282518d6ed81826833d77c3c882d9ab608add591ccace47a44?s=96&d=mm&r=g\",\"caption\":\"Kuzeyin Sesi\"},\"sameAs\":[\"https:\\\/\\\/kuzeyinsesi.org\"],\"url\":\"https:\\\/\\\/kuzeyinsesi.org\\\/index.php\\\/author\\\/guven\\\/\"}]}<\/script>\n<!-- \/ Yoast SEO plugin. -->","yoast_head_json":{"title":"Cumhurba\u015fkan\u0131 Tatar, K\u0131br\u0131s \u00d6yk\u00fcleri kitab\u0131n\u0131n tan\u0131t\u0131m\u0131 ve sergisinin a\u00e7\u0131l\u0131\u015f\u0131na kat\u0131ld\u0131 - Kuzeyin Sesi","robots":{"index":"index","follow":"follow","max-snippet":"max-snippet:-1","max-image-preview":"max-image-preview:large","max-video-preview":"max-video-preview:-1"},"canonical":"https:\/\/kuzeyinsesi.org\/index.php\/2025\/03\/13\/cumhurbaskani-tatar-kibris-oykuleri-kitabinin-tanitimi-ve-sergisinin-acilisina-katildi\/","og_locale":"tr_TR","og_type":"article","og_title":"Cumhurba\u015fkan\u0131 Tatar, K\u0131br\u0131s \u00d6yk\u00fcleri kitab\u0131n\u0131n tan\u0131t\u0131m\u0131 ve sergisinin a\u00e7\u0131l\u0131\u015f\u0131na kat\u0131ld\u0131 - Kuzeyin Sesi","og_description":"Cumhurba\u015fkan\u0131 Ersin Tatar, Milli E\u011fitim Bakanl\u0131\u011f\u0131 ile KKTC Telsim\u2019in i\u015f birli\u011finde d\u00fczenlenen Ortaokullar ve Liseleraras\u0131 K\u0131sa \u00d6yk\u00fc Yar\u0131\u015fmas\u0131\u2019nda ilk \u00fc\u00e7 y\u0131lda dereceye giren \u00f6yk\u00fclerin bir araya getirilerek yay\u0131mlanan \u201cK\u0131br\u0131s \u00d6yk\u00fcleri\u201d kitab\u0131n\u0131n tan\u0131t\u0131m\u0131 ve sergisinin a\u00e7\u0131l\u0131\u015f\u0131na kat\u0131ld\u0131. ARKHE Lefko\u015fa\u2019da ger\u00e7ekle\u015fen etkinlikte konu\u015fan Cumhurba\u015fkan\u0131 Ersin Tatar, Ortaokullar ve Liseleraras\u0131 K\u0131sa \u00d6yk\u00fc Yar\u0131\u015fmas\u0131\u2019ndaki \u00f6yk\u00fc ve resimlerden haz\u0131rlanan K\u0131br\u0131s [&hellip;]","og_url":"https:\/\/kuzeyinsesi.org\/index.php\/2025\/03\/13\/cumhurbaskani-tatar-kibris-oykuleri-kitabinin-tanitimi-ve-sergisinin-acilisina-katildi\/","og_site_name":"Kuzeyin Sesi","article_publisher":"https:\/\/www.facebook.com\/kuzeyinsesii","article_published_time":"2025-03-13T16:27:00+00:00","og_image":[{"url":"https:\/\/brtk.net\/wp-content\/uploads\/2025\/03\/13\/25252.jpg?ver=41c7bf2505d27115a274f6249c858137","type":"","width":"","height":""}],"author":"Kuzeyin Sesi","twitter_card":"summary_large_image","twitter_creator":"@kuzeyinsesii","twitter_site":"@kuzeyinsesii","twitter_misc":{"Yazan:":"Kuzeyin Sesi","Tahmini okuma s\u00fcresi":"1 dakika"},"schema":{"@context":"https:\/\/schema.org","@graph":[{"@type":"Article","@id":"https:\/\/kuzeyinsesi.org\/index.php\/2025\/03\/13\/cumhurbaskani-tatar-kibris-oykuleri-kitabinin-tanitimi-ve-sergisinin-acilisina-katildi\/#article","isPartOf":{"@id":"https:\/\/kuzeyinsesi.org\/index.php\/2025\/03\/13\/cumhurbaskani-tatar-kibris-oykuleri-kitabinin-tanitimi-ve-sergisinin-acilisina-katildi\/"},"author":{"name":"Kuzeyin Sesi","@id":"https:\/\/kuzeyinsesi.org\/#\/schema\/person\/9f859689cdf01485597712386e37f5aa"},"headline":"Cumhurba\u015fkan\u0131 Tatar, K\u0131br\u0131s \u00d6yk\u00fcleri kitab\u0131n\u0131n tan\u0131t\u0131m\u0131 ve sergisinin a\u00e7\u0131l\u0131\u015f\u0131na kat\u0131ld\u0131","datePublished":"2025-03-13T16:27:00+00:00","mainEntityOfPage":{"@id":"https:\/\/kuzeyinsesi.org\/index.php\/2025\/03\/13\/cumhurbaskani-tatar-kibris-oykuleri-kitabinin-tanitimi-ve-sergisinin-acilisina-katildi\/"},"wordCount":243,"commentCount":0,"image":{"@id":"https:\/\/kuzeyinsesi.org\/index.php\/2025\/03\/13\/cumhurbaskani-tatar-kibris-oykuleri-kitabinin-tanitimi-ve-sergisinin-acilisina-katildi\/#primaryimage"},"thumbnailUrl":"https:\/\/kuzeyinsesi.org\/wp-content\/uploads\/2025\/03\/25252.jpg","articleSection":["Ya\u015fam"],"inLanguage":"tr","potentialAction":[{"@type":"CommentAction","name":"Comment","target":["https:\/\/kuzeyinsesi.org\/index.php\/2025\/03\/13\/cumhurbaskani-tatar-kibris-oykuleri-kitabinin-tanitimi-ve-sergisinin-acilisina-katildi\/#respond"]}]},{"@type":"WebPage","@id":"https:\/\/kuzeyinsesi.org\/index.php\/2025\/03\/13\/cumhurbaskani-tatar-kibris-oykuleri-kitabinin-tanitimi-ve-sergisinin-acilisina-katildi\/","url":"https:\/\/kuzeyinsesi.org\/index.php\/2025\/03\/13\/cumhurbaskani-tatar-kibris-oykuleri-kitabinin-tanitimi-ve-sergisinin-acilisina-katildi\/","name":"Cumhurba\u015fkan\u0131 Tatar, K\u0131br\u0131s \u00d6yk\u00fcleri kitab\u0131n\u0131n tan\u0131t\u0131m\u0131 ve sergisinin a\u00e7\u0131l\u0131\u015f\u0131na kat\u0131ld\u0131 - Kuzeyin Sesi","isPartOf":{"@id":"https:\/\/kuzeyinsesi.org\/#website"},"primaryImageOfPage":{"@id":"https:\/\/kuzeyinsesi.org\/index.php\/2025\/03\/13\/cumhurbaskani-tatar-kibris-oykuleri-kitabinin-tanitimi-ve-sergisinin-acilisina-katildi\/#primaryimage"},"image":{"@id":"https:\/\/kuzeyinsesi.org\/index.php\/2025\/03\/13\/cumhurbaskani-tatar-kibris-oykuleri-kitabinin-tanitimi-ve-sergisinin-acilisina-katildi\/#primaryimage"},"thumbnailUrl":"https:\/\/kuzeyinsesi.org\/wp-content\/uploads\/2025\/03\/25252.jpg","datePublished":"2025-03-13T16:27:00+00:00","author":{"@id":"https:\/\/kuzeyinsesi.org\/#\/schema\/person\/9f859689cdf01485597712386e37f5aa"},"breadcrumb":{"@id":"https:\/\/kuzeyinsesi.org\/index.php\/2025\/03\/13\/cumhurbaskani-tatar-kibris-oykuleri-kitabinin-tanitimi-ve-sergisinin-acilisina-katildi\/#breadcrumb"},"inLanguage":"tr","potentialAction":[{"@type":"ReadAction","target":["https:\/\/kuzeyinsesi.org\/index.php\/2025\/03\/13\/cumhurbaskani-tatar-kibris-oykuleri-kitabinin-tanitimi-ve-sergisinin-acilisina-katildi\/"]}]},{"@type":"ImageObject","inLanguage":"tr","@id":"https:\/\/kuzeyinsesi.org\/index.php\/2025\/03\/13\/cumhurbaskani-tatar-kibris-oykuleri-kitabinin-tanitimi-ve-sergisinin-acilisina-katildi\/#primaryimage","url":"https:\/\/kuzeyinsesi.org\/wp-content\/uploads\/2025\/03\/25252.jpg","contentUrl":"https:\/\/kuzeyinsesi.org\/wp-content\/uploads\/2025\/03\/25252.jpg","width":805,"height":400},{"@type":"BreadcrumbList","@id":"https:\/\/kuzeyinsesi.org\/index.php\/2025\/03\/13\/cumhurbaskani-tatar-kibris-oykuleri-kitabinin-tanitimi-ve-sergisinin-acilisina-katildi\/#breadcrumb","itemListElement":[{"@type":"ListItem","position":1,"name":"Anasayfa","item":"https:\/\/kuzeyinsesi.org\/"},{"@type":"ListItem","position":2,"name":"Cumhurba\u015fkan\u0131 Tatar, K\u0131br\u0131s \u00d6yk\u00fcleri kitab\u0131n\u0131n tan\u0131t\u0131m\u0131 ve sergisinin a\u00e7\u0131l\u0131\u015f\u0131na kat\u0131ld\u0131"}]},{"@type":"WebSite","@id":"https:\/\/kuzeyinsesi.org\/#website","url":"https:\/\/kuzeyinsesi.org\/","name":"Kuzeyin Sesi","description":"Do\u011fru Haberin Adresi","potentialAction":[{"@type":"SearchAction","target":{"@type":"EntryPoint","urlTemplate":"https:\/\/kuzeyinsesi.org\/?s={search_term_string}"},"query-input":{"@type":"PropertyValueSpecification","valueRequired":true,"valueName":"search_term_string"}}],"inLanguage":"tr"},{"@type":"Person","@id":"https:\/\/kuzeyinsesi.org\/#\/schema\/person\/9f859689cdf01485597712386e37f5aa","name":"Kuzeyin Sesi","image":{"@type":"ImageObject","inLanguage":"tr","@id":"https:\/\/secure.gravatar.com\/avatar\/bab33852abfd8b282518d6ed81826833d77c3c882d9ab608add591ccace47a44?s=96&d=mm&r=g","url":"https:\/\/secure.gravatar.com\/avatar\/bab33852abfd8b282518d6ed81826833d77c3c882d9ab608add591ccace47a44?s=96&d=mm&r=g","contentUrl":"https:\/\/secure.gravatar.com\/avatar\/bab33852abfd8b282518d6ed81826833d77c3c882d9ab608add591ccace47a44?s=96&d=mm&r=g","caption":"Kuzeyin Sesi"},"sameAs":["https:\/\/kuzeyinsesi.org"],"url":"https:\/\/kuzeyinsesi.org\/index.php\/author\/guven\/"}]}},"_links":{"self":[{"href":"https:\/\/kuzeyinsesi.org\/index.php\/wp-json\/wp\/v2\/posts\/20877","targetHints":{"allow":["GET"]}}],"collection":[{"href":"https:\/\/kuzeyinsesi.org\/index.php\/wp-json\/wp\/v2\/posts"}],"about":[{"href":"https:\/\/kuzeyinsesi.org\/index.php\/wp-json\/wp\/v2\/types\/post"}],"author":[{"embeddable":true,"href":"https:\/\/kuzeyinsesi.org\/index.php\/wp-json\/wp\/v2\/users\/1"}],"replies":[{"embeddable":true,"href":"https:\/\/kuzeyinsesi.org\/index.php\/wp-json\/wp\/v2\/comments?post=20877"}],"version-history":[{"count":0,"href":"https:\/\/kuzeyinsesi.org\/index.php\/wp-json\/wp\/v2\/posts\/20877\/revisions"}],"wp:featuredmedia":[{"embeddable":true,"href":"https:\/\/kuzeyinsesi.org\/index.php\/wp-json\/wp\/v2\/media\/20878"}],"wp:attachment":[{"href":"https:\/\/kuzeyinsesi.org\/index.php\/wp-json\/wp\/v2\/media?parent=20877"}],"wp:term":[{"taxonomy":"category","embeddable":true,"href":"https:\/\/kuzeyinsesi.org\/index.php\/wp-json\/wp\/v2\/categories?post=20877"},{"taxonomy":"post_tag","embeddable":true,"href":"https:\/\/kuzeyinsesi.org\/index.php\/wp-json\/wp\/v2\/tags?post=20877"}],"curies":[{"name":"wp","href":"https:\/\/api.w.org\/{rel}","templated":true}]}}