{"id":20875,"date":"2025-03-13T17:00:41","date_gmt":"2025-03-13T15:00:41","guid":{"rendered":"https:\/\/kuzeyinsesi.org\/index.php\/2025\/03\/13\/cumhurbaskani-tatar-turk-dil-kurumu-heyetini-kabul-etti\/"},"modified":"2025-03-13T17:00:41","modified_gmt":"2025-03-13T15:00:41","slug":"cumhurbaskani-tatar-turk-dil-kurumu-heyetini-kabul-etti","status":"publish","type":"post","link":"https:\/\/kuzeyinsesi.org\/index.php\/2025\/03\/13\/cumhurbaskani-tatar-turk-dil-kurumu-heyetini-kabul-etti\/","title":{"rendered":"Cumhurba\u015fkan\u0131 Tatar T\u00fcrk Dil Kurumu heyetini kabul etti"},"content":{"rendered":"<div>\n<div class=\"mariselle-image-container center\">\n                                            <\/div>\n<p>Cumhurba\u015fkan\u0131 Ersin Tatar T\u00fcrk Dil Kurumu Ba\u015fkan\u0131  Prof. Dr. Osman Mert ve beraberindeki heyeti kabul ederek, g\u00f6r\u00fc\u015ft\u00fc. <\/p>\n<p>Cumhurba\u015fkan\u0131 Ersin Tatar, kabulde yapt\u0131\u011f\u0131 konu\u015fmada,  kendisine yap\u0131lan bu anlaml\u0131 ziyaretten dolay\u0131 duydu\u011fu memnuniyeti dile getirerek, T\u00fcrk\u00e7e dilinin \u00f6\u011fretilmesi, anlat\u0131lmas\u0131 ve ara\u015ft\u0131r\u0131lmas\u0131n\u0131n \u00f6nemine de\u011findi.<\/p>\n<p>Cumhurba\u015fkan\u0131 Ersin Tatar, ge\u00e7mi\u015ften  gelen alfabe k\u00fclt\u00fcr\u00fcn\u00fcn gelece\u011fe ta\u015f\u0131nmas\u0131 i\u00e7in dilin  iyi bilinmesi gerekti\u011fini vurgulad\u0131 ve T\u00fcrk Dil Kurumu\u2019nun bu kapsamda y\u00fcr\u00fctt\u00fc\u011f\u00fc \u00e7al\u0131\u015fmalara \u00f6nem verdi\u011fini belirtti. <\/p>\n<p>Dilin bir ara\u00e7 oldu\u011funu ifade eden Cumhurba\u015fkan\u0131 Ersin Tatar, bir  milletin varl\u0131\u011f\u0131n\u0131n da bir g\u00f6stergesi oldu\u011funu kaydetti.<\/p>\n<p>Konu\u015fmas\u0131n\u0131n sonunda, Cumhurba\u015fkan\u0131 Ersin  Tatar, kurum olarak yap\u0131lan \u00e7al\u0131\u015fmalar\u0131 takdir etti\u011fini dile getirerek emek verenlere te\u015fekk\u00fcr etti.<\/p>\n<\/p><\/div>\n<p><script async\n                    defer\n                    crossorigin=\"anonymous\"\n                    src=\"https:\/\/connect.facebook.net\/tr_TR\/sdk.js#xfbml=1&#038;version=v3.3\"\n            ><\/script><\/p>\n","protected":false},"excerpt":{"rendered":"<p>Cumhurba\u015fkan\u0131 Ersin Tatar T\u00fcrk Dil Kurumu Ba\u015fkan\u0131 Prof. Dr. Osman Mert ve beraberindeki heyeti kabul ederek, g\u00f6r\u00fc\u015ft\u00fc. Cumhurba\u015fkan\u0131 Ersin Tatar, kabulde yapt\u0131\u011f\u0131 konu\u015fmada, kendisine yap\u0131lan bu anlaml\u0131 ziyaretten dolay\u0131 duydu\u011fu memnuniyeti dile getirerek, T\u00fcrk\u00e7e dilinin \u00f6\u011fretilmesi, anlat\u0131lmas\u0131 ve ara\u015ft\u0131r\u0131lmas\u0131n\u0131n \u00f6nemine de\u011findi. Cumhurba\u015fkan\u0131 Ersin Tatar, ge\u00e7mi\u015ften gelen alfabe k\u00fclt\u00fcr\u00fcn\u00fcn gelece\u011fe ta\u015f\u0131nmas\u0131 i\u00e7in dilin iyi bilinmesi gerekti\u011fini [&hellip;]<\/p>\n","protected":false},"author":1,"featured_media":20876,"comment_status":"open","ping_status":"open","sticky":false,"template":"","format":"standard","meta":{"jnews-multi-image_gallery":[],"jnews_single_post":[],"jnews_primary_category":[],"jnews_social_meta":[],"jnews_override_counter":[],"footnotes":""},"categories":[5],"tags":[],"class_list":["post-20875","post","type-post","status-publish","format-standard","has-post-thumbnail","hentry","category-turkiye"],"yoast_head":"<!-- This site is optimized with the Yoast SEO plugin v27.5 - https:\/\/yoast.com\/product\/yoast-seo-wordpress\/ -->\n<title>Cumhurba\u015fkan\u0131 Tatar T\u00fcrk Dil Kurumu heyetini kabul etti - Kuzeyin Sesi<\/title>\n<meta name=\"robots\" content=\"index, follow, max-snippet:-1, max-image-preview:large, max-video-preview:-1\" \/>\n<link rel=\"canonical\" href=\"https:\/\/kuzeyinsesi.org\/index.php\/2025\/03\/13\/cumhurbaskani-tatar-turk-dil-kurumu-heyetini-kabul-etti\/\" \/>\n<meta property=\"og:locale\" content=\"tr_TR\" \/>\n<meta property=\"og:type\" content=\"article\" \/>\n<meta property=\"og:title\" content=\"Cumhurba\u015fkan\u0131 Tatar T\u00fcrk Dil Kurumu heyetini kabul etti - Kuzeyin Sesi\" \/>\n<meta property=\"og:description\" content=\"Cumhurba\u015fkan\u0131 Ersin Tatar T\u00fcrk Dil Kurumu Ba\u015fkan\u0131 Prof. Dr. Osman Mert ve beraberindeki heyeti kabul ederek, g\u00f6r\u00fc\u015ft\u00fc. Cumhurba\u015fkan\u0131 Ersin Tatar, kabulde yapt\u0131\u011f\u0131 konu\u015fmada, kendisine yap\u0131lan bu anlaml\u0131 ziyaretten dolay\u0131 duydu\u011fu memnuniyeti dile getirerek, T\u00fcrk\u00e7e dilinin \u00f6\u011fretilmesi, anlat\u0131lmas\u0131 ve ara\u015ft\u0131r\u0131lmas\u0131n\u0131n \u00f6nemine de\u011findi. Cumhurba\u015fkan\u0131 Ersin Tatar, ge\u00e7mi\u015ften gelen alfabe k\u00fclt\u00fcr\u00fcn\u00fcn gelece\u011fe ta\u015f\u0131nmas\u0131 i\u00e7in dilin iyi bilinmesi gerekti\u011fini [&hellip;]\" \/>\n<meta property=\"og:url\" content=\"https:\/\/kuzeyinsesi.org\/index.php\/2025\/03\/13\/cumhurbaskani-tatar-turk-dil-kurumu-heyetini-kabul-etti\/\" \/>\n<meta property=\"og:site_name\" content=\"Kuzeyin Sesi\" \/>\n<meta property=\"article:publisher\" content=\"https:\/\/www.facebook.com\/kuzeyinsesii\" \/>\n<meta property=\"article:published_time\" content=\"2025-03-13T15:00:41+00:00\" \/>\n<meta property=\"og:image\" content=\"https:\/\/brtk.net\/wp-content\/uploads\/2025\/03\/13\/e0d0a3ea-ca78-4a0f-ae04-572017003dc9.jpg?ver=fed4dadce1ea7d301681e1778e5bd290\" \/>\n<meta name=\"author\" content=\"Kuzeyin Sesi\" \/>\n<meta name=\"twitter:card\" content=\"summary_large_image\" \/>\n<meta name=\"twitter:creator\" content=\"@kuzeyinsesii\" \/>\n<meta name=\"twitter:site\" content=\"@kuzeyinsesii\" \/>\n<meta name=\"twitter:label1\" content=\"Yazan:\" \/>\n\t<meta name=\"twitter:data1\" content=\"Kuzeyin Sesi\" \/>\n\t<meta name=\"twitter:label2\" content=\"Tahmini okuma s\u00fcresi\" \/>\n\t<meta name=\"twitter:data2\" content=\"1 dakika\" \/>\n<script type=\"application\/ld+json\" class=\"yoast-schema-graph\">{\"@context\":\"https:\\\/\\\/schema.org\",\"@graph\":[{\"@type\":\"Article\",\"@id\":\"https:\\\/\\\/kuzeyinsesi.org\\\/index.php\\\/2025\\\/03\\\/13\\\/cumhurbaskani-tatar-turk-dil-kurumu-heyetini-kabul-etti\\\/#article\",\"isPartOf\":{\"@id\":\"https:\\\/\\\/kuzeyinsesi.org\\\/index.php\\\/2025\\\/03\\\/13\\\/cumhurbaskani-tatar-turk-dil-kurumu-heyetini-kabul-etti\\\/\"},\"author\":{\"name\":\"Kuzeyin Sesi\",\"@id\":\"https:\\\/\\\/kuzeyinsesi.org\\\/#\\\/schema\\\/person\\\/9f859689cdf01485597712386e37f5aa\"},\"headline\":\"Cumhurba\u015fkan\u0131 Tatar T\u00fcrk Dil Kurumu heyetini kabul etti\",\"datePublished\":\"2025-03-13T15:00:41+00:00\",\"mainEntityOfPage\":{\"@id\":\"https:\\\/\\\/kuzeyinsesi.org\\\/index.php\\\/2025\\\/03\\\/13\\\/cumhurbaskani-tatar-turk-dil-kurumu-heyetini-kabul-etti\\\/\"},\"wordCount\":161,\"commentCount\":0,\"image\":{\"@id\":\"https:\\\/\\\/kuzeyinsesi.org\\\/index.php\\\/2025\\\/03\\\/13\\\/cumhurbaskani-tatar-turk-dil-kurumu-heyetini-kabul-etti\\\/#primaryimage\"},\"thumbnailUrl\":\"https:\\\/\\\/kuzeyinsesi.org\\\/wp-content\\\/uploads\\\/2025\\\/03\\\/e0d0a3ea-ca78-4a0f-ae04-572017003dc9.jpg\",\"articleSection\":[\"T\u00fcrkiye\"],\"inLanguage\":\"tr\",\"potentialAction\":[{\"@type\":\"CommentAction\",\"name\":\"Comment\",\"target\":[\"https:\\\/\\\/kuzeyinsesi.org\\\/index.php\\\/2025\\\/03\\\/13\\\/cumhurbaskani-tatar-turk-dil-kurumu-heyetini-kabul-etti\\\/#respond\"]}]},{\"@type\":\"WebPage\",\"@id\":\"https:\\\/\\\/kuzeyinsesi.org\\\/index.php\\\/2025\\\/03\\\/13\\\/cumhurbaskani-tatar-turk-dil-kurumu-heyetini-kabul-etti\\\/\",\"url\":\"https:\\\/\\\/kuzeyinsesi.org\\\/index.php\\\/2025\\\/03\\\/13\\\/cumhurbaskani-tatar-turk-dil-kurumu-heyetini-kabul-etti\\\/\",\"name\":\"Cumhurba\u015fkan\u0131 Tatar T\u00fcrk Dil Kurumu heyetini kabul etti - Kuzeyin Sesi\",\"isPartOf\":{\"@id\":\"https:\\\/\\\/kuzeyinsesi.org\\\/#website\"},\"primaryImageOfPage\":{\"@id\":\"https:\\\/\\\/kuzeyinsesi.org\\\/index.php\\\/2025\\\/03\\\/13\\\/cumhurbaskani-tatar-turk-dil-kurumu-heyetini-kabul-etti\\\/#primaryimage\"},\"image\":{\"@id\":\"https:\\\/\\\/kuzeyinsesi.org\\\/index.php\\\/2025\\\/03\\\/13\\\/cumhurbaskani-tatar-turk-dil-kurumu-heyetini-kabul-etti\\\/#primaryimage\"},\"thumbnailUrl\":\"https:\\\/\\\/kuzeyinsesi.org\\\/wp-content\\\/uploads\\\/2025\\\/03\\\/e0d0a3ea-ca78-4a0f-ae04-572017003dc9.jpg\",\"datePublished\":\"2025-03-13T15:00:41+00:00\",\"author\":{\"@id\":\"https:\\\/\\\/kuzeyinsesi.org\\\/#\\\/schema\\\/person\\\/9f859689cdf01485597712386e37f5aa\"},\"breadcrumb\":{\"@id\":\"https:\\\/\\\/kuzeyinsesi.org\\\/index.php\\\/2025\\\/03\\\/13\\\/cumhurbaskani-tatar-turk-dil-kurumu-heyetini-kabul-etti\\\/#breadcrumb\"},\"inLanguage\":\"tr\",\"potentialAction\":[{\"@type\":\"ReadAction\",\"target\":[\"https:\\\/\\\/kuzeyinsesi.org\\\/index.php\\\/2025\\\/03\\\/13\\\/cumhurbaskani-tatar-turk-dil-kurumu-heyetini-kabul-etti\\\/\"]}]},{\"@type\":\"ImageObject\",\"inLanguage\":\"tr\",\"@id\":\"https:\\\/\\\/kuzeyinsesi.org\\\/index.php\\\/2025\\\/03\\\/13\\\/cumhurbaskani-tatar-turk-dil-kurumu-heyetini-kabul-etti\\\/#primaryimage\",\"url\":\"https:\\\/\\\/kuzeyinsesi.org\\\/wp-content\\\/uploads\\\/2025\\\/03\\\/e0d0a3ea-ca78-4a0f-ae04-572017003dc9.jpg\",\"contentUrl\":\"https:\\\/\\\/kuzeyinsesi.org\\\/wp-content\\\/uploads\\\/2025\\\/03\\\/e0d0a3ea-ca78-4a0f-ae04-572017003dc9.jpg\",\"width\":2560,\"height\":988},{\"@type\":\"BreadcrumbList\",\"@id\":\"https:\\\/\\\/kuzeyinsesi.org\\\/index.php\\\/2025\\\/03\\\/13\\\/cumhurbaskani-tatar-turk-dil-kurumu-heyetini-kabul-etti\\\/#breadcrumb\",\"itemListElement\":[{\"@type\":\"ListItem\",\"position\":1,\"name\":\"Anasayfa\",\"item\":\"https:\\\/\\\/kuzeyinsesi.org\\\/\"},{\"@type\":\"ListItem\",\"position\":2,\"name\":\"Cumhurba\u015fkan\u0131 Tatar T\u00fcrk Dil Kurumu heyetini kabul etti\"}]},{\"@type\":\"WebSite\",\"@id\":\"https:\\\/\\\/kuzeyinsesi.org\\\/#website\",\"url\":\"https:\\\/\\\/kuzeyinsesi.org\\\/\",\"name\":\"Kuzeyin Sesi\",\"description\":\"Do\u011fru Haberin Adresi\",\"potentialAction\":[{\"@type\":\"SearchAction\",\"target\":{\"@type\":\"EntryPoint\",\"urlTemplate\":\"https:\\\/\\\/kuzeyinsesi.org\\\/?s={search_term_string}\"},\"query-input\":{\"@type\":\"PropertyValueSpecification\",\"valueRequired\":true,\"valueName\":\"search_term_string\"}}],\"inLanguage\":\"tr\"},{\"@type\":\"Person\",\"@id\":\"https:\\\/\\\/kuzeyinsesi.org\\\/#\\\/schema\\\/person\\\/9f859689cdf01485597712386e37f5aa\",\"name\":\"Kuzeyin Sesi\",\"image\":{\"@type\":\"ImageObject\",\"inLanguage\":\"tr\",\"@id\":\"https:\\\/\\\/secure.gravatar.com\\\/avatar\\\/bab33852abfd8b282518d6ed81826833d77c3c882d9ab608add591ccace47a44?s=96&d=mm&r=g\",\"url\":\"https:\\\/\\\/secure.gravatar.com\\\/avatar\\\/bab33852abfd8b282518d6ed81826833d77c3c882d9ab608add591ccace47a44?s=96&d=mm&r=g\",\"contentUrl\":\"https:\\\/\\\/secure.gravatar.com\\\/avatar\\\/bab33852abfd8b282518d6ed81826833d77c3c882d9ab608add591ccace47a44?s=96&d=mm&r=g\",\"caption\":\"Kuzeyin Sesi\"},\"sameAs\":[\"https:\\\/\\\/kuzeyinsesi.org\"],\"url\":\"https:\\\/\\\/kuzeyinsesi.org\\\/index.php\\\/author\\\/guven\\\/\"}]}<\/script>\n<!-- \/ Yoast SEO plugin. -->","yoast_head_json":{"title":"Cumhurba\u015fkan\u0131 Tatar T\u00fcrk Dil Kurumu heyetini kabul etti - Kuzeyin Sesi","robots":{"index":"index","follow":"follow","max-snippet":"max-snippet:-1","max-image-preview":"max-image-preview:large","max-video-preview":"max-video-preview:-1"},"canonical":"https:\/\/kuzeyinsesi.org\/index.php\/2025\/03\/13\/cumhurbaskani-tatar-turk-dil-kurumu-heyetini-kabul-etti\/","og_locale":"tr_TR","og_type":"article","og_title":"Cumhurba\u015fkan\u0131 Tatar T\u00fcrk Dil Kurumu heyetini kabul etti - Kuzeyin Sesi","og_description":"Cumhurba\u015fkan\u0131 Ersin Tatar T\u00fcrk Dil Kurumu Ba\u015fkan\u0131 Prof. Dr. Osman Mert ve beraberindeki heyeti kabul ederek, g\u00f6r\u00fc\u015ft\u00fc. Cumhurba\u015fkan\u0131 Ersin Tatar, kabulde yapt\u0131\u011f\u0131 konu\u015fmada, kendisine yap\u0131lan bu anlaml\u0131 ziyaretten dolay\u0131 duydu\u011fu memnuniyeti dile getirerek, T\u00fcrk\u00e7e dilinin \u00f6\u011fretilmesi, anlat\u0131lmas\u0131 ve ara\u015ft\u0131r\u0131lmas\u0131n\u0131n \u00f6nemine de\u011findi. Cumhurba\u015fkan\u0131 Ersin Tatar, ge\u00e7mi\u015ften gelen alfabe k\u00fclt\u00fcr\u00fcn\u00fcn gelece\u011fe ta\u015f\u0131nmas\u0131 i\u00e7in dilin iyi bilinmesi gerekti\u011fini [&hellip;]","og_url":"https:\/\/kuzeyinsesi.org\/index.php\/2025\/03\/13\/cumhurbaskani-tatar-turk-dil-kurumu-heyetini-kabul-etti\/","og_site_name":"Kuzeyin Sesi","article_publisher":"https:\/\/www.facebook.com\/kuzeyinsesii","article_published_time":"2025-03-13T15:00:41+00:00","og_image":[{"url":"https:\/\/brtk.net\/wp-content\/uploads\/2025\/03\/13\/e0d0a3ea-ca78-4a0f-ae04-572017003dc9.jpg?ver=fed4dadce1ea7d301681e1778e5bd290","type":"","width":"","height":""}],"author":"Kuzeyin Sesi","twitter_card":"summary_large_image","twitter_creator":"@kuzeyinsesii","twitter_site":"@kuzeyinsesii","twitter_misc":{"Yazan:":"Kuzeyin Sesi","Tahmini okuma s\u00fcresi":"1 dakika"},"schema":{"@context":"https:\/\/schema.org","@graph":[{"@type":"Article","@id":"https:\/\/kuzeyinsesi.org\/index.php\/2025\/03\/13\/cumhurbaskani-tatar-turk-dil-kurumu-heyetini-kabul-etti\/#article","isPartOf":{"@id":"https:\/\/kuzeyinsesi.org\/index.php\/2025\/03\/13\/cumhurbaskani-tatar-turk-dil-kurumu-heyetini-kabul-etti\/"},"author":{"name":"Kuzeyin Sesi","@id":"https:\/\/kuzeyinsesi.org\/#\/schema\/person\/9f859689cdf01485597712386e37f5aa"},"headline":"Cumhurba\u015fkan\u0131 Tatar T\u00fcrk Dil Kurumu heyetini kabul etti","datePublished":"2025-03-13T15:00:41+00:00","mainEntityOfPage":{"@id":"https:\/\/kuzeyinsesi.org\/index.php\/2025\/03\/13\/cumhurbaskani-tatar-turk-dil-kurumu-heyetini-kabul-etti\/"},"wordCount":161,"commentCount":0,"image":{"@id":"https:\/\/kuzeyinsesi.org\/index.php\/2025\/03\/13\/cumhurbaskani-tatar-turk-dil-kurumu-heyetini-kabul-etti\/#primaryimage"},"thumbnailUrl":"https:\/\/kuzeyinsesi.org\/wp-content\/uploads\/2025\/03\/e0d0a3ea-ca78-4a0f-ae04-572017003dc9.jpg","articleSection":["T\u00fcrkiye"],"inLanguage":"tr","potentialAction":[{"@type":"CommentAction","name":"Comment","target":["https:\/\/kuzeyinsesi.org\/index.php\/2025\/03\/13\/cumhurbaskani-tatar-turk-dil-kurumu-heyetini-kabul-etti\/#respond"]}]},{"@type":"WebPage","@id":"https:\/\/kuzeyinsesi.org\/index.php\/2025\/03\/13\/cumhurbaskani-tatar-turk-dil-kurumu-heyetini-kabul-etti\/","url":"https:\/\/kuzeyinsesi.org\/index.php\/2025\/03\/13\/cumhurbaskani-tatar-turk-dil-kurumu-heyetini-kabul-etti\/","name":"Cumhurba\u015fkan\u0131 Tatar T\u00fcrk Dil Kurumu heyetini kabul etti - Kuzeyin Sesi","isPartOf":{"@id":"https:\/\/kuzeyinsesi.org\/#website"},"primaryImageOfPage":{"@id":"https:\/\/kuzeyinsesi.org\/index.php\/2025\/03\/13\/cumhurbaskani-tatar-turk-dil-kurumu-heyetini-kabul-etti\/#primaryimage"},"image":{"@id":"https:\/\/kuzeyinsesi.org\/index.php\/2025\/03\/13\/cumhurbaskani-tatar-turk-dil-kurumu-heyetini-kabul-etti\/#primaryimage"},"thumbnailUrl":"https:\/\/kuzeyinsesi.org\/wp-content\/uploads\/2025\/03\/e0d0a3ea-ca78-4a0f-ae04-572017003dc9.jpg","datePublished":"2025-03-13T15:00:41+00:00","author":{"@id":"https:\/\/kuzeyinsesi.org\/#\/schema\/person\/9f859689cdf01485597712386e37f5aa"},"breadcrumb":{"@id":"https:\/\/kuzeyinsesi.org\/index.php\/2025\/03\/13\/cumhurbaskani-tatar-turk-dil-kurumu-heyetini-kabul-etti\/#breadcrumb"},"inLanguage":"tr","potentialAction":[{"@type":"ReadAction","target":["https:\/\/kuzeyinsesi.org\/index.php\/2025\/03\/13\/cumhurbaskani-tatar-turk-dil-kurumu-heyetini-kabul-etti\/"]}]},{"@type":"ImageObject","inLanguage":"tr","@id":"https:\/\/kuzeyinsesi.org\/index.php\/2025\/03\/13\/cumhurbaskani-tatar-turk-dil-kurumu-heyetini-kabul-etti\/#primaryimage","url":"https:\/\/kuzeyinsesi.org\/wp-content\/uploads\/2025\/03\/e0d0a3ea-ca78-4a0f-ae04-572017003dc9.jpg","contentUrl":"https:\/\/kuzeyinsesi.org\/wp-content\/uploads\/2025\/03\/e0d0a3ea-ca78-4a0f-ae04-572017003dc9.jpg","width":2560,"height":988},{"@type":"BreadcrumbList","@id":"https:\/\/kuzeyinsesi.org\/index.php\/2025\/03\/13\/cumhurbaskani-tatar-turk-dil-kurumu-heyetini-kabul-etti\/#breadcrumb","itemListElement":[{"@type":"ListItem","position":1,"name":"Anasayfa","item":"https:\/\/kuzeyinsesi.org\/"},{"@type":"ListItem","position":2,"name":"Cumhurba\u015fkan\u0131 Tatar T\u00fcrk Dil Kurumu heyetini kabul etti"}]},{"@type":"WebSite","@id":"https:\/\/kuzeyinsesi.org\/#website","url":"https:\/\/kuzeyinsesi.org\/","name":"Kuzeyin Sesi","description":"Do\u011fru Haberin Adresi","potentialAction":[{"@type":"SearchAction","target":{"@type":"EntryPoint","urlTemplate":"https:\/\/kuzeyinsesi.org\/?s={search_term_string}"},"query-input":{"@type":"PropertyValueSpecification","valueRequired":true,"valueName":"search_term_string"}}],"inLanguage":"tr"},{"@type":"Person","@id":"https:\/\/kuzeyinsesi.org\/#\/schema\/person\/9f859689cdf01485597712386e37f5aa","name":"Kuzeyin Sesi","image":{"@type":"ImageObject","inLanguage":"tr","@id":"https:\/\/secure.gravatar.com\/avatar\/bab33852abfd8b282518d6ed81826833d77c3c882d9ab608add591ccace47a44?s=96&d=mm&r=g","url":"https:\/\/secure.gravatar.com\/avatar\/bab33852abfd8b282518d6ed81826833d77c3c882d9ab608add591ccace47a44?s=96&d=mm&r=g","contentUrl":"https:\/\/secure.gravatar.com\/avatar\/bab33852abfd8b282518d6ed81826833d77c3c882d9ab608add591ccace47a44?s=96&d=mm&r=g","caption":"Kuzeyin Sesi"},"sameAs":["https:\/\/kuzeyinsesi.org"],"url":"https:\/\/kuzeyinsesi.org\/index.php\/author\/guven\/"}]}},"_links":{"self":[{"href":"https:\/\/kuzeyinsesi.org\/index.php\/wp-json\/wp\/v2\/posts\/20875","targetHints":{"allow":["GET"]}}],"collection":[{"href":"https:\/\/kuzeyinsesi.org\/index.php\/wp-json\/wp\/v2\/posts"}],"about":[{"href":"https:\/\/kuzeyinsesi.org\/index.php\/wp-json\/wp\/v2\/types\/post"}],"author":[{"embeddable":true,"href":"https:\/\/kuzeyinsesi.org\/index.php\/wp-json\/wp\/v2\/users\/1"}],"replies":[{"embeddable":true,"href":"https:\/\/kuzeyinsesi.org\/index.php\/wp-json\/wp\/v2\/comments?post=20875"}],"version-history":[{"count":0,"href":"https:\/\/kuzeyinsesi.org\/index.php\/wp-json\/wp\/v2\/posts\/20875\/revisions"}],"wp:featuredmedia":[{"embeddable":true,"href":"https:\/\/kuzeyinsesi.org\/index.php\/wp-json\/wp\/v2\/media\/20876"}],"wp:attachment":[{"href":"https:\/\/kuzeyinsesi.org\/index.php\/wp-json\/wp\/v2\/media?parent=20875"}],"wp:term":[{"taxonomy":"category","embeddable":true,"href":"https:\/\/kuzeyinsesi.org\/index.php\/wp-json\/wp\/v2\/categories?post=20875"},{"taxonomy":"post_tag","embeddable":true,"href":"https:\/\/kuzeyinsesi.org\/index.php\/wp-json\/wp\/v2\/tags?post=20875"}],"curies":[{"name":"wp","href":"https:\/\/api.w.org\/{rel}","templated":true}]}}