{"id":2084,"date":"2024-05-11T12:59:56","date_gmt":"2024-05-11T09:59:56","guid":{"rendered":"https:\/\/kuzeyinsesi.com\/index.php\/2024\/05\/11\/dogu-akdenizde-icra-edilen-denizkurdu-tatbikati-seckin-gozlemci-gunu-basladi\/"},"modified":"2024-05-11T12:59:56","modified_gmt":"2024-05-11T09:59:56","slug":"dogu-akdenizde-icra-edilen-denizkurdu-tatbikati-seckin-gozlemci-gunu-basladi","status":"publish","type":"post","link":"https:\/\/kuzeyinsesi.org\/index.php\/2024\/05\/11\/dogu-akdenizde-icra-edilen-denizkurdu-tatbikati-seckin-gozlemci-gunu-basladi\/","title":{"rendered":"Do\u011fu Akdeniz\u2019de icra edilen Denizkurdu Tatbikat\u0131 se\u00e7kin g\u00f6zlemci g\u00fcn\u00fc ba\u015flad\u0131"},"content":{"rendered":"<div>\n<div class=\"mariselle-image-container center\">\n                                            <\/div>\n<p>T\u00fcrkiye Deniz Kuvvetleri Komutanl\u0131\u011f\u0131nca Do\u011fu Akdeniz\u2019de icra edilen DEN\u0130ZKURDU-II\/2024 Tatbikat\u0131\u2019n\u0131n se\u00e7kin g\u00f6zlemci g\u00fcn\u00fc ba\u015flad\u0131.<\/p>\n<p>Tatbikat\u0131n Do\u011fu Akdeniz\u2019i kapsayan k\u0131sm\u0131na kat\u0131lan f\u0131rkateynler, h\u00fccumbotlar, denizalt\u0131lar, yard\u0131mc\u0131 s\u0131n\u0131f gemiler, may\u0131n gemileri, karakol gemileri Aksaz Liman\u0131\u2019ndan sabah erken saatlerinde hareket etti.<\/p>\n<div class=\"mariselle-image-container center\">\n                <img decoding=\"async\" width=\"2560\" height=\"1706\" class=\"lazy-image\" alt=\"\" sizes=\"(max-width: 2560px) 100vw, 2560px\" src=\"https:\/\/brtk.net\/wp-content\/uploads\/2024\/05\/11\/tatbikat-1-2-scaled.jpg?ver=fe8dbf1c50ba351d1e682c6a949bcb04\" srcset=\"https:\/\/brtk.net\/wp-content\/uploads\/2024\/05\/11\/tatbikat-1-2-scaled.jpg?ver=fe8dbf1c50ba351d1e682c6a949bcb04 2560w, https:\/\/brtk.net\/wp-content\/uploads\/2024\/05\/11\/tatbikat-1-2-300x200.jpg?ver=fe8dbf1c50ba351d1e682c6a949bcb04 300w, https:\/\/brtk.net\/wp-content\/uploads\/2024\/05\/11\/tatbikat-1-2-1024x683.jpg?ver=fec17602474e055e59956d20d0d8da9f 1024w, https:\/\/brtk.net\/wp-content\/uploads\/2024\/05\/11\/tatbikat-1-2-768x512.jpg?ver=e4b0a2dee57cac22edd540a491254155 768w, https:\/\/brtk.net\/wp-content\/uploads\/2024\/05\/11\/tatbikat-1-2-1536x1024.jpg?ver=03770c9b8e175acc4cd016d37839118e 1536w, https:\/\/brtk.net\/wp-content\/uploads\/2024\/05\/11\/tatbikat-1-2-2048x1365.jpg?ver=3451de6087ff7e6f61ec39c24fbd8b4f 2048w\"\/>                            <\/div>\n<p>Tatbikat\u0131n se\u00e7kin g\u00f6zlemci g\u00fcn\u00fcne Almanya, Azerbaycan, Bel\u00e7ika, Bosna Hersek, Bulgaristan, Finlandiya, G\u00fcrcistan, Irak, Japonya, KKTC, Libya, Malezya, Nijerya, Portekiz, Sierra Leone, \u00dcrd\u00fcn ve Yemen\u2019den 18 askeri ata\u015fe kat\u0131l\u0131yor.<\/p>\n<p>Do\u011fu Akdeniz\u2019de icra edilen tatbikat\u0131n se\u00e7kin g\u00f6zlemci g\u00fcn\u00fcnde TCG Salihreis gemisine gelen Milli Savunma Bakan\u0131 Ya\u015far G\u00fcler, personelini selamlad\u0131.<\/p>\n<p>Liman \u00e7\u0131k\u0131\u015f\u0131nda TCG \u0130stanbul, TCG Salihreis f\u0131rkateyninde bulunan Bakan G\u00fcler\u2019i top at\u0131\u015f\u0131yla selamlad\u0131.<\/p>\n<p>TCG Salihreis Gemisi\u2019nde Donanma Harekat Ba\u015fkan\u0131 Tu\u011famiral Kenan Kaan T\u00fcrkkan\u2019\u0131n sundu\u011fu brifinge Bakan G\u00fcler\u2019in yan\u0131 s\u0131ra Genelkurmay Ba\u015fkan\u0131 Orgeneral Metin G\u00fcrak, Deniz Kuvvetleri Komutan\u0131 Oramiral Erc\u00fcment Tatl\u0131o\u011flu, Kara Kuvvetleri Komutan\u0131 Orgeneral Sel\u00e7uk Bayraktaro\u011flu, Hava Kuvvetleri Komutan\u0131 Orgeneral Ziya Cemal Kad\u0131o\u011flu, Donanma Komutan\u0131 Koramiral Kadir Y\u0131ld\u0131z, Kuzey G\u00f6rev Grup Komutan\u0131 Tu\u011famiral Erdin\u00e7 Alt\u0131ner de kat\u0131ld\u0131.<\/p>\n<\/p><\/div>\n<p><script async\n                    defer\n                    crossorigin=\"anonymous\"\n                    src=\"https:\/\/connect.facebook.net\/tr_TR\/sdk.js#xfbml=1&#038;version=v3.3\"\n            ><\/script><\/p>\n","protected":false},"excerpt":{"rendered":"<p>T\u00fcrkiye Deniz Kuvvetleri Komutanl\u0131\u011f\u0131nca Do\u011fu Akdeniz\u2019de icra edilen DEN\u0130ZKURDU-II\/2024 Tatbikat\u0131\u2019n\u0131n se\u00e7kin g\u00f6zlemci g\u00fcn\u00fc ba\u015flad\u0131. Tatbikat\u0131n Do\u011fu Akdeniz\u2019i kapsayan k\u0131sm\u0131na kat\u0131lan f\u0131rkateynler, h\u00fccumbotlar, denizalt\u0131lar, yard\u0131mc\u0131 s\u0131n\u0131f gemiler, may\u0131n gemileri, karakol gemileri Aksaz Liman\u0131\u2019ndan sabah erken saatlerinde hareket etti. Tatbikat\u0131n se\u00e7kin g\u00f6zlemci g\u00fcn\u00fcne Almanya, Azerbaycan, Bel\u00e7ika, Bosna Hersek, Bulgaristan, Finlandiya, G\u00fcrcistan, Irak, Japonya, KKTC, Libya, Malezya, Nijerya, [&hellip;]<\/p>\n","protected":false},"author":1,"featured_media":2085,"comment_status":"open","ping_status":"open","sticky":false,"template":"","format":"standard","meta":{"jnews-multi-image_gallery":[],"jnews_single_post":[],"jnews_primary_category":[],"jnews_social_meta":[],"jnews_override_counter":[],"footnotes":""},"categories":[5],"tags":[],"class_list":["post-2084","post","type-post","status-publish","format-standard","has-post-thumbnail","hentry","category-turkiye"],"yoast_head":"<!-- This site is optimized with the Yoast SEO plugin v27.5 - https:\/\/yoast.com\/product\/yoast-seo-wordpress\/ -->\n<title>Do\u011fu Akdeniz\u2019de icra edilen Denizkurdu Tatbikat\u0131 se\u00e7kin g\u00f6zlemci g\u00fcn\u00fc ba\u015flad\u0131 - Kuzeyin Sesi<\/title>\n<meta name=\"robots\" content=\"index, follow, max-snippet:-1, max-image-preview:large, max-video-preview:-1\" \/>\n<link rel=\"canonical\" href=\"https:\/\/kuzeyinsesi.org\/index.php\/2024\/05\/11\/dogu-akdenizde-icra-edilen-denizkurdu-tatbikati-seckin-gozlemci-gunu-basladi\/\" \/>\n<meta property=\"og:locale\" content=\"tr_TR\" \/>\n<meta property=\"og:type\" content=\"article\" \/>\n<meta property=\"og:title\" content=\"Do\u011fu Akdeniz\u2019de icra edilen Denizkurdu Tatbikat\u0131 se\u00e7kin g\u00f6zlemci g\u00fcn\u00fc ba\u015flad\u0131 - Kuzeyin Sesi\" \/>\n<meta property=\"og:description\" content=\"T\u00fcrkiye Deniz Kuvvetleri Komutanl\u0131\u011f\u0131nca Do\u011fu Akdeniz\u2019de icra edilen DEN\u0130ZKURDU-II\/2024 Tatbikat\u0131\u2019n\u0131n se\u00e7kin g\u00f6zlemci g\u00fcn\u00fc ba\u015flad\u0131. Tatbikat\u0131n Do\u011fu Akdeniz\u2019i kapsayan k\u0131sm\u0131na kat\u0131lan f\u0131rkateynler, h\u00fccumbotlar, denizalt\u0131lar, yard\u0131mc\u0131 s\u0131n\u0131f gemiler, may\u0131n gemileri, karakol gemileri Aksaz Liman\u0131\u2019ndan sabah erken saatlerinde hareket etti. Tatbikat\u0131n se\u00e7kin g\u00f6zlemci g\u00fcn\u00fcne Almanya, Azerbaycan, Bel\u00e7ika, Bosna Hersek, Bulgaristan, Finlandiya, G\u00fcrcistan, Irak, Japonya, KKTC, Libya, Malezya, Nijerya, [&hellip;]\" \/>\n<meta property=\"og:url\" content=\"https:\/\/kuzeyinsesi.org\/index.php\/2024\/05\/11\/dogu-akdenizde-icra-edilen-denizkurdu-tatbikati-seckin-gozlemci-gunu-basladi\/\" \/>\n<meta property=\"og:site_name\" content=\"Kuzeyin Sesi\" \/>\n<meta property=\"article:publisher\" content=\"https:\/\/www.facebook.com\/kuzeyinsesii\" \/>\n<meta property=\"article:published_time\" content=\"2024-05-11T09:59:56+00:00\" \/>\n<meta property=\"og:image\" content=\"https:\/\/kuzeyinsesi.org\/wp-content\/uploads\/2024\/05\/tatbikat-4-1-scaled.jpg\" \/>\n\t<meta property=\"og:image:width\" content=\"2560\" \/>\n\t<meta property=\"og:image:height\" content=\"2045\" \/>\n\t<meta property=\"og:image:type\" content=\"image\/jpeg\" \/>\n<meta name=\"author\" content=\"Kuzeyin Sesi\" \/>\n<meta name=\"twitter:card\" content=\"summary_large_image\" \/>\n<meta name=\"twitter:creator\" content=\"@kuzeyinsesii\" \/>\n<meta name=\"twitter:site\" content=\"@kuzeyinsesii\" \/>\n<meta name=\"twitter:label1\" content=\"Yazan:\" \/>\n\t<meta name=\"twitter:data1\" content=\"Kuzeyin Sesi\" \/>\n\t<meta name=\"twitter:label2\" content=\"Tahmini okuma s\u00fcresi\" \/>\n\t<meta name=\"twitter:data2\" content=\"1 dakika\" \/>\n<script type=\"application\/ld+json\" class=\"yoast-schema-graph\">{\"@context\":\"https:\\\/\\\/schema.org\",\"@graph\":[{\"@type\":\"Article\",\"@id\":\"https:\\\/\\\/kuzeyinsesi.org\\\/index.php\\\/2024\\\/05\\\/11\\\/dogu-akdenizde-icra-edilen-denizkurdu-tatbikati-seckin-gozlemci-gunu-basladi\\\/#article\",\"isPartOf\":{\"@id\":\"https:\\\/\\\/kuzeyinsesi.org\\\/index.php\\\/2024\\\/05\\\/11\\\/dogu-akdenizde-icra-edilen-denizkurdu-tatbikati-seckin-gozlemci-gunu-basladi\\\/\"},\"author\":{\"name\":\"Kuzeyin Sesi\",\"@id\":\"https:\\\/\\\/kuzeyinsesi.org\\\/#\\\/schema\\\/person\\\/9f859689cdf01485597712386e37f5aa\"},\"headline\":\"Do\u011fu Akdeniz\u2019de icra edilen Denizkurdu Tatbikat\u0131 se\u00e7kin g\u00f6zlemci g\u00fcn\u00fc ba\u015flad\u0131\",\"datePublished\":\"2024-05-11T09:59:56+00:00\",\"mainEntityOfPage\":{\"@id\":\"https:\\\/\\\/kuzeyinsesi.org\\\/index.php\\\/2024\\\/05\\\/11\\\/dogu-akdenizde-icra-edilen-denizkurdu-tatbikati-seckin-gozlemci-gunu-basladi\\\/\"},\"wordCount\":241,\"commentCount\":0,\"image\":{\"@id\":\"https:\\\/\\\/kuzeyinsesi.org\\\/index.php\\\/2024\\\/05\\\/11\\\/dogu-akdenizde-icra-edilen-denizkurdu-tatbikati-seckin-gozlemci-gunu-basladi\\\/#primaryimage\"},\"thumbnailUrl\":\"https:\\\/\\\/kuzeyinsesi.org\\\/wp-content\\\/uploads\\\/2024\\\/05\\\/tatbikat-4-1-scaled.jpg\",\"articleSection\":[\"T\u00fcrkiye\"],\"inLanguage\":\"tr\",\"potentialAction\":[{\"@type\":\"CommentAction\",\"name\":\"Comment\",\"target\":[\"https:\\\/\\\/kuzeyinsesi.org\\\/index.php\\\/2024\\\/05\\\/11\\\/dogu-akdenizde-icra-edilen-denizkurdu-tatbikati-seckin-gozlemci-gunu-basladi\\\/#respond\"]}]},{\"@type\":\"WebPage\",\"@id\":\"https:\\\/\\\/kuzeyinsesi.org\\\/index.php\\\/2024\\\/05\\\/11\\\/dogu-akdenizde-icra-edilen-denizkurdu-tatbikati-seckin-gozlemci-gunu-basladi\\\/\",\"url\":\"https:\\\/\\\/kuzeyinsesi.org\\\/index.php\\\/2024\\\/05\\\/11\\\/dogu-akdenizde-icra-edilen-denizkurdu-tatbikati-seckin-gozlemci-gunu-basladi\\\/\",\"name\":\"Do\u011fu Akdeniz\u2019de icra edilen Denizkurdu Tatbikat\u0131 se\u00e7kin g\u00f6zlemci g\u00fcn\u00fc ba\u015flad\u0131 - Kuzeyin Sesi\",\"isPartOf\":{\"@id\":\"https:\\\/\\\/kuzeyinsesi.org\\\/#website\"},\"primaryImageOfPage\":{\"@id\":\"https:\\\/\\\/kuzeyinsesi.org\\\/index.php\\\/2024\\\/05\\\/11\\\/dogu-akdenizde-icra-edilen-denizkurdu-tatbikati-seckin-gozlemci-gunu-basladi\\\/#primaryimage\"},\"image\":{\"@id\":\"https:\\\/\\\/kuzeyinsesi.org\\\/index.php\\\/2024\\\/05\\\/11\\\/dogu-akdenizde-icra-edilen-denizkurdu-tatbikati-seckin-gozlemci-gunu-basladi\\\/#primaryimage\"},\"thumbnailUrl\":\"https:\\\/\\\/kuzeyinsesi.org\\\/wp-content\\\/uploads\\\/2024\\\/05\\\/tatbikat-4-1-scaled.jpg\",\"datePublished\":\"2024-05-11T09:59:56+00:00\",\"author\":{\"@id\":\"https:\\\/\\\/kuzeyinsesi.org\\\/#\\\/schema\\\/person\\\/9f859689cdf01485597712386e37f5aa\"},\"breadcrumb\":{\"@id\":\"https:\\\/\\\/kuzeyinsesi.org\\\/index.php\\\/2024\\\/05\\\/11\\\/dogu-akdenizde-icra-edilen-denizkurdu-tatbikati-seckin-gozlemci-gunu-basladi\\\/#breadcrumb\"},\"inLanguage\":\"tr\",\"potentialAction\":[{\"@type\":\"ReadAction\",\"target\":[\"https:\\\/\\\/kuzeyinsesi.org\\\/index.php\\\/2024\\\/05\\\/11\\\/dogu-akdenizde-icra-edilen-denizkurdu-tatbikati-seckin-gozlemci-gunu-basladi\\\/\"]}]},{\"@type\":\"ImageObject\",\"inLanguage\":\"tr\",\"@id\":\"https:\\\/\\\/kuzeyinsesi.org\\\/index.php\\\/2024\\\/05\\\/11\\\/dogu-akdenizde-icra-edilen-denizkurdu-tatbikati-seckin-gozlemci-gunu-basladi\\\/#primaryimage\",\"url\":\"https:\\\/\\\/kuzeyinsesi.org\\\/wp-content\\\/uploads\\\/2024\\\/05\\\/tatbikat-4-1-scaled.jpg\",\"contentUrl\":\"https:\\\/\\\/kuzeyinsesi.org\\\/wp-content\\\/uploads\\\/2024\\\/05\\\/tatbikat-4-1-scaled.jpg\",\"width\":2560,\"height\":2045},{\"@type\":\"BreadcrumbList\",\"@id\":\"https:\\\/\\\/kuzeyinsesi.org\\\/index.php\\\/2024\\\/05\\\/11\\\/dogu-akdenizde-icra-edilen-denizkurdu-tatbikati-seckin-gozlemci-gunu-basladi\\\/#breadcrumb\",\"itemListElement\":[{\"@type\":\"ListItem\",\"position\":1,\"name\":\"Anasayfa\",\"item\":\"https:\\\/\\\/kuzeyinsesi.org\\\/\"},{\"@type\":\"ListItem\",\"position\":2,\"name\":\"Do\u011fu Akdeniz\u2019de icra edilen Denizkurdu Tatbikat\u0131 se\u00e7kin g\u00f6zlemci g\u00fcn\u00fc ba\u015flad\u0131\"}]},{\"@type\":\"WebSite\",\"@id\":\"https:\\\/\\\/kuzeyinsesi.org\\\/#website\",\"url\":\"https:\\\/\\\/kuzeyinsesi.org\\\/\",\"name\":\"Kuzeyin Sesi\",\"description\":\"Do\u011fru Haberin Adresi\",\"potentialAction\":[{\"@type\":\"SearchAction\",\"target\":{\"@type\":\"EntryPoint\",\"urlTemplate\":\"https:\\\/\\\/kuzeyinsesi.org\\\/?s={search_term_string}\"},\"query-input\":{\"@type\":\"PropertyValueSpecification\",\"valueRequired\":true,\"valueName\":\"search_term_string\"}}],\"inLanguage\":\"tr\"},{\"@type\":\"Person\",\"@id\":\"https:\\\/\\\/kuzeyinsesi.org\\\/#\\\/schema\\\/person\\\/9f859689cdf01485597712386e37f5aa\",\"name\":\"Kuzeyin Sesi\",\"image\":{\"@type\":\"ImageObject\",\"inLanguage\":\"tr\",\"@id\":\"https:\\\/\\\/secure.gravatar.com\\\/avatar\\\/bab33852abfd8b282518d6ed81826833d77c3c882d9ab608add591ccace47a44?s=96&d=mm&r=g\",\"url\":\"https:\\\/\\\/secure.gravatar.com\\\/avatar\\\/bab33852abfd8b282518d6ed81826833d77c3c882d9ab608add591ccace47a44?s=96&d=mm&r=g\",\"contentUrl\":\"https:\\\/\\\/secure.gravatar.com\\\/avatar\\\/bab33852abfd8b282518d6ed81826833d77c3c882d9ab608add591ccace47a44?s=96&d=mm&r=g\",\"caption\":\"Kuzeyin Sesi\"},\"sameAs\":[\"https:\\\/\\\/kuzeyinsesi.org\"],\"url\":\"https:\\\/\\\/kuzeyinsesi.org\\\/index.php\\\/author\\\/guven\\\/\"}]}<\/script>\n<!-- \/ Yoast SEO plugin. -->","yoast_head_json":{"title":"Do\u011fu Akdeniz\u2019de icra edilen Denizkurdu Tatbikat\u0131 se\u00e7kin g\u00f6zlemci g\u00fcn\u00fc ba\u015flad\u0131 - Kuzeyin Sesi","robots":{"index":"index","follow":"follow","max-snippet":"max-snippet:-1","max-image-preview":"max-image-preview:large","max-video-preview":"max-video-preview:-1"},"canonical":"https:\/\/kuzeyinsesi.org\/index.php\/2024\/05\/11\/dogu-akdenizde-icra-edilen-denizkurdu-tatbikati-seckin-gozlemci-gunu-basladi\/","og_locale":"tr_TR","og_type":"article","og_title":"Do\u011fu Akdeniz\u2019de icra edilen Denizkurdu Tatbikat\u0131 se\u00e7kin g\u00f6zlemci g\u00fcn\u00fc ba\u015flad\u0131 - Kuzeyin Sesi","og_description":"T\u00fcrkiye Deniz Kuvvetleri Komutanl\u0131\u011f\u0131nca Do\u011fu Akdeniz\u2019de icra edilen DEN\u0130ZKURDU-II\/2024 Tatbikat\u0131\u2019n\u0131n se\u00e7kin g\u00f6zlemci g\u00fcn\u00fc ba\u015flad\u0131. Tatbikat\u0131n Do\u011fu Akdeniz\u2019i kapsayan k\u0131sm\u0131na kat\u0131lan f\u0131rkateynler, h\u00fccumbotlar, denizalt\u0131lar, yard\u0131mc\u0131 s\u0131n\u0131f gemiler, may\u0131n gemileri, karakol gemileri Aksaz Liman\u0131\u2019ndan sabah erken saatlerinde hareket etti. Tatbikat\u0131n se\u00e7kin g\u00f6zlemci g\u00fcn\u00fcne Almanya, Azerbaycan, Bel\u00e7ika, Bosna Hersek, Bulgaristan, Finlandiya, G\u00fcrcistan, Irak, Japonya, KKTC, Libya, Malezya, Nijerya, [&hellip;]","og_url":"https:\/\/kuzeyinsesi.org\/index.php\/2024\/05\/11\/dogu-akdenizde-icra-edilen-denizkurdu-tatbikati-seckin-gozlemci-gunu-basladi\/","og_site_name":"Kuzeyin Sesi","article_publisher":"https:\/\/www.facebook.com\/kuzeyinsesii","article_published_time":"2024-05-11T09:59:56+00:00","og_image":[{"width":2560,"height":2045,"url":"https:\/\/kuzeyinsesi.org\/wp-content\/uploads\/2024\/05\/tatbikat-4-1-scaled.jpg","type":"image\/jpeg"}],"author":"Kuzeyin Sesi","twitter_card":"summary_large_image","twitter_creator":"@kuzeyinsesii","twitter_site":"@kuzeyinsesii","twitter_misc":{"Yazan:":"Kuzeyin Sesi","Tahmini okuma s\u00fcresi":"1 dakika"},"schema":{"@context":"https:\/\/schema.org","@graph":[{"@type":"Article","@id":"https:\/\/kuzeyinsesi.org\/index.php\/2024\/05\/11\/dogu-akdenizde-icra-edilen-denizkurdu-tatbikati-seckin-gozlemci-gunu-basladi\/#article","isPartOf":{"@id":"https:\/\/kuzeyinsesi.org\/index.php\/2024\/05\/11\/dogu-akdenizde-icra-edilen-denizkurdu-tatbikati-seckin-gozlemci-gunu-basladi\/"},"author":{"name":"Kuzeyin Sesi","@id":"https:\/\/kuzeyinsesi.org\/#\/schema\/person\/9f859689cdf01485597712386e37f5aa"},"headline":"Do\u011fu Akdeniz\u2019de icra edilen Denizkurdu Tatbikat\u0131 se\u00e7kin g\u00f6zlemci g\u00fcn\u00fc ba\u015flad\u0131","datePublished":"2024-05-11T09:59:56+00:00","mainEntityOfPage":{"@id":"https:\/\/kuzeyinsesi.org\/index.php\/2024\/05\/11\/dogu-akdenizde-icra-edilen-denizkurdu-tatbikati-seckin-gozlemci-gunu-basladi\/"},"wordCount":241,"commentCount":0,"image":{"@id":"https:\/\/kuzeyinsesi.org\/index.php\/2024\/05\/11\/dogu-akdenizde-icra-edilen-denizkurdu-tatbikati-seckin-gozlemci-gunu-basladi\/#primaryimage"},"thumbnailUrl":"https:\/\/kuzeyinsesi.org\/wp-content\/uploads\/2024\/05\/tatbikat-4-1-scaled.jpg","articleSection":["T\u00fcrkiye"],"inLanguage":"tr","potentialAction":[{"@type":"CommentAction","name":"Comment","target":["https:\/\/kuzeyinsesi.org\/index.php\/2024\/05\/11\/dogu-akdenizde-icra-edilen-denizkurdu-tatbikati-seckin-gozlemci-gunu-basladi\/#respond"]}]},{"@type":"WebPage","@id":"https:\/\/kuzeyinsesi.org\/index.php\/2024\/05\/11\/dogu-akdenizde-icra-edilen-denizkurdu-tatbikati-seckin-gozlemci-gunu-basladi\/","url":"https:\/\/kuzeyinsesi.org\/index.php\/2024\/05\/11\/dogu-akdenizde-icra-edilen-denizkurdu-tatbikati-seckin-gozlemci-gunu-basladi\/","name":"Do\u011fu Akdeniz\u2019de icra edilen Denizkurdu Tatbikat\u0131 se\u00e7kin g\u00f6zlemci g\u00fcn\u00fc ba\u015flad\u0131 - Kuzeyin Sesi","isPartOf":{"@id":"https:\/\/kuzeyinsesi.org\/#website"},"primaryImageOfPage":{"@id":"https:\/\/kuzeyinsesi.org\/index.php\/2024\/05\/11\/dogu-akdenizde-icra-edilen-denizkurdu-tatbikati-seckin-gozlemci-gunu-basladi\/#primaryimage"},"image":{"@id":"https:\/\/kuzeyinsesi.org\/index.php\/2024\/05\/11\/dogu-akdenizde-icra-edilen-denizkurdu-tatbikati-seckin-gozlemci-gunu-basladi\/#primaryimage"},"thumbnailUrl":"https:\/\/kuzeyinsesi.org\/wp-content\/uploads\/2024\/05\/tatbikat-4-1-scaled.jpg","datePublished":"2024-05-11T09:59:56+00:00","author":{"@id":"https:\/\/kuzeyinsesi.org\/#\/schema\/person\/9f859689cdf01485597712386e37f5aa"},"breadcrumb":{"@id":"https:\/\/kuzeyinsesi.org\/index.php\/2024\/05\/11\/dogu-akdenizde-icra-edilen-denizkurdu-tatbikati-seckin-gozlemci-gunu-basladi\/#breadcrumb"},"inLanguage":"tr","potentialAction":[{"@type":"ReadAction","target":["https:\/\/kuzeyinsesi.org\/index.php\/2024\/05\/11\/dogu-akdenizde-icra-edilen-denizkurdu-tatbikati-seckin-gozlemci-gunu-basladi\/"]}]},{"@type":"ImageObject","inLanguage":"tr","@id":"https:\/\/kuzeyinsesi.org\/index.php\/2024\/05\/11\/dogu-akdenizde-icra-edilen-denizkurdu-tatbikati-seckin-gozlemci-gunu-basladi\/#primaryimage","url":"https:\/\/kuzeyinsesi.org\/wp-content\/uploads\/2024\/05\/tatbikat-4-1-scaled.jpg","contentUrl":"https:\/\/kuzeyinsesi.org\/wp-content\/uploads\/2024\/05\/tatbikat-4-1-scaled.jpg","width":2560,"height":2045},{"@type":"BreadcrumbList","@id":"https:\/\/kuzeyinsesi.org\/index.php\/2024\/05\/11\/dogu-akdenizde-icra-edilen-denizkurdu-tatbikati-seckin-gozlemci-gunu-basladi\/#breadcrumb","itemListElement":[{"@type":"ListItem","position":1,"name":"Anasayfa","item":"https:\/\/kuzeyinsesi.org\/"},{"@type":"ListItem","position":2,"name":"Do\u011fu Akdeniz\u2019de icra edilen Denizkurdu Tatbikat\u0131 se\u00e7kin g\u00f6zlemci g\u00fcn\u00fc ba\u015flad\u0131"}]},{"@type":"WebSite","@id":"https:\/\/kuzeyinsesi.org\/#website","url":"https:\/\/kuzeyinsesi.org\/","name":"Kuzeyin Sesi","description":"Do\u011fru Haberin Adresi","potentialAction":[{"@type":"SearchAction","target":{"@type":"EntryPoint","urlTemplate":"https:\/\/kuzeyinsesi.org\/?s={search_term_string}"},"query-input":{"@type":"PropertyValueSpecification","valueRequired":true,"valueName":"search_term_string"}}],"inLanguage":"tr"},{"@type":"Person","@id":"https:\/\/kuzeyinsesi.org\/#\/schema\/person\/9f859689cdf01485597712386e37f5aa","name":"Kuzeyin Sesi","image":{"@type":"ImageObject","inLanguage":"tr","@id":"https:\/\/secure.gravatar.com\/avatar\/bab33852abfd8b282518d6ed81826833d77c3c882d9ab608add591ccace47a44?s=96&d=mm&r=g","url":"https:\/\/secure.gravatar.com\/avatar\/bab33852abfd8b282518d6ed81826833d77c3c882d9ab608add591ccace47a44?s=96&d=mm&r=g","contentUrl":"https:\/\/secure.gravatar.com\/avatar\/bab33852abfd8b282518d6ed81826833d77c3c882d9ab608add591ccace47a44?s=96&d=mm&r=g","caption":"Kuzeyin Sesi"},"sameAs":["https:\/\/kuzeyinsesi.org"],"url":"https:\/\/kuzeyinsesi.org\/index.php\/author\/guven\/"}]}},"_links":{"self":[{"href":"https:\/\/kuzeyinsesi.org\/index.php\/wp-json\/wp\/v2\/posts\/2084","targetHints":{"allow":["GET"]}}],"collection":[{"href":"https:\/\/kuzeyinsesi.org\/index.php\/wp-json\/wp\/v2\/posts"}],"about":[{"href":"https:\/\/kuzeyinsesi.org\/index.php\/wp-json\/wp\/v2\/types\/post"}],"author":[{"embeddable":true,"href":"https:\/\/kuzeyinsesi.org\/index.php\/wp-json\/wp\/v2\/users\/1"}],"replies":[{"embeddable":true,"href":"https:\/\/kuzeyinsesi.org\/index.php\/wp-json\/wp\/v2\/comments?post=2084"}],"version-history":[{"count":0,"href":"https:\/\/kuzeyinsesi.org\/index.php\/wp-json\/wp\/v2\/posts\/2084\/revisions"}],"wp:featuredmedia":[{"embeddable":true,"href":"https:\/\/kuzeyinsesi.org\/index.php\/wp-json\/wp\/v2\/media\/2085"}],"wp:attachment":[{"href":"https:\/\/kuzeyinsesi.org\/index.php\/wp-json\/wp\/v2\/media?parent=2084"}],"wp:term":[{"taxonomy":"category","embeddable":true,"href":"https:\/\/kuzeyinsesi.org\/index.php\/wp-json\/wp\/v2\/categories?post=2084"},{"taxonomy":"post_tag","embeddable":true,"href":"https:\/\/kuzeyinsesi.org\/index.php\/wp-json\/wp\/v2\/tags?post=2084"}],"curies":[{"name":"wp","href":"https:\/\/api.w.org\/{rel}","templated":true}]}}