{"id":20827,"date":"2025-03-13T11:18:02","date_gmt":"2025-03-13T09:18:02","guid":{"rendered":"https:\/\/kuzeyinsesi.org\/index.php\/2025\/03\/13\/canakkale-gecilmez-konseri-duzenleniyor\/"},"modified":"2025-03-13T11:18:02","modified_gmt":"2025-03-13T09:18:02","slug":"canakkale-gecilmez-konseri-duzenleniyor","status":"publish","type":"post","link":"https:\/\/kuzeyinsesi.org\/index.php\/2025\/03\/13\/canakkale-gecilmez-konseri-duzenleniyor\/","title":{"rendered":"\u201c\u00c7anakkale Ge\u00e7ilmez\u201d konseri d\u00fczenleniyor"},"content":{"rendered":"<div>\n<div class=\"mariselle-image-container center\">\n                                            <\/div>\n<p>Ba\u015fbakan Yard\u0131mc\u0131l\u0131\u011f\u0131, Turizm, K\u00fclt\u00fcr, Gen\u00e7lik ve \u00c7evre Bakanl\u0131\u011f\u0131\u2019na ba\u011fl\u0131 Devlet Opera ve Bale Koordinasyon Merkezi (KKTCDOB), 18 Mart \u015eehitleri Anma G\u00fcn\u00fc ve \u00c7anakkale Zaferi\u2019nin 110. y\u0131l\u0131 an\u0131s\u0131na \u201c\u00c7anakkale Ge\u00e7ilmez\u201d konseri d\u00fczenliyor.<\/p>\n<p>Bakanl\u0131ktan yap\u0131lan a\u00e7\u0131klamaya g\u00f6re, 18 Mart Sal\u0131 g\u00fcn\u00fc Ortado\u011fu Teknik \u00dcniversitesi Kuzey K\u0131br\u0131s Kamp\u00fcs\u00fc (ODT\u00dc KKK) K\u00fclt\u00fcr ve Kongre Merkezi Rauf Raif Denkta\u015f salonunda yer alacak konser saat 20.00\u2019de ba\u015flayacak.<\/p>\n<p>Telsim\u2019in ileti\u015fim deste\u011fi sa\u011flad\u0131\u011f\u0131 konser ODT\u00dc KKK MARTFEST kapsam\u0131nda \u00fccretsiz ve halka a\u00e7\u0131k olarak ger\u00e7ekle\u015ftirilecek. <\/p>\n<p>Konserde yer alacak sanat\u00e7\u0131lar \u015f\u00f6yle: <\/p>\n<p>\u201cSermin Dikmen T\u00f6re -Soprano, Tu\u011frul Enver T\u00f6re- Bariton, Emre \u00d6z Arabac\u0131-Bariton, Esra Poyrazo\u011flu Alpan-Piyanist\u201d<\/p>\n<\/p><\/div>\n<p><script async\n                    defer\n                    crossorigin=\"anonymous\"\n                    src=\"https:\/\/connect.facebook.net\/tr_TR\/sdk.js#xfbml=1&#038;version=v3.3\"\n            ><\/script><\/p>\n","protected":false},"excerpt":{"rendered":"<p>Ba\u015fbakan Yard\u0131mc\u0131l\u0131\u011f\u0131, Turizm, K\u00fclt\u00fcr, Gen\u00e7lik ve \u00c7evre Bakanl\u0131\u011f\u0131\u2019na ba\u011fl\u0131 Devlet Opera ve Bale Koordinasyon Merkezi (KKTCDOB), 18 Mart \u015eehitleri Anma G\u00fcn\u00fc ve \u00c7anakkale Zaferi\u2019nin 110. y\u0131l\u0131 an\u0131s\u0131na \u201c\u00c7anakkale Ge\u00e7ilmez\u201d konseri d\u00fczenliyor. Bakanl\u0131ktan yap\u0131lan a\u00e7\u0131klamaya g\u00f6re, 18 Mart Sal\u0131 g\u00fcn\u00fc Ortado\u011fu Teknik \u00dcniversitesi Kuzey K\u0131br\u0131s Kamp\u00fcs\u00fc (ODT\u00dc KKK) K\u00fclt\u00fcr ve Kongre Merkezi Rauf Raif Denkta\u015f salonunda [&hellip;]<\/p>\n","protected":false},"author":1,"featured_media":20828,"comment_status":"open","ping_status":"open","sticky":false,"template":"","format":"standard","meta":{"jnews-multi-image_gallery":[],"jnews_single_post":[],"jnews_primary_category":[],"jnews_social_meta":[],"jnews_override_counter":[],"footnotes":""},"categories":[6],"tags":[],"class_list":["post-20827","post","type-post","status-publish","format-standard","has-post-thumbnail","hentry","category-yasam"],"yoast_head":"<!-- This site is optimized with the Yoast SEO plugin v27.4 - https:\/\/yoast.com\/product\/yoast-seo-wordpress\/ -->\n<title>\u201c\u00c7anakkale Ge\u00e7ilmez\u201d konseri d\u00fczenleniyor - Kuzeyin Sesi<\/title>\n<meta name=\"robots\" content=\"index, follow, max-snippet:-1, max-image-preview:large, max-video-preview:-1\" \/>\n<link rel=\"canonical\" href=\"https:\/\/kuzeyinsesi.org\/index.php\/2025\/03\/13\/canakkale-gecilmez-konseri-duzenleniyor\/\" \/>\n<meta property=\"og:locale\" content=\"tr_TR\" \/>\n<meta property=\"og:type\" content=\"article\" \/>\n<meta property=\"og:title\" content=\"\u201c\u00c7anakkale Ge\u00e7ilmez\u201d konseri d\u00fczenleniyor - Kuzeyin Sesi\" \/>\n<meta property=\"og:description\" content=\"Ba\u015fbakan Yard\u0131mc\u0131l\u0131\u011f\u0131, Turizm, K\u00fclt\u00fcr, Gen\u00e7lik ve \u00c7evre Bakanl\u0131\u011f\u0131\u2019na ba\u011fl\u0131 Devlet Opera ve Bale Koordinasyon Merkezi (KKTCDOB), 18 Mart \u015eehitleri Anma G\u00fcn\u00fc ve \u00c7anakkale Zaferi\u2019nin 110. y\u0131l\u0131 an\u0131s\u0131na \u201c\u00c7anakkale Ge\u00e7ilmez\u201d konseri d\u00fczenliyor. Bakanl\u0131ktan yap\u0131lan a\u00e7\u0131klamaya g\u00f6re, 18 Mart Sal\u0131 g\u00fcn\u00fc Ortado\u011fu Teknik \u00dcniversitesi Kuzey K\u0131br\u0131s Kamp\u00fcs\u00fc (ODT\u00dc KKK) K\u00fclt\u00fcr ve Kongre Merkezi Rauf Raif Denkta\u015f salonunda [&hellip;]\" \/>\n<meta property=\"og:url\" content=\"https:\/\/kuzeyinsesi.org\/index.php\/2025\/03\/13\/canakkale-gecilmez-konseri-duzenleniyor\/\" \/>\n<meta property=\"og:site_name\" content=\"Kuzeyin Sesi\" \/>\n<meta property=\"article:publisher\" content=\"https:\/\/www.facebook.com\/kuzeyinsesii\" \/>\n<meta property=\"article:published_time\" content=\"2025-03-13T09:18:02+00:00\" \/>\n<meta property=\"og:image\" content=\"https:\/\/brtk.net\/wp-content\/uploads\/2025\/03\/13\/1741851562089DEVLET-OPERA-BALE.jpg?ver=6f9b386defe0490f3525c4015a6b8820\" \/>\n<meta name=\"author\" content=\"Kuzeyin Sesi\" \/>\n<meta name=\"twitter:card\" content=\"summary_large_image\" \/>\n<meta name=\"twitter:creator\" content=\"@kuzeyinsesii\" \/>\n<meta name=\"twitter:site\" content=\"@kuzeyinsesii\" \/>\n<meta name=\"twitter:label1\" content=\"Yazan:\" \/>\n\t<meta name=\"twitter:data1\" content=\"Kuzeyin Sesi\" \/>\n\t<meta name=\"twitter:label2\" content=\"Tahmini okuma s\u00fcresi\" \/>\n\t<meta name=\"twitter:data2\" content=\"1 dakika\" \/>\n<script type=\"application\/ld+json\" class=\"yoast-schema-graph\">{\"@context\":\"https:\\\/\\\/schema.org\",\"@graph\":[{\"@type\":\"Article\",\"@id\":\"https:\\\/\\\/kuzeyinsesi.org\\\/index.php\\\/2025\\\/03\\\/13\\\/canakkale-gecilmez-konseri-duzenleniyor\\\/#article\",\"isPartOf\":{\"@id\":\"https:\\\/\\\/kuzeyinsesi.org\\\/index.php\\\/2025\\\/03\\\/13\\\/canakkale-gecilmez-konseri-duzenleniyor\\\/\"},\"author\":{\"name\":\"Kuzeyin Sesi\",\"@id\":\"https:\\\/\\\/kuzeyinsesi.org\\\/#\\\/schema\\\/person\\\/9f859689cdf01485597712386e37f5aa\"},\"headline\":\"\u201c\u00c7anakkale Ge\u00e7ilmez\u201d konseri d\u00fczenleniyor\",\"datePublished\":\"2025-03-13T09:18:02+00:00\",\"mainEntityOfPage\":{\"@id\":\"https:\\\/\\\/kuzeyinsesi.org\\\/index.php\\\/2025\\\/03\\\/13\\\/canakkale-gecilmez-konseri-duzenleniyor\\\/\"},\"wordCount\":139,\"commentCount\":0,\"image\":{\"@id\":\"https:\\\/\\\/kuzeyinsesi.org\\\/index.php\\\/2025\\\/03\\\/13\\\/canakkale-gecilmez-konseri-duzenleniyor\\\/#primaryimage\"},\"thumbnailUrl\":\"https:\\\/\\\/kuzeyinsesi.org\\\/wp-content\\\/uploads\\\/2025\\\/03\\\/1741851562089DEVLET-OPERA-BALE.jpg\",\"articleSection\":[\"Ya\u015fam\"],\"inLanguage\":\"tr\",\"potentialAction\":[{\"@type\":\"CommentAction\",\"name\":\"Comment\",\"target\":[\"https:\\\/\\\/kuzeyinsesi.org\\\/index.php\\\/2025\\\/03\\\/13\\\/canakkale-gecilmez-konseri-duzenleniyor\\\/#respond\"]}]},{\"@type\":\"WebPage\",\"@id\":\"https:\\\/\\\/kuzeyinsesi.org\\\/index.php\\\/2025\\\/03\\\/13\\\/canakkale-gecilmez-konseri-duzenleniyor\\\/\",\"url\":\"https:\\\/\\\/kuzeyinsesi.org\\\/index.php\\\/2025\\\/03\\\/13\\\/canakkale-gecilmez-konseri-duzenleniyor\\\/\",\"name\":\"\u201c\u00c7anakkale Ge\u00e7ilmez\u201d konseri d\u00fczenleniyor - Kuzeyin Sesi\",\"isPartOf\":{\"@id\":\"https:\\\/\\\/kuzeyinsesi.org\\\/#website\"},\"primaryImageOfPage\":{\"@id\":\"https:\\\/\\\/kuzeyinsesi.org\\\/index.php\\\/2025\\\/03\\\/13\\\/canakkale-gecilmez-konseri-duzenleniyor\\\/#primaryimage\"},\"image\":{\"@id\":\"https:\\\/\\\/kuzeyinsesi.org\\\/index.php\\\/2025\\\/03\\\/13\\\/canakkale-gecilmez-konseri-duzenleniyor\\\/#primaryimage\"},\"thumbnailUrl\":\"https:\\\/\\\/kuzeyinsesi.org\\\/wp-content\\\/uploads\\\/2025\\\/03\\\/1741851562089DEVLET-OPERA-BALE.jpg\",\"datePublished\":\"2025-03-13T09:18:02+00:00\",\"author\":{\"@id\":\"https:\\\/\\\/kuzeyinsesi.org\\\/#\\\/schema\\\/person\\\/9f859689cdf01485597712386e37f5aa\"},\"breadcrumb\":{\"@id\":\"https:\\\/\\\/kuzeyinsesi.org\\\/index.php\\\/2025\\\/03\\\/13\\\/canakkale-gecilmez-konseri-duzenleniyor\\\/#breadcrumb\"},\"inLanguage\":\"tr\",\"potentialAction\":[{\"@type\":\"ReadAction\",\"target\":[\"https:\\\/\\\/kuzeyinsesi.org\\\/index.php\\\/2025\\\/03\\\/13\\\/canakkale-gecilmez-konseri-duzenleniyor\\\/\"]}]},{\"@type\":\"ImageObject\",\"inLanguage\":\"tr\",\"@id\":\"https:\\\/\\\/kuzeyinsesi.org\\\/index.php\\\/2025\\\/03\\\/13\\\/canakkale-gecilmez-konseri-duzenleniyor\\\/#primaryimage\",\"url\":\"https:\\\/\\\/kuzeyinsesi.org\\\/wp-content\\\/uploads\\\/2025\\\/03\\\/1741851562089DEVLET-OPERA-BALE.jpg\",\"contentUrl\":\"https:\\\/\\\/kuzeyinsesi.org\\\/wp-content\\\/uploads\\\/2025\\\/03\\\/1741851562089DEVLET-OPERA-BALE.jpg\",\"width\":1208,\"height\":693},{\"@type\":\"BreadcrumbList\",\"@id\":\"https:\\\/\\\/kuzeyinsesi.org\\\/index.php\\\/2025\\\/03\\\/13\\\/canakkale-gecilmez-konseri-duzenleniyor\\\/#breadcrumb\",\"itemListElement\":[{\"@type\":\"ListItem\",\"position\":1,\"name\":\"Anasayfa\",\"item\":\"https:\\\/\\\/kuzeyinsesi.org\\\/\"},{\"@type\":\"ListItem\",\"position\":2,\"name\":\"\u201c\u00c7anakkale Ge\u00e7ilmez\u201d konseri d\u00fczenleniyor\"}]},{\"@type\":\"WebSite\",\"@id\":\"https:\\\/\\\/kuzeyinsesi.org\\\/#website\",\"url\":\"https:\\\/\\\/kuzeyinsesi.org\\\/\",\"name\":\"Kuzeyin Sesi\",\"description\":\"Do\u011fru Haberin Adresi\",\"potentialAction\":[{\"@type\":\"SearchAction\",\"target\":{\"@type\":\"EntryPoint\",\"urlTemplate\":\"https:\\\/\\\/kuzeyinsesi.org\\\/?s={search_term_string}\"},\"query-input\":{\"@type\":\"PropertyValueSpecification\",\"valueRequired\":true,\"valueName\":\"search_term_string\"}}],\"inLanguage\":\"tr\"},{\"@type\":\"Person\",\"@id\":\"https:\\\/\\\/kuzeyinsesi.org\\\/#\\\/schema\\\/person\\\/9f859689cdf01485597712386e37f5aa\",\"name\":\"Kuzeyin Sesi\",\"image\":{\"@type\":\"ImageObject\",\"inLanguage\":\"tr\",\"@id\":\"https:\\\/\\\/secure.gravatar.com\\\/avatar\\\/bab33852abfd8b282518d6ed81826833d77c3c882d9ab608add591ccace47a44?s=96&d=mm&r=g\",\"url\":\"https:\\\/\\\/secure.gravatar.com\\\/avatar\\\/bab33852abfd8b282518d6ed81826833d77c3c882d9ab608add591ccace47a44?s=96&d=mm&r=g\",\"contentUrl\":\"https:\\\/\\\/secure.gravatar.com\\\/avatar\\\/bab33852abfd8b282518d6ed81826833d77c3c882d9ab608add591ccace47a44?s=96&d=mm&r=g\",\"caption\":\"Kuzeyin Sesi\"},\"sameAs\":[\"https:\\\/\\\/kuzeyinsesi.org\"],\"url\":\"https:\\\/\\\/kuzeyinsesi.org\\\/index.php\\\/author\\\/guven\\\/\"}]}<\/script>\n<!-- \/ Yoast SEO plugin. -->","yoast_head_json":{"title":"\u201c\u00c7anakkale Ge\u00e7ilmez\u201d konseri d\u00fczenleniyor - Kuzeyin Sesi","robots":{"index":"index","follow":"follow","max-snippet":"max-snippet:-1","max-image-preview":"max-image-preview:large","max-video-preview":"max-video-preview:-1"},"canonical":"https:\/\/kuzeyinsesi.org\/index.php\/2025\/03\/13\/canakkale-gecilmez-konseri-duzenleniyor\/","og_locale":"tr_TR","og_type":"article","og_title":"\u201c\u00c7anakkale Ge\u00e7ilmez\u201d konseri d\u00fczenleniyor - Kuzeyin Sesi","og_description":"Ba\u015fbakan Yard\u0131mc\u0131l\u0131\u011f\u0131, Turizm, K\u00fclt\u00fcr, Gen\u00e7lik ve \u00c7evre Bakanl\u0131\u011f\u0131\u2019na ba\u011fl\u0131 Devlet Opera ve Bale Koordinasyon Merkezi (KKTCDOB), 18 Mart \u015eehitleri Anma G\u00fcn\u00fc ve \u00c7anakkale Zaferi\u2019nin 110. y\u0131l\u0131 an\u0131s\u0131na \u201c\u00c7anakkale Ge\u00e7ilmez\u201d konseri d\u00fczenliyor. Bakanl\u0131ktan yap\u0131lan a\u00e7\u0131klamaya g\u00f6re, 18 Mart Sal\u0131 g\u00fcn\u00fc Ortado\u011fu Teknik \u00dcniversitesi Kuzey K\u0131br\u0131s Kamp\u00fcs\u00fc (ODT\u00dc KKK) K\u00fclt\u00fcr ve Kongre Merkezi Rauf Raif Denkta\u015f salonunda [&hellip;]","og_url":"https:\/\/kuzeyinsesi.org\/index.php\/2025\/03\/13\/canakkale-gecilmez-konseri-duzenleniyor\/","og_site_name":"Kuzeyin Sesi","article_publisher":"https:\/\/www.facebook.com\/kuzeyinsesii","article_published_time":"2025-03-13T09:18:02+00:00","og_image":[{"url":"https:\/\/brtk.net\/wp-content\/uploads\/2025\/03\/13\/1741851562089DEVLET-OPERA-BALE.jpg?ver=6f9b386defe0490f3525c4015a6b8820","type":"","width":"","height":""}],"author":"Kuzeyin Sesi","twitter_card":"summary_large_image","twitter_creator":"@kuzeyinsesii","twitter_site":"@kuzeyinsesii","twitter_misc":{"Yazan:":"Kuzeyin Sesi","Tahmini okuma s\u00fcresi":"1 dakika"},"schema":{"@context":"https:\/\/schema.org","@graph":[{"@type":"Article","@id":"https:\/\/kuzeyinsesi.org\/index.php\/2025\/03\/13\/canakkale-gecilmez-konseri-duzenleniyor\/#article","isPartOf":{"@id":"https:\/\/kuzeyinsesi.org\/index.php\/2025\/03\/13\/canakkale-gecilmez-konseri-duzenleniyor\/"},"author":{"name":"Kuzeyin Sesi","@id":"https:\/\/kuzeyinsesi.org\/#\/schema\/person\/9f859689cdf01485597712386e37f5aa"},"headline":"\u201c\u00c7anakkale Ge\u00e7ilmez\u201d konseri d\u00fczenleniyor","datePublished":"2025-03-13T09:18:02+00:00","mainEntityOfPage":{"@id":"https:\/\/kuzeyinsesi.org\/index.php\/2025\/03\/13\/canakkale-gecilmez-konseri-duzenleniyor\/"},"wordCount":139,"commentCount":0,"image":{"@id":"https:\/\/kuzeyinsesi.org\/index.php\/2025\/03\/13\/canakkale-gecilmez-konseri-duzenleniyor\/#primaryimage"},"thumbnailUrl":"https:\/\/kuzeyinsesi.org\/wp-content\/uploads\/2025\/03\/1741851562089DEVLET-OPERA-BALE.jpg","articleSection":["Ya\u015fam"],"inLanguage":"tr","potentialAction":[{"@type":"CommentAction","name":"Comment","target":["https:\/\/kuzeyinsesi.org\/index.php\/2025\/03\/13\/canakkale-gecilmez-konseri-duzenleniyor\/#respond"]}]},{"@type":"WebPage","@id":"https:\/\/kuzeyinsesi.org\/index.php\/2025\/03\/13\/canakkale-gecilmez-konseri-duzenleniyor\/","url":"https:\/\/kuzeyinsesi.org\/index.php\/2025\/03\/13\/canakkale-gecilmez-konseri-duzenleniyor\/","name":"\u201c\u00c7anakkale Ge\u00e7ilmez\u201d konseri d\u00fczenleniyor - Kuzeyin Sesi","isPartOf":{"@id":"https:\/\/kuzeyinsesi.org\/#website"},"primaryImageOfPage":{"@id":"https:\/\/kuzeyinsesi.org\/index.php\/2025\/03\/13\/canakkale-gecilmez-konseri-duzenleniyor\/#primaryimage"},"image":{"@id":"https:\/\/kuzeyinsesi.org\/index.php\/2025\/03\/13\/canakkale-gecilmez-konseri-duzenleniyor\/#primaryimage"},"thumbnailUrl":"https:\/\/kuzeyinsesi.org\/wp-content\/uploads\/2025\/03\/1741851562089DEVLET-OPERA-BALE.jpg","datePublished":"2025-03-13T09:18:02+00:00","author":{"@id":"https:\/\/kuzeyinsesi.org\/#\/schema\/person\/9f859689cdf01485597712386e37f5aa"},"breadcrumb":{"@id":"https:\/\/kuzeyinsesi.org\/index.php\/2025\/03\/13\/canakkale-gecilmez-konseri-duzenleniyor\/#breadcrumb"},"inLanguage":"tr","potentialAction":[{"@type":"ReadAction","target":["https:\/\/kuzeyinsesi.org\/index.php\/2025\/03\/13\/canakkale-gecilmez-konseri-duzenleniyor\/"]}]},{"@type":"ImageObject","inLanguage":"tr","@id":"https:\/\/kuzeyinsesi.org\/index.php\/2025\/03\/13\/canakkale-gecilmez-konseri-duzenleniyor\/#primaryimage","url":"https:\/\/kuzeyinsesi.org\/wp-content\/uploads\/2025\/03\/1741851562089DEVLET-OPERA-BALE.jpg","contentUrl":"https:\/\/kuzeyinsesi.org\/wp-content\/uploads\/2025\/03\/1741851562089DEVLET-OPERA-BALE.jpg","width":1208,"height":693},{"@type":"BreadcrumbList","@id":"https:\/\/kuzeyinsesi.org\/index.php\/2025\/03\/13\/canakkale-gecilmez-konseri-duzenleniyor\/#breadcrumb","itemListElement":[{"@type":"ListItem","position":1,"name":"Anasayfa","item":"https:\/\/kuzeyinsesi.org\/"},{"@type":"ListItem","position":2,"name":"\u201c\u00c7anakkale Ge\u00e7ilmez\u201d konseri d\u00fczenleniyor"}]},{"@type":"WebSite","@id":"https:\/\/kuzeyinsesi.org\/#website","url":"https:\/\/kuzeyinsesi.org\/","name":"Kuzeyin Sesi","description":"Do\u011fru Haberin Adresi","potentialAction":[{"@type":"SearchAction","target":{"@type":"EntryPoint","urlTemplate":"https:\/\/kuzeyinsesi.org\/?s={search_term_string}"},"query-input":{"@type":"PropertyValueSpecification","valueRequired":true,"valueName":"search_term_string"}}],"inLanguage":"tr"},{"@type":"Person","@id":"https:\/\/kuzeyinsesi.org\/#\/schema\/person\/9f859689cdf01485597712386e37f5aa","name":"Kuzeyin Sesi","image":{"@type":"ImageObject","inLanguage":"tr","@id":"https:\/\/secure.gravatar.com\/avatar\/bab33852abfd8b282518d6ed81826833d77c3c882d9ab608add591ccace47a44?s=96&d=mm&r=g","url":"https:\/\/secure.gravatar.com\/avatar\/bab33852abfd8b282518d6ed81826833d77c3c882d9ab608add591ccace47a44?s=96&d=mm&r=g","contentUrl":"https:\/\/secure.gravatar.com\/avatar\/bab33852abfd8b282518d6ed81826833d77c3c882d9ab608add591ccace47a44?s=96&d=mm&r=g","caption":"Kuzeyin Sesi"},"sameAs":["https:\/\/kuzeyinsesi.org"],"url":"https:\/\/kuzeyinsesi.org\/index.php\/author\/guven\/"}]}},"_links":{"self":[{"href":"https:\/\/kuzeyinsesi.org\/index.php\/wp-json\/wp\/v2\/posts\/20827","targetHints":{"allow":["GET"]}}],"collection":[{"href":"https:\/\/kuzeyinsesi.org\/index.php\/wp-json\/wp\/v2\/posts"}],"about":[{"href":"https:\/\/kuzeyinsesi.org\/index.php\/wp-json\/wp\/v2\/types\/post"}],"author":[{"embeddable":true,"href":"https:\/\/kuzeyinsesi.org\/index.php\/wp-json\/wp\/v2\/users\/1"}],"replies":[{"embeddable":true,"href":"https:\/\/kuzeyinsesi.org\/index.php\/wp-json\/wp\/v2\/comments?post=20827"}],"version-history":[{"count":0,"href":"https:\/\/kuzeyinsesi.org\/index.php\/wp-json\/wp\/v2\/posts\/20827\/revisions"}],"wp:featuredmedia":[{"embeddable":true,"href":"https:\/\/kuzeyinsesi.org\/index.php\/wp-json\/wp\/v2\/media\/20828"}],"wp:attachment":[{"href":"https:\/\/kuzeyinsesi.org\/index.php\/wp-json\/wp\/v2\/media?parent=20827"}],"wp:term":[{"taxonomy":"category","embeddable":true,"href":"https:\/\/kuzeyinsesi.org\/index.php\/wp-json\/wp\/v2\/categories?post=20827"},{"taxonomy":"post_tag","embeddable":true,"href":"https:\/\/kuzeyinsesi.org\/index.php\/wp-json\/wp\/v2\/tags?post=20827"}],"curies":[{"name":"wp","href":"https:\/\/api.w.org\/{rel}","templated":true}]}}