{"id":20786,"date":"2025-03-12T15:01:36","date_gmt":"2025-03-12T13:01:36","guid":{"rendered":"https:\/\/kuzeyinsesi.org\/index.php\/2025\/03\/12\/cumhurbaskani-tatar-tc-cumhurbaskani-yardimcisi-yilmaz-ile-bir-araya-geldi-yilmazkibris-turk-halkinin-refahini-artirmak-icin-is-birligimizi-her-alanda-surdurecegiz\/"},"modified":"2025-03-12T15:01:36","modified_gmt":"2025-03-12T13:01:36","slug":"cumhurbaskani-tatar-tc-cumhurbaskani-yardimcisi-yilmaz-ile-bir-araya-geldi-yilmazkibris-turk-halkinin-refahini-artirmak-icin-is-birligimizi-her-alanda-surdurecegiz","status":"publish","type":"post","link":"https:\/\/kuzeyinsesi.org\/index.php\/2025\/03\/12\/cumhurbaskani-tatar-tc-cumhurbaskani-yardimcisi-yilmaz-ile-bir-araya-geldi-yilmazkibris-turk-halkinin-refahini-artirmak-icin-is-birligimizi-her-alanda-surdurecegiz\/","title":{"rendered":"Cumhurba\u015fkan\u0131  Tatar, TC Cumhurba\u015fkan\u0131 Yard\u0131mc\u0131s\u0131 Y\u0131lmaz ile bir araya geldi .. Y\u0131lmaz:K\u0131br\u0131s T\u00fcrk halk\u0131n\u0131n refah\u0131n\u0131 art\u0131rmak i\u00e7in i\u015f birli\u011fimizi her alanda s\u00fcrd\u00fcrece\u011fiz"},"content":{"rendered":"<div>\n<div class=\"mariselle-image-container center\">\n                                            <\/div>\n<p>\nCumhurba\u015fkan\u0131 Ersin Tatar, Ankara\u2019da Cumhurba\u015fkanl\u0131\u011f\u0131 K\u00fclliyesi\u2019nde T\u00fcrkiye Cumhuriyeti Cumhurba\u015fkan\u0131 Yard\u0131mc\u0131s\u0131 Cevdet Y\u0131lmaz ile g\u00f6r\u00fc\u015ft\u00fc.<\/p>\n<p>Y\u0131lmaz  ziyaret hakk\u0131nda sosyal medya hesab\u0131ndan yapt\u0131\u011f\u0131 a\u00e7\u0131klamada, \u2018<em>Cumhurba\u015fkanl\u0131\u011f\u0131 K\u00fclliyesi\u2019nde KKTC Cumhurba\u015fkan\u0131 Say\u0131n Ersin Tatar ile bir araya gelmekten memnuniyet duydum. <\/em><\/p>\n<p>Say\u0131n Tatar ile g\u00f6r\u00fc\u015fmemizde; b\u00f6lgemizde ya\u015fanan geli\u015fmeleri, K\u0131br\u0131s meselesindeki son durumu, KKTC\u2019nin ekonomik kalk\u0131nmas\u0131na y\u00f6nelik at\u0131lacak ad\u0131mlar\u0131 ve ortak g\u00fcndemimizdeki konular\u0131 ele ald\u0131k. <\/p>\n<p>K\u0131br\u0131s T\u00fcrk halk\u0131n\u0131n refah\u0131n\u0131 art\u0131rmak i\u00e7in i\u015f birli\u011fimizi her alanda s\u00fcrd\u00fcrece\u011fiz.<\/p>\n<p>Bu vesileyle, K\u0131br\u0131s T\u00fcrk halk\u0131n\u0131n m\u00fcbarek Ramazan ay\u0131n\u0131 tebrik ediyor, K\u0131br\u0131s T\u00fcrk\u00fc karde\u015flerime sa\u011fl\u0131k, huzur ve esenlikler diliyorum.\u2018 dedi.<\/p>\n<\/p><\/div>\n<p><script async\n                    defer\n                    crossorigin=\"anonymous\"\n                    src=\"https:\/\/connect.facebook.net\/tr_TR\/sdk.js#xfbml=1&#038;version=v3.3\"\n            ><\/script><\/p>\n","protected":false},"excerpt":{"rendered":"<p>Cumhurba\u015fkan\u0131 Ersin Tatar, Ankara\u2019da Cumhurba\u015fkanl\u0131\u011f\u0131 K\u00fclliyesi\u2019nde T\u00fcrkiye Cumhuriyeti Cumhurba\u015fkan\u0131 Yard\u0131mc\u0131s\u0131 Cevdet Y\u0131lmaz ile g\u00f6r\u00fc\u015ft\u00fc. Y\u0131lmaz ziyaret hakk\u0131nda sosyal medya hesab\u0131ndan yapt\u0131\u011f\u0131 a\u00e7\u0131klamada, \u2018Cumhurba\u015fkanl\u0131\u011f\u0131 K\u00fclliyesi\u2019nde KKTC Cumhurba\u015fkan\u0131 Say\u0131n Ersin Tatar ile bir araya gelmekten memnuniyet duydum. Say\u0131n Tatar ile g\u00f6r\u00fc\u015fmemizde; b\u00f6lgemizde ya\u015fanan geli\u015fmeleri, K\u0131br\u0131s meselesindeki son durumu, KKTC\u2019nin ekonomik kalk\u0131nmas\u0131na y\u00f6nelik at\u0131lacak ad\u0131mlar\u0131 ve ortak g\u00fcndemimizdeki [&hellip;]<\/p>\n","protected":false},"author":1,"featured_media":20787,"comment_status":"open","ping_status":"open","sticky":false,"template":"","format":"standard","meta":{"jnews-multi-image_gallery":[],"jnews_single_post":[],"jnews_primary_category":[],"jnews_social_meta":[],"jnews_override_counter":[],"footnotes":""},"categories":[5],"tags":[],"class_list":["post-20786","post","type-post","status-publish","format-standard","has-post-thumbnail","hentry","category-turkiye"],"yoast_head":"<!-- This site is optimized with the Yoast SEO plugin v27.5 - https:\/\/yoast.com\/product\/yoast-seo-wordpress\/ -->\n<title>Cumhurba\u015fkan\u0131 Tatar, TC Cumhurba\u015fkan\u0131 Yard\u0131mc\u0131s\u0131 Y\u0131lmaz ile bir araya geldi .. Y\u0131lmaz:K\u0131br\u0131s T\u00fcrk halk\u0131n\u0131n refah\u0131n\u0131 art\u0131rmak i\u00e7in i\u015f birli\u011fimizi her alanda s\u00fcrd\u00fcrece\u011fiz - Kuzeyin Sesi<\/title>\n<meta name=\"robots\" content=\"index, follow, max-snippet:-1, max-image-preview:large, max-video-preview:-1\" \/>\n<link rel=\"canonical\" href=\"https:\/\/kuzeyinsesi.org\/index.php\/2025\/03\/12\/cumhurbaskani-tatar-tc-cumhurbaskani-yardimcisi-yilmaz-ile-bir-araya-geldi-yilmazkibris-turk-halkinin-refahini-artirmak-icin-is-birligimizi-her-alanda-surdurecegiz\/\" \/>\n<meta property=\"og:locale\" content=\"tr_TR\" \/>\n<meta property=\"og:type\" content=\"article\" \/>\n<meta property=\"og:title\" content=\"Cumhurba\u015fkan\u0131 Tatar, TC Cumhurba\u015fkan\u0131 Yard\u0131mc\u0131s\u0131 Y\u0131lmaz ile bir araya geldi .. Y\u0131lmaz:K\u0131br\u0131s T\u00fcrk halk\u0131n\u0131n refah\u0131n\u0131 art\u0131rmak i\u00e7in i\u015f birli\u011fimizi her alanda s\u00fcrd\u00fcrece\u011fiz - Kuzeyin Sesi\" \/>\n<meta property=\"og:description\" content=\"Cumhurba\u015fkan\u0131 Ersin Tatar, Ankara\u2019da Cumhurba\u015fkanl\u0131\u011f\u0131 K\u00fclliyesi\u2019nde T\u00fcrkiye Cumhuriyeti Cumhurba\u015fkan\u0131 Yard\u0131mc\u0131s\u0131 Cevdet Y\u0131lmaz ile g\u00f6r\u00fc\u015ft\u00fc. Y\u0131lmaz ziyaret hakk\u0131nda sosyal medya hesab\u0131ndan yapt\u0131\u011f\u0131 a\u00e7\u0131klamada, \u2018Cumhurba\u015fkanl\u0131\u011f\u0131 K\u00fclliyesi\u2019nde KKTC Cumhurba\u015fkan\u0131 Say\u0131n Ersin Tatar ile bir araya gelmekten memnuniyet duydum. Say\u0131n Tatar ile g\u00f6r\u00fc\u015fmemizde; b\u00f6lgemizde ya\u015fanan geli\u015fmeleri, K\u0131br\u0131s meselesindeki son durumu, KKTC\u2019nin ekonomik kalk\u0131nmas\u0131na y\u00f6nelik at\u0131lacak ad\u0131mlar\u0131 ve ortak g\u00fcndemimizdeki [&hellip;]\" \/>\n<meta property=\"og:url\" content=\"https:\/\/kuzeyinsesi.org\/index.php\/2025\/03\/12\/cumhurbaskani-tatar-tc-cumhurbaskani-yardimcisi-yilmaz-ile-bir-araya-geldi-yilmazkibris-turk-halkinin-refahini-artirmak-icin-is-birligimizi-her-alanda-surdurecegiz\/\" \/>\n<meta property=\"og:site_name\" content=\"Kuzeyin Sesi\" \/>\n<meta property=\"article:publisher\" content=\"https:\/\/www.facebook.com\/kuzeyinsesii\" \/>\n<meta property=\"article:published_time\" content=\"2025-03-12T13:01:36+00:00\" \/>\n<meta property=\"og:image\" content=\"https:\/\/brtk.net\/wp-content\/uploads\/2025\/03\/12\/afkaskfaskfsa.jpg?ver=b2b6552a32b99df7915571ed29bc2c1d\" \/>\n<meta name=\"author\" content=\"Kuzeyin Sesi\" \/>\n<meta name=\"twitter:card\" content=\"summary_large_image\" \/>\n<meta name=\"twitter:creator\" content=\"@kuzeyinsesii\" \/>\n<meta name=\"twitter:site\" content=\"@kuzeyinsesii\" \/>\n<meta name=\"twitter:label1\" content=\"Yazan:\" \/>\n\t<meta name=\"twitter:data1\" content=\"Kuzeyin Sesi\" \/>\n\t<meta name=\"twitter:label2\" content=\"Tahmini okuma s\u00fcresi\" \/>\n\t<meta name=\"twitter:data2\" content=\"1 dakika\" \/>\n<script type=\"application\/ld+json\" class=\"yoast-schema-graph\">{\"@context\":\"https:\\\/\\\/schema.org\",\"@graph\":[{\"@type\":\"Article\",\"@id\":\"https:\\\/\\\/kuzeyinsesi.org\\\/index.php\\\/2025\\\/03\\\/12\\\/cumhurbaskani-tatar-tc-cumhurbaskani-yardimcisi-yilmaz-ile-bir-araya-geldi-yilmazkibris-turk-halkinin-refahini-artirmak-icin-is-birligimizi-her-alanda-surdurecegiz\\\/#article\",\"isPartOf\":{\"@id\":\"https:\\\/\\\/kuzeyinsesi.org\\\/index.php\\\/2025\\\/03\\\/12\\\/cumhurbaskani-tatar-tc-cumhurbaskani-yardimcisi-yilmaz-ile-bir-araya-geldi-yilmazkibris-turk-halkinin-refahini-artirmak-icin-is-birligimizi-her-alanda-surdurecegiz\\\/\"},\"author\":{\"name\":\"Kuzeyin Sesi\",\"@id\":\"https:\\\/\\\/kuzeyinsesi.org\\\/#\\\/schema\\\/person\\\/9f859689cdf01485597712386e37f5aa\"},\"headline\":\"Cumhurba\u015fkan\u0131 Tatar, TC Cumhurba\u015fkan\u0131 Yard\u0131mc\u0131s\u0131 Y\u0131lmaz ile bir araya geldi .. Y\u0131lmaz:K\u0131br\u0131s T\u00fcrk halk\u0131n\u0131n refah\u0131n\u0131 art\u0131rmak i\u00e7in i\u015f birli\u011fimizi her alanda s\u00fcrd\u00fcrece\u011fiz\",\"datePublished\":\"2025-03-12T13:01:36+00:00\",\"mainEntityOfPage\":{\"@id\":\"https:\\\/\\\/kuzeyinsesi.org\\\/index.php\\\/2025\\\/03\\\/12\\\/cumhurbaskani-tatar-tc-cumhurbaskani-yardimcisi-yilmaz-ile-bir-araya-geldi-yilmazkibris-turk-halkinin-refahini-artirmak-icin-is-birligimizi-her-alanda-surdurecegiz\\\/\"},\"wordCount\":190,\"commentCount\":0,\"image\":{\"@id\":\"https:\\\/\\\/kuzeyinsesi.org\\\/index.php\\\/2025\\\/03\\\/12\\\/cumhurbaskani-tatar-tc-cumhurbaskani-yardimcisi-yilmaz-ile-bir-araya-geldi-yilmazkibris-turk-halkinin-refahini-artirmak-icin-is-birligimizi-her-alanda-surdurecegiz\\\/#primaryimage\"},\"thumbnailUrl\":\"https:\\\/\\\/kuzeyinsesi.org\\\/wp-content\\\/uploads\\\/2025\\\/03\\\/afkaskfaskfsa.jpg\",\"articleSection\":[\"T\u00fcrkiye\"],\"inLanguage\":\"tr\",\"potentialAction\":[{\"@type\":\"CommentAction\",\"name\":\"Comment\",\"target\":[\"https:\\\/\\\/kuzeyinsesi.org\\\/index.php\\\/2025\\\/03\\\/12\\\/cumhurbaskani-tatar-tc-cumhurbaskani-yardimcisi-yilmaz-ile-bir-araya-geldi-yilmazkibris-turk-halkinin-refahini-artirmak-icin-is-birligimizi-her-alanda-surdurecegiz\\\/#respond\"]}]},{\"@type\":\"WebPage\",\"@id\":\"https:\\\/\\\/kuzeyinsesi.org\\\/index.php\\\/2025\\\/03\\\/12\\\/cumhurbaskani-tatar-tc-cumhurbaskani-yardimcisi-yilmaz-ile-bir-araya-geldi-yilmazkibris-turk-halkinin-refahini-artirmak-icin-is-birligimizi-her-alanda-surdurecegiz\\\/\",\"url\":\"https:\\\/\\\/kuzeyinsesi.org\\\/index.php\\\/2025\\\/03\\\/12\\\/cumhurbaskani-tatar-tc-cumhurbaskani-yardimcisi-yilmaz-ile-bir-araya-geldi-yilmazkibris-turk-halkinin-refahini-artirmak-icin-is-birligimizi-her-alanda-surdurecegiz\\\/\",\"name\":\"Cumhurba\u015fkan\u0131 Tatar, TC Cumhurba\u015fkan\u0131 Yard\u0131mc\u0131s\u0131 Y\u0131lmaz ile bir araya geldi .. Y\u0131lmaz:K\u0131br\u0131s T\u00fcrk halk\u0131n\u0131n refah\u0131n\u0131 art\u0131rmak i\u00e7in i\u015f birli\u011fimizi her alanda s\u00fcrd\u00fcrece\u011fiz - Kuzeyin Sesi\",\"isPartOf\":{\"@id\":\"https:\\\/\\\/kuzeyinsesi.org\\\/#website\"},\"primaryImageOfPage\":{\"@id\":\"https:\\\/\\\/kuzeyinsesi.org\\\/index.php\\\/2025\\\/03\\\/12\\\/cumhurbaskani-tatar-tc-cumhurbaskani-yardimcisi-yilmaz-ile-bir-araya-geldi-yilmazkibris-turk-halkinin-refahini-artirmak-icin-is-birligimizi-her-alanda-surdurecegiz\\\/#primaryimage\"},\"image\":{\"@id\":\"https:\\\/\\\/kuzeyinsesi.org\\\/index.php\\\/2025\\\/03\\\/12\\\/cumhurbaskani-tatar-tc-cumhurbaskani-yardimcisi-yilmaz-ile-bir-araya-geldi-yilmazkibris-turk-halkinin-refahini-artirmak-icin-is-birligimizi-her-alanda-surdurecegiz\\\/#primaryimage\"},\"thumbnailUrl\":\"https:\\\/\\\/kuzeyinsesi.org\\\/wp-content\\\/uploads\\\/2025\\\/03\\\/afkaskfaskfsa.jpg\",\"datePublished\":\"2025-03-12T13:01:36+00:00\",\"author\":{\"@id\":\"https:\\\/\\\/kuzeyinsesi.org\\\/#\\\/schema\\\/person\\\/9f859689cdf01485597712386e37f5aa\"},\"breadcrumb\":{\"@id\":\"https:\\\/\\\/kuzeyinsesi.org\\\/index.php\\\/2025\\\/03\\\/12\\\/cumhurbaskani-tatar-tc-cumhurbaskani-yardimcisi-yilmaz-ile-bir-araya-geldi-yilmazkibris-turk-halkinin-refahini-artirmak-icin-is-birligimizi-her-alanda-surdurecegiz\\\/#breadcrumb\"},\"inLanguage\":\"tr\",\"potentialAction\":[{\"@type\":\"ReadAction\",\"target\":[\"https:\\\/\\\/kuzeyinsesi.org\\\/index.php\\\/2025\\\/03\\\/12\\\/cumhurbaskani-tatar-tc-cumhurbaskani-yardimcisi-yilmaz-ile-bir-araya-geldi-yilmazkibris-turk-halkinin-refahini-artirmak-icin-is-birligimizi-her-alanda-surdurecegiz\\\/\"]}]},{\"@type\":\"ImageObject\",\"inLanguage\":\"tr\",\"@id\":\"https:\\\/\\\/kuzeyinsesi.org\\\/index.php\\\/2025\\\/03\\\/12\\\/cumhurbaskani-tatar-tc-cumhurbaskani-yardimcisi-yilmaz-ile-bir-araya-geldi-yilmazkibris-turk-halkinin-refahini-artirmak-icin-is-birligimizi-her-alanda-surdurecegiz\\\/#primaryimage\",\"url\":\"https:\\\/\\\/kuzeyinsesi.org\\\/wp-content\\\/uploads\\\/2025\\\/03\\\/afkaskfaskfsa.jpg\",\"contentUrl\":\"https:\\\/\\\/kuzeyinsesi.org\\\/wp-content\\\/uploads\\\/2025\\\/03\\\/afkaskfaskfsa.jpg\",\"width\":534,\"height\":299},{\"@type\":\"BreadcrumbList\",\"@id\":\"https:\\\/\\\/kuzeyinsesi.org\\\/index.php\\\/2025\\\/03\\\/12\\\/cumhurbaskani-tatar-tc-cumhurbaskani-yardimcisi-yilmaz-ile-bir-araya-geldi-yilmazkibris-turk-halkinin-refahini-artirmak-icin-is-birligimizi-her-alanda-surdurecegiz\\\/#breadcrumb\",\"itemListElement\":[{\"@type\":\"ListItem\",\"position\":1,\"name\":\"Anasayfa\",\"item\":\"https:\\\/\\\/kuzeyinsesi.org\\\/\"},{\"@type\":\"ListItem\",\"position\":2,\"name\":\"Cumhurba\u015fkan\u0131 Tatar, TC Cumhurba\u015fkan\u0131 Yard\u0131mc\u0131s\u0131 Y\u0131lmaz ile bir araya geldi .. Y\u0131lmaz:K\u0131br\u0131s T\u00fcrk halk\u0131n\u0131n refah\u0131n\u0131 art\u0131rmak i\u00e7in i\u015f birli\u011fimizi her alanda s\u00fcrd\u00fcrece\u011fiz\"}]},{\"@type\":\"WebSite\",\"@id\":\"https:\\\/\\\/kuzeyinsesi.org\\\/#website\",\"url\":\"https:\\\/\\\/kuzeyinsesi.org\\\/\",\"name\":\"Kuzeyin Sesi\",\"description\":\"Do\u011fru Haberin Adresi\",\"potentialAction\":[{\"@type\":\"SearchAction\",\"target\":{\"@type\":\"EntryPoint\",\"urlTemplate\":\"https:\\\/\\\/kuzeyinsesi.org\\\/?s={search_term_string}\"},\"query-input\":{\"@type\":\"PropertyValueSpecification\",\"valueRequired\":true,\"valueName\":\"search_term_string\"}}],\"inLanguage\":\"tr\"},{\"@type\":\"Person\",\"@id\":\"https:\\\/\\\/kuzeyinsesi.org\\\/#\\\/schema\\\/person\\\/9f859689cdf01485597712386e37f5aa\",\"name\":\"Kuzeyin Sesi\",\"image\":{\"@type\":\"ImageObject\",\"inLanguage\":\"tr\",\"@id\":\"https:\\\/\\\/secure.gravatar.com\\\/avatar\\\/bab33852abfd8b282518d6ed81826833d77c3c882d9ab608add591ccace47a44?s=96&d=mm&r=g\",\"url\":\"https:\\\/\\\/secure.gravatar.com\\\/avatar\\\/bab33852abfd8b282518d6ed81826833d77c3c882d9ab608add591ccace47a44?s=96&d=mm&r=g\",\"contentUrl\":\"https:\\\/\\\/secure.gravatar.com\\\/avatar\\\/bab33852abfd8b282518d6ed81826833d77c3c882d9ab608add591ccace47a44?s=96&d=mm&r=g\",\"caption\":\"Kuzeyin Sesi\"},\"sameAs\":[\"https:\\\/\\\/kuzeyinsesi.org\"],\"url\":\"https:\\\/\\\/kuzeyinsesi.org\\\/index.php\\\/author\\\/guven\\\/\"}]}<\/script>\n<!-- \/ Yoast SEO plugin. -->","yoast_head_json":{"title":"Cumhurba\u015fkan\u0131 Tatar, TC Cumhurba\u015fkan\u0131 Yard\u0131mc\u0131s\u0131 Y\u0131lmaz ile bir araya geldi .. Y\u0131lmaz:K\u0131br\u0131s T\u00fcrk halk\u0131n\u0131n refah\u0131n\u0131 art\u0131rmak i\u00e7in i\u015f birli\u011fimizi her alanda s\u00fcrd\u00fcrece\u011fiz - Kuzeyin Sesi","robots":{"index":"index","follow":"follow","max-snippet":"max-snippet:-1","max-image-preview":"max-image-preview:large","max-video-preview":"max-video-preview:-1"},"canonical":"https:\/\/kuzeyinsesi.org\/index.php\/2025\/03\/12\/cumhurbaskani-tatar-tc-cumhurbaskani-yardimcisi-yilmaz-ile-bir-araya-geldi-yilmazkibris-turk-halkinin-refahini-artirmak-icin-is-birligimizi-her-alanda-surdurecegiz\/","og_locale":"tr_TR","og_type":"article","og_title":"Cumhurba\u015fkan\u0131 Tatar, TC Cumhurba\u015fkan\u0131 Yard\u0131mc\u0131s\u0131 Y\u0131lmaz ile bir araya geldi .. Y\u0131lmaz:K\u0131br\u0131s T\u00fcrk halk\u0131n\u0131n refah\u0131n\u0131 art\u0131rmak i\u00e7in i\u015f birli\u011fimizi her alanda s\u00fcrd\u00fcrece\u011fiz - Kuzeyin Sesi","og_description":"Cumhurba\u015fkan\u0131 Ersin Tatar, Ankara\u2019da Cumhurba\u015fkanl\u0131\u011f\u0131 K\u00fclliyesi\u2019nde T\u00fcrkiye Cumhuriyeti Cumhurba\u015fkan\u0131 Yard\u0131mc\u0131s\u0131 Cevdet Y\u0131lmaz ile g\u00f6r\u00fc\u015ft\u00fc. Y\u0131lmaz ziyaret hakk\u0131nda sosyal medya hesab\u0131ndan yapt\u0131\u011f\u0131 a\u00e7\u0131klamada, \u2018Cumhurba\u015fkanl\u0131\u011f\u0131 K\u00fclliyesi\u2019nde KKTC Cumhurba\u015fkan\u0131 Say\u0131n Ersin Tatar ile bir araya gelmekten memnuniyet duydum. Say\u0131n Tatar ile g\u00f6r\u00fc\u015fmemizde; b\u00f6lgemizde ya\u015fanan geli\u015fmeleri, K\u0131br\u0131s meselesindeki son durumu, KKTC\u2019nin ekonomik kalk\u0131nmas\u0131na y\u00f6nelik at\u0131lacak ad\u0131mlar\u0131 ve ortak g\u00fcndemimizdeki [&hellip;]","og_url":"https:\/\/kuzeyinsesi.org\/index.php\/2025\/03\/12\/cumhurbaskani-tatar-tc-cumhurbaskani-yardimcisi-yilmaz-ile-bir-araya-geldi-yilmazkibris-turk-halkinin-refahini-artirmak-icin-is-birligimizi-her-alanda-surdurecegiz\/","og_site_name":"Kuzeyin Sesi","article_publisher":"https:\/\/www.facebook.com\/kuzeyinsesii","article_published_time":"2025-03-12T13:01:36+00:00","og_image":[{"url":"https:\/\/brtk.net\/wp-content\/uploads\/2025\/03\/12\/afkaskfaskfsa.jpg?ver=b2b6552a32b99df7915571ed29bc2c1d","type":"","width":"","height":""}],"author":"Kuzeyin Sesi","twitter_card":"summary_large_image","twitter_creator":"@kuzeyinsesii","twitter_site":"@kuzeyinsesii","twitter_misc":{"Yazan:":"Kuzeyin Sesi","Tahmini okuma s\u00fcresi":"1 dakika"},"schema":{"@context":"https:\/\/schema.org","@graph":[{"@type":"Article","@id":"https:\/\/kuzeyinsesi.org\/index.php\/2025\/03\/12\/cumhurbaskani-tatar-tc-cumhurbaskani-yardimcisi-yilmaz-ile-bir-araya-geldi-yilmazkibris-turk-halkinin-refahini-artirmak-icin-is-birligimizi-her-alanda-surdurecegiz\/#article","isPartOf":{"@id":"https:\/\/kuzeyinsesi.org\/index.php\/2025\/03\/12\/cumhurbaskani-tatar-tc-cumhurbaskani-yardimcisi-yilmaz-ile-bir-araya-geldi-yilmazkibris-turk-halkinin-refahini-artirmak-icin-is-birligimizi-her-alanda-surdurecegiz\/"},"author":{"name":"Kuzeyin Sesi","@id":"https:\/\/kuzeyinsesi.org\/#\/schema\/person\/9f859689cdf01485597712386e37f5aa"},"headline":"Cumhurba\u015fkan\u0131 Tatar, TC Cumhurba\u015fkan\u0131 Yard\u0131mc\u0131s\u0131 Y\u0131lmaz ile bir araya geldi .. Y\u0131lmaz:K\u0131br\u0131s T\u00fcrk halk\u0131n\u0131n refah\u0131n\u0131 art\u0131rmak i\u00e7in i\u015f birli\u011fimizi her alanda s\u00fcrd\u00fcrece\u011fiz","datePublished":"2025-03-12T13:01:36+00:00","mainEntityOfPage":{"@id":"https:\/\/kuzeyinsesi.org\/index.php\/2025\/03\/12\/cumhurbaskani-tatar-tc-cumhurbaskani-yardimcisi-yilmaz-ile-bir-araya-geldi-yilmazkibris-turk-halkinin-refahini-artirmak-icin-is-birligimizi-her-alanda-surdurecegiz\/"},"wordCount":190,"commentCount":0,"image":{"@id":"https:\/\/kuzeyinsesi.org\/index.php\/2025\/03\/12\/cumhurbaskani-tatar-tc-cumhurbaskani-yardimcisi-yilmaz-ile-bir-araya-geldi-yilmazkibris-turk-halkinin-refahini-artirmak-icin-is-birligimizi-her-alanda-surdurecegiz\/#primaryimage"},"thumbnailUrl":"https:\/\/kuzeyinsesi.org\/wp-content\/uploads\/2025\/03\/afkaskfaskfsa.jpg","articleSection":["T\u00fcrkiye"],"inLanguage":"tr","potentialAction":[{"@type":"CommentAction","name":"Comment","target":["https:\/\/kuzeyinsesi.org\/index.php\/2025\/03\/12\/cumhurbaskani-tatar-tc-cumhurbaskani-yardimcisi-yilmaz-ile-bir-araya-geldi-yilmazkibris-turk-halkinin-refahini-artirmak-icin-is-birligimizi-her-alanda-surdurecegiz\/#respond"]}]},{"@type":"WebPage","@id":"https:\/\/kuzeyinsesi.org\/index.php\/2025\/03\/12\/cumhurbaskani-tatar-tc-cumhurbaskani-yardimcisi-yilmaz-ile-bir-araya-geldi-yilmazkibris-turk-halkinin-refahini-artirmak-icin-is-birligimizi-her-alanda-surdurecegiz\/","url":"https:\/\/kuzeyinsesi.org\/index.php\/2025\/03\/12\/cumhurbaskani-tatar-tc-cumhurbaskani-yardimcisi-yilmaz-ile-bir-araya-geldi-yilmazkibris-turk-halkinin-refahini-artirmak-icin-is-birligimizi-her-alanda-surdurecegiz\/","name":"Cumhurba\u015fkan\u0131 Tatar, TC Cumhurba\u015fkan\u0131 Yard\u0131mc\u0131s\u0131 Y\u0131lmaz ile bir araya geldi .. Y\u0131lmaz:K\u0131br\u0131s T\u00fcrk halk\u0131n\u0131n refah\u0131n\u0131 art\u0131rmak i\u00e7in i\u015f birli\u011fimizi her alanda s\u00fcrd\u00fcrece\u011fiz - Kuzeyin Sesi","isPartOf":{"@id":"https:\/\/kuzeyinsesi.org\/#website"},"primaryImageOfPage":{"@id":"https:\/\/kuzeyinsesi.org\/index.php\/2025\/03\/12\/cumhurbaskani-tatar-tc-cumhurbaskani-yardimcisi-yilmaz-ile-bir-araya-geldi-yilmazkibris-turk-halkinin-refahini-artirmak-icin-is-birligimizi-her-alanda-surdurecegiz\/#primaryimage"},"image":{"@id":"https:\/\/kuzeyinsesi.org\/index.php\/2025\/03\/12\/cumhurbaskani-tatar-tc-cumhurbaskani-yardimcisi-yilmaz-ile-bir-araya-geldi-yilmazkibris-turk-halkinin-refahini-artirmak-icin-is-birligimizi-her-alanda-surdurecegiz\/#primaryimage"},"thumbnailUrl":"https:\/\/kuzeyinsesi.org\/wp-content\/uploads\/2025\/03\/afkaskfaskfsa.jpg","datePublished":"2025-03-12T13:01:36+00:00","author":{"@id":"https:\/\/kuzeyinsesi.org\/#\/schema\/person\/9f859689cdf01485597712386e37f5aa"},"breadcrumb":{"@id":"https:\/\/kuzeyinsesi.org\/index.php\/2025\/03\/12\/cumhurbaskani-tatar-tc-cumhurbaskani-yardimcisi-yilmaz-ile-bir-araya-geldi-yilmazkibris-turk-halkinin-refahini-artirmak-icin-is-birligimizi-her-alanda-surdurecegiz\/#breadcrumb"},"inLanguage":"tr","potentialAction":[{"@type":"ReadAction","target":["https:\/\/kuzeyinsesi.org\/index.php\/2025\/03\/12\/cumhurbaskani-tatar-tc-cumhurbaskani-yardimcisi-yilmaz-ile-bir-araya-geldi-yilmazkibris-turk-halkinin-refahini-artirmak-icin-is-birligimizi-her-alanda-surdurecegiz\/"]}]},{"@type":"ImageObject","inLanguage":"tr","@id":"https:\/\/kuzeyinsesi.org\/index.php\/2025\/03\/12\/cumhurbaskani-tatar-tc-cumhurbaskani-yardimcisi-yilmaz-ile-bir-araya-geldi-yilmazkibris-turk-halkinin-refahini-artirmak-icin-is-birligimizi-her-alanda-surdurecegiz\/#primaryimage","url":"https:\/\/kuzeyinsesi.org\/wp-content\/uploads\/2025\/03\/afkaskfaskfsa.jpg","contentUrl":"https:\/\/kuzeyinsesi.org\/wp-content\/uploads\/2025\/03\/afkaskfaskfsa.jpg","width":534,"height":299},{"@type":"BreadcrumbList","@id":"https:\/\/kuzeyinsesi.org\/index.php\/2025\/03\/12\/cumhurbaskani-tatar-tc-cumhurbaskani-yardimcisi-yilmaz-ile-bir-araya-geldi-yilmazkibris-turk-halkinin-refahini-artirmak-icin-is-birligimizi-her-alanda-surdurecegiz\/#breadcrumb","itemListElement":[{"@type":"ListItem","position":1,"name":"Anasayfa","item":"https:\/\/kuzeyinsesi.org\/"},{"@type":"ListItem","position":2,"name":"Cumhurba\u015fkan\u0131 Tatar, TC Cumhurba\u015fkan\u0131 Yard\u0131mc\u0131s\u0131 Y\u0131lmaz ile bir araya geldi .. Y\u0131lmaz:K\u0131br\u0131s T\u00fcrk halk\u0131n\u0131n refah\u0131n\u0131 art\u0131rmak i\u00e7in i\u015f birli\u011fimizi her alanda s\u00fcrd\u00fcrece\u011fiz"}]},{"@type":"WebSite","@id":"https:\/\/kuzeyinsesi.org\/#website","url":"https:\/\/kuzeyinsesi.org\/","name":"Kuzeyin Sesi","description":"Do\u011fru Haberin Adresi","potentialAction":[{"@type":"SearchAction","target":{"@type":"EntryPoint","urlTemplate":"https:\/\/kuzeyinsesi.org\/?s={search_term_string}"},"query-input":{"@type":"PropertyValueSpecification","valueRequired":true,"valueName":"search_term_string"}}],"inLanguage":"tr"},{"@type":"Person","@id":"https:\/\/kuzeyinsesi.org\/#\/schema\/person\/9f859689cdf01485597712386e37f5aa","name":"Kuzeyin Sesi","image":{"@type":"ImageObject","inLanguage":"tr","@id":"https:\/\/secure.gravatar.com\/avatar\/bab33852abfd8b282518d6ed81826833d77c3c882d9ab608add591ccace47a44?s=96&d=mm&r=g","url":"https:\/\/secure.gravatar.com\/avatar\/bab33852abfd8b282518d6ed81826833d77c3c882d9ab608add591ccace47a44?s=96&d=mm&r=g","contentUrl":"https:\/\/secure.gravatar.com\/avatar\/bab33852abfd8b282518d6ed81826833d77c3c882d9ab608add591ccace47a44?s=96&d=mm&r=g","caption":"Kuzeyin Sesi"},"sameAs":["https:\/\/kuzeyinsesi.org"],"url":"https:\/\/kuzeyinsesi.org\/index.php\/author\/guven\/"}]}},"_links":{"self":[{"href":"https:\/\/kuzeyinsesi.org\/index.php\/wp-json\/wp\/v2\/posts\/20786","targetHints":{"allow":["GET"]}}],"collection":[{"href":"https:\/\/kuzeyinsesi.org\/index.php\/wp-json\/wp\/v2\/posts"}],"about":[{"href":"https:\/\/kuzeyinsesi.org\/index.php\/wp-json\/wp\/v2\/types\/post"}],"author":[{"embeddable":true,"href":"https:\/\/kuzeyinsesi.org\/index.php\/wp-json\/wp\/v2\/users\/1"}],"replies":[{"embeddable":true,"href":"https:\/\/kuzeyinsesi.org\/index.php\/wp-json\/wp\/v2\/comments?post=20786"}],"version-history":[{"count":0,"href":"https:\/\/kuzeyinsesi.org\/index.php\/wp-json\/wp\/v2\/posts\/20786\/revisions"}],"wp:featuredmedia":[{"embeddable":true,"href":"https:\/\/kuzeyinsesi.org\/index.php\/wp-json\/wp\/v2\/media\/20787"}],"wp:attachment":[{"href":"https:\/\/kuzeyinsesi.org\/index.php\/wp-json\/wp\/v2\/media?parent=20786"}],"wp:term":[{"taxonomy":"category","embeddable":true,"href":"https:\/\/kuzeyinsesi.org\/index.php\/wp-json\/wp\/v2\/categories?post=20786"},{"taxonomy":"post_tag","embeddable":true,"href":"https:\/\/kuzeyinsesi.org\/index.php\/wp-json\/wp\/v2\/tags?post=20786"}],"curies":[{"name":"wp","href":"https:\/\/api.w.org\/{rel}","templated":true}]}}