{"id":20772,"date":"2025-03-12T13:43:25","date_gmt":"2025-03-12T11:43:25","guid":{"rendered":"https:\/\/kuzeyinsesi.org\/index.php\/2025\/03\/12\/bina-oyununun-ilk-gosterimi-yapildi-ikinci-gosterim-yarin-aksam-girne-belediyesi-oda-tiyatrosunda\/"},"modified":"2025-03-12T13:43:25","modified_gmt":"2025-03-12T11:43:25","slug":"bina-oyununun-ilk-gosterimi-yapildi-ikinci-gosterim-yarin-aksam-girne-belediyesi-oda-tiyatrosunda","status":"publish","type":"post","link":"https:\/\/kuzeyinsesi.org\/index.php\/2025\/03\/12\/bina-oyununun-ilk-gosterimi-yapildi-ikinci-gosterim-yarin-aksam-girne-belediyesi-oda-tiyatrosunda\/","title":{"rendered":"\u201cBina\u201d oyununun ilk g\u00f6sterimi yap\u0131ld\u0131\u2026 \u0130kinci g\u00f6sterim yar\u0131n ak\u015fam Girne Belediyesi Oda Tiyatrosu\u2019nda"},"content":{"rendered":"<div>\n<div class=\"mariselle-image-container none\">\n                                            <\/div>\n<p>Sena B\u00fcy\u00fcky\u0131lmaz\u2019\u0131n yazd\u0131\u011f\u0131, Hakk\u0131 Can Erol\u2019un y\u00f6netti\u011fi \u201cBina\u201d isimli tiyatro oyununun ilk g\u00f6sterimi d\u00fcn ak\u015fam yap\u0131ld\u0131. Oyun, yar\u0131n ak\u015fam saat 20.00\u2019de Girne Belediyesi Oda Tiyatrosu\u2019nda ikinci kez sahnelenecek.<\/p>\n<p>Girne Belediyesi\u2019nden verilen bilgiye g\u00f6re, Girne Amerikan \u00dcniversitesi Drama ve Oyunculuk B\u00f6l\u00fcm\u00fc mezunlar\u0131n\u0131n olu\u015fturdu\u011fu \u201cGrift Tiyatro\u201d oyuncular\u0131 ile yerel oyuncular\u0131n yer ald\u0131\u011f\u0131 tek perdelik oyunun pr\u00f6miyeri Ekim ay\u0131nda \u0130stanbul\u2019da yap\u0131lm\u0131\u015ft\u0131.<\/p>\n<p>\u00dccreti 250 TL olarak belirlenen biletler, www.kibrisbiletcim.com web adresinden veya oyun gecesi Girne Belediyesi Oda Tiyatrosu gi\u015fesinden temin edilebilecek.<\/p>\n<\/p><\/div>\n<p><script async\n                    defer\n                    crossorigin=\"anonymous\"\n                    src=\"https:\/\/connect.facebook.net\/tr_TR\/sdk.js#xfbml=1&#038;version=v3.3\"\n            ><\/script><\/p>\n","protected":false},"excerpt":{"rendered":"<p>Sena B\u00fcy\u00fcky\u0131lmaz\u2019\u0131n yazd\u0131\u011f\u0131, Hakk\u0131 Can Erol\u2019un y\u00f6netti\u011fi \u201cBina\u201d isimli tiyatro oyununun ilk g\u00f6sterimi d\u00fcn ak\u015fam yap\u0131ld\u0131. Oyun, yar\u0131n ak\u015fam saat 20.00\u2019de Girne Belediyesi Oda Tiyatrosu\u2019nda ikinci kez sahnelenecek. Girne Belediyesi\u2019nden verilen bilgiye g\u00f6re, Girne Amerikan \u00dcniversitesi Drama ve Oyunculuk B\u00f6l\u00fcm\u00fc mezunlar\u0131n\u0131n olu\u015fturdu\u011fu \u201cGrift Tiyatro\u201d oyuncular\u0131 ile yerel oyuncular\u0131n yer ald\u0131\u011f\u0131 tek perdelik oyunun pr\u00f6miyeri Ekim [&hellip;]<\/p>\n","protected":false},"author":1,"featured_media":20773,"comment_status":"open","ping_status":"open","sticky":false,"template":"","format":"standard","meta":{"jnews-multi-image_gallery":[],"jnews_single_post":[],"jnews_primary_category":[],"jnews_social_meta":[],"jnews_override_counter":[],"footnotes":""},"categories":[6],"tags":[],"class_list":["post-20772","post","type-post","status-publish","format-standard","has-post-thumbnail","hentry","category-yasam"],"yoast_head":"<!-- This site is optimized with the Yoast SEO plugin v27.4 - https:\/\/yoast.com\/product\/yoast-seo-wordpress\/ -->\n<title>\u201cBina\u201d oyununun ilk g\u00f6sterimi yap\u0131ld\u0131\u2026 \u0130kinci g\u00f6sterim yar\u0131n ak\u015fam Girne Belediyesi Oda Tiyatrosu\u2019nda - Kuzeyin Sesi<\/title>\n<meta name=\"robots\" content=\"index, follow, max-snippet:-1, max-image-preview:large, max-video-preview:-1\" \/>\n<link rel=\"canonical\" href=\"https:\/\/kuzeyinsesi.org\/index.php\/2025\/03\/12\/bina-oyununun-ilk-gosterimi-yapildi-ikinci-gosterim-yarin-aksam-girne-belediyesi-oda-tiyatrosunda\/\" \/>\n<meta property=\"og:locale\" content=\"tr_TR\" \/>\n<meta property=\"og:type\" content=\"article\" \/>\n<meta property=\"og:title\" content=\"\u201cBina\u201d oyununun ilk g\u00f6sterimi yap\u0131ld\u0131\u2026 \u0130kinci g\u00f6sterim yar\u0131n ak\u015fam Girne Belediyesi Oda Tiyatrosu\u2019nda - Kuzeyin Sesi\" \/>\n<meta property=\"og:description\" content=\"Sena B\u00fcy\u00fcky\u0131lmaz\u2019\u0131n yazd\u0131\u011f\u0131, Hakk\u0131 Can Erol\u2019un y\u00f6netti\u011fi \u201cBina\u201d isimli tiyatro oyununun ilk g\u00f6sterimi d\u00fcn ak\u015fam yap\u0131ld\u0131. Oyun, yar\u0131n ak\u015fam saat 20.00\u2019de Girne Belediyesi Oda Tiyatrosu\u2019nda ikinci kez sahnelenecek. Girne Belediyesi\u2019nden verilen bilgiye g\u00f6re, Girne Amerikan \u00dcniversitesi Drama ve Oyunculuk B\u00f6l\u00fcm\u00fc mezunlar\u0131n\u0131n olu\u015fturdu\u011fu \u201cGrift Tiyatro\u201d oyuncular\u0131 ile yerel oyuncular\u0131n yer ald\u0131\u011f\u0131 tek perdelik oyunun pr\u00f6miyeri Ekim [&hellip;]\" \/>\n<meta property=\"og:url\" content=\"https:\/\/kuzeyinsesi.org\/index.php\/2025\/03\/12\/bina-oyununun-ilk-gosterimi-yapildi-ikinci-gosterim-yarin-aksam-girne-belediyesi-oda-tiyatrosunda\/\" \/>\n<meta property=\"og:site_name\" content=\"Kuzeyin Sesi\" \/>\n<meta property=\"article:publisher\" content=\"https:\/\/www.facebook.com\/kuzeyinsesii\" \/>\n<meta property=\"article:published_time\" content=\"2025-03-12T11:43:25+00:00\" \/>\n<meta property=\"og:image\" content=\"https:\/\/brtk.net\/wp-content\/uploads\/2025\/03\/12\/GIRNE-BELEDIYESI-TIYATRO.jpeg?ver=5fafb94aba0046a5285efdde8f95e2f1\" \/>\n<meta name=\"author\" content=\"Kuzeyin Sesi\" \/>\n<meta name=\"twitter:card\" content=\"summary_large_image\" \/>\n<meta name=\"twitter:creator\" content=\"@kuzeyinsesii\" \/>\n<meta name=\"twitter:site\" content=\"@kuzeyinsesii\" \/>\n<meta name=\"twitter:label1\" content=\"Yazan:\" \/>\n\t<meta name=\"twitter:data1\" content=\"Kuzeyin Sesi\" \/>\n\t<meta name=\"twitter:label2\" content=\"Tahmini okuma s\u00fcresi\" \/>\n\t<meta name=\"twitter:data2\" content=\"1 dakika\" \/>\n<script type=\"application\/ld+json\" class=\"yoast-schema-graph\">{\"@context\":\"https:\\\/\\\/schema.org\",\"@graph\":[{\"@type\":\"Article\",\"@id\":\"https:\\\/\\\/kuzeyinsesi.org\\\/index.php\\\/2025\\\/03\\\/12\\\/bina-oyununun-ilk-gosterimi-yapildi-ikinci-gosterim-yarin-aksam-girne-belediyesi-oda-tiyatrosunda\\\/#article\",\"isPartOf\":{\"@id\":\"https:\\\/\\\/kuzeyinsesi.org\\\/index.php\\\/2025\\\/03\\\/12\\\/bina-oyununun-ilk-gosterimi-yapildi-ikinci-gosterim-yarin-aksam-girne-belediyesi-oda-tiyatrosunda\\\/\"},\"author\":{\"name\":\"Kuzeyin Sesi\",\"@id\":\"https:\\\/\\\/kuzeyinsesi.org\\\/#\\\/schema\\\/person\\\/9f859689cdf01485597712386e37f5aa\"},\"headline\":\"\u201cBina\u201d oyununun ilk g\u00f6sterimi yap\u0131ld\u0131\u2026 \u0130kinci g\u00f6sterim yar\u0131n ak\u015fam Girne Belediyesi Oda Tiyatrosu\u2019nda\",\"datePublished\":\"2025-03-12T11:43:25+00:00\",\"mainEntityOfPage\":{\"@id\":\"https:\\\/\\\/kuzeyinsesi.org\\\/index.php\\\/2025\\\/03\\\/12\\\/bina-oyununun-ilk-gosterimi-yapildi-ikinci-gosterim-yarin-aksam-girne-belediyesi-oda-tiyatrosunda\\\/\"},\"wordCount\":126,\"commentCount\":0,\"image\":{\"@id\":\"https:\\\/\\\/kuzeyinsesi.org\\\/index.php\\\/2025\\\/03\\\/12\\\/bina-oyununun-ilk-gosterimi-yapildi-ikinci-gosterim-yarin-aksam-girne-belediyesi-oda-tiyatrosunda\\\/#primaryimage\"},\"thumbnailUrl\":\"https:\\\/\\\/kuzeyinsesi.org\\\/wp-content\\\/uploads\\\/2025\\\/03\\\/GIRNE-BELEDIYESI-TIYATRO.jpeg\",\"articleSection\":[\"Ya\u015fam\"],\"inLanguage\":\"tr\",\"potentialAction\":[{\"@type\":\"CommentAction\",\"name\":\"Comment\",\"target\":[\"https:\\\/\\\/kuzeyinsesi.org\\\/index.php\\\/2025\\\/03\\\/12\\\/bina-oyununun-ilk-gosterimi-yapildi-ikinci-gosterim-yarin-aksam-girne-belediyesi-oda-tiyatrosunda\\\/#respond\"]}]},{\"@type\":\"WebPage\",\"@id\":\"https:\\\/\\\/kuzeyinsesi.org\\\/index.php\\\/2025\\\/03\\\/12\\\/bina-oyununun-ilk-gosterimi-yapildi-ikinci-gosterim-yarin-aksam-girne-belediyesi-oda-tiyatrosunda\\\/\",\"url\":\"https:\\\/\\\/kuzeyinsesi.org\\\/index.php\\\/2025\\\/03\\\/12\\\/bina-oyununun-ilk-gosterimi-yapildi-ikinci-gosterim-yarin-aksam-girne-belediyesi-oda-tiyatrosunda\\\/\",\"name\":\"\u201cBina\u201d oyununun ilk g\u00f6sterimi yap\u0131ld\u0131\u2026 \u0130kinci g\u00f6sterim yar\u0131n ak\u015fam Girne Belediyesi Oda Tiyatrosu\u2019nda - Kuzeyin Sesi\",\"isPartOf\":{\"@id\":\"https:\\\/\\\/kuzeyinsesi.org\\\/#website\"},\"primaryImageOfPage\":{\"@id\":\"https:\\\/\\\/kuzeyinsesi.org\\\/index.php\\\/2025\\\/03\\\/12\\\/bina-oyununun-ilk-gosterimi-yapildi-ikinci-gosterim-yarin-aksam-girne-belediyesi-oda-tiyatrosunda\\\/#primaryimage\"},\"image\":{\"@id\":\"https:\\\/\\\/kuzeyinsesi.org\\\/index.php\\\/2025\\\/03\\\/12\\\/bina-oyununun-ilk-gosterimi-yapildi-ikinci-gosterim-yarin-aksam-girne-belediyesi-oda-tiyatrosunda\\\/#primaryimage\"},\"thumbnailUrl\":\"https:\\\/\\\/kuzeyinsesi.org\\\/wp-content\\\/uploads\\\/2025\\\/03\\\/GIRNE-BELEDIYESI-TIYATRO.jpeg\",\"datePublished\":\"2025-03-12T11:43:25+00:00\",\"author\":{\"@id\":\"https:\\\/\\\/kuzeyinsesi.org\\\/#\\\/schema\\\/person\\\/9f859689cdf01485597712386e37f5aa\"},\"breadcrumb\":{\"@id\":\"https:\\\/\\\/kuzeyinsesi.org\\\/index.php\\\/2025\\\/03\\\/12\\\/bina-oyununun-ilk-gosterimi-yapildi-ikinci-gosterim-yarin-aksam-girne-belediyesi-oda-tiyatrosunda\\\/#breadcrumb\"},\"inLanguage\":\"tr\",\"potentialAction\":[{\"@type\":\"ReadAction\",\"target\":[\"https:\\\/\\\/kuzeyinsesi.org\\\/index.php\\\/2025\\\/03\\\/12\\\/bina-oyununun-ilk-gosterimi-yapildi-ikinci-gosterim-yarin-aksam-girne-belediyesi-oda-tiyatrosunda\\\/\"]}]},{\"@type\":\"ImageObject\",\"inLanguage\":\"tr\",\"@id\":\"https:\\\/\\\/kuzeyinsesi.org\\\/index.php\\\/2025\\\/03\\\/12\\\/bina-oyununun-ilk-gosterimi-yapildi-ikinci-gosterim-yarin-aksam-girne-belediyesi-oda-tiyatrosunda\\\/#primaryimage\",\"url\":\"https:\\\/\\\/kuzeyinsesi.org\\\/wp-content\\\/uploads\\\/2025\\\/03\\\/GIRNE-BELEDIYESI-TIYATRO.jpeg\",\"contentUrl\":\"https:\\\/\\\/kuzeyinsesi.org\\\/wp-content\\\/uploads\\\/2025\\\/03\\\/GIRNE-BELEDIYESI-TIYATRO.jpeg\",\"width\":929,\"height\":438},{\"@type\":\"BreadcrumbList\",\"@id\":\"https:\\\/\\\/kuzeyinsesi.org\\\/index.php\\\/2025\\\/03\\\/12\\\/bina-oyununun-ilk-gosterimi-yapildi-ikinci-gosterim-yarin-aksam-girne-belediyesi-oda-tiyatrosunda\\\/#breadcrumb\",\"itemListElement\":[{\"@type\":\"ListItem\",\"position\":1,\"name\":\"Anasayfa\",\"item\":\"https:\\\/\\\/kuzeyinsesi.org\\\/\"},{\"@type\":\"ListItem\",\"position\":2,\"name\":\"\u201cBina\u201d oyununun ilk g\u00f6sterimi yap\u0131ld\u0131\u2026 \u0130kinci g\u00f6sterim yar\u0131n ak\u015fam Girne Belediyesi Oda Tiyatrosu\u2019nda\"}]},{\"@type\":\"WebSite\",\"@id\":\"https:\\\/\\\/kuzeyinsesi.org\\\/#website\",\"url\":\"https:\\\/\\\/kuzeyinsesi.org\\\/\",\"name\":\"Kuzeyin Sesi\",\"description\":\"Do\u011fru Haberin Adresi\",\"potentialAction\":[{\"@type\":\"SearchAction\",\"target\":{\"@type\":\"EntryPoint\",\"urlTemplate\":\"https:\\\/\\\/kuzeyinsesi.org\\\/?s={search_term_string}\"},\"query-input\":{\"@type\":\"PropertyValueSpecification\",\"valueRequired\":true,\"valueName\":\"search_term_string\"}}],\"inLanguage\":\"tr\"},{\"@type\":\"Person\",\"@id\":\"https:\\\/\\\/kuzeyinsesi.org\\\/#\\\/schema\\\/person\\\/9f859689cdf01485597712386e37f5aa\",\"name\":\"Kuzeyin Sesi\",\"image\":{\"@type\":\"ImageObject\",\"inLanguage\":\"tr\",\"@id\":\"https:\\\/\\\/secure.gravatar.com\\\/avatar\\\/bab33852abfd8b282518d6ed81826833d77c3c882d9ab608add591ccace47a44?s=96&d=mm&r=g\",\"url\":\"https:\\\/\\\/secure.gravatar.com\\\/avatar\\\/bab33852abfd8b282518d6ed81826833d77c3c882d9ab608add591ccace47a44?s=96&d=mm&r=g\",\"contentUrl\":\"https:\\\/\\\/secure.gravatar.com\\\/avatar\\\/bab33852abfd8b282518d6ed81826833d77c3c882d9ab608add591ccace47a44?s=96&d=mm&r=g\",\"caption\":\"Kuzeyin Sesi\"},\"sameAs\":[\"https:\\\/\\\/kuzeyinsesi.org\"],\"url\":\"https:\\\/\\\/kuzeyinsesi.org\\\/index.php\\\/author\\\/guven\\\/\"}]}<\/script>\n<!-- \/ Yoast SEO plugin. -->","yoast_head_json":{"title":"\u201cBina\u201d oyununun ilk g\u00f6sterimi yap\u0131ld\u0131\u2026 \u0130kinci g\u00f6sterim yar\u0131n ak\u015fam Girne Belediyesi Oda Tiyatrosu\u2019nda - Kuzeyin Sesi","robots":{"index":"index","follow":"follow","max-snippet":"max-snippet:-1","max-image-preview":"max-image-preview:large","max-video-preview":"max-video-preview:-1"},"canonical":"https:\/\/kuzeyinsesi.org\/index.php\/2025\/03\/12\/bina-oyununun-ilk-gosterimi-yapildi-ikinci-gosterim-yarin-aksam-girne-belediyesi-oda-tiyatrosunda\/","og_locale":"tr_TR","og_type":"article","og_title":"\u201cBina\u201d oyununun ilk g\u00f6sterimi yap\u0131ld\u0131\u2026 \u0130kinci g\u00f6sterim yar\u0131n ak\u015fam Girne Belediyesi Oda Tiyatrosu\u2019nda - Kuzeyin Sesi","og_description":"Sena B\u00fcy\u00fcky\u0131lmaz\u2019\u0131n yazd\u0131\u011f\u0131, Hakk\u0131 Can Erol\u2019un y\u00f6netti\u011fi \u201cBina\u201d isimli tiyatro oyununun ilk g\u00f6sterimi d\u00fcn ak\u015fam yap\u0131ld\u0131. Oyun, yar\u0131n ak\u015fam saat 20.00\u2019de Girne Belediyesi Oda Tiyatrosu\u2019nda ikinci kez sahnelenecek. Girne Belediyesi\u2019nden verilen bilgiye g\u00f6re, Girne Amerikan \u00dcniversitesi Drama ve Oyunculuk B\u00f6l\u00fcm\u00fc mezunlar\u0131n\u0131n olu\u015fturdu\u011fu \u201cGrift Tiyatro\u201d oyuncular\u0131 ile yerel oyuncular\u0131n yer ald\u0131\u011f\u0131 tek perdelik oyunun pr\u00f6miyeri Ekim [&hellip;]","og_url":"https:\/\/kuzeyinsesi.org\/index.php\/2025\/03\/12\/bina-oyununun-ilk-gosterimi-yapildi-ikinci-gosterim-yarin-aksam-girne-belediyesi-oda-tiyatrosunda\/","og_site_name":"Kuzeyin Sesi","article_publisher":"https:\/\/www.facebook.com\/kuzeyinsesii","article_published_time":"2025-03-12T11:43:25+00:00","og_image":[{"url":"https:\/\/brtk.net\/wp-content\/uploads\/2025\/03\/12\/GIRNE-BELEDIYESI-TIYATRO.jpeg?ver=5fafb94aba0046a5285efdde8f95e2f1","type":"","width":"","height":""}],"author":"Kuzeyin Sesi","twitter_card":"summary_large_image","twitter_creator":"@kuzeyinsesii","twitter_site":"@kuzeyinsesii","twitter_misc":{"Yazan:":"Kuzeyin Sesi","Tahmini okuma s\u00fcresi":"1 dakika"},"schema":{"@context":"https:\/\/schema.org","@graph":[{"@type":"Article","@id":"https:\/\/kuzeyinsesi.org\/index.php\/2025\/03\/12\/bina-oyununun-ilk-gosterimi-yapildi-ikinci-gosterim-yarin-aksam-girne-belediyesi-oda-tiyatrosunda\/#article","isPartOf":{"@id":"https:\/\/kuzeyinsesi.org\/index.php\/2025\/03\/12\/bina-oyununun-ilk-gosterimi-yapildi-ikinci-gosterim-yarin-aksam-girne-belediyesi-oda-tiyatrosunda\/"},"author":{"name":"Kuzeyin Sesi","@id":"https:\/\/kuzeyinsesi.org\/#\/schema\/person\/9f859689cdf01485597712386e37f5aa"},"headline":"\u201cBina\u201d oyununun ilk g\u00f6sterimi yap\u0131ld\u0131\u2026 \u0130kinci g\u00f6sterim yar\u0131n ak\u015fam Girne Belediyesi Oda Tiyatrosu\u2019nda","datePublished":"2025-03-12T11:43:25+00:00","mainEntityOfPage":{"@id":"https:\/\/kuzeyinsesi.org\/index.php\/2025\/03\/12\/bina-oyununun-ilk-gosterimi-yapildi-ikinci-gosterim-yarin-aksam-girne-belediyesi-oda-tiyatrosunda\/"},"wordCount":126,"commentCount":0,"image":{"@id":"https:\/\/kuzeyinsesi.org\/index.php\/2025\/03\/12\/bina-oyununun-ilk-gosterimi-yapildi-ikinci-gosterim-yarin-aksam-girne-belediyesi-oda-tiyatrosunda\/#primaryimage"},"thumbnailUrl":"https:\/\/kuzeyinsesi.org\/wp-content\/uploads\/2025\/03\/GIRNE-BELEDIYESI-TIYATRO.jpeg","articleSection":["Ya\u015fam"],"inLanguage":"tr","potentialAction":[{"@type":"CommentAction","name":"Comment","target":["https:\/\/kuzeyinsesi.org\/index.php\/2025\/03\/12\/bina-oyununun-ilk-gosterimi-yapildi-ikinci-gosterim-yarin-aksam-girne-belediyesi-oda-tiyatrosunda\/#respond"]}]},{"@type":"WebPage","@id":"https:\/\/kuzeyinsesi.org\/index.php\/2025\/03\/12\/bina-oyununun-ilk-gosterimi-yapildi-ikinci-gosterim-yarin-aksam-girne-belediyesi-oda-tiyatrosunda\/","url":"https:\/\/kuzeyinsesi.org\/index.php\/2025\/03\/12\/bina-oyununun-ilk-gosterimi-yapildi-ikinci-gosterim-yarin-aksam-girne-belediyesi-oda-tiyatrosunda\/","name":"\u201cBina\u201d oyununun ilk g\u00f6sterimi yap\u0131ld\u0131\u2026 \u0130kinci g\u00f6sterim yar\u0131n ak\u015fam Girne Belediyesi Oda Tiyatrosu\u2019nda - Kuzeyin Sesi","isPartOf":{"@id":"https:\/\/kuzeyinsesi.org\/#website"},"primaryImageOfPage":{"@id":"https:\/\/kuzeyinsesi.org\/index.php\/2025\/03\/12\/bina-oyununun-ilk-gosterimi-yapildi-ikinci-gosterim-yarin-aksam-girne-belediyesi-oda-tiyatrosunda\/#primaryimage"},"image":{"@id":"https:\/\/kuzeyinsesi.org\/index.php\/2025\/03\/12\/bina-oyununun-ilk-gosterimi-yapildi-ikinci-gosterim-yarin-aksam-girne-belediyesi-oda-tiyatrosunda\/#primaryimage"},"thumbnailUrl":"https:\/\/kuzeyinsesi.org\/wp-content\/uploads\/2025\/03\/GIRNE-BELEDIYESI-TIYATRO.jpeg","datePublished":"2025-03-12T11:43:25+00:00","author":{"@id":"https:\/\/kuzeyinsesi.org\/#\/schema\/person\/9f859689cdf01485597712386e37f5aa"},"breadcrumb":{"@id":"https:\/\/kuzeyinsesi.org\/index.php\/2025\/03\/12\/bina-oyununun-ilk-gosterimi-yapildi-ikinci-gosterim-yarin-aksam-girne-belediyesi-oda-tiyatrosunda\/#breadcrumb"},"inLanguage":"tr","potentialAction":[{"@type":"ReadAction","target":["https:\/\/kuzeyinsesi.org\/index.php\/2025\/03\/12\/bina-oyununun-ilk-gosterimi-yapildi-ikinci-gosterim-yarin-aksam-girne-belediyesi-oda-tiyatrosunda\/"]}]},{"@type":"ImageObject","inLanguage":"tr","@id":"https:\/\/kuzeyinsesi.org\/index.php\/2025\/03\/12\/bina-oyununun-ilk-gosterimi-yapildi-ikinci-gosterim-yarin-aksam-girne-belediyesi-oda-tiyatrosunda\/#primaryimage","url":"https:\/\/kuzeyinsesi.org\/wp-content\/uploads\/2025\/03\/GIRNE-BELEDIYESI-TIYATRO.jpeg","contentUrl":"https:\/\/kuzeyinsesi.org\/wp-content\/uploads\/2025\/03\/GIRNE-BELEDIYESI-TIYATRO.jpeg","width":929,"height":438},{"@type":"BreadcrumbList","@id":"https:\/\/kuzeyinsesi.org\/index.php\/2025\/03\/12\/bina-oyununun-ilk-gosterimi-yapildi-ikinci-gosterim-yarin-aksam-girne-belediyesi-oda-tiyatrosunda\/#breadcrumb","itemListElement":[{"@type":"ListItem","position":1,"name":"Anasayfa","item":"https:\/\/kuzeyinsesi.org\/"},{"@type":"ListItem","position":2,"name":"\u201cBina\u201d oyununun ilk g\u00f6sterimi yap\u0131ld\u0131\u2026 \u0130kinci g\u00f6sterim yar\u0131n ak\u015fam Girne Belediyesi Oda Tiyatrosu\u2019nda"}]},{"@type":"WebSite","@id":"https:\/\/kuzeyinsesi.org\/#website","url":"https:\/\/kuzeyinsesi.org\/","name":"Kuzeyin Sesi","description":"Do\u011fru Haberin Adresi","potentialAction":[{"@type":"SearchAction","target":{"@type":"EntryPoint","urlTemplate":"https:\/\/kuzeyinsesi.org\/?s={search_term_string}"},"query-input":{"@type":"PropertyValueSpecification","valueRequired":true,"valueName":"search_term_string"}}],"inLanguage":"tr"},{"@type":"Person","@id":"https:\/\/kuzeyinsesi.org\/#\/schema\/person\/9f859689cdf01485597712386e37f5aa","name":"Kuzeyin Sesi","image":{"@type":"ImageObject","inLanguage":"tr","@id":"https:\/\/secure.gravatar.com\/avatar\/bab33852abfd8b282518d6ed81826833d77c3c882d9ab608add591ccace47a44?s=96&d=mm&r=g","url":"https:\/\/secure.gravatar.com\/avatar\/bab33852abfd8b282518d6ed81826833d77c3c882d9ab608add591ccace47a44?s=96&d=mm&r=g","contentUrl":"https:\/\/secure.gravatar.com\/avatar\/bab33852abfd8b282518d6ed81826833d77c3c882d9ab608add591ccace47a44?s=96&d=mm&r=g","caption":"Kuzeyin Sesi"},"sameAs":["https:\/\/kuzeyinsesi.org"],"url":"https:\/\/kuzeyinsesi.org\/index.php\/author\/guven\/"}]}},"_links":{"self":[{"href":"https:\/\/kuzeyinsesi.org\/index.php\/wp-json\/wp\/v2\/posts\/20772","targetHints":{"allow":["GET"]}}],"collection":[{"href":"https:\/\/kuzeyinsesi.org\/index.php\/wp-json\/wp\/v2\/posts"}],"about":[{"href":"https:\/\/kuzeyinsesi.org\/index.php\/wp-json\/wp\/v2\/types\/post"}],"author":[{"embeddable":true,"href":"https:\/\/kuzeyinsesi.org\/index.php\/wp-json\/wp\/v2\/users\/1"}],"replies":[{"embeddable":true,"href":"https:\/\/kuzeyinsesi.org\/index.php\/wp-json\/wp\/v2\/comments?post=20772"}],"version-history":[{"count":0,"href":"https:\/\/kuzeyinsesi.org\/index.php\/wp-json\/wp\/v2\/posts\/20772\/revisions"}],"wp:featuredmedia":[{"embeddable":true,"href":"https:\/\/kuzeyinsesi.org\/index.php\/wp-json\/wp\/v2\/media\/20773"}],"wp:attachment":[{"href":"https:\/\/kuzeyinsesi.org\/index.php\/wp-json\/wp\/v2\/media?parent=20772"}],"wp:term":[{"taxonomy":"category","embeddable":true,"href":"https:\/\/kuzeyinsesi.org\/index.php\/wp-json\/wp\/v2\/categories?post=20772"},{"taxonomy":"post_tag","embeddable":true,"href":"https:\/\/kuzeyinsesi.org\/index.php\/wp-json\/wp\/v2\/tags?post=20772"}],"curies":[{"name":"wp","href":"https:\/\/api.w.org\/{rel}","templated":true}]}}