{"id":20762,"date":"2025-03-12T12:42:54","date_gmt":"2025-03-12T10:42:54","guid":{"rendered":"https:\/\/kuzeyinsesi.org\/index.php\/2025\/03\/12\/kibrisin-sesi-dr-fazil-kucuk-ve-turk-toplumunun-hak-arayisi-kitabi-yayimlandi\/"},"modified":"2025-03-12T12:42:54","modified_gmt":"2025-03-12T10:42:54","slug":"kibrisin-sesi-dr-fazil-kucuk-ve-turk-toplumunun-hak-arayisi-kitabi-yayimlandi","status":"publish","type":"post","link":"https:\/\/kuzeyinsesi.org\/index.php\/2025\/03\/12\/kibrisin-sesi-dr-fazil-kucuk-ve-turk-toplumunun-hak-arayisi-kitabi-yayimlandi\/","title":{"rendered":"\u201cK\u0131br\u0131s\u2019\u0131n Sesi: Dr. Faz\u0131l K\u00fc\u00e7\u00fck ve T\u00fcrk Toplumunun Hak Aray\u0131\u015f\u0131\u201d kitab\u0131 yay\u0131mland\u0131"},"content":{"rendered":"<div>\n<div class=\"mariselle-image-container none\">\n                                            <\/div>\n<p>Yazar Dr. Senem Civgin\u2019in kaleme ald\u0131\u011f\u0131 \u201cK\u0131br\u0131s\u2019\u0131n Sesi: Dr. Faz\u0131l K\u00fc\u00e7\u00fck ve T\u00fcrk Toplumunun Hak Aray\u0131\u015f\u0131\u201d isimli kitap yay\u0131mland\u0131.<\/p>\n<p>K\u0131br\u0131s T\u00fcrk halk\u0131n\u0131n hak ve \u00f6zg\u00fcrl\u00fck m\u00fccadelesini \u201cK\u0131br\u0131s Bar\u0131\u015f Harekat\u0131\u2019n\u0131n 50. y\u0131l\u0131\u201d vesilesiyle ele alan kitapta Dr. Faz\u0131l K\u00fc\u00e7\u00fck\u2019\u00fcn ya\u015fam\u0131 ile varolu\u015f ve beka m\u00fccadelesi inceleniyor.<\/p>\n<p>Kitapta, Dr. Faz\u0131l K\u00fc\u00e7\u00fck\u2019\u00fcn \u00e7ocukluk y\u0131llar\u0131ndan ba\u015flay\u0131p, hekimlik, siyaset, gazetecilik ve liderli\u011fi boyunca K\u0131br\u0131s T\u00fcrk halk\u0131n\u0131n haklar\u0131n\u0131 savunma yolundaki \u00e7ok y\u00f6nl\u00fc ve kararl\u0131 m\u00fccadelesi aktar\u0131ld\u0131.<\/p>\n<\/p><\/div>\n<p><script async\n                    defer\n                    crossorigin=\"anonymous\"\n                    src=\"https:\/\/connect.facebook.net\/tr_TR\/sdk.js#xfbml=1&#038;version=v3.3\"\n            ><\/script><\/p>\n","protected":false},"excerpt":{"rendered":"<p>Yazar Dr. Senem Civgin\u2019in kaleme ald\u0131\u011f\u0131 \u201cK\u0131br\u0131s\u2019\u0131n Sesi: Dr. Faz\u0131l K\u00fc\u00e7\u00fck ve T\u00fcrk Toplumunun Hak Aray\u0131\u015f\u0131\u201d isimli kitap yay\u0131mland\u0131. K\u0131br\u0131s T\u00fcrk halk\u0131n\u0131n hak ve \u00f6zg\u00fcrl\u00fck m\u00fccadelesini \u201cK\u0131br\u0131s Bar\u0131\u015f Harekat\u0131\u2019n\u0131n 50. y\u0131l\u0131\u201d vesilesiyle ele alan kitapta Dr. Faz\u0131l K\u00fc\u00e7\u00fck\u2019\u00fcn ya\u015fam\u0131 ile varolu\u015f ve beka m\u00fccadelesi inceleniyor. Kitapta, Dr. Faz\u0131l K\u00fc\u00e7\u00fck\u2019\u00fcn \u00e7ocukluk y\u0131llar\u0131ndan ba\u015flay\u0131p, hekimlik, siyaset, gazetecilik [&hellip;]<\/p>\n","protected":false},"author":1,"featured_media":20763,"comment_status":"open","ping_status":"open","sticky":false,"template":"","format":"standard","meta":{"jnews-multi-image_gallery":[],"jnews_single_post":[],"jnews_primary_category":[],"jnews_social_meta":[],"jnews_override_counter":[],"footnotes":""},"categories":[6],"tags":[],"class_list":["post-20762","post","type-post","status-publish","format-standard","has-post-thumbnail","hentry","category-yasam"],"yoast_head":"<!-- This site is optimized with the Yoast SEO plugin v27.4 - https:\/\/yoast.com\/product\/yoast-seo-wordpress\/ -->\n<title>\u201cK\u0131br\u0131s\u2019\u0131n Sesi: Dr. Faz\u0131l K\u00fc\u00e7\u00fck ve T\u00fcrk Toplumunun Hak Aray\u0131\u015f\u0131\u201d kitab\u0131 yay\u0131mland\u0131 - Kuzeyin Sesi<\/title>\n<meta name=\"robots\" content=\"index, follow, max-snippet:-1, max-image-preview:large, max-video-preview:-1\" \/>\n<link rel=\"canonical\" href=\"https:\/\/kuzeyinsesi.org\/index.php\/2025\/03\/12\/kibrisin-sesi-dr-fazil-kucuk-ve-turk-toplumunun-hak-arayisi-kitabi-yayimlandi\/\" \/>\n<meta property=\"og:locale\" content=\"tr_TR\" \/>\n<meta property=\"og:type\" content=\"article\" \/>\n<meta property=\"og:title\" content=\"\u201cK\u0131br\u0131s\u2019\u0131n Sesi: Dr. Faz\u0131l K\u00fc\u00e7\u00fck ve T\u00fcrk Toplumunun Hak Aray\u0131\u015f\u0131\u201d kitab\u0131 yay\u0131mland\u0131 - Kuzeyin Sesi\" \/>\n<meta property=\"og:description\" content=\"Yazar Dr. Senem Civgin\u2019in kaleme ald\u0131\u011f\u0131 \u201cK\u0131br\u0131s\u2019\u0131n Sesi: Dr. Faz\u0131l K\u00fc\u00e7\u00fck ve T\u00fcrk Toplumunun Hak Aray\u0131\u015f\u0131\u201d isimli kitap yay\u0131mland\u0131. K\u0131br\u0131s T\u00fcrk halk\u0131n\u0131n hak ve \u00f6zg\u00fcrl\u00fck m\u00fccadelesini \u201cK\u0131br\u0131s Bar\u0131\u015f Harekat\u0131\u2019n\u0131n 50. y\u0131l\u0131\u201d vesilesiyle ele alan kitapta Dr. Faz\u0131l K\u00fc\u00e7\u00fck\u2019\u00fcn ya\u015fam\u0131 ile varolu\u015f ve beka m\u00fccadelesi inceleniyor. Kitapta, Dr. Faz\u0131l K\u00fc\u00e7\u00fck\u2019\u00fcn \u00e7ocukluk y\u0131llar\u0131ndan ba\u015flay\u0131p, hekimlik, siyaset, gazetecilik [&hellip;]\" \/>\n<meta property=\"og:url\" content=\"https:\/\/kuzeyinsesi.org\/index.php\/2025\/03\/12\/kibrisin-sesi-dr-fazil-kucuk-ve-turk-toplumunun-hak-arayisi-kitabi-yayimlandi\/\" \/>\n<meta property=\"og:site_name\" content=\"Kuzeyin Sesi\" \/>\n<meta property=\"article:publisher\" content=\"https:\/\/www.facebook.com\/kuzeyinsesii\" \/>\n<meta property=\"article:published_time\" content=\"2025-03-12T10:42:54+00:00\" \/>\n<meta property=\"og:image\" content=\"https:\/\/brtk.net\/wp-content\/uploads\/2025\/03\/12\/Kibrisin-Sesi-on.jpg?ver=b94f3bb7cb5189ee953d18286d07835b\" \/>\n<meta name=\"author\" content=\"Kuzeyin Sesi\" \/>\n<meta name=\"twitter:card\" content=\"summary_large_image\" \/>\n<meta name=\"twitter:creator\" content=\"@kuzeyinsesii\" \/>\n<meta name=\"twitter:site\" content=\"@kuzeyinsesii\" \/>\n<meta name=\"twitter:label1\" content=\"Yazan:\" \/>\n\t<meta name=\"twitter:data1\" content=\"Kuzeyin Sesi\" \/>\n\t<meta name=\"twitter:label2\" content=\"Tahmini okuma s\u00fcresi\" \/>\n\t<meta name=\"twitter:data2\" content=\"1 dakika\" \/>\n<script type=\"application\/ld+json\" class=\"yoast-schema-graph\">{\"@context\":\"https:\\\/\\\/schema.org\",\"@graph\":[{\"@type\":\"Article\",\"@id\":\"https:\\\/\\\/kuzeyinsesi.org\\\/index.php\\\/2025\\\/03\\\/12\\\/kibrisin-sesi-dr-fazil-kucuk-ve-turk-toplumunun-hak-arayisi-kitabi-yayimlandi\\\/#article\",\"isPartOf\":{\"@id\":\"https:\\\/\\\/kuzeyinsesi.org\\\/index.php\\\/2025\\\/03\\\/12\\\/kibrisin-sesi-dr-fazil-kucuk-ve-turk-toplumunun-hak-arayisi-kitabi-yayimlandi\\\/\"},\"author\":{\"name\":\"Kuzeyin Sesi\",\"@id\":\"https:\\\/\\\/kuzeyinsesi.org\\\/#\\\/schema\\\/person\\\/9f859689cdf01485597712386e37f5aa\"},\"headline\":\"\u201cK\u0131br\u0131s\u2019\u0131n Sesi: Dr. Faz\u0131l K\u00fc\u00e7\u00fck ve T\u00fcrk Toplumunun Hak Aray\u0131\u015f\u0131\u201d kitab\u0131 yay\u0131mland\u0131\",\"datePublished\":\"2025-03-12T10:42:54+00:00\",\"mainEntityOfPage\":{\"@id\":\"https:\\\/\\\/kuzeyinsesi.org\\\/index.php\\\/2025\\\/03\\\/12\\\/kibrisin-sesi-dr-fazil-kucuk-ve-turk-toplumunun-hak-arayisi-kitabi-yayimlandi\\\/\"},\"wordCount\":131,\"commentCount\":0,\"image\":{\"@id\":\"https:\\\/\\\/kuzeyinsesi.org\\\/index.php\\\/2025\\\/03\\\/12\\\/kibrisin-sesi-dr-fazil-kucuk-ve-turk-toplumunun-hak-arayisi-kitabi-yayimlandi\\\/#primaryimage\"},\"thumbnailUrl\":\"https:\\\/\\\/kuzeyinsesi.org\\\/wp-content\\\/uploads\\\/2025\\\/03\\\/Kibrisin-Sesi-on.jpg\",\"articleSection\":[\"Ya\u015fam\"],\"inLanguage\":\"tr\",\"potentialAction\":[{\"@type\":\"CommentAction\",\"name\":\"Comment\",\"target\":[\"https:\\\/\\\/kuzeyinsesi.org\\\/index.php\\\/2025\\\/03\\\/12\\\/kibrisin-sesi-dr-fazil-kucuk-ve-turk-toplumunun-hak-arayisi-kitabi-yayimlandi\\\/#respond\"]}]},{\"@type\":\"WebPage\",\"@id\":\"https:\\\/\\\/kuzeyinsesi.org\\\/index.php\\\/2025\\\/03\\\/12\\\/kibrisin-sesi-dr-fazil-kucuk-ve-turk-toplumunun-hak-arayisi-kitabi-yayimlandi\\\/\",\"url\":\"https:\\\/\\\/kuzeyinsesi.org\\\/index.php\\\/2025\\\/03\\\/12\\\/kibrisin-sesi-dr-fazil-kucuk-ve-turk-toplumunun-hak-arayisi-kitabi-yayimlandi\\\/\",\"name\":\"\u201cK\u0131br\u0131s\u2019\u0131n Sesi: Dr. Faz\u0131l K\u00fc\u00e7\u00fck ve T\u00fcrk Toplumunun Hak Aray\u0131\u015f\u0131\u201d kitab\u0131 yay\u0131mland\u0131 - Kuzeyin Sesi\",\"isPartOf\":{\"@id\":\"https:\\\/\\\/kuzeyinsesi.org\\\/#website\"},\"primaryImageOfPage\":{\"@id\":\"https:\\\/\\\/kuzeyinsesi.org\\\/index.php\\\/2025\\\/03\\\/12\\\/kibrisin-sesi-dr-fazil-kucuk-ve-turk-toplumunun-hak-arayisi-kitabi-yayimlandi\\\/#primaryimage\"},\"image\":{\"@id\":\"https:\\\/\\\/kuzeyinsesi.org\\\/index.php\\\/2025\\\/03\\\/12\\\/kibrisin-sesi-dr-fazil-kucuk-ve-turk-toplumunun-hak-arayisi-kitabi-yayimlandi\\\/#primaryimage\"},\"thumbnailUrl\":\"https:\\\/\\\/kuzeyinsesi.org\\\/wp-content\\\/uploads\\\/2025\\\/03\\\/Kibrisin-Sesi-on.jpg\",\"datePublished\":\"2025-03-12T10:42:54+00:00\",\"author\":{\"@id\":\"https:\\\/\\\/kuzeyinsesi.org\\\/#\\\/schema\\\/person\\\/9f859689cdf01485597712386e37f5aa\"},\"breadcrumb\":{\"@id\":\"https:\\\/\\\/kuzeyinsesi.org\\\/index.php\\\/2025\\\/03\\\/12\\\/kibrisin-sesi-dr-fazil-kucuk-ve-turk-toplumunun-hak-arayisi-kitabi-yayimlandi\\\/#breadcrumb\"},\"inLanguage\":\"tr\",\"potentialAction\":[{\"@type\":\"ReadAction\",\"target\":[\"https:\\\/\\\/kuzeyinsesi.org\\\/index.php\\\/2025\\\/03\\\/12\\\/kibrisin-sesi-dr-fazil-kucuk-ve-turk-toplumunun-hak-arayisi-kitabi-yayimlandi\\\/\"]}]},{\"@type\":\"ImageObject\",\"inLanguage\":\"tr\",\"@id\":\"https:\\\/\\\/kuzeyinsesi.org\\\/index.php\\\/2025\\\/03\\\/12\\\/kibrisin-sesi-dr-fazil-kucuk-ve-turk-toplumunun-hak-arayisi-kitabi-yayimlandi\\\/#primaryimage\",\"url\":\"https:\\\/\\\/kuzeyinsesi.org\\\/wp-content\\\/uploads\\\/2025\\\/03\\\/Kibrisin-Sesi-on.jpg\",\"contentUrl\":\"https:\\\/\\\/kuzeyinsesi.org\\\/wp-content\\\/uploads\\\/2025\\\/03\\\/Kibrisin-Sesi-on.jpg\",\"width\":930,\"height\":410},{\"@type\":\"BreadcrumbList\",\"@id\":\"https:\\\/\\\/kuzeyinsesi.org\\\/index.php\\\/2025\\\/03\\\/12\\\/kibrisin-sesi-dr-fazil-kucuk-ve-turk-toplumunun-hak-arayisi-kitabi-yayimlandi\\\/#breadcrumb\",\"itemListElement\":[{\"@type\":\"ListItem\",\"position\":1,\"name\":\"Anasayfa\",\"item\":\"https:\\\/\\\/kuzeyinsesi.org\\\/\"},{\"@type\":\"ListItem\",\"position\":2,\"name\":\"\u201cK\u0131br\u0131s\u2019\u0131n Sesi: Dr. Faz\u0131l K\u00fc\u00e7\u00fck ve T\u00fcrk Toplumunun Hak Aray\u0131\u015f\u0131\u201d kitab\u0131 yay\u0131mland\u0131\"}]},{\"@type\":\"WebSite\",\"@id\":\"https:\\\/\\\/kuzeyinsesi.org\\\/#website\",\"url\":\"https:\\\/\\\/kuzeyinsesi.org\\\/\",\"name\":\"Kuzeyin Sesi\",\"description\":\"Do\u011fru Haberin Adresi\",\"potentialAction\":[{\"@type\":\"SearchAction\",\"target\":{\"@type\":\"EntryPoint\",\"urlTemplate\":\"https:\\\/\\\/kuzeyinsesi.org\\\/?s={search_term_string}\"},\"query-input\":{\"@type\":\"PropertyValueSpecification\",\"valueRequired\":true,\"valueName\":\"search_term_string\"}}],\"inLanguage\":\"tr\"},{\"@type\":\"Person\",\"@id\":\"https:\\\/\\\/kuzeyinsesi.org\\\/#\\\/schema\\\/person\\\/9f859689cdf01485597712386e37f5aa\",\"name\":\"Kuzeyin Sesi\",\"image\":{\"@type\":\"ImageObject\",\"inLanguage\":\"tr\",\"@id\":\"https:\\\/\\\/secure.gravatar.com\\\/avatar\\\/bab33852abfd8b282518d6ed81826833d77c3c882d9ab608add591ccace47a44?s=96&d=mm&r=g\",\"url\":\"https:\\\/\\\/secure.gravatar.com\\\/avatar\\\/bab33852abfd8b282518d6ed81826833d77c3c882d9ab608add591ccace47a44?s=96&d=mm&r=g\",\"contentUrl\":\"https:\\\/\\\/secure.gravatar.com\\\/avatar\\\/bab33852abfd8b282518d6ed81826833d77c3c882d9ab608add591ccace47a44?s=96&d=mm&r=g\",\"caption\":\"Kuzeyin Sesi\"},\"sameAs\":[\"https:\\\/\\\/kuzeyinsesi.org\"],\"url\":\"https:\\\/\\\/kuzeyinsesi.org\\\/index.php\\\/author\\\/guven\\\/\"}]}<\/script>\n<!-- \/ Yoast SEO plugin. -->","yoast_head_json":{"title":"\u201cK\u0131br\u0131s\u2019\u0131n Sesi: Dr. Faz\u0131l K\u00fc\u00e7\u00fck ve T\u00fcrk Toplumunun Hak Aray\u0131\u015f\u0131\u201d kitab\u0131 yay\u0131mland\u0131 - Kuzeyin Sesi","robots":{"index":"index","follow":"follow","max-snippet":"max-snippet:-1","max-image-preview":"max-image-preview:large","max-video-preview":"max-video-preview:-1"},"canonical":"https:\/\/kuzeyinsesi.org\/index.php\/2025\/03\/12\/kibrisin-sesi-dr-fazil-kucuk-ve-turk-toplumunun-hak-arayisi-kitabi-yayimlandi\/","og_locale":"tr_TR","og_type":"article","og_title":"\u201cK\u0131br\u0131s\u2019\u0131n Sesi: Dr. Faz\u0131l K\u00fc\u00e7\u00fck ve T\u00fcrk Toplumunun Hak Aray\u0131\u015f\u0131\u201d kitab\u0131 yay\u0131mland\u0131 - Kuzeyin Sesi","og_description":"Yazar Dr. Senem Civgin\u2019in kaleme ald\u0131\u011f\u0131 \u201cK\u0131br\u0131s\u2019\u0131n Sesi: Dr. Faz\u0131l K\u00fc\u00e7\u00fck ve T\u00fcrk Toplumunun Hak Aray\u0131\u015f\u0131\u201d isimli kitap yay\u0131mland\u0131. K\u0131br\u0131s T\u00fcrk halk\u0131n\u0131n hak ve \u00f6zg\u00fcrl\u00fck m\u00fccadelesini \u201cK\u0131br\u0131s Bar\u0131\u015f Harekat\u0131\u2019n\u0131n 50. y\u0131l\u0131\u201d vesilesiyle ele alan kitapta Dr. Faz\u0131l K\u00fc\u00e7\u00fck\u2019\u00fcn ya\u015fam\u0131 ile varolu\u015f ve beka m\u00fccadelesi inceleniyor. Kitapta, Dr. Faz\u0131l K\u00fc\u00e7\u00fck\u2019\u00fcn \u00e7ocukluk y\u0131llar\u0131ndan ba\u015flay\u0131p, hekimlik, siyaset, gazetecilik [&hellip;]","og_url":"https:\/\/kuzeyinsesi.org\/index.php\/2025\/03\/12\/kibrisin-sesi-dr-fazil-kucuk-ve-turk-toplumunun-hak-arayisi-kitabi-yayimlandi\/","og_site_name":"Kuzeyin Sesi","article_publisher":"https:\/\/www.facebook.com\/kuzeyinsesii","article_published_time":"2025-03-12T10:42:54+00:00","og_image":[{"url":"https:\/\/brtk.net\/wp-content\/uploads\/2025\/03\/12\/Kibrisin-Sesi-on.jpg?ver=b94f3bb7cb5189ee953d18286d07835b","type":"","width":"","height":""}],"author":"Kuzeyin Sesi","twitter_card":"summary_large_image","twitter_creator":"@kuzeyinsesii","twitter_site":"@kuzeyinsesii","twitter_misc":{"Yazan:":"Kuzeyin Sesi","Tahmini okuma s\u00fcresi":"1 dakika"},"schema":{"@context":"https:\/\/schema.org","@graph":[{"@type":"Article","@id":"https:\/\/kuzeyinsesi.org\/index.php\/2025\/03\/12\/kibrisin-sesi-dr-fazil-kucuk-ve-turk-toplumunun-hak-arayisi-kitabi-yayimlandi\/#article","isPartOf":{"@id":"https:\/\/kuzeyinsesi.org\/index.php\/2025\/03\/12\/kibrisin-sesi-dr-fazil-kucuk-ve-turk-toplumunun-hak-arayisi-kitabi-yayimlandi\/"},"author":{"name":"Kuzeyin Sesi","@id":"https:\/\/kuzeyinsesi.org\/#\/schema\/person\/9f859689cdf01485597712386e37f5aa"},"headline":"\u201cK\u0131br\u0131s\u2019\u0131n Sesi: Dr. Faz\u0131l K\u00fc\u00e7\u00fck ve T\u00fcrk Toplumunun Hak Aray\u0131\u015f\u0131\u201d kitab\u0131 yay\u0131mland\u0131","datePublished":"2025-03-12T10:42:54+00:00","mainEntityOfPage":{"@id":"https:\/\/kuzeyinsesi.org\/index.php\/2025\/03\/12\/kibrisin-sesi-dr-fazil-kucuk-ve-turk-toplumunun-hak-arayisi-kitabi-yayimlandi\/"},"wordCount":131,"commentCount":0,"image":{"@id":"https:\/\/kuzeyinsesi.org\/index.php\/2025\/03\/12\/kibrisin-sesi-dr-fazil-kucuk-ve-turk-toplumunun-hak-arayisi-kitabi-yayimlandi\/#primaryimage"},"thumbnailUrl":"https:\/\/kuzeyinsesi.org\/wp-content\/uploads\/2025\/03\/Kibrisin-Sesi-on.jpg","articleSection":["Ya\u015fam"],"inLanguage":"tr","potentialAction":[{"@type":"CommentAction","name":"Comment","target":["https:\/\/kuzeyinsesi.org\/index.php\/2025\/03\/12\/kibrisin-sesi-dr-fazil-kucuk-ve-turk-toplumunun-hak-arayisi-kitabi-yayimlandi\/#respond"]}]},{"@type":"WebPage","@id":"https:\/\/kuzeyinsesi.org\/index.php\/2025\/03\/12\/kibrisin-sesi-dr-fazil-kucuk-ve-turk-toplumunun-hak-arayisi-kitabi-yayimlandi\/","url":"https:\/\/kuzeyinsesi.org\/index.php\/2025\/03\/12\/kibrisin-sesi-dr-fazil-kucuk-ve-turk-toplumunun-hak-arayisi-kitabi-yayimlandi\/","name":"\u201cK\u0131br\u0131s\u2019\u0131n Sesi: Dr. Faz\u0131l K\u00fc\u00e7\u00fck ve T\u00fcrk Toplumunun Hak Aray\u0131\u015f\u0131\u201d kitab\u0131 yay\u0131mland\u0131 - Kuzeyin Sesi","isPartOf":{"@id":"https:\/\/kuzeyinsesi.org\/#website"},"primaryImageOfPage":{"@id":"https:\/\/kuzeyinsesi.org\/index.php\/2025\/03\/12\/kibrisin-sesi-dr-fazil-kucuk-ve-turk-toplumunun-hak-arayisi-kitabi-yayimlandi\/#primaryimage"},"image":{"@id":"https:\/\/kuzeyinsesi.org\/index.php\/2025\/03\/12\/kibrisin-sesi-dr-fazil-kucuk-ve-turk-toplumunun-hak-arayisi-kitabi-yayimlandi\/#primaryimage"},"thumbnailUrl":"https:\/\/kuzeyinsesi.org\/wp-content\/uploads\/2025\/03\/Kibrisin-Sesi-on.jpg","datePublished":"2025-03-12T10:42:54+00:00","author":{"@id":"https:\/\/kuzeyinsesi.org\/#\/schema\/person\/9f859689cdf01485597712386e37f5aa"},"breadcrumb":{"@id":"https:\/\/kuzeyinsesi.org\/index.php\/2025\/03\/12\/kibrisin-sesi-dr-fazil-kucuk-ve-turk-toplumunun-hak-arayisi-kitabi-yayimlandi\/#breadcrumb"},"inLanguage":"tr","potentialAction":[{"@type":"ReadAction","target":["https:\/\/kuzeyinsesi.org\/index.php\/2025\/03\/12\/kibrisin-sesi-dr-fazil-kucuk-ve-turk-toplumunun-hak-arayisi-kitabi-yayimlandi\/"]}]},{"@type":"ImageObject","inLanguage":"tr","@id":"https:\/\/kuzeyinsesi.org\/index.php\/2025\/03\/12\/kibrisin-sesi-dr-fazil-kucuk-ve-turk-toplumunun-hak-arayisi-kitabi-yayimlandi\/#primaryimage","url":"https:\/\/kuzeyinsesi.org\/wp-content\/uploads\/2025\/03\/Kibrisin-Sesi-on.jpg","contentUrl":"https:\/\/kuzeyinsesi.org\/wp-content\/uploads\/2025\/03\/Kibrisin-Sesi-on.jpg","width":930,"height":410},{"@type":"BreadcrumbList","@id":"https:\/\/kuzeyinsesi.org\/index.php\/2025\/03\/12\/kibrisin-sesi-dr-fazil-kucuk-ve-turk-toplumunun-hak-arayisi-kitabi-yayimlandi\/#breadcrumb","itemListElement":[{"@type":"ListItem","position":1,"name":"Anasayfa","item":"https:\/\/kuzeyinsesi.org\/"},{"@type":"ListItem","position":2,"name":"\u201cK\u0131br\u0131s\u2019\u0131n Sesi: Dr. Faz\u0131l K\u00fc\u00e7\u00fck ve T\u00fcrk Toplumunun Hak Aray\u0131\u015f\u0131\u201d kitab\u0131 yay\u0131mland\u0131"}]},{"@type":"WebSite","@id":"https:\/\/kuzeyinsesi.org\/#website","url":"https:\/\/kuzeyinsesi.org\/","name":"Kuzeyin Sesi","description":"Do\u011fru Haberin Adresi","potentialAction":[{"@type":"SearchAction","target":{"@type":"EntryPoint","urlTemplate":"https:\/\/kuzeyinsesi.org\/?s={search_term_string}"},"query-input":{"@type":"PropertyValueSpecification","valueRequired":true,"valueName":"search_term_string"}}],"inLanguage":"tr"},{"@type":"Person","@id":"https:\/\/kuzeyinsesi.org\/#\/schema\/person\/9f859689cdf01485597712386e37f5aa","name":"Kuzeyin Sesi","image":{"@type":"ImageObject","inLanguage":"tr","@id":"https:\/\/secure.gravatar.com\/avatar\/bab33852abfd8b282518d6ed81826833d77c3c882d9ab608add591ccace47a44?s=96&d=mm&r=g","url":"https:\/\/secure.gravatar.com\/avatar\/bab33852abfd8b282518d6ed81826833d77c3c882d9ab608add591ccace47a44?s=96&d=mm&r=g","contentUrl":"https:\/\/secure.gravatar.com\/avatar\/bab33852abfd8b282518d6ed81826833d77c3c882d9ab608add591ccace47a44?s=96&d=mm&r=g","caption":"Kuzeyin Sesi"},"sameAs":["https:\/\/kuzeyinsesi.org"],"url":"https:\/\/kuzeyinsesi.org\/index.php\/author\/guven\/"}]}},"_links":{"self":[{"href":"https:\/\/kuzeyinsesi.org\/index.php\/wp-json\/wp\/v2\/posts\/20762","targetHints":{"allow":["GET"]}}],"collection":[{"href":"https:\/\/kuzeyinsesi.org\/index.php\/wp-json\/wp\/v2\/posts"}],"about":[{"href":"https:\/\/kuzeyinsesi.org\/index.php\/wp-json\/wp\/v2\/types\/post"}],"author":[{"embeddable":true,"href":"https:\/\/kuzeyinsesi.org\/index.php\/wp-json\/wp\/v2\/users\/1"}],"replies":[{"embeddable":true,"href":"https:\/\/kuzeyinsesi.org\/index.php\/wp-json\/wp\/v2\/comments?post=20762"}],"version-history":[{"count":0,"href":"https:\/\/kuzeyinsesi.org\/index.php\/wp-json\/wp\/v2\/posts\/20762\/revisions"}],"wp:featuredmedia":[{"embeddable":true,"href":"https:\/\/kuzeyinsesi.org\/index.php\/wp-json\/wp\/v2\/media\/20763"}],"wp:attachment":[{"href":"https:\/\/kuzeyinsesi.org\/index.php\/wp-json\/wp\/v2\/media?parent=20762"}],"wp:term":[{"taxonomy":"category","embeddable":true,"href":"https:\/\/kuzeyinsesi.org\/index.php\/wp-json\/wp\/v2\/categories?post=20762"},{"taxonomy":"post_tag","embeddable":true,"href":"https:\/\/kuzeyinsesi.org\/index.php\/wp-json\/wp\/v2\/tags?post=20762"}],"curies":[{"name":"wp","href":"https:\/\/api.w.org\/{rel}","templated":true}]}}