{"id":20720,"date":"2025-03-11T17:06:35","date_gmt":"2025-03-11T15:06:35","guid":{"rendered":"https:\/\/kuzeyinsesi.org\/index.php\/2025\/03\/11\/kktc-kosovada-uluslararasi-folklor-festivali-ile-geleneksel-halk-sarkilari-festivalinde-temsil-edildi\/"},"modified":"2025-03-11T17:06:35","modified_gmt":"2025-03-11T15:06:35","slug":"kktc-kosovada-uluslararasi-folklor-festivali-ile-geleneksel-halk-sarkilari-festivalinde-temsil-edildi","status":"publish","type":"post","link":"https:\/\/kuzeyinsesi.org\/index.php\/2025\/03\/11\/kktc-kosovada-uluslararasi-folklor-festivali-ile-geleneksel-halk-sarkilari-festivalinde-temsil-edildi\/","title":{"rendered":"KKTC, Kosova\u2019da \u201cUluslararas\u0131 Folklor Festivali\u201d ile \u201cGeleneksel Halk \u015eark\u0131lar\u0131 Festivali\u201dnde temsil edildi"},"content":{"rendered":"<div>\n<div class=\"mariselle-image-container center\">\n                                            <\/div>\n<p>KKTC,  K\u00fclt\u00fcr Dairesi koordinasyonu ile, Kosova\u2019da d\u00fczenlenen CIOFF Uluslararas\u0131 Folklor Festivali NINULLA\u2019da ve festival kapsam\u0131nda ger\u00e7ekle\u015ftirilen Geleneksel Halk \u015eark\u0131lar\u0131 Festivali\u2019nde temsil edildi.<\/p>\n<p>KKTC\u2019nin yan\u0131 s\u0131ra Kosova, T\u00fcrkiye, Kuzey Makedonya, \u0130talya, \u0130spanya, Arnavutluk, Slovakya ve \u00c7ek Cumhuriyeti\u2019nin kat\u0131ld\u0131\u011f\u0131 festivalde KKTC\u2019yi Karikat\u00fcrist ve M\u00fczisyen Mustafa Tozak\u0131 ile \u0130skele Belediyesi Halk Danslar\u0131 Toplulu\u011fu m\u00fczisyenleri temsil etti.<\/p>\n<p>K\u00fclt\u00fcr Dairesi\u2019nden verilen bilgiye g\u00f6re, Ba\u015fbakan Yard\u0131mc\u0131l\u0131\u011f\u0131 Turizm K\u00fclt\u00fcr Gen\u00e7lik ve \u00c7evre  Bakanl\u0131\u011f\u0131 ile \u0130skele Belediyesi\u2019nin deste\u011fi ile ger\u00e7ekle\u015ftirilen temsiliyette, Karikat\u00fcrist ve M\u00fczisyen Mustafa Tozak\u0131 CIOFF Uluslararas\u0131 Folklor Festivali NINULLA\u2019ya kat\u0131lanlar\u0131n karikat\u00fcrlerini \u00e7izerek b\u00fcy\u00fck ilgi toplad\u0131.<\/p>\n<p>KKTC bayra\u011f\u0131n\u0131n dalgaland\u0131r\u0131ld\u0131\u011f\u0131 festival kapsam\u0131nda bu y\u0131l ikincisi d\u00fczenlenen Geleneksel Halk \u015eark\u0131lar\u0131 Festivali\u2019nde de \u0130skele Belediyesi Halk Danslar\u0131 Toplulu\u011fu m\u00fczisyenleri sahne alarak izleyenlerin takdirini toplayan geleneksel K\u0131br\u0131s T\u00fcrk halk m\u00fcziklerinden \u00f6rnekler sundu.<\/p>\n<\/p><\/div>\n<p><script async\n                    defer\n                    crossorigin=\"anonymous\"\n                    src=\"https:\/\/connect.facebook.net\/tr_TR\/sdk.js#xfbml=1&#038;version=v3.3\"\n            ><\/script><\/p>\n","protected":false},"excerpt":{"rendered":"<p>KKTC, K\u00fclt\u00fcr Dairesi koordinasyonu ile, Kosova\u2019da d\u00fczenlenen CIOFF Uluslararas\u0131 Folklor Festivali NINULLA\u2019da ve festival kapsam\u0131nda ger\u00e7ekle\u015ftirilen Geleneksel Halk \u015eark\u0131lar\u0131 Festivali\u2019nde temsil edildi. KKTC\u2019nin yan\u0131 s\u0131ra Kosova, T\u00fcrkiye, Kuzey Makedonya, \u0130talya, \u0130spanya, Arnavutluk, Slovakya ve \u00c7ek Cumhuriyeti\u2019nin kat\u0131ld\u0131\u011f\u0131 festivalde KKTC\u2019yi Karikat\u00fcrist ve M\u00fczisyen Mustafa Tozak\u0131 ile \u0130skele Belediyesi Halk Danslar\u0131 Toplulu\u011fu m\u00fczisyenleri temsil etti. K\u00fclt\u00fcr Dairesi\u2019nden [&hellip;]<\/p>\n","protected":false},"author":1,"featured_media":20721,"comment_status":"open","ping_status":"open","sticky":false,"template":"","format":"standard","meta":{"jnews-multi-image_gallery":[],"jnews_single_post":[],"jnews_primary_category":[],"jnews_social_meta":[],"jnews_override_counter":[],"footnotes":""},"categories":[6],"tags":[],"class_list":["post-20720","post","type-post","status-publish","format-standard","has-post-thumbnail","hentry","category-yasam"],"yoast_head":"<!-- This site is optimized with the Yoast SEO plugin v27.4 - https:\/\/yoast.com\/product\/yoast-seo-wordpress\/ -->\n<title>KKTC, Kosova\u2019da \u201cUluslararas\u0131 Folklor Festivali\u201d ile \u201cGeleneksel Halk \u015eark\u0131lar\u0131 Festivali\u201dnde temsil edildi - Kuzeyin Sesi<\/title>\n<meta name=\"robots\" content=\"index, follow, max-snippet:-1, max-image-preview:large, max-video-preview:-1\" \/>\n<link rel=\"canonical\" href=\"https:\/\/kuzeyinsesi.org\/index.php\/2025\/03\/11\/kktc-kosovada-uluslararasi-folklor-festivali-ile-geleneksel-halk-sarkilari-festivalinde-temsil-edildi\/\" \/>\n<meta property=\"og:locale\" content=\"tr_TR\" \/>\n<meta property=\"og:type\" content=\"article\" \/>\n<meta property=\"og:title\" content=\"KKTC, Kosova\u2019da \u201cUluslararas\u0131 Folklor Festivali\u201d ile \u201cGeleneksel Halk \u015eark\u0131lar\u0131 Festivali\u201dnde temsil edildi - Kuzeyin Sesi\" \/>\n<meta property=\"og:description\" content=\"KKTC, K\u00fclt\u00fcr Dairesi koordinasyonu ile, Kosova\u2019da d\u00fczenlenen CIOFF Uluslararas\u0131 Folklor Festivali NINULLA\u2019da ve festival kapsam\u0131nda ger\u00e7ekle\u015ftirilen Geleneksel Halk \u015eark\u0131lar\u0131 Festivali\u2019nde temsil edildi. KKTC\u2019nin yan\u0131 s\u0131ra Kosova, T\u00fcrkiye, Kuzey Makedonya, \u0130talya, \u0130spanya, Arnavutluk, Slovakya ve \u00c7ek Cumhuriyeti\u2019nin kat\u0131ld\u0131\u011f\u0131 festivalde KKTC\u2019yi Karikat\u00fcrist ve M\u00fczisyen Mustafa Tozak\u0131 ile \u0130skele Belediyesi Halk Danslar\u0131 Toplulu\u011fu m\u00fczisyenleri temsil etti. K\u00fclt\u00fcr Dairesi\u2019nden [&hellip;]\" \/>\n<meta property=\"og:url\" content=\"https:\/\/kuzeyinsesi.org\/index.php\/2025\/03\/11\/kktc-kosovada-uluslararasi-folklor-festivali-ile-geleneksel-halk-sarkilari-festivalinde-temsil-edildi\/\" \/>\n<meta property=\"og:site_name\" content=\"Kuzeyin Sesi\" \/>\n<meta property=\"article:publisher\" content=\"https:\/\/www.facebook.com\/kuzeyinsesii\" \/>\n<meta property=\"article:published_time\" content=\"2025-03-11T15:06:35+00:00\" \/>\n<meta property=\"og:image\" content=\"https:\/\/brtk.net\/wp-content\/uploads\/2025\/03\/11\/qoiqprq.jpg?ver=37e8c7b413d1bae413e5d85e65a8c304\" \/>\n<meta name=\"author\" content=\"Kuzeyin Sesi\" \/>\n<meta name=\"twitter:card\" content=\"summary_large_image\" \/>\n<meta name=\"twitter:creator\" content=\"@kuzeyinsesii\" \/>\n<meta name=\"twitter:site\" content=\"@kuzeyinsesii\" \/>\n<meta name=\"twitter:label1\" content=\"Yazan:\" \/>\n\t<meta name=\"twitter:data1\" content=\"Kuzeyin Sesi\" \/>\n\t<meta name=\"twitter:label2\" content=\"Tahmini okuma s\u00fcresi\" \/>\n\t<meta name=\"twitter:data2\" content=\"1 dakika\" \/>\n<script type=\"application\/ld+json\" class=\"yoast-schema-graph\">{\"@context\":\"https:\\\/\\\/schema.org\",\"@graph\":[{\"@type\":\"Article\",\"@id\":\"https:\\\/\\\/kuzeyinsesi.org\\\/index.php\\\/2025\\\/03\\\/11\\\/kktc-kosovada-uluslararasi-folklor-festivali-ile-geleneksel-halk-sarkilari-festivalinde-temsil-edildi\\\/#article\",\"isPartOf\":{\"@id\":\"https:\\\/\\\/kuzeyinsesi.org\\\/index.php\\\/2025\\\/03\\\/11\\\/kktc-kosovada-uluslararasi-folklor-festivali-ile-geleneksel-halk-sarkilari-festivalinde-temsil-edildi\\\/\"},\"author\":{\"name\":\"Kuzeyin Sesi\",\"@id\":\"https:\\\/\\\/kuzeyinsesi.org\\\/#\\\/schema\\\/person\\\/9f859689cdf01485597712386e37f5aa\"},\"headline\":\"KKTC, Kosova\u2019da \u201cUluslararas\u0131 Folklor Festivali\u201d ile \u201cGeleneksel Halk \u015eark\u0131lar\u0131 Festivali\u201dnde temsil edildi\",\"datePublished\":\"2025-03-11T15:06:35+00:00\",\"mainEntityOfPage\":{\"@id\":\"https:\\\/\\\/kuzeyinsesi.org\\\/index.php\\\/2025\\\/03\\\/11\\\/kktc-kosovada-uluslararasi-folklor-festivali-ile-geleneksel-halk-sarkilari-festivalinde-temsil-edildi\\\/\"},\"wordCount\":193,\"commentCount\":0,\"image\":{\"@id\":\"https:\\\/\\\/kuzeyinsesi.org\\\/index.php\\\/2025\\\/03\\\/11\\\/kktc-kosovada-uluslararasi-folklor-festivali-ile-geleneksel-halk-sarkilari-festivalinde-temsil-edildi\\\/#primaryimage\"},\"thumbnailUrl\":\"https:\\\/\\\/kuzeyinsesi.org\\\/wp-content\\\/uploads\\\/2025\\\/03\\\/qoiqprq.jpg\",\"articleSection\":[\"Ya\u015fam\"],\"inLanguage\":\"tr\",\"potentialAction\":[{\"@type\":\"CommentAction\",\"name\":\"Comment\",\"target\":[\"https:\\\/\\\/kuzeyinsesi.org\\\/index.php\\\/2025\\\/03\\\/11\\\/kktc-kosovada-uluslararasi-folklor-festivali-ile-geleneksel-halk-sarkilari-festivalinde-temsil-edildi\\\/#respond\"]}]},{\"@type\":\"WebPage\",\"@id\":\"https:\\\/\\\/kuzeyinsesi.org\\\/index.php\\\/2025\\\/03\\\/11\\\/kktc-kosovada-uluslararasi-folklor-festivali-ile-geleneksel-halk-sarkilari-festivalinde-temsil-edildi\\\/\",\"url\":\"https:\\\/\\\/kuzeyinsesi.org\\\/index.php\\\/2025\\\/03\\\/11\\\/kktc-kosovada-uluslararasi-folklor-festivali-ile-geleneksel-halk-sarkilari-festivalinde-temsil-edildi\\\/\",\"name\":\"KKTC, Kosova\u2019da \u201cUluslararas\u0131 Folklor Festivali\u201d ile \u201cGeleneksel Halk \u015eark\u0131lar\u0131 Festivali\u201dnde temsil edildi - Kuzeyin Sesi\",\"isPartOf\":{\"@id\":\"https:\\\/\\\/kuzeyinsesi.org\\\/#website\"},\"primaryImageOfPage\":{\"@id\":\"https:\\\/\\\/kuzeyinsesi.org\\\/index.php\\\/2025\\\/03\\\/11\\\/kktc-kosovada-uluslararasi-folklor-festivali-ile-geleneksel-halk-sarkilari-festivalinde-temsil-edildi\\\/#primaryimage\"},\"image\":{\"@id\":\"https:\\\/\\\/kuzeyinsesi.org\\\/index.php\\\/2025\\\/03\\\/11\\\/kktc-kosovada-uluslararasi-folklor-festivali-ile-geleneksel-halk-sarkilari-festivalinde-temsil-edildi\\\/#primaryimage\"},\"thumbnailUrl\":\"https:\\\/\\\/kuzeyinsesi.org\\\/wp-content\\\/uploads\\\/2025\\\/03\\\/qoiqprq.jpg\",\"datePublished\":\"2025-03-11T15:06:35+00:00\",\"author\":{\"@id\":\"https:\\\/\\\/kuzeyinsesi.org\\\/#\\\/schema\\\/person\\\/9f859689cdf01485597712386e37f5aa\"},\"breadcrumb\":{\"@id\":\"https:\\\/\\\/kuzeyinsesi.org\\\/index.php\\\/2025\\\/03\\\/11\\\/kktc-kosovada-uluslararasi-folklor-festivali-ile-geleneksel-halk-sarkilari-festivalinde-temsil-edildi\\\/#breadcrumb\"},\"inLanguage\":\"tr\",\"potentialAction\":[{\"@type\":\"ReadAction\",\"target\":[\"https:\\\/\\\/kuzeyinsesi.org\\\/index.php\\\/2025\\\/03\\\/11\\\/kktc-kosovada-uluslararasi-folklor-festivali-ile-geleneksel-halk-sarkilari-festivalinde-temsil-edildi\\\/\"]}]},{\"@type\":\"ImageObject\",\"inLanguage\":\"tr\",\"@id\":\"https:\\\/\\\/kuzeyinsesi.org\\\/index.php\\\/2025\\\/03\\\/11\\\/kktc-kosovada-uluslararasi-folklor-festivali-ile-geleneksel-halk-sarkilari-festivalinde-temsil-edildi\\\/#primaryimage\",\"url\":\"https:\\\/\\\/kuzeyinsesi.org\\\/wp-content\\\/uploads\\\/2025\\\/03\\\/qoiqprq.jpg\",\"contentUrl\":\"https:\\\/\\\/kuzeyinsesi.org\\\/wp-content\\\/uploads\\\/2025\\\/03\\\/qoiqprq.jpg\",\"width\":1373,\"height\":674},{\"@type\":\"BreadcrumbList\",\"@id\":\"https:\\\/\\\/kuzeyinsesi.org\\\/index.php\\\/2025\\\/03\\\/11\\\/kktc-kosovada-uluslararasi-folklor-festivali-ile-geleneksel-halk-sarkilari-festivalinde-temsil-edildi\\\/#breadcrumb\",\"itemListElement\":[{\"@type\":\"ListItem\",\"position\":1,\"name\":\"Anasayfa\",\"item\":\"https:\\\/\\\/kuzeyinsesi.org\\\/\"},{\"@type\":\"ListItem\",\"position\":2,\"name\":\"KKTC, Kosova\u2019da \u201cUluslararas\u0131 Folklor Festivali\u201d ile \u201cGeleneksel Halk \u015eark\u0131lar\u0131 Festivali\u201dnde temsil edildi\"}]},{\"@type\":\"WebSite\",\"@id\":\"https:\\\/\\\/kuzeyinsesi.org\\\/#website\",\"url\":\"https:\\\/\\\/kuzeyinsesi.org\\\/\",\"name\":\"Kuzeyin Sesi\",\"description\":\"Do\u011fru Haberin Adresi\",\"potentialAction\":[{\"@type\":\"SearchAction\",\"target\":{\"@type\":\"EntryPoint\",\"urlTemplate\":\"https:\\\/\\\/kuzeyinsesi.org\\\/?s={search_term_string}\"},\"query-input\":{\"@type\":\"PropertyValueSpecification\",\"valueRequired\":true,\"valueName\":\"search_term_string\"}}],\"inLanguage\":\"tr\"},{\"@type\":\"Person\",\"@id\":\"https:\\\/\\\/kuzeyinsesi.org\\\/#\\\/schema\\\/person\\\/9f859689cdf01485597712386e37f5aa\",\"name\":\"Kuzeyin Sesi\",\"image\":{\"@type\":\"ImageObject\",\"inLanguage\":\"tr\",\"@id\":\"https:\\\/\\\/secure.gravatar.com\\\/avatar\\\/bab33852abfd8b282518d6ed81826833d77c3c882d9ab608add591ccace47a44?s=96&d=mm&r=g\",\"url\":\"https:\\\/\\\/secure.gravatar.com\\\/avatar\\\/bab33852abfd8b282518d6ed81826833d77c3c882d9ab608add591ccace47a44?s=96&d=mm&r=g\",\"contentUrl\":\"https:\\\/\\\/secure.gravatar.com\\\/avatar\\\/bab33852abfd8b282518d6ed81826833d77c3c882d9ab608add591ccace47a44?s=96&d=mm&r=g\",\"caption\":\"Kuzeyin Sesi\"},\"sameAs\":[\"https:\\\/\\\/kuzeyinsesi.org\"],\"url\":\"https:\\\/\\\/kuzeyinsesi.org\\\/index.php\\\/author\\\/guven\\\/\"}]}<\/script>\n<!-- \/ Yoast SEO plugin. -->","yoast_head_json":{"title":"KKTC, Kosova\u2019da \u201cUluslararas\u0131 Folklor Festivali\u201d ile \u201cGeleneksel Halk \u015eark\u0131lar\u0131 Festivali\u201dnde temsil edildi - Kuzeyin Sesi","robots":{"index":"index","follow":"follow","max-snippet":"max-snippet:-1","max-image-preview":"max-image-preview:large","max-video-preview":"max-video-preview:-1"},"canonical":"https:\/\/kuzeyinsesi.org\/index.php\/2025\/03\/11\/kktc-kosovada-uluslararasi-folklor-festivali-ile-geleneksel-halk-sarkilari-festivalinde-temsil-edildi\/","og_locale":"tr_TR","og_type":"article","og_title":"KKTC, Kosova\u2019da \u201cUluslararas\u0131 Folklor Festivali\u201d ile \u201cGeleneksel Halk \u015eark\u0131lar\u0131 Festivali\u201dnde temsil edildi - Kuzeyin Sesi","og_description":"KKTC, K\u00fclt\u00fcr Dairesi koordinasyonu ile, Kosova\u2019da d\u00fczenlenen CIOFF Uluslararas\u0131 Folklor Festivali NINULLA\u2019da ve festival kapsam\u0131nda ger\u00e7ekle\u015ftirilen Geleneksel Halk \u015eark\u0131lar\u0131 Festivali\u2019nde temsil edildi. KKTC\u2019nin yan\u0131 s\u0131ra Kosova, T\u00fcrkiye, Kuzey Makedonya, \u0130talya, \u0130spanya, Arnavutluk, Slovakya ve \u00c7ek Cumhuriyeti\u2019nin kat\u0131ld\u0131\u011f\u0131 festivalde KKTC\u2019yi Karikat\u00fcrist ve M\u00fczisyen Mustafa Tozak\u0131 ile \u0130skele Belediyesi Halk Danslar\u0131 Toplulu\u011fu m\u00fczisyenleri temsil etti. K\u00fclt\u00fcr Dairesi\u2019nden [&hellip;]","og_url":"https:\/\/kuzeyinsesi.org\/index.php\/2025\/03\/11\/kktc-kosovada-uluslararasi-folklor-festivali-ile-geleneksel-halk-sarkilari-festivalinde-temsil-edildi\/","og_site_name":"Kuzeyin Sesi","article_publisher":"https:\/\/www.facebook.com\/kuzeyinsesii","article_published_time":"2025-03-11T15:06:35+00:00","og_image":[{"url":"https:\/\/brtk.net\/wp-content\/uploads\/2025\/03\/11\/qoiqprq.jpg?ver=37e8c7b413d1bae413e5d85e65a8c304","type":"","width":"","height":""}],"author":"Kuzeyin Sesi","twitter_card":"summary_large_image","twitter_creator":"@kuzeyinsesii","twitter_site":"@kuzeyinsesii","twitter_misc":{"Yazan:":"Kuzeyin Sesi","Tahmini okuma s\u00fcresi":"1 dakika"},"schema":{"@context":"https:\/\/schema.org","@graph":[{"@type":"Article","@id":"https:\/\/kuzeyinsesi.org\/index.php\/2025\/03\/11\/kktc-kosovada-uluslararasi-folklor-festivali-ile-geleneksel-halk-sarkilari-festivalinde-temsil-edildi\/#article","isPartOf":{"@id":"https:\/\/kuzeyinsesi.org\/index.php\/2025\/03\/11\/kktc-kosovada-uluslararasi-folklor-festivali-ile-geleneksel-halk-sarkilari-festivalinde-temsil-edildi\/"},"author":{"name":"Kuzeyin Sesi","@id":"https:\/\/kuzeyinsesi.org\/#\/schema\/person\/9f859689cdf01485597712386e37f5aa"},"headline":"KKTC, Kosova\u2019da \u201cUluslararas\u0131 Folklor Festivali\u201d ile \u201cGeleneksel Halk \u015eark\u0131lar\u0131 Festivali\u201dnde temsil edildi","datePublished":"2025-03-11T15:06:35+00:00","mainEntityOfPage":{"@id":"https:\/\/kuzeyinsesi.org\/index.php\/2025\/03\/11\/kktc-kosovada-uluslararasi-folklor-festivali-ile-geleneksel-halk-sarkilari-festivalinde-temsil-edildi\/"},"wordCount":193,"commentCount":0,"image":{"@id":"https:\/\/kuzeyinsesi.org\/index.php\/2025\/03\/11\/kktc-kosovada-uluslararasi-folklor-festivali-ile-geleneksel-halk-sarkilari-festivalinde-temsil-edildi\/#primaryimage"},"thumbnailUrl":"https:\/\/kuzeyinsesi.org\/wp-content\/uploads\/2025\/03\/qoiqprq.jpg","articleSection":["Ya\u015fam"],"inLanguage":"tr","potentialAction":[{"@type":"CommentAction","name":"Comment","target":["https:\/\/kuzeyinsesi.org\/index.php\/2025\/03\/11\/kktc-kosovada-uluslararasi-folklor-festivali-ile-geleneksel-halk-sarkilari-festivalinde-temsil-edildi\/#respond"]}]},{"@type":"WebPage","@id":"https:\/\/kuzeyinsesi.org\/index.php\/2025\/03\/11\/kktc-kosovada-uluslararasi-folklor-festivali-ile-geleneksel-halk-sarkilari-festivalinde-temsil-edildi\/","url":"https:\/\/kuzeyinsesi.org\/index.php\/2025\/03\/11\/kktc-kosovada-uluslararasi-folklor-festivali-ile-geleneksel-halk-sarkilari-festivalinde-temsil-edildi\/","name":"KKTC, Kosova\u2019da \u201cUluslararas\u0131 Folklor Festivali\u201d ile \u201cGeleneksel Halk \u015eark\u0131lar\u0131 Festivali\u201dnde temsil edildi - Kuzeyin Sesi","isPartOf":{"@id":"https:\/\/kuzeyinsesi.org\/#website"},"primaryImageOfPage":{"@id":"https:\/\/kuzeyinsesi.org\/index.php\/2025\/03\/11\/kktc-kosovada-uluslararasi-folklor-festivali-ile-geleneksel-halk-sarkilari-festivalinde-temsil-edildi\/#primaryimage"},"image":{"@id":"https:\/\/kuzeyinsesi.org\/index.php\/2025\/03\/11\/kktc-kosovada-uluslararasi-folklor-festivali-ile-geleneksel-halk-sarkilari-festivalinde-temsil-edildi\/#primaryimage"},"thumbnailUrl":"https:\/\/kuzeyinsesi.org\/wp-content\/uploads\/2025\/03\/qoiqprq.jpg","datePublished":"2025-03-11T15:06:35+00:00","author":{"@id":"https:\/\/kuzeyinsesi.org\/#\/schema\/person\/9f859689cdf01485597712386e37f5aa"},"breadcrumb":{"@id":"https:\/\/kuzeyinsesi.org\/index.php\/2025\/03\/11\/kktc-kosovada-uluslararasi-folklor-festivali-ile-geleneksel-halk-sarkilari-festivalinde-temsil-edildi\/#breadcrumb"},"inLanguage":"tr","potentialAction":[{"@type":"ReadAction","target":["https:\/\/kuzeyinsesi.org\/index.php\/2025\/03\/11\/kktc-kosovada-uluslararasi-folklor-festivali-ile-geleneksel-halk-sarkilari-festivalinde-temsil-edildi\/"]}]},{"@type":"ImageObject","inLanguage":"tr","@id":"https:\/\/kuzeyinsesi.org\/index.php\/2025\/03\/11\/kktc-kosovada-uluslararasi-folklor-festivali-ile-geleneksel-halk-sarkilari-festivalinde-temsil-edildi\/#primaryimage","url":"https:\/\/kuzeyinsesi.org\/wp-content\/uploads\/2025\/03\/qoiqprq.jpg","contentUrl":"https:\/\/kuzeyinsesi.org\/wp-content\/uploads\/2025\/03\/qoiqprq.jpg","width":1373,"height":674},{"@type":"BreadcrumbList","@id":"https:\/\/kuzeyinsesi.org\/index.php\/2025\/03\/11\/kktc-kosovada-uluslararasi-folklor-festivali-ile-geleneksel-halk-sarkilari-festivalinde-temsil-edildi\/#breadcrumb","itemListElement":[{"@type":"ListItem","position":1,"name":"Anasayfa","item":"https:\/\/kuzeyinsesi.org\/"},{"@type":"ListItem","position":2,"name":"KKTC, Kosova\u2019da \u201cUluslararas\u0131 Folklor Festivali\u201d ile \u201cGeleneksel Halk \u015eark\u0131lar\u0131 Festivali\u201dnde temsil edildi"}]},{"@type":"WebSite","@id":"https:\/\/kuzeyinsesi.org\/#website","url":"https:\/\/kuzeyinsesi.org\/","name":"Kuzeyin Sesi","description":"Do\u011fru Haberin Adresi","potentialAction":[{"@type":"SearchAction","target":{"@type":"EntryPoint","urlTemplate":"https:\/\/kuzeyinsesi.org\/?s={search_term_string}"},"query-input":{"@type":"PropertyValueSpecification","valueRequired":true,"valueName":"search_term_string"}}],"inLanguage":"tr"},{"@type":"Person","@id":"https:\/\/kuzeyinsesi.org\/#\/schema\/person\/9f859689cdf01485597712386e37f5aa","name":"Kuzeyin Sesi","image":{"@type":"ImageObject","inLanguage":"tr","@id":"https:\/\/secure.gravatar.com\/avatar\/bab33852abfd8b282518d6ed81826833d77c3c882d9ab608add591ccace47a44?s=96&d=mm&r=g","url":"https:\/\/secure.gravatar.com\/avatar\/bab33852abfd8b282518d6ed81826833d77c3c882d9ab608add591ccace47a44?s=96&d=mm&r=g","contentUrl":"https:\/\/secure.gravatar.com\/avatar\/bab33852abfd8b282518d6ed81826833d77c3c882d9ab608add591ccace47a44?s=96&d=mm&r=g","caption":"Kuzeyin Sesi"},"sameAs":["https:\/\/kuzeyinsesi.org"],"url":"https:\/\/kuzeyinsesi.org\/index.php\/author\/guven\/"}]}},"_links":{"self":[{"href":"https:\/\/kuzeyinsesi.org\/index.php\/wp-json\/wp\/v2\/posts\/20720","targetHints":{"allow":["GET"]}}],"collection":[{"href":"https:\/\/kuzeyinsesi.org\/index.php\/wp-json\/wp\/v2\/posts"}],"about":[{"href":"https:\/\/kuzeyinsesi.org\/index.php\/wp-json\/wp\/v2\/types\/post"}],"author":[{"embeddable":true,"href":"https:\/\/kuzeyinsesi.org\/index.php\/wp-json\/wp\/v2\/users\/1"}],"replies":[{"embeddable":true,"href":"https:\/\/kuzeyinsesi.org\/index.php\/wp-json\/wp\/v2\/comments?post=20720"}],"version-history":[{"count":0,"href":"https:\/\/kuzeyinsesi.org\/index.php\/wp-json\/wp\/v2\/posts\/20720\/revisions"}],"wp:featuredmedia":[{"embeddable":true,"href":"https:\/\/kuzeyinsesi.org\/index.php\/wp-json\/wp\/v2\/media\/20721"}],"wp:attachment":[{"href":"https:\/\/kuzeyinsesi.org\/index.php\/wp-json\/wp\/v2\/media?parent=20720"}],"wp:term":[{"taxonomy":"category","embeddable":true,"href":"https:\/\/kuzeyinsesi.org\/index.php\/wp-json\/wp\/v2\/categories?post=20720"},{"taxonomy":"post_tag","embeddable":true,"href":"https:\/\/kuzeyinsesi.org\/index.php\/wp-json\/wp\/v2\/tags?post=20720"}],"curies":[{"name":"wp","href":"https:\/\/api.w.org\/{rel}","templated":true}]}}