{"id":20718,"date":"2025-03-11T16:05:30","date_gmt":"2025-03-11T14:05:30","guid":{"rendered":"https:\/\/kuzeyinsesi.org\/index.php\/2025\/03\/11\/en-ozel-hikayemiz-gocmenkoy-isimli-belgesel-25-martta-gosteriliyor\/"},"modified":"2025-03-11T16:05:30","modified_gmt":"2025-03-11T14:05:30","slug":"en-ozel-hikayemiz-gocmenkoy-isimli-belgesel-25-martta-gosteriliyor","status":"publish","type":"post","link":"https:\/\/kuzeyinsesi.org\/index.php\/2025\/03\/11\/en-ozel-hikayemiz-gocmenkoy-isimli-belgesel-25-martta-gosteriliyor\/","title":{"rendered":"\u2018En \u00d6zel Hikayemiz G\u00f6\u00e7menk\u00f6y\u2019 isimli belgesel 25 Mart\u2019ta g\u00f6steriliyor"},"content":{"rendered":"<div>\n<div class=\"mariselle-image-container center\">\n                                            <\/div>\n<p>G\u00f6\u00e7menk\u00f6y Ta\u015fk\u0131nk\u00f6y K\u00fclt\u00fcr Derne\u011fi taraf\u0131ndan haz\u0131rlanan \u201cEn \u00d6zel Hikayemiz G\u00f6\u00e7menk\u00f6y\u201d belgeseli KT\u00d6S lokalinde 25 Mart 2025 tarihinde izleyici kar\u015f\u0131s\u0131na \u00e7\u0131k\u0131yor.  <\/p>\n<p>G\u00f6\u00e7menk\u00f6y Ta\u015fk\u0131nk\u00f6y K\u00fclt\u00fcr Derne\u011fi taraf\u0131ndan yap\u0131lan a\u00e7\u0131klamada, y\u00f6netmenli\u011fini K\u00e2mil \u0130pciler\u2019in, koordinat\u00f6rl\u00fc\u011f\u00fcn\u00fc ise derne\u011fin eski ba\u015fkan\u0131 Salim Piyale\u2019nin \u00fcstlendi\u011fi belgeselin g\u00f6sterimine giri\u015fin \u00fccretsiz olaca\u011f\u0131 kaydedildi.<\/p>\n<\/p><\/div>\n<p><script async\n                    defer\n                    crossorigin=\"anonymous\"\n                    src=\"https:\/\/connect.facebook.net\/tr_TR\/sdk.js#xfbml=1&#038;version=v3.3\"\n            ><\/script><\/p>\n","protected":false},"excerpt":{"rendered":"<p>G\u00f6\u00e7menk\u00f6y Ta\u015fk\u0131nk\u00f6y K\u00fclt\u00fcr Derne\u011fi taraf\u0131ndan haz\u0131rlanan \u201cEn \u00d6zel Hikayemiz G\u00f6\u00e7menk\u00f6y\u201d belgeseli KT\u00d6S lokalinde 25 Mart 2025 tarihinde izleyici kar\u015f\u0131s\u0131na \u00e7\u0131k\u0131yor. G\u00f6\u00e7menk\u00f6y Ta\u015fk\u0131nk\u00f6y K\u00fclt\u00fcr Derne\u011fi taraf\u0131ndan yap\u0131lan a\u00e7\u0131klamada, y\u00f6netmenli\u011fini K\u00e2mil \u0130pciler\u2019in, koordinat\u00f6rl\u00fc\u011f\u00fcn\u00fc ise derne\u011fin eski ba\u015fkan\u0131 Salim Piyale\u2019nin \u00fcstlendi\u011fi belgeselin g\u00f6sterimine giri\u015fin \u00fccretsiz olaca\u011f\u0131 kaydedildi.<\/p>\n","protected":false},"author":1,"featured_media":20719,"comment_status":"open","ping_status":"open","sticky":false,"template":"","format":"standard","meta":{"jnews-multi-image_gallery":[],"jnews_single_post":[],"jnews_primary_category":[],"jnews_social_meta":[],"jnews_override_counter":[],"footnotes":""},"categories":[6],"tags":[],"class_list":["post-20718","post","type-post","status-publish","format-standard","has-post-thumbnail","hentry","category-yasam"],"yoast_head":"<!-- This site is optimized with the Yoast SEO plugin v27.4 - https:\/\/yoast.com\/product\/yoast-seo-wordpress\/ -->\n<title>\u2018En \u00d6zel Hikayemiz G\u00f6\u00e7menk\u00f6y\u2019 isimli belgesel 25 Mart\u2019ta g\u00f6steriliyor - Kuzeyin Sesi<\/title>\n<meta name=\"robots\" content=\"index, follow, max-snippet:-1, max-image-preview:large, max-video-preview:-1\" \/>\n<link rel=\"canonical\" href=\"https:\/\/kuzeyinsesi.org\/index.php\/2025\/03\/11\/en-ozel-hikayemiz-gocmenkoy-isimli-belgesel-25-martta-gosteriliyor\/\" \/>\n<meta property=\"og:locale\" content=\"tr_TR\" \/>\n<meta property=\"og:type\" content=\"article\" \/>\n<meta property=\"og:title\" content=\"\u2018En \u00d6zel Hikayemiz G\u00f6\u00e7menk\u00f6y\u2019 isimli belgesel 25 Mart\u2019ta g\u00f6steriliyor - Kuzeyin Sesi\" \/>\n<meta property=\"og:description\" content=\"G\u00f6\u00e7menk\u00f6y Ta\u015fk\u0131nk\u00f6y K\u00fclt\u00fcr Derne\u011fi taraf\u0131ndan haz\u0131rlanan \u201cEn \u00d6zel Hikayemiz G\u00f6\u00e7menk\u00f6y\u201d belgeseli KT\u00d6S lokalinde 25 Mart 2025 tarihinde izleyici kar\u015f\u0131s\u0131na \u00e7\u0131k\u0131yor. G\u00f6\u00e7menk\u00f6y Ta\u015fk\u0131nk\u00f6y K\u00fclt\u00fcr Derne\u011fi taraf\u0131ndan yap\u0131lan a\u00e7\u0131klamada, y\u00f6netmenli\u011fini K\u00e2mil \u0130pciler\u2019in, koordinat\u00f6rl\u00fc\u011f\u00fcn\u00fc ise derne\u011fin eski ba\u015fkan\u0131 Salim Piyale\u2019nin \u00fcstlendi\u011fi belgeselin g\u00f6sterimine giri\u015fin \u00fccretsiz olaca\u011f\u0131 kaydedildi.\" \/>\n<meta property=\"og:url\" content=\"https:\/\/kuzeyinsesi.org\/index.php\/2025\/03\/11\/en-ozel-hikayemiz-gocmenkoy-isimli-belgesel-25-martta-gosteriliyor\/\" \/>\n<meta property=\"og:site_name\" content=\"Kuzeyin Sesi\" \/>\n<meta property=\"article:publisher\" content=\"https:\/\/www.facebook.com\/kuzeyinsesii\" \/>\n<meta property=\"article:published_time\" content=\"2025-03-11T14:05:30+00:00\" \/>\n<meta property=\"og:image\" content=\"https:\/\/brtk.net\/wp-content\/uploads\/2025\/03\/11\/gocmenkoy.jpg?ver=3b649205ab10fed0bf5c4220ef80d887\" \/>\n<meta name=\"author\" content=\"Kuzeyin Sesi\" \/>\n<meta name=\"twitter:card\" content=\"summary_large_image\" \/>\n<meta name=\"twitter:creator\" content=\"@kuzeyinsesii\" \/>\n<meta name=\"twitter:site\" content=\"@kuzeyinsesii\" \/>\n<meta name=\"twitter:label1\" content=\"Yazan:\" \/>\n\t<meta name=\"twitter:data1\" content=\"Kuzeyin Sesi\" \/>\n<script type=\"application\/ld+json\" class=\"yoast-schema-graph\">{\"@context\":\"https:\\\/\\\/schema.org\",\"@graph\":[{\"@type\":\"Article\",\"@id\":\"https:\\\/\\\/kuzeyinsesi.org\\\/index.php\\\/2025\\\/03\\\/11\\\/en-ozel-hikayemiz-gocmenkoy-isimli-belgesel-25-martta-gosteriliyor\\\/#article\",\"isPartOf\":{\"@id\":\"https:\\\/\\\/kuzeyinsesi.org\\\/index.php\\\/2025\\\/03\\\/11\\\/en-ozel-hikayemiz-gocmenkoy-isimli-belgesel-25-martta-gosteriliyor\\\/\"},\"author\":{\"name\":\"Kuzeyin Sesi\",\"@id\":\"https:\\\/\\\/kuzeyinsesi.org\\\/#\\\/schema\\\/person\\\/9f859689cdf01485597712386e37f5aa\"},\"headline\":\"\u2018En \u00d6zel Hikayemiz G\u00f6\u00e7menk\u00f6y\u2019 isimli belgesel 25 Mart\u2019ta g\u00f6steriliyor\",\"datePublished\":\"2025-03-11T14:05:30+00:00\",\"mainEntityOfPage\":{\"@id\":\"https:\\\/\\\/kuzeyinsesi.org\\\/index.php\\\/2025\\\/03\\\/11\\\/en-ozel-hikayemiz-gocmenkoy-isimli-belgesel-25-martta-gosteriliyor\\\/\"},\"wordCount\":93,\"commentCount\":0,\"image\":{\"@id\":\"https:\\\/\\\/kuzeyinsesi.org\\\/index.php\\\/2025\\\/03\\\/11\\\/en-ozel-hikayemiz-gocmenkoy-isimli-belgesel-25-martta-gosteriliyor\\\/#primaryimage\"},\"thumbnailUrl\":\"https:\\\/\\\/kuzeyinsesi.org\\\/wp-content\\\/uploads\\\/2025\\\/03\\\/gocmenkoy.jpg\",\"articleSection\":[\"Ya\u015fam\"],\"inLanguage\":\"tr\",\"potentialAction\":[{\"@type\":\"CommentAction\",\"name\":\"Comment\",\"target\":[\"https:\\\/\\\/kuzeyinsesi.org\\\/index.php\\\/2025\\\/03\\\/11\\\/en-ozel-hikayemiz-gocmenkoy-isimli-belgesel-25-martta-gosteriliyor\\\/#respond\"]}]},{\"@type\":\"WebPage\",\"@id\":\"https:\\\/\\\/kuzeyinsesi.org\\\/index.php\\\/2025\\\/03\\\/11\\\/en-ozel-hikayemiz-gocmenkoy-isimli-belgesel-25-martta-gosteriliyor\\\/\",\"url\":\"https:\\\/\\\/kuzeyinsesi.org\\\/index.php\\\/2025\\\/03\\\/11\\\/en-ozel-hikayemiz-gocmenkoy-isimli-belgesel-25-martta-gosteriliyor\\\/\",\"name\":\"\u2018En \u00d6zel Hikayemiz G\u00f6\u00e7menk\u00f6y\u2019 isimli belgesel 25 Mart\u2019ta g\u00f6steriliyor - Kuzeyin Sesi\",\"isPartOf\":{\"@id\":\"https:\\\/\\\/kuzeyinsesi.org\\\/#website\"},\"primaryImageOfPage\":{\"@id\":\"https:\\\/\\\/kuzeyinsesi.org\\\/index.php\\\/2025\\\/03\\\/11\\\/en-ozel-hikayemiz-gocmenkoy-isimli-belgesel-25-martta-gosteriliyor\\\/#primaryimage\"},\"image\":{\"@id\":\"https:\\\/\\\/kuzeyinsesi.org\\\/index.php\\\/2025\\\/03\\\/11\\\/en-ozel-hikayemiz-gocmenkoy-isimli-belgesel-25-martta-gosteriliyor\\\/#primaryimage\"},\"thumbnailUrl\":\"https:\\\/\\\/kuzeyinsesi.org\\\/wp-content\\\/uploads\\\/2025\\\/03\\\/gocmenkoy.jpg\",\"datePublished\":\"2025-03-11T14:05:30+00:00\",\"author\":{\"@id\":\"https:\\\/\\\/kuzeyinsesi.org\\\/#\\\/schema\\\/person\\\/9f859689cdf01485597712386e37f5aa\"},\"breadcrumb\":{\"@id\":\"https:\\\/\\\/kuzeyinsesi.org\\\/index.php\\\/2025\\\/03\\\/11\\\/en-ozel-hikayemiz-gocmenkoy-isimli-belgesel-25-martta-gosteriliyor\\\/#breadcrumb\"},\"inLanguage\":\"tr\",\"potentialAction\":[{\"@type\":\"ReadAction\",\"target\":[\"https:\\\/\\\/kuzeyinsesi.org\\\/index.php\\\/2025\\\/03\\\/11\\\/en-ozel-hikayemiz-gocmenkoy-isimli-belgesel-25-martta-gosteriliyor\\\/\"]}]},{\"@type\":\"ImageObject\",\"inLanguage\":\"tr\",\"@id\":\"https:\\\/\\\/kuzeyinsesi.org\\\/index.php\\\/2025\\\/03\\\/11\\\/en-ozel-hikayemiz-gocmenkoy-isimli-belgesel-25-martta-gosteriliyor\\\/#primaryimage\",\"url\":\"https:\\\/\\\/kuzeyinsesi.org\\\/wp-content\\\/uploads\\\/2025\\\/03\\\/gocmenkoy.jpg\",\"contentUrl\":\"https:\\\/\\\/kuzeyinsesi.org\\\/wp-content\\\/uploads\\\/2025\\\/03\\\/gocmenkoy.jpg\",\"width\":1600,\"height\":900},{\"@type\":\"BreadcrumbList\",\"@id\":\"https:\\\/\\\/kuzeyinsesi.org\\\/index.php\\\/2025\\\/03\\\/11\\\/en-ozel-hikayemiz-gocmenkoy-isimli-belgesel-25-martta-gosteriliyor\\\/#breadcrumb\",\"itemListElement\":[{\"@type\":\"ListItem\",\"position\":1,\"name\":\"Anasayfa\",\"item\":\"https:\\\/\\\/kuzeyinsesi.org\\\/\"},{\"@type\":\"ListItem\",\"position\":2,\"name\":\"\u2018En \u00d6zel Hikayemiz G\u00f6\u00e7menk\u00f6y\u2019 isimli belgesel 25 Mart\u2019ta g\u00f6steriliyor\"}]},{\"@type\":\"WebSite\",\"@id\":\"https:\\\/\\\/kuzeyinsesi.org\\\/#website\",\"url\":\"https:\\\/\\\/kuzeyinsesi.org\\\/\",\"name\":\"Kuzeyin Sesi\",\"description\":\"Do\u011fru Haberin Adresi\",\"potentialAction\":[{\"@type\":\"SearchAction\",\"target\":{\"@type\":\"EntryPoint\",\"urlTemplate\":\"https:\\\/\\\/kuzeyinsesi.org\\\/?s={search_term_string}\"},\"query-input\":{\"@type\":\"PropertyValueSpecification\",\"valueRequired\":true,\"valueName\":\"search_term_string\"}}],\"inLanguage\":\"tr\"},{\"@type\":\"Person\",\"@id\":\"https:\\\/\\\/kuzeyinsesi.org\\\/#\\\/schema\\\/person\\\/9f859689cdf01485597712386e37f5aa\",\"name\":\"Kuzeyin Sesi\",\"image\":{\"@type\":\"ImageObject\",\"inLanguage\":\"tr\",\"@id\":\"https:\\\/\\\/secure.gravatar.com\\\/avatar\\\/bab33852abfd8b282518d6ed81826833d77c3c882d9ab608add591ccace47a44?s=96&d=mm&r=g\",\"url\":\"https:\\\/\\\/secure.gravatar.com\\\/avatar\\\/bab33852abfd8b282518d6ed81826833d77c3c882d9ab608add591ccace47a44?s=96&d=mm&r=g\",\"contentUrl\":\"https:\\\/\\\/secure.gravatar.com\\\/avatar\\\/bab33852abfd8b282518d6ed81826833d77c3c882d9ab608add591ccace47a44?s=96&d=mm&r=g\",\"caption\":\"Kuzeyin Sesi\"},\"sameAs\":[\"https:\\\/\\\/kuzeyinsesi.org\"],\"url\":\"https:\\\/\\\/kuzeyinsesi.org\\\/index.php\\\/author\\\/guven\\\/\"}]}<\/script>\n<!-- \/ Yoast SEO plugin. -->","yoast_head_json":{"title":"\u2018En \u00d6zel Hikayemiz G\u00f6\u00e7menk\u00f6y\u2019 isimli belgesel 25 Mart\u2019ta g\u00f6steriliyor - Kuzeyin Sesi","robots":{"index":"index","follow":"follow","max-snippet":"max-snippet:-1","max-image-preview":"max-image-preview:large","max-video-preview":"max-video-preview:-1"},"canonical":"https:\/\/kuzeyinsesi.org\/index.php\/2025\/03\/11\/en-ozel-hikayemiz-gocmenkoy-isimli-belgesel-25-martta-gosteriliyor\/","og_locale":"tr_TR","og_type":"article","og_title":"\u2018En \u00d6zel Hikayemiz G\u00f6\u00e7menk\u00f6y\u2019 isimli belgesel 25 Mart\u2019ta g\u00f6steriliyor - Kuzeyin Sesi","og_description":"G\u00f6\u00e7menk\u00f6y Ta\u015fk\u0131nk\u00f6y K\u00fclt\u00fcr Derne\u011fi taraf\u0131ndan haz\u0131rlanan \u201cEn \u00d6zel Hikayemiz G\u00f6\u00e7menk\u00f6y\u201d belgeseli KT\u00d6S lokalinde 25 Mart 2025 tarihinde izleyici kar\u015f\u0131s\u0131na \u00e7\u0131k\u0131yor. G\u00f6\u00e7menk\u00f6y Ta\u015fk\u0131nk\u00f6y K\u00fclt\u00fcr Derne\u011fi taraf\u0131ndan yap\u0131lan a\u00e7\u0131klamada, y\u00f6netmenli\u011fini K\u00e2mil \u0130pciler\u2019in, koordinat\u00f6rl\u00fc\u011f\u00fcn\u00fc ise derne\u011fin eski ba\u015fkan\u0131 Salim Piyale\u2019nin \u00fcstlendi\u011fi belgeselin g\u00f6sterimine giri\u015fin \u00fccretsiz olaca\u011f\u0131 kaydedildi.","og_url":"https:\/\/kuzeyinsesi.org\/index.php\/2025\/03\/11\/en-ozel-hikayemiz-gocmenkoy-isimli-belgesel-25-martta-gosteriliyor\/","og_site_name":"Kuzeyin Sesi","article_publisher":"https:\/\/www.facebook.com\/kuzeyinsesii","article_published_time":"2025-03-11T14:05:30+00:00","og_image":[{"url":"https:\/\/brtk.net\/wp-content\/uploads\/2025\/03\/11\/gocmenkoy.jpg?ver=3b649205ab10fed0bf5c4220ef80d887","type":"","width":"","height":""}],"author":"Kuzeyin Sesi","twitter_card":"summary_large_image","twitter_creator":"@kuzeyinsesii","twitter_site":"@kuzeyinsesii","twitter_misc":{"Yazan:":"Kuzeyin Sesi"},"schema":{"@context":"https:\/\/schema.org","@graph":[{"@type":"Article","@id":"https:\/\/kuzeyinsesi.org\/index.php\/2025\/03\/11\/en-ozel-hikayemiz-gocmenkoy-isimli-belgesel-25-martta-gosteriliyor\/#article","isPartOf":{"@id":"https:\/\/kuzeyinsesi.org\/index.php\/2025\/03\/11\/en-ozel-hikayemiz-gocmenkoy-isimli-belgesel-25-martta-gosteriliyor\/"},"author":{"name":"Kuzeyin Sesi","@id":"https:\/\/kuzeyinsesi.org\/#\/schema\/person\/9f859689cdf01485597712386e37f5aa"},"headline":"\u2018En \u00d6zel Hikayemiz G\u00f6\u00e7menk\u00f6y\u2019 isimli belgesel 25 Mart\u2019ta g\u00f6steriliyor","datePublished":"2025-03-11T14:05:30+00:00","mainEntityOfPage":{"@id":"https:\/\/kuzeyinsesi.org\/index.php\/2025\/03\/11\/en-ozel-hikayemiz-gocmenkoy-isimli-belgesel-25-martta-gosteriliyor\/"},"wordCount":93,"commentCount":0,"image":{"@id":"https:\/\/kuzeyinsesi.org\/index.php\/2025\/03\/11\/en-ozel-hikayemiz-gocmenkoy-isimli-belgesel-25-martta-gosteriliyor\/#primaryimage"},"thumbnailUrl":"https:\/\/kuzeyinsesi.org\/wp-content\/uploads\/2025\/03\/gocmenkoy.jpg","articleSection":["Ya\u015fam"],"inLanguage":"tr","potentialAction":[{"@type":"CommentAction","name":"Comment","target":["https:\/\/kuzeyinsesi.org\/index.php\/2025\/03\/11\/en-ozel-hikayemiz-gocmenkoy-isimli-belgesel-25-martta-gosteriliyor\/#respond"]}]},{"@type":"WebPage","@id":"https:\/\/kuzeyinsesi.org\/index.php\/2025\/03\/11\/en-ozel-hikayemiz-gocmenkoy-isimli-belgesel-25-martta-gosteriliyor\/","url":"https:\/\/kuzeyinsesi.org\/index.php\/2025\/03\/11\/en-ozel-hikayemiz-gocmenkoy-isimli-belgesel-25-martta-gosteriliyor\/","name":"\u2018En \u00d6zel Hikayemiz G\u00f6\u00e7menk\u00f6y\u2019 isimli belgesel 25 Mart\u2019ta g\u00f6steriliyor - Kuzeyin Sesi","isPartOf":{"@id":"https:\/\/kuzeyinsesi.org\/#website"},"primaryImageOfPage":{"@id":"https:\/\/kuzeyinsesi.org\/index.php\/2025\/03\/11\/en-ozel-hikayemiz-gocmenkoy-isimli-belgesel-25-martta-gosteriliyor\/#primaryimage"},"image":{"@id":"https:\/\/kuzeyinsesi.org\/index.php\/2025\/03\/11\/en-ozel-hikayemiz-gocmenkoy-isimli-belgesel-25-martta-gosteriliyor\/#primaryimage"},"thumbnailUrl":"https:\/\/kuzeyinsesi.org\/wp-content\/uploads\/2025\/03\/gocmenkoy.jpg","datePublished":"2025-03-11T14:05:30+00:00","author":{"@id":"https:\/\/kuzeyinsesi.org\/#\/schema\/person\/9f859689cdf01485597712386e37f5aa"},"breadcrumb":{"@id":"https:\/\/kuzeyinsesi.org\/index.php\/2025\/03\/11\/en-ozel-hikayemiz-gocmenkoy-isimli-belgesel-25-martta-gosteriliyor\/#breadcrumb"},"inLanguage":"tr","potentialAction":[{"@type":"ReadAction","target":["https:\/\/kuzeyinsesi.org\/index.php\/2025\/03\/11\/en-ozel-hikayemiz-gocmenkoy-isimli-belgesel-25-martta-gosteriliyor\/"]}]},{"@type":"ImageObject","inLanguage":"tr","@id":"https:\/\/kuzeyinsesi.org\/index.php\/2025\/03\/11\/en-ozel-hikayemiz-gocmenkoy-isimli-belgesel-25-martta-gosteriliyor\/#primaryimage","url":"https:\/\/kuzeyinsesi.org\/wp-content\/uploads\/2025\/03\/gocmenkoy.jpg","contentUrl":"https:\/\/kuzeyinsesi.org\/wp-content\/uploads\/2025\/03\/gocmenkoy.jpg","width":1600,"height":900},{"@type":"BreadcrumbList","@id":"https:\/\/kuzeyinsesi.org\/index.php\/2025\/03\/11\/en-ozel-hikayemiz-gocmenkoy-isimli-belgesel-25-martta-gosteriliyor\/#breadcrumb","itemListElement":[{"@type":"ListItem","position":1,"name":"Anasayfa","item":"https:\/\/kuzeyinsesi.org\/"},{"@type":"ListItem","position":2,"name":"\u2018En \u00d6zel Hikayemiz G\u00f6\u00e7menk\u00f6y\u2019 isimli belgesel 25 Mart\u2019ta g\u00f6steriliyor"}]},{"@type":"WebSite","@id":"https:\/\/kuzeyinsesi.org\/#website","url":"https:\/\/kuzeyinsesi.org\/","name":"Kuzeyin Sesi","description":"Do\u011fru Haberin Adresi","potentialAction":[{"@type":"SearchAction","target":{"@type":"EntryPoint","urlTemplate":"https:\/\/kuzeyinsesi.org\/?s={search_term_string}"},"query-input":{"@type":"PropertyValueSpecification","valueRequired":true,"valueName":"search_term_string"}}],"inLanguage":"tr"},{"@type":"Person","@id":"https:\/\/kuzeyinsesi.org\/#\/schema\/person\/9f859689cdf01485597712386e37f5aa","name":"Kuzeyin Sesi","image":{"@type":"ImageObject","inLanguage":"tr","@id":"https:\/\/secure.gravatar.com\/avatar\/bab33852abfd8b282518d6ed81826833d77c3c882d9ab608add591ccace47a44?s=96&d=mm&r=g","url":"https:\/\/secure.gravatar.com\/avatar\/bab33852abfd8b282518d6ed81826833d77c3c882d9ab608add591ccace47a44?s=96&d=mm&r=g","contentUrl":"https:\/\/secure.gravatar.com\/avatar\/bab33852abfd8b282518d6ed81826833d77c3c882d9ab608add591ccace47a44?s=96&d=mm&r=g","caption":"Kuzeyin Sesi"},"sameAs":["https:\/\/kuzeyinsesi.org"],"url":"https:\/\/kuzeyinsesi.org\/index.php\/author\/guven\/"}]}},"_links":{"self":[{"href":"https:\/\/kuzeyinsesi.org\/index.php\/wp-json\/wp\/v2\/posts\/20718","targetHints":{"allow":["GET"]}}],"collection":[{"href":"https:\/\/kuzeyinsesi.org\/index.php\/wp-json\/wp\/v2\/posts"}],"about":[{"href":"https:\/\/kuzeyinsesi.org\/index.php\/wp-json\/wp\/v2\/types\/post"}],"author":[{"embeddable":true,"href":"https:\/\/kuzeyinsesi.org\/index.php\/wp-json\/wp\/v2\/users\/1"}],"replies":[{"embeddable":true,"href":"https:\/\/kuzeyinsesi.org\/index.php\/wp-json\/wp\/v2\/comments?post=20718"}],"version-history":[{"count":0,"href":"https:\/\/kuzeyinsesi.org\/index.php\/wp-json\/wp\/v2\/posts\/20718\/revisions"}],"wp:featuredmedia":[{"embeddable":true,"href":"https:\/\/kuzeyinsesi.org\/index.php\/wp-json\/wp\/v2\/media\/20719"}],"wp:attachment":[{"href":"https:\/\/kuzeyinsesi.org\/index.php\/wp-json\/wp\/v2\/media?parent=20718"}],"wp:term":[{"taxonomy":"category","embeddable":true,"href":"https:\/\/kuzeyinsesi.org\/index.php\/wp-json\/wp\/v2\/categories?post=20718"},{"taxonomy":"post_tag","embeddable":true,"href":"https:\/\/kuzeyinsesi.org\/index.php\/wp-json\/wp\/v2\/tags?post=20718"}],"curies":[{"name":"wp","href":"https:\/\/api.w.org\/{rel}","templated":true}]}}