{"id":20702,"date":"2025-03-11T15:04:43","date_gmt":"2025-03-11T13:04:43","guid":{"rendered":"https:\/\/kuzeyinsesi.org\/index.php\/2025\/03\/11\/cumhurbaskani-tatar-kibris-mucadele-tarihinde-kadinlarimiz-fotograf-sergisinin-acilisini-gerceklestirdi\/"},"modified":"2025-03-11T15:04:43","modified_gmt":"2025-03-11T13:04:43","slug":"cumhurbaskani-tatar-kibris-mucadele-tarihinde-kadinlarimiz-fotograf-sergisinin-acilisini-gerceklestirdi","status":"publish","type":"post","link":"https:\/\/kuzeyinsesi.org\/index.php\/2025\/03\/11\/cumhurbaskani-tatar-kibris-mucadele-tarihinde-kadinlarimiz-fotograf-sergisinin-acilisini-gerceklestirdi\/","title":{"rendered":"Cumhurba\u015fkan\u0131 Tatar, \u201cK\u0131br\u0131s M\u00fccadele Tarihinde Kad\u0131nlar\u0131m\u0131z Foto\u011fraf Sergisi\u201dnin a\u00e7\u0131l\u0131\u015f\u0131n\u0131 ger\u00e7ekle\u015ftirdi"},"content":{"rendered":"<div>\n<div class=\"mariselle-image-container center\">\n                                            <\/div>\n<p>Cumhurba\u015fkan\u0131 Ersin Tatar, Demokrat Parti Kad\u0131n \u00d6rg\u00fct\u00fc taraf\u0131ndan 8 Mart D\u00fcnya Kad\u0131nlar G\u00fcn\u00fc kapsam\u0131nda haz\u0131rlanan \u201cK\u0131br\u0131s M\u00fccadele Tarihinde Kad\u0131nlar\u0131m\u0131z\u201d isimli foto\u011fraf sergisinin a\u00e7\u0131l\u0131\u015f\u0131n\u0131 ger\u00e7ekle\u015ftirdi.<\/p>\n<div class=\"mariselle-image-container center\">\n                <img decoding=\"async\" width=\"2560\" height=\"1706\" class=\"lazy-image\" alt=\"\" sizes=\"(max-width: 2560px) 100vw, 2560px\" src=\"https:\/\/brtk.net\/wp-content\/uploads\/2025\/03\/11\/804801.jpeg?ver=906efe572b94040a292d39f9fb1ec774\" srcset=\"https:\/\/brtk.net\/wp-content\/uploads\/2025\/03\/11\/804801.jpeg?ver=906efe572b94040a292d39f9fb1ec774 2560w, https:\/\/brtk.net\/wp-content\/uploads\/2025\/03\/11\/804801-300x200.jpeg?ver=906efe572b94040a292d39f9fb1ec774 300w, https:\/\/brtk.net\/wp-content\/uploads\/2025\/03\/11\/804801-1024x682.jpeg?ver=c5d4b0441ba4463f45ad29555a322025 1024w, https:\/\/brtk.net\/wp-content\/uploads\/2025\/03\/11\/804801-768x512.jpeg?ver=c5d4b0441ba4463f45ad29555a322025 768w, https:\/\/brtk.net\/wp-content\/uploads\/2025\/03\/11\/804801-1536x1024.jpeg?ver=75eb148b2db9c3145a4802455f544cb8 1536w, https:\/\/brtk.net\/wp-content\/uploads\/2025\/03\/11\/804801-2048x1365.jpeg?ver=866e3bccdeb8272ecbd6eeff06f048df 2048w\"\/>                            <\/div>\n<p>Cumhurba\u015fkanl\u0131\u011f\u0131\u2019ndan verilen bilgiye g\u00f6re, Latomia Girne G\u00fczel Sanatlar M\u00fczesi\u2019nde yer alan serginin a\u00e7\u0131l\u0131\u015f\u0131n\u0131 ger\u00e7ekle\u015ftiren Cumhurba\u015fkan\u0131 Tatar, sergiye kat\u0131lanlar\u0131 tebrik etti.<\/p>\n<\/p><\/div>\n<p><script async\n                    defer\n                    crossorigin=\"anonymous\"\n                    src=\"https:\/\/connect.facebook.net\/tr_TR\/sdk.js#xfbml=1&#038;version=v3.3\"\n            ><\/script><\/p>\n","protected":false},"excerpt":{"rendered":"<p>Cumhurba\u015fkan\u0131 Ersin Tatar, Demokrat Parti Kad\u0131n \u00d6rg\u00fct\u00fc taraf\u0131ndan 8 Mart D\u00fcnya Kad\u0131nlar G\u00fcn\u00fc kapsam\u0131nda haz\u0131rlanan \u201cK\u0131br\u0131s M\u00fccadele Tarihinde Kad\u0131nlar\u0131m\u0131z\u201d isimli foto\u011fraf sergisinin a\u00e7\u0131l\u0131\u015f\u0131n\u0131 ger\u00e7ekle\u015ftirdi. Cumhurba\u015fkanl\u0131\u011f\u0131\u2019ndan verilen bilgiye g\u00f6re, Latomia Girne G\u00fczel Sanatlar M\u00fczesi\u2019nde yer alan serginin a\u00e7\u0131l\u0131\u015f\u0131n\u0131 ger\u00e7ekle\u015ftiren Cumhurba\u015fkan\u0131 Tatar, sergiye kat\u0131lanlar\u0131 tebrik etti.<\/p>\n","protected":false},"author":1,"featured_media":20703,"comment_status":"open","ping_status":"open","sticky":false,"template":"","format":"standard","meta":{"jnews-multi-image_gallery":[],"jnews_single_post":[],"jnews_primary_category":[],"jnews_social_meta":[],"jnews_override_counter":[],"footnotes":""},"categories":[6],"tags":[],"class_list":["post-20702","post","type-post","status-publish","format-standard","has-post-thumbnail","hentry","category-yasam"],"yoast_head":"<!-- This site is optimized with the Yoast SEO plugin v27.4 - https:\/\/yoast.com\/product\/yoast-seo-wordpress\/ -->\n<title>Cumhurba\u015fkan\u0131 Tatar, \u201cK\u0131br\u0131s M\u00fccadele Tarihinde Kad\u0131nlar\u0131m\u0131z Foto\u011fraf Sergisi\u201dnin a\u00e7\u0131l\u0131\u015f\u0131n\u0131 ger\u00e7ekle\u015ftirdi - Kuzeyin Sesi<\/title>\n<meta name=\"robots\" content=\"index, follow, max-snippet:-1, max-image-preview:large, max-video-preview:-1\" \/>\n<link rel=\"canonical\" href=\"https:\/\/kuzeyinsesi.org\/index.php\/2025\/03\/11\/cumhurbaskani-tatar-kibris-mucadele-tarihinde-kadinlarimiz-fotograf-sergisinin-acilisini-gerceklestirdi\/\" \/>\n<meta property=\"og:locale\" content=\"tr_TR\" \/>\n<meta property=\"og:type\" content=\"article\" \/>\n<meta property=\"og:title\" content=\"Cumhurba\u015fkan\u0131 Tatar, \u201cK\u0131br\u0131s M\u00fccadele Tarihinde Kad\u0131nlar\u0131m\u0131z Foto\u011fraf Sergisi\u201dnin a\u00e7\u0131l\u0131\u015f\u0131n\u0131 ger\u00e7ekle\u015ftirdi - Kuzeyin Sesi\" \/>\n<meta property=\"og:description\" content=\"Cumhurba\u015fkan\u0131 Ersin Tatar, Demokrat Parti Kad\u0131n \u00d6rg\u00fct\u00fc taraf\u0131ndan 8 Mart D\u00fcnya Kad\u0131nlar G\u00fcn\u00fc kapsam\u0131nda haz\u0131rlanan \u201cK\u0131br\u0131s M\u00fccadele Tarihinde Kad\u0131nlar\u0131m\u0131z\u201d isimli foto\u011fraf sergisinin a\u00e7\u0131l\u0131\u015f\u0131n\u0131 ger\u00e7ekle\u015ftirdi. Cumhurba\u015fkanl\u0131\u011f\u0131\u2019ndan verilen bilgiye g\u00f6re, Latomia Girne G\u00fczel Sanatlar M\u00fczesi\u2019nde yer alan serginin a\u00e7\u0131l\u0131\u015f\u0131n\u0131 ger\u00e7ekle\u015ftiren Cumhurba\u015fkan\u0131 Tatar, sergiye kat\u0131lanlar\u0131 tebrik etti.\" \/>\n<meta property=\"og:url\" content=\"https:\/\/kuzeyinsesi.org\/index.php\/2025\/03\/11\/cumhurbaskani-tatar-kibris-mucadele-tarihinde-kadinlarimiz-fotograf-sergisinin-acilisini-gerceklestirdi\/\" \/>\n<meta property=\"og:site_name\" content=\"Kuzeyin Sesi\" \/>\n<meta property=\"article:publisher\" content=\"https:\/\/www.facebook.com\/kuzeyinsesii\" \/>\n<meta property=\"article:published_time\" content=\"2025-03-11T13:04:43+00:00\" \/>\n<meta property=\"og:image\" content=\"https:\/\/brtk.net\/wp-content\/uploads\/2025\/03\/11\/2084029840928.jpeg?ver=1df10c4d151f557ac0105979a57c547b\" \/>\n<meta name=\"author\" content=\"Kuzeyin Sesi\" \/>\n<meta name=\"twitter:card\" content=\"summary_large_image\" \/>\n<meta name=\"twitter:creator\" content=\"@kuzeyinsesii\" \/>\n<meta name=\"twitter:site\" content=\"@kuzeyinsesii\" \/>\n<meta name=\"twitter:label1\" content=\"Yazan:\" \/>\n\t<meta name=\"twitter:data1\" content=\"Kuzeyin Sesi\" \/>\n<script type=\"application\/ld+json\" class=\"yoast-schema-graph\">{\"@context\":\"https:\\\/\\\/schema.org\",\"@graph\":[{\"@type\":\"Article\",\"@id\":\"https:\\\/\\\/kuzeyinsesi.org\\\/index.php\\\/2025\\\/03\\\/11\\\/cumhurbaskani-tatar-kibris-mucadele-tarihinde-kadinlarimiz-fotograf-sergisinin-acilisini-gerceklestirdi\\\/#article\",\"isPartOf\":{\"@id\":\"https:\\\/\\\/kuzeyinsesi.org\\\/index.php\\\/2025\\\/03\\\/11\\\/cumhurbaskani-tatar-kibris-mucadele-tarihinde-kadinlarimiz-fotograf-sergisinin-acilisini-gerceklestirdi\\\/\"},\"author\":{\"name\":\"Kuzeyin Sesi\",\"@id\":\"https:\\\/\\\/kuzeyinsesi.org\\\/#\\\/schema\\\/person\\\/9f859689cdf01485597712386e37f5aa\"},\"headline\":\"Cumhurba\u015fkan\u0131 Tatar, \u201cK\u0131br\u0131s M\u00fccadele Tarihinde Kad\u0131nlar\u0131m\u0131z Foto\u011fraf Sergisi\u201dnin a\u00e7\u0131l\u0131\u015f\u0131n\u0131 ger\u00e7ekle\u015ftirdi\",\"datePublished\":\"2025-03-11T13:04:43+00:00\",\"mainEntityOfPage\":{\"@id\":\"https:\\\/\\\/kuzeyinsesi.org\\\/index.php\\\/2025\\\/03\\\/11\\\/cumhurbaskani-tatar-kibris-mucadele-tarihinde-kadinlarimiz-fotograf-sergisinin-acilisini-gerceklestirdi\\\/\"},\"wordCount\":98,\"commentCount\":0,\"image\":{\"@id\":\"https:\\\/\\\/kuzeyinsesi.org\\\/index.php\\\/2025\\\/03\\\/11\\\/cumhurbaskani-tatar-kibris-mucadele-tarihinde-kadinlarimiz-fotograf-sergisinin-acilisini-gerceklestirdi\\\/#primaryimage\"},\"thumbnailUrl\":\"https:\\\/\\\/kuzeyinsesi.org\\\/wp-content\\\/uploads\\\/2025\\\/03\\\/2084029840928.jpeg\",\"articleSection\":[\"Ya\u015fam\"],\"inLanguage\":\"tr\",\"potentialAction\":[{\"@type\":\"CommentAction\",\"name\":\"Comment\",\"target\":[\"https:\\\/\\\/kuzeyinsesi.org\\\/index.php\\\/2025\\\/03\\\/11\\\/cumhurbaskani-tatar-kibris-mucadele-tarihinde-kadinlarimiz-fotograf-sergisinin-acilisini-gerceklestirdi\\\/#respond\"]}]},{\"@type\":\"WebPage\",\"@id\":\"https:\\\/\\\/kuzeyinsesi.org\\\/index.php\\\/2025\\\/03\\\/11\\\/cumhurbaskani-tatar-kibris-mucadele-tarihinde-kadinlarimiz-fotograf-sergisinin-acilisini-gerceklestirdi\\\/\",\"url\":\"https:\\\/\\\/kuzeyinsesi.org\\\/index.php\\\/2025\\\/03\\\/11\\\/cumhurbaskani-tatar-kibris-mucadele-tarihinde-kadinlarimiz-fotograf-sergisinin-acilisini-gerceklestirdi\\\/\",\"name\":\"Cumhurba\u015fkan\u0131 Tatar, \u201cK\u0131br\u0131s M\u00fccadele Tarihinde Kad\u0131nlar\u0131m\u0131z Foto\u011fraf Sergisi\u201dnin a\u00e7\u0131l\u0131\u015f\u0131n\u0131 ger\u00e7ekle\u015ftirdi - Kuzeyin Sesi\",\"isPartOf\":{\"@id\":\"https:\\\/\\\/kuzeyinsesi.org\\\/#website\"},\"primaryImageOfPage\":{\"@id\":\"https:\\\/\\\/kuzeyinsesi.org\\\/index.php\\\/2025\\\/03\\\/11\\\/cumhurbaskani-tatar-kibris-mucadele-tarihinde-kadinlarimiz-fotograf-sergisinin-acilisini-gerceklestirdi\\\/#primaryimage\"},\"image\":{\"@id\":\"https:\\\/\\\/kuzeyinsesi.org\\\/index.php\\\/2025\\\/03\\\/11\\\/cumhurbaskani-tatar-kibris-mucadele-tarihinde-kadinlarimiz-fotograf-sergisinin-acilisini-gerceklestirdi\\\/#primaryimage\"},\"thumbnailUrl\":\"https:\\\/\\\/kuzeyinsesi.org\\\/wp-content\\\/uploads\\\/2025\\\/03\\\/2084029840928.jpeg\",\"datePublished\":\"2025-03-11T13:04:43+00:00\",\"author\":{\"@id\":\"https:\\\/\\\/kuzeyinsesi.org\\\/#\\\/schema\\\/person\\\/9f859689cdf01485597712386e37f5aa\"},\"breadcrumb\":{\"@id\":\"https:\\\/\\\/kuzeyinsesi.org\\\/index.php\\\/2025\\\/03\\\/11\\\/cumhurbaskani-tatar-kibris-mucadele-tarihinde-kadinlarimiz-fotograf-sergisinin-acilisini-gerceklestirdi\\\/#breadcrumb\"},\"inLanguage\":\"tr\",\"potentialAction\":[{\"@type\":\"ReadAction\",\"target\":[\"https:\\\/\\\/kuzeyinsesi.org\\\/index.php\\\/2025\\\/03\\\/11\\\/cumhurbaskani-tatar-kibris-mucadele-tarihinde-kadinlarimiz-fotograf-sergisinin-acilisini-gerceklestirdi\\\/\"]}]},{\"@type\":\"ImageObject\",\"inLanguage\":\"tr\",\"@id\":\"https:\\\/\\\/kuzeyinsesi.org\\\/index.php\\\/2025\\\/03\\\/11\\\/cumhurbaskani-tatar-kibris-mucadele-tarihinde-kadinlarimiz-fotograf-sergisinin-acilisini-gerceklestirdi\\\/#primaryimage\",\"url\":\"https:\\\/\\\/kuzeyinsesi.org\\\/wp-content\\\/uploads\\\/2025\\\/03\\\/2084029840928.jpeg\",\"contentUrl\":\"https:\\\/\\\/kuzeyinsesi.org\\\/wp-content\\\/uploads\\\/2025\\\/03\\\/2084029840928.jpeg\",\"width\":2560,\"height\":1706},{\"@type\":\"BreadcrumbList\",\"@id\":\"https:\\\/\\\/kuzeyinsesi.org\\\/index.php\\\/2025\\\/03\\\/11\\\/cumhurbaskani-tatar-kibris-mucadele-tarihinde-kadinlarimiz-fotograf-sergisinin-acilisini-gerceklestirdi\\\/#breadcrumb\",\"itemListElement\":[{\"@type\":\"ListItem\",\"position\":1,\"name\":\"Anasayfa\",\"item\":\"https:\\\/\\\/kuzeyinsesi.org\\\/\"},{\"@type\":\"ListItem\",\"position\":2,\"name\":\"Cumhurba\u015fkan\u0131 Tatar, \u201cK\u0131br\u0131s M\u00fccadele Tarihinde Kad\u0131nlar\u0131m\u0131z Foto\u011fraf Sergisi\u201dnin a\u00e7\u0131l\u0131\u015f\u0131n\u0131 ger\u00e7ekle\u015ftirdi\"}]},{\"@type\":\"WebSite\",\"@id\":\"https:\\\/\\\/kuzeyinsesi.org\\\/#website\",\"url\":\"https:\\\/\\\/kuzeyinsesi.org\\\/\",\"name\":\"Kuzeyin Sesi\",\"description\":\"Do\u011fru Haberin Adresi\",\"potentialAction\":[{\"@type\":\"SearchAction\",\"target\":{\"@type\":\"EntryPoint\",\"urlTemplate\":\"https:\\\/\\\/kuzeyinsesi.org\\\/?s={search_term_string}\"},\"query-input\":{\"@type\":\"PropertyValueSpecification\",\"valueRequired\":true,\"valueName\":\"search_term_string\"}}],\"inLanguage\":\"tr\"},{\"@type\":\"Person\",\"@id\":\"https:\\\/\\\/kuzeyinsesi.org\\\/#\\\/schema\\\/person\\\/9f859689cdf01485597712386e37f5aa\",\"name\":\"Kuzeyin Sesi\",\"image\":{\"@type\":\"ImageObject\",\"inLanguage\":\"tr\",\"@id\":\"https:\\\/\\\/secure.gravatar.com\\\/avatar\\\/bab33852abfd8b282518d6ed81826833d77c3c882d9ab608add591ccace47a44?s=96&d=mm&r=g\",\"url\":\"https:\\\/\\\/secure.gravatar.com\\\/avatar\\\/bab33852abfd8b282518d6ed81826833d77c3c882d9ab608add591ccace47a44?s=96&d=mm&r=g\",\"contentUrl\":\"https:\\\/\\\/secure.gravatar.com\\\/avatar\\\/bab33852abfd8b282518d6ed81826833d77c3c882d9ab608add591ccace47a44?s=96&d=mm&r=g\",\"caption\":\"Kuzeyin Sesi\"},\"sameAs\":[\"https:\\\/\\\/kuzeyinsesi.org\"],\"url\":\"https:\\\/\\\/kuzeyinsesi.org\\\/index.php\\\/author\\\/guven\\\/\"}]}<\/script>\n<!-- \/ Yoast SEO plugin. -->","yoast_head_json":{"title":"Cumhurba\u015fkan\u0131 Tatar, \u201cK\u0131br\u0131s M\u00fccadele Tarihinde Kad\u0131nlar\u0131m\u0131z Foto\u011fraf Sergisi\u201dnin a\u00e7\u0131l\u0131\u015f\u0131n\u0131 ger\u00e7ekle\u015ftirdi - Kuzeyin Sesi","robots":{"index":"index","follow":"follow","max-snippet":"max-snippet:-1","max-image-preview":"max-image-preview:large","max-video-preview":"max-video-preview:-1"},"canonical":"https:\/\/kuzeyinsesi.org\/index.php\/2025\/03\/11\/cumhurbaskani-tatar-kibris-mucadele-tarihinde-kadinlarimiz-fotograf-sergisinin-acilisini-gerceklestirdi\/","og_locale":"tr_TR","og_type":"article","og_title":"Cumhurba\u015fkan\u0131 Tatar, \u201cK\u0131br\u0131s M\u00fccadele Tarihinde Kad\u0131nlar\u0131m\u0131z Foto\u011fraf Sergisi\u201dnin a\u00e7\u0131l\u0131\u015f\u0131n\u0131 ger\u00e7ekle\u015ftirdi - Kuzeyin Sesi","og_description":"Cumhurba\u015fkan\u0131 Ersin Tatar, Demokrat Parti Kad\u0131n \u00d6rg\u00fct\u00fc taraf\u0131ndan 8 Mart D\u00fcnya Kad\u0131nlar G\u00fcn\u00fc kapsam\u0131nda haz\u0131rlanan \u201cK\u0131br\u0131s M\u00fccadele Tarihinde Kad\u0131nlar\u0131m\u0131z\u201d isimli foto\u011fraf sergisinin a\u00e7\u0131l\u0131\u015f\u0131n\u0131 ger\u00e7ekle\u015ftirdi. Cumhurba\u015fkanl\u0131\u011f\u0131\u2019ndan verilen bilgiye g\u00f6re, Latomia Girne G\u00fczel Sanatlar M\u00fczesi\u2019nde yer alan serginin a\u00e7\u0131l\u0131\u015f\u0131n\u0131 ger\u00e7ekle\u015ftiren Cumhurba\u015fkan\u0131 Tatar, sergiye kat\u0131lanlar\u0131 tebrik etti.","og_url":"https:\/\/kuzeyinsesi.org\/index.php\/2025\/03\/11\/cumhurbaskani-tatar-kibris-mucadele-tarihinde-kadinlarimiz-fotograf-sergisinin-acilisini-gerceklestirdi\/","og_site_name":"Kuzeyin Sesi","article_publisher":"https:\/\/www.facebook.com\/kuzeyinsesii","article_published_time":"2025-03-11T13:04:43+00:00","og_image":[{"url":"https:\/\/brtk.net\/wp-content\/uploads\/2025\/03\/11\/2084029840928.jpeg?ver=1df10c4d151f557ac0105979a57c547b","type":"","width":"","height":""}],"author":"Kuzeyin Sesi","twitter_card":"summary_large_image","twitter_creator":"@kuzeyinsesii","twitter_site":"@kuzeyinsesii","twitter_misc":{"Yazan:":"Kuzeyin Sesi"},"schema":{"@context":"https:\/\/schema.org","@graph":[{"@type":"Article","@id":"https:\/\/kuzeyinsesi.org\/index.php\/2025\/03\/11\/cumhurbaskani-tatar-kibris-mucadele-tarihinde-kadinlarimiz-fotograf-sergisinin-acilisini-gerceklestirdi\/#article","isPartOf":{"@id":"https:\/\/kuzeyinsesi.org\/index.php\/2025\/03\/11\/cumhurbaskani-tatar-kibris-mucadele-tarihinde-kadinlarimiz-fotograf-sergisinin-acilisini-gerceklestirdi\/"},"author":{"name":"Kuzeyin Sesi","@id":"https:\/\/kuzeyinsesi.org\/#\/schema\/person\/9f859689cdf01485597712386e37f5aa"},"headline":"Cumhurba\u015fkan\u0131 Tatar, \u201cK\u0131br\u0131s M\u00fccadele Tarihinde Kad\u0131nlar\u0131m\u0131z Foto\u011fraf Sergisi\u201dnin a\u00e7\u0131l\u0131\u015f\u0131n\u0131 ger\u00e7ekle\u015ftirdi","datePublished":"2025-03-11T13:04:43+00:00","mainEntityOfPage":{"@id":"https:\/\/kuzeyinsesi.org\/index.php\/2025\/03\/11\/cumhurbaskani-tatar-kibris-mucadele-tarihinde-kadinlarimiz-fotograf-sergisinin-acilisini-gerceklestirdi\/"},"wordCount":98,"commentCount":0,"image":{"@id":"https:\/\/kuzeyinsesi.org\/index.php\/2025\/03\/11\/cumhurbaskani-tatar-kibris-mucadele-tarihinde-kadinlarimiz-fotograf-sergisinin-acilisini-gerceklestirdi\/#primaryimage"},"thumbnailUrl":"https:\/\/kuzeyinsesi.org\/wp-content\/uploads\/2025\/03\/2084029840928.jpeg","articleSection":["Ya\u015fam"],"inLanguage":"tr","potentialAction":[{"@type":"CommentAction","name":"Comment","target":["https:\/\/kuzeyinsesi.org\/index.php\/2025\/03\/11\/cumhurbaskani-tatar-kibris-mucadele-tarihinde-kadinlarimiz-fotograf-sergisinin-acilisini-gerceklestirdi\/#respond"]}]},{"@type":"WebPage","@id":"https:\/\/kuzeyinsesi.org\/index.php\/2025\/03\/11\/cumhurbaskani-tatar-kibris-mucadele-tarihinde-kadinlarimiz-fotograf-sergisinin-acilisini-gerceklestirdi\/","url":"https:\/\/kuzeyinsesi.org\/index.php\/2025\/03\/11\/cumhurbaskani-tatar-kibris-mucadele-tarihinde-kadinlarimiz-fotograf-sergisinin-acilisini-gerceklestirdi\/","name":"Cumhurba\u015fkan\u0131 Tatar, \u201cK\u0131br\u0131s M\u00fccadele Tarihinde Kad\u0131nlar\u0131m\u0131z Foto\u011fraf Sergisi\u201dnin a\u00e7\u0131l\u0131\u015f\u0131n\u0131 ger\u00e7ekle\u015ftirdi - Kuzeyin Sesi","isPartOf":{"@id":"https:\/\/kuzeyinsesi.org\/#website"},"primaryImageOfPage":{"@id":"https:\/\/kuzeyinsesi.org\/index.php\/2025\/03\/11\/cumhurbaskani-tatar-kibris-mucadele-tarihinde-kadinlarimiz-fotograf-sergisinin-acilisini-gerceklestirdi\/#primaryimage"},"image":{"@id":"https:\/\/kuzeyinsesi.org\/index.php\/2025\/03\/11\/cumhurbaskani-tatar-kibris-mucadele-tarihinde-kadinlarimiz-fotograf-sergisinin-acilisini-gerceklestirdi\/#primaryimage"},"thumbnailUrl":"https:\/\/kuzeyinsesi.org\/wp-content\/uploads\/2025\/03\/2084029840928.jpeg","datePublished":"2025-03-11T13:04:43+00:00","author":{"@id":"https:\/\/kuzeyinsesi.org\/#\/schema\/person\/9f859689cdf01485597712386e37f5aa"},"breadcrumb":{"@id":"https:\/\/kuzeyinsesi.org\/index.php\/2025\/03\/11\/cumhurbaskani-tatar-kibris-mucadele-tarihinde-kadinlarimiz-fotograf-sergisinin-acilisini-gerceklestirdi\/#breadcrumb"},"inLanguage":"tr","potentialAction":[{"@type":"ReadAction","target":["https:\/\/kuzeyinsesi.org\/index.php\/2025\/03\/11\/cumhurbaskani-tatar-kibris-mucadele-tarihinde-kadinlarimiz-fotograf-sergisinin-acilisini-gerceklestirdi\/"]}]},{"@type":"ImageObject","inLanguage":"tr","@id":"https:\/\/kuzeyinsesi.org\/index.php\/2025\/03\/11\/cumhurbaskani-tatar-kibris-mucadele-tarihinde-kadinlarimiz-fotograf-sergisinin-acilisini-gerceklestirdi\/#primaryimage","url":"https:\/\/kuzeyinsesi.org\/wp-content\/uploads\/2025\/03\/2084029840928.jpeg","contentUrl":"https:\/\/kuzeyinsesi.org\/wp-content\/uploads\/2025\/03\/2084029840928.jpeg","width":2560,"height":1706},{"@type":"BreadcrumbList","@id":"https:\/\/kuzeyinsesi.org\/index.php\/2025\/03\/11\/cumhurbaskani-tatar-kibris-mucadele-tarihinde-kadinlarimiz-fotograf-sergisinin-acilisini-gerceklestirdi\/#breadcrumb","itemListElement":[{"@type":"ListItem","position":1,"name":"Anasayfa","item":"https:\/\/kuzeyinsesi.org\/"},{"@type":"ListItem","position":2,"name":"Cumhurba\u015fkan\u0131 Tatar, \u201cK\u0131br\u0131s M\u00fccadele Tarihinde Kad\u0131nlar\u0131m\u0131z Foto\u011fraf Sergisi\u201dnin a\u00e7\u0131l\u0131\u015f\u0131n\u0131 ger\u00e7ekle\u015ftirdi"}]},{"@type":"WebSite","@id":"https:\/\/kuzeyinsesi.org\/#website","url":"https:\/\/kuzeyinsesi.org\/","name":"Kuzeyin Sesi","description":"Do\u011fru Haberin Adresi","potentialAction":[{"@type":"SearchAction","target":{"@type":"EntryPoint","urlTemplate":"https:\/\/kuzeyinsesi.org\/?s={search_term_string}"},"query-input":{"@type":"PropertyValueSpecification","valueRequired":true,"valueName":"search_term_string"}}],"inLanguage":"tr"},{"@type":"Person","@id":"https:\/\/kuzeyinsesi.org\/#\/schema\/person\/9f859689cdf01485597712386e37f5aa","name":"Kuzeyin Sesi","image":{"@type":"ImageObject","inLanguage":"tr","@id":"https:\/\/secure.gravatar.com\/avatar\/bab33852abfd8b282518d6ed81826833d77c3c882d9ab608add591ccace47a44?s=96&d=mm&r=g","url":"https:\/\/secure.gravatar.com\/avatar\/bab33852abfd8b282518d6ed81826833d77c3c882d9ab608add591ccace47a44?s=96&d=mm&r=g","contentUrl":"https:\/\/secure.gravatar.com\/avatar\/bab33852abfd8b282518d6ed81826833d77c3c882d9ab608add591ccace47a44?s=96&d=mm&r=g","caption":"Kuzeyin Sesi"},"sameAs":["https:\/\/kuzeyinsesi.org"],"url":"https:\/\/kuzeyinsesi.org\/index.php\/author\/guven\/"}]}},"_links":{"self":[{"href":"https:\/\/kuzeyinsesi.org\/index.php\/wp-json\/wp\/v2\/posts\/20702","targetHints":{"allow":["GET"]}}],"collection":[{"href":"https:\/\/kuzeyinsesi.org\/index.php\/wp-json\/wp\/v2\/posts"}],"about":[{"href":"https:\/\/kuzeyinsesi.org\/index.php\/wp-json\/wp\/v2\/types\/post"}],"author":[{"embeddable":true,"href":"https:\/\/kuzeyinsesi.org\/index.php\/wp-json\/wp\/v2\/users\/1"}],"replies":[{"embeddable":true,"href":"https:\/\/kuzeyinsesi.org\/index.php\/wp-json\/wp\/v2\/comments?post=20702"}],"version-history":[{"count":0,"href":"https:\/\/kuzeyinsesi.org\/index.php\/wp-json\/wp\/v2\/posts\/20702\/revisions"}],"wp:featuredmedia":[{"embeddable":true,"href":"https:\/\/kuzeyinsesi.org\/index.php\/wp-json\/wp\/v2\/media\/20703"}],"wp:attachment":[{"href":"https:\/\/kuzeyinsesi.org\/index.php\/wp-json\/wp\/v2\/media?parent=20702"}],"wp:term":[{"taxonomy":"category","embeddable":true,"href":"https:\/\/kuzeyinsesi.org\/index.php\/wp-json\/wp\/v2\/categories?post=20702"},{"taxonomy":"post_tag","embeddable":true,"href":"https:\/\/kuzeyinsesi.org\/index.php\/wp-json\/wp\/v2\/tags?post=20702"}],"curies":[{"name":"wp","href":"https:\/\/api.w.org\/{rel}","templated":true}]}}