{"id":2070,"date":"2024-05-11T11:21:59","date_gmt":"2024-05-11T08:21:59","guid":{"rendered":"https:\/\/kuzeyinsesi.com\/index.php\/2024\/05\/11\/meteoroloji-dairesinden-karada-ve-denizde-firtinamsi-ruzgar-uyarisi\/"},"modified":"2024-05-11T11:21:59","modified_gmt":"2024-05-11T08:21:59","slug":"meteoroloji-dairesinden-karada-ve-denizde-firtinamsi-ruzgar-uyarisi","status":"publish","type":"post","link":"https:\/\/kuzeyinsesi.org\/index.php\/2024\/05\/11\/meteoroloji-dairesinden-karada-ve-denizde-firtinamsi-ruzgar-uyarisi\/","title":{"rendered":"Meteoroloji Dairesi\u2019nden karada ve denizde \u201cf\u0131rt\u0131nams\u0131 r\u00fczgar\u201d uyar\u0131s\u0131"},"content":{"rendered":"<div>\n<div class=\"mariselle-image-container center\">\n                                            <\/div>\n<p>Meteoroloji Dairesi, d\u00fcn gece saat 23.00\u2019te ba\u015flayan r\u00fczgar\u0131n bu gece yar\u0131s\u0131na kadar karada ve denizde f\u0131rt\u0131nams\u0131 \u015fekilde s\u00fcrece\u011fi uyar\u0131s\u0131nda bulundu.<\/p>\n<p>Meteoroloji Dairesi\u2019nden yap\u0131lan a\u00e7\u0131klamada, \u201cb\u00f6lgemiz denizlerinde Taurus ve Crusade\u2019de g\u00fcney ve bat\u0131, Delta\u2019da ise kuzey ve bat\u0131 y\u00f6nlerden esmekte olan r\u00fczgar\u0131n kuvvetlenerek \u20187 kuvvetinde\u2019 ve f\u0131rt\u0131nams\u0131 r\u00fczgar \u015feklinde esmesi beklenmektedir.\u201d ifadesi kullan\u0131ld\u0131.<\/p>\n<p>A\u00e7\u0131klamada, karada da kuzey ve do\u011fu y\u00f6nlerden \u201c7 kuvvetinde\u201d ve f\u0131rt\u0131nams\u0131 r\u00fczgar \u015feklinde esmekte olan r\u00fczgar\u0131n y\u00f6n\u00fcn\u00fcn g\u00fcney ve bat\u0131 y\u00f6nlere d\u00f6nerek yine \u201c7 kuvvetinde\u201d ve f\u0131rt\u0131nams\u0131 r\u00fczgar \u015feklinde esmesinin beklendi\u011fi kaydedildi.<\/p>\n<p>Meteoroloji Dairesi, uyar\u0131n\u0131n 10 May\u0131s 23.00 ila 11 May\u0131s 23.00 saatleri aras\u0131n\u0131 kapsad\u0131\u011f\u0131n\u0131 da bildirdi.<\/p>\n<p>\u00a0<\/p>\n<\/p><\/div>\n<p><script async\n                    defer\n                    crossorigin=\"anonymous\"\n                    src=\"https:\/\/connect.facebook.net\/tr_TR\/sdk.js#xfbml=1&#038;version=v3.3\"\n            ><\/script><\/p>\n","protected":false},"excerpt":{"rendered":"<p>Meteoroloji Dairesi, d\u00fcn gece saat 23.00\u2019te ba\u015flayan r\u00fczgar\u0131n bu gece yar\u0131s\u0131na kadar karada ve denizde f\u0131rt\u0131nams\u0131 \u015fekilde s\u00fcrece\u011fi uyar\u0131s\u0131nda bulundu. Meteoroloji Dairesi\u2019nden yap\u0131lan a\u00e7\u0131klamada, \u201cb\u00f6lgemiz denizlerinde Taurus ve Crusade\u2019de g\u00fcney ve bat\u0131, Delta\u2019da ise kuzey ve bat\u0131 y\u00f6nlerden esmekte olan r\u00fczgar\u0131n kuvvetlenerek \u20187 kuvvetinde\u2019 ve f\u0131rt\u0131nams\u0131 r\u00fczgar \u015feklinde esmesi beklenmektedir.\u201d ifadesi kullan\u0131ld\u0131. A\u00e7\u0131klamada, karada da [&hellip;]<\/p>\n","protected":false},"author":1,"featured_media":2071,"comment_status":"open","ping_status":"open","sticky":false,"template":"","format":"standard","meta":{"jnews-multi-image_gallery":[],"jnews_single_post":[],"jnews_primary_category":[],"jnews_social_meta":[],"jnews_override_counter":[],"footnotes":""},"categories":[1],"tags":[],"class_list":["post-2070","post","type-post","status-publish","format-standard","has-post-thumbnail","hentry","category-kibris"],"yoast_head":"<!-- This site is optimized with the Yoast SEO plugin v27.5 - https:\/\/yoast.com\/product\/yoast-seo-wordpress\/ -->\n<title>Meteoroloji Dairesi\u2019nden karada ve denizde \u201cf\u0131rt\u0131nams\u0131 r\u00fczgar\u201d uyar\u0131s\u0131 - Kuzeyin Sesi<\/title>\n<meta name=\"robots\" content=\"index, follow, max-snippet:-1, max-image-preview:large, max-video-preview:-1\" \/>\n<link rel=\"canonical\" href=\"https:\/\/kuzeyinsesi.org\/index.php\/2024\/05\/11\/meteoroloji-dairesinden-karada-ve-denizde-firtinamsi-ruzgar-uyarisi\/\" \/>\n<meta property=\"og:locale\" content=\"tr_TR\" \/>\n<meta property=\"og:type\" content=\"article\" \/>\n<meta property=\"og:title\" content=\"Meteoroloji Dairesi\u2019nden karada ve denizde \u201cf\u0131rt\u0131nams\u0131 r\u00fczgar\u201d uyar\u0131s\u0131 - Kuzeyin Sesi\" \/>\n<meta property=\"og:description\" content=\"Meteoroloji Dairesi, d\u00fcn gece saat 23.00\u2019te ba\u015flayan r\u00fczgar\u0131n bu gece yar\u0131s\u0131na kadar karada ve denizde f\u0131rt\u0131nams\u0131 \u015fekilde s\u00fcrece\u011fi uyar\u0131s\u0131nda bulundu. Meteoroloji Dairesi\u2019nden yap\u0131lan a\u00e7\u0131klamada, \u201cb\u00f6lgemiz denizlerinde Taurus ve Crusade\u2019de g\u00fcney ve bat\u0131, Delta\u2019da ise kuzey ve bat\u0131 y\u00f6nlerden esmekte olan r\u00fczgar\u0131n kuvvetlenerek \u20187 kuvvetinde\u2019 ve f\u0131rt\u0131nams\u0131 r\u00fczgar \u015feklinde esmesi beklenmektedir.\u201d ifadesi kullan\u0131ld\u0131. A\u00e7\u0131klamada, karada da [&hellip;]\" \/>\n<meta property=\"og:url\" content=\"https:\/\/kuzeyinsesi.org\/index.php\/2024\/05\/11\/meteoroloji-dairesinden-karada-ve-denizde-firtinamsi-ruzgar-uyarisi\/\" \/>\n<meta property=\"og:site_name\" content=\"Kuzeyin Sesi\" \/>\n<meta property=\"article:publisher\" content=\"https:\/\/www.facebook.com\/kuzeyinsesii\" \/>\n<meta property=\"article:published_time\" content=\"2024-05-11T08:21:59+00:00\" \/>\n<meta property=\"og:image\" content=\"https:\/\/kuzeyinsesi.org\/wp-content\/uploads\/2024\/05\/1715415720_deniz-firtina.jpg\" \/>\n\t<meta property=\"og:image:width\" content=\"660\" \/>\n\t<meta property=\"og:image:height\" content=\"387\" \/>\n\t<meta property=\"og:image:type\" content=\"image\/jpeg\" \/>\n<meta name=\"author\" content=\"Kuzeyin Sesi\" \/>\n<meta name=\"twitter:card\" content=\"summary_large_image\" \/>\n<meta name=\"twitter:creator\" content=\"@kuzeyinsesii\" \/>\n<meta name=\"twitter:site\" content=\"@kuzeyinsesii\" \/>\n<meta name=\"twitter:label1\" content=\"Yazan:\" \/>\n\t<meta name=\"twitter:data1\" content=\"Kuzeyin Sesi\" \/>\n\t<meta name=\"twitter:label2\" content=\"Tahmini okuma s\u00fcresi\" \/>\n\t<meta name=\"twitter:data2\" content=\"1 dakika\" \/>\n<script type=\"application\/ld+json\" class=\"yoast-schema-graph\">{\"@context\":\"https:\\\/\\\/schema.org\",\"@graph\":[{\"@type\":\"Article\",\"@id\":\"https:\\\/\\\/kuzeyinsesi.org\\\/index.php\\\/2024\\\/05\\\/11\\\/meteoroloji-dairesinden-karada-ve-denizde-firtinamsi-ruzgar-uyarisi\\\/#article\",\"isPartOf\":{\"@id\":\"https:\\\/\\\/kuzeyinsesi.org\\\/index.php\\\/2024\\\/05\\\/11\\\/meteoroloji-dairesinden-karada-ve-denizde-firtinamsi-ruzgar-uyarisi\\\/\"},\"author\":{\"name\":\"Kuzeyin Sesi\",\"@id\":\"https:\\\/\\\/kuzeyinsesi.org\\\/#\\\/schema\\\/person\\\/9f859689cdf01485597712386e37f5aa\"},\"headline\":\"Meteoroloji Dairesi\u2019nden karada ve denizde \u201cf\u0131rt\u0131nams\u0131 r\u00fczgar\u201d uyar\u0131s\u0131\",\"datePublished\":\"2024-05-11T08:21:59+00:00\",\"mainEntityOfPage\":{\"@id\":\"https:\\\/\\\/kuzeyinsesi.org\\\/index.php\\\/2024\\\/05\\\/11\\\/meteoroloji-dairesinden-karada-ve-denizde-firtinamsi-ruzgar-uyarisi\\\/\"},\"wordCount\":155,\"commentCount\":0,\"image\":{\"@id\":\"https:\\\/\\\/kuzeyinsesi.org\\\/index.php\\\/2024\\\/05\\\/11\\\/meteoroloji-dairesinden-karada-ve-denizde-firtinamsi-ruzgar-uyarisi\\\/#primaryimage\"},\"thumbnailUrl\":\"https:\\\/\\\/kuzeyinsesi.org\\\/wp-content\\\/uploads\\\/2024\\\/05\\\/1715415720_deniz-firtina.jpg\",\"articleSection\":[\"K\u0131br\u0131s\"],\"inLanguage\":\"tr\",\"potentialAction\":[{\"@type\":\"CommentAction\",\"name\":\"Comment\",\"target\":[\"https:\\\/\\\/kuzeyinsesi.org\\\/index.php\\\/2024\\\/05\\\/11\\\/meteoroloji-dairesinden-karada-ve-denizde-firtinamsi-ruzgar-uyarisi\\\/#respond\"]}]},{\"@type\":\"WebPage\",\"@id\":\"https:\\\/\\\/kuzeyinsesi.org\\\/index.php\\\/2024\\\/05\\\/11\\\/meteoroloji-dairesinden-karada-ve-denizde-firtinamsi-ruzgar-uyarisi\\\/\",\"url\":\"https:\\\/\\\/kuzeyinsesi.org\\\/index.php\\\/2024\\\/05\\\/11\\\/meteoroloji-dairesinden-karada-ve-denizde-firtinamsi-ruzgar-uyarisi\\\/\",\"name\":\"Meteoroloji Dairesi\u2019nden karada ve denizde \u201cf\u0131rt\u0131nams\u0131 r\u00fczgar\u201d uyar\u0131s\u0131 - Kuzeyin Sesi\",\"isPartOf\":{\"@id\":\"https:\\\/\\\/kuzeyinsesi.org\\\/#website\"},\"primaryImageOfPage\":{\"@id\":\"https:\\\/\\\/kuzeyinsesi.org\\\/index.php\\\/2024\\\/05\\\/11\\\/meteoroloji-dairesinden-karada-ve-denizde-firtinamsi-ruzgar-uyarisi\\\/#primaryimage\"},\"image\":{\"@id\":\"https:\\\/\\\/kuzeyinsesi.org\\\/index.php\\\/2024\\\/05\\\/11\\\/meteoroloji-dairesinden-karada-ve-denizde-firtinamsi-ruzgar-uyarisi\\\/#primaryimage\"},\"thumbnailUrl\":\"https:\\\/\\\/kuzeyinsesi.org\\\/wp-content\\\/uploads\\\/2024\\\/05\\\/1715415720_deniz-firtina.jpg\",\"datePublished\":\"2024-05-11T08:21:59+00:00\",\"author\":{\"@id\":\"https:\\\/\\\/kuzeyinsesi.org\\\/#\\\/schema\\\/person\\\/9f859689cdf01485597712386e37f5aa\"},\"breadcrumb\":{\"@id\":\"https:\\\/\\\/kuzeyinsesi.org\\\/index.php\\\/2024\\\/05\\\/11\\\/meteoroloji-dairesinden-karada-ve-denizde-firtinamsi-ruzgar-uyarisi\\\/#breadcrumb\"},\"inLanguage\":\"tr\",\"potentialAction\":[{\"@type\":\"ReadAction\",\"target\":[\"https:\\\/\\\/kuzeyinsesi.org\\\/index.php\\\/2024\\\/05\\\/11\\\/meteoroloji-dairesinden-karada-ve-denizde-firtinamsi-ruzgar-uyarisi\\\/\"]}]},{\"@type\":\"ImageObject\",\"inLanguage\":\"tr\",\"@id\":\"https:\\\/\\\/kuzeyinsesi.org\\\/index.php\\\/2024\\\/05\\\/11\\\/meteoroloji-dairesinden-karada-ve-denizde-firtinamsi-ruzgar-uyarisi\\\/#primaryimage\",\"url\":\"https:\\\/\\\/kuzeyinsesi.org\\\/wp-content\\\/uploads\\\/2024\\\/05\\\/1715415720_deniz-firtina.jpg\",\"contentUrl\":\"https:\\\/\\\/kuzeyinsesi.org\\\/wp-content\\\/uploads\\\/2024\\\/05\\\/1715415720_deniz-firtina.jpg\",\"width\":660,\"height\":387},{\"@type\":\"BreadcrumbList\",\"@id\":\"https:\\\/\\\/kuzeyinsesi.org\\\/index.php\\\/2024\\\/05\\\/11\\\/meteoroloji-dairesinden-karada-ve-denizde-firtinamsi-ruzgar-uyarisi\\\/#breadcrumb\",\"itemListElement\":[{\"@type\":\"ListItem\",\"position\":1,\"name\":\"Anasayfa\",\"item\":\"https:\\\/\\\/kuzeyinsesi.org\\\/\"},{\"@type\":\"ListItem\",\"position\":2,\"name\":\"Meteoroloji Dairesi\u2019nden karada ve denizde \u201cf\u0131rt\u0131nams\u0131 r\u00fczgar\u201d uyar\u0131s\u0131\"}]},{\"@type\":\"WebSite\",\"@id\":\"https:\\\/\\\/kuzeyinsesi.org\\\/#website\",\"url\":\"https:\\\/\\\/kuzeyinsesi.org\\\/\",\"name\":\"Kuzeyin Sesi\",\"description\":\"Do\u011fru Haberin Adresi\",\"potentialAction\":[{\"@type\":\"SearchAction\",\"target\":{\"@type\":\"EntryPoint\",\"urlTemplate\":\"https:\\\/\\\/kuzeyinsesi.org\\\/?s={search_term_string}\"},\"query-input\":{\"@type\":\"PropertyValueSpecification\",\"valueRequired\":true,\"valueName\":\"search_term_string\"}}],\"inLanguage\":\"tr\"},{\"@type\":\"Person\",\"@id\":\"https:\\\/\\\/kuzeyinsesi.org\\\/#\\\/schema\\\/person\\\/9f859689cdf01485597712386e37f5aa\",\"name\":\"Kuzeyin Sesi\",\"image\":{\"@type\":\"ImageObject\",\"inLanguage\":\"tr\",\"@id\":\"https:\\\/\\\/secure.gravatar.com\\\/avatar\\\/bab33852abfd8b282518d6ed81826833d77c3c882d9ab608add591ccace47a44?s=96&d=mm&r=g\",\"url\":\"https:\\\/\\\/secure.gravatar.com\\\/avatar\\\/bab33852abfd8b282518d6ed81826833d77c3c882d9ab608add591ccace47a44?s=96&d=mm&r=g\",\"contentUrl\":\"https:\\\/\\\/secure.gravatar.com\\\/avatar\\\/bab33852abfd8b282518d6ed81826833d77c3c882d9ab608add591ccace47a44?s=96&d=mm&r=g\",\"caption\":\"Kuzeyin Sesi\"},\"sameAs\":[\"https:\\\/\\\/kuzeyinsesi.org\"],\"url\":\"https:\\\/\\\/kuzeyinsesi.org\\\/index.php\\\/author\\\/guven\\\/\"}]}<\/script>\n<!-- \/ Yoast SEO plugin. -->","yoast_head_json":{"title":"Meteoroloji Dairesi\u2019nden karada ve denizde \u201cf\u0131rt\u0131nams\u0131 r\u00fczgar\u201d uyar\u0131s\u0131 - Kuzeyin Sesi","robots":{"index":"index","follow":"follow","max-snippet":"max-snippet:-1","max-image-preview":"max-image-preview:large","max-video-preview":"max-video-preview:-1"},"canonical":"https:\/\/kuzeyinsesi.org\/index.php\/2024\/05\/11\/meteoroloji-dairesinden-karada-ve-denizde-firtinamsi-ruzgar-uyarisi\/","og_locale":"tr_TR","og_type":"article","og_title":"Meteoroloji Dairesi\u2019nden karada ve denizde \u201cf\u0131rt\u0131nams\u0131 r\u00fczgar\u201d uyar\u0131s\u0131 - Kuzeyin Sesi","og_description":"Meteoroloji Dairesi, d\u00fcn gece saat 23.00\u2019te ba\u015flayan r\u00fczgar\u0131n bu gece yar\u0131s\u0131na kadar karada ve denizde f\u0131rt\u0131nams\u0131 \u015fekilde s\u00fcrece\u011fi uyar\u0131s\u0131nda bulundu. Meteoroloji Dairesi\u2019nden yap\u0131lan a\u00e7\u0131klamada, \u201cb\u00f6lgemiz denizlerinde Taurus ve Crusade\u2019de g\u00fcney ve bat\u0131, Delta\u2019da ise kuzey ve bat\u0131 y\u00f6nlerden esmekte olan r\u00fczgar\u0131n kuvvetlenerek \u20187 kuvvetinde\u2019 ve f\u0131rt\u0131nams\u0131 r\u00fczgar \u015feklinde esmesi beklenmektedir.\u201d ifadesi kullan\u0131ld\u0131. A\u00e7\u0131klamada, karada da [&hellip;]","og_url":"https:\/\/kuzeyinsesi.org\/index.php\/2024\/05\/11\/meteoroloji-dairesinden-karada-ve-denizde-firtinamsi-ruzgar-uyarisi\/","og_site_name":"Kuzeyin Sesi","article_publisher":"https:\/\/www.facebook.com\/kuzeyinsesii","article_published_time":"2024-05-11T08:21:59+00:00","og_image":[{"width":660,"height":387,"url":"https:\/\/kuzeyinsesi.org\/wp-content\/uploads\/2024\/05\/1715415720_deniz-firtina.jpg","type":"image\/jpeg"}],"author":"Kuzeyin Sesi","twitter_card":"summary_large_image","twitter_creator":"@kuzeyinsesii","twitter_site":"@kuzeyinsesii","twitter_misc":{"Yazan:":"Kuzeyin Sesi","Tahmini okuma s\u00fcresi":"1 dakika"},"schema":{"@context":"https:\/\/schema.org","@graph":[{"@type":"Article","@id":"https:\/\/kuzeyinsesi.org\/index.php\/2024\/05\/11\/meteoroloji-dairesinden-karada-ve-denizde-firtinamsi-ruzgar-uyarisi\/#article","isPartOf":{"@id":"https:\/\/kuzeyinsesi.org\/index.php\/2024\/05\/11\/meteoroloji-dairesinden-karada-ve-denizde-firtinamsi-ruzgar-uyarisi\/"},"author":{"name":"Kuzeyin Sesi","@id":"https:\/\/kuzeyinsesi.org\/#\/schema\/person\/9f859689cdf01485597712386e37f5aa"},"headline":"Meteoroloji Dairesi\u2019nden karada ve denizde \u201cf\u0131rt\u0131nams\u0131 r\u00fczgar\u201d uyar\u0131s\u0131","datePublished":"2024-05-11T08:21:59+00:00","mainEntityOfPage":{"@id":"https:\/\/kuzeyinsesi.org\/index.php\/2024\/05\/11\/meteoroloji-dairesinden-karada-ve-denizde-firtinamsi-ruzgar-uyarisi\/"},"wordCount":155,"commentCount":0,"image":{"@id":"https:\/\/kuzeyinsesi.org\/index.php\/2024\/05\/11\/meteoroloji-dairesinden-karada-ve-denizde-firtinamsi-ruzgar-uyarisi\/#primaryimage"},"thumbnailUrl":"https:\/\/kuzeyinsesi.org\/wp-content\/uploads\/2024\/05\/1715415720_deniz-firtina.jpg","articleSection":["K\u0131br\u0131s"],"inLanguage":"tr","potentialAction":[{"@type":"CommentAction","name":"Comment","target":["https:\/\/kuzeyinsesi.org\/index.php\/2024\/05\/11\/meteoroloji-dairesinden-karada-ve-denizde-firtinamsi-ruzgar-uyarisi\/#respond"]}]},{"@type":"WebPage","@id":"https:\/\/kuzeyinsesi.org\/index.php\/2024\/05\/11\/meteoroloji-dairesinden-karada-ve-denizde-firtinamsi-ruzgar-uyarisi\/","url":"https:\/\/kuzeyinsesi.org\/index.php\/2024\/05\/11\/meteoroloji-dairesinden-karada-ve-denizde-firtinamsi-ruzgar-uyarisi\/","name":"Meteoroloji Dairesi\u2019nden karada ve denizde \u201cf\u0131rt\u0131nams\u0131 r\u00fczgar\u201d uyar\u0131s\u0131 - Kuzeyin Sesi","isPartOf":{"@id":"https:\/\/kuzeyinsesi.org\/#website"},"primaryImageOfPage":{"@id":"https:\/\/kuzeyinsesi.org\/index.php\/2024\/05\/11\/meteoroloji-dairesinden-karada-ve-denizde-firtinamsi-ruzgar-uyarisi\/#primaryimage"},"image":{"@id":"https:\/\/kuzeyinsesi.org\/index.php\/2024\/05\/11\/meteoroloji-dairesinden-karada-ve-denizde-firtinamsi-ruzgar-uyarisi\/#primaryimage"},"thumbnailUrl":"https:\/\/kuzeyinsesi.org\/wp-content\/uploads\/2024\/05\/1715415720_deniz-firtina.jpg","datePublished":"2024-05-11T08:21:59+00:00","author":{"@id":"https:\/\/kuzeyinsesi.org\/#\/schema\/person\/9f859689cdf01485597712386e37f5aa"},"breadcrumb":{"@id":"https:\/\/kuzeyinsesi.org\/index.php\/2024\/05\/11\/meteoroloji-dairesinden-karada-ve-denizde-firtinamsi-ruzgar-uyarisi\/#breadcrumb"},"inLanguage":"tr","potentialAction":[{"@type":"ReadAction","target":["https:\/\/kuzeyinsesi.org\/index.php\/2024\/05\/11\/meteoroloji-dairesinden-karada-ve-denizde-firtinamsi-ruzgar-uyarisi\/"]}]},{"@type":"ImageObject","inLanguage":"tr","@id":"https:\/\/kuzeyinsesi.org\/index.php\/2024\/05\/11\/meteoroloji-dairesinden-karada-ve-denizde-firtinamsi-ruzgar-uyarisi\/#primaryimage","url":"https:\/\/kuzeyinsesi.org\/wp-content\/uploads\/2024\/05\/1715415720_deniz-firtina.jpg","contentUrl":"https:\/\/kuzeyinsesi.org\/wp-content\/uploads\/2024\/05\/1715415720_deniz-firtina.jpg","width":660,"height":387},{"@type":"BreadcrumbList","@id":"https:\/\/kuzeyinsesi.org\/index.php\/2024\/05\/11\/meteoroloji-dairesinden-karada-ve-denizde-firtinamsi-ruzgar-uyarisi\/#breadcrumb","itemListElement":[{"@type":"ListItem","position":1,"name":"Anasayfa","item":"https:\/\/kuzeyinsesi.org\/"},{"@type":"ListItem","position":2,"name":"Meteoroloji Dairesi\u2019nden karada ve denizde \u201cf\u0131rt\u0131nams\u0131 r\u00fczgar\u201d uyar\u0131s\u0131"}]},{"@type":"WebSite","@id":"https:\/\/kuzeyinsesi.org\/#website","url":"https:\/\/kuzeyinsesi.org\/","name":"Kuzeyin Sesi","description":"Do\u011fru Haberin Adresi","potentialAction":[{"@type":"SearchAction","target":{"@type":"EntryPoint","urlTemplate":"https:\/\/kuzeyinsesi.org\/?s={search_term_string}"},"query-input":{"@type":"PropertyValueSpecification","valueRequired":true,"valueName":"search_term_string"}}],"inLanguage":"tr"},{"@type":"Person","@id":"https:\/\/kuzeyinsesi.org\/#\/schema\/person\/9f859689cdf01485597712386e37f5aa","name":"Kuzeyin Sesi","image":{"@type":"ImageObject","inLanguage":"tr","@id":"https:\/\/secure.gravatar.com\/avatar\/bab33852abfd8b282518d6ed81826833d77c3c882d9ab608add591ccace47a44?s=96&d=mm&r=g","url":"https:\/\/secure.gravatar.com\/avatar\/bab33852abfd8b282518d6ed81826833d77c3c882d9ab608add591ccace47a44?s=96&d=mm&r=g","contentUrl":"https:\/\/secure.gravatar.com\/avatar\/bab33852abfd8b282518d6ed81826833d77c3c882d9ab608add591ccace47a44?s=96&d=mm&r=g","caption":"Kuzeyin Sesi"},"sameAs":["https:\/\/kuzeyinsesi.org"],"url":"https:\/\/kuzeyinsesi.org\/index.php\/author\/guven\/"}]}},"_links":{"self":[{"href":"https:\/\/kuzeyinsesi.org\/index.php\/wp-json\/wp\/v2\/posts\/2070","targetHints":{"allow":["GET"]}}],"collection":[{"href":"https:\/\/kuzeyinsesi.org\/index.php\/wp-json\/wp\/v2\/posts"}],"about":[{"href":"https:\/\/kuzeyinsesi.org\/index.php\/wp-json\/wp\/v2\/types\/post"}],"author":[{"embeddable":true,"href":"https:\/\/kuzeyinsesi.org\/index.php\/wp-json\/wp\/v2\/users\/1"}],"replies":[{"embeddable":true,"href":"https:\/\/kuzeyinsesi.org\/index.php\/wp-json\/wp\/v2\/comments?post=2070"}],"version-history":[{"count":0,"href":"https:\/\/kuzeyinsesi.org\/index.php\/wp-json\/wp\/v2\/posts\/2070\/revisions"}],"wp:featuredmedia":[{"embeddable":true,"href":"https:\/\/kuzeyinsesi.org\/index.php\/wp-json\/wp\/v2\/media\/2071"}],"wp:attachment":[{"href":"https:\/\/kuzeyinsesi.org\/index.php\/wp-json\/wp\/v2\/media?parent=2070"}],"wp:term":[{"taxonomy":"category","embeddable":true,"href":"https:\/\/kuzeyinsesi.org\/index.php\/wp-json\/wp\/v2\/categories?post=2070"},{"taxonomy":"post_tag","embeddable":true,"href":"https:\/\/kuzeyinsesi.org\/index.php\/wp-json\/wp\/v2\/tags?post=2070"}],"curies":[{"name":"wp","href":"https:\/\/api.w.org\/{rel}","templated":true}]}}