{"id":20696,"date":"2025-03-11T14:02:47","date_gmt":"2025-03-11T12:02:47","guid":{"rendered":"https:\/\/kuzeyinsesi.org\/index.php\/2025\/03\/11\/iskele-kultur-sanat-gunleri-kapsaminda-tesgilat-minalayalar-zamani-filmi-gosterildi\/"},"modified":"2025-03-11T14:02:47","modified_gmt":"2025-03-11T12:02:47","slug":"iskele-kultur-sanat-gunleri-kapsaminda-tesgilat-minalayalar-zamani-filmi-gosterildi","status":"publish","type":"post","link":"https:\/\/kuzeyinsesi.org\/index.php\/2025\/03\/11\/iskele-kultur-sanat-gunleri-kapsaminda-tesgilat-minalayalar-zamani-filmi-gosterildi\/","title":{"rendered":"\u0130skele K\u00fclt\u00fcr &amp; Sanat G\u00fcnleri kapsam\u0131nda \u201cTe\u015fgilat Minalayalar Zaman\u0131\u201d filmi g\u00f6sterildi"},"content":{"rendered":"<div>\n<div class=\"mariselle-image-container center\">\n                                            <\/div>\n<p>\u0130skele Belediyesi K\u00fclt\u00fcr &amp; Sanat G\u00fcnleri kapsam\u0131nda, \u201cTe\u015fgilat Minayalar Zaman\u0131\u201d isimli film g\u00f6sterildi.<\/p>\n<p>\u0130skele Belediyesi\u2019nden verilen bilgiye g\u00f6re, film g\u00f6sterimi d\u00fcn \u0130skele Atat\u00fcrk K\u00fclt\u00fcr Merkezi\u2019nde yap\u0131ld\u0131. T\u00fcrk \u0130\u015fbirli\u011fi ve Koordinasyon Ajans\u0131 Ba\u015fkanl\u0131\u011f\u0131 (T\u0130KA) taraf\u0131ndan desteklenen, yap\u0131m\u0131 Mormenek\u015fe Kad\u0131nlar Birli\u011fi Derne\u011fince \u00fcstlenilen filmin, hikaye ve senaryosunu Mormenek\u015fe Kad\u0131nlar Birli\u011fi Derne\u011fi Ba\u015fkan\u0131 Er\u015fen Ummanel yazd\u0131. Filmin g\u00f6steriminin ard\u0131ndan \u0130skele Belediyesi K\u00fclt\u00fcr &amp; Sanat ve D\u0131\u015fili\u015fkiler Dan\u0131\u015fman\u0131 \u00d6zlem Kadira\u011fa, Ummanel\u2019e te\u015fekk\u00fcr plaketi taktim etti.<\/p>\n<p>\u00d6te yandan K\u00fclt\u00fcr &amp; Sanat G\u00fcnleri kapsam\u0131nda oyun ve \u00f6yk\u00fc yazar\u0131 Hakan Yozcu \u0130skele AKM\u2019de gen\u00e7lerle bulu\u015ftu. Etkinlikte K\u0131br\u0131s tarihi, K\u0131br\u0131s T\u00fcrk Edebiyat\u0131 ve K\u0131br\u0131s Manileri dahil olmak \u00fczere pek \u00e7ok konuda s\u00f6yle\u015fi yap\u0131ld\u0131. Yozcu, \u0130skele AKM\u2019deki s\u00f6yle\u015fisinin ard\u0131ndan kitap imza etkinli\u011fine kat\u0131ld\u0131.<\/p>\n<\/p><\/div>\n<p><script async\n                    defer\n                    crossorigin=\"anonymous\"\n                    src=\"https:\/\/connect.facebook.net\/tr_TR\/sdk.js#xfbml=1&#038;version=v3.3\"\n            ><\/script><\/p>\n","protected":false},"excerpt":{"rendered":"<p>\u0130skele Belediyesi K\u00fclt\u00fcr &amp; Sanat G\u00fcnleri kapsam\u0131nda, \u201cTe\u015fgilat Minayalar Zaman\u0131\u201d isimli film g\u00f6sterildi. \u0130skele Belediyesi\u2019nden verilen bilgiye g\u00f6re, film g\u00f6sterimi d\u00fcn \u0130skele Atat\u00fcrk K\u00fclt\u00fcr Merkezi\u2019nde yap\u0131ld\u0131. T\u00fcrk \u0130\u015fbirli\u011fi ve Koordinasyon Ajans\u0131 Ba\u015fkanl\u0131\u011f\u0131 (T\u0130KA) taraf\u0131ndan desteklenen, yap\u0131m\u0131 Mormenek\u015fe Kad\u0131nlar Birli\u011fi Derne\u011fince \u00fcstlenilen filmin, hikaye ve senaryosunu Mormenek\u015fe Kad\u0131nlar Birli\u011fi Derne\u011fi Ba\u015fkan\u0131 Er\u015fen Ummanel yazd\u0131. Filmin g\u00f6steriminin [&hellip;]<\/p>\n","protected":false},"author":1,"featured_media":20697,"comment_status":"open","ping_status":"open","sticky":false,"template":"","format":"standard","meta":{"jnews-multi-image_gallery":[],"jnews_single_post":[],"jnews_primary_category":[],"jnews_social_meta":[],"jnews_override_counter":[],"footnotes":""},"categories":[6],"tags":[],"class_list":["post-20696","post","type-post","status-publish","format-standard","has-post-thumbnail","hentry","category-yasam"],"yoast_head":"<!-- This site is optimized with the Yoast SEO plugin v27.4 - https:\/\/yoast.com\/product\/yoast-seo-wordpress\/ -->\n<title>\u0130skele K\u00fclt\u00fcr &amp; Sanat G\u00fcnleri kapsam\u0131nda \u201cTe\u015fgilat Minalayalar Zaman\u0131\u201d filmi g\u00f6sterildi - Kuzeyin Sesi<\/title>\n<meta name=\"robots\" content=\"index, follow, max-snippet:-1, max-image-preview:large, max-video-preview:-1\" \/>\n<link rel=\"canonical\" href=\"https:\/\/kuzeyinsesi.org\/index.php\/2025\/03\/11\/iskele-kultur-sanat-gunleri-kapsaminda-tesgilat-minalayalar-zamani-filmi-gosterildi\/\" \/>\n<meta property=\"og:locale\" content=\"tr_TR\" \/>\n<meta property=\"og:type\" content=\"article\" \/>\n<meta property=\"og:title\" content=\"\u0130skele K\u00fclt\u00fcr &amp; Sanat G\u00fcnleri kapsam\u0131nda \u201cTe\u015fgilat Minalayalar Zaman\u0131\u201d filmi g\u00f6sterildi - Kuzeyin Sesi\" \/>\n<meta property=\"og:description\" content=\"\u0130skele Belediyesi K\u00fclt\u00fcr &amp; Sanat G\u00fcnleri kapsam\u0131nda, \u201cTe\u015fgilat Minayalar Zaman\u0131\u201d isimli film g\u00f6sterildi. \u0130skele Belediyesi\u2019nden verilen bilgiye g\u00f6re, film g\u00f6sterimi d\u00fcn \u0130skele Atat\u00fcrk K\u00fclt\u00fcr Merkezi\u2019nde yap\u0131ld\u0131. T\u00fcrk \u0130\u015fbirli\u011fi ve Koordinasyon Ajans\u0131 Ba\u015fkanl\u0131\u011f\u0131 (T\u0130KA) taraf\u0131ndan desteklenen, yap\u0131m\u0131 Mormenek\u015fe Kad\u0131nlar Birli\u011fi Derne\u011fince \u00fcstlenilen filmin, hikaye ve senaryosunu Mormenek\u015fe Kad\u0131nlar Birli\u011fi Derne\u011fi Ba\u015fkan\u0131 Er\u015fen Ummanel yazd\u0131. Filmin g\u00f6steriminin [&hellip;]\" \/>\n<meta property=\"og:url\" content=\"https:\/\/kuzeyinsesi.org\/index.php\/2025\/03\/11\/iskele-kultur-sanat-gunleri-kapsaminda-tesgilat-minalayalar-zamani-filmi-gosterildi\/\" \/>\n<meta property=\"og:site_name\" content=\"Kuzeyin Sesi\" \/>\n<meta property=\"article:publisher\" content=\"https:\/\/www.facebook.com\/kuzeyinsesii\" \/>\n<meta property=\"article:published_time\" content=\"2025-03-11T12:02:47+00:00\" \/>\n<meta property=\"og:image\" content=\"https:\/\/brtk.net\/wp-content\/uploads\/2025\/03\/11\/DSAKDSAKL.jpg?ver=dc91d14761ea4830ef82dc973061eae1\" \/>\n<meta name=\"author\" content=\"Kuzeyin Sesi\" \/>\n<meta name=\"twitter:card\" content=\"summary_large_image\" \/>\n<meta name=\"twitter:creator\" content=\"@kuzeyinsesii\" \/>\n<meta name=\"twitter:site\" content=\"@kuzeyinsesii\" \/>\n<meta name=\"twitter:label1\" content=\"Yazan:\" \/>\n\t<meta name=\"twitter:data1\" content=\"Kuzeyin Sesi\" \/>\n\t<meta name=\"twitter:label2\" content=\"Tahmini okuma s\u00fcresi\" \/>\n\t<meta name=\"twitter:data2\" content=\"1 dakika\" \/>\n<script type=\"application\/ld+json\" class=\"yoast-schema-graph\">{\"@context\":\"https:\\\/\\\/schema.org\",\"@graph\":[{\"@type\":\"Article\",\"@id\":\"https:\\\/\\\/kuzeyinsesi.org\\\/index.php\\\/2025\\\/03\\\/11\\\/iskele-kultur-sanat-gunleri-kapsaminda-tesgilat-minalayalar-zamani-filmi-gosterildi\\\/#article\",\"isPartOf\":{\"@id\":\"https:\\\/\\\/kuzeyinsesi.org\\\/index.php\\\/2025\\\/03\\\/11\\\/iskele-kultur-sanat-gunleri-kapsaminda-tesgilat-minalayalar-zamani-filmi-gosterildi\\\/\"},\"author\":{\"name\":\"Kuzeyin Sesi\",\"@id\":\"https:\\\/\\\/kuzeyinsesi.org\\\/#\\\/schema\\\/person\\\/9f859689cdf01485597712386e37f5aa\"},\"headline\":\"\u0130skele K\u00fclt\u00fcr &amp; Sanat G\u00fcnleri kapsam\u0131nda \u201cTe\u015fgilat Minalayalar Zaman\u0131\u201d filmi g\u00f6sterildi\",\"datePublished\":\"2025-03-11T12:02:47+00:00\",\"mainEntityOfPage\":{\"@id\":\"https:\\\/\\\/kuzeyinsesi.org\\\/index.php\\\/2025\\\/03\\\/11\\\/iskele-kultur-sanat-gunleri-kapsaminda-tesgilat-minalayalar-zamani-filmi-gosterildi\\\/\"},\"wordCount\":196,\"commentCount\":0,\"image\":{\"@id\":\"https:\\\/\\\/kuzeyinsesi.org\\\/index.php\\\/2025\\\/03\\\/11\\\/iskele-kultur-sanat-gunleri-kapsaminda-tesgilat-minalayalar-zamani-filmi-gosterildi\\\/#primaryimage\"},\"thumbnailUrl\":\"https:\\\/\\\/kuzeyinsesi.org\\\/wp-content\\\/uploads\\\/2025\\\/03\\\/DSAKDSAKL.jpg\",\"articleSection\":[\"Ya\u015fam\"],\"inLanguage\":\"tr\",\"potentialAction\":[{\"@type\":\"CommentAction\",\"name\":\"Comment\",\"target\":[\"https:\\\/\\\/kuzeyinsesi.org\\\/index.php\\\/2025\\\/03\\\/11\\\/iskele-kultur-sanat-gunleri-kapsaminda-tesgilat-minalayalar-zamani-filmi-gosterildi\\\/#respond\"]}]},{\"@type\":\"WebPage\",\"@id\":\"https:\\\/\\\/kuzeyinsesi.org\\\/index.php\\\/2025\\\/03\\\/11\\\/iskele-kultur-sanat-gunleri-kapsaminda-tesgilat-minalayalar-zamani-filmi-gosterildi\\\/\",\"url\":\"https:\\\/\\\/kuzeyinsesi.org\\\/index.php\\\/2025\\\/03\\\/11\\\/iskele-kultur-sanat-gunleri-kapsaminda-tesgilat-minalayalar-zamani-filmi-gosterildi\\\/\",\"name\":\"\u0130skele K\u00fclt\u00fcr &amp; Sanat G\u00fcnleri kapsam\u0131nda \u201cTe\u015fgilat Minalayalar Zaman\u0131\u201d filmi g\u00f6sterildi - Kuzeyin Sesi\",\"isPartOf\":{\"@id\":\"https:\\\/\\\/kuzeyinsesi.org\\\/#website\"},\"primaryImageOfPage\":{\"@id\":\"https:\\\/\\\/kuzeyinsesi.org\\\/index.php\\\/2025\\\/03\\\/11\\\/iskele-kultur-sanat-gunleri-kapsaminda-tesgilat-minalayalar-zamani-filmi-gosterildi\\\/#primaryimage\"},\"image\":{\"@id\":\"https:\\\/\\\/kuzeyinsesi.org\\\/index.php\\\/2025\\\/03\\\/11\\\/iskele-kultur-sanat-gunleri-kapsaminda-tesgilat-minalayalar-zamani-filmi-gosterildi\\\/#primaryimage\"},\"thumbnailUrl\":\"https:\\\/\\\/kuzeyinsesi.org\\\/wp-content\\\/uploads\\\/2025\\\/03\\\/DSAKDSAKL.jpg\",\"datePublished\":\"2025-03-11T12:02:47+00:00\",\"author\":{\"@id\":\"https:\\\/\\\/kuzeyinsesi.org\\\/#\\\/schema\\\/person\\\/9f859689cdf01485597712386e37f5aa\"},\"breadcrumb\":{\"@id\":\"https:\\\/\\\/kuzeyinsesi.org\\\/index.php\\\/2025\\\/03\\\/11\\\/iskele-kultur-sanat-gunleri-kapsaminda-tesgilat-minalayalar-zamani-filmi-gosterildi\\\/#breadcrumb\"},\"inLanguage\":\"tr\",\"potentialAction\":[{\"@type\":\"ReadAction\",\"target\":[\"https:\\\/\\\/kuzeyinsesi.org\\\/index.php\\\/2025\\\/03\\\/11\\\/iskele-kultur-sanat-gunleri-kapsaminda-tesgilat-minalayalar-zamani-filmi-gosterildi\\\/\"]}]},{\"@type\":\"ImageObject\",\"inLanguage\":\"tr\",\"@id\":\"https:\\\/\\\/kuzeyinsesi.org\\\/index.php\\\/2025\\\/03\\\/11\\\/iskele-kultur-sanat-gunleri-kapsaminda-tesgilat-minalayalar-zamani-filmi-gosterildi\\\/#primaryimage\",\"url\":\"https:\\\/\\\/kuzeyinsesi.org\\\/wp-content\\\/uploads\\\/2025\\\/03\\\/DSAKDSAKL.jpg\",\"contentUrl\":\"https:\\\/\\\/kuzeyinsesi.org\\\/wp-content\\\/uploads\\\/2025\\\/03\\\/DSAKDSAKL.jpg\",\"width\":1620,\"height\":1080},{\"@type\":\"BreadcrumbList\",\"@id\":\"https:\\\/\\\/kuzeyinsesi.org\\\/index.php\\\/2025\\\/03\\\/11\\\/iskele-kultur-sanat-gunleri-kapsaminda-tesgilat-minalayalar-zamani-filmi-gosterildi\\\/#breadcrumb\",\"itemListElement\":[{\"@type\":\"ListItem\",\"position\":1,\"name\":\"Anasayfa\",\"item\":\"https:\\\/\\\/kuzeyinsesi.org\\\/\"},{\"@type\":\"ListItem\",\"position\":2,\"name\":\"\u0130skele K\u00fclt\u00fcr &amp; Sanat G\u00fcnleri kapsam\u0131nda \u201cTe\u015fgilat Minalayalar Zaman\u0131\u201d filmi g\u00f6sterildi\"}]},{\"@type\":\"WebSite\",\"@id\":\"https:\\\/\\\/kuzeyinsesi.org\\\/#website\",\"url\":\"https:\\\/\\\/kuzeyinsesi.org\\\/\",\"name\":\"Kuzeyin Sesi\",\"description\":\"Do\u011fru Haberin Adresi\",\"potentialAction\":[{\"@type\":\"SearchAction\",\"target\":{\"@type\":\"EntryPoint\",\"urlTemplate\":\"https:\\\/\\\/kuzeyinsesi.org\\\/?s={search_term_string}\"},\"query-input\":{\"@type\":\"PropertyValueSpecification\",\"valueRequired\":true,\"valueName\":\"search_term_string\"}}],\"inLanguage\":\"tr\"},{\"@type\":\"Person\",\"@id\":\"https:\\\/\\\/kuzeyinsesi.org\\\/#\\\/schema\\\/person\\\/9f859689cdf01485597712386e37f5aa\",\"name\":\"Kuzeyin Sesi\",\"image\":{\"@type\":\"ImageObject\",\"inLanguage\":\"tr\",\"@id\":\"https:\\\/\\\/secure.gravatar.com\\\/avatar\\\/bab33852abfd8b282518d6ed81826833d77c3c882d9ab608add591ccace47a44?s=96&d=mm&r=g\",\"url\":\"https:\\\/\\\/secure.gravatar.com\\\/avatar\\\/bab33852abfd8b282518d6ed81826833d77c3c882d9ab608add591ccace47a44?s=96&d=mm&r=g\",\"contentUrl\":\"https:\\\/\\\/secure.gravatar.com\\\/avatar\\\/bab33852abfd8b282518d6ed81826833d77c3c882d9ab608add591ccace47a44?s=96&d=mm&r=g\",\"caption\":\"Kuzeyin Sesi\"},\"sameAs\":[\"https:\\\/\\\/kuzeyinsesi.org\"],\"url\":\"https:\\\/\\\/kuzeyinsesi.org\\\/index.php\\\/author\\\/guven\\\/\"}]}<\/script>\n<!-- \/ Yoast SEO plugin. -->","yoast_head_json":{"title":"\u0130skele K\u00fclt\u00fcr &amp; Sanat G\u00fcnleri kapsam\u0131nda \u201cTe\u015fgilat Minalayalar Zaman\u0131\u201d filmi g\u00f6sterildi - Kuzeyin Sesi","robots":{"index":"index","follow":"follow","max-snippet":"max-snippet:-1","max-image-preview":"max-image-preview:large","max-video-preview":"max-video-preview:-1"},"canonical":"https:\/\/kuzeyinsesi.org\/index.php\/2025\/03\/11\/iskele-kultur-sanat-gunleri-kapsaminda-tesgilat-minalayalar-zamani-filmi-gosterildi\/","og_locale":"tr_TR","og_type":"article","og_title":"\u0130skele K\u00fclt\u00fcr &amp; Sanat G\u00fcnleri kapsam\u0131nda \u201cTe\u015fgilat Minalayalar Zaman\u0131\u201d filmi g\u00f6sterildi - Kuzeyin Sesi","og_description":"\u0130skele Belediyesi K\u00fclt\u00fcr &amp; Sanat G\u00fcnleri kapsam\u0131nda, \u201cTe\u015fgilat Minayalar Zaman\u0131\u201d isimli film g\u00f6sterildi. \u0130skele Belediyesi\u2019nden verilen bilgiye g\u00f6re, film g\u00f6sterimi d\u00fcn \u0130skele Atat\u00fcrk K\u00fclt\u00fcr Merkezi\u2019nde yap\u0131ld\u0131. T\u00fcrk \u0130\u015fbirli\u011fi ve Koordinasyon Ajans\u0131 Ba\u015fkanl\u0131\u011f\u0131 (T\u0130KA) taraf\u0131ndan desteklenen, yap\u0131m\u0131 Mormenek\u015fe Kad\u0131nlar Birli\u011fi Derne\u011fince \u00fcstlenilen filmin, hikaye ve senaryosunu Mormenek\u015fe Kad\u0131nlar Birli\u011fi Derne\u011fi Ba\u015fkan\u0131 Er\u015fen Ummanel yazd\u0131. Filmin g\u00f6steriminin [&hellip;]","og_url":"https:\/\/kuzeyinsesi.org\/index.php\/2025\/03\/11\/iskele-kultur-sanat-gunleri-kapsaminda-tesgilat-minalayalar-zamani-filmi-gosterildi\/","og_site_name":"Kuzeyin Sesi","article_publisher":"https:\/\/www.facebook.com\/kuzeyinsesii","article_published_time":"2025-03-11T12:02:47+00:00","og_image":[{"url":"https:\/\/brtk.net\/wp-content\/uploads\/2025\/03\/11\/DSAKDSAKL.jpg?ver=dc91d14761ea4830ef82dc973061eae1","type":"","width":"","height":""}],"author":"Kuzeyin Sesi","twitter_card":"summary_large_image","twitter_creator":"@kuzeyinsesii","twitter_site":"@kuzeyinsesii","twitter_misc":{"Yazan:":"Kuzeyin Sesi","Tahmini okuma s\u00fcresi":"1 dakika"},"schema":{"@context":"https:\/\/schema.org","@graph":[{"@type":"Article","@id":"https:\/\/kuzeyinsesi.org\/index.php\/2025\/03\/11\/iskele-kultur-sanat-gunleri-kapsaminda-tesgilat-minalayalar-zamani-filmi-gosterildi\/#article","isPartOf":{"@id":"https:\/\/kuzeyinsesi.org\/index.php\/2025\/03\/11\/iskele-kultur-sanat-gunleri-kapsaminda-tesgilat-minalayalar-zamani-filmi-gosterildi\/"},"author":{"name":"Kuzeyin Sesi","@id":"https:\/\/kuzeyinsesi.org\/#\/schema\/person\/9f859689cdf01485597712386e37f5aa"},"headline":"\u0130skele K\u00fclt\u00fcr &amp; Sanat G\u00fcnleri kapsam\u0131nda \u201cTe\u015fgilat Minalayalar Zaman\u0131\u201d filmi g\u00f6sterildi","datePublished":"2025-03-11T12:02:47+00:00","mainEntityOfPage":{"@id":"https:\/\/kuzeyinsesi.org\/index.php\/2025\/03\/11\/iskele-kultur-sanat-gunleri-kapsaminda-tesgilat-minalayalar-zamani-filmi-gosterildi\/"},"wordCount":196,"commentCount":0,"image":{"@id":"https:\/\/kuzeyinsesi.org\/index.php\/2025\/03\/11\/iskele-kultur-sanat-gunleri-kapsaminda-tesgilat-minalayalar-zamani-filmi-gosterildi\/#primaryimage"},"thumbnailUrl":"https:\/\/kuzeyinsesi.org\/wp-content\/uploads\/2025\/03\/DSAKDSAKL.jpg","articleSection":["Ya\u015fam"],"inLanguage":"tr","potentialAction":[{"@type":"CommentAction","name":"Comment","target":["https:\/\/kuzeyinsesi.org\/index.php\/2025\/03\/11\/iskele-kultur-sanat-gunleri-kapsaminda-tesgilat-minalayalar-zamani-filmi-gosterildi\/#respond"]}]},{"@type":"WebPage","@id":"https:\/\/kuzeyinsesi.org\/index.php\/2025\/03\/11\/iskele-kultur-sanat-gunleri-kapsaminda-tesgilat-minalayalar-zamani-filmi-gosterildi\/","url":"https:\/\/kuzeyinsesi.org\/index.php\/2025\/03\/11\/iskele-kultur-sanat-gunleri-kapsaminda-tesgilat-minalayalar-zamani-filmi-gosterildi\/","name":"\u0130skele K\u00fclt\u00fcr &amp; Sanat G\u00fcnleri kapsam\u0131nda \u201cTe\u015fgilat Minalayalar Zaman\u0131\u201d filmi g\u00f6sterildi - Kuzeyin Sesi","isPartOf":{"@id":"https:\/\/kuzeyinsesi.org\/#website"},"primaryImageOfPage":{"@id":"https:\/\/kuzeyinsesi.org\/index.php\/2025\/03\/11\/iskele-kultur-sanat-gunleri-kapsaminda-tesgilat-minalayalar-zamani-filmi-gosterildi\/#primaryimage"},"image":{"@id":"https:\/\/kuzeyinsesi.org\/index.php\/2025\/03\/11\/iskele-kultur-sanat-gunleri-kapsaminda-tesgilat-minalayalar-zamani-filmi-gosterildi\/#primaryimage"},"thumbnailUrl":"https:\/\/kuzeyinsesi.org\/wp-content\/uploads\/2025\/03\/DSAKDSAKL.jpg","datePublished":"2025-03-11T12:02:47+00:00","author":{"@id":"https:\/\/kuzeyinsesi.org\/#\/schema\/person\/9f859689cdf01485597712386e37f5aa"},"breadcrumb":{"@id":"https:\/\/kuzeyinsesi.org\/index.php\/2025\/03\/11\/iskele-kultur-sanat-gunleri-kapsaminda-tesgilat-minalayalar-zamani-filmi-gosterildi\/#breadcrumb"},"inLanguage":"tr","potentialAction":[{"@type":"ReadAction","target":["https:\/\/kuzeyinsesi.org\/index.php\/2025\/03\/11\/iskele-kultur-sanat-gunleri-kapsaminda-tesgilat-minalayalar-zamani-filmi-gosterildi\/"]}]},{"@type":"ImageObject","inLanguage":"tr","@id":"https:\/\/kuzeyinsesi.org\/index.php\/2025\/03\/11\/iskele-kultur-sanat-gunleri-kapsaminda-tesgilat-minalayalar-zamani-filmi-gosterildi\/#primaryimage","url":"https:\/\/kuzeyinsesi.org\/wp-content\/uploads\/2025\/03\/DSAKDSAKL.jpg","contentUrl":"https:\/\/kuzeyinsesi.org\/wp-content\/uploads\/2025\/03\/DSAKDSAKL.jpg","width":1620,"height":1080},{"@type":"BreadcrumbList","@id":"https:\/\/kuzeyinsesi.org\/index.php\/2025\/03\/11\/iskele-kultur-sanat-gunleri-kapsaminda-tesgilat-minalayalar-zamani-filmi-gosterildi\/#breadcrumb","itemListElement":[{"@type":"ListItem","position":1,"name":"Anasayfa","item":"https:\/\/kuzeyinsesi.org\/"},{"@type":"ListItem","position":2,"name":"\u0130skele K\u00fclt\u00fcr &amp; Sanat G\u00fcnleri kapsam\u0131nda \u201cTe\u015fgilat Minalayalar Zaman\u0131\u201d filmi g\u00f6sterildi"}]},{"@type":"WebSite","@id":"https:\/\/kuzeyinsesi.org\/#website","url":"https:\/\/kuzeyinsesi.org\/","name":"Kuzeyin Sesi","description":"Do\u011fru Haberin Adresi","potentialAction":[{"@type":"SearchAction","target":{"@type":"EntryPoint","urlTemplate":"https:\/\/kuzeyinsesi.org\/?s={search_term_string}"},"query-input":{"@type":"PropertyValueSpecification","valueRequired":true,"valueName":"search_term_string"}}],"inLanguage":"tr"},{"@type":"Person","@id":"https:\/\/kuzeyinsesi.org\/#\/schema\/person\/9f859689cdf01485597712386e37f5aa","name":"Kuzeyin Sesi","image":{"@type":"ImageObject","inLanguage":"tr","@id":"https:\/\/secure.gravatar.com\/avatar\/bab33852abfd8b282518d6ed81826833d77c3c882d9ab608add591ccace47a44?s=96&d=mm&r=g","url":"https:\/\/secure.gravatar.com\/avatar\/bab33852abfd8b282518d6ed81826833d77c3c882d9ab608add591ccace47a44?s=96&d=mm&r=g","contentUrl":"https:\/\/secure.gravatar.com\/avatar\/bab33852abfd8b282518d6ed81826833d77c3c882d9ab608add591ccace47a44?s=96&d=mm&r=g","caption":"Kuzeyin Sesi"},"sameAs":["https:\/\/kuzeyinsesi.org"],"url":"https:\/\/kuzeyinsesi.org\/index.php\/author\/guven\/"}]}},"_links":{"self":[{"href":"https:\/\/kuzeyinsesi.org\/index.php\/wp-json\/wp\/v2\/posts\/20696","targetHints":{"allow":["GET"]}}],"collection":[{"href":"https:\/\/kuzeyinsesi.org\/index.php\/wp-json\/wp\/v2\/posts"}],"about":[{"href":"https:\/\/kuzeyinsesi.org\/index.php\/wp-json\/wp\/v2\/types\/post"}],"author":[{"embeddable":true,"href":"https:\/\/kuzeyinsesi.org\/index.php\/wp-json\/wp\/v2\/users\/1"}],"replies":[{"embeddable":true,"href":"https:\/\/kuzeyinsesi.org\/index.php\/wp-json\/wp\/v2\/comments?post=20696"}],"version-history":[{"count":0,"href":"https:\/\/kuzeyinsesi.org\/index.php\/wp-json\/wp\/v2\/posts\/20696\/revisions"}],"wp:featuredmedia":[{"embeddable":true,"href":"https:\/\/kuzeyinsesi.org\/index.php\/wp-json\/wp\/v2\/media\/20697"}],"wp:attachment":[{"href":"https:\/\/kuzeyinsesi.org\/index.php\/wp-json\/wp\/v2\/media?parent=20696"}],"wp:term":[{"taxonomy":"category","embeddable":true,"href":"https:\/\/kuzeyinsesi.org\/index.php\/wp-json\/wp\/v2\/categories?post=20696"},{"taxonomy":"post_tag","embeddable":true,"href":"https:\/\/kuzeyinsesi.org\/index.php\/wp-json\/wp\/v2\/tags?post=20696"}],"curies":[{"name":"wp","href":"https:\/\/api.w.org\/{rel}","templated":true}]}}