{"id":20680,"date":"2025-03-11T12:00:20","date_gmt":"2025-03-11T10:00:20","guid":{"rendered":"https:\/\/kuzeyinsesi.org\/index.php\/2025\/03\/11\/sari-cizmeli-mehmet-aga-yuruyus-etkinligi-pazar-gunu-goceride-duzenlenecek\/"},"modified":"2025-03-11T12:00:20","modified_gmt":"2025-03-11T10:00:20","slug":"sari-cizmeli-mehmet-aga-yuruyus-etkinligi-pazar-gunu-goceride-duzenlenecek","status":"publish","type":"post","link":"https:\/\/kuzeyinsesi.org\/index.php\/2025\/03\/11\/sari-cizmeli-mehmet-aga-yuruyus-etkinligi-pazar-gunu-goceride-duzenlenecek\/","title":{"rendered":"\u201cSar\u0131 \u00c7izmeli Mehmet A\u011fa Y\u00fcr\u00fcy\u00fc\u015f Etkinli\u011fi\u201d pazar g\u00fcn\u00fc G\u00f6\u00e7eri\u2019de d\u00fczenlenecek"},"content":{"rendered":"<div>\n<div class=\"mariselle-image-container center\">\n                                            <\/div>\n<p>Sar\u0131 \u00c7izmeli Mehmet A\u011fa K\u00fclt\u00fcr ve Dayan\u0131\u015fma Derne\u011fi ile Patika Y\u00fcr\u00fcy\u00fc\u015f Grubu i\u015f birli\u011finde d\u00fczenlenecek olan \u201cSar\u0131 \u00c7izmeli Mehmet A\u011fa Y\u00fcr\u00fcy\u00fc\u015f Etkinli\u011fi\u201d pazar g\u00fcn\u00fc G\u00f6\u00e7eri\u2019de ger\u00e7ekle\u015ftirilecek.<\/p>\n<p>Etkinlik, Sar\u0131 \u00c7izmeli Mehmet A\u011fa\u2019n\u0131n kabrinin bulundu\u011fu alandan ba\u015flayacak ve kat\u0131l\u0131mc\u0131lar, saat 07.15\u2019te toplanarak, 07.30\u2019da sorumlu rehber Erdo\u011fan I\u015f\u0131k e\u015fli\u011finde 7 kilometrelik parkurda y\u00fcr\u00fcy\u00fc\u015fe \u00e7\u0131kacak.<\/p>\n<p>Sar\u0131 \u00c7izmeli Mehmet A\u011fa K\u00fclt\u00fcr ve Dayan\u0131\u015fma Derne\u011fi Ba\u015fkan\u0131 H\u00fcseyin K\u00f6ro\u011flu, T\u00fcrk Ajans\u0131 K\u0131br\u0131s\u2019a (TAK) yapt\u0131\u011f\u0131 a\u00e7\u0131klamada, etkinli\u011fe yo\u011fun kat\u0131l\u0131m beklediklerini belirterek, Sar\u0131 \u00c7izmeli Mehmet A\u011fa\u2019n\u0131n hat\u0131ras\u0131n\u0131 ya\u015fatmak ve do\u011fayla i\u00e7 i\u00e7e bir etkinlik d\u00fczenlemek amac\u0131yla bu y\u00fcr\u00fcy\u00fc\u015f\u00fc ger\u00e7ekle\u015ftirdiklerini ifade etti. K\u00f6ro\u011flu, t\u00fcm halk\u0131 etkinli\u011fe davet etti.<\/p>\n<\/p><\/div>\n<p><script async\n                    defer\n                    crossorigin=\"anonymous\"\n                    src=\"https:\/\/connect.facebook.net\/tr_TR\/sdk.js#xfbml=1&#038;version=v3.3\"\n            ><\/script><\/p>\n","protected":false},"excerpt":{"rendered":"<p>Sar\u0131 \u00c7izmeli Mehmet A\u011fa K\u00fclt\u00fcr ve Dayan\u0131\u015fma Derne\u011fi ile Patika Y\u00fcr\u00fcy\u00fc\u015f Grubu i\u015f birli\u011finde d\u00fczenlenecek olan \u201cSar\u0131 \u00c7izmeli Mehmet A\u011fa Y\u00fcr\u00fcy\u00fc\u015f Etkinli\u011fi\u201d pazar g\u00fcn\u00fc G\u00f6\u00e7eri\u2019de ger\u00e7ekle\u015ftirilecek. Etkinlik, Sar\u0131 \u00c7izmeli Mehmet A\u011fa\u2019n\u0131n kabrinin bulundu\u011fu alandan ba\u015flayacak ve kat\u0131l\u0131mc\u0131lar, saat 07.15\u2019te toplanarak, 07.30\u2019da sorumlu rehber Erdo\u011fan I\u015f\u0131k e\u015fli\u011finde 7 kilometrelik parkurda y\u00fcr\u00fcy\u00fc\u015fe \u00e7\u0131kacak. Sar\u0131 \u00c7izmeli Mehmet A\u011fa [&hellip;]<\/p>\n","protected":false},"author":1,"featured_media":20681,"comment_status":"open","ping_status":"open","sticky":false,"template":"","format":"standard","meta":{"jnews-multi-image_gallery":[],"jnews_single_post":[],"jnews_primary_category":[],"jnews_social_meta":[],"jnews_override_counter":[],"footnotes":""},"categories":[6],"tags":[],"class_list":["post-20680","post","type-post","status-publish","format-standard","has-post-thumbnail","hentry","category-yasam"],"yoast_head":"<!-- This site is optimized with the Yoast SEO plugin v27.4 - https:\/\/yoast.com\/product\/yoast-seo-wordpress\/ -->\n<title>\u201cSar\u0131 \u00c7izmeli Mehmet A\u011fa Y\u00fcr\u00fcy\u00fc\u015f Etkinli\u011fi\u201d pazar g\u00fcn\u00fc G\u00f6\u00e7eri\u2019de d\u00fczenlenecek - Kuzeyin Sesi<\/title>\n<meta name=\"robots\" content=\"index, follow, max-snippet:-1, max-image-preview:large, max-video-preview:-1\" \/>\n<link rel=\"canonical\" href=\"https:\/\/kuzeyinsesi.org\/index.php\/2025\/03\/11\/sari-cizmeli-mehmet-aga-yuruyus-etkinligi-pazar-gunu-goceride-duzenlenecek\/\" \/>\n<meta property=\"og:locale\" content=\"tr_TR\" \/>\n<meta property=\"og:type\" content=\"article\" \/>\n<meta property=\"og:title\" content=\"\u201cSar\u0131 \u00c7izmeli Mehmet A\u011fa Y\u00fcr\u00fcy\u00fc\u015f Etkinli\u011fi\u201d pazar g\u00fcn\u00fc G\u00f6\u00e7eri\u2019de d\u00fczenlenecek - Kuzeyin Sesi\" \/>\n<meta property=\"og:description\" content=\"Sar\u0131 \u00c7izmeli Mehmet A\u011fa K\u00fclt\u00fcr ve Dayan\u0131\u015fma Derne\u011fi ile Patika Y\u00fcr\u00fcy\u00fc\u015f Grubu i\u015f birli\u011finde d\u00fczenlenecek olan \u201cSar\u0131 \u00c7izmeli Mehmet A\u011fa Y\u00fcr\u00fcy\u00fc\u015f Etkinli\u011fi\u201d pazar g\u00fcn\u00fc G\u00f6\u00e7eri\u2019de ger\u00e7ekle\u015ftirilecek. Etkinlik, Sar\u0131 \u00c7izmeli Mehmet A\u011fa\u2019n\u0131n kabrinin bulundu\u011fu alandan ba\u015flayacak ve kat\u0131l\u0131mc\u0131lar, saat 07.15\u2019te toplanarak, 07.30\u2019da sorumlu rehber Erdo\u011fan I\u015f\u0131k e\u015fli\u011finde 7 kilometrelik parkurda y\u00fcr\u00fcy\u00fc\u015fe \u00e7\u0131kacak. Sar\u0131 \u00c7izmeli Mehmet A\u011fa [&hellip;]\" \/>\n<meta property=\"og:url\" content=\"https:\/\/kuzeyinsesi.org\/index.php\/2025\/03\/11\/sari-cizmeli-mehmet-aga-yuruyus-etkinligi-pazar-gunu-goceride-duzenlenecek\/\" \/>\n<meta property=\"og:site_name\" content=\"Kuzeyin Sesi\" \/>\n<meta property=\"article:publisher\" content=\"https:\/\/www.facebook.com\/kuzeyinsesii\" \/>\n<meta property=\"article:published_time\" content=\"2025-03-11T10:00:20+00:00\" \/>\n<meta property=\"og:image\" content=\"https:\/\/brtk.net\/wp-content\/uploads\/2025\/03\/11\/patika.jpg?ver=b5e1849c55a2a200e58ef4edd9178a0b\" \/>\n<meta name=\"author\" content=\"Kuzeyin Sesi\" \/>\n<meta name=\"twitter:card\" content=\"summary_large_image\" \/>\n<meta name=\"twitter:creator\" content=\"@kuzeyinsesii\" \/>\n<meta name=\"twitter:site\" content=\"@kuzeyinsesii\" \/>\n<meta name=\"twitter:label1\" content=\"Yazan:\" \/>\n\t<meta name=\"twitter:data1\" content=\"Kuzeyin Sesi\" \/>\n\t<meta name=\"twitter:label2\" content=\"Tahmini okuma s\u00fcresi\" \/>\n\t<meta name=\"twitter:data2\" content=\"1 dakika\" \/>\n<script type=\"application\/ld+json\" class=\"yoast-schema-graph\">{\"@context\":\"https:\\\/\\\/schema.org\",\"@graph\":[{\"@type\":\"Article\",\"@id\":\"https:\\\/\\\/kuzeyinsesi.org\\\/index.php\\\/2025\\\/03\\\/11\\\/sari-cizmeli-mehmet-aga-yuruyus-etkinligi-pazar-gunu-goceride-duzenlenecek\\\/#article\",\"isPartOf\":{\"@id\":\"https:\\\/\\\/kuzeyinsesi.org\\\/index.php\\\/2025\\\/03\\\/11\\\/sari-cizmeli-mehmet-aga-yuruyus-etkinligi-pazar-gunu-goceride-duzenlenecek\\\/\"},\"author\":{\"name\":\"Kuzeyin Sesi\",\"@id\":\"https:\\\/\\\/kuzeyinsesi.org\\\/#\\\/schema\\\/person\\\/9f859689cdf01485597712386e37f5aa\"},\"headline\":\"\u201cSar\u0131 \u00c7izmeli Mehmet A\u011fa Y\u00fcr\u00fcy\u00fc\u015f Etkinli\u011fi\u201d pazar g\u00fcn\u00fc G\u00f6\u00e7eri\u2019de d\u00fczenlenecek\",\"datePublished\":\"2025-03-11T10:00:20+00:00\",\"mainEntityOfPage\":{\"@id\":\"https:\\\/\\\/kuzeyinsesi.org\\\/index.php\\\/2025\\\/03\\\/11\\\/sari-cizmeli-mehmet-aga-yuruyus-etkinligi-pazar-gunu-goceride-duzenlenecek\\\/\"},\"wordCount\":184,\"commentCount\":0,\"image\":{\"@id\":\"https:\\\/\\\/kuzeyinsesi.org\\\/index.php\\\/2025\\\/03\\\/11\\\/sari-cizmeli-mehmet-aga-yuruyus-etkinligi-pazar-gunu-goceride-duzenlenecek\\\/#primaryimage\"},\"thumbnailUrl\":\"https:\\\/\\\/kuzeyinsesi.org\\\/wp-content\\\/uploads\\\/2025\\\/03\\\/patika.jpg\",\"articleSection\":[\"Ya\u015fam\"],\"inLanguage\":\"tr\",\"potentialAction\":[{\"@type\":\"CommentAction\",\"name\":\"Comment\",\"target\":[\"https:\\\/\\\/kuzeyinsesi.org\\\/index.php\\\/2025\\\/03\\\/11\\\/sari-cizmeli-mehmet-aga-yuruyus-etkinligi-pazar-gunu-goceride-duzenlenecek\\\/#respond\"]}]},{\"@type\":\"WebPage\",\"@id\":\"https:\\\/\\\/kuzeyinsesi.org\\\/index.php\\\/2025\\\/03\\\/11\\\/sari-cizmeli-mehmet-aga-yuruyus-etkinligi-pazar-gunu-goceride-duzenlenecek\\\/\",\"url\":\"https:\\\/\\\/kuzeyinsesi.org\\\/index.php\\\/2025\\\/03\\\/11\\\/sari-cizmeli-mehmet-aga-yuruyus-etkinligi-pazar-gunu-goceride-duzenlenecek\\\/\",\"name\":\"\u201cSar\u0131 \u00c7izmeli Mehmet A\u011fa Y\u00fcr\u00fcy\u00fc\u015f Etkinli\u011fi\u201d pazar g\u00fcn\u00fc G\u00f6\u00e7eri\u2019de d\u00fczenlenecek - Kuzeyin Sesi\",\"isPartOf\":{\"@id\":\"https:\\\/\\\/kuzeyinsesi.org\\\/#website\"},\"primaryImageOfPage\":{\"@id\":\"https:\\\/\\\/kuzeyinsesi.org\\\/index.php\\\/2025\\\/03\\\/11\\\/sari-cizmeli-mehmet-aga-yuruyus-etkinligi-pazar-gunu-goceride-duzenlenecek\\\/#primaryimage\"},\"image\":{\"@id\":\"https:\\\/\\\/kuzeyinsesi.org\\\/index.php\\\/2025\\\/03\\\/11\\\/sari-cizmeli-mehmet-aga-yuruyus-etkinligi-pazar-gunu-goceride-duzenlenecek\\\/#primaryimage\"},\"thumbnailUrl\":\"https:\\\/\\\/kuzeyinsesi.org\\\/wp-content\\\/uploads\\\/2025\\\/03\\\/patika.jpg\",\"datePublished\":\"2025-03-11T10:00:20+00:00\",\"author\":{\"@id\":\"https:\\\/\\\/kuzeyinsesi.org\\\/#\\\/schema\\\/person\\\/9f859689cdf01485597712386e37f5aa\"},\"breadcrumb\":{\"@id\":\"https:\\\/\\\/kuzeyinsesi.org\\\/index.php\\\/2025\\\/03\\\/11\\\/sari-cizmeli-mehmet-aga-yuruyus-etkinligi-pazar-gunu-goceride-duzenlenecek\\\/#breadcrumb\"},\"inLanguage\":\"tr\",\"potentialAction\":[{\"@type\":\"ReadAction\",\"target\":[\"https:\\\/\\\/kuzeyinsesi.org\\\/index.php\\\/2025\\\/03\\\/11\\\/sari-cizmeli-mehmet-aga-yuruyus-etkinligi-pazar-gunu-goceride-duzenlenecek\\\/\"]}]},{\"@type\":\"ImageObject\",\"inLanguage\":\"tr\",\"@id\":\"https:\\\/\\\/kuzeyinsesi.org\\\/index.php\\\/2025\\\/03\\\/11\\\/sari-cizmeli-mehmet-aga-yuruyus-etkinligi-pazar-gunu-goceride-duzenlenecek\\\/#primaryimage\",\"url\":\"https:\\\/\\\/kuzeyinsesi.org\\\/wp-content\\\/uploads\\\/2025\\\/03\\\/patika.jpg\",\"contentUrl\":\"https:\\\/\\\/kuzeyinsesi.org\\\/wp-content\\\/uploads\\\/2025\\\/03\\\/patika.jpg\",\"width\":1653,\"height\":839},{\"@type\":\"BreadcrumbList\",\"@id\":\"https:\\\/\\\/kuzeyinsesi.org\\\/index.php\\\/2025\\\/03\\\/11\\\/sari-cizmeli-mehmet-aga-yuruyus-etkinligi-pazar-gunu-goceride-duzenlenecek\\\/#breadcrumb\",\"itemListElement\":[{\"@type\":\"ListItem\",\"position\":1,\"name\":\"Anasayfa\",\"item\":\"https:\\\/\\\/kuzeyinsesi.org\\\/\"},{\"@type\":\"ListItem\",\"position\":2,\"name\":\"\u201cSar\u0131 \u00c7izmeli Mehmet A\u011fa Y\u00fcr\u00fcy\u00fc\u015f Etkinli\u011fi\u201d pazar g\u00fcn\u00fc G\u00f6\u00e7eri\u2019de d\u00fczenlenecek\"}]},{\"@type\":\"WebSite\",\"@id\":\"https:\\\/\\\/kuzeyinsesi.org\\\/#website\",\"url\":\"https:\\\/\\\/kuzeyinsesi.org\\\/\",\"name\":\"Kuzeyin Sesi\",\"description\":\"Do\u011fru Haberin Adresi\",\"potentialAction\":[{\"@type\":\"SearchAction\",\"target\":{\"@type\":\"EntryPoint\",\"urlTemplate\":\"https:\\\/\\\/kuzeyinsesi.org\\\/?s={search_term_string}\"},\"query-input\":{\"@type\":\"PropertyValueSpecification\",\"valueRequired\":true,\"valueName\":\"search_term_string\"}}],\"inLanguage\":\"tr\"},{\"@type\":\"Person\",\"@id\":\"https:\\\/\\\/kuzeyinsesi.org\\\/#\\\/schema\\\/person\\\/9f859689cdf01485597712386e37f5aa\",\"name\":\"Kuzeyin Sesi\",\"image\":{\"@type\":\"ImageObject\",\"inLanguage\":\"tr\",\"@id\":\"https:\\\/\\\/secure.gravatar.com\\\/avatar\\\/bab33852abfd8b282518d6ed81826833d77c3c882d9ab608add591ccace47a44?s=96&d=mm&r=g\",\"url\":\"https:\\\/\\\/secure.gravatar.com\\\/avatar\\\/bab33852abfd8b282518d6ed81826833d77c3c882d9ab608add591ccace47a44?s=96&d=mm&r=g\",\"contentUrl\":\"https:\\\/\\\/secure.gravatar.com\\\/avatar\\\/bab33852abfd8b282518d6ed81826833d77c3c882d9ab608add591ccace47a44?s=96&d=mm&r=g\",\"caption\":\"Kuzeyin Sesi\"},\"sameAs\":[\"https:\\\/\\\/kuzeyinsesi.org\"],\"url\":\"https:\\\/\\\/kuzeyinsesi.org\\\/index.php\\\/author\\\/guven\\\/\"}]}<\/script>\n<!-- \/ Yoast SEO plugin. -->","yoast_head_json":{"title":"\u201cSar\u0131 \u00c7izmeli Mehmet A\u011fa Y\u00fcr\u00fcy\u00fc\u015f Etkinli\u011fi\u201d pazar g\u00fcn\u00fc G\u00f6\u00e7eri\u2019de d\u00fczenlenecek - Kuzeyin Sesi","robots":{"index":"index","follow":"follow","max-snippet":"max-snippet:-1","max-image-preview":"max-image-preview:large","max-video-preview":"max-video-preview:-1"},"canonical":"https:\/\/kuzeyinsesi.org\/index.php\/2025\/03\/11\/sari-cizmeli-mehmet-aga-yuruyus-etkinligi-pazar-gunu-goceride-duzenlenecek\/","og_locale":"tr_TR","og_type":"article","og_title":"\u201cSar\u0131 \u00c7izmeli Mehmet A\u011fa Y\u00fcr\u00fcy\u00fc\u015f Etkinli\u011fi\u201d pazar g\u00fcn\u00fc G\u00f6\u00e7eri\u2019de d\u00fczenlenecek - Kuzeyin Sesi","og_description":"Sar\u0131 \u00c7izmeli Mehmet A\u011fa K\u00fclt\u00fcr ve Dayan\u0131\u015fma Derne\u011fi ile Patika Y\u00fcr\u00fcy\u00fc\u015f Grubu i\u015f birli\u011finde d\u00fczenlenecek olan \u201cSar\u0131 \u00c7izmeli Mehmet A\u011fa Y\u00fcr\u00fcy\u00fc\u015f Etkinli\u011fi\u201d pazar g\u00fcn\u00fc G\u00f6\u00e7eri\u2019de ger\u00e7ekle\u015ftirilecek. Etkinlik, Sar\u0131 \u00c7izmeli Mehmet A\u011fa\u2019n\u0131n kabrinin bulundu\u011fu alandan ba\u015flayacak ve kat\u0131l\u0131mc\u0131lar, saat 07.15\u2019te toplanarak, 07.30\u2019da sorumlu rehber Erdo\u011fan I\u015f\u0131k e\u015fli\u011finde 7 kilometrelik parkurda y\u00fcr\u00fcy\u00fc\u015fe \u00e7\u0131kacak. Sar\u0131 \u00c7izmeli Mehmet A\u011fa [&hellip;]","og_url":"https:\/\/kuzeyinsesi.org\/index.php\/2025\/03\/11\/sari-cizmeli-mehmet-aga-yuruyus-etkinligi-pazar-gunu-goceride-duzenlenecek\/","og_site_name":"Kuzeyin Sesi","article_publisher":"https:\/\/www.facebook.com\/kuzeyinsesii","article_published_time":"2025-03-11T10:00:20+00:00","og_image":[{"url":"https:\/\/brtk.net\/wp-content\/uploads\/2025\/03\/11\/patika.jpg?ver=b5e1849c55a2a200e58ef4edd9178a0b","type":"","width":"","height":""}],"author":"Kuzeyin Sesi","twitter_card":"summary_large_image","twitter_creator":"@kuzeyinsesii","twitter_site":"@kuzeyinsesii","twitter_misc":{"Yazan:":"Kuzeyin Sesi","Tahmini okuma s\u00fcresi":"1 dakika"},"schema":{"@context":"https:\/\/schema.org","@graph":[{"@type":"Article","@id":"https:\/\/kuzeyinsesi.org\/index.php\/2025\/03\/11\/sari-cizmeli-mehmet-aga-yuruyus-etkinligi-pazar-gunu-goceride-duzenlenecek\/#article","isPartOf":{"@id":"https:\/\/kuzeyinsesi.org\/index.php\/2025\/03\/11\/sari-cizmeli-mehmet-aga-yuruyus-etkinligi-pazar-gunu-goceride-duzenlenecek\/"},"author":{"name":"Kuzeyin Sesi","@id":"https:\/\/kuzeyinsesi.org\/#\/schema\/person\/9f859689cdf01485597712386e37f5aa"},"headline":"\u201cSar\u0131 \u00c7izmeli Mehmet A\u011fa Y\u00fcr\u00fcy\u00fc\u015f Etkinli\u011fi\u201d pazar g\u00fcn\u00fc G\u00f6\u00e7eri\u2019de d\u00fczenlenecek","datePublished":"2025-03-11T10:00:20+00:00","mainEntityOfPage":{"@id":"https:\/\/kuzeyinsesi.org\/index.php\/2025\/03\/11\/sari-cizmeli-mehmet-aga-yuruyus-etkinligi-pazar-gunu-goceride-duzenlenecek\/"},"wordCount":184,"commentCount":0,"image":{"@id":"https:\/\/kuzeyinsesi.org\/index.php\/2025\/03\/11\/sari-cizmeli-mehmet-aga-yuruyus-etkinligi-pazar-gunu-goceride-duzenlenecek\/#primaryimage"},"thumbnailUrl":"https:\/\/kuzeyinsesi.org\/wp-content\/uploads\/2025\/03\/patika.jpg","articleSection":["Ya\u015fam"],"inLanguage":"tr","potentialAction":[{"@type":"CommentAction","name":"Comment","target":["https:\/\/kuzeyinsesi.org\/index.php\/2025\/03\/11\/sari-cizmeli-mehmet-aga-yuruyus-etkinligi-pazar-gunu-goceride-duzenlenecek\/#respond"]}]},{"@type":"WebPage","@id":"https:\/\/kuzeyinsesi.org\/index.php\/2025\/03\/11\/sari-cizmeli-mehmet-aga-yuruyus-etkinligi-pazar-gunu-goceride-duzenlenecek\/","url":"https:\/\/kuzeyinsesi.org\/index.php\/2025\/03\/11\/sari-cizmeli-mehmet-aga-yuruyus-etkinligi-pazar-gunu-goceride-duzenlenecek\/","name":"\u201cSar\u0131 \u00c7izmeli Mehmet A\u011fa Y\u00fcr\u00fcy\u00fc\u015f Etkinli\u011fi\u201d pazar g\u00fcn\u00fc G\u00f6\u00e7eri\u2019de d\u00fczenlenecek - Kuzeyin Sesi","isPartOf":{"@id":"https:\/\/kuzeyinsesi.org\/#website"},"primaryImageOfPage":{"@id":"https:\/\/kuzeyinsesi.org\/index.php\/2025\/03\/11\/sari-cizmeli-mehmet-aga-yuruyus-etkinligi-pazar-gunu-goceride-duzenlenecek\/#primaryimage"},"image":{"@id":"https:\/\/kuzeyinsesi.org\/index.php\/2025\/03\/11\/sari-cizmeli-mehmet-aga-yuruyus-etkinligi-pazar-gunu-goceride-duzenlenecek\/#primaryimage"},"thumbnailUrl":"https:\/\/kuzeyinsesi.org\/wp-content\/uploads\/2025\/03\/patika.jpg","datePublished":"2025-03-11T10:00:20+00:00","author":{"@id":"https:\/\/kuzeyinsesi.org\/#\/schema\/person\/9f859689cdf01485597712386e37f5aa"},"breadcrumb":{"@id":"https:\/\/kuzeyinsesi.org\/index.php\/2025\/03\/11\/sari-cizmeli-mehmet-aga-yuruyus-etkinligi-pazar-gunu-goceride-duzenlenecek\/#breadcrumb"},"inLanguage":"tr","potentialAction":[{"@type":"ReadAction","target":["https:\/\/kuzeyinsesi.org\/index.php\/2025\/03\/11\/sari-cizmeli-mehmet-aga-yuruyus-etkinligi-pazar-gunu-goceride-duzenlenecek\/"]}]},{"@type":"ImageObject","inLanguage":"tr","@id":"https:\/\/kuzeyinsesi.org\/index.php\/2025\/03\/11\/sari-cizmeli-mehmet-aga-yuruyus-etkinligi-pazar-gunu-goceride-duzenlenecek\/#primaryimage","url":"https:\/\/kuzeyinsesi.org\/wp-content\/uploads\/2025\/03\/patika.jpg","contentUrl":"https:\/\/kuzeyinsesi.org\/wp-content\/uploads\/2025\/03\/patika.jpg","width":1653,"height":839},{"@type":"BreadcrumbList","@id":"https:\/\/kuzeyinsesi.org\/index.php\/2025\/03\/11\/sari-cizmeli-mehmet-aga-yuruyus-etkinligi-pazar-gunu-goceride-duzenlenecek\/#breadcrumb","itemListElement":[{"@type":"ListItem","position":1,"name":"Anasayfa","item":"https:\/\/kuzeyinsesi.org\/"},{"@type":"ListItem","position":2,"name":"\u201cSar\u0131 \u00c7izmeli Mehmet A\u011fa Y\u00fcr\u00fcy\u00fc\u015f Etkinli\u011fi\u201d pazar g\u00fcn\u00fc G\u00f6\u00e7eri\u2019de d\u00fczenlenecek"}]},{"@type":"WebSite","@id":"https:\/\/kuzeyinsesi.org\/#website","url":"https:\/\/kuzeyinsesi.org\/","name":"Kuzeyin Sesi","description":"Do\u011fru Haberin Adresi","potentialAction":[{"@type":"SearchAction","target":{"@type":"EntryPoint","urlTemplate":"https:\/\/kuzeyinsesi.org\/?s={search_term_string}"},"query-input":{"@type":"PropertyValueSpecification","valueRequired":true,"valueName":"search_term_string"}}],"inLanguage":"tr"},{"@type":"Person","@id":"https:\/\/kuzeyinsesi.org\/#\/schema\/person\/9f859689cdf01485597712386e37f5aa","name":"Kuzeyin Sesi","image":{"@type":"ImageObject","inLanguage":"tr","@id":"https:\/\/secure.gravatar.com\/avatar\/bab33852abfd8b282518d6ed81826833d77c3c882d9ab608add591ccace47a44?s=96&d=mm&r=g","url":"https:\/\/secure.gravatar.com\/avatar\/bab33852abfd8b282518d6ed81826833d77c3c882d9ab608add591ccace47a44?s=96&d=mm&r=g","contentUrl":"https:\/\/secure.gravatar.com\/avatar\/bab33852abfd8b282518d6ed81826833d77c3c882d9ab608add591ccace47a44?s=96&d=mm&r=g","caption":"Kuzeyin Sesi"},"sameAs":["https:\/\/kuzeyinsesi.org"],"url":"https:\/\/kuzeyinsesi.org\/index.php\/author\/guven\/"}]}},"_links":{"self":[{"href":"https:\/\/kuzeyinsesi.org\/index.php\/wp-json\/wp\/v2\/posts\/20680","targetHints":{"allow":["GET"]}}],"collection":[{"href":"https:\/\/kuzeyinsesi.org\/index.php\/wp-json\/wp\/v2\/posts"}],"about":[{"href":"https:\/\/kuzeyinsesi.org\/index.php\/wp-json\/wp\/v2\/types\/post"}],"author":[{"embeddable":true,"href":"https:\/\/kuzeyinsesi.org\/index.php\/wp-json\/wp\/v2\/users\/1"}],"replies":[{"embeddable":true,"href":"https:\/\/kuzeyinsesi.org\/index.php\/wp-json\/wp\/v2\/comments?post=20680"}],"version-history":[{"count":0,"href":"https:\/\/kuzeyinsesi.org\/index.php\/wp-json\/wp\/v2\/posts\/20680\/revisions"}],"wp:featuredmedia":[{"embeddable":true,"href":"https:\/\/kuzeyinsesi.org\/index.php\/wp-json\/wp\/v2\/media\/20681"}],"wp:attachment":[{"href":"https:\/\/kuzeyinsesi.org\/index.php\/wp-json\/wp\/v2\/media?parent=20680"}],"wp:term":[{"taxonomy":"category","embeddable":true,"href":"https:\/\/kuzeyinsesi.org\/index.php\/wp-json\/wp\/v2\/categories?post=20680"},{"taxonomy":"post_tag","embeddable":true,"href":"https:\/\/kuzeyinsesi.org\/index.php\/wp-json\/wp\/v2\/tags?post=20680"}],"curies":[{"name":"wp","href":"https:\/\/api.w.org\/{rel}","templated":true}]}}