{"id":20670,"date":"2025-03-11T10:59:12","date_gmt":"2025-03-11T08:59:12","guid":{"rendered":"https:\/\/kuzeyinsesi.org\/index.php\/2025\/03\/11\/girne-belediyesi-turk-sanat-muzigi-toplulugundan-iki-konser\/"},"modified":"2025-03-11T10:59:12","modified_gmt":"2025-03-11T08:59:12","slug":"girne-belediyesi-turk-sanat-muzigi-toplulugundan-iki-konser","status":"publish","type":"post","link":"https:\/\/kuzeyinsesi.org\/index.php\/2025\/03\/11\/girne-belediyesi-turk-sanat-muzigi-toplulugundan-iki-konser\/","title":{"rendered":"Girne Belediyesi T\u00fcrk Sanat M\u00fczi\u011fi Toplulu\u011fu\u2019ndan iki konser"},"content":{"rendered":"<div>\n<div class=\"mariselle-image-container center\">\n                                            <\/div>\n<p> Girne Belediyesi T\u00fcrk Sanat M\u00fczi\u011fi Toplulu\u011fu, 6 ve 7 Nisan\u2019da Girne\u2019de konser verecek.<\/p>\n<p>Girne Belediyesi\u2019nden verilen bilgiye g\u00f6re, \u201cH\u00fcz\u00fcn\u201d isimli iki konser, Girne Belediyesi Oda Tiyatrosu\u2019nda sahnelenecek. <\/p>\n<p>Girne Belediyesi T\u00fcrk Sanat M\u00fczi\u011fi Toplulu\u011fu, \u015eef \u0130hsan G\u00fcrel\u2019in y\u00f6netiminde sahne alacak. Konserler saat 20.00\u2019de ba\u015flayacak, etkinlik davetiyeleri Girne Belediyesi Dan\u0131\u015fma Birimi\u2019nden temin edilebilir.<\/p>\n<\/p><\/div>\n<p><script async\n                    defer\n                    crossorigin=\"anonymous\"\n                    src=\"https:\/\/connect.facebook.net\/tr_TR\/sdk.js#xfbml=1&#038;version=v3.3\"\n            ><\/script><\/p>\n","protected":false},"excerpt":{"rendered":"<p>Girne Belediyesi T\u00fcrk Sanat M\u00fczi\u011fi Toplulu\u011fu, 6 ve 7 Nisan\u2019da Girne\u2019de konser verecek. Girne Belediyesi\u2019nden verilen bilgiye g\u00f6re, \u201cH\u00fcz\u00fcn\u201d isimli iki konser, Girne Belediyesi Oda Tiyatrosu\u2019nda sahnelenecek. Girne Belediyesi T\u00fcrk Sanat M\u00fczi\u011fi Toplulu\u011fu, \u015eef \u0130hsan G\u00fcrel\u2019in y\u00f6netiminde sahne alacak. Konserler saat 20.00\u2019de ba\u015flayacak, etkinlik davetiyeleri Girne Belediyesi Dan\u0131\u015fma Birimi\u2019nden temin edilebilir.<\/p>\n","protected":false},"author":1,"featured_media":20671,"comment_status":"open","ping_status":"open","sticky":false,"template":"","format":"standard","meta":{"jnews-multi-image_gallery":[],"jnews_single_post":[],"jnews_primary_category":[],"jnews_social_meta":[],"jnews_override_counter":[],"footnotes":""},"categories":[6],"tags":[],"class_list":["post-20670","post","type-post","status-publish","format-standard","has-post-thumbnail","hentry","category-yasam"],"yoast_head":"<!-- This site is optimized with the Yoast SEO plugin v27.4 - https:\/\/yoast.com\/product\/yoast-seo-wordpress\/ -->\n<title>Girne Belediyesi T\u00fcrk Sanat M\u00fczi\u011fi Toplulu\u011fu\u2019ndan iki konser - Kuzeyin Sesi<\/title>\n<meta name=\"robots\" content=\"index, follow, max-snippet:-1, max-image-preview:large, max-video-preview:-1\" \/>\n<link rel=\"canonical\" href=\"https:\/\/kuzeyinsesi.org\/index.php\/2025\/03\/11\/girne-belediyesi-turk-sanat-muzigi-toplulugundan-iki-konser\/\" \/>\n<meta property=\"og:locale\" content=\"tr_TR\" \/>\n<meta property=\"og:type\" content=\"article\" \/>\n<meta property=\"og:title\" content=\"Girne Belediyesi T\u00fcrk Sanat M\u00fczi\u011fi Toplulu\u011fu\u2019ndan iki konser - Kuzeyin Sesi\" \/>\n<meta property=\"og:description\" content=\"Girne Belediyesi T\u00fcrk Sanat M\u00fczi\u011fi Toplulu\u011fu, 6 ve 7 Nisan\u2019da Girne\u2019de konser verecek. Girne Belediyesi\u2019nden verilen bilgiye g\u00f6re, \u201cH\u00fcz\u00fcn\u201d isimli iki konser, Girne Belediyesi Oda Tiyatrosu\u2019nda sahnelenecek. Girne Belediyesi T\u00fcrk Sanat M\u00fczi\u011fi Toplulu\u011fu, \u015eef \u0130hsan G\u00fcrel\u2019in y\u00f6netiminde sahne alacak. Konserler saat 20.00\u2019de ba\u015flayacak, etkinlik davetiyeleri Girne Belediyesi Dan\u0131\u015fma Birimi\u2019nden temin edilebilir.\" \/>\n<meta property=\"og:url\" content=\"https:\/\/kuzeyinsesi.org\/index.php\/2025\/03\/11\/girne-belediyesi-turk-sanat-muzigi-toplulugundan-iki-konser\/\" \/>\n<meta property=\"og:site_name\" content=\"Kuzeyin Sesi\" \/>\n<meta property=\"article:publisher\" content=\"https:\/\/www.facebook.com\/kuzeyinsesii\" \/>\n<meta property=\"article:published_time\" content=\"2025-03-11T08:59:12+00:00\" \/>\n<meta property=\"og:image\" content=\"https:\/\/brtk.net\/wp-content\/uploads\/2025\/03\/11\/af24444444444444.webp?ver=a3e2653cfca30421066201ea32a62c43\" \/>\n<meta name=\"author\" content=\"Kuzeyin Sesi\" \/>\n<meta name=\"twitter:card\" content=\"summary_large_image\" \/>\n<meta name=\"twitter:creator\" content=\"@kuzeyinsesii\" \/>\n<meta name=\"twitter:site\" content=\"@kuzeyinsesii\" \/>\n<meta name=\"twitter:label1\" content=\"Yazan:\" \/>\n\t<meta name=\"twitter:data1\" content=\"Kuzeyin Sesi\" \/>\n<script type=\"application\/ld+json\" class=\"yoast-schema-graph\">{\"@context\":\"https:\\\/\\\/schema.org\",\"@graph\":[{\"@type\":\"Article\",\"@id\":\"https:\\\/\\\/kuzeyinsesi.org\\\/index.php\\\/2025\\\/03\\\/11\\\/girne-belediyesi-turk-sanat-muzigi-toplulugundan-iki-konser\\\/#article\",\"isPartOf\":{\"@id\":\"https:\\\/\\\/kuzeyinsesi.org\\\/index.php\\\/2025\\\/03\\\/11\\\/girne-belediyesi-turk-sanat-muzigi-toplulugundan-iki-konser\\\/\"},\"author\":{\"name\":\"Kuzeyin Sesi\",\"@id\":\"https:\\\/\\\/kuzeyinsesi.org\\\/#\\\/schema\\\/person\\\/9f859689cdf01485597712386e37f5aa\"},\"headline\":\"Girne Belediyesi T\u00fcrk Sanat M\u00fczi\u011fi Toplulu\u011fu\u2019ndan iki konser\",\"datePublished\":\"2025-03-11T08:59:12+00:00\",\"mainEntityOfPage\":{\"@id\":\"https:\\\/\\\/kuzeyinsesi.org\\\/index.php\\\/2025\\\/03\\\/11\\\/girne-belediyesi-turk-sanat-muzigi-toplulugundan-iki-konser\\\/\"},\"wordCount\":83,\"commentCount\":0,\"image\":{\"@id\":\"https:\\\/\\\/kuzeyinsesi.org\\\/index.php\\\/2025\\\/03\\\/11\\\/girne-belediyesi-turk-sanat-muzigi-toplulugundan-iki-konser\\\/#primaryimage\"},\"thumbnailUrl\":\"https:\\\/\\\/kuzeyinsesi.org\\\/wp-content\\\/uploads\\\/2025\\\/03\\\/af24444444444444.webp.webp\",\"articleSection\":[\"Ya\u015fam\"],\"inLanguage\":\"tr\",\"potentialAction\":[{\"@type\":\"CommentAction\",\"name\":\"Comment\",\"target\":[\"https:\\\/\\\/kuzeyinsesi.org\\\/index.php\\\/2025\\\/03\\\/11\\\/girne-belediyesi-turk-sanat-muzigi-toplulugundan-iki-konser\\\/#respond\"]}]},{\"@type\":\"WebPage\",\"@id\":\"https:\\\/\\\/kuzeyinsesi.org\\\/index.php\\\/2025\\\/03\\\/11\\\/girne-belediyesi-turk-sanat-muzigi-toplulugundan-iki-konser\\\/\",\"url\":\"https:\\\/\\\/kuzeyinsesi.org\\\/index.php\\\/2025\\\/03\\\/11\\\/girne-belediyesi-turk-sanat-muzigi-toplulugundan-iki-konser\\\/\",\"name\":\"Girne Belediyesi T\u00fcrk Sanat M\u00fczi\u011fi Toplulu\u011fu\u2019ndan iki konser - Kuzeyin Sesi\",\"isPartOf\":{\"@id\":\"https:\\\/\\\/kuzeyinsesi.org\\\/#website\"},\"primaryImageOfPage\":{\"@id\":\"https:\\\/\\\/kuzeyinsesi.org\\\/index.php\\\/2025\\\/03\\\/11\\\/girne-belediyesi-turk-sanat-muzigi-toplulugundan-iki-konser\\\/#primaryimage\"},\"image\":{\"@id\":\"https:\\\/\\\/kuzeyinsesi.org\\\/index.php\\\/2025\\\/03\\\/11\\\/girne-belediyesi-turk-sanat-muzigi-toplulugundan-iki-konser\\\/#primaryimage\"},\"thumbnailUrl\":\"https:\\\/\\\/kuzeyinsesi.org\\\/wp-content\\\/uploads\\\/2025\\\/03\\\/af24444444444444.webp.webp\",\"datePublished\":\"2025-03-11T08:59:12+00:00\",\"author\":{\"@id\":\"https:\\\/\\\/kuzeyinsesi.org\\\/#\\\/schema\\\/person\\\/9f859689cdf01485597712386e37f5aa\"},\"breadcrumb\":{\"@id\":\"https:\\\/\\\/kuzeyinsesi.org\\\/index.php\\\/2025\\\/03\\\/11\\\/girne-belediyesi-turk-sanat-muzigi-toplulugundan-iki-konser\\\/#breadcrumb\"},\"inLanguage\":\"tr\",\"potentialAction\":[{\"@type\":\"ReadAction\",\"target\":[\"https:\\\/\\\/kuzeyinsesi.org\\\/index.php\\\/2025\\\/03\\\/11\\\/girne-belediyesi-turk-sanat-muzigi-toplulugundan-iki-konser\\\/\"]}]},{\"@type\":\"ImageObject\",\"inLanguage\":\"tr\",\"@id\":\"https:\\\/\\\/kuzeyinsesi.org\\\/index.php\\\/2025\\\/03\\\/11\\\/girne-belediyesi-turk-sanat-muzigi-toplulugundan-iki-konser\\\/#primaryimage\",\"url\":\"https:\\\/\\\/kuzeyinsesi.org\\\/wp-content\\\/uploads\\\/2025\\\/03\\\/af24444444444444.webp.webp\",\"contentUrl\":\"https:\\\/\\\/kuzeyinsesi.org\\\/wp-content\\\/uploads\\\/2025\\\/03\\\/af24444444444444.webp.webp\",\"width\":1280,\"height\":720},{\"@type\":\"BreadcrumbList\",\"@id\":\"https:\\\/\\\/kuzeyinsesi.org\\\/index.php\\\/2025\\\/03\\\/11\\\/girne-belediyesi-turk-sanat-muzigi-toplulugundan-iki-konser\\\/#breadcrumb\",\"itemListElement\":[{\"@type\":\"ListItem\",\"position\":1,\"name\":\"Anasayfa\",\"item\":\"https:\\\/\\\/kuzeyinsesi.org\\\/\"},{\"@type\":\"ListItem\",\"position\":2,\"name\":\"Girne Belediyesi T\u00fcrk Sanat M\u00fczi\u011fi Toplulu\u011fu\u2019ndan iki konser\"}]},{\"@type\":\"WebSite\",\"@id\":\"https:\\\/\\\/kuzeyinsesi.org\\\/#website\",\"url\":\"https:\\\/\\\/kuzeyinsesi.org\\\/\",\"name\":\"Kuzeyin Sesi\",\"description\":\"Do\u011fru Haberin Adresi\",\"potentialAction\":[{\"@type\":\"SearchAction\",\"target\":{\"@type\":\"EntryPoint\",\"urlTemplate\":\"https:\\\/\\\/kuzeyinsesi.org\\\/?s={search_term_string}\"},\"query-input\":{\"@type\":\"PropertyValueSpecification\",\"valueRequired\":true,\"valueName\":\"search_term_string\"}}],\"inLanguage\":\"tr\"},{\"@type\":\"Person\",\"@id\":\"https:\\\/\\\/kuzeyinsesi.org\\\/#\\\/schema\\\/person\\\/9f859689cdf01485597712386e37f5aa\",\"name\":\"Kuzeyin Sesi\",\"image\":{\"@type\":\"ImageObject\",\"inLanguage\":\"tr\",\"@id\":\"https:\\\/\\\/secure.gravatar.com\\\/avatar\\\/bab33852abfd8b282518d6ed81826833d77c3c882d9ab608add591ccace47a44?s=96&d=mm&r=g\",\"url\":\"https:\\\/\\\/secure.gravatar.com\\\/avatar\\\/bab33852abfd8b282518d6ed81826833d77c3c882d9ab608add591ccace47a44?s=96&d=mm&r=g\",\"contentUrl\":\"https:\\\/\\\/secure.gravatar.com\\\/avatar\\\/bab33852abfd8b282518d6ed81826833d77c3c882d9ab608add591ccace47a44?s=96&d=mm&r=g\",\"caption\":\"Kuzeyin Sesi\"},\"sameAs\":[\"https:\\\/\\\/kuzeyinsesi.org\"],\"url\":\"https:\\\/\\\/kuzeyinsesi.org\\\/index.php\\\/author\\\/guven\\\/\"}]}<\/script>\n<!-- \/ Yoast SEO plugin. -->","yoast_head_json":{"title":"Girne Belediyesi T\u00fcrk Sanat M\u00fczi\u011fi Toplulu\u011fu\u2019ndan iki konser - Kuzeyin Sesi","robots":{"index":"index","follow":"follow","max-snippet":"max-snippet:-1","max-image-preview":"max-image-preview:large","max-video-preview":"max-video-preview:-1"},"canonical":"https:\/\/kuzeyinsesi.org\/index.php\/2025\/03\/11\/girne-belediyesi-turk-sanat-muzigi-toplulugundan-iki-konser\/","og_locale":"tr_TR","og_type":"article","og_title":"Girne Belediyesi T\u00fcrk Sanat M\u00fczi\u011fi Toplulu\u011fu\u2019ndan iki konser - Kuzeyin Sesi","og_description":"Girne Belediyesi T\u00fcrk Sanat M\u00fczi\u011fi Toplulu\u011fu, 6 ve 7 Nisan\u2019da Girne\u2019de konser verecek. Girne Belediyesi\u2019nden verilen bilgiye g\u00f6re, \u201cH\u00fcz\u00fcn\u201d isimli iki konser, Girne Belediyesi Oda Tiyatrosu\u2019nda sahnelenecek. Girne Belediyesi T\u00fcrk Sanat M\u00fczi\u011fi Toplulu\u011fu, \u015eef \u0130hsan G\u00fcrel\u2019in y\u00f6netiminde sahne alacak. Konserler saat 20.00\u2019de ba\u015flayacak, etkinlik davetiyeleri Girne Belediyesi Dan\u0131\u015fma Birimi\u2019nden temin edilebilir.","og_url":"https:\/\/kuzeyinsesi.org\/index.php\/2025\/03\/11\/girne-belediyesi-turk-sanat-muzigi-toplulugundan-iki-konser\/","og_site_name":"Kuzeyin Sesi","article_publisher":"https:\/\/www.facebook.com\/kuzeyinsesii","article_published_time":"2025-03-11T08:59:12+00:00","og_image":[{"url":"https:\/\/brtk.net\/wp-content\/uploads\/2025\/03\/11\/af24444444444444.webp?ver=a3e2653cfca30421066201ea32a62c43","type":"","width":"","height":""}],"author":"Kuzeyin Sesi","twitter_card":"summary_large_image","twitter_creator":"@kuzeyinsesii","twitter_site":"@kuzeyinsesii","twitter_misc":{"Yazan:":"Kuzeyin Sesi"},"schema":{"@context":"https:\/\/schema.org","@graph":[{"@type":"Article","@id":"https:\/\/kuzeyinsesi.org\/index.php\/2025\/03\/11\/girne-belediyesi-turk-sanat-muzigi-toplulugundan-iki-konser\/#article","isPartOf":{"@id":"https:\/\/kuzeyinsesi.org\/index.php\/2025\/03\/11\/girne-belediyesi-turk-sanat-muzigi-toplulugundan-iki-konser\/"},"author":{"name":"Kuzeyin Sesi","@id":"https:\/\/kuzeyinsesi.org\/#\/schema\/person\/9f859689cdf01485597712386e37f5aa"},"headline":"Girne Belediyesi T\u00fcrk Sanat M\u00fczi\u011fi Toplulu\u011fu\u2019ndan iki konser","datePublished":"2025-03-11T08:59:12+00:00","mainEntityOfPage":{"@id":"https:\/\/kuzeyinsesi.org\/index.php\/2025\/03\/11\/girne-belediyesi-turk-sanat-muzigi-toplulugundan-iki-konser\/"},"wordCount":83,"commentCount":0,"image":{"@id":"https:\/\/kuzeyinsesi.org\/index.php\/2025\/03\/11\/girne-belediyesi-turk-sanat-muzigi-toplulugundan-iki-konser\/#primaryimage"},"thumbnailUrl":"https:\/\/kuzeyinsesi.org\/wp-content\/uploads\/2025\/03\/af24444444444444.webp.webp","articleSection":["Ya\u015fam"],"inLanguage":"tr","potentialAction":[{"@type":"CommentAction","name":"Comment","target":["https:\/\/kuzeyinsesi.org\/index.php\/2025\/03\/11\/girne-belediyesi-turk-sanat-muzigi-toplulugundan-iki-konser\/#respond"]}]},{"@type":"WebPage","@id":"https:\/\/kuzeyinsesi.org\/index.php\/2025\/03\/11\/girne-belediyesi-turk-sanat-muzigi-toplulugundan-iki-konser\/","url":"https:\/\/kuzeyinsesi.org\/index.php\/2025\/03\/11\/girne-belediyesi-turk-sanat-muzigi-toplulugundan-iki-konser\/","name":"Girne Belediyesi T\u00fcrk Sanat M\u00fczi\u011fi Toplulu\u011fu\u2019ndan iki konser - Kuzeyin Sesi","isPartOf":{"@id":"https:\/\/kuzeyinsesi.org\/#website"},"primaryImageOfPage":{"@id":"https:\/\/kuzeyinsesi.org\/index.php\/2025\/03\/11\/girne-belediyesi-turk-sanat-muzigi-toplulugundan-iki-konser\/#primaryimage"},"image":{"@id":"https:\/\/kuzeyinsesi.org\/index.php\/2025\/03\/11\/girne-belediyesi-turk-sanat-muzigi-toplulugundan-iki-konser\/#primaryimage"},"thumbnailUrl":"https:\/\/kuzeyinsesi.org\/wp-content\/uploads\/2025\/03\/af24444444444444.webp.webp","datePublished":"2025-03-11T08:59:12+00:00","author":{"@id":"https:\/\/kuzeyinsesi.org\/#\/schema\/person\/9f859689cdf01485597712386e37f5aa"},"breadcrumb":{"@id":"https:\/\/kuzeyinsesi.org\/index.php\/2025\/03\/11\/girne-belediyesi-turk-sanat-muzigi-toplulugundan-iki-konser\/#breadcrumb"},"inLanguage":"tr","potentialAction":[{"@type":"ReadAction","target":["https:\/\/kuzeyinsesi.org\/index.php\/2025\/03\/11\/girne-belediyesi-turk-sanat-muzigi-toplulugundan-iki-konser\/"]}]},{"@type":"ImageObject","inLanguage":"tr","@id":"https:\/\/kuzeyinsesi.org\/index.php\/2025\/03\/11\/girne-belediyesi-turk-sanat-muzigi-toplulugundan-iki-konser\/#primaryimage","url":"https:\/\/kuzeyinsesi.org\/wp-content\/uploads\/2025\/03\/af24444444444444.webp.webp","contentUrl":"https:\/\/kuzeyinsesi.org\/wp-content\/uploads\/2025\/03\/af24444444444444.webp.webp","width":1280,"height":720},{"@type":"BreadcrumbList","@id":"https:\/\/kuzeyinsesi.org\/index.php\/2025\/03\/11\/girne-belediyesi-turk-sanat-muzigi-toplulugundan-iki-konser\/#breadcrumb","itemListElement":[{"@type":"ListItem","position":1,"name":"Anasayfa","item":"https:\/\/kuzeyinsesi.org\/"},{"@type":"ListItem","position":2,"name":"Girne Belediyesi T\u00fcrk Sanat M\u00fczi\u011fi Toplulu\u011fu\u2019ndan iki konser"}]},{"@type":"WebSite","@id":"https:\/\/kuzeyinsesi.org\/#website","url":"https:\/\/kuzeyinsesi.org\/","name":"Kuzeyin Sesi","description":"Do\u011fru Haberin Adresi","potentialAction":[{"@type":"SearchAction","target":{"@type":"EntryPoint","urlTemplate":"https:\/\/kuzeyinsesi.org\/?s={search_term_string}"},"query-input":{"@type":"PropertyValueSpecification","valueRequired":true,"valueName":"search_term_string"}}],"inLanguage":"tr"},{"@type":"Person","@id":"https:\/\/kuzeyinsesi.org\/#\/schema\/person\/9f859689cdf01485597712386e37f5aa","name":"Kuzeyin Sesi","image":{"@type":"ImageObject","inLanguage":"tr","@id":"https:\/\/secure.gravatar.com\/avatar\/bab33852abfd8b282518d6ed81826833d77c3c882d9ab608add591ccace47a44?s=96&d=mm&r=g","url":"https:\/\/secure.gravatar.com\/avatar\/bab33852abfd8b282518d6ed81826833d77c3c882d9ab608add591ccace47a44?s=96&d=mm&r=g","contentUrl":"https:\/\/secure.gravatar.com\/avatar\/bab33852abfd8b282518d6ed81826833d77c3c882d9ab608add591ccace47a44?s=96&d=mm&r=g","caption":"Kuzeyin Sesi"},"sameAs":["https:\/\/kuzeyinsesi.org"],"url":"https:\/\/kuzeyinsesi.org\/index.php\/author\/guven\/"}]}},"_links":{"self":[{"href":"https:\/\/kuzeyinsesi.org\/index.php\/wp-json\/wp\/v2\/posts\/20670","targetHints":{"allow":["GET"]}}],"collection":[{"href":"https:\/\/kuzeyinsesi.org\/index.php\/wp-json\/wp\/v2\/posts"}],"about":[{"href":"https:\/\/kuzeyinsesi.org\/index.php\/wp-json\/wp\/v2\/types\/post"}],"author":[{"embeddable":true,"href":"https:\/\/kuzeyinsesi.org\/index.php\/wp-json\/wp\/v2\/users\/1"}],"replies":[{"embeddable":true,"href":"https:\/\/kuzeyinsesi.org\/index.php\/wp-json\/wp\/v2\/comments?post=20670"}],"version-history":[{"count":0,"href":"https:\/\/kuzeyinsesi.org\/index.php\/wp-json\/wp\/v2\/posts\/20670\/revisions"}],"wp:featuredmedia":[{"embeddable":true,"href":"https:\/\/kuzeyinsesi.org\/index.php\/wp-json\/wp\/v2\/media\/20671"}],"wp:attachment":[{"href":"https:\/\/kuzeyinsesi.org\/index.php\/wp-json\/wp\/v2\/media?parent=20670"}],"wp:term":[{"taxonomy":"category","embeddable":true,"href":"https:\/\/kuzeyinsesi.org\/index.php\/wp-json\/wp\/v2\/categories?post=20670"},{"taxonomy":"post_tag","embeddable":true,"href":"https:\/\/kuzeyinsesi.org\/index.php\/wp-json\/wp\/v2\/tags?post=20670"}],"curies":[{"name":"wp","href":"https:\/\/api.w.org\/{rel}","templated":true}]}}