{"id":20648,"date":"2025-03-10T22:44:18","date_gmt":"2025-03-10T20:44:18","guid":{"rendered":"https:\/\/kuzeyinsesi.org\/index.php\/2025\/03\/10\/18inci-avtepe-medos-lalesi-festivali-yapiliyor\/"},"modified":"2025-03-10T22:44:18","modified_gmt":"2025-03-10T20:44:18","slug":"18inci-avtepe-medos-lalesi-festivali-yapiliyor","status":"publish","type":"post","link":"https:\/\/kuzeyinsesi.org\/index.php\/2025\/03\/10\/18inci-avtepe-medos-lalesi-festivali-yapiliyor\/","title":{"rendered":"18\u2019inci Avtepe Medo\u015f Lalesi Festivali yap\u0131l\u0131yor"},"content":{"rendered":"<div>\n<div class=\"mariselle-image-container center\">\n                                            <\/div>\n<p>Erenk\u00f6y-Karpaz Belediyesi ile Avtepe Muhtarl\u0131\u011f\u0131\u2019n\u0131n organize etti\u011fi \u201c18. Avtepe Medo\u015f Lalesi Festivali\u201d, 23 Mart\u2019ta yap\u0131l\u0131yor.<\/p>\n<p>Erenk\u00f6y-Karpaz Belediyesi\u2019nden verilen bilgiye g\u00f6re, Avtepe k\u00f6y meydan\u0131nda saat 10.00\u2019da ba\u015flayacak Festival, halk danslar\u0131 topluluklar\u0131n\u0131n g\u00f6sterileri, konserler, y\u00f6resel yemek ve eli\u015fi stantlar\u0131, \u00e7ocuklar i\u00e7in oyun ile g\u00fcn boyu devam edecek.<\/p>\n<p>Festival a\u00e7\u0131l\u0131\u015f\u0131ndan \u00f6nce, Kemal Deveci ve Aziz Kahraman\u2019\u0131n davul zurnas\u0131 e\u015fli\u011finde saat 09.40\u2019ta lale heykeli \u00f6n\u00fcnden alana kortej yap\u0131lacak.<\/p>\n<p>SEV-DER Halk Danslar\u0131 ekipleri, YENDER Halk Danslar\u0131 Ekipleri, Derince K\u00fclt\u00fcr Merkezi \u00c7ocuklar Roman Ekibi, Diamoonte Dans Okulu Dans G\u00f6sterisi ve Art Street Kafkas Ekibi g\u00f6sterisinin yer alaca\u011f\u0131 festivalde, halk m\u00fczi\u011fi konseri ile Derince K\u00fclt\u00fcr Merkezi, Port Medikal Grubu ve Retro \u00c7alg\u0131c\u0131lar\u0131 sahne alacak.<\/p>\n<p>Festival etkinlikleri kapsam\u0131nda ayr\u0131ca, KKTC Atletizm Federasyonu organizasyonuyla geleneksel 3. yol ko\u015fusu ve YENDER\u2019in d\u00fczenleyece\u011fi ilkokul, ortaokul ve lise d\u00fczeyinde 3. Geleneksel Medo\u015f Lalesi konulu resim yar\u0131\u015fmas\u0131 da yer alacak.<\/p>\n<\/p><\/div>\n<p><script async\n                    defer\n                    crossorigin=\"anonymous\"\n                    src=\"https:\/\/connect.facebook.net\/tr_TR\/sdk.js#xfbml=1&#038;version=v3.3\"\n            ><\/script><\/p>\n","protected":false},"excerpt":{"rendered":"<p>Erenk\u00f6y-Karpaz Belediyesi ile Avtepe Muhtarl\u0131\u011f\u0131\u2019n\u0131n organize etti\u011fi \u201c18. Avtepe Medo\u015f Lalesi Festivali\u201d, 23 Mart\u2019ta yap\u0131l\u0131yor. Erenk\u00f6y-Karpaz Belediyesi\u2019nden verilen bilgiye g\u00f6re, Avtepe k\u00f6y meydan\u0131nda saat 10.00\u2019da ba\u015flayacak Festival, halk danslar\u0131 topluluklar\u0131n\u0131n g\u00f6sterileri, konserler, y\u00f6resel yemek ve eli\u015fi stantlar\u0131, \u00e7ocuklar i\u00e7in oyun ile g\u00fcn boyu devam edecek. Festival a\u00e7\u0131l\u0131\u015f\u0131ndan \u00f6nce, Kemal Deveci ve Aziz Kahraman\u2019\u0131n davul zurnas\u0131 [&hellip;]<\/p>\n","protected":false},"author":1,"featured_media":20649,"comment_status":"open","ping_status":"open","sticky":false,"template":"","format":"standard","meta":{"jnews-multi-image_gallery":[],"jnews_single_post":[],"jnews_primary_category":[],"jnews_social_meta":[],"jnews_override_counter":[],"footnotes":""},"categories":[6],"tags":[],"class_list":["post-20648","post","type-post","status-publish","format-standard","has-post-thumbnail","hentry","category-yasam"],"yoast_head":"<!-- This site is optimized with the Yoast SEO plugin v27.4 - https:\/\/yoast.com\/product\/yoast-seo-wordpress\/ -->\n<title>18\u2019inci Avtepe Medo\u015f Lalesi Festivali yap\u0131l\u0131yor - Kuzeyin Sesi<\/title>\n<meta name=\"robots\" content=\"index, follow, max-snippet:-1, max-image-preview:large, max-video-preview:-1\" \/>\n<link rel=\"canonical\" href=\"https:\/\/kuzeyinsesi.org\/index.php\/2025\/03\/10\/18inci-avtepe-medos-lalesi-festivali-yapiliyor\/\" \/>\n<meta property=\"og:locale\" content=\"tr_TR\" \/>\n<meta property=\"og:type\" content=\"article\" \/>\n<meta property=\"og:title\" content=\"18\u2019inci Avtepe Medo\u015f Lalesi Festivali yap\u0131l\u0131yor - Kuzeyin Sesi\" \/>\n<meta property=\"og:description\" content=\"Erenk\u00f6y-Karpaz Belediyesi ile Avtepe Muhtarl\u0131\u011f\u0131\u2019n\u0131n organize etti\u011fi \u201c18. Avtepe Medo\u015f Lalesi Festivali\u201d, 23 Mart\u2019ta yap\u0131l\u0131yor. Erenk\u00f6y-Karpaz Belediyesi\u2019nden verilen bilgiye g\u00f6re, Avtepe k\u00f6y meydan\u0131nda saat 10.00\u2019da ba\u015flayacak Festival, halk danslar\u0131 topluluklar\u0131n\u0131n g\u00f6sterileri, konserler, y\u00f6resel yemek ve eli\u015fi stantlar\u0131, \u00e7ocuklar i\u00e7in oyun ile g\u00fcn boyu devam edecek. Festival a\u00e7\u0131l\u0131\u015f\u0131ndan \u00f6nce, Kemal Deveci ve Aziz Kahraman\u2019\u0131n davul zurnas\u0131 [&hellip;]\" \/>\n<meta property=\"og:url\" content=\"https:\/\/kuzeyinsesi.org\/index.php\/2025\/03\/10\/18inci-avtepe-medos-lalesi-festivali-yapiliyor\/\" \/>\n<meta property=\"og:site_name\" content=\"Kuzeyin Sesi\" \/>\n<meta property=\"article:publisher\" content=\"https:\/\/www.facebook.com\/kuzeyinsesii\" \/>\n<meta property=\"article:published_time\" content=\"2025-03-10T20:44:18+00:00\" \/>\n<meta property=\"og:image\" content=\"https:\/\/brtk.net\/wp-content\/uploads\/2025\/03\/10\/1741611415363AVTEPE-FESTIVAL-3.jpg?ver=fe14ada4e523ffe90145af1e6bebab82\" \/>\n<meta name=\"author\" content=\"Kuzeyin Sesi\" \/>\n<meta name=\"twitter:card\" content=\"summary_large_image\" \/>\n<meta name=\"twitter:creator\" content=\"@kuzeyinsesii\" \/>\n<meta name=\"twitter:site\" content=\"@kuzeyinsesii\" \/>\n<meta name=\"twitter:label1\" content=\"Yazan:\" \/>\n\t<meta name=\"twitter:data1\" content=\"Kuzeyin Sesi\" \/>\n\t<meta name=\"twitter:label2\" content=\"Tahmini okuma s\u00fcresi\" \/>\n\t<meta name=\"twitter:data2\" content=\"1 dakika\" \/>\n<script type=\"application\/ld+json\" class=\"yoast-schema-graph\">{\"@context\":\"https:\\\/\\\/schema.org\",\"@graph\":[{\"@type\":\"Article\",\"@id\":\"https:\\\/\\\/kuzeyinsesi.org\\\/index.php\\\/2025\\\/03\\\/10\\\/18inci-avtepe-medos-lalesi-festivali-yapiliyor\\\/#article\",\"isPartOf\":{\"@id\":\"https:\\\/\\\/kuzeyinsesi.org\\\/index.php\\\/2025\\\/03\\\/10\\\/18inci-avtepe-medos-lalesi-festivali-yapiliyor\\\/\"},\"author\":{\"name\":\"Kuzeyin Sesi\",\"@id\":\"https:\\\/\\\/kuzeyinsesi.org\\\/#\\\/schema\\\/person\\\/9f859689cdf01485597712386e37f5aa\"},\"headline\":\"18\u2019inci Avtepe Medo\u015f Lalesi Festivali yap\u0131l\u0131yor\",\"datePublished\":\"2025-03-10T20:44:18+00:00\",\"mainEntityOfPage\":{\"@id\":\"https:\\\/\\\/kuzeyinsesi.org\\\/index.php\\\/2025\\\/03\\\/10\\\/18inci-avtepe-medos-lalesi-festivali-yapiliyor\\\/\"},\"wordCount\":186,\"commentCount\":0,\"image\":{\"@id\":\"https:\\\/\\\/kuzeyinsesi.org\\\/index.php\\\/2025\\\/03\\\/10\\\/18inci-avtepe-medos-lalesi-festivali-yapiliyor\\\/#primaryimage\"},\"thumbnailUrl\":\"https:\\\/\\\/kuzeyinsesi.org\\\/wp-content\\\/uploads\\\/2025\\\/03\\\/1741611415363AVTEPE-FESTIVAL-3.jpg\",\"articleSection\":[\"Ya\u015fam\"],\"inLanguage\":\"tr\",\"potentialAction\":[{\"@type\":\"CommentAction\",\"name\":\"Comment\",\"target\":[\"https:\\\/\\\/kuzeyinsesi.org\\\/index.php\\\/2025\\\/03\\\/10\\\/18inci-avtepe-medos-lalesi-festivali-yapiliyor\\\/#respond\"]}]},{\"@type\":\"WebPage\",\"@id\":\"https:\\\/\\\/kuzeyinsesi.org\\\/index.php\\\/2025\\\/03\\\/10\\\/18inci-avtepe-medos-lalesi-festivali-yapiliyor\\\/\",\"url\":\"https:\\\/\\\/kuzeyinsesi.org\\\/index.php\\\/2025\\\/03\\\/10\\\/18inci-avtepe-medos-lalesi-festivali-yapiliyor\\\/\",\"name\":\"18\u2019inci Avtepe Medo\u015f Lalesi Festivali yap\u0131l\u0131yor - Kuzeyin Sesi\",\"isPartOf\":{\"@id\":\"https:\\\/\\\/kuzeyinsesi.org\\\/#website\"},\"primaryImageOfPage\":{\"@id\":\"https:\\\/\\\/kuzeyinsesi.org\\\/index.php\\\/2025\\\/03\\\/10\\\/18inci-avtepe-medos-lalesi-festivali-yapiliyor\\\/#primaryimage\"},\"image\":{\"@id\":\"https:\\\/\\\/kuzeyinsesi.org\\\/index.php\\\/2025\\\/03\\\/10\\\/18inci-avtepe-medos-lalesi-festivali-yapiliyor\\\/#primaryimage\"},\"thumbnailUrl\":\"https:\\\/\\\/kuzeyinsesi.org\\\/wp-content\\\/uploads\\\/2025\\\/03\\\/1741611415363AVTEPE-FESTIVAL-3.jpg\",\"datePublished\":\"2025-03-10T20:44:18+00:00\",\"author\":{\"@id\":\"https:\\\/\\\/kuzeyinsesi.org\\\/#\\\/schema\\\/person\\\/9f859689cdf01485597712386e37f5aa\"},\"breadcrumb\":{\"@id\":\"https:\\\/\\\/kuzeyinsesi.org\\\/index.php\\\/2025\\\/03\\\/10\\\/18inci-avtepe-medos-lalesi-festivali-yapiliyor\\\/#breadcrumb\"},\"inLanguage\":\"tr\",\"potentialAction\":[{\"@type\":\"ReadAction\",\"target\":[\"https:\\\/\\\/kuzeyinsesi.org\\\/index.php\\\/2025\\\/03\\\/10\\\/18inci-avtepe-medos-lalesi-festivali-yapiliyor\\\/\"]}]},{\"@type\":\"ImageObject\",\"inLanguage\":\"tr\",\"@id\":\"https:\\\/\\\/kuzeyinsesi.org\\\/index.php\\\/2025\\\/03\\\/10\\\/18inci-avtepe-medos-lalesi-festivali-yapiliyor\\\/#primaryimage\",\"url\":\"https:\\\/\\\/kuzeyinsesi.org\\\/wp-content\\\/uploads\\\/2025\\\/03\\\/1741611415363AVTEPE-FESTIVAL-3.jpg\",\"contentUrl\":\"https:\\\/\\\/kuzeyinsesi.org\\\/wp-content\\\/uploads\\\/2025\\\/03\\\/1741611415363AVTEPE-FESTIVAL-3.jpg\",\"width\":1328,\"height\":994},{\"@type\":\"BreadcrumbList\",\"@id\":\"https:\\\/\\\/kuzeyinsesi.org\\\/index.php\\\/2025\\\/03\\\/10\\\/18inci-avtepe-medos-lalesi-festivali-yapiliyor\\\/#breadcrumb\",\"itemListElement\":[{\"@type\":\"ListItem\",\"position\":1,\"name\":\"Anasayfa\",\"item\":\"https:\\\/\\\/kuzeyinsesi.org\\\/\"},{\"@type\":\"ListItem\",\"position\":2,\"name\":\"18\u2019inci Avtepe Medo\u015f Lalesi Festivali yap\u0131l\u0131yor\"}]},{\"@type\":\"WebSite\",\"@id\":\"https:\\\/\\\/kuzeyinsesi.org\\\/#website\",\"url\":\"https:\\\/\\\/kuzeyinsesi.org\\\/\",\"name\":\"Kuzeyin Sesi\",\"description\":\"Do\u011fru Haberin Adresi\",\"potentialAction\":[{\"@type\":\"SearchAction\",\"target\":{\"@type\":\"EntryPoint\",\"urlTemplate\":\"https:\\\/\\\/kuzeyinsesi.org\\\/?s={search_term_string}\"},\"query-input\":{\"@type\":\"PropertyValueSpecification\",\"valueRequired\":true,\"valueName\":\"search_term_string\"}}],\"inLanguage\":\"tr\"},{\"@type\":\"Person\",\"@id\":\"https:\\\/\\\/kuzeyinsesi.org\\\/#\\\/schema\\\/person\\\/9f859689cdf01485597712386e37f5aa\",\"name\":\"Kuzeyin Sesi\",\"image\":{\"@type\":\"ImageObject\",\"inLanguage\":\"tr\",\"@id\":\"https:\\\/\\\/secure.gravatar.com\\\/avatar\\\/bab33852abfd8b282518d6ed81826833d77c3c882d9ab608add591ccace47a44?s=96&d=mm&r=g\",\"url\":\"https:\\\/\\\/secure.gravatar.com\\\/avatar\\\/bab33852abfd8b282518d6ed81826833d77c3c882d9ab608add591ccace47a44?s=96&d=mm&r=g\",\"contentUrl\":\"https:\\\/\\\/secure.gravatar.com\\\/avatar\\\/bab33852abfd8b282518d6ed81826833d77c3c882d9ab608add591ccace47a44?s=96&d=mm&r=g\",\"caption\":\"Kuzeyin Sesi\"},\"sameAs\":[\"https:\\\/\\\/kuzeyinsesi.org\"],\"url\":\"https:\\\/\\\/kuzeyinsesi.org\\\/index.php\\\/author\\\/guven\\\/\"}]}<\/script>\n<!-- \/ Yoast SEO plugin. -->","yoast_head_json":{"title":"18\u2019inci Avtepe Medo\u015f Lalesi Festivali yap\u0131l\u0131yor - Kuzeyin Sesi","robots":{"index":"index","follow":"follow","max-snippet":"max-snippet:-1","max-image-preview":"max-image-preview:large","max-video-preview":"max-video-preview:-1"},"canonical":"https:\/\/kuzeyinsesi.org\/index.php\/2025\/03\/10\/18inci-avtepe-medos-lalesi-festivali-yapiliyor\/","og_locale":"tr_TR","og_type":"article","og_title":"18\u2019inci Avtepe Medo\u015f Lalesi Festivali yap\u0131l\u0131yor - Kuzeyin Sesi","og_description":"Erenk\u00f6y-Karpaz Belediyesi ile Avtepe Muhtarl\u0131\u011f\u0131\u2019n\u0131n organize etti\u011fi \u201c18. Avtepe Medo\u015f Lalesi Festivali\u201d, 23 Mart\u2019ta yap\u0131l\u0131yor. Erenk\u00f6y-Karpaz Belediyesi\u2019nden verilen bilgiye g\u00f6re, Avtepe k\u00f6y meydan\u0131nda saat 10.00\u2019da ba\u015flayacak Festival, halk danslar\u0131 topluluklar\u0131n\u0131n g\u00f6sterileri, konserler, y\u00f6resel yemek ve eli\u015fi stantlar\u0131, \u00e7ocuklar i\u00e7in oyun ile g\u00fcn boyu devam edecek. Festival a\u00e7\u0131l\u0131\u015f\u0131ndan \u00f6nce, Kemal Deveci ve Aziz Kahraman\u2019\u0131n davul zurnas\u0131 [&hellip;]","og_url":"https:\/\/kuzeyinsesi.org\/index.php\/2025\/03\/10\/18inci-avtepe-medos-lalesi-festivali-yapiliyor\/","og_site_name":"Kuzeyin Sesi","article_publisher":"https:\/\/www.facebook.com\/kuzeyinsesii","article_published_time":"2025-03-10T20:44:18+00:00","og_image":[{"url":"https:\/\/brtk.net\/wp-content\/uploads\/2025\/03\/10\/1741611415363AVTEPE-FESTIVAL-3.jpg?ver=fe14ada4e523ffe90145af1e6bebab82","type":"","width":"","height":""}],"author":"Kuzeyin Sesi","twitter_card":"summary_large_image","twitter_creator":"@kuzeyinsesii","twitter_site":"@kuzeyinsesii","twitter_misc":{"Yazan:":"Kuzeyin Sesi","Tahmini okuma s\u00fcresi":"1 dakika"},"schema":{"@context":"https:\/\/schema.org","@graph":[{"@type":"Article","@id":"https:\/\/kuzeyinsesi.org\/index.php\/2025\/03\/10\/18inci-avtepe-medos-lalesi-festivali-yapiliyor\/#article","isPartOf":{"@id":"https:\/\/kuzeyinsesi.org\/index.php\/2025\/03\/10\/18inci-avtepe-medos-lalesi-festivali-yapiliyor\/"},"author":{"name":"Kuzeyin Sesi","@id":"https:\/\/kuzeyinsesi.org\/#\/schema\/person\/9f859689cdf01485597712386e37f5aa"},"headline":"18\u2019inci Avtepe Medo\u015f Lalesi Festivali yap\u0131l\u0131yor","datePublished":"2025-03-10T20:44:18+00:00","mainEntityOfPage":{"@id":"https:\/\/kuzeyinsesi.org\/index.php\/2025\/03\/10\/18inci-avtepe-medos-lalesi-festivali-yapiliyor\/"},"wordCount":186,"commentCount":0,"image":{"@id":"https:\/\/kuzeyinsesi.org\/index.php\/2025\/03\/10\/18inci-avtepe-medos-lalesi-festivali-yapiliyor\/#primaryimage"},"thumbnailUrl":"https:\/\/kuzeyinsesi.org\/wp-content\/uploads\/2025\/03\/1741611415363AVTEPE-FESTIVAL-3.jpg","articleSection":["Ya\u015fam"],"inLanguage":"tr","potentialAction":[{"@type":"CommentAction","name":"Comment","target":["https:\/\/kuzeyinsesi.org\/index.php\/2025\/03\/10\/18inci-avtepe-medos-lalesi-festivali-yapiliyor\/#respond"]}]},{"@type":"WebPage","@id":"https:\/\/kuzeyinsesi.org\/index.php\/2025\/03\/10\/18inci-avtepe-medos-lalesi-festivali-yapiliyor\/","url":"https:\/\/kuzeyinsesi.org\/index.php\/2025\/03\/10\/18inci-avtepe-medos-lalesi-festivali-yapiliyor\/","name":"18\u2019inci Avtepe Medo\u015f Lalesi Festivali yap\u0131l\u0131yor - Kuzeyin Sesi","isPartOf":{"@id":"https:\/\/kuzeyinsesi.org\/#website"},"primaryImageOfPage":{"@id":"https:\/\/kuzeyinsesi.org\/index.php\/2025\/03\/10\/18inci-avtepe-medos-lalesi-festivali-yapiliyor\/#primaryimage"},"image":{"@id":"https:\/\/kuzeyinsesi.org\/index.php\/2025\/03\/10\/18inci-avtepe-medos-lalesi-festivali-yapiliyor\/#primaryimage"},"thumbnailUrl":"https:\/\/kuzeyinsesi.org\/wp-content\/uploads\/2025\/03\/1741611415363AVTEPE-FESTIVAL-3.jpg","datePublished":"2025-03-10T20:44:18+00:00","author":{"@id":"https:\/\/kuzeyinsesi.org\/#\/schema\/person\/9f859689cdf01485597712386e37f5aa"},"breadcrumb":{"@id":"https:\/\/kuzeyinsesi.org\/index.php\/2025\/03\/10\/18inci-avtepe-medos-lalesi-festivali-yapiliyor\/#breadcrumb"},"inLanguage":"tr","potentialAction":[{"@type":"ReadAction","target":["https:\/\/kuzeyinsesi.org\/index.php\/2025\/03\/10\/18inci-avtepe-medos-lalesi-festivali-yapiliyor\/"]}]},{"@type":"ImageObject","inLanguage":"tr","@id":"https:\/\/kuzeyinsesi.org\/index.php\/2025\/03\/10\/18inci-avtepe-medos-lalesi-festivali-yapiliyor\/#primaryimage","url":"https:\/\/kuzeyinsesi.org\/wp-content\/uploads\/2025\/03\/1741611415363AVTEPE-FESTIVAL-3.jpg","contentUrl":"https:\/\/kuzeyinsesi.org\/wp-content\/uploads\/2025\/03\/1741611415363AVTEPE-FESTIVAL-3.jpg","width":1328,"height":994},{"@type":"BreadcrumbList","@id":"https:\/\/kuzeyinsesi.org\/index.php\/2025\/03\/10\/18inci-avtepe-medos-lalesi-festivali-yapiliyor\/#breadcrumb","itemListElement":[{"@type":"ListItem","position":1,"name":"Anasayfa","item":"https:\/\/kuzeyinsesi.org\/"},{"@type":"ListItem","position":2,"name":"18\u2019inci Avtepe Medo\u015f Lalesi Festivali yap\u0131l\u0131yor"}]},{"@type":"WebSite","@id":"https:\/\/kuzeyinsesi.org\/#website","url":"https:\/\/kuzeyinsesi.org\/","name":"Kuzeyin Sesi","description":"Do\u011fru Haberin Adresi","potentialAction":[{"@type":"SearchAction","target":{"@type":"EntryPoint","urlTemplate":"https:\/\/kuzeyinsesi.org\/?s={search_term_string}"},"query-input":{"@type":"PropertyValueSpecification","valueRequired":true,"valueName":"search_term_string"}}],"inLanguage":"tr"},{"@type":"Person","@id":"https:\/\/kuzeyinsesi.org\/#\/schema\/person\/9f859689cdf01485597712386e37f5aa","name":"Kuzeyin Sesi","image":{"@type":"ImageObject","inLanguage":"tr","@id":"https:\/\/secure.gravatar.com\/avatar\/bab33852abfd8b282518d6ed81826833d77c3c882d9ab608add591ccace47a44?s=96&d=mm&r=g","url":"https:\/\/secure.gravatar.com\/avatar\/bab33852abfd8b282518d6ed81826833d77c3c882d9ab608add591ccace47a44?s=96&d=mm&r=g","contentUrl":"https:\/\/secure.gravatar.com\/avatar\/bab33852abfd8b282518d6ed81826833d77c3c882d9ab608add591ccace47a44?s=96&d=mm&r=g","caption":"Kuzeyin Sesi"},"sameAs":["https:\/\/kuzeyinsesi.org"],"url":"https:\/\/kuzeyinsesi.org\/index.php\/author\/guven\/"}]}},"_links":{"self":[{"href":"https:\/\/kuzeyinsesi.org\/index.php\/wp-json\/wp\/v2\/posts\/20648","targetHints":{"allow":["GET"]}}],"collection":[{"href":"https:\/\/kuzeyinsesi.org\/index.php\/wp-json\/wp\/v2\/posts"}],"about":[{"href":"https:\/\/kuzeyinsesi.org\/index.php\/wp-json\/wp\/v2\/types\/post"}],"author":[{"embeddable":true,"href":"https:\/\/kuzeyinsesi.org\/index.php\/wp-json\/wp\/v2\/users\/1"}],"replies":[{"embeddable":true,"href":"https:\/\/kuzeyinsesi.org\/index.php\/wp-json\/wp\/v2\/comments?post=20648"}],"version-history":[{"count":0,"href":"https:\/\/kuzeyinsesi.org\/index.php\/wp-json\/wp\/v2\/posts\/20648\/revisions"}],"wp:featuredmedia":[{"embeddable":true,"href":"https:\/\/kuzeyinsesi.org\/index.php\/wp-json\/wp\/v2\/media\/20649"}],"wp:attachment":[{"href":"https:\/\/kuzeyinsesi.org\/index.php\/wp-json\/wp\/v2\/media?parent=20648"}],"wp:term":[{"taxonomy":"category","embeddable":true,"href":"https:\/\/kuzeyinsesi.org\/index.php\/wp-json\/wp\/v2\/categories?post=20648"},{"taxonomy":"post_tag","embeddable":true,"href":"https:\/\/kuzeyinsesi.org\/index.php\/wp-json\/wp\/v2\/tags?post=20648"}],"curies":[{"name":"wp","href":"https:\/\/api.w.org\/{rel}","templated":true}]}}