{"id":20646,"date":"2025-03-10T21:43:07","date_gmt":"2025-03-10T19:43:07","guid":{"rendered":"https:\/\/kuzeyinsesi.org\/index.php\/2025\/03\/10\/girnede-ceketini-al-da-gel-isimli-sanat-atolyesi-yapildi\/"},"modified":"2025-03-10T21:43:07","modified_gmt":"2025-03-10T19:43:07","slug":"girnede-ceketini-al-da-gel-isimli-sanat-atolyesi-yapildi","status":"publish","type":"post","link":"https:\/\/kuzeyinsesi.org\/index.php\/2025\/03\/10\/girnede-ceketini-al-da-gel-isimli-sanat-atolyesi-yapildi\/","title":{"rendered":"Girne\u2019de \u201cCeketini Al da Gel\u2019 isimli sanat at\u00f6lyesi yap\u0131ld\u0131"},"content":{"rendered":"<div>\n<div class=\"mariselle-image-container center\">\n                                            <\/div>\n<p>8 Mart D\u00fcnya Emek\u00e7i Kad\u0131nlar G\u00fcn\u00fc kapsam\u0131nda, Girne Belediyesi katk\u0131lar\u0131yla \u201cCeketini Al da Gel\u2019 isimli sanat at\u00f6lyesi yap\u0131ld\u0131.<\/p>\n<p>Belediyen yap\u0131lan a\u00e7\u0131klamaya g\u00f6re, \u201c\u00dcreten, Emek Veren Kad\u0131nlar\u0131n Sanatla Bulu\u015fmas\u0131\u201d ba\u015fl\u0131\u011f\u0131 alt\u0131nda d\u00fczenlen etkinlik, Moda Tasar\u0131mc\u0131s\u0131 \u0130nci Arkan \u00f6nc\u00fcl\u00fc\u011f\u00fcnde ger\u00e7ekle\u015ftirildi.<\/p>\n<p>At\u00f6lye, cumartesi g\u00fcn\u00fc 11.00 \u2013 17.00 saatleri aras\u0131nda Girne Belediyesi Sosyal Ya\u015fam Merkezi\u2019nde yap\u0131ld\u0131.<\/p>\n<\/p><\/div>\n<p><script async\n                    defer\n                    crossorigin=\"anonymous\"\n                    src=\"https:\/\/connect.facebook.net\/tr_TR\/sdk.js#xfbml=1&#038;version=v3.3\"\n            ><\/script><\/p>\n","protected":false},"excerpt":{"rendered":"<p>8 Mart D\u00fcnya Emek\u00e7i Kad\u0131nlar G\u00fcn\u00fc kapsam\u0131nda, Girne Belediyesi katk\u0131lar\u0131yla \u201cCeketini Al da Gel\u2019 isimli sanat at\u00f6lyesi yap\u0131ld\u0131. Belediyen yap\u0131lan a\u00e7\u0131klamaya g\u00f6re, \u201c\u00dcreten, Emek Veren Kad\u0131nlar\u0131n Sanatla Bulu\u015fmas\u0131\u201d ba\u015fl\u0131\u011f\u0131 alt\u0131nda d\u00fczenlen etkinlik, Moda Tasar\u0131mc\u0131s\u0131 \u0130nci Arkan \u00f6nc\u00fcl\u00fc\u011f\u00fcnde ger\u00e7ekle\u015ftirildi. At\u00f6lye, cumartesi g\u00fcn\u00fc 11.00 \u2013 17.00 saatleri aras\u0131nda Girne Belediyesi Sosyal Ya\u015fam Merkezi\u2019nde yap\u0131ld\u0131.<\/p>\n","protected":false},"author":1,"featured_media":20647,"comment_status":"open","ping_status":"open","sticky":false,"template":"","format":"standard","meta":{"jnews-multi-image_gallery":[],"jnews_single_post":[],"jnews_primary_category":[],"jnews_social_meta":[],"jnews_override_counter":[],"footnotes":""},"categories":[6],"tags":[],"class_list":["post-20646","post","type-post","status-publish","format-standard","has-post-thumbnail","hentry","category-yasam"],"yoast_head":"<!-- This site is optimized with the Yoast SEO plugin v27.4 - https:\/\/yoast.com\/product\/yoast-seo-wordpress\/ -->\n<title>Girne\u2019de \u201cCeketini Al da Gel\u2019 isimli sanat at\u00f6lyesi yap\u0131ld\u0131 - Kuzeyin Sesi<\/title>\n<meta name=\"robots\" content=\"index, follow, max-snippet:-1, max-image-preview:large, max-video-preview:-1\" \/>\n<link rel=\"canonical\" href=\"https:\/\/kuzeyinsesi.org\/index.php\/2025\/03\/10\/girnede-ceketini-al-da-gel-isimli-sanat-atolyesi-yapildi\/\" \/>\n<meta property=\"og:locale\" content=\"tr_TR\" \/>\n<meta property=\"og:type\" content=\"article\" \/>\n<meta property=\"og:title\" content=\"Girne\u2019de \u201cCeketini Al da Gel\u2019 isimli sanat at\u00f6lyesi yap\u0131ld\u0131 - Kuzeyin Sesi\" \/>\n<meta property=\"og:description\" content=\"8 Mart D\u00fcnya Emek\u00e7i Kad\u0131nlar G\u00fcn\u00fc kapsam\u0131nda, Girne Belediyesi katk\u0131lar\u0131yla \u201cCeketini Al da Gel\u2019 isimli sanat at\u00f6lyesi yap\u0131ld\u0131. Belediyen yap\u0131lan a\u00e7\u0131klamaya g\u00f6re, \u201c\u00dcreten, Emek Veren Kad\u0131nlar\u0131n Sanatla Bulu\u015fmas\u0131\u201d ba\u015fl\u0131\u011f\u0131 alt\u0131nda d\u00fczenlen etkinlik, Moda Tasar\u0131mc\u0131s\u0131 \u0130nci Arkan \u00f6nc\u00fcl\u00fc\u011f\u00fcnde ger\u00e7ekle\u015ftirildi. At\u00f6lye, cumartesi g\u00fcn\u00fc 11.00 \u2013 17.00 saatleri aras\u0131nda Girne Belediyesi Sosyal Ya\u015fam Merkezi\u2019nde yap\u0131ld\u0131.\" \/>\n<meta property=\"og:url\" content=\"https:\/\/kuzeyinsesi.org\/index.php\/2025\/03\/10\/girnede-ceketini-al-da-gel-isimli-sanat-atolyesi-yapildi\/\" \/>\n<meta property=\"og:site_name\" content=\"Kuzeyin Sesi\" \/>\n<meta property=\"article:publisher\" content=\"https:\/\/www.facebook.com\/kuzeyinsesii\" \/>\n<meta property=\"article:published_time\" content=\"2025-03-10T19:43:07+00:00\" \/>\n<meta property=\"og:image\" content=\"https:\/\/brtk.net\/wp-content\/uploads\/2025\/03\/10\/1741608125735girne-belediyesi-kadinalr-gunu-6-1-scaled.jpg?ver=e0114bce82834945999c8364e8ab011d\" \/>\n<meta name=\"author\" content=\"Kuzeyin Sesi\" \/>\n<meta name=\"twitter:card\" content=\"summary_large_image\" \/>\n<meta name=\"twitter:creator\" content=\"@kuzeyinsesii\" \/>\n<meta name=\"twitter:site\" content=\"@kuzeyinsesii\" \/>\n<meta name=\"twitter:label1\" content=\"Yazan:\" \/>\n\t<meta name=\"twitter:data1\" content=\"Kuzeyin Sesi\" \/>\n<script type=\"application\/ld+json\" class=\"yoast-schema-graph\">{\"@context\":\"https:\\\/\\\/schema.org\",\"@graph\":[{\"@type\":\"Article\",\"@id\":\"https:\\\/\\\/kuzeyinsesi.org\\\/index.php\\\/2025\\\/03\\\/10\\\/girnede-ceketini-al-da-gel-isimli-sanat-atolyesi-yapildi\\\/#article\",\"isPartOf\":{\"@id\":\"https:\\\/\\\/kuzeyinsesi.org\\\/index.php\\\/2025\\\/03\\\/10\\\/girnede-ceketini-al-da-gel-isimli-sanat-atolyesi-yapildi\\\/\"},\"author\":{\"name\":\"Kuzeyin Sesi\",\"@id\":\"https:\\\/\\\/kuzeyinsesi.org\\\/#\\\/schema\\\/person\\\/9f859689cdf01485597712386e37f5aa\"},\"headline\":\"Girne\u2019de \u201cCeketini Al da Gel\u2019 isimli sanat at\u00f6lyesi yap\u0131ld\u0131\",\"datePublished\":\"2025-03-10T19:43:07+00:00\",\"mainEntityOfPage\":{\"@id\":\"https:\\\/\\\/kuzeyinsesi.org\\\/index.php\\\/2025\\\/03\\\/10\\\/girnede-ceketini-al-da-gel-isimli-sanat-atolyesi-yapildi\\\/\"},\"wordCount\":90,\"commentCount\":0,\"image\":{\"@id\":\"https:\\\/\\\/kuzeyinsesi.org\\\/index.php\\\/2025\\\/03\\\/10\\\/girnede-ceketini-al-da-gel-isimli-sanat-atolyesi-yapildi\\\/#primaryimage\"},\"thumbnailUrl\":\"https:\\\/\\\/kuzeyinsesi.org\\\/wp-content\\\/uploads\\\/2025\\\/03\\\/1741608125735girne-belediyesi-kadinalr-gunu-6-1-scaled.jpg\",\"articleSection\":[\"Ya\u015fam\"],\"inLanguage\":\"tr\",\"potentialAction\":[{\"@type\":\"CommentAction\",\"name\":\"Comment\",\"target\":[\"https:\\\/\\\/kuzeyinsesi.org\\\/index.php\\\/2025\\\/03\\\/10\\\/girnede-ceketini-al-da-gel-isimli-sanat-atolyesi-yapildi\\\/#respond\"]}]},{\"@type\":\"WebPage\",\"@id\":\"https:\\\/\\\/kuzeyinsesi.org\\\/index.php\\\/2025\\\/03\\\/10\\\/girnede-ceketini-al-da-gel-isimli-sanat-atolyesi-yapildi\\\/\",\"url\":\"https:\\\/\\\/kuzeyinsesi.org\\\/index.php\\\/2025\\\/03\\\/10\\\/girnede-ceketini-al-da-gel-isimli-sanat-atolyesi-yapildi\\\/\",\"name\":\"Girne\u2019de \u201cCeketini Al da Gel\u2019 isimli sanat at\u00f6lyesi yap\u0131ld\u0131 - Kuzeyin Sesi\",\"isPartOf\":{\"@id\":\"https:\\\/\\\/kuzeyinsesi.org\\\/#website\"},\"primaryImageOfPage\":{\"@id\":\"https:\\\/\\\/kuzeyinsesi.org\\\/index.php\\\/2025\\\/03\\\/10\\\/girnede-ceketini-al-da-gel-isimli-sanat-atolyesi-yapildi\\\/#primaryimage\"},\"image\":{\"@id\":\"https:\\\/\\\/kuzeyinsesi.org\\\/index.php\\\/2025\\\/03\\\/10\\\/girnede-ceketini-al-da-gel-isimli-sanat-atolyesi-yapildi\\\/#primaryimage\"},\"thumbnailUrl\":\"https:\\\/\\\/kuzeyinsesi.org\\\/wp-content\\\/uploads\\\/2025\\\/03\\\/1741608125735girne-belediyesi-kadinalr-gunu-6-1-scaled.jpg\",\"datePublished\":\"2025-03-10T19:43:07+00:00\",\"author\":{\"@id\":\"https:\\\/\\\/kuzeyinsesi.org\\\/#\\\/schema\\\/person\\\/9f859689cdf01485597712386e37f5aa\"},\"breadcrumb\":{\"@id\":\"https:\\\/\\\/kuzeyinsesi.org\\\/index.php\\\/2025\\\/03\\\/10\\\/girnede-ceketini-al-da-gel-isimli-sanat-atolyesi-yapildi\\\/#breadcrumb\"},\"inLanguage\":\"tr\",\"potentialAction\":[{\"@type\":\"ReadAction\",\"target\":[\"https:\\\/\\\/kuzeyinsesi.org\\\/index.php\\\/2025\\\/03\\\/10\\\/girnede-ceketini-al-da-gel-isimli-sanat-atolyesi-yapildi\\\/\"]}]},{\"@type\":\"ImageObject\",\"inLanguage\":\"tr\",\"@id\":\"https:\\\/\\\/kuzeyinsesi.org\\\/index.php\\\/2025\\\/03\\\/10\\\/girnede-ceketini-al-da-gel-isimli-sanat-atolyesi-yapildi\\\/#primaryimage\",\"url\":\"https:\\\/\\\/kuzeyinsesi.org\\\/wp-content\\\/uploads\\\/2025\\\/03\\\/1741608125735girne-belediyesi-kadinalr-gunu-6-1-scaled.jpg\",\"contentUrl\":\"https:\\\/\\\/kuzeyinsesi.org\\\/wp-content\\\/uploads\\\/2025\\\/03\\\/1741608125735girne-belediyesi-kadinalr-gunu-6-1-scaled.jpg\",\"width\":2560,\"height\":1920},{\"@type\":\"BreadcrumbList\",\"@id\":\"https:\\\/\\\/kuzeyinsesi.org\\\/index.php\\\/2025\\\/03\\\/10\\\/girnede-ceketini-al-da-gel-isimli-sanat-atolyesi-yapildi\\\/#breadcrumb\",\"itemListElement\":[{\"@type\":\"ListItem\",\"position\":1,\"name\":\"Anasayfa\",\"item\":\"https:\\\/\\\/kuzeyinsesi.org\\\/\"},{\"@type\":\"ListItem\",\"position\":2,\"name\":\"Girne\u2019de \u201cCeketini Al da Gel\u2019 isimli sanat at\u00f6lyesi yap\u0131ld\u0131\"}]},{\"@type\":\"WebSite\",\"@id\":\"https:\\\/\\\/kuzeyinsesi.org\\\/#website\",\"url\":\"https:\\\/\\\/kuzeyinsesi.org\\\/\",\"name\":\"Kuzeyin Sesi\",\"description\":\"Do\u011fru Haberin Adresi\",\"potentialAction\":[{\"@type\":\"SearchAction\",\"target\":{\"@type\":\"EntryPoint\",\"urlTemplate\":\"https:\\\/\\\/kuzeyinsesi.org\\\/?s={search_term_string}\"},\"query-input\":{\"@type\":\"PropertyValueSpecification\",\"valueRequired\":true,\"valueName\":\"search_term_string\"}}],\"inLanguage\":\"tr\"},{\"@type\":\"Person\",\"@id\":\"https:\\\/\\\/kuzeyinsesi.org\\\/#\\\/schema\\\/person\\\/9f859689cdf01485597712386e37f5aa\",\"name\":\"Kuzeyin Sesi\",\"image\":{\"@type\":\"ImageObject\",\"inLanguage\":\"tr\",\"@id\":\"https:\\\/\\\/secure.gravatar.com\\\/avatar\\\/bab33852abfd8b282518d6ed81826833d77c3c882d9ab608add591ccace47a44?s=96&d=mm&r=g\",\"url\":\"https:\\\/\\\/secure.gravatar.com\\\/avatar\\\/bab33852abfd8b282518d6ed81826833d77c3c882d9ab608add591ccace47a44?s=96&d=mm&r=g\",\"contentUrl\":\"https:\\\/\\\/secure.gravatar.com\\\/avatar\\\/bab33852abfd8b282518d6ed81826833d77c3c882d9ab608add591ccace47a44?s=96&d=mm&r=g\",\"caption\":\"Kuzeyin Sesi\"},\"sameAs\":[\"https:\\\/\\\/kuzeyinsesi.org\"],\"url\":\"https:\\\/\\\/kuzeyinsesi.org\\\/index.php\\\/author\\\/guven\\\/\"}]}<\/script>\n<!-- \/ Yoast SEO plugin. -->","yoast_head_json":{"title":"Girne\u2019de \u201cCeketini Al da Gel\u2019 isimli sanat at\u00f6lyesi yap\u0131ld\u0131 - Kuzeyin Sesi","robots":{"index":"index","follow":"follow","max-snippet":"max-snippet:-1","max-image-preview":"max-image-preview:large","max-video-preview":"max-video-preview:-1"},"canonical":"https:\/\/kuzeyinsesi.org\/index.php\/2025\/03\/10\/girnede-ceketini-al-da-gel-isimli-sanat-atolyesi-yapildi\/","og_locale":"tr_TR","og_type":"article","og_title":"Girne\u2019de \u201cCeketini Al da Gel\u2019 isimli sanat at\u00f6lyesi yap\u0131ld\u0131 - Kuzeyin Sesi","og_description":"8 Mart D\u00fcnya Emek\u00e7i Kad\u0131nlar G\u00fcn\u00fc kapsam\u0131nda, Girne Belediyesi katk\u0131lar\u0131yla \u201cCeketini Al da Gel\u2019 isimli sanat at\u00f6lyesi yap\u0131ld\u0131. Belediyen yap\u0131lan a\u00e7\u0131klamaya g\u00f6re, \u201c\u00dcreten, Emek Veren Kad\u0131nlar\u0131n Sanatla Bulu\u015fmas\u0131\u201d ba\u015fl\u0131\u011f\u0131 alt\u0131nda d\u00fczenlen etkinlik, Moda Tasar\u0131mc\u0131s\u0131 \u0130nci Arkan \u00f6nc\u00fcl\u00fc\u011f\u00fcnde ger\u00e7ekle\u015ftirildi. At\u00f6lye, cumartesi g\u00fcn\u00fc 11.00 \u2013 17.00 saatleri aras\u0131nda Girne Belediyesi Sosyal Ya\u015fam Merkezi\u2019nde yap\u0131ld\u0131.","og_url":"https:\/\/kuzeyinsesi.org\/index.php\/2025\/03\/10\/girnede-ceketini-al-da-gel-isimli-sanat-atolyesi-yapildi\/","og_site_name":"Kuzeyin Sesi","article_publisher":"https:\/\/www.facebook.com\/kuzeyinsesii","article_published_time":"2025-03-10T19:43:07+00:00","og_image":[{"url":"https:\/\/brtk.net\/wp-content\/uploads\/2025\/03\/10\/1741608125735girne-belediyesi-kadinalr-gunu-6-1-scaled.jpg?ver=e0114bce82834945999c8364e8ab011d","type":"","width":"","height":""}],"author":"Kuzeyin Sesi","twitter_card":"summary_large_image","twitter_creator":"@kuzeyinsesii","twitter_site":"@kuzeyinsesii","twitter_misc":{"Yazan:":"Kuzeyin Sesi"},"schema":{"@context":"https:\/\/schema.org","@graph":[{"@type":"Article","@id":"https:\/\/kuzeyinsesi.org\/index.php\/2025\/03\/10\/girnede-ceketini-al-da-gel-isimli-sanat-atolyesi-yapildi\/#article","isPartOf":{"@id":"https:\/\/kuzeyinsesi.org\/index.php\/2025\/03\/10\/girnede-ceketini-al-da-gel-isimli-sanat-atolyesi-yapildi\/"},"author":{"name":"Kuzeyin Sesi","@id":"https:\/\/kuzeyinsesi.org\/#\/schema\/person\/9f859689cdf01485597712386e37f5aa"},"headline":"Girne\u2019de \u201cCeketini Al da Gel\u2019 isimli sanat at\u00f6lyesi yap\u0131ld\u0131","datePublished":"2025-03-10T19:43:07+00:00","mainEntityOfPage":{"@id":"https:\/\/kuzeyinsesi.org\/index.php\/2025\/03\/10\/girnede-ceketini-al-da-gel-isimli-sanat-atolyesi-yapildi\/"},"wordCount":90,"commentCount":0,"image":{"@id":"https:\/\/kuzeyinsesi.org\/index.php\/2025\/03\/10\/girnede-ceketini-al-da-gel-isimli-sanat-atolyesi-yapildi\/#primaryimage"},"thumbnailUrl":"https:\/\/kuzeyinsesi.org\/wp-content\/uploads\/2025\/03\/1741608125735girne-belediyesi-kadinalr-gunu-6-1-scaled.jpg","articleSection":["Ya\u015fam"],"inLanguage":"tr","potentialAction":[{"@type":"CommentAction","name":"Comment","target":["https:\/\/kuzeyinsesi.org\/index.php\/2025\/03\/10\/girnede-ceketini-al-da-gel-isimli-sanat-atolyesi-yapildi\/#respond"]}]},{"@type":"WebPage","@id":"https:\/\/kuzeyinsesi.org\/index.php\/2025\/03\/10\/girnede-ceketini-al-da-gel-isimli-sanat-atolyesi-yapildi\/","url":"https:\/\/kuzeyinsesi.org\/index.php\/2025\/03\/10\/girnede-ceketini-al-da-gel-isimli-sanat-atolyesi-yapildi\/","name":"Girne\u2019de \u201cCeketini Al da Gel\u2019 isimli sanat at\u00f6lyesi yap\u0131ld\u0131 - Kuzeyin Sesi","isPartOf":{"@id":"https:\/\/kuzeyinsesi.org\/#website"},"primaryImageOfPage":{"@id":"https:\/\/kuzeyinsesi.org\/index.php\/2025\/03\/10\/girnede-ceketini-al-da-gel-isimli-sanat-atolyesi-yapildi\/#primaryimage"},"image":{"@id":"https:\/\/kuzeyinsesi.org\/index.php\/2025\/03\/10\/girnede-ceketini-al-da-gel-isimli-sanat-atolyesi-yapildi\/#primaryimage"},"thumbnailUrl":"https:\/\/kuzeyinsesi.org\/wp-content\/uploads\/2025\/03\/1741608125735girne-belediyesi-kadinalr-gunu-6-1-scaled.jpg","datePublished":"2025-03-10T19:43:07+00:00","author":{"@id":"https:\/\/kuzeyinsesi.org\/#\/schema\/person\/9f859689cdf01485597712386e37f5aa"},"breadcrumb":{"@id":"https:\/\/kuzeyinsesi.org\/index.php\/2025\/03\/10\/girnede-ceketini-al-da-gel-isimli-sanat-atolyesi-yapildi\/#breadcrumb"},"inLanguage":"tr","potentialAction":[{"@type":"ReadAction","target":["https:\/\/kuzeyinsesi.org\/index.php\/2025\/03\/10\/girnede-ceketini-al-da-gel-isimli-sanat-atolyesi-yapildi\/"]}]},{"@type":"ImageObject","inLanguage":"tr","@id":"https:\/\/kuzeyinsesi.org\/index.php\/2025\/03\/10\/girnede-ceketini-al-da-gel-isimli-sanat-atolyesi-yapildi\/#primaryimage","url":"https:\/\/kuzeyinsesi.org\/wp-content\/uploads\/2025\/03\/1741608125735girne-belediyesi-kadinalr-gunu-6-1-scaled.jpg","contentUrl":"https:\/\/kuzeyinsesi.org\/wp-content\/uploads\/2025\/03\/1741608125735girne-belediyesi-kadinalr-gunu-6-1-scaled.jpg","width":2560,"height":1920},{"@type":"BreadcrumbList","@id":"https:\/\/kuzeyinsesi.org\/index.php\/2025\/03\/10\/girnede-ceketini-al-da-gel-isimli-sanat-atolyesi-yapildi\/#breadcrumb","itemListElement":[{"@type":"ListItem","position":1,"name":"Anasayfa","item":"https:\/\/kuzeyinsesi.org\/"},{"@type":"ListItem","position":2,"name":"Girne\u2019de \u201cCeketini Al da Gel\u2019 isimli sanat at\u00f6lyesi yap\u0131ld\u0131"}]},{"@type":"WebSite","@id":"https:\/\/kuzeyinsesi.org\/#website","url":"https:\/\/kuzeyinsesi.org\/","name":"Kuzeyin Sesi","description":"Do\u011fru Haberin Adresi","potentialAction":[{"@type":"SearchAction","target":{"@type":"EntryPoint","urlTemplate":"https:\/\/kuzeyinsesi.org\/?s={search_term_string}"},"query-input":{"@type":"PropertyValueSpecification","valueRequired":true,"valueName":"search_term_string"}}],"inLanguage":"tr"},{"@type":"Person","@id":"https:\/\/kuzeyinsesi.org\/#\/schema\/person\/9f859689cdf01485597712386e37f5aa","name":"Kuzeyin Sesi","image":{"@type":"ImageObject","inLanguage":"tr","@id":"https:\/\/secure.gravatar.com\/avatar\/bab33852abfd8b282518d6ed81826833d77c3c882d9ab608add591ccace47a44?s=96&d=mm&r=g","url":"https:\/\/secure.gravatar.com\/avatar\/bab33852abfd8b282518d6ed81826833d77c3c882d9ab608add591ccace47a44?s=96&d=mm&r=g","contentUrl":"https:\/\/secure.gravatar.com\/avatar\/bab33852abfd8b282518d6ed81826833d77c3c882d9ab608add591ccace47a44?s=96&d=mm&r=g","caption":"Kuzeyin Sesi"},"sameAs":["https:\/\/kuzeyinsesi.org"],"url":"https:\/\/kuzeyinsesi.org\/index.php\/author\/guven\/"}]}},"_links":{"self":[{"href":"https:\/\/kuzeyinsesi.org\/index.php\/wp-json\/wp\/v2\/posts\/20646","targetHints":{"allow":["GET"]}}],"collection":[{"href":"https:\/\/kuzeyinsesi.org\/index.php\/wp-json\/wp\/v2\/posts"}],"about":[{"href":"https:\/\/kuzeyinsesi.org\/index.php\/wp-json\/wp\/v2\/types\/post"}],"author":[{"embeddable":true,"href":"https:\/\/kuzeyinsesi.org\/index.php\/wp-json\/wp\/v2\/users\/1"}],"replies":[{"embeddable":true,"href":"https:\/\/kuzeyinsesi.org\/index.php\/wp-json\/wp\/v2\/comments?post=20646"}],"version-history":[{"count":0,"href":"https:\/\/kuzeyinsesi.org\/index.php\/wp-json\/wp\/v2\/posts\/20646\/revisions"}],"wp:featuredmedia":[{"embeddable":true,"href":"https:\/\/kuzeyinsesi.org\/index.php\/wp-json\/wp\/v2\/media\/20647"}],"wp:attachment":[{"href":"https:\/\/kuzeyinsesi.org\/index.php\/wp-json\/wp\/v2\/media?parent=20646"}],"wp:term":[{"taxonomy":"category","embeddable":true,"href":"https:\/\/kuzeyinsesi.org\/index.php\/wp-json\/wp\/v2\/categories?post=20646"},{"taxonomy":"post_tag","embeddable":true,"href":"https:\/\/kuzeyinsesi.org\/index.php\/wp-json\/wp\/v2\/tags?post=20646"}],"curies":[{"name":"wp","href":"https:\/\/api.w.org\/{rel}","templated":true}]}}