{"id":20644,"date":"2025-03-10T20:41:39","date_gmt":"2025-03-10T18:41:39","guid":{"rendered":"https:\/\/kuzeyinsesi.org\/index.php\/2025\/03\/10\/kibris-turk-tarihine-damga-vurmus-isimler-dr-servet-sami-dedecay-semineri-yapildi\/"},"modified":"2025-03-10T20:41:39","modified_gmt":"2025-03-10T18:41:39","slug":"kibris-turk-tarihine-damga-vurmus-isimler-dr-servet-sami-dedecay-semineri-yapildi","status":"publish","type":"post","link":"https:\/\/kuzeyinsesi.org\/index.php\/2025\/03\/10\/kibris-turk-tarihine-damga-vurmus-isimler-dr-servet-sami-dedecay-semineri-yapildi\/","title":{"rendered":"\u201cK\u0131br\u0131s T\u00fcrk Tarihine Damga Vurmu\u015f \u0130simler: Dr. Servet Sami Dede\u00e7ay\u201d semineri yap\u0131ld\u0131"},"content":{"rendered":"<div>\n<div class=\"mariselle-image-container center\">\n                                            <\/div>\n<p>Akdeniz Karpaz \u00dcniversitesi K\u0131br\u0131s Ara\u015ft\u0131rmalar\u0131 Merkezi, \u201cK\u0131br\u0131s T\u00fcrk Tarihine Damga Vurmu\u015f \u0130simler: Dr. Servet Sami Dede\u00e7ay\u201d konulu seminer d\u00fczenledi.<\/p>\n<p>\u00dcniversiteden yap\u0131lan a\u00e7\u0131klamaya g\u00f6re, \u201cK\u0131br\u0131s T\u00fcrk Tarihine Damga Vurmu\u015f \u0130simler\u201d seminer serisinin bu haftaki konusu, K\u0131br\u0131s\u2019ta bir\u00e7ok ilke imza atm\u0131\u015f ve toplumda derin izler b\u0131rakm\u0131\u015f Dr. Servet Sami Dede\u00e7ay oldu.<\/p>\n<p>8 Mart Emek\u00e7i Kad\u0131nlar G\u00fcn\u00fc kapsam\u0131nda bug\u00fcn Lefko\u015fa Grand Pasha Hotel\u2019de d\u00fczenlenen etkinlikte, akademik, sosyal ve k\u00fclt\u00fcrel alanlarda \u00f6nc\u00fcl\u00fck etmi\u015f bir kad\u0131n olan Dr. Servet Sami Dede\u00e7ay an\u0131ld\u0131.<\/p>\n<p>Etkinli\u011fin a\u00e7\u0131l\u0131\u015f konu\u015fmas\u0131n\u0131, Akdeniz Karpaz \u00dcniversitesi Rekt\u00f6r Yard\u0131mc\u0131s\u0131 Do\u00e7. Dr. Tolga \u00d6z yapt\u0131.<\/p>\n<p>Moderat\u00f6rl\u00fc\u011f\u00fcn\u00fc Rekt\u00f6r Yard\u0131mc\u0131s\u0131 Do\u00e7. Dr. Ay\u015fen Berbero\u011flu\u2019nun \u00fcstlendi\u011fi seminerde, Dr. Hasan Topal, Prof. Dr. \u015eevket \u00d6znur ve Naz\u0131m Topcan konu\u015fmac\u0131 olarak yer ald\u0131.<\/p>\n<p>Kat\u0131l\u0131mc\u0131lar, Dr. Dede\u00e7ay\u2019\u0131n ya\u015fam\u0131, akademik \u00e7al\u0131\u015fmalar\u0131 ve K\u0131br\u0131s T\u00fcrk toplumuna yapt\u0131\u011f\u0131 katk\u0131lar hakk\u0131nda bilgiler payla\u015ft\u0131.<\/p>\n<p>Etkinli\u011fin sonunda konu\u015fmac\u0131lara plaket takdim edildi ve aile foto\u011fraf\u0131 \u00e7ekildi.<\/p>\n<\/p><\/div>\n<p><script async\n                    defer\n                    crossorigin=\"anonymous\"\n                    src=\"https:\/\/connect.facebook.net\/tr_TR\/sdk.js#xfbml=1&#038;version=v3.3\"\n            ><\/script><\/p>\n","protected":false},"excerpt":{"rendered":"<p>Akdeniz Karpaz \u00dcniversitesi K\u0131br\u0131s Ara\u015ft\u0131rmalar\u0131 Merkezi, \u201cK\u0131br\u0131s T\u00fcrk Tarihine Damga Vurmu\u015f \u0130simler: Dr. Servet Sami Dede\u00e7ay\u201d konulu seminer d\u00fczenledi. \u00dcniversiteden yap\u0131lan a\u00e7\u0131klamaya g\u00f6re, \u201cK\u0131br\u0131s T\u00fcrk Tarihine Damga Vurmu\u015f \u0130simler\u201d seminer serisinin bu haftaki konusu, K\u0131br\u0131s\u2019ta bir\u00e7ok ilke imza atm\u0131\u015f ve toplumda derin izler b\u0131rakm\u0131\u015f Dr. Servet Sami Dede\u00e7ay oldu. 8 Mart Emek\u00e7i Kad\u0131nlar G\u00fcn\u00fc kapsam\u0131nda [&hellip;]<\/p>\n","protected":false},"author":1,"featured_media":20645,"comment_status":"open","ping_status":"open","sticky":false,"template":"","format":"standard","meta":{"jnews-multi-image_gallery":[],"jnews_single_post":[],"jnews_primary_category":[],"jnews_social_meta":[],"jnews_override_counter":[],"footnotes":""},"categories":[6],"tags":[],"class_list":["post-20644","post","type-post","status-publish","format-standard","has-post-thumbnail","hentry","category-yasam"],"yoast_head":"<!-- This site is optimized with the Yoast SEO plugin v27.4 - https:\/\/yoast.com\/product\/yoast-seo-wordpress\/ -->\n<title>\u201cK\u0131br\u0131s T\u00fcrk Tarihine Damga Vurmu\u015f \u0130simler: Dr. Servet Sami Dede\u00e7ay\u201d semineri yap\u0131ld\u0131 - Kuzeyin Sesi<\/title>\n<meta name=\"robots\" content=\"index, follow, max-snippet:-1, max-image-preview:large, max-video-preview:-1\" \/>\n<link rel=\"canonical\" href=\"https:\/\/kuzeyinsesi.org\/index.php\/2025\/03\/10\/kibris-turk-tarihine-damga-vurmus-isimler-dr-servet-sami-dedecay-semineri-yapildi\/\" \/>\n<meta property=\"og:locale\" content=\"tr_TR\" \/>\n<meta property=\"og:type\" content=\"article\" \/>\n<meta property=\"og:title\" content=\"\u201cK\u0131br\u0131s T\u00fcrk Tarihine Damga Vurmu\u015f \u0130simler: Dr. Servet Sami Dede\u00e7ay\u201d semineri yap\u0131ld\u0131 - Kuzeyin Sesi\" \/>\n<meta property=\"og:description\" content=\"Akdeniz Karpaz \u00dcniversitesi K\u0131br\u0131s Ara\u015ft\u0131rmalar\u0131 Merkezi, \u201cK\u0131br\u0131s T\u00fcrk Tarihine Damga Vurmu\u015f \u0130simler: Dr. Servet Sami Dede\u00e7ay\u201d konulu seminer d\u00fczenledi. \u00dcniversiteden yap\u0131lan a\u00e7\u0131klamaya g\u00f6re, \u201cK\u0131br\u0131s T\u00fcrk Tarihine Damga Vurmu\u015f \u0130simler\u201d seminer serisinin bu haftaki konusu, K\u0131br\u0131s\u2019ta bir\u00e7ok ilke imza atm\u0131\u015f ve toplumda derin izler b\u0131rakm\u0131\u015f Dr. Servet Sami Dede\u00e7ay oldu. 8 Mart Emek\u00e7i Kad\u0131nlar G\u00fcn\u00fc kapsam\u0131nda [&hellip;]\" \/>\n<meta property=\"og:url\" content=\"https:\/\/kuzeyinsesi.org\/index.php\/2025\/03\/10\/kibris-turk-tarihine-damga-vurmus-isimler-dr-servet-sami-dedecay-semineri-yapildi\/\" \/>\n<meta property=\"og:site_name\" content=\"Kuzeyin Sesi\" \/>\n<meta property=\"article:publisher\" content=\"https:\/\/www.facebook.com\/kuzeyinsesii\" \/>\n<meta property=\"article:published_time\" content=\"2025-03-10T18:41:39+00:00\" \/>\n<meta property=\"og:image\" content=\"https:\/\/brtk.net\/wp-content\/uploads\/2025\/03\/10\/1741612776408AKDENIZ-KARPAZ-UNIVERSITESI-2-scaled.jpg?ver=d9b7356edf469f3995dd5ca58a6d9264\" \/>\n<meta name=\"author\" content=\"Kuzeyin Sesi\" \/>\n<meta name=\"twitter:card\" content=\"summary_large_image\" \/>\n<meta name=\"twitter:creator\" content=\"@kuzeyinsesii\" \/>\n<meta name=\"twitter:site\" content=\"@kuzeyinsesii\" \/>\n<meta name=\"twitter:label1\" content=\"Yazan:\" \/>\n\t<meta name=\"twitter:data1\" content=\"Kuzeyin Sesi\" \/>\n\t<meta name=\"twitter:label2\" content=\"Tahmini okuma s\u00fcresi\" \/>\n\t<meta name=\"twitter:data2\" content=\"1 dakika\" \/>\n<script type=\"application\/ld+json\" class=\"yoast-schema-graph\">{\"@context\":\"https:\\\/\\\/schema.org\",\"@graph\":[{\"@type\":\"Article\",\"@id\":\"https:\\\/\\\/kuzeyinsesi.org\\\/index.php\\\/2025\\\/03\\\/10\\\/kibris-turk-tarihine-damga-vurmus-isimler-dr-servet-sami-dedecay-semineri-yapildi\\\/#article\",\"isPartOf\":{\"@id\":\"https:\\\/\\\/kuzeyinsesi.org\\\/index.php\\\/2025\\\/03\\\/10\\\/kibris-turk-tarihine-damga-vurmus-isimler-dr-servet-sami-dedecay-semineri-yapildi\\\/\"},\"author\":{\"name\":\"Kuzeyin Sesi\",\"@id\":\"https:\\\/\\\/kuzeyinsesi.org\\\/#\\\/schema\\\/person\\\/9f859689cdf01485597712386e37f5aa\"},\"headline\":\"\u201cK\u0131br\u0131s T\u00fcrk Tarihine Damga Vurmu\u015f \u0130simler: Dr. Servet Sami Dede\u00e7ay\u201d semineri yap\u0131ld\u0131\",\"datePublished\":\"2025-03-10T18:41:39+00:00\",\"mainEntityOfPage\":{\"@id\":\"https:\\\/\\\/kuzeyinsesi.org\\\/index.php\\\/2025\\\/03\\\/10\\\/kibris-turk-tarihine-damga-vurmus-isimler-dr-servet-sami-dedecay-semineri-yapildi\\\/\"},\"wordCount\":225,\"commentCount\":0,\"image\":{\"@id\":\"https:\\\/\\\/kuzeyinsesi.org\\\/index.php\\\/2025\\\/03\\\/10\\\/kibris-turk-tarihine-damga-vurmus-isimler-dr-servet-sami-dedecay-semineri-yapildi\\\/#primaryimage\"},\"thumbnailUrl\":\"https:\\\/\\\/kuzeyinsesi.org\\\/wp-content\\\/uploads\\\/2025\\\/03\\\/1741612776408AKDENIZ-KARPAZ-UNIVERSITESI-2-scaled.jpg\",\"articleSection\":[\"Ya\u015fam\"],\"inLanguage\":\"tr\",\"potentialAction\":[{\"@type\":\"CommentAction\",\"name\":\"Comment\",\"target\":[\"https:\\\/\\\/kuzeyinsesi.org\\\/index.php\\\/2025\\\/03\\\/10\\\/kibris-turk-tarihine-damga-vurmus-isimler-dr-servet-sami-dedecay-semineri-yapildi\\\/#respond\"]}]},{\"@type\":\"WebPage\",\"@id\":\"https:\\\/\\\/kuzeyinsesi.org\\\/index.php\\\/2025\\\/03\\\/10\\\/kibris-turk-tarihine-damga-vurmus-isimler-dr-servet-sami-dedecay-semineri-yapildi\\\/\",\"url\":\"https:\\\/\\\/kuzeyinsesi.org\\\/index.php\\\/2025\\\/03\\\/10\\\/kibris-turk-tarihine-damga-vurmus-isimler-dr-servet-sami-dedecay-semineri-yapildi\\\/\",\"name\":\"\u201cK\u0131br\u0131s T\u00fcrk Tarihine Damga Vurmu\u015f \u0130simler: Dr. Servet Sami Dede\u00e7ay\u201d semineri yap\u0131ld\u0131 - Kuzeyin Sesi\",\"isPartOf\":{\"@id\":\"https:\\\/\\\/kuzeyinsesi.org\\\/#website\"},\"primaryImageOfPage\":{\"@id\":\"https:\\\/\\\/kuzeyinsesi.org\\\/index.php\\\/2025\\\/03\\\/10\\\/kibris-turk-tarihine-damga-vurmus-isimler-dr-servet-sami-dedecay-semineri-yapildi\\\/#primaryimage\"},\"image\":{\"@id\":\"https:\\\/\\\/kuzeyinsesi.org\\\/index.php\\\/2025\\\/03\\\/10\\\/kibris-turk-tarihine-damga-vurmus-isimler-dr-servet-sami-dedecay-semineri-yapildi\\\/#primaryimage\"},\"thumbnailUrl\":\"https:\\\/\\\/kuzeyinsesi.org\\\/wp-content\\\/uploads\\\/2025\\\/03\\\/1741612776408AKDENIZ-KARPAZ-UNIVERSITESI-2-scaled.jpg\",\"datePublished\":\"2025-03-10T18:41:39+00:00\",\"author\":{\"@id\":\"https:\\\/\\\/kuzeyinsesi.org\\\/#\\\/schema\\\/person\\\/9f859689cdf01485597712386e37f5aa\"},\"breadcrumb\":{\"@id\":\"https:\\\/\\\/kuzeyinsesi.org\\\/index.php\\\/2025\\\/03\\\/10\\\/kibris-turk-tarihine-damga-vurmus-isimler-dr-servet-sami-dedecay-semineri-yapildi\\\/#breadcrumb\"},\"inLanguage\":\"tr\",\"potentialAction\":[{\"@type\":\"ReadAction\",\"target\":[\"https:\\\/\\\/kuzeyinsesi.org\\\/index.php\\\/2025\\\/03\\\/10\\\/kibris-turk-tarihine-damga-vurmus-isimler-dr-servet-sami-dedecay-semineri-yapildi\\\/\"]}]},{\"@type\":\"ImageObject\",\"inLanguage\":\"tr\",\"@id\":\"https:\\\/\\\/kuzeyinsesi.org\\\/index.php\\\/2025\\\/03\\\/10\\\/kibris-turk-tarihine-damga-vurmus-isimler-dr-servet-sami-dedecay-semineri-yapildi\\\/#primaryimage\",\"url\":\"https:\\\/\\\/kuzeyinsesi.org\\\/wp-content\\\/uploads\\\/2025\\\/03\\\/1741612776408AKDENIZ-KARPAZ-UNIVERSITESI-2-scaled.jpg\",\"contentUrl\":\"https:\\\/\\\/kuzeyinsesi.org\\\/wp-content\\\/uploads\\\/2025\\\/03\\\/1741612776408AKDENIZ-KARPAZ-UNIVERSITESI-2-scaled.jpg\",\"width\":2560,\"height\":1480},{\"@type\":\"BreadcrumbList\",\"@id\":\"https:\\\/\\\/kuzeyinsesi.org\\\/index.php\\\/2025\\\/03\\\/10\\\/kibris-turk-tarihine-damga-vurmus-isimler-dr-servet-sami-dedecay-semineri-yapildi\\\/#breadcrumb\",\"itemListElement\":[{\"@type\":\"ListItem\",\"position\":1,\"name\":\"Anasayfa\",\"item\":\"https:\\\/\\\/kuzeyinsesi.org\\\/\"},{\"@type\":\"ListItem\",\"position\":2,\"name\":\"\u201cK\u0131br\u0131s T\u00fcrk Tarihine Damga Vurmu\u015f \u0130simler: Dr. Servet Sami Dede\u00e7ay\u201d semineri yap\u0131ld\u0131\"}]},{\"@type\":\"WebSite\",\"@id\":\"https:\\\/\\\/kuzeyinsesi.org\\\/#website\",\"url\":\"https:\\\/\\\/kuzeyinsesi.org\\\/\",\"name\":\"Kuzeyin Sesi\",\"description\":\"Do\u011fru Haberin Adresi\",\"potentialAction\":[{\"@type\":\"SearchAction\",\"target\":{\"@type\":\"EntryPoint\",\"urlTemplate\":\"https:\\\/\\\/kuzeyinsesi.org\\\/?s={search_term_string}\"},\"query-input\":{\"@type\":\"PropertyValueSpecification\",\"valueRequired\":true,\"valueName\":\"search_term_string\"}}],\"inLanguage\":\"tr\"},{\"@type\":\"Person\",\"@id\":\"https:\\\/\\\/kuzeyinsesi.org\\\/#\\\/schema\\\/person\\\/9f859689cdf01485597712386e37f5aa\",\"name\":\"Kuzeyin Sesi\",\"image\":{\"@type\":\"ImageObject\",\"inLanguage\":\"tr\",\"@id\":\"https:\\\/\\\/secure.gravatar.com\\\/avatar\\\/bab33852abfd8b282518d6ed81826833d77c3c882d9ab608add591ccace47a44?s=96&d=mm&r=g\",\"url\":\"https:\\\/\\\/secure.gravatar.com\\\/avatar\\\/bab33852abfd8b282518d6ed81826833d77c3c882d9ab608add591ccace47a44?s=96&d=mm&r=g\",\"contentUrl\":\"https:\\\/\\\/secure.gravatar.com\\\/avatar\\\/bab33852abfd8b282518d6ed81826833d77c3c882d9ab608add591ccace47a44?s=96&d=mm&r=g\",\"caption\":\"Kuzeyin Sesi\"},\"sameAs\":[\"https:\\\/\\\/kuzeyinsesi.org\"],\"url\":\"https:\\\/\\\/kuzeyinsesi.org\\\/index.php\\\/author\\\/guven\\\/\"}]}<\/script>\n<!-- \/ Yoast SEO plugin. -->","yoast_head_json":{"title":"\u201cK\u0131br\u0131s T\u00fcrk Tarihine Damga Vurmu\u015f \u0130simler: Dr. Servet Sami Dede\u00e7ay\u201d semineri yap\u0131ld\u0131 - Kuzeyin Sesi","robots":{"index":"index","follow":"follow","max-snippet":"max-snippet:-1","max-image-preview":"max-image-preview:large","max-video-preview":"max-video-preview:-1"},"canonical":"https:\/\/kuzeyinsesi.org\/index.php\/2025\/03\/10\/kibris-turk-tarihine-damga-vurmus-isimler-dr-servet-sami-dedecay-semineri-yapildi\/","og_locale":"tr_TR","og_type":"article","og_title":"\u201cK\u0131br\u0131s T\u00fcrk Tarihine Damga Vurmu\u015f \u0130simler: Dr. Servet Sami Dede\u00e7ay\u201d semineri yap\u0131ld\u0131 - Kuzeyin Sesi","og_description":"Akdeniz Karpaz \u00dcniversitesi K\u0131br\u0131s Ara\u015ft\u0131rmalar\u0131 Merkezi, \u201cK\u0131br\u0131s T\u00fcrk Tarihine Damga Vurmu\u015f \u0130simler: Dr. Servet Sami Dede\u00e7ay\u201d konulu seminer d\u00fczenledi. \u00dcniversiteden yap\u0131lan a\u00e7\u0131klamaya g\u00f6re, \u201cK\u0131br\u0131s T\u00fcrk Tarihine Damga Vurmu\u015f \u0130simler\u201d seminer serisinin bu haftaki konusu, K\u0131br\u0131s\u2019ta bir\u00e7ok ilke imza atm\u0131\u015f ve toplumda derin izler b\u0131rakm\u0131\u015f Dr. Servet Sami Dede\u00e7ay oldu. 8 Mart Emek\u00e7i Kad\u0131nlar G\u00fcn\u00fc kapsam\u0131nda [&hellip;]","og_url":"https:\/\/kuzeyinsesi.org\/index.php\/2025\/03\/10\/kibris-turk-tarihine-damga-vurmus-isimler-dr-servet-sami-dedecay-semineri-yapildi\/","og_site_name":"Kuzeyin Sesi","article_publisher":"https:\/\/www.facebook.com\/kuzeyinsesii","article_published_time":"2025-03-10T18:41:39+00:00","og_image":[{"url":"https:\/\/brtk.net\/wp-content\/uploads\/2025\/03\/10\/1741612776408AKDENIZ-KARPAZ-UNIVERSITESI-2-scaled.jpg?ver=d9b7356edf469f3995dd5ca58a6d9264","type":"","width":"","height":""}],"author":"Kuzeyin Sesi","twitter_card":"summary_large_image","twitter_creator":"@kuzeyinsesii","twitter_site":"@kuzeyinsesii","twitter_misc":{"Yazan:":"Kuzeyin Sesi","Tahmini okuma s\u00fcresi":"1 dakika"},"schema":{"@context":"https:\/\/schema.org","@graph":[{"@type":"Article","@id":"https:\/\/kuzeyinsesi.org\/index.php\/2025\/03\/10\/kibris-turk-tarihine-damga-vurmus-isimler-dr-servet-sami-dedecay-semineri-yapildi\/#article","isPartOf":{"@id":"https:\/\/kuzeyinsesi.org\/index.php\/2025\/03\/10\/kibris-turk-tarihine-damga-vurmus-isimler-dr-servet-sami-dedecay-semineri-yapildi\/"},"author":{"name":"Kuzeyin Sesi","@id":"https:\/\/kuzeyinsesi.org\/#\/schema\/person\/9f859689cdf01485597712386e37f5aa"},"headline":"\u201cK\u0131br\u0131s T\u00fcrk Tarihine Damga Vurmu\u015f \u0130simler: Dr. Servet Sami Dede\u00e7ay\u201d semineri yap\u0131ld\u0131","datePublished":"2025-03-10T18:41:39+00:00","mainEntityOfPage":{"@id":"https:\/\/kuzeyinsesi.org\/index.php\/2025\/03\/10\/kibris-turk-tarihine-damga-vurmus-isimler-dr-servet-sami-dedecay-semineri-yapildi\/"},"wordCount":225,"commentCount":0,"image":{"@id":"https:\/\/kuzeyinsesi.org\/index.php\/2025\/03\/10\/kibris-turk-tarihine-damga-vurmus-isimler-dr-servet-sami-dedecay-semineri-yapildi\/#primaryimage"},"thumbnailUrl":"https:\/\/kuzeyinsesi.org\/wp-content\/uploads\/2025\/03\/1741612776408AKDENIZ-KARPAZ-UNIVERSITESI-2-scaled.jpg","articleSection":["Ya\u015fam"],"inLanguage":"tr","potentialAction":[{"@type":"CommentAction","name":"Comment","target":["https:\/\/kuzeyinsesi.org\/index.php\/2025\/03\/10\/kibris-turk-tarihine-damga-vurmus-isimler-dr-servet-sami-dedecay-semineri-yapildi\/#respond"]}]},{"@type":"WebPage","@id":"https:\/\/kuzeyinsesi.org\/index.php\/2025\/03\/10\/kibris-turk-tarihine-damga-vurmus-isimler-dr-servet-sami-dedecay-semineri-yapildi\/","url":"https:\/\/kuzeyinsesi.org\/index.php\/2025\/03\/10\/kibris-turk-tarihine-damga-vurmus-isimler-dr-servet-sami-dedecay-semineri-yapildi\/","name":"\u201cK\u0131br\u0131s T\u00fcrk Tarihine Damga Vurmu\u015f \u0130simler: Dr. Servet Sami Dede\u00e7ay\u201d semineri yap\u0131ld\u0131 - Kuzeyin Sesi","isPartOf":{"@id":"https:\/\/kuzeyinsesi.org\/#website"},"primaryImageOfPage":{"@id":"https:\/\/kuzeyinsesi.org\/index.php\/2025\/03\/10\/kibris-turk-tarihine-damga-vurmus-isimler-dr-servet-sami-dedecay-semineri-yapildi\/#primaryimage"},"image":{"@id":"https:\/\/kuzeyinsesi.org\/index.php\/2025\/03\/10\/kibris-turk-tarihine-damga-vurmus-isimler-dr-servet-sami-dedecay-semineri-yapildi\/#primaryimage"},"thumbnailUrl":"https:\/\/kuzeyinsesi.org\/wp-content\/uploads\/2025\/03\/1741612776408AKDENIZ-KARPAZ-UNIVERSITESI-2-scaled.jpg","datePublished":"2025-03-10T18:41:39+00:00","author":{"@id":"https:\/\/kuzeyinsesi.org\/#\/schema\/person\/9f859689cdf01485597712386e37f5aa"},"breadcrumb":{"@id":"https:\/\/kuzeyinsesi.org\/index.php\/2025\/03\/10\/kibris-turk-tarihine-damga-vurmus-isimler-dr-servet-sami-dedecay-semineri-yapildi\/#breadcrumb"},"inLanguage":"tr","potentialAction":[{"@type":"ReadAction","target":["https:\/\/kuzeyinsesi.org\/index.php\/2025\/03\/10\/kibris-turk-tarihine-damga-vurmus-isimler-dr-servet-sami-dedecay-semineri-yapildi\/"]}]},{"@type":"ImageObject","inLanguage":"tr","@id":"https:\/\/kuzeyinsesi.org\/index.php\/2025\/03\/10\/kibris-turk-tarihine-damga-vurmus-isimler-dr-servet-sami-dedecay-semineri-yapildi\/#primaryimage","url":"https:\/\/kuzeyinsesi.org\/wp-content\/uploads\/2025\/03\/1741612776408AKDENIZ-KARPAZ-UNIVERSITESI-2-scaled.jpg","contentUrl":"https:\/\/kuzeyinsesi.org\/wp-content\/uploads\/2025\/03\/1741612776408AKDENIZ-KARPAZ-UNIVERSITESI-2-scaled.jpg","width":2560,"height":1480},{"@type":"BreadcrumbList","@id":"https:\/\/kuzeyinsesi.org\/index.php\/2025\/03\/10\/kibris-turk-tarihine-damga-vurmus-isimler-dr-servet-sami-dedecay-semineri-yapildi\/#breadcrumb","itemListElement":[{"@type":"ListItem","position":1,"name":"Anasayfa","item":"https:\/\/kuzeyinsesi.org\/"},{"@type":"ListItem","position":2,"name":"\u201cK\u0131br\u0131s T\u00fcrk Tarihine Damga Vurmu\u015f \u0130simler: Dr. Servet Sami Dede\u00e7ay\u201d semineri yap\u0131ld\u0131"}]},{"@type":"WebSite","@id":"https:\/\/kuzeyinsesi.org\/#website","url":"https:\/\/kuzeyinsesi.org\/","name":"Kuzeyin Sesi","description":"Do\u011fru Haberin Adresi","potentialAction":[{"@type":"SearchAction","target":{"@type":"EntryPoint","urlTemplate":"https:\/\/kuzeyinsesi.org\/?s={search_term_string}"},"query-input":{"@type":"PropertyValueSpecification","valueRequired":true,"valueName":"search_term_string"}}],"inLanguage":"tr"},{"@type":"Person","@id":"https:\/\/kuzeyinsesi.org\/#\/schema\/person\/9f859689cdf01485597712386e37f5aa","name":"Kuzeyin Sesi","image":{"@type":"ImageObject","inLanguage":"tr","@id":"https:\/\/secure.gravatar.com\/avatar\/bab33852abfd8b282518d6ed81826833d77c3c882d9ab608add591ccace47a44?s=96&d=mm&r=g","url":"https:\/\/secure.gravatar.com\/avatar\/bab33852abfd8b282518d6ed81826833d77c3c882d9ab608add591ccace47a44?s=96&d=mm&r=g","contentUrl":"https:\/\/secure.gravatar.com\/avatar\/bab33852abfd8b282518d6ed81826833d77c3c882d9ab608add591ccace47a44?s=96&d=mm&r=g","caption":"Kuzeyin Sesi"},"sameAs":["https:\/\/kuzeyinsesi.org"],"url":"https:\/\/kuzeyinsesi.org\/index.php\/author\/guven\/"}]}},"_links":{"self":[{"href":"https:\/\/kuzeyinsesi.org\/index.php\/wp-json\/wp\/v2\/posts\/20644","targetHints":{"allow":["GET"]}}],"collection":[{"href":"https:\/\/kuzeyinsesi.org\/index.php\/wp-json\/wp\/v2\/posts"}],"about":[{"href":"https:\/\/kuzeyinsesi.org\/index.php\/wp-json\/wp\/v2\/types\/post"}],"author":[{"embeddable":true,"href":"https:\/\/kuzeyinsesi.org\/index.php\/wp-json\/wp\/v2\/users\/1"}],"replies":[{"embeddable":true,"href":"https:\/\/kuzeyinsesi.org\/index.php\/wp-json\/wp\/v2\/comments?post=20644"}],"version-history":[{"count":0,"href":"https:\/\/kuzeyinsesi.org\/index.php\/wp-json\/wp\/v2\/posts\/20644\/revisions"}],"wp:featuredmedia":[{"embeddable":true,"href":"https:\/\/kuzeyinsesi.org\/index.php\/wp-json\/wp\/v2\/media\/20645"}],"wp:attachment":[{"href":"https:\/\/kuzeyinsesi.org\/index.php\/wp-json\/wp\/v2\/media?parent=20644"}],"wp:term":[{"taxonomy":"category","embeddable":true,"href":"https:\/\/kuzeyinsesi.org\/index.php\/wp-json\/wp\/v2\/categories?post=20644"},{"taxonomy":"post_tag","embeddable":true,"href":"https:\/\/kuzeyinsesi.org\/index.php\/wp-json\/wp\/v2\/tags?post=20644"}],"curies":[{"name":"wp","href":"https:\/\/api.w.org\/{rel}","templated":true}]}}