{"id":20642,"date":"2025-03-10T19:40:17","date_gmt":"2025-03-10T17:40:17","guid":{"rendered":"https:\/\/kuzeyinsesi.org\/index.php\/2025\/03\/10\/piyanist-ruya-taner-iskelede-ogrencilerle-bulustu-2\/"},"modified":"2025-03-10T19:40:17","modified_gmt":"2025-03-10T17:40:17","slug":"piyanist-ruya-taner-iskelede-ogrencilerle-bulustu-2","status":"publish","type":"post","link":"https:\/\/kuzeyinsesi.org\/index.php\/2025\/03\/10\/piyanist-ruya-taner-iskelede-ogrencilerle-bulustu-2\/","title":{"rendered":"Piyanist R\u00fcya Taner, \u0130skele\u2019de \u00f6\u011frencilerle bulu\u015ftu"},"content":{"rendered":"<div>\n<div class=\"mariselle-image-container center\">\n                                            <\/div>\n<p>Milli E\u011fitim Bakanl\u0131\u011f\u0131 i\u015f birli\u011fiyle hayata ge\u00e7irilen \u201cR\u00fcya ile Ger\u00e7ek\u201d projesi kapsam\u0131nda konser piyanisti R\u00fcya Taner, \u0130skele\u2019de \u00f6\u011frencilerle bir araya geldi.<\/p>\n<p>R\u00fcya Taner\u2019in yapt\u0131\u011f\u0131 yaz\u0131l\u0131 a\u00e7\u0131klamaya g\u00f6re, Taner, Bekirpa\u015fa Lisesi ve EVKAF T\u00fcrk Maarif Koleji \u00f6\u011frencileri ile bulu\u015farak sohbet etti.<\/p>\n<p>\u00c7ocuklar\u0131n kendi imkanlar\u0131 ile enstr\u00fcmanlar \u00e7almaya \u00e7al\u0131\u015ft\u0131\u011f\u0131n\u0131 ifade eden R\u00fcya Taner, \u201cB\u00fcy\u00fck \u015fehirlere k\u0131yasla bu okullar\u0131m\u0131z\u0131n daha fazla ilgi ve \u015fefkate ihtiyac\u0131 oldu\u011funu hissettim.\u201d dedi.<\/p>\n<\/p><\/div>\n<p><script async\n                    defer\n                    crossorigin=\"anonymous\"\n                    src=\"https:\/\/connect.facebook.net\/tr_TR\/sdk.js#xfbml=1&#038;version=v3.3\"\n            ><\/script><\/p>\n","protected":false},"excerpt":{"rendered":"<p>Milli E\u011fitim Bakanl\u0131\u011f\u0131 i\u015f birli\u011fiyle hayata ge\u00e7irilen \u201cR\u00fcya ile Ger\u00e7ek\u201d projesi kapsam\u0131nda konser piyanisti R\u00fcya Taner, \u0130skele\u2019de \u00f6\u011frencilerle bir araya geldi. R\u00fcya Taner\u2019in yapt\u0131\u011f\u0131 yaz\u0131l\u0131 a\u00e7\u0131klamaya g\u00f6re, Taner, Bekirpa\u015fa Lisesi ve EVKAF T\u00fcrk Maarif Koleji \u00f6\u011frencileri ile bulu\u015farak sohbet etti. \u00c7ocuklar\u0131n kendi imkanlar\u0131 ile enstr\u00fcmanlar \u00e7almaya \u00e7al\u0131\u015ft\u0131\u011f\u0131n\u0131 ifade eden R\u00fcya Taner, \u201cB\u00fcy\u00fck \u015fehirlere k\u0131yasla bu [&hellip;]<\/p>\n","protected":false},"author":1,"featured_media":20643,"comment_status":"open","ping_status":"open","sticky":false,"template":"","format":"standard","meta":{"jnews-multi-image_gallery":[],"jnews_single_post":[],"jnews_primary_category":[],"jnews_social_meta":[],"jnews_override_counter":[],"footnotes":""},"categories":[6],"tags":[],"class_list":["post-20642","post","type-post","status-publish","format-standard","has-post-thumbnail","hentry","category-yasam"],"yoast_head":"<!-- This site is optimized with the Yoast SEO plugin v27.4 - https:\/\/yoast.com\/product\/yoast-seo-wordpress\/ -->\n<title>Piyanist R\u00fcya Taner, \u0130skele\u2019de \u00f6\u011frencilerle bulu\u015ftu - Kuzeyin Sesi<\/title>\n<meta name=\"robots\" content=\"index, follow, max-snippet:-1, max-image-preview:large, max-video-preview:-1\" \/>\n<link rel=\"canonical\" href=\"https:\/\/kuzeyinsesi.org\/index.php\/2025\/03\/10\/piyanist-ruya-taner-iskelede-ogrencilerle-bulustu-2\/\" \/>\n<meta property=\"og:locale\" content=\"tr_TR\" \/>\n<meta property=\"og:type\" content=\"article\" \/>\n<meta property=\"og:title\" content=\"Piyanist R\u00fcya Taner, \u0130skele\u2019de \u00f6\u011frencilerle bulu\u015ftu - Kuzeyin Sesi\" \/>\n<meta property=\"og:description\" content=\"Milli E\u011fitim Bakanl\u0131\u011f\u0131 i\u015f birli\u011fiyle hayata ge\u00e7irilen \u201cR\u00fcya ile Ger\u00e7ek\u201d projesi kapsam\u0131nda konser piyanisti R\u00fcya Taner, \u0130skele\u2019de \u00f6\u011frencilerle bir araya geldi. R\u00fcya Taner\u2019in yapt\u0131\u011f\u0131 yaz\u0131l\u0131 a\u00e7\u0131klamaya g\u00f6re, Taner, Bekirpa\u015fa Lisesi ve EVKAF T\u00fcrk Maarif Koleji \u00f6\u011frencileri ile bulu\u015farak sohbet etti. \u00c7ocuklar\u0131n kendi imkanlar\u0131 ile enstr\u00fcmanlar \u00e7almaya \u00e7al\u0131\u015ft\u0131\u011f\u0131n\u0131 ifade eden R\u00fcya Taner, \u201cB\u00fcy\u00fck \u015fehirlere k\u0131yasla bu [&hellip;]\" \/>\n<meta property=\"og:url\" content=\"https:\/\/kuzeyinsesi.org\/index.php\/2025\/03\/10\/piyanist-ruya-taner-iskelede-ogrencilerle-bulustu-2\/\" \/>\n<meta property=\"og:site_name\" content=\"Kuzeyin Sesi\" \/>\n<meta property=\"article:publisher\" content=\"https:\/\/www.facebook.com\/kuzeyinsesii\" \/>\n<meta property=\"article:published_time\" content=\"2025-03-10T17:40:17+00:00\" \/>\n<meta property=\"og:image\" content=\"https:\/\/brtk.net\/wp-content\/uploads\/2025\/03\/10\/1741617992900Ruya-Taner-1.jpeg?ver=df2f5c6a6b29b6e0dcf4c8132391df41\" \/>\n<meta name=\"author\" content=\"Kuzeyin Sesi\" \/>\n<meta name=\"twitter:card\" content=\"summary_large_image\" \/>\n<meta name=\"twitter:creator\" content=\"@kuzeyinsesii\" \/>\n<meta name=\"twitter:site\" content=\"@kuzeyinsesii\" \/>\n<meta name=\"twitter:label1\" content=\"Yazan:\" \/>\n\t<meta name=\"twitter:data1\" content=\"Kuzeyin Sesi\" \/>\n<script type=\"application\/ld+json\" class=\"yoast-schema-graph\">{\"@context\":\"https:\\\/\\\/schema.org\",\"@graph\":[{\"@type\":\"Article\",\"@id\":\"https:\\\/\\\/kuzeyinsesi.org\\\/index.php\\\/2025\\\/03\\\/10\\\/piyanist-ruya-taner-iskelede-ogrencilerle-bulustu-2\\\/#article\",\"isPartOf\":{\"@id\":\"https:\\\/\\\/kuzeyinsesi.org\\\/index.php\\\/2025\\\/03\\\/10\\\/piyanist-ruya-taner-iskelede-ogrencilerle-bulustu-2\\\/\"},\"author\":{\"name\":\"Kuzeyin Sesi\",\"@id\":\"https:\\\/\\\/kuzeyinsesi.org\\\/#\\\/schema\\\/person\\\/9f859689cdf01485597712386e37f5aa\"},\"headline\":\"Piyanist R\u00fcya Taner, \u0130skele\u2019de \u00f6\u011frencilerle bulu\u015ftu\",\"datePublished\":\"2025-03-10T17:40:17+00:00\",\"mainEntityOfPage\":{\"@id\":\"https:\\\/\\\/kuzeyinsesi.org\\\/index.php\\\/2025\\\/03\\\/10\\\/piyanist-ruya-taner-iskelede-ogrencilerle-bulustu-2\\\/\"},\"wordCount\":102,\"commentCount\":0,\"image\":{\"@id\":\"https:\\\/\\\/kuzeyinsesi.org\\\/index.php\\\/2025\\\/03\\\/10\\\/piyanist-ruya-taner-iskelede-ogrencilerle-bulustu-2\\\/#primaryimage\"},\"thumbnailUrl\":\"https:\\\/\\\/kuzeyinsesi.org\\\/wp-content\\\/uploads\\\/2025\\\/03\\\/1741617992900Ruya-Taner-1.jpeg\",\"articleSection\":[\"Ya\u015fam\"],\"inLanguage\":\"tr\",\"potentialAction\":[{\"@type\":\"CommentAction\",\"name\":\"Comment\",\"target\":[\"https:\\\/\\\/kuzeyinsesi.org\\\/index.php\\\/2025\\\/03\\\/10\\\/piyanist-ruya-taner-iskelede-ogrencilerle-bulustu-2\\\/#respond\"]}]},{\"@type\":\"WebPage\",\"@id\":\"https:\\\/\\\/kuzeyinsesi.org\\\/index.php\\\/2025\\\/03\\\/10\\\/piyanist-ruya-taner-iskelede-ogrencilerle-bulustu-2\\\/\",\"url\":\"https:\\\/\\\/kuzeyinsesi.org\\\/index.php\\\/2025\\\/03\\\/10\\\/piyanist-ruya-taner-iskelede-ogrencilerle-bulustu-2\\\/\",\"name\":\"Piyanist R\u00fcya Taner, \u0130skele\u2019de \u00f6\u011frencilerle bulu\u015ftu - Kuzeyin Sesi\",\"isPartOf\":{\"@id\":\"https:\\\/\\\/kuzeyinsesi.org\\\/#website\"},\"primaryImageOfPage\":{\"@id\":\"https:\\\/\\\/kuzeyinsesi.org\\\/index.php\\\/2025\\\/03\\\/10\\\/piyanist-ruya-taner-iskelede-ogrencilerle-bulustu-2\\\/#primaryimage\"},\"image\":{\"@id\":\"https:\\\/\\\/kuzeyinsesi.org\\\/index.php\\\/2025\\\/03\\\/10\\\/piyanist-ruya-taner-iskelede-ogrencilerle-bulustu-2\\\/#primaryimage\"},\"thumbnailUrl\":\"https:\\\/\\\/kuzeyinsesi.org\\\/wp-content\\\/uploads\\\/2025\\\/03\\\/1741617992900Ruya-Taner-1.jpeg\",\"datePublished\":\"2025-03-10T17:40:17+00:00\",\"author\":{\"@id\":\"https:\\\/\\\/kuzeyinsesi.org\\\/#\\\/schema\\\/person\\\/9f859689cdf01485597712386e37f5aa\"},\"breadcrumb\":{\"@id\":\"https:\\\/\\\/kuzeyinsesi.org\\\/index.php\\\/2025\\\/03\\\/10\\\/piyanist-ruya-taner-iskelede-ogrencilerle-bulustu-2\\\/#breadcrumb\"},\"inLanguage\":\"tr\",\"potentialAction\":[{\"@type\":\"ReadAction\",\"target\":[\"https:\\\/\\\/kuzeyinsesi.org\\\/index.php\\\/2025\\\/03\\\/10\\\/piyanist-ruya-taner-iskelede-ogrencilerle-bulustu-2\\\/\"]}]},{\"@type\":\"ImageObject\",\"inLanguage\":\"tr\",\"@id\":\"https:\\\/\\\/kuzeyinsesi.org\\\/index.php\\\/2025\\\/03\\\/10\\\/piyanist-ruya-taner-iskelede-ogrencilerle-bulustu-2\\\/#primaryimage\",\"url\":\"https:\\\/\\\/kuzeyinsesi.org\\\/wp-content\\\/uploads\\\/2025\\\/03\\\/1741617992900Ruya-Taner-1.jpeg\",\"contentUrl\":\"https:\\\/\\\/kuzeyinsesi.org\\\/wp-content\\\/uploads\\\/2025\\\/03\\\/1741617992900Ruya-Taner-1.jpeg\",\"width\":1600,\"height\":718},{\"@type\":\"BreadcrumbList\",\"@id\":\"https:\\\/\\\/kuzeyinsesi.org\\\/index.php\\\/2025\\\/03\\\/10\\\/piyanist-ruya-taner-iskelede-ogrencilerle-bulustu-2\\\/#breadcrumb\",\"itemListElement\":[{\"@type\":\"ListItem\",\"position\":1,\"name\":\"Anasayfa\",\"item\":\"https:\\\/\\\/kuzeyinsesi.org\\\/\"},{\"@type\":\"ListItem\",\"position\":2,\"name\":\"Piyanist R\u00fcya Taner, \u0130skele\u2019de \u00f6\u011frencilerle bulu\u015ftu\"}]},{\"@type\":\"WebSite\",\"@id\":\"https:\\\/\\\/kuzeyinsesi.org\\\/#website\",\"url\":\"https:\\\/\\\/kuzeyinsesi.org\\\/\",\"name\":\"Kuzeyin Sesi\",\"description\":\"Do\u011fru Haberin Adresi\",\"potentialAction\":[{\"@type\":\"SearchAction\",\"target\":{\"@type\":\"EntryPoint\",\"urlTemplate\":\"https:\\\/\\\/kuzeyinsesi.org\\\/?s={search_term_string}\"},\"query-input\":{\"@type\":\"PropertyValueSpecification\",\"valueRequired\":true,\"valueName\":\"search_term_string\"}}],\"inLanguage\":\"tr\"},{\"@type\":\"Person\",\"@id\":\"https:\\\/\\\/kuzeyinsesi.org\\\/#\\\/schema\\\/person\\\/9f859689cdf01485597712386e37f5aa\",\"name\":\"Kuzeyin Sesi\",\"image\":{\"@type\":\"ImageObject\",\"inLanguage\":\"tr\",\"@id\":\"https:\\\/\\\/secure.gravatar.com\\\/avatar\\\/bab33852abfd8b282518d6ed81826833d77c3c882d9ab608add591ccace47a44?s=96&d=mm&r=g\",\"url\":\"https:\\\/\\\/secure.gravatar.com\\\/avatar\\\/bab33852abfd8b282518d6ed81826833d77c3c882d9ab608add591ccace47a44?s=96&d=mm&r=g\",\"contentUrl\":\"https:\\\/\\\/secure.gravatar.com\\\/avatar\\\/bab33852abfd8b282518d6ed81826833d77c3c882d9ab608add591ccace47a44?s=96&d=mm&r=g\",\"caption\":\"Kuzeyin Sesi\"},\"sameAs\":[\"https:\\\/\\\/kuzeyinsesi.org\"],\"url\":\"https:\\\/\\\/kuzeyinsesi.org\\\/index.php\\\/author\\\/guven\\\/\"}]}<\/script>\n<!-- \/ Yoast SEO plugin. -->","yoast_head_json":{"title":"Piyanist R\u00fcya Taner, \u0130skele\u2019de \u00f6\u011frencilerle bulu\u015ftu - Kuzeyin Sesi","robots":{"index":"index","follow":"follow","max-snippet":"max-snippet:-1","max-image-preview":"max-image-preview:large","max-video-preview":"max-video-preview:-1"},"canonical":"https:\/\/kuzeyinsesi.org\/index.php\/2025\/03\/10\/piyanist-ruya-taner-iskelede-ogrencilerle-bulustu-2\/","og_locale":"tr_TR","og_type":"article","og_title":"Piyanist R\u00fcya Taner, \u0130skele\u2019de \u00f6\u011frencilerle bulu\u015ftu - Kuzeyin Sesi","og_description":"Milli E\u011fitim Bakanl\u0131\u011f\u0131 i\u015f birli\u011fiyle hayata ge\u00e7irilen \u201cR\u00fcya ile Ger\u00e7ek\u201d projesi kapsam\u0131nda konser piyanisti R\u00fcya Taner, \u0130skele\u2019de \u00f6\u011frencilerle bir araya geldi. R\u00fcya Taner\u2019in yapt\u0131\u011f\u0131 yaz\u0131l\u0131 a\u00e7\u0131klamaya g\u00f6re, Taner, Bekirpa\u015fa Lisesi ve EVKAF T\u00fcrk Maarif Koleji \u00f6\u011frencileri ile bulu\u015farak sohbet etti. \u00c7ocuklar\u0131n kendi imkanlar\u0131 ile enstr\u00fcmanlar \u00e7almaya \u00e7al\u0131\u015ft\u0131\u011f\u0131n\u0131 ifade eden R\u00fcya Taner, \u201cB\u00fcy\u00fck \u015fehirlere k\u0131yasla bu [&hellip;]","og_url":"https:\/\/kuzeyinsesi.org\/index.php\/2025\/03\/10\/piyanist-ruya-taner-iskelede-ogrencilerle-bulustu-2\/","og_site_name":"Kuzeyin Sesi","article_publisher":"https:\/\/www.facebook.com\/kuzeyinsesii","article_published_time":"2025-03-10T17:40:17+00:00","og_image":[{"url":"https:\/\/brtk.net\/wp-content\/uploads\/2025\/03\/10\/1741617992900Ruya-Taner-1.jpeg?ver=df2f5c6a6b29b6e0dcf4c8132391df41","type":"","width":"","height":""}],"author":"Kuzeyin Sesi","twitter_card":"summary_large_image","twitter_creator":"@kuzeyinsesii","twitter_site":"@kuzeyinsesii","twitter_misc":{"Yazan:":"Kuzeyin Sesi"},"schema":{"@context":"https:\/\/schema.org","@graph":[{"@type":"Article","@id":"https:\/\/kuzeyinsesi.org\/index.php\/2025\/03\/10\/piyanist-ruya-taner-iskelede-ogrencilerle-bulustu-2\/#article","isPartOf":{"@id":"https:\/\/kuzeyinsesi.org\/index.php\/2025\/03\/10\/piyanist-ruya-taner-iskelede-ogrencilerle-bulustu-2\/"},"author":{"name":"Kuzeyin Sesi","@id":"https:\/\/kuzeyinsesi.org\/#\/schema\/person\/9f859689cdf01485597712386e37f5aa"},"headline":"Piyanist R\u00fcya Taner, \u0130skele\u2019de \u00f6\u011frencilerle bulu\u015ftu","datePublished":"2025-03-10T17:40:17+00:00","mainEntityOfPage":{"@id":"https:\/\/kuzeyinsesi.org\/index.php\/2025\/03\/10\/piyanist-ruya-taner-iskelede-ogrencilerle-bulustu-2\/"},"wordCount":102,"commentCount":0,"image":{"@id":"https:\/\/kuzeyinsesi.org\/index.php\/2025\/03\/10\/piyanist-ruya-taner-iskelede-ogrencilerle-bulustu-2\/#primaryimage"},"thumbnailUrl":"https:\/\/kuzeyinsesi.org\/wp-content\/uploads\/2025\/03\/1741617992900Ruya-Taner-1.jpeg","articleSection":["Ya\u015fam"],"inLanguage":"tr","potentialAction":[{"@type":"CommentAction","name":"Comment","target":["https:\/\/kuzeyinsesi.org\/index.php\/2025\/03\/10\/piyanist-ruya-taner-iskelede-ogrencilerle-bulustu-2\/#respond"]}]},{"@type":"WebPage","@id":"https:\/\/kuzeyinsesi.org\/index.php\/2025\/03\/10\/piyanist-ruya-taner-iskelede-ogrencilerle-bulustu-2\/","url":"https:\/\/kuzeyinsesi.org\/index.php\/2025\/03\/10\/piyanist-ruya-taner-iskelede-ogrencilerle-bulustu-2\/","name":"Piyanist R\u00fcya Taner, \u0130skele\u2019de \u00f6\u011frencilerle bulu\u015ftu - Kuzeyin Sesi","isPartOf":{"@id":"https:\/\/kuzeyinsesi.org\/#website"},"primaryImageOfPage":{"@id":"https:\/\/kuzeyinsesi.org\/index.php\/2025\/03\/10\/piyanist-ruya-taner-iskelede-ogrencilerle-bulustu-2\/#primaryimage"},"image":{"@id":"https:\/\/kuzeyinsesi.org\/index.php\/2025\/03\/10\/piyanist-ruya-taner-iskelede-ogrencilerle-bulustu-2\/#primaryimage"},"thumbnailUrl":"https:\/\/kuzeyinsesi.org\/wp-content\/uploads\/2025\/03\/1741617992900Ruya-Taner-1.jpeg","datePublished":"2025-03-10T17:40:17+00:00","author":{"@id":"https:\/\/kuzeyinsesi.org\/#\/schema\/person\/9f859689cdf01485597712386e37f5aa"},"breadcrumb":{"@id":"https:\/\/kuzeyinsesi.org\/index.php\/2025\/03\/10\/piyanist-ruya-taner-iskelede-ogrencilerle-bulustu-2\/#breadcrumb"},"inLanguage":"tr","potentialAction":[{"@type":"ReadAction","target":["https:\/\/kuzeyinsesi.org\/index.php\/2025\/03\/10\/piyanist-ruya-taner-iskelede-ogrencilerle-bulustu-2\/"]}]},{"@type":"ImageObject","inLanguage":"tr","@id":"https:\/\/kuzeyinsesi.org\/index.php\/2025\/03\/10\/piyanist-ruya-taner-iskelede-ogrencilerle-bulustu-2\/#primaryimage","url":"https:\/\/kuzeyinsesi.org\/wp-content\/uploads\/2025\/03\/1741617992900Ruya-Taner-1.jpeg","contentUrl":"https:\/\/kuzeyinsesi.org\/wp-content\/uploads\/2025\/03\/1741617992900Ruya-Taner-1.jpeg","width":1600,"height":718},{"@type":"BreadcrumbList","@id":"https:\/\/kuzeyinsesi.org\/index.php\/2025\/03\/10\/piyanist-ruya-taner-iskelede-ogrencilerle-bulustu-2\/#breadcrumb","itemListElement":[{"@type":"ListItem","position":1,"name":"Anasayfa","item":"https:\/\/kuzeyinsesi.org\/"},{"@type":"ListItem","position":2,"name":"Piyanist R\u00fcya Taner, \u0130skele\u2019de \u00f6\u011frencilerle bulu\u015ftu"}]},{"@type":"WebSite","@id":"https:\/\/kuzeyinsesi.org\/#website","url":"https:\/\/kuzeyinsesi.org\/","name":"Kuzeyin Sesi","description":"Do\u011fru Haberin Adresi","potentialAction":[{"@type":"SearchAction","target":{"@type":"EntryPoint","urlTemplate":"https:\/\/kuzeyinsesi.org\/?s={search_term_string}"},"query-input":{"@type":"PropertyValueSpecification","valueRequired":true,"valueName":"search_term_string"}}],"inLanguage":"tr"},{"@type":"Person","@id":"https:\/\/kuzeyinsesi.org\/#\/schema\/person\/9f859689cdf01485597712386e37f5aa","name":"Kuzeyin Sesi","image":{"@type":"ImageObject","inLanguage":"tr","@id":"https:\/\/secure.gravatar.com\/avatar\/bab33852abfd8b282518d6ed81826833d77c3c882d9ab608add591ccace47a44?s=96&d=mm&r=g","url":"https:\/\/secure.gravatar.com\/avatar\/bab33852abfd8b282518d6ed81826833d77c3c882d9ab608add591ccace47a44?s=96&d=mm&r=g","contentUrl":"https:\/\/secure.gravatar.com\/avatar\/bab33852abfd8b282518d6ed81826833d77c3c882d9ab608add591ccace47a44?s=96&d=mm&r=g","caption":"Kuzeyin Sesi"},"sameAs":["https:\/\/kuzeyinsesi.org"],"url":"https:\/\/kuzeyinsesi.org\/index.php\/author\/guven\/"}]}},"_links":{"self":[{"href":"https:\/\/kuzeyinsesi.org\/index.php\/wp-json\/wp\/v2\/posts\/20642","targetHints":{"allow":["GET"]}}],"collection":[{"href":"https:\/\/kuzeyinsesi.org\/index.php\/wp-json\/wp\/v2\/posts"}],"about":[{"href":"https:\/\/kuzeyinsesi.org\/index.php\/wp-json\/wp\/v2\/types\/post"}],"author":[{"embeddable":true,"href":"https:\/\/kuzeyinsesi.org\/index.php\/wp-json\/wp\/v2\/users\/1"}],"replies":[{"embeddable":true,"href":"https:\/\/kuzeyinsesi.org\/index.php\/wp-json\/wp\/v2\/comments?post=20642"}],"version-history":[{"count":0,"href":"https:\/\/kuzeyinsesi.org\/index.php\/wp-json\/wp\/v2\/posts\/20642\/revisions"}],"wp:featuredmedia":[{"embeddable":true,"href":"https:\/\/kuzeyinsesi.org\/index.php\/wp-json\/wp\/v2\/media\/20643"}],"wp:attachment":[{"href":"https:\/\/kuzeyinsesi.org\/index.php\/wp-json\/wp\/v2\/media?parent=20642"}],"wp:term":[{"taxonomy":"category","embeddable":true,"href":"https:\/\/kuzeyinsesi.org\/index.php\/wp-json\/wp\/v2\/categories?post=20642"},{"taxonomy":"post_tag","embeddable":true,"href":"https:\/\/kuzeyinsesi.org\/index.php\/wp-json\/wp\/v2\/tags?post=20642"}],"curies":[{"name":"wp","href":"https:\/\/api.w.org\/{rel}","templated":true}]}}