{"id":2064,"date":"2024-05-11T11:02:26","date_gmt":"2024-05-11T08:02:26","guid":{"rendered":"https:\/\/kuzeyinsesi.com\/index.php\/2024\/05\/11\/hasipoglundan-aciklama-egemenligimiz-kabul-edilmeli-kazanilmis-bir-hakki-talep-ediyoruz-azinlik-degiliz\/"},"modified":"2024-05-11T11:02:26","modified_gmt":"2024-05-11T08:02:26","slug":"hasipoglundan-aciklama-egemenligimiz-kabul-edilmeli-kazanilmis-bir-hakki-talep-ediyoruz-azinlik-degiliz","status":"publish","type":"post","link":"https:\/\/kuzeyinsesi.org\/index.php\/2024\/05\/11\/hasipoglundan-aciklama-egemenligimiz-kabul-edilmeli-kazanilmis-bir-hakki-talep-ediyoruz-azinlik-degiliz\/","title":{"rendered":"Hasipo\u011flu\u2019ndan a\u00e7\u0131klama \u201cEgemenli\u011fimiz kabul edilmeli. Kazan\u0131lm\u0131\u015f bir hakk\u0131 talep ediyoruz, az\u0131nl\u0131k de\u011filiz\u201d"},"content":{"rendered":"<div>\n<div class=\"mariselle-image-container center\">\n                                            <\/div>\n<p>Ulusal Birlik Partisi Genel Sekreteri O\u011fuzhan Hasipo\u011flu, Rum taraf\u0131n\u0131n uzla\u015fmaz tutumundan bahsederek, bunu g\u00f6rmeyip T\u00fcrk taraf\u0131n\u0131 su\u00e7lamaya kalk\u0131\u015fman\u0131n bir hata oldu\u011funu kaydetti.<\/p>\n<p>Ulusal Birlik Partisi Genel Sekreteri O\u011fuzhan Hasipo\u011flu yapt\u0131\u011f\u0131 yaz\u0131l\u0131 a\u00e7\u0131klamada, K\u0131br\u0131s T\u00fcrk taraf\u0131n\u0131n masadan ka\u00e7mad\u0131\u011f\u0131n\u0131, Rum taraf\u0131 ile BM\u2019yi kal\u0131c\u0131 bir anla\u015fma i\u00e7in sonu\u00e7 al\u0131c\u0131 do\u011fru zemine \u00e7ekmek i\u00e7in ger\u00e7ek\u00e7i bir diplomatik \u00e7aba sarf etti\u011fini belirtti.<\/p>\n<p>Hasipo\u011flu, yapt\u0131\u011f\u0131 a\u00e7\u0131klamada, \u201cegemenli\u011fimiz kabul edilmeli. Kazan\u0131lm\u0131\u015f do\u011fal bir hakk\u0131 talep ediyoruz, az\u0131nl\u0131k de\u011filiz\u201d vurgusu yapt\u0131.<\/p>\n<p>Hasipo\u011flu, mutlaka \u00e7\u00f6z\u00fcm \u015fartlar\u0131 ve sonu\u00e7 al\u0131c\u0131 bir m\u00fczakere zemini olu\u015fturulmas\u0131 gerekti\u011fini DE vurgulad\u0131.<\/p>\n<\/p><\/div>\n<p><script async\n                    defer\n                    crossorigin=\"anonymous\"\n                    src=\"https:\/\/connect.facebook.net\/tr_TR\/sdk.js#xfbml=1&#038;version=v3.3\"\n            ><\/script><\/p>\n","protected":false},"excerpt":{"rendered":"<p>Ulusal Birlik Partisi Genel Sekreteri O\u011fuzhan Hasipo\u011flu, Rum taraf\u0131n\u0131n uzla\u015fmaz tutumundan bahsederek, bunu g\u00f6rmeyip T\u00fcrk taraf\u0131n\u0131 su\u00e7lamaya kalk\u0131\u015fman\u0131n bir hata oldu\u011funu kaydetti. Ulusal Birlik Partisi Genel Sekreteri O\u011fuzhan Hasipo\u011flu yapt\u0131\u011f\u0131 yaz\u0131l\u0131 a\u00e7\u0131klamada, K\u0131br\u0131s T\u00fcrk taraf\u0131n\u0131n masadan ka\u00e7mad\u0131\u011f\u0131n\u0131, Rum taraf\u0131 ile BM\u2019yi kal\u0131c\u0131 bir anla\u015fma i\u00e7in sonu\u00e7 al\u0131c\u0131 do\u011fru zemine \u00e7ekmek i\u00e7in ger\u00e7ek\u00e7i bir diplomatik \u00e7aba [&hellip;]<\/p>\n","protected":false},"author":1,"featured_media":2065,"comment_status":"open","ping_status":"open","sticky":false,"template":"","format":"standard","meta":{"jnews-multi-image_gallery":[],"jnews_single_post":[],"jnews_primary_category":[],"jnews_social_meta":[],"jnews_override_counter":[],"footnotes":""},"categories":[1],"tags":[],"class_list":["post-2064","post","type-post","status-publish","format-standard","has-post-thumbnail","hentry","category-kibris"],"yoast_head":"<!-- This site is optimized with the Yoast SEO plugin v27.5 - https:\/\/yoast.com\/product\/yoast-seo-wordpress\/ -->\n<title>Hasipo\u011flu\u2019ndan a\u00e7\u0131klama \u201cEgemenli\u011fimiz kabul edilmeli. Kazan\u0131lm\u0131\u015f bir hakk\u0131 talep ediyoruz, az\u0131nl\u0131k de\u011filiz\u201d - Kuzeyin Sesi<\/title>\n<meta name=\"robots\" content=\"index, follow, max-snippet:-1, max-image-preview:large, max-video-preview:-1\" \/>\n<link rel=\"canonical\" href=\"https:\/\/kuzeyinsesi.org\/index.php\/2024\/05\/11\/hasipoglundan-aciklama-egemenligimiz-kabul-edilmeli-kazanilmis-bir-hakki-talep-ediyoruz-azinlik-degiliz\/\" \/>\n<meta property=\"og:locale\" content=\"tr_TR\" \/>\n<meta property=\"og:type\" content=\"article\" \/>\n<meta property=\"og:title\" content=\"Hasipo\u011flu\u2019ndan a\u00e7\u0131klama \u201cEgemenli\u011fimiz kabul edilmeli. Kazan\u0131lm\u0131\u015f bir hakk\u0131 talep ediyoruz, az\u0131nl\u0131k de\u011filiz\u201d - Kuzeyin Sesi\" \/>\n<meta property=\"og:description\" content=\"Ulusal Birlik Partisi Genel Sekreteri O\u011fuzhan Hasipo\u011flu, Rum taraf\u0131n\u0131n uzla\u015fmaz tutumundan bahsederek, bunu g\u00f6rmeyip T\u00fcrk taraf\u0131n\u0131 su\u00e7lamaya kalk\u0131\u015fman\u0131n bir hata oldu\u011funu kaydetti. Ulusal Birlik Partisi Genel Sekreteri O\u011fuzhan Hasipo\u011flu yapt\u0131\u011f\u0131 yaz\u0131l\u0131 a\u00e7\u0131klamada, K\u0131br\u0131s T\u00fcrk taraf\u0131n\u0131n masadan ka\u00e7mad\u0131\u011f\u0131n\u0131, Rum taraf\u0131 ile BM\u2019yi kal\u0131c\u0131 bir anla\u015fma i\u00e7in sonu\u00e7 al\u0131c\u0131 do\u011fru zemine \u00e7ekmek i\u00e7in ger\u00e7ek\u00e7i bir diplomatik \u00e7aba [&hellip;]\" \/>\n<meta property=\"og:url\" content=\"https:\/\/kuzeyinsesi.org\/index.php\/2024\/05\/11\/hasipoglundan-aciklama-egemenligimiz-kabul-edilmeli-kazanilmis-bir-hakki-talep-ediyoruz-azinlik-degiliz\/\" \/>\n<meta property=\"og:site_name\" content=\"Kuzeyin Sesi\" \/>\n<meta property=\"article:publisher\" content=\"https:\/\/www.facebook.com\/kuzeyinsesii\" \/>\n<meta property=\"article:published_time\" content=\"2024-05-11T08:02:26+00:00\" \/>\n<meta property=\"og:image\" content=\"https:\/\/kuzeyinsesi.org\/wp-content\/uploads\/2024\/05\/1715414547_oguzhan-hasipoglu7.jpg\" \/>\n\t<meta property=\"og:image:width\" content=\"1100\" \/>\n\t<meta property=\"og:image:height\" content=\"637\" \/>\n\t<meta property=\"og:image:type\" content=\"image\/jpeg\" \/>\n<meta name=\"author\" content=\"Kuzeyin Sesi\" \/>\n<meta name=\"twitter:card\" content=\"summary_large_image\" \/>\n<meta name=\"twitter:creator\" content=\"@kuzeyinsesii\" \/>\n<meta name=\"twitter:site\" content=\"@kuzeyinsesii\" \/>\n<meta name=\"twitter:label1\" content=\"Yazan:\" \/>\n\t<meta name=\"twitter:data1\" content=\"Kuzeyin Sesi\" \/>\n\t<meta name=\"twitter:label2\" content=\"Tahmini okuma s\u00fcresi\" \/>\n\t<meta name=\"twitter:data2\" content=\"1 dakika\" \/>\n<script type=\"application\/ld+json\" class=\"yoast-schema-graph\">{\"@context\":\"https:\\\/\\\/schema.org\",\"@graph\":[{\"@type\":\"Article\",\"@id\":\"https:\\\/\\\/kuzeyinsesi.org\\\/index.php\\\/2024\\\/05\\\/11\\\/hasipoglundan-aciklama-egemenligimiz-kabul-edilmeli-kazanilmis-bir-hakki-talep-ediyoruz-azinlik-degiliz\\\/#article\",\"isPartOf\":{\"@id\":\"https:\\\/\\\/kuzeyinsesi.org\\\/index.php\\\/2024\\\/05\\\/11\\\/hasipoglundan-aciklama-egemenligimiz-kabul-edilmeli-kazanilmis-bir-hakki-talep-ediyoruz-azinlik-degiliz\\\/\"},\"author\":{\"name\":\"Kuzeyin Sesi\",\"@id\":\"https:\\\/\\\/kuzeyinsesi.org\\\/#\\\/schema\\\/person\\\/9f859689cdf01485597712386e37f5aa\"},\"headline\":\"Hasipo\u011flu\u2019ndan a\u00e7\u0131klama \u201cEgemenli\u011fimiz kabul edilmeli. Kazan\u0131lm\u0131\u015f bir hakk\u0131 talep ediyoruz, az\u0131nl\u0131k de\u011filiz\u201d\",\"datePublished\":\"2024-05-11T08:02:26+00:00\",\"mainEntityOfPage\":{\"@id\":\"https:\\\/\\\/kuzeyinsesi.org\\\/index.php\\\/2024\\\/05\\\/11\\\/hasipoglundan-aciklama-egemenligimiz-kabul-edilmeli-kazanilmis-bir-hakki-talep-ediyoruz-azinlik-degiliz\\\/\"},\"wordCount\":155,\"commentCount\":0,\"image\":{\"@id\":\"https:\\\/\\\/kuzeyinsesi.org\\\/index.php\\\/2024\\\/05\\\/11\\\/hasipoglundan-aciklama-egemenligimiz-kabul-edilmeli-kazanilmis-bir-hakki-talep-ediyoruz-azinlik-degiliz\\\/#primaryimage\"},\"thumbnailUrl\":\"https:\\\/\\\/kuzeyinsesi.org\\\/wp-content\\\/uploads\\\/2024\\\/05\\\/1715414547_oguzhan-hasipoglu7.jpg\",\"articleSection\":[\"K\u0131br\u0131s\"],\"inLanguage\":\"tr\",\"potentialAction\":[{\"@type\":\"CommentAction\",\"name\":\"Comment\",\"target\":[\"https:\\\/\\\/kuzeyinsesi.org\\\/index.php\\\/2024\\\/05\\\/11\\\/hasipoglundan-aciklama-egemenligimiz-kabul-edilmeli-kazanilmis-bir-hakki-talep-ediyoruz-azinlik-degiliz\\\/#respond\"]}]},{\"@type\":\"WebPage\",\"@id\":\"https:\\\/\\\/kuzeyinsesi.org\\\/index.php\\\/2024\\\/05\\\/11\\\/hasipoglundan-aciklama-egemenligimiz-kabul-edilmeli-kazanilmis-bir-hakki-talep-ediyoruz-azinlik-degiliz\\\/\",\"url\":\"https:\\\/\\\/kuzeyinsesi.org\\\/index.php\\\/2024\\\/05\\\/11\\\/hasipoglundan-aciklama-egemenligimiz-kabul-edilmeli-kazanilmis-bir-hakki-talep-ediyoruz-azinlik-degiliz\\\/\",\"name\":\"Hasipo\u011flu\u2019ndan a\u00e7\u0131klama \u201cEgemenli\u011fimiz kabul edilmeli. Kazan\u0131lm\u0131\u015f bir hakk\u0131 talep ediyoruz, az\u0131nl\u0131k de\u011filiz\u201d - Kuzeyin Sesi\",\"isPartOf\":{\"@id\":\"https:\\\/\\\/kuzeyinsesi.org\\\/#website\"},\"primaryImageOfPage\":{\"@id\":\"https:\\\/\\\/kuzeyinsesi.org\\\/index.php\\\/2024\\\/05\\\/11\\\/hasipoglundan-aciklama-egemenligimiz-kabul-edilmeli-kazanilmis-bir-hakki-talep-ediyoruz-azinlik-degiliz\\\/#primaryimage\"},\"image\":{\"@id\":\"https:\\\/\\\/kuzeyinsesi.org\\\/index.php\\\/2024\\\/05\\\/11\\\/hasipoglundan-aciklama-egemenligimiz-kabul-edilmeli-kazanilmis-bir-hakki-talep-ediyoruz-azinlik-degiliz\\\/#primaryimage\"},\"thumbnailUrl\":\"https:\\\/\\\/kuzeyinsesi.org\\\/wp-content\\\/uploads\\\/2024\\\/05\\\/1715414547_oguzhan-hasipoglu7.jpg\",\"datePublished\":\"2024-05-11T08:02:26+00:00\",\"author\":{\"@id\":\"https:\\\/\\\/kuzeyinsesi.org\\\/#\\\/schema\\\/person\\\/9f859689cdf01485597712386e37f5aa\"},\"breadcrumb\":{\"@id\":\"https:\\\/\\\/kuzeyinsesi.org\\\/index.php\\\/2024\\\/05\\\/11\\\/hasipoglundan-aciklama-egemenligimiz-kabul-edilmeli-kazanilmis-bir-hakki-talep-ediyoruz-azinlik-degiliz\\\/#breadcrumb\"},\"inLanguage\":\"tr\",\"potentialAction\":[{\"@type\":\"ReadAction\",\"target\":[\"https:\\\/\\\/kuzeyinsesi.org\\\/index.php\\\/2024\\\/05\\\/11\\\/hasipoglundan-aciklama-egemenligimiz-kabul-edilmeli-kazanilmis-bir-hakki-talep-ediyoruz-azinlik-degiliz\\\/\"]}]},{\"@type\":\"ImageObject\",\"inLanguage\":\"tr\",\"@id\":\"https:\\\/\\\/kuzeyinsesi.org\\\/index.php\\\/2024\\\/05\\\/11\\\/hasipoglundan-aciklama-egemenligimiz-kabul-edilmeli-kazanilmis-bir-hakki-talep-ediyoruz-azinlik-degiliz\\\/#primaryimage\",\"url\":\"https:\\\/\\\/kuzeyinsesi.org\\\/wp-content\\\/uploads\\\/2024\\\/05\\\/1715414547_oguzhan-hasipoglu7.jpg\",\"contentUrl\":\"https:\\\/\\\/kuzeyinsesi.org\\\/wp-content\\\/uploads\\\/2024\\\/05\\\/1715414547_oguzhan-hasipoglu7.jpg\",\"width\":1100,\"height\":637},{\"@type\":\"BreadcrumbList\",\"@id\":\"https:\\\/\\\/kuzeyinsesi.org\\\/index.php\\\/2024\\\/05\\\/11\\\/hasipoglundan-aciklama-egemenligimiz-kabul-edilmeli-kazanilmis-bir-hakki-talep-ediyoruz-azinlik-degiliz\\\/#breadcrumb\",\"itemListElement\":[{\"@type\":\"ListItem\",\"position\":1,\"name\":\"Anasayfa\",\"item\":\"https:\\\/\\\/kuzeyinsesi.org\\\/\"},{\"@type\":\"ListItem\",\"position\":2,\"name\":\"Hasipo\u011flu\u2019ndan a\u00e7\u0131klama \u201cEgemenli\u011fimiz kabul edilmeli. Kazan\u0131lm\u0131\u015f bir hakk\u0131 talep ediyoruz, az\u0131nl\u0131k de\u011filiz\u201d\"}]},{\"@type\":\"WebSite\",\"@id\":\"https:\\\/\\\/kuzeyinsesi.org\\\/#website\",\"url\":\"https:\\\/\\\/kuzeyinsesi.org\\\/\",\"name\":\"Kuzeyin Sesi\",\"description\":\"Do\u011fru Haberin Adresi\",\"potentialAction\":[{\"@type\":\"SearchAction\",\"target\":{\"@type\":\"EntryPoint\",\"urlTemplate\":\"https:\\\/\\\/kuzeyinsesi.org\\\/?s={search_term_string}\"},\"query-input\":{\"@type\":\"PropertyValueSpecification\",\"valueRequired\":true,\"valueName\":\"search_term_string\"}}],\"inLanguage\":\"tr\"},{\"@type\":\"Person\",\"@id\":\"https:\\\/\\\/kuzeyinsesi.org\\\/#\\\/schema\\\/person\\\/9f859689cdf01485597712386e37f5aa\",\"name\":\"Kuzeyin Sesi\",\"image\":{\"@type\":\"ImageObject\",\"inLanguage\":\"tr\",\"@id\":\"https:\\\/\\\/secure.gravatar.com\\\/avatar\\\/bab33852abfd8b282518d6ed81826833d77c3c882d9ab608add591ccace47a44?s=96&d=mm&r=g\",\"url\":\"https:\\\/\\\/secure.gravatar.com\\\/avatar\\\/bab33852abfd8b282518d6ed81826833d77c3c882d9ab608add591ccace47a44?s=96&d=mm&r=g\",\"contentUrl\":\"https:\\\/\\\/secure.gravatar.com\\\/avatar\\\/bab33852abfd8b282518d6ed81826833d77c3c882d9ab608add591ccace47a44?s=96&d=mm&r=g\",\"caption\":\"Kuzeyin Sesi\"},\"sameAs\":[\"https:\\\/\\\/kuzeyinsesi.org\"],\"url\":\"https:\\\/\\\/kuzeyinsesi.org\\\/index.php\\\/author\\\/guven\\\/\"}]}<\/script>\n<!-- \/ Yoast SEO plugin. -->","yoast_head_json":{"title":"Hasipo\u011flu\u2019ndan a\u00e7\u0131klama \u201cEgemenli\u011fimiz kabul edilmeli. Kazan\u0131lm\u0131\u015f bir hakk\u0131 talep ediyoruz, az\u0131nl\u0131k de\u011filiz\u201d - Kuzeyin Sesi","robots":{"index":"index","follow":"follow","max-snippet":"max-snippet:-1","max-image-preview":"max-image-preview:large","max-video-preview":"max-video-preview:-1"},"canonical":"https:\/\/kuzeyinsesi.org\/index.php\/2024\/05\/11\/hasipoglundan-aciklama-egemenligimiz-kabul-edilmeli-kazanilmis-bir-hakki-talep-ediyoruz-azinlik-degiliz\/","og_locale":"tr_TR","og_type":"article","og_title":"Hasipo\u011flu\u2019ndan a\u00e7\u0131klama \u201cEgemenli\u011fimiz kabul edilmeli. Kazan\u0131lm\u0131\u015f bir hakk\u0131 talep ediyoruz, az\u0131nl\u0131k de\u011filiz\u201d - Kuzeyin Sesi","og_description":"Ulusal Birlik Partisi Genel Sekreteri O\u011fuzhan Hasipo\u011flu, Rum taraf\u0131n\u0131n uzla\u015fmaz tutumundan bahsederek, bunu g\u00f6rmeyip T\u00fcrk taraf\u0131n\u0131 su\u00e7lamaya kalk\u0131\u015fman\u0131n bir hata oldu\u011funu kaydetti. Ulusal Birlik Partisi Genel Sekreteri O\u011fuzhan Hasipo\u011flu yapt\u0131\u011f\u0131 yaz\u0131l\u0131 a\u00e7\u0131klamada, K\u0131br\u0131s T\u00fcrk taraf\u0131n\u0131n masadan ka\u00e7mad\u0131\u011f\u0131n\u0131, Rum taraf\u0131 ile BM\u2019yi kal\u0131c\u0131 bir anla\u015fma i\u00e7in sonu\u00e7 al\u0131c\u0131 do\u011fru zemine \u00e7ekmek i\u00e7in ger\u00e7ek\u00e7i bir diplomatik \u00e7aba [&hellip;]","og_url":"https:\/\/kuzeyinsesi.org\/index.php\/2024\/05\/11\/hasipoglundan-aciklama-egemenligimiz-kabul-edilmeli-kazanilmis-bir-hakki-talep-ediyoruz-azinlik-degiliz\/","og_site_name":"Kuzeyin Sesi","article_publisher":"https:\/\/www.facebook.com\/kuzeyinsesii","article_published_time":"2024-05-11T08:02:26+00:00","og_image":[{"width":1100,"height":637,"url":"https:\/\/kuzeyinsesi.org\/wp-content\/uploads\/2024\/05\/1715414547_oguzhan-hasipoglu7.jpg","type":"image\/jpeg"}],"author":"Kuzeyin Sesi","twitter_card":"summary_large_image","twitter_creator":"@kuzeyinsesii","twitter_site":"@kuzeyinsesii","twitter_misc":{"Yazan:":"Kuzeyin Sesi","Tahmini okuma s\u00fcresi":"1 dakika"},"schema":{"@context":"https:\/\/schema.org","@graph":[{"@type":"Article","@id":"https:\/\/kuzeyinsesi.org\/index.php\/2024\/05\/11\/hasipoglundan-aciklama-egemenligimiz-kabul-edilmeli-kazanilmis-bir-hakki-talep-ediyoruz-azinlik-degiliz\/#article","isPartOf":{"@id":"https:\/\/kuzeyinsesi.org\/index.php\/2024\/05\/11\/hasipoglundan-aciklama-egemenligimiz-kabul-edilmeli-kazanilmis-bir-hakki-talep-ediyoruz-azinlik-degiliz\/"},"author":{"name":"Kuzeyin Sesi","@id":"https:\/\/kuzeyinsesi.org\/#\/schema\/person\/9f859689cdf01485597712386e37f5aa"},"headline":"Hasipo\u011flu\u2019ndan a\u00e7\u0131klama \u201cEgemenli\u011fimiz kabul edilmeli. Kazan\u0131lm\u0131\u015f bir hakk\u0131 talep ediyoruz, az\u0131nl\u0131k de\u011filiz\u201d","datePublished":"2024-05-11T08:02:26+00:00","mainEntityOfPage":{"@id":"https:\/\/kuzeyinsesi.org\/index.php\/2024\/05\/11\/hasipoglundan-aciklama-egemenligimiz-kabul-edilmeli-kazanilmis-bir-hakki-talep-ediyoruz-azinlik-degiliz\/"},"wordCount":155,"commentCount":0,"image":{"@id":"https:\/\/kuzeyinsesi.org\/index.php\/2024\/05\/11\/hasipoglundan-aciklama-egemenligimiz-kabul-edilmeli-kazanilmis-bir-hakki-talep-ediyoruz-azinlik-degiliz\/#primaryimage"},"thumbnailUrl":"https:\/\/kuzeyinsesi.org\/wp-content\/uploads\/2024\/05\/1715414547_oguzhan-hasipoglu7.jpg","articleSection":["K\u0131br\u0131s"],"inLanguage":"tr","potentialAction":[{"@type":"CommentAction","name":"Comment","target":["https:\/\/kuzeyinsesi.org\/index.php\/2024\/05\/11\/hasipoglundan-aciklama-egemenligimiz-kabul-edilmeli-kazanilmis-bir-hakki-talep-ediyoruz-azinlik-degiliz\/#respond"]}]},{"@type":"WebPage","@id":"https:\/\/kuzeyinsesi.org\/index.php\/2024\/05\/11\/hasipoglundan-aciklama-egemenligimiz-kabul-edilmeli-kazanilmis-bir-hakki-talep-ediyoruz-azinlik-degiliz\/","url":"https:\/\/kuzeyinsesi.org\/index.php\/2024\/05\/11\/hasipoglundan-aciklama-egemenligimiz-kabul-edilmeli-kazanilmis-bir-hakki-talep-ediyoruz-azinlik-degiliz\/","name":"Hasipo\u011flu\u2019ndan a\u00e7\u0131klama \u201cEgemenli\u011fimiz kabul edilmeli. Kazan\u0131lm\u0131\u015f bir hakk\u0131 talep ediyoruz, az\u0131nl\u0131k de\u011filiz\u201d - Kuzeyin Sesi","isPartOf":{"@id":"https:\/\/kuzeyinsesi.org\/#website"},"primaryImageOfPage":{"@id":"https:\/\/kuzeyinsesi.org\/index.php\/2024\/05\/11\/hasipoglundan-aciklama-egemenligimiz-kabul-edilmeli-kazanilmis-bir-hakki-talep-ediyoruz-azinlik-degiliz\/#primaryimage"},"image":{"@id":"https:\/\/kuzeyinsesi.org\/index.php\/2024\/05\/11\/hasipoglundan-aciklama-egemenligimiz-kabul-edilmeli-kazanilmis-bir-hakki-talep-ediyoruz-azinlik-degiliz\/#primaryimage"},"thumbnailUrl":"https:\/\/kuzeyinsesi.org\/wp-content\/uploads\/2024\/05\/1715414547_oguzhan-hasipoglu7.jpg","datePublished":"2024-05-11T08:02:26+00:00","author":{"@id":"https:\/\/kuzeyinsesi.org\/#\/schema\/person\/9f859689cdf01485597712386e37f5aa"},"breadcrumb":{"@id":"https:\/\/kuzeyinsesi.org\/index.php\/2024\/05\/11\/hasipoglundan-aciklama-egemenligimiz-kabul-edilmeli-kazanilmis-bir-hakki-talep-ediyoruz-azinlik-degiliz\/#breadcrumb"},"inLanguage":"tr","potentialAction":[{"@type":"ReadAction","target":["https:\/\/kuzeyinsesi.org\/index.php\/2024\/05\/11\/hasipoglundan-aciklama-egemenligimiz-kabul-edilmeli-kazanilmis-bir-hakki-talep-ediyoruz-azinlik-degiliz\/"]}]},{"@type":"ImageObject","inLanguage":"tr","@id":"https:\/\/kuzeyinsesi.org\/index.php\/2024\/05\/11\/hasipoglundan-aciklama-egemenligimiz-kabul-edilmeli-kazanilmis-bir-hakki-talep-ediyoruz-azinlik-degiliz\/#primaryimage","url":"https:\/\/kuzeyinsesi.org\/wp-content\/uploads\/2024\/05\/1715414547_oguzhan-hasipoglu7.jpg","contentUrl":"https:\/\/kuzeyinsesi.org\/wp-content\/uploads\/2024\/05\/1715414547_oguzhan-hasipoglu7.jpg","width":1100,"height":637},{"@type":"BreadcrumbList","@id":"https:\/\/kuzeyinsesi.org\/index.php\/2024\/05\/11\/hasipoglundan-aciklama-egemenligimiz-kabul-edilmeli-kazanilmis-bir-hakki-talep-ediyoruz-azinlik-degiliz\/#breadcrumb","itemListElement":[{"@type":"ListItem","position":1,"name":"Anasayfa","item":"https:\/\/kuzeyinsesi.org\/"},{"@type":"ListItem","position":2,"name":"Hasipo\u011flu\u2019ndan a\u00e7\u0131klama \u201cEgemenli\u011fimiz kabul edilmeli. Kazan\u0131lm\u0131\u015f bir hakk\u0131 talep ediyoruz, az\u0131nl\u0131k de\u011filiz\u201d"}]},{"@type":"WebSite","@id":"https:\/\/kuzeyinsesi.org\/#website","url":"https:\/\/kuzeyinsesi.org\/","name":"Kuzeyin Sesi","description":"Do\u011fru Haberin Adresi","potentialAction":[{"@type":"SearchAction","target":{"@type":"EntryPoint","urlTemplate":"https:\/\/kuzeyinsesi.org\/?s={search_term_string}"},"query-input":{"@type":"PropertyValueSpecification","valueRequired":true,"valueName":"search_term_string"}}],"inLanguage":"tr"},{"@type":"Person","@id":"https:\/\/kuzeyinsesi.org\/#\/schema\/person\/9f859689cdf01485597712386e37f5aa","name":"Kuzeyin Sesi","image":{"@type":"ImageObject","inLanguage":"tr","@id":"https:\/\/secure.gravatar.com\/avatar\/bab33852abfd8b282518d6ed81826833d77c3c882d9ab608add591ccace47a44?s=96&d=mm&r=g","url":"https:\/\/secure.gravatar.com\/avatar\/bab33852abfd8b282518d6ed81826833d77c3c882d9ab608add591ccace47a44?s=96&d=mm&r=g","contentUrl":"https:\/\/secure.gravatar.com\/avatar\/bab33852abfd8b282518d6ed81826833d77c3c882d9ab608add591ccace47a44?s=96&d=mm&r=g","caption":"Kuzeyin Sesi"},"sameAs":["https:\/\/kuzeyinsesi.org"],"url":"https:\/\/kuzeyinsesi.org\/index.php\/author\/guven\/"}]}},"_links":{"self":[{"href":"https:\/\/kuzeyinsesi.org\/index.php\/wp-json\/wp\/v2\/posts\/2064","targetHints":{"allow":["GET"]}}],"collection":[{"href":"https:\/\/kuzeyinsesi.org\/index.php\/wp-json\/wp\/v2\/posts"}],"about":[{"href":"https:\/\/kuzeyinsesi.org\/index.php\/wp-json\/wp\/v2\/types\/post"}],"author":[{"embeddable":true,"href":"https:\/\/kuzeyinsesi.org\/index.php\/wp-json\/wp\/v2\/users\/1"}],"replies":[{"embeddable":true,"href":"https:\/\/kuzeyinsesi.org\/index.php\/wp-json\/wp\/v2\/comments?post=2064"}],"version-history":[{"count":0,"href":"https:\/\/kuzeyinsesi.org\/index.php\/wp-json\/wp\/v2\/posts\/2064\/revisions"}],"wp:featuredmedia":[{"embeddable":true,"href":"https:\/\/kuzeyinsesi.org\/index.php\/wp-json\/wp\/v2\/media\/2065"}],"wp:attachment":[{"href":"https:\/\/kuzeyinsesi.org\/index.php\/wp-json\/wp\/v2\/media?parent=2064"}],"wp:term":[{"taxonomy":"category","embeddable":true,"href":"https:\/\/kuzeyinsesi.org\/index.php\/wp-json\/wp\/v2\/categories?post=2064"},{"taxonomy":"post_tag","embeddable":true,"href":"https:\/\/kuzeyinsesi.org\/index.php\/wp-json\/wp\/v2\/tags?post=2064"}],"curies":[{"name":"wp","href":"https:\/\/api.w.org\/{rel}","templated":true}]}}