{"id":20607,"date":"2025-03-10T14:34:43","date_gmt":"2025-03-10T12:34:43","guid":{"rendered":"https:\/\/kuzeyinsesi.org\/index.php\/2025\/03\/10\/lbo-cocuk-korolari-carsamba-gunu-konser-verecek\/"},"modified":"2025-03-10T14:34:43","modified_gmt":"2025-03-10T12:34:43","slug":"lbo-cocuk-korolari-carsamba-gunu-konser-verecek","status":"publish","type":"post","link":"https:\/\/kuzeyinsesi.org\/index.php\/2025\/03\/10\/lbo-cocuk-korolari-carsamba-gunu-konser-verecek\/","title":{"rendered":"LBO \u00c7ocuk Korolar\u0131 \u00c7ar\u015famba g\u00fcn\u00fc konser verecek"},"content":{"rendered":"<div>\n<div class=\"mariselle-image-container center\">\n                                            <\/div>\n<p>Lefko\u015fa Belediye Orkestras\u0131 \u00c7ocuk ve \u00c7ok Sesli Gen\u00e7lik Korosu, \u00e7ar\u015famba g\u00fcn\u00fc konser verecek.<\/p>\n<p>Belediyeden yap\u0131lan a\u00e7\u0131klamaya g\u00f6re, Lefko\u015fa AKM\u2019de d\u00fczenlenecek konser saat 20.00\u2019de ba\u015flayacak. Sefler Hare Yakula ve Emine Koreli Sakarya y\u00f6netimindeki koroya piyanoyla G\u00f6zdem \u0130lkay e\u015flik edecek. Mezzo ve Min\u00f6r haz\u0131rl\u0131k gruplar\u0131 ile \u00c7ok Sesli Gen\u00e7lik Korosu\u2019nun sahne alaca\u011f\u0131 konserde, klasik ve yerel ezgilerin yan\u0131 s\u0131ra m\u00fczikallerden se\u00e7ilen eserler ve farkl\u0131 dillerde \u00e7oksesli d\u00fczenlemeler seslendirilecek.<\/p>\n<\/p><\/div>\n<p><script async\n                    defer\n                    crossorigin=\"anonymous\"\n                    src=\"https:\/\/connect.facebook.net\/tr_TR\/sdk.js#xfbml=1&#038;version=v3.3\"\n            ><\/script><\/p>\n","protected":false},"excerpt":{"rendered":"<p>Lefko\u015fa Belediye Orkestras\u0131 \u00c7ocuk ve \u00c7ok Sesli Gen\u00e7lik Korosu, \u00e7ar\u015famba g\u00fcn\u00fc konser verecek. Belediyeden yap\u0131lan a\u00e7\u0131klamaya g\u00f6re, Lefko\u015fa AKM\u2019de d\u00fczenlenecek konser saat 20.00\u2019de ba\u015flayacak. Sefler Hare Yakula ve Emine Koreli Sakarya y\u00f6netimindeki koroya piyanoyla G\u00f6zdem \u0130lkay e\u015flik edecek. Mezzo ve Min\u00f6r haz\u0131rl\u0131k gruplar\u0131 ile \u00c7ok Sesli Gen\u00e7lik Korosu\u2019nun sahne alaca\u011f\u0131 konserde, klasik ve yerel ezgilerin [&hellip;]<\/p>\n","protected":false},"author":1,"featured_media":20608,"comment_status":"open","ping_status":"open","sticky":false,"template":"","format":"standard","meta":{"jnews-multi-image_gallery":[],"jnews_single_post":[],"jnews_primary_category":[],"jnews_social_meta":[],"jnews_override_counter":[],"footnotes":""},"categories":[6],"tags":[],"class_list":["post-20607","post","type-post","status-publish","format-standard","has-post-thumbnail","hentry","category-yasam"],"yoast_head":"<!-- This site is optimized with the Yoast SEO plugin v27.4 - https:\/\/yoast.com\/product\/yoast-seo-wordpress\/ -->\n<title>LBO \u00c7ocuk Korolar\u0131 \u00c7ar\u015famba g\u00fcn\u00fc konser verecek - Kuzeyin Sesi<\/title>\n<meta name=\"robots\" content=\"index, follow, max-snippet:-1, max-image-preview:large, max-video-preview:-1\" \/>\n<link rel=\"canonical\" href=\"https:\/\/kuzeyinsesi.org\/index.php\/2025\/03\/10\/lbo-cocuk-korolari-carsamba-gunu-konser-verecek\/\" \/>\n<meta property=\"og:locale\" content=\"tr_TR\" \/>\n<meta property=\"og:type\" content=\"article\" \/>\n<meta property=\"og:title\" content=\"LBO \u00c7ocuk Korolar\u0131 \u00c7ar\u015famba g\u00fcn\u00fc konser verecek - Kuzeyin Sesi\" \/>\n<meta property=\"og:description\" content=\"Lefko\u015fa Belediye Orkestras\u0131 \u00c7ocuk ve \u00c7ok Sesli Gen\u00e7lik Korosu, \u00e7ar\u015famba g\u00fcn\u00fc konser verecek. Belediyeden yap\u0131lan a\u00e7\u0131klamaya g\u00f6re, Lefko\u015fa AKM\u2019de d\u00fczenlenecek konser saat 20.00\u2019de ba\u015flayacak. Sefler Hare Yakula ve Emine Koreli Sakarya y\u00f6netimindeki koroya piyanoyla G\u00f6zdem \u0130lkay e\u015flik edecek. Mezzo ve Min\u00f6r haz\u0131rl\u0131k gruplar\u0131 ile \u00c7ok Sesli Gen\u00e7lik Korosu\u2019nun sahne alaca\u011f\u0131 konserde, klasik ve yerel ezgilerin [&hellip;]\" \/>\n<meta property=\"og:url\" content=\"https:\/\/kuzeyinsesi.org\/index.php\/2025\/03\/10\/lbo-cocuk-korolari-carsamba-gunu-konser-verecek\/\" \/>\n<meta property=\"og:site_name\" content=\"Kuzeyin Sesi\" \/>\n<meta property=\"article:publisher\" content=\"https:\/\/www.facebook.com\/kuzeyinsesii\" \/>\n<meta property=\"article:published_time\" content=\"2025-03-10T12:34:43+00:00\" \/>\n<meta property=\"og:image\" content=\"https:\/\/brtk.net\/wp-content\/uploads\/2025\/03\/10\/1741597822822lbo-konser-afis.jpeg?ver=c9066d44c20f8758234b5f59d0ac05dd\" \/>\n<meta name=\"author\" content=\"Kuzeyin Sesi\" \/>\n<meta name=\"twitter:card\" content=\"summary_large_image\" \/>\n<meta name=\"twitter:creator\" content=\"@kuzeyinsesii\" \/>\n<meta name=\"twitter:site\" content=\"@kuzeyinsesii\" \/>\n<meta name=\"twitter:label1\" content=\"Yazan:\" \/>\n\t<meta name=\"twitter:data1\" content=\"Kuzeyin Sesi\" \/>\n<script type=\"application\/ld+json\" class=\"yoast-schema-graph\">{\"@context\":\"https:\\\/\\\/schema.org\",\"@graph\":[{\"@type\":\"Article\",\"@id\":\"https:\\\/\\\/kuzeyinsesi.org\\\/index.php\\\/2025\\\/03\\\/10\\\/lbo-cocuk-korolari-carsamba-gunu-konser-verecek\\\/#article\",\"isPartOf\":{\"@id\":\"https:\\\/\\\/kuzeyinsesi.org\\\/index.php\\\/2025\\\/03\\\/10\\\/lbo-cocuk-korolari-carsamba-gunu-konser-verecek\\\/\"},\"author\":{\"name\":\"Kuzeyin Sesi\",\"@id\":\"https:\\\/\\\/kuzeyinsesi.org\\\/#\\\/schema\\\/person\\\/9f859689cdf01485597712386e37f5aa\"},\"headline\":\"LBO \u00c7ocuk Korolar\u0131 \u00c7ar\u015famba g\u00fcn\u00fc konser verecek\",\"datePublished\":\"2025-03-10T12:34:43+00:00\",\"mainEntityOfPage\":{\"@id\":\"https:\\\/\\\/kuzeyinsesi.org\\\/index.php\\\/2025\\\/03\\\/10\\\/lbo-cocuk-korolari-carsamba-gunu-konser-verecek\\\/\"},\"wordCount\":98,\"commentCount\":0,\"image\":{\"@id\":\"https:\\\/\\\/kuzeyinsesi.org\\\/index.php\\\/2025\\\/03\\\/10\\\/lbo-cocuk-korolari-carsamba-gunu-konser-verecek\\\/#primaryimage\"},\"thumbnailUrl\":\"https:\\\/\\\/kuzeyinsesi.org\\\/wp-content\\\/uploads\\\/2025\\\/03\\\/1741597822822lbo-konser-afis.jpeg\",\"articleSection\":[\"Ya\u015fam\"],\"inLanguage\":\"tr\",\"potentialAction\":[{\"@type\":\"CommentAction\",\"name\":\"Comment\",\"target\":[\"https:\\\/\\\/kuzeyinsesi.org\\\/index.php\\\/2025\\\/03\\\/10\\\/lbo-cocuk-korolari-carsamba-gunu-konser-verecek\\\/#respond\"]}]},{\"@type\":\"WebPage\",\"@id\":\"https:\\\/\\\/kuzeyinsesi.org\\\/index.php\\\/2025\\\/03\\\/10\\\/lbo-cocuk-korolari-carsamba-gunu-konser-verecek\\\/\",\"url\":\"https:\\\/\\\/kuzeyinsesi.org\\\/index.php\\\/2025\\\/03\\\/10\\\/lbo-cocuk-korolari-carsamba-gunu-konser-verecek\\\/\",\"name\":\"LBO \u00c7ocuk Korolar\u0131 \u00c7ar\u015famba g\u00fcn\u00fc konser verecek - Kuzeyin Sesi\",\"isPartOf\":{\"@id\":\"https:\\\/\\\/kuzeyinsesi.org\\\/#website\"},\"primaryImageOfPage\":{\"@id\":\"https:\\\/\\\/kuzeyinsesi.org\\\/index.php\\\/2025\\\/03\\\/10\\\/lbo-cocuk-korolari-carsamba-gunu-konser-verecek\\\/#primaryimage\"},\"image\":{\"@id\":\"https:\\\/\\\/kuzeyinsesi.org\\\/index.php\\\/2025\\\/03\\\/10\\\/lbo-cocuk-korolari-carsamba-gunu-konser-verecek\\\/#primaryimage\"},\"thumbnailUrl\":\"https:\\\/\\\/kuzeyinsesi.org\\\/wp-content\\\/uploads\\\/2025\\\/03\\\/1741597822822lbo-konser-afis.jpeg\",\"datePublished\":\"2025-03-10T12:34:43+00:00\",\"author\":{\"@id\":\"https:\\\/\\\/kuzeyinsesi.org\\\/#\\\/schema\\\/person\\\/9f859689cdf01485597712386e37f5aa\"},\"breadcrumb\":{\"@id\":\"https:\\\/\\\/kuzeyinsesi.org\\\/index.php\\\/2025\\\/03\\\/10\\\/lbo-cocuk-korolari-carsamba-gunu-konser-verecek\\\/#breadcrumb\"},\"inLanguage\":\"tr\",\"potentialAction\":[{\"@type\":\"ReadAction\",\"target\":[\"https:\\\/\\\/kuzeyinsesi.org\\\/index.php\\\/2025\\\/03\\\/10\\\/lbo-cocuk-korolari-carsamba-gunu-konser-verecek\\\/\"]}]},{\"@type\":\"ImageObject\",\"inLanguage\":\"tr\",\"@id\":\"https:\\\/\\\/kuzeyinsesi.org\\\/index.php\\\/2025\\\/03\\\/10\\\/lbo-cocuk-korolari-carsamba-gunu-konser-verecek\\\/#primaryimage\",\"url\":\"https:\\\/\\\/kuzeyinsesi.org\\\/wp-content\\\/uploads\\\/2025\\\/03\\\/1741597822822lbo-konser-afis.jpeg\",\"contentUrl\":\"https:\\\/\\\/kuzeyinsesi.org\\\/wp-content\\\/uploads\\\/2025\\\/03\\\/1741597822822lbo-konser-afis.jpeg\",\"width\":1200,\"height\":1500},{\"@type\":\"BreadcrumbList\",\"@id\":\"https:\\\/\\\/kuzeyinsesi.org\\\/index.php\\\/2025\\\/03\\\/10\\\/lbo-cocuk-korolari-carsamba-gunu-konser-verecek\\\/#breadcrumb\",\"itemListElement\":[{\"@type\":\"ListItem\",\"position\":1,\"name\":\"Anasayfa\",\"item\":\"https:\\\/\\\/kuzeyinsesi.org\\\/\"},{\"@type\":\"ListItem\",\"position\":2,\"name\":\"LBO \u00c7ocuk Korolar\u0131 \u00c7ar\u015famba g\u00fcn\u00fc konser verecek\"}]},{\"@type\":\"WebSite\",\"@id\":\"https:\\\/\\\/kuzeyinsesi.org\\\/#website\",\"url\":\"https:\\\/\\\/kuzeyinsesi.org\\\/\",\"name\":\"Kuzeyin Sesi\",\"description\":\"Do\u011fru Haberin Adresi\",\"potentialAction\":[{\"@type\":\"SearchAction\",\"target\":{\"@type\":\"EntryPoint\",\"urlTemplate\":\"https:\\\/\\\/kuzeyinsesi.org\\\/?s={search_term_string}\"},\"query-input\":{\"@type\":\"PropertyValueSpecification\",\"valueRequired\":true,\"valueName\":\"search_term_string\"}}],\"inLanguage\":\"tr\"},{\"@type\":\"Person\",\"@id\":\"https:\\\/\\\/kuzeyinsesi.org\\\/#\\\/schema\\\/person\\\/9f859689cdf01485597712386e37f5aa\",\"name\":\"Kuzeyin Sesi\",\"image\":{\"@type\":\"ImageObject\",\"inLanguage\":\"tr\",\"@id\":\"https:\\\/\\\/secure.gravatar.com\\\/avatar\\\/bab33852abfd8b282518d6ed81826833d77c3c882d9ab608add591ccace47a44?s=96&d=mm&r=g\",\"url\":\"https:\\\/\\\/secure.gravatar.com\\\/avatar\\\/bab33852abfd8b282518d6ed81826833d77c3c882d9ab608add591ccace47a44?s=96&d=mm&r=g\",\"contentUrl\":\"https:\\\/\\\/secure.gravatar.com\\\/avatar\\\/bab33852abfd8b282518d6ed81826833d77c3c882d9ab608add591ccace47a44?s=96&d=mm&r=g\",\"caption\":\"Kuzeyin Sesi\"},\"sameAs\":[\"https:\\\/\\\/kuzeyinsesi.org\"],\"url\":\"https:\\\/\\\/kuzeyinsesi.org\\\/index.php\\\/author\\\/guven\\\/\"}]}<\/script>\n<!-- \/ Yoast SEO plugin. -->","yoast_head_json":{"title":"LBO \u00c7ocuk Korolar\u0131 \u00c7ar\u015famba g\u00fcn\u00fc konser verecek - Kuzeyin Sesi","robots":{"index":"index","follow":"follow","max-snippet":"max-snippet:-1","max-image-preview":"max-image-preview:large","max-video-preview":"max-video-preview:-1"},"canonical":"https:\/\/kuzeyinsesi.org\/index.php\/2025\/03\/10\/lbo-cocuk-korolari-carsamba-gunu-konser-verecek\/","og_locale":"tr_TR","og_type":"article","og_title":"LBO \u00c7ocuk Korolar\u0131 \u00c7ar\u015famba g\u00fcn\u00fc konser verecek - Kuzeyin Sesi","og_description":"Lefko\u015fa Belediye Orkestras\u0131 \u00c7ocuk ve \u00c7ok Sesli Gen\u00e7lik Korosu, \u00e7ar\u015famba g\u00fcn\u00fc konser verecek. Belediyeden yap\u0131lan a\u00e7\u0131klamaya g\u00f6re, Lefko\u015fa AKM\u2019de d\u00fczenlenecek konser saat 20.00\u2019de ba\u015flayacak. Sefler Hare Yakula ve Emine Koreli Sakarya y\u00f6netimindeki koroya piyanoyla G\u00f6zdem \u0130lkay e\u015flik edecek. Mezzo ve Min\u00f6r haz\u0131rl\u0131k gruplar\u0131 ile \u00c7ok Sesli Gen\u00e7lik Korosu\u2019nun sahne alaca\u011f\u0131 konserde, klasik ve yerel ezgilerin [&hellip;]","og_url":"https:\/\/kuzeyinsesi.org\/index.php\/2025\/03\/10\/lbo-cocuk-korolari-carsamba-gunu-konser-verecek\/","og_site_name":"Kuzeyin Sesi","article_publisher":"https:\/\/www.facebook.com\/kuzeyinsesii","article_published_time":"2025-03-10T12:34:43+00:00","og_image":[{"url":"https:\/\/brtk.net\/wp-content\/uploads\/2025\/03\/10\/1741597822822lbo-konser-afis.jpeg?ver=c9066d44c20f8758234b5f59d0ac05dd","type":"","width":"","height":""}],"author":"Kuzeyin Sesi","twitter_card":"summary_large_image","twitter_creator":"@kuzeyinsesii","twitter_site":"@kuzeyinsesii","twitter_misc":{"Yazan:":"Kuzeyin Sesi"},"schema":{"@context":"https:\/\/schema.org","@graph":[{"@type":"Article","@id":"https:\/\/kuzeyinsesi.org\/index.php\/2025\/03\/10\/lbo-cocuk-korolari-carsamba-gunu-konser-verecek\/#article","isPartOf":{"@id":"https:\/\/kuzeyinsesi.org\/index.php\/2025\/03\/10\/lbo-cocuk-korolari-carsamba-gunu-konser-verecek\/"},"author":{"name":"Kuzeyin Sesi","@id":"https:\/\/kuzeyinsesi.org\/#\/schema\/person\/9f859689cdf01485597712386e37f5aa"},"headline":"LBO \u00c7ocuk Korolar\u0131 \u00c7ar\u015famba g\u00fcn\u00fc konser verecek","datePublished":"2025-03-10T12:34:43+00:00","mainEntityOfPage":{"@id":"https:\/\/kuzeyinsesi.org\/index.php\/2025\/03\/10\/lbo-cocuk-korolari-carsamba-gunu-konser-verecek\/"},"wordCount":98,"commentCount":0,"image":{"@id":"https:\/\/kuzeyinsesi.org\/index.php\/2025\/03\/10\/lbo-cocuk-korolari-carsamba-gunu-konser-verecek\/#primaryimage"},"thumbnailUrl":"https:\/\/kuzeyinsesi.org\/wp-content\/uploads\/2025\/03\/1741597822822lbo-konser-afis.jpeg","articleSection":["Ya\u015fam"],"inLanguage":"tr","potentialAction":[{"@type":"CommentAction","name":"Comment","target":["https:\/\/kuzeyinsesi.org\/index.php\/2025\/03\/10\/lbo-cocuk-korolari-carsamba-gunu-konser-verecek\/#respond"]}]},{"@type":"WebPage","@id":"https:\/\/kuzeyinsesi.org\/index.php\/2025\/03\/10\/lbo-cocuk-korolari-carsamba-gunu-konser-verecek\/","url":"https:\/\/kuzeyinsesi.org\/index.php\/2025\/03\/10\/lbo-cocuk-korolari-carsamba-gunu-konser-verecek\/","name":"LBO \u00c7ocuk Korolar\u0131 \u00c7ar\u015famba g\u00fcn\u00fc konser verecek - Kuzeyin Sesi","isPartOf":{"@id":"https:\/\/kuzeyinsesi.org\/#website"},"primaryImageOfPage":{"@id":"https:\/\/kuzeyinsesi.org\/index.php\/2025\/03\/10\/lbo-cocuk-korolari-carsamba-gunu-konser-verecek\/#primaryimage"},"image":{"@id":"https:\/\/kuzeyinsesi.org\/index.php\/2025\/03\/10\/lbo-cocuk-korolari-carsamba-gunu-konser-verecek\/#primaryimage"},"thumbnailUrl":"https:\/\/kuzeyinsesi.org\/wp-content\/uploads\/2025\/03\/1741597822822lbo-konser-afis.jpeg","datePublished":"2025-03-10T12:34:43+00:00","author":{"@id":"https:\/\/kuzeyinsesi.org\/#\/schema\/person\/9f859689cdf01485597712386e37f5aa"},"breadcrumb":{"@id":"https:\/\/kuzeyinsesi.org\/index.php\/2025\/03\/10\/lbo-cocuk-korolari-carsamba-gunu-konser-verecek\/#breadcrumb"},"inLanguage":"tr","potentialAction":[{"@type":"ReadAction","target":["https:\/\/kuzeyinsesi.org\/index.php\/2025\/03\/10\/lbo-cocuk-korolari-carsamba-gunu-konser-verecek\/"]}]},{"@type":"ImageObject","inLanguage":"tr","@id":"https:\/\/kuzeyinsesi.org\/index.php\/2025\/03\/10\/lbo-cocuk-korolari-carsamba-gunu-konser-verecek\/#primaryimage","url":"https:\/\/kuzeyinsesi.org\/wp-content\/uploads\/2025\/03\/1741597822822lbo-konser-afis.jpeg","contentUrl":"https:\/\/kuzeyinsesi.org\/wp-content\/uploads\/2025\/03\/1741597822822lbo-konser-afis.jpeg","width":1200,"height":1500},{"@type":"BreadcrumbList","@id":"https:\/\/kuzeyinsesi.org\/index.php\/2025\/03\/10\/lbo-cocuk-korolari-carsamba-gunu-konser-verecek\/#breadcrumb","itemListElement":[{"@type":"ListItem","position":1,"name":"Anasayfa","item":"https:\/\/kuzeyinsesi.org\/"},{"@type":"ListItem","position":2,"name":"LBO \u00c7ocuk Korolar\u0131 \u00c7ar\u015famba g\u00fcn\u00fc konser verecek"}]},{"@type":"WebSite","@id":"https:\/\/kuzeyinsesi.org\/#website","url":"https:\/\/kuzeyinsesi.org\/","name":"Kuzeyin Sesi","description":"Do\u011fru Haberin Adresi","potentialAction":[{"@type":"SearchAction","target":{"@type":"EntryPoint","urlTemplate":"https:\/\/kuzeyinsesi.org\/?s={search_term_string}"},"query-input":{"@type":"PropertyValueSpecification","valueRequired":true,"valueName":"search_term_string"}}],"inLanguage":"tr"},{"@type":"Person","@id":"https:\/\/kuzeyinsesi.org\/#\/schema\/person\/9f859689cdf01485597712386e37f5aa","name":"Kuzeyin Sesi","image":{"@type":"ImageObject","inLanguage":"tr","@id":"https:\/\/secure.gravatar.com\/avatar\/bab33852abfd8b282518d6ed81826833d77c3c882d9ab608add591ccace47a44?s=96&d=mm&r=g","url":"https:\/\/secure.gravatar.com\/avatar\/bab33852abfd8b282518d6ed81826833d77c3c882d9ab608add591ccace47a44?s=96&d=mm&r=g","contentUrl":"https:\/\/secure.gravatar.com\/avatar\/bab33852abfd8b282518d6ed81826833d77c3c882d9ab608add591ccace47a44?s=96&d=mm&r=g","caption":"Kuzeyin Sesi"},"sameAs":["https:\/\/kuzeyinsesi.org"],"url":"https:\/\/kuzeyinsesi.org\/index.php\/author\/guven\/"}]}},"_links":{"self":[{"href":"https:\/\/kuzeyinsesi.org\/index.php\/wp-json\/wp\/v2\/posts\/20607","targetHints":{"allow":["GET"]}}],"collection":[{"href":"https:\/\/kuzeyinsesi.org\/index.php\/wp-json\/wp\/v2\/posts"}],"about":[{"href":"https:\/\/kuzeyinsesi.org\/index.php\/wp-json\/wp\/v2\/types\/post"}],"author":[{"embeddable":true,"href":"https:\/\/kuzeyinsesi.org\/index.php\/wp-json\/wp\/v2\/users\/1"}],"replies":[{"embeddable":true,"href":"https:\/\/kuzeyinsesi.org\/index.php\/wp-json\/wp\/v2\/comments?post=20607"}],"version-history":[{"count":0,"href":"https:\/\/kuzeyinsesi.org\/index.php\/wp-json\/wp\/v2\/posts\/20607\/revisions"}],"wp:featuredmedia":[{"embeddable":true,"href":"https:\/\/kuzeyinsesi.org\/index.php\/wp-json\/wp\/v2\/media\/20608"}],"wp:attachment":[{"href":"https:\/\/kuzeyinsesi.org\/index.php\/wp-json\/wp\/v2\/media?parent=20607"}],"wp:term":[{"taxonomy":"category","embeddable":true,"href":"https:\/\/kuzeyinsesi.org\/index.php\/wp-json\/wp\/v2\/categories?post=20607"},{"taxonomy":"post_tag","embeddable":true,"href":"https:\/\/kuzeyinsesi.org\/index.php\/wp-json\/wp\/v2\/tags?post=20607"}],"curies":[{"name":"wp","href":"https:\/\/api.w.org\/{rel}","templated":true}]}}