{"id":20599,"date":"2025-03-10T13:31:27","date_gmt":"2025-03-10T11:31:27","guid":{"rendered":"https:\/\/kuzeyinsesi.org\/index.php\/2025\/03\/10\/ulkemiz-sanatcilarindan-aysegul-zaimden-mersinde-dev-konser\/"},"modified":"2025-03-10T13:31:27","modified_gmt":"2025-03-10T11:31:27","slug":"ulkemiz-sanatcilarindan-aysegul-zaimden-mersinde-dev-konser","status":"publish","type":"post","link":"https:\/\/kuzeyinsesi.org\/index.php\/2025\/03\/10\/ulkemiz-sanatcilarindan-aysegul-zaimden-mersinde-dev-konser\/","title":{"rendered":"\u00dclkemiz sanat\u00e7\u0131lar\u0131ndan Ay\u015feg\u00fcl Zaim\u2019den Mersin\u2019de dev konser"},"content":{"rendered":"<div>\n<div class=\"mariselle-image-container center\">\n                                            <\/div>\n<p>\u00dclkemizin en g\u00fc\u00e7l\u00fc seslerinden,Bayrak Radyo Televizyon Kurumu program yap\u0131mc\u0131lar\u0131ndan  Ay\u015feg\u00fcl Zaim, 8 Mart D\u00fcnya Kad\u0131nlar G\u00fcn\u00fc kapsam\u0131nda Mersin\u2019de unutulmaz bir konsere imza att\u0131. <\/p>\n<p>Mersinli kad\u0131nlar i\u00e7in organize edilen bu anlaml\u0131 gecede sahne alan Ay\u015feg\u00fcl Zaim, 20 ki\u015filik muhte\u015fem orkestras\u0131, g\u00fc\u00e7l\u00fc sesi, sempatik tav\u0131rlar\u0131 ve sahne enerjisiyle izleyenlere muhte\u015fem bir m\u00fczik ziyafeti sundu. Konser boyunca sevilen \u015fark\u0131lar\u0131n\u0131 seslendiren Zaim, seyircilerden b\u00fcy\u00fck alk\u0131\u015f ald\u0131.. <\/p>\n<p>Ay\u015feg\u00fcl Zaim \u201cKuzey K\u0131br\u0131s T\u00fcrk Cumhuriyeti\u2019nden selam ve sevgi getirdim, b\u00f6ylesine anlaml\u0131 bir g\u00fcnde, b\u00f6ylesine g\u00fczel bir organizasyonun par\u00e7as\u0131 olmak benim i\u00e7in b\u00fcy\u00fck bir onur. Belediye ba\u015fkan\u0131 Abdullah \u00d6zyi\u011fit,ve salonu h\u0131ncah\u0131n\u00e7 dolduran Mersin halk\u0131na misafirperverlikleri i\u00e7in \u00e7ok te\u015fekk\u00fcr ediyorum\u201d ifadelerini kulland\u0131.<\/p>\n<\/p><\/div>\n<p><script async\n                    defer\n                    crossorigin=\"anonymous\"\n                    src=\"https:\/\/connect.facebook.net\/tr_TR\/sdk.js#xfbml=1&#038;version=v3.3\"\n            ><\/script><\/p>\n","protected":false},"excerpt":{"rendered":"<p>\u00dclkemizin en g\u00fc\u00e7l\u00fc seslerinden,Bayrak Radyo Televizyon Kurumu program yap\u0131mc\u0131lar\u0131ndan Ay\u015feg\u00fcl Zaim, 8 Mart D\u00fcnya Kad\u0131nlar G\u00fcn\u00fc kapsam\u0131nda Mersin\u2019de unutulmaz bir konsere imza att\u0131. Mersinli kad\u0131nlar i\u00e7in organize edilen bu anlaml\u0131 gecede sahne alan Ay\u015feg\u00fcl Zaim, 20 ki\u015filik muhte\u015fem orkestras\u0131, g\u00fc\u00e7l\u00fc sesi, sempatik tav\u0131rlar\u0131 ve sahne enerjisiyle izleyenlere muhte\u015fem bir m\u00fczik ziyafeti sundu. Konser boyunca sevilen [&hellip;]<\/p>\n","protected":false},"author":1,"featured_media":20600,"comment_status":"open","ping_status":"open","sticky":false,"template":"","format":"standard","meta":{"jnews-multi-image_gallery":[],"jnews_single_post":[],"jnews_primary_category":[],"jnews_social_meta":[],"jnews_override_counter":[],"footnotes":""},"categories":[6],"tags":[],"class_list":["post-20599","post","type-post","status-publish","format-standard","has-post-thumbnail","hentry","category-yasam"],"yoast_head":"<!-- This site is optimized with the Yoast SEO plugin v27.4 - https:\/\/yoast.com\/product\/yoast-seo-wordpress\/ -->\n<title>\u00dclkemiz sanat\u00e7\u0131lar\u0131ndan Ay\u015feg\u00fcl Zaim\u2019den Mersin\u2019de dev konser - Kuzeyin Sesi<\/title>\n<meta name=\"robots\" content=\"index, follow, max-snippet:-1, max-image-preview:large, max-video-preview:-1\" \/>\n<link rel=\"canonical\" href=\"https:\/\/kuzeyinsesi.org\/index.php\/2025\/03\/10\/ulkemiz-sanatcilarindan-aysegul-zaimden-mersinde-dev-konser\/\" \/>\n<meta property=\"og:locale\" content=\"tr_TR\" \/>\n<meta property=\"og:type\" content=\"article\" \/>\n<meta property=\"og:title\" content=\"\u00dclkemiz sanat\u00e7\u0131lar\u0131ndan Ay\u015feg\u00fcl Zaim\u2019den Mersin\u2019de dev konser - Kuzeyin Sesi\" \/>\n<meta property=\"og:description\" content=\"\u00dclkemizin en g\u00fc\u00e7l\u00fc seslerinden,Bayrak Radyo Televizyon Kurumu program yap\u0131mc\u0131lar\u0131ndan Ay\u015feg\u00fcl Zaim, 8 Mart D\u00fcnya Kad\u0131nlar G\u00fcn\u00fc kapsam\u0131nda Mersin\u2019de unutulmaz bir konsere imza att\u0131. Mersinli kad\u0131nlar i\u00e7in organize edilen bu anlaml\u0131 gecede sahne alan Ay\u015feg\u00fcl Zaim, 20 ki\u015filik muhte\u015fem orkestras\u0131, g\u00fc\u00e7l\u00fc sesi, sempatik tav\u0131rlar\u0131 ve sahne enerjisiyle izleyenlere muhte\u015fem bir m\u00fczik ziyafeti sundu. Konser boyunca sevilen [&hellip;]\" \/>\n<meta property=\"og:url\" content=\"https:\/\/kuzeyinsesi.org\/index.php\/2025\/03\/10\/ulkemiz-sanatcilarindan-aysegul-zaimden-mersinde-dev-konser\/\" \/>\n<meta property=\"og:site_name\" content=\"Kuzeyin Sesi\" \/>\n<meta property=\"article:publisher\" content=\"https:\/\/www.facebook.com\/kuzeyinsesii\" \/>\n<meta property=\"article:published_time\" content=\"2025-03-10T11:31:27+00:00\" \/>\n<meta property=\"og:image\" content=\"https:\/\/brtk.net\/wp-content\/uploads\/2025\/03\/10\/klkl.jpg?ver=c92ed5ac1641ff2d5c7dbfa77ee6e61c\" \/>\n<meta name=\"author\" content=\"Kuzeyin Sesi\" \/>\n<meta name=\"twitter:card\" content=\"summary_large_image\" \/>\n<meta name=\"twitter:creator\" content=\"@kuzeyinsesii\" \/>\n<meta name=\"twitter:site\" content=\"@kuzeyinsesii\" \/>\n<meta name=\"twitter:label1\" content=\"Yazan:\" \/>\n\t<meta name=\"twitter:data1\" content=\"Kuzeyin Sesi\" \/>\n\t<meta name=\"twitter:label2\" content=\"Tahmini okuma s\u00fcresi\" \/>\n\t<meta name=\"twitter:data2\" content=\"1 dakika\" \/>\n<script type=\"application\/ld+json\" class=\"yoast-schema-graph\">{\"@context\":\"https:\\\/\\\/schema.org\",\"@graph\":[{\"@type\":\"Article\",\"@id\":\"https:\\\/\\\/kuzeyinsesi.org\\\/index.php\\\/2025\\\/03\\\/10\\\/ulkemiz-sanatcilarindan-aysegul-zaimden-mersinde-dev-konser\\\/#article\",\"isPartOf\":{\"@id\":\"https:\\\/\\\/kuzeyinsesi.org\\\/index.php\\\/2025\\\/03\\\/10\\\/ulkemiz-sanatcilarindan-aysegul-zaimden-mersinde-dev-konser\\\/\"},\"author\":{\"name\":\"Kuzeyin Sesi\",\"@id\":\"https:\\\/\\\/kuzeyinsesi.org\\\/#\\\/schema\\\/person\\\/9f859689cdf01485597712386e37f5aa\"},\"headline\":\"\u00dclkemiz sanat\u00e7\u0131lar\u0131ndan Ay\u015feg\u00fcl Zaim\u2019den Mersin\u2019de dev konser\",\"datePublished\":\"2025-03-10T11:31:27+00:00\",\"mainEntityOfPage\":{\"@id\":\"https:\\\/\\\/kuzeyinsesi.org\\\/index.php\\\/2025\\\/03\\\/10\\\/ulkemiz-sanatcilarindan-aysegul-zaimden-mersinde-dev-konser\\\/\"},\"wordCount\":163,\"commentCount\":0,\"image\":{\"@id\":\"https:\\\/\\\/kuzeyinsesi.org\\\/index.php\\\/2025\\\/03\\\/10\\\/ulkemiz-sanatcilarindan-aysegul-zaimden-mersinde-dev-konser\\\/#primaryimage\"},\"thumbnailUrl\":\"https:\\\/\\\/kuzeyinsesi.org\\\/wp-content\\\/uploads\\\/2025\\\/03\\\/klkl.jpg\",\"articleSection\":[\"Ya\u015fam\"],\"inLanguage\":\"tr\",\"potentialAction\":[{\"@type\":\"CommentAction\",\"name\":\"Comment\",\"target\":[\"https:\\\/\\\/kuzeyinsesi.org\\\/index.php\\\/2025\\\/03\\\/10\\\/ulkemiz-sanatcilarindan-aysegul-zaimden-mersinde-dev-konser\\\/#respond\"]}]},{\"@type\":\"WebPage\",\"@id\":\"https:\\\/\\\/kuzeyinsesi.org\\\/index.php\\\/2025\\\/03\\\/10\\\/ulkemiz-sanatcilarindan-aysegul-zaimden-mersinde-dev-konser\\\/\",\"url\":\"https:\\\/\\\/kuzeyinsesi.org\\\/index.php\\\/2025\\\/03\\\/10\\\/ulkemiz-sanatcilarindan-aysegul-zaimden-mersinde-dev-konser\\\/\",\"name\":\"\u00dclkemiz sanat\u00e7\u0131lar\u0131ndan Ay\u015feg\u00fcl Zaim\u2019den Mersin\u2019de dev konser - Kuzeyin Sesi\",\"isPartOf\":{\"@id\":\"https:\\\/\\\/kuzeyinsesi.org\\\/#website\"},\"primaryImageOfPage\":{\"@id\":\"https:\\\/\\\/kuzeyinsesi.org\\\/index.php\\\/2025\\\/03\\\/10\\\/ulkemiz-sanatcilarindan-aysegul-zaimden-mersinde-dev-konser\\\/#primaryimage\"},\"image\":{\"@id\":\"https:\\\/\\\/kuzeyinsesi.org\\\/index.php\\\/2025\\\/03\\\/10\\\/ulkemiz-sanatcilarindan-aysegul-zaimden-mersinde-dev-konser\\\/#primaryimage\"},\"thumbnailUrl\":\"https:\\\/\\\/kuzeyinsesi.org\\\/wp-content\\\/uploads\\\/2025\\\/03\\\/klkl.jpg\",\"datePublished\":\"2025-03-10T11:31:27+00:00\",\"author\":{\"@id\":\"https:\\\/\\\/kuzeyinsesi.org\\\/#\\\/schema\\\/person\\\/9f859689cdf01485597712386e37f5aa\"},\"breadcrumb\":{\"@id\":\"https:\\\/\\\/kuzeyinsesi.org\\\/index.php\\\/2025\\\/03\\\/10\\\/ulkemiz-sanatcilarindan-aysegul-zaimden-mersinde-dev-konser\\\/#breadcrumb\"},\"inLanguage\":\"tr\",\"potentialAction\":[{\"@type\":\"ReadAction\",\"target\":[\"https:\\\/\\\/kuzeyinsesi.org\\\/index.php\\\/2025\\\/03\\\/10\\\/ulkemiz-sanatcilarindan-aysegul-zaimden-mersinde-dev-konser\\\/\"]}]},{\"@type\":\"ImageObject\",\"inLanguage\":\"tr\",\"@id\":\"https:\\\/\\\/kuzeyinsesi.org\\\/index.php\\\/2025\\\/03\\\/10\\\/ulkemiz-sanatcilarindan-aysegul-zaimden-mersinde-dev-konser\\\/#primaryimage\",\"url\":\"https:\\\/\\\/kuzeyinsesi.org\\\/wp-content\\\/uploads\\\/2025\\\/03\\\/klkl.jpg\",\"contentUrl\":\"https:\\\/\\\/kuzeyinsesi.org\\\/wp-content\\\/uploads\\\/2025\\\/03\\\/klkl.jpg\",\"width\":633,\"height\":392},{\"@type\":\"BreadcrumbList\",\"@id\":\"https:\\\/\\\/kuzeyinsesi.org\\\/index.php\\\/2025\\\/03\\\/10\\\/ulkemiz-sanatcilarindan-aysegul-zaimden-mersinde-dev-konser\\\/#breadcrumb\",\"itemListElement\":[{\"@type\":\"ListItem\",\"position\":1,\"name\":\"Anasayfa\",\"item\":\"https:\\\/\\\/kuzeyinsesi.org\\\/\"},{\"@type\":\"ListItem\",\"position\":2,\"name\":\"\u00dclkemiz sanat\u00e7\u0131lar\u0131ndan Ay\u015feg\u00fcl Zaim\u2019den Mersin\u2019de dev konser\"}]},{\"@type\":\"WebSite\",\"@id\":\"https:\\\/\\\/kuzeyinsesi.org\\\/#website\",\"url\":\"https:\\\/\\\/kuzeyinsesi.org\\\/\",\"name\":\"Kuzeyin Sesi\",\"description\":\"Do\u011fru Haberin Adresi\",\"potentialAction\":[{\"@type\":\"SearchAction\",\"target\":{\"@type\":\"EntryPoint\",\"urlTemplate\":\"https:\\\/\\\/kuzeyinsesi.org\\\/?s={search_term_string}\"},\"query-input\":{\"@type\":\"PropertyValueSpecification\",\"valueRequired\":true,\"valueName\":\"search_term_string\"}}],\"inLanguage\":\"tr\"},{\"@type\":\"Person\",\"@id\":\"https:\\\/\\\/kuzeyinsesi.org\\\/#\\\/schema\\\/person\\\/9f859689cdf01485597712386e37f5aa\",\"name\":\"Kuzeyin Sesi\",\"image\":{\"@type\":\"ImageObject\",\"inLanguage\":\"tr\",\"@id\":\"https:\\\/\\\/secure.gravatar.com\\\/avatar\\\/bab33852abfd8b282518d6ed81826833d77c3c882d9ab608add591ccace47a44?s=96&d=mm&r=g\",\"url\":\"https:\\\/\\\/secure.gravatar.com\\\/avatar\\\/bab33852abfd8b282518d6ed81826833d77c3c882d9ab608add591ccace47a44?s=96&d=mm&r=g\",\"contentUrl\":\"https:\\\/\\\/secure.gravatar.com\\\/avatar\\\/bab33852abfd8b282518d6ed81826833d77c3c882d9ab608add591ccace47a44?s=96&d=mm&r=g\",\"caption\":\"Kuzeyin Sesi\"},\"sameAs\":[\"https:\\\/\\\/kuzeyinsesi.org\"],\"url\":\"https:\\\/\\\/kuzeyinsesi.org\\\/index.php\\\/author\\\/guven\\\/\"}]}<\/script>\n<!-- \/ Yoast SEO plugin. -->","yoast_head_json":{"title":"\u00dclkemiz sanat\u00e7\u0131lar\u0131ndan Ay\u015feg\u00fcl Zaim\u2019den Mersin\u2019de dev konser - Kuzeyin Sesi","robots":{"index":"index","follow":"follow","max-snippet":"max-snippet:-1","max-image-preview":"max-image-preview:large","max-video-preview":"max-video-preview:-1"},"canonical":"https:\/\/kuzeyinsesi.org\/index.php\/2025\/03\/10\/ulkemiz-sanatcilarindan-aysegul-zaimden-mersinde-dev-konser\/","og_locale":"tr_TR","og_type":"article","og_title":"\u00dclkemiz sanat\u00e7\u0131lar\u0131ndan Ay\u015feg\u00fcl Zaim\u2019den Mersin\u2019de dev konser - Kuzeyin Sesi","og_description":"\u00dclkemizin en g\u00fc\u00e7l\u00fc seslerinden,Bayrak Radyo Televizyon Kurumu program yap\u0131mc\u0131lar\u0131ndan Ay\u015feg\u00fcl Zaim, 8 Mart D\u00fcnya Kad\u0131nlar G\u00fcn\u00fc kapsam\u0131nda Mersin\u2019de unutulmaz bir konsere imza att\u0131. Mersinli kad\u0131nlar i\u00e7in organize edilen bu anlaml\u0131 gecede sahne alan Ay\u015feg\u00fcl Zaim, 20 ki\u015filik muhte\u015fem orkestras\u0131, g\u00fc\u00e7l\u00fc sesi, sempatik tav\u0131rlar\u0131 ve sahne enerjisiyle izleyenlere muhte\u015fem bir m\u00fczik ziyafeti sundu. Konser boyunca sevilen [&hellip;]","og_url":"https:\/\/kuzeyinsesi.org\/index.php\/2025\/03\/10\/ulkemiz-sanatcilarindan-aysegul-zaimden-mersinde-dev-konser\/","og_site_name":"Kuzeyin Sesi","article_publisher":"https:\/\/www.facebook.com\/kuzeyinsesii","article_published_time":"2025-03-10T11:31:27+00:00","og_image":[{"url":"https:\/\/brtk.net\/wp-content\/uploads\/2025\/03\/10\/klkl.jpg?ver=c92ed5ac1641ff2d5c7dbfa77ee6e61c","type":"","width":"","height":""}],"author":"Kuzeyin Sesi","twitter_card":"summary_large_image","twitter_creator":"@kuzeyinsesii","twitter_site":"@kuzeyinsesii","twitter_misc":{"Yazan:":"Kuzeyin Sesi","Tahmini okuma s\u00fcresi":"1 dakika"},"schema":{"@context":"https:\/\/schema.org","@graph":[{"@type":"Article","@id":"https:\/\/kuzeyinsesi.org\/index.php\/2025\/03\/10\/ulkemiz-sanatcilarindan-aysegul-zaimden-mersinde-dev-konser\/#article","isPartOf":{"@id":"https:\/\/kuzeyinsesi.org\/index.php\/2025\/03\/10\/ulkemiz-sanatcilarindan-aysegul-zaimden-mersinde-dev-konser\/"},"author":{"name":"Kuzeyin Sesi","@id":"https:\/\/kuzeyinsesi.org\/#\/schema\/person\/9f859689cdf01485597712386e37f5aa"},"headline":"\u00dclkemiz sanat\u00e7\u0131lar\u0131ndan Ay\u015feg\u00fcl Zaim\u2019den Mersin\u2019de dev konser","datePublished":"2025-03-10T11:31:27+00:00","mainEntityOfPage":{"@id":"https:\/\/kuzeyinsesi.org\/index.php\/2025\/03\/10\/ulkemiz-sanatcilarindan-aysegul-zaimden-mersinde-dev-konser\/"},"wordCount":163,"commentCount":0,"image":{"@id":"https:\/\/kuzeyinsesi.org\/index.php\/2025\/03\/10\/ulkemiz-sanatcilarindan-aysegul-zaimden-mersinde-dev-konser\/#primaryimage"},"thumbnailUrl":"https:\/\/kuzeyinsesi.org\/wp-content\/uploads\/2025\/03\/klkl.jpg","articleSection":["Ya\u015fam"],"inLanguage":"tr","potentialAction":[{"@type":"CommentAction","name":"Comment","target":["https:\/\/kuzeyinsesi.org\/index.php\/2025\/03\/10\/ulkemiz-sanatcilarindan-aysegul-zaimden-mersinde-dev-konser\/#respond"]}]},{"@type":"WebPage","@id":"https:\/\/kuzeyinsesi.org\/index.php\/2025\/03\/10\/ulkemiz-sanatcilarindan-aysegul-zaimden-mersinde-dev-konser\/","url":"https:\/\/kuzeyinsesi.org\/index.php\/2025\/03\/10\/ulkemiz-sanatcilarindan-aysegul-zaimden-mersinde-dev-konser\/","name":"\u00dclkemiz sanat\u00e7\u0131lar\u0131ndan Ay\u015feg\u00fcl Zaim\u2019den Mersin\u2019de dev konser - Kuzeyin Sesi","isPartOf":{"@id":"https:\/\/kuzeyinsesi.org\/#website"},"primaryImageOfPage":{"@id":"https:\/\/kuzeyinsesi.org\/index.php\/2025\/03\/10\/ulkemiz-sanatcilarindan-aysegul-zaimden-mersinde-dev-konser\/#primaryimage"},"image":{"@id":"https:\/\/kuzeyinsesi.org\/index.php\/2025\/03\/10\/ulkemiz-sanatcilarindan-aysegul-zaimden-mersinde-dev-konser\/#primaryimage"},"thumbnailUrl":"https:\/\/kuzeyinsesi.org\/wp-content\/uploads\/2025\/03\/klkl.jpg","datePublished":"2025-03-10T11:31:27+00:00","author":{"@id":"https:\/\/kuzeyinsesi.org\/#\/schema\/person\/9f859689cdf01485597712386e37f5aa"},"breadcrumb":{"@id":"https:\/\/kuzeyinsesi.org\/index.php\/2025\/03\/10\/ulkemiz-sanatcilarindan-aysegul-zaimden-mersinde-dev-konser\/#breadcrumb"},"inLanguage":"tr","potentialAction":[{"@type":"ReadAction","target":["https:\/\/kuzeyinsesi.org\/index.php\/2025\/03\/10\/ulkemiz-sanatcilarindan-aysegul-zaimden-mersinde-dev-konser\/"]}]},{"@type":"ImageObject","inLanguage":"tr","@id":"https:\/\/kuzeyinsesi.org\/index.php\/2025\/03\/10\/ulkemiz-sanatcilarindan-aysegul-zaimden-mersinde-dev-konser\/#primaryimage","url":"https:\/\/kuzeyinsesi.org\/wp-content\/uploads\/2025\/03\/klkl.jpg","contentUrl":"https:\/\/kuzeyinsesi.org\/wp-content\/uploads\/2025\/03\/klkl.jpg","width":633,"height":392},{"@type":"BreadcrumbList","@id":"https:\/\/kuzeyinsesi.org\/index.php\/2025\/03\/10\/ulkemiz-sanatcilarindan-aysegul-zaimden-mersinde-dev-konser\/#breadcrumb","itemListElement":[{"@type":"ListItem","position":1,"name":"Anasayfa","item":"https:\/\/kuzeyinsesi.org\/"},{"@type":"ListItem","position":2,"name":"\u00dclkemiz sanat\u00e7\u0131lar\u0131ndan Ay\u015feg\u00fcl Zaim\u2019den Mersin\u2019de dev konser"}]},{"@type":"WebSite","@id":"https:\/\/kuzeyinsesi.org\/#website","url":"https:\/\/kuzeyinsesi.org\/","name":"Kuzeyin Sesi","description":"Do\u011fru Haberin Adresi","potentialAction":[{"@type":"SearchAction","target":{"@type":"EntryPoint","urlTemplate":"https:\/\/kuzeyinsesi.org\/?s={search_term_string}"},"query-input":{"@type":"PropertyValueSpecification","valueRequired":true,"valueName":"search_term_string"}}],"inLanguage":"tr"},{"@type":"Person","@id":"https:\/\/kuzeyinsesi.org\/#\/schema\/person\/9f859689cdf01485597712386e37f5aa","name":"Kuzeyin Sesi","image":{"@type":"ImageObject","inLanguage":"tr","@id":"https:\/\/secure.gravatar.com\/avatar\/bab33852abfd8b282518d6ed81826833d77c3c882d9ab608add591ccace47a44?s=96&d=mm&r=g","url":"https:\/\/secure.gravatar.com\/avatar\/bab33852abfd8b282518d6ed81826833d77c3c882d9ab608add591ccace47a44?s=96&d=mm&r=g","contentUrl":"https:\/\/secure.gravatar.com\/avatar\/bab33852abfd8b282518d6ed81826833d77c3c882d9ab608add591ccace47a44?s=96&d=mm&r=g","caption":"Kuzeyin Sesi"},"sameAs":["https:\/\/kuzeyinsesi.org"],"url":"https:\/\/kuzeyinsesi.org\/index.php\/author\/guven\/"}]}},"_links":{"self":[{"href":"https:\/\/kuzeyinsesi.org\/index.php\/wp-json\/wp\/v2\/posts\/20599","targetHints":{"allow":["GET"]}}],"collection":[{"href":"https:\/\/kuzeyinsesi.org\/index.php\/wp-json\/wp\/v2\/posts"}],"about":[{"href":"https:\/\/kuzeyinsesi.org\/index.php\/wp-json\/wp\/v2\/types\/post"}],"author":[{"embeddable":true,"href":"https:\/\/kuzeyinsesi.org\/index.php\/wp-json\/wp\/v2\/users\/1"}],"replies":[{"embeddable":true,"href":"https:\/\/kuzeyinsesi.org\/index.php\/wp-json\/wp\/v2\/comments?post=20599"}],"version-history":[{"count":0,"href":"https:\/\/kuzeyinsesi.org\/index.php\/wp-json\/wp\/v2\/posts\/20599\/revisions"}],"wp:featuredmedia":[{"embeddable":true,"href":"https:\/\/kuzeyinsesi.org\/index.php\/wp-json\/wp\/v2\/media\/20600"}],"wp:attachment":[{"href":"https:\/\/kuzeyinsesi.org\/index.php\/wp-json\/wp\/v2\/media?parent=20599"}],"wp:term":[{"taxonomy":"category","embeddable":true,"href":"https:\/\/kuzeyinsesi.org\/index.php\/wp-json\/wp\/v2\/categories?post=20599"},{"taxonomy":"post_tag","embeddable":true,"href":"https:\/\/kuzeyinsesi.org\/index.php\/wp-json\/wp\/v2\/tags?post=20599"}],"curies":[{"name":"wp","href":"https:\/\/api.w.org\/{rel}","templated":true}]}}