{"id":2058,"date":"2024-05-11T10:31:55","date_gmt":"2024-05-11T07:31:55","guid":{"rendered":"https:\/\/kuzeyinsesi.com\/index.php\/2024\/05\/11\/cumhurbaskani-tatar-kibris-kupasini-gocmenkoye-takdim-etti\/"},"modified":"2024-05-11T10:31:55","modified_gmt":"2024-05-11T07:31:55","slug":"cumhurbaskani-tatar-kibris-kupasini-gocmenkoye-takdim-etti","status":"publish","type":"post","link":"https:\/\/kuzeyinsesi.org\/index.php\/2024\/05\/11\/cumhurbaskani-tatar-kibris-kupasini-gocmenkoye-takdim-etti\/","title":{"rendered":"Cumhurba\u015fkan\u0131 Tatar, K\u0131br\u0131s Kupas\u0131\u2019n\u0131 G\u00f6\u00e7menk\u00f6y\u2019e takdim etti"},"content":{"rendered":"<div>\n<div class=\"mariselle-image-container center\">\n                                            <\/div>\n<p>Cumhurba\u015fkan\u0131 Ersin Tatar, K\u0131br\u0131s T\u00fcrk Futbol Federasyonu taraf\u0131ndan organize edilen Northernland K\u0131br\u0131s Kupas\u0131\u2019nda G\u00f6\u00e7menk\u00f6y \u0130dman Yurdu ile Ma\u011fusa T\u00fcrk G\u00fcc\u00fc aras\u0131nda oynanan final kar\u015f\u0131la\u015fmas\u0131n\u0131 izledi.<\/p>\n<div class=\"mariselle-image-container center\">\n                <img decoding=\"async\" width=\"1600\" height=\"1066\" class=\"lazy-image\" alt=\"\" sizes=\"(max-width: 1600px) 100vw, 1600px\" src=\"https:\/\/brtk.net\/wp-content\/uploads\/2024\/05\/11\/tatar-kibris-kupasi-gocmenkoy-6-.jpg?ver=54e5abb7ad9d35aff9fed909b1fc93bd\" srcset=\"https:\/\/brtk.net\/wp-content\/uploads\/2024\/05\/11\/tatar-kibris-kupasi-gocmenkoy-6-.jpg?ver=54e5abb7ad9d35aff9fed909b1fc93bd 1600w, https:\/\/brtk.net\/wp-content\/uploads\/2024\/05\/11\/tatar-kibris-kupasi-gocmenkoy-6--300x200.jpg?ver=9afce16d1e48f2b6930ef269852819f9 300w, https:\/\/brtk.net\/wp-content\/uploads\/2024\/05\/11\/tatar-kibris-kupasi-gocmenkoy-6--1024x682.jpg?ver=9afce16d1e48f2b6930ef269852819f9 1024w, https:\/\/brtk.net\/wp-content\/uploads\/2024\/05\/11\/tatar-kibris-kupasi-gocmenkoy-6--768x512.jpg?ver=9afce16d1e48f2b6930ef269852819f9 768w, https:\/\/brtk.net\/wp-content\/uploads\/2024\/05\/11\/tatar-kibris-kupasi-gocmenkoy-6--1536x1023.jpg?ver=373fb9fd600986c221944084d1e4ee95 1536w\"\/>                            <\/div>\n<p>Cumhurba\u015fkanl\u0131\u011f\u0131ndan verilen bilgiye g\u00f6re, kar\u015f\u0131la\u015fman\u0131n normal s\u00fcresi ve uzatmalar 1-1 beraberlikle sonu\u00e7land\u0131 ve penalt\u0131 at\u0131\u015flar\u0131na gidildi.<\/p>\n<div class=\"mariselle-image-container center\">\n                <img decoding=\"async\" width=\"1600\" height=\"1066\" class=\"lazy-image\" alt=\"\" sizes=\"(max-width: 1600px) 100vw, 1600px\" src=\"https:\/\/brtk.net\/wp-content\/uploads\/2024\/05\/11\/tatar-kibris-kupasi-gocmenkoy-4-.jpg?ver=dc6e4f3fb1601a0ffaa43dbb37433707\" srcset=\"https:\/\/brtk.net\/wp-content\/uploads\/2024\/05\/11\/tatar-kibris-kupasi-gocmenkoy-4-.jpg?ver=dc6e4f3fb1601a0ffaa43dbb37433707 1600w, https:\/\/brtk.net\/wp-content\/uploads\/2024\/05\/11\/tatar-kibris-kupasi-gocmenkoy-4--300x200.jpg?ver=dc6e4f3fb1601a0ffaa43dbb37433707 300w, https:\/\/brtk.net\/wp-content\/uploads\/2024\/05\/11\/tatar-kibris-kupasi-gocmenkoy-4--1024x682.jpg?ver=5e43a9e8e1b617d91ba3a309d1bef4ef 1024w, https:\/\/brtk.net\/wp-content\/uploads\/2024\/05\/11\/tatar-kibris-kupasi-gocmenkoy-4--768x512.jpg?ver=5e43a9e8e1b617d91ba3a309d1bef4ef 768w, https:\/\/brtk.net\/wp-content\/uploads\/2024\/05\/11\/tatar-kibris-kupasi-gocmenkoy-4--1536x1023.jpg?ver=5e43a9e8e1b617d91ba3a309d1bef4ef 1536w\"\/>                            <\/div>\n<p>Cumhurba\u015fkan\u0131 Ersin Tatar, seri penalt\u0131 at\u0131\u015flar\u0131nda rakibini ma\u011flup eden G\u00f6\u00e7menk\u00f6y\u2019e, K\u0131br\u0131s Kupas\u0131\u2019n\u0131 takdim etti.<\/p>\n<\/p><\/div>\n<p><script async\n                    defer\n                    crossorigin=\"anonymous\"\n                    src=\"https:\/\/connect.facebook.net\/tr_TR\/sdk.js#xfbml=1&#038;version=v3.3\"\n            ><\/script><\/p>\n","protected":false},"excerpt":{"rendered":"<p>Cumhurba\u015fkan\u0131 Ersin Tatar, K\u0131br\u0131s T\u00fcrk Futbol Federasyonu taraf\u0131ndan organize edilen Northernland K\u0131br\u0131s Kupas\u0131\u2019nda G\u00f6\u00e7menk\u00f6y \u0130dman Yurdu ile Ma\u011fusa T\u00fcrk G\u00fcc\u00fc aras\u0131nda oynanan final kar\u015f\u0131la\u015fmas\u0131n\u0131 izledi. Cumhurba\u015fkanl\u0131\u011f\u0131ndan verilen bilgiye g\u00f6re, kar\u015f\u0131la\u015fman\u0131n normal s\u00fcresi ve uzatmalar 1-1 beraberlikle sonu\u00e7land\u0131 ve penalt\u0131 at\u0131\u015flar\u0131na gidildi. Cumhurba\u015fkan\u0131 Ersin Tatar, seri penalt\u0131 at\u0131\u015flar\u0131nda rakibini ma\u011flup eden G\u00f6\u00e7menk\u00f6y\u2019e, K\u0131br\u0131s Kupas\u0131\u2019n\u0131 takdim etti.<\/p>\n","protected":false},"author":1,"featured_media":2059,"comment_status":"open","ping_status":"open","sticky":false,"template":"","format":"standard","meta":{"jnews-multi-image_gallery":[],"jnews_single_post":[],"jnews_primary_category":[],"jnews_social_meta":[],"jnews_override_counter":[],"footnotes":""},"categories":[1],"tags":[],"class_list":["post-2058","post","type-post","status-publish","format-standard","has-post-thumbnail","hentry","category-kibris"],"yoast_head":"<!-- This site is optimized with the Yoast SEO plugin v27.5 - https:\/\/yoast.com\/product\/yoast-seo-wordpress\/ -->\n<title>Cumhurba\u015fkan\u0131 Tatar, K\u0131br\u0131s Kupas\u0131\u2019n\u0131 G\u00f6\u00e7menk\u00f6y\u2019e takdim etti - Kuzeyin Sesi<\/title>\n<meta name=\"robots\" content=\"index, follow, max-snippet:-1, max-image-preview:large, max-video-preview:-1\" \/>\n<link rel=\"canonical\" href=\"https:\/\/kuzeyinsesi.org\/index.php\/2024\/05\/11\/cumhurbaskani-tatar-kibris-kupasini-gocmenkoye-takdim-etti\/\" \/>\n<meta property=\"og:locale\" content=\"tr_TR\" \/>\n<meta property=\"og:type\" content=\"article\" \/>\n<meta property=\"og:title\" content=\"Cumhurba\u015fkan\u0131 Tatar, K\u0131br\u0131s Kupas\u0131\u2019n\u0131 G\u00f6\u00e7menk\u00f6y\u2019e takdim etti - Kuzeyin Sesi\" \/>\n<meta property=\"og:description\" content=\"Cumhurba\u015fkan\u0131 Ersin Tatar, K\u0131br\u0131s T\u00fcrk Futbol Federasyonu taraf\u0131ndan organize edilen Northernland K\u0131br\u0131s Kupas\u0131\u2019nda G\u00f6\u00e7menk\u00f6y \u0130dman Yurdu ile Ma\u011fusa T\u00fcrk G\u00fcc\u00fc aras\u0131nda oynanan final kar\u015f\u0131la\u015fmas\u0131n\u0131 izledi. Cumhurba\u015fkanl\u0131\u011f\u0131ndan verilen bilgiye g\u00f6re, kar\u015f\u0131la\u015fman\u0131n normal s\u00fcresi ve uzatmalar 1-1 beraberlikle sonu\u00e7land\u0131 ve penalt\u0131 at\u0131\u015flar\u0131na gidildi. Cumhurba\u015fkan\u0131 Ersin Tatar, seri penalt\u0131 at\u0131\u015flar\u0131nda rakibini ma\u011flup eden G\u00f6\u00e7menk\u00f6y\u2019e, K\u0131br\u0131s Kupas\u0131\u2019n\u0131 takdim etti.\" \/>\n<meta property=\"og:url\" content=\"https:\/\/kuzeyinsesi.org\/index.php\/2024\/05\/11\/cumhurbaskani-tatar-kibris-kupasini-gocmenkoye-takdim-etti\/\" \/>\n<meta property=\"og:site_name\" content=\"Kuzeyin Sesi\" \/>\n<meta property=\"article:publisher\" content=\"https:\/\/www.facebook.com\/kuzeyinsesii\" \/>\n<meta property=\"article:published_time\" content=\"2024-05-11T07:31:55+00:00\" \/>\n<meta property=\"og:image\" content=\"https:\/\/kuzeyinsesi.org\/wp-content\/uploads\/2024\/05\/tatar-kibris-kupasi-gocmenkoy-2-.jpg\" \/>\n\t<meta property=\"og:image:width\" content=\"1600\" \/>\n\t<meta property=\"og:image:height\" content=\"1066\" \/>\n\t<meta property=\"og:image:type\" content=\"image\/jpeg\" \/>\n<meta name=\"author\" content=\"Kuzeyin Sesi\" \/>\n<meta name=\"twitter:card\" content=\"summary_large_image\" \/>\n<meta name=\"twitter:creator\" content=\"@kuzeyinsesii\" \/>\n<meta name=\"twitter:site\" content=\"@kuzeyinsesii\" \/>\n<meta name=\"twitter:label1\" content=\"Yazan:\" \/>\n\t<meta name=\"twitter:data1\" content=\"Kuzeyin Sesi\" \/>\n<script type=\"application\/ld+json\" class=\"yoast-schema-graph\">{\"@context\":\"https:\\\/\\\/schema.org\",\"@graph\":[{\"@type\":\"Article\",\"@id\":\"https:\\\/\\\/kuzeyinsesi.org\\\/index.php\\\/2024\\\/05\\\/11\\\/cumhurbaskani-tatar-kibris-kupasini-gocmenkoye-takdim-etti\\\/#article\",\"isPartOf\":{\"@id\":\"https:\\\/\\\/kuzeyinsesi.org\\\/index.php\\\/2024\\\/05\\\/11\\\/cumhurbaskani-tatar-kibris-kupasini-gocmenkoye-takdim-etti\\\/\"},\"author\":{\"name\":\"Kuzeyin Sesi\",\"@id\":\"https:\\\/\\\/kuzeyinsesi.org\\\/#\\\/schema\\\/person\\\/9f859689cdf01485597712386e37f5aa\"},\"headline\":\"Cumhurba\u015fkan\u0131 Tatar, K\u0131br\u0131s Kupas\u0131\u2019n\u0131 G\u00f6\u00e7menk\u00f6y\u2019e takdim etti\",\"datePublished\":\"2024-05-11T07:31:55+00:00\",\"mainEntityOfPage\":{\"@id\":\"https:\\\/\\\/kuzeyinsesi.org\\\/index.php\\\/2024\\\/05\\\/11\\\/cumhurbaskani-tatar-kibris-kupasini-gocmenkoye-takdim-etti\\\/\"},\"wordCount\":106,\"commentCount\":0,\"image\":{\"@id\":\"https:\\\/\\\/kuzeyinsesi.org\\\/index.php\\\/2024\\\/05\\\/11\\\/cumhurbaskani-tatar-kibris-kupasini-gocmenkoye-takdim-etti\\\/#primaryimage\"},\"thumbnailUrl\":\"https:\\\/\\\/kuzeyinsesi.org\\\/wp-content\\\/uploads\\\/2024\\\/05\\\/tatar-kibris-kupasi-gocmenkoy-2-.jpg\",\"articleSection\":[\"K\u0131br\u0131s\"],\"inLanguage\":\"tr\",\"potentialAction\":[{\"@type\":\"CommentAction\",\"name\":\"Comment\",\"target\":[\"https:\\\/\\\/kuzeyinsesi.org\\\/index.php\\\/2024\\\/05\\\/11\\\/cumhurbaskani-tatar-kibris-kupasini-gocmenkoye-takdim-etti\\\/#respond\"]}]},{\"@type\":\"WebPage\",\"@id\":\"https:\\\/\\\/kuzeyinsesi.org\\\/index.php\\\/2024\\\/05\\\/11\\\/cumhurbaskani-tatar-kibris-kupasini-gocmenkoye-takdim-etti\\\/\",\"url\":\"https:\\\/\\\/kuzeyinsesi.org\\\/index.php\\\/2024\\\/05\\\/11\\\/cumhurbaskani-tatar-kibris-kupasini-gocmenkoye-takdim-etti\\\/\",\"name\":\"Cumhurba\u015fkan\u0131 Tatar, K\u0131br\u0131s Kupas\u0131\u2019n\u0131 G\u00f6\u00e7menk\u00f6y\u2019e takdim etti - Kuzeyin Sesi\",\"isPartOf\":{\"@id\":\"https:\\\/\\\/kuzeyinsesi.org\\\/#website\"},\"primaryImageOfPage\":{\"@id\":\"https:\\\/\\\/kuzeyinsesi.org\\\/index.php\\\/2024\\\/05\\\/11\\\/cumhurbaskani-tatar-kibris-kupasini-gocmenkoye-takdim-etti\\\/#primaryimage\"},\"image\":{\"@id\":\"https:\\\/\\\/kuzeyinsesi.org\\\/index.php\\\/2024\\\/05\\\/11\\\/cumhurbaskani-tatar-kibris-kupasini-gocmenkoye-takdim-etti\\\/#primaryimage\"},\"thumbnailUrl\":\"https:\\\/\\\/kuzeyinsesi.org\\\/wp-content\\\/uploads\\\/2024\\\/05\\\/tatar-kibris-kupasi-gocmenkoy-2-.jpg\",\"datePublished\":\"2024-05-11T07:31:55+00:00\",\"author\":{\"@id\":\"https:\\\/\\\/kuzeyinsesi.org\\\/#\\\/schema\\\/person\\\/9f859689cdf01485597712386e37f5aa\"},\"breadcrumb\":{\"@id\":\"https:\\\/\\\/kuzeyinsesi.org\\\/index.php\\\/2024\\\/05\\\/11\\\/cumhurbaskani-tatar-kibris-kupasini-gocmenkoye-takdim-etti\\\/#breadcrumb\"},\"inLanguage\":\"tr\",\"potentialAction\":[{\"@type\":\"ReadAction\",\"target\":[\"https:\\\/\\\/kuzeyinsesi.org\\\/index.php\\\/2024\\\/05\\\/11\\\/cumhurbaskani-tatar-kibris-kupasini-gocmenkoye-takdim-etti\\\/\"]}]},{\"@type\":\"ImageObject\",\"inLanguage\":\"tr\",\"@id\":\"https:\\\/\\\/kuzeyinsesi.org\\\/index.php\\\/2024\\\/05\\\/11\\\/cumhurbaskani-tatar-kibris-kupasini-gocmenkoye-takdim-etti\\\/#primaryimage\",\"url\":\"https:\\\/\\\/kuzeyinsesi.org\\\/wp-content\\\/uploads\\\/2024\\\/05\\\/tatar-kibris-kupasi-gocmenkoy-2-.jpg\",\"contentUrl\":\"https:\\\/\\\/kuzeyinsesi.org\\\/wp-content\\\/uploads\\\/2024\\\/05\\\/tatar-kibris-kupasi-gocmenkoy-2-.jpg\",\"width\":1600,\"height\":1066},{\"@type\":\"BreadcrumbList\",\"@id\":\"https:\\\/\\\/kuzeyinsesi.org\\\/index.php\\\/2024\\\/05\\\/11\\\/cumhurbaskani-tatar-kibris-kupasini-gocmenkoye-takdim-etti\\\/#breadcrumb\",\"itemListElement\":[{\"@type\":\"ListItem\",\"position\":1,\"name\":\"Anasayfa\",\"item\":\"https:\\\/\\\/kuzeyinsesi.org\\\/\"},{\"@type\":\"ListItem\",\"position\":2,\"name\":\"Cumhurba\u015fkan\u0131 Tatar, K\u0131br\u0131s Kupas\u0131\u2019n\u0131 G\u00f6\u00e7menk\u00f6y\u2019e takdim etti\"}]},{\"@type\":\"WebSite\",\"@id\":\"https:\\\/\\\/kuzeyinsesi.org\\\/#website\",\"url\":\"https:\\\/\\\/kuzeyinsesi.org\\\/\",\"name\":\"Kuzeyin Sesi\",\"description\":\"Do\u011fru Haberin Adresi\",\"potentialAction\":[{\"@type\":\"SearchAction\",\"target\":{\"@type\":\"EntryPoint\",\"urlTemplate\":\"https:\\\/\\\/kuzeyinsesi.org\\\/?s={search_term_string}\"},\"query-input\":{\"@type\":\"PropertyValueSpecification\",\"valueRequired\":true,\"valueName\":\"search_term_string\"}}],\"inLanguage\":\"tr\"},{\"@type\":\"Person\",\"@id\":\"https:\\\/\\\/kuzeyinsesi.org\\\/#\\\/schema\\\/person\\\/9f859689cdf01485597712386e37f5aa\",\"name\":\"Kuzeyin Sesi\",\"image\":{\"@type\":\"ImageObject\",\"inLanguage\":\"tr\",\"@id\":\"https:\\\/\\\/secure.gravatar.com\\\/avatar\\\/bab33852abfd8b282518d6ed81826833d77c3c882d9ab608add591ccace47a44?s=96&d=mm&r=g\",\"url\":\"https:\\\/\\\/secure.gravatar.com\\\/avatar\\\/bab33852abfd8b282518d6ed81826833d77c3c882d9ab608add591ccace47a44?s=96&d=mm&r=g\",\"contentUrl\":\"https:\\\/\\\/secure.gravatar.com\\\/avatar\\\/bab33852abfd8b282518d6ed81826833d77c3c882d9ab608add591ccace47a44?s=96&d=mm&r=g\",\"caption\":\"Kuzeyin Sesi\"},\"sameAs\":[\"https:\\\/\\\/kuzeyinsesi.org\"],\"url\":\"https:\\\/\\\/kuzeyinsesi.org\\\/index.php\\\/author\\\/guven\\\/\"}]}<\/script>\n<!-- \/ Yoast SEO plugin. -->","yoast_head_json":{"title":"Cumhurba\u015fkan\u0131 Tatar, K\u0131br\u0131s Kupas\u0131\u2019n\u0131 G\u00f6\u00e7menk\u00f6y\u2019e takdim etti - Kuzeyin Sesi","robots":{"index":"index","follow":"follow","max-snippet":"max-snippet:-1","max-image-preview":"max-image-preview:large","max-video-preview":"max-video-preview:-1"},"canonical":"https:\/\/kuzeyinsesi.org\/index.php\/2024\/05\/11\/cumhurbaskani-tatar-kibris-kupasini-gocmenkoye-takdim-etti\/","og_locale":"tr_TR","og_type":"article","og_title":"Cumhurba\u015fkan\u0131 Tatar, K\u0131br\u0131s Kupas\u0131\u2019n\u0131 G\u00f6\u00e7menk\u00f6y\u2019e takdim etti - Kuzeyin Sesi","og_description":"Cumhurba\u015fkan\u0131 Ersin Tatar, K\u0131br\u0131s T\u00fcrk Futbol Federasyonu taraf\u0131ndan organize edilen Northernland K\u0131br\u0131s Kupas\u0131\u2019nda G\u00f6\u00e7menk\u00f6y \u0130dman Yurdu ile Ma\u011fusa T\u00fcrk G\u00fcc\u00fc aras\u0131nda oynanan final kar\u015f\u0131la\u015fmas\u0131n\u0131 izledi. Cumhurba\u015fkanl\u0131\u011f\u0131ndan verilen bilgiye g\u00f6re, kar\u015f\u0131la\u015fman\u0131n normal s\u00fcresi ve uzatmalar 1-1 beraberlikle sonu\u00e7land\u0131 ve penalt\u0131 at\u0131\u015flar\u0131na gidildi. Cumhurba\u015fkan\u0131 Ersin Tatar, seri penalt\u0131 at\u0131\u015flar\u0131nda rakibini ma\u011flup eden G\u00f6\u00e7menk\u00f6y\u2019e, K\u0131br\u0131s Kupas\u0131\u2019n\u0131 takdim etti.","og_url":"https:\/\/kuzeyinsesi.org\/index.php\/2024\/05\/11\/cumhurbaskani-tatar-kibris-kupasini-gocmenkoye-takdim-etti\/","og_site_name":"Kuzeyin Sesi","article_publisher":"https:\/\/www.facebook.com\/kuzeyinsesii","article_published_time":"2024-05-11T07:31:55+00:00","og_image":[{"width":1600,"height":1066,"url":"https:\/\/kuzeyinsesi.org\/wp-content\/uploads\/2024\/05\/tatar-kibris-kupasi-gocmenkoy-2-.jpg","type":"image\/jpeg"}],"author":"Kuzeyin Sesi","twitter_card":"summary_large_image","twitter_creator":"@kuzeyinsesii","twitter_site":"@kuzeyinsesii","twitter_misc":{"Yazan:":"Kuzeyin Sesi"},"schema":{"@context":"https:\/\/schema.org","@graph":[{"@type":"Article","@id":"https:\/\/kuzeyinsesi.org\/index.php\/2024\/05\/11\/cumhurbaskani-tatar-kibris-kupasini-gocmenkoye-takdim-etti\/#article","isPartOf":{"@id":"https:\/\/kuzeyinsesi.org\/index.php\/2024\/05\/11\/cumhurbaskani-tatar-kibris-kupasini-gocmenkoye-takdim-etti\/"},"author":{"name":"Kuzeyin Sesi","@id":"https:\/\/kuzeyinsesi.org\/#\/schema\/person\/9f859689cdf01485597712386e37f5aa"},"headline":"Cumhurba\u015fkan\u0131 Tatar, K\u0131br\u0131s Kupas\u0131\u2019n\u0131 G\u00f6\u00e7menk\u00f6y\u2019e takdim etti","datePublished":"2024-05-11T07:31:55+00:00","mainEntityOfPage":{"@id":"https:\/\/kuzeyinsesi.org\/index.php\/2024\/05\/11\/cumhurbaskani-tatar-kibris-kupasini-gocmenkoye-takdim-etti\/"},"wordCount":106,"commentCount":0,"image":{"@id":"https:\/\/kuzeyinsesi.org\/index.php\/2024\/05\/11\/cumhurbaskani-tatar-kibris-kupasini-gocmenkoye-takdim-etti\/#primaryimage"},"thumbnailUrl":"https:\/\/kuzeyinsesi.org\/wp-content\/uploads\/2024\/05\/tatar-kibris-kupasi-gocmenkoy-2-.jpg","articleSection":["K\u0131br\u0131s"],"inLanguage":"tr","potentialAction":[{"@type":"CommentAction","name":"Comment","target":["https:\/\/kuzeyinsesi.org\/index.php\/2024\/05\/11\/cumhurbaskani-tatar-kibris-kupasini-gocmenkoye-takdim-etti\/#respond"]}]},{"@type":"WebPage","@id":"https:\/\/kuzeyinsesi.org\/index.php\/2024\/05\/11\/cumhurbaskani-tatar-kibris-kupasini-gocmenkoye-takdim-etti\/","url":"https:\/\/kuzeyinsesi.org\/index.php\/2024\/05\/11\/cumhurbaskani-tatar-kibris-kupasini-gocmenkoye-takdim-etti\/","name":"Cumhurba\u015fkan\u0131 Tatar, K\u0131br\u0131s Kupas\u0131\u2019n\u0131 G\u00f6\u00e7menk\u00f6y\u2019e takdim etti - Kuzeyin Sesi","isPartOf":{"@id":"https:\/\/kuzeyinsesi.org\/#website"},"primaryImageOfPage":{"@id":"https:\/\/kuzeyinsesi.org\/index.php\/2024\/05\/11\/cumhurbaskani-tatar-kibris-kupasini-gocmenkoye-takdim-etti\/#primaryimage"},"image":{"@id":"https:\/\/kuzeyinsesi.org\/index.php\/2024\/05\/11\/cumhurbaskani-tatar-kibris-kupasini-gocmenkoye-takdim-etti\/#primaryimage"},"thumbnailUrl":"https:\/\/kuzeyinsesi.org\/wp-content\/uploads\/2024\/05\/tatar-kibris-kupasi-gocmenkoy-2-.jpg","datePublished":"2024-05-11T07:31:55+00:00","author":{"@id":"https:\/\/kuzeyinsesi.org\/#\/schema\/person\/9f859689cdf01485597712386e37f5aa"},"breadcrumb":{"@id":"https:\/\/kuzeyinsesi.org\/index.php\/2024\/05\/11\/cumhurbaskani-tatar-kibris-kupasini-gocmenkoye-takdim-etti\/#breadcrumb"},"inLanguage":"tr","potentialAction":[{"@type":"ReadAction","target":["https:\/\/kuzeyinsesi.org\/index.php\/2024\/05\/11\/cumhurbaskani-tatar-kibris-kupasini-gocmenkoye-takdim-etti\/"]}]},{"@type":"ImageObject","inLanguage":"tr","@id":"https:\/\/kuzeyinsesi.org\/index.php\/2024\/05\/11\/cumhurbaskani-tatar-kibris-kupasini-gocmenkoye-takdim-etti\/#primaryimage","url":"https:\/\/kuzeyinsesi.org\/wp-content\/uploads\/2024\/05\/tatar-kibris-kupasi-gocmenkoy-2-.jpg","contentUrl":"https:\/\/kuzeyinsesi.org\/wp-content\/uploads\/2024\/05\/tatar-kibris-kupasi-gocmenkoy-2-.jpg","width":1600,"height":1066},{"@type":"BreadcrumbList","@id":"https:\/\/kuzeyinsesi.org\/index.php\/2024\/05\/11\/cumhurbaskani-tatar-kibris-kupasini-gocmenkoye-takdim-etti\/#breadcrumb","itemListElement":[{"@type":"ListItem","position":1,"name":"Anasayfa","item":"https:\/\/kuzeyinsesi.org\/"},{"@type":"ListItem","position":2,"name":"Cumhurba\u015fkan\u0131 Tatar, K\u0131br\u0131s Kupas\u0131\u2019n\u0131 G\u00f6\u00e7menk\u00f6y\u2019e takdim etti"}]},{"@type":"WebSite","@id":"https:\/\/kuzeyinsesi.org\/#website","url":"https:\/\/kuzeyinsesi.org\/","name":"Kuzeyin Sesi","description":"Do\u011fru Haberin Adresi","potentialAction":[{"@type":"SearchAction","target":{"@type":"EntryPoint","urlTemplate":"https:\/\/kuzeyinsesi.org\/?s={search_term_string}"},"query-input":{"@type":"PropertyValueSpecification","valueRequired":true,"valueName":"search_term_string"}}],"inLanguage":"tr"},{"@type":"Person","@id":"https:\/\/kuzeyinsesi.org\/#\/schema\/person\/9f859689cdf01485597712386e37f5aa","name":"Kuzeyin Sesi","image":{"@type":"ImageObject","inLanguage":"tr","@id":"https:\/\/secure.gravatar.com\/avatar\/bab33852abfd8b282518d6ed81826833d77c3c882d9ab608add591ccace47a44?s=96&d=mm&r=g","url":"https:\/\/secure.gravatar.com\/avatar\/bab33852abfd8b282518d6ed81826833d77c3c882d9ab608add591ccace47a44?s=96&d=mm&r=g","contentUrl":"https:\/\/secure.gravatar.com\/avatar\/bab33852abfd8b282518d6ed81826833d77c3c882d9ab608add591ccace47a44?s=96&d=mm&r=g","caption":"Kuzeyin Sesi"},"sameAs":["https:\/\/kuzeyinsesi.org"],"url":"https:\/\/kuzeyinsesi.org\/index.php\/author\/guven\/"}]}},"_links":{"self":[{"href":"https:\/\/kuzeyinsesi.org\/index.php\/wp-json\/wp\/v2\/posts\/2058","targetHints":{"allow":["GET"]}}],"collection":[{"href":"https:\/\/kuzeyinsesi.org\/index.php\/wp-json\/wp\/v2\/posts"}],"about":[{"href":"https:\/\/kuzeyinsesi.org\/index.php\/wp-json\/wp\/v2\/types\/post"}],"author":[{"embeddable":true,"href":"https:\/\/kuzeyinsesi.org\/index.php\/wp-json\/wp\/v2\/users\/1"}],"replies":[{"embeddable":true,"href":"https:\/\/kuzeyinsesi.org\/index.php\/wp-json\/wp\/v2\/comments?post=2058"}],"version-history":[{"count":0,"href":"https:\/\/kuzeyinsesi.org\/index.php\/wp-json\/wp\/v2\/posts\/2058\/revisions"}],"wp:featuredmedia":[{"embeddable":true,"href":"https:\/\/kuzeyinsesi.org\/index.php\/wp-json\/wp\/v2\/media\/2059"}],"wp:attachment":[{"href":"https:\/\/kuzeyinsesi.org\/index.php\/wp-json\/wp\/v2\/media?parent=2058"}],"wp:term":[{"taxonomy":"category","embeddable":true,"href":"https:\/\/kuzeyinsesi.org\/index.php\/wp-json\/wp\/v2\/categories?post=2058"},{"taxonomy":"post_tag","embeddable":true,"href":"https:\/\/kuzeyinsesi.org\/index.php\/wp-json\/wp\/v2\/tags?post=2058"}],"curies":[{"name":"wp","href":"https:\/\/api.w.org\/{rel}","templated":true}]}}