{"id":20572,"date":"2025-03-10T10:26:14","date_gmt":"2025-03-10T08:26:14","guid":{"rendered":"https:\/\/kuzeyinsesi.org\/index.php\/2025\/03\/10\/kibris-baris-harekati-1974-ayse-tatile-cikti-filmiyle-beyaz-perdeye-tasiniyor\/"},"modified":"2025-03-10T10:26:14","modified_gmt":"2025-03-10T08:26:14","slug":"kibris-baris-harekati-1974-ayse-tatile-cikti-filmiyle-beyaz-perdeye-tasiniyor","status":"publish","type":"post","link":"https:\/\/kuzeyinsesi.org\/index.php\/2025\/03\/10\/kibris-baris-harekati-1974-ayse-tatile-cikti-filmiyle-beyaz-perdeye-tasiniyor\/","title":{"rendered":"K\u0131br\u0131s Bar\u0131\u015f Harekat\u0131, \u201c1974-Ay\u015fe Tatile \u00c7\u0131kt\u0131\u201d filmiyle beyaz perdeye ta\u015f\u0131n\u0131yor"},"content":{"rendered":"<div>\n<div class=\"mariselle-image-container none\">\n                                            <\/div>\n<p>Yap\u0131mc\u0131l\u0131\u011f\u0131n\u0131 Esat Deniz Abdalo\u011flu\u2019nun \u00fcstlendi\u011fi, senaryosunu Murat Akku\u015f\u2019un kaleme ald\u0131\u011f\u0131, K\u0131br\u0131s Bar\u0131\u015f Harekat\u0131 ve \u00f6ncesinde Rum ter\u00f6r \u00f6rg\u00fct\u00fc EOKA\u2019n\u0131n K\u0131br\u0131s T\u00fcrk halk\u0131na y\u00f6nelik katliamlar\u0131n\u0131 konu alan \u201c1974-Ay\u015fe Tatile \u00c7\u0131kt\u0131\u201d filmi beyaz perdeye ta\u015f\u0131nacak.<\/p>\n<p>1974 K\u0131br\u0131s Bar\u0131\u015f Harekat\u0131 ve \u00f6ncesinde ya\u015fanan dramatik olaylar\u0131n anlat\u0131laca\u011f\u0131 film, sava\u015f\u0131n ortas\u0131nda ya\u015fanan bir a\u015fk hikayesi ile K\u0131br\u0131s\u2019ta verilen kahramanca m\u00fccadeleyi sinemaseverlerle bulu\u015fturacak.<\/p>\n<p>Yap\u0131mc\u0131 Esat Deniz Abdalo\u011flu, AA muhabirine \u00e7ekimlerine ba\u015flanacak filme ili\u015fkin a\u00e7\u0131klamada bulundu.<\/p>\n<p>\u201c1974-Ay\u015fe\u00a0Tatile \u00c7\u0131kt\u0131\u201d filminin K\u0131br\u0131s Bar\u0131\u015f Harekat\u0131 ve \u00f6ncesinde Rum ter\u00f6r \u00f6rg\u00fct\u00fc EOKA\u2019n\u0131n K\u0131br\u0131s T\u00fcrk halk\u0131na y\u00f6nelik katliamlar\u0131n\u0131, K\u0131br\u0131s\u2019taki m\u00fccadeleyi ve m\u00fccahitleri anlatt\u0131\u011f\u0131n\u0131 belirten Abdalo\u011flu, \u201cHikayemiz, K\u0131br\u0131s T\u00fcrk halk\u0131n\u0131n verdi\u011fi \u00e7etin m\u00fccadeleyi anlat\u0131rken, 1964-1974 y\u0131llar\u0131nda ge\u00e7iyor. Gazeteci Nehir\u2019in esir d\u00fc\u015fen sava\u015f muhabiri sevgilisi F\u0131rat\u2019\u0131 kurtarmak i\u00e7in K\u0131br\u0131s\u2019a gelmesi ve m\u00fccadeleye kat\u0131lmas\u0131n\u0131 anlat\u0131yoruz. Film, ger\u00e7ek bir hikayeden kaleme al\u0131nd\u0131. K\u0131ymetli Denkta\u015f ailesi de filmimizi destekliyor, iyi bir i\u015f \u00e7\u0131karmay\u0131 hedefliyoruz.\u201d ifadelerini kulland\u0131.<\/p>\n<p><strong>\u2013 \u201cFilmin ekim ay\u0131nda vizyona girmesini planl\u0131yoruz\u201d<\/strong><\/p>\n<p>Filmde, sava\u015f\u0131n y\u0131k\u0131c\u0131l\u0131\u011f\u0131n\u0131 \u00e7arp\u0131c\u0131 \u015fekilde beyaz perdeye ta\u015f\u0131may\u0131 istediklerini belirten Abdalo\u011flu, y\u00f6netmen koltu\u011fundaki isim ve oyuncu kadrosunun \u00f6n\u00fcm\u00fczdeki g\u00fcnlerde a\u00e7\u0131klanaca\u011f\u0131n\u0131, \u00e7ekimlerin de yak\u0131n zamanda ba\u015flayaca\u011f\u0131n\u0131 bildirdi.<\/p>\n<p>Abdalo\u011flu \u00e7ekimlerin Girne Be\u015fparmak da\u011flar\u0131 ve sahil \u015feridi ile Lefke ve Bafra b\u00f6lgelerinde yap\u0131laca\u011f\u0131n\u0131 belirterek, \u015funlar\u0131 kaydetti:<\/p>\n<p>\u201cKapal\u0131 Mara\u015f\u2019\u0131n belirli bir b\u00f6l\u00fcm\u00fcnde de \u00e7ekimler yap\u0131lacak. Lefko\u015fa\u2019n\u0131n dar sokaklar\u0131 ve harekat\u0131n izlerini ta\u015f\u0131yan b\u00f6lgeler, izleyiciyi 1974 y\u0131l\u0131na g\u00f6t\u00fcrerek hikayeye daha da derinlik katacak. Kuzey K\u0131br\u0131s, do\u011fas\u0131 ve kendine \u00f6zel karakteriyle \u00e7arp\u0131c\u0131 bir atmosfere sahip. Film, yaln\u0131zca b\u00fcy\u00fck bir prod\u00fcksiyon olman\u0131n \u00f6tesinde, o d\u00f6nemi ya\u015fayan insanlar\u0131n tan\u0131kl\u0131klar\u0131n\u0131 da i\u00e7inde bar\u0131nd\u0131ran g\u00fc\u00e7l\u00fc bir anlat\u0131 sunmay\u0131 hedefliyor. Filmin ekim ay\u0131nda vizyona girmesini planl\u0131yoruz.\u201d<\/p>\n<\/p><\/div>\n<p><script async\n                    defer\n                    crossorigin=\"anonymous\"\n                    src=\"https:\/\/connect.facebook.net\/tr_TR\/sdk.js#xfbml=1&#038;version=v3.3\"\n            ><\/script><\/p>\n","protected":false},"excerpt":{"rendered":"<p>Yap\u0131mc\u0131l\u0131\u011f\u0131n\u0131 Esat Deniz Abdalo\u011flu\u2019nun \u00fcstlendi\u011fi, senaryosunu Murat Akku\u015f\u2019un kaleme ald\u0131\u011f\u0131, K\u0131br\u0131s Bar\u0131\u015f Harekat\u0131 ve \u00f6ncesinde Rum ter\u00f6r \u00f6rg\u00fct\u00fc EOKA\u2019n\u0131n K\u0131br\u0131s T\u00fcrk halk\u0131na y\u00f6nelik katliamlar\u0131n\u0131 konu alan \u201c1974-Ay\u015fe Tatile \u00c7\u0131kt\u0131\u201d filmi beyaz perdeye ta\u015f\u0131nacak. 1974 K\u0131br\u0131s Bar\u0131\u015f Harekat\u0131 ve \u00f6ncesinde ya\u015fanan dramatik olaylar\u0131n anlat\u0131laca\u011f\u0131 film, sava\u015f\u0131n ortas\u0131nda ya\u015fanan bir a\u015fk hikayesi ile K\u0131br\u0131s\u2019ta verilen kahramanca m\u00fccadeleyi [&hellip;]<\/p>\n","protected":false},"author":1,"featured_media":20573,"comment_status":"open","ping_status":"open","sticky":false,"template":"","format":"standard","meta":{"jnews-multi-image_gallery":[],"jnews_single_post":[],"jnews_primary_category":[],"jnews_social_meta":[],"jnews_override_counter":[],"footnotes":""},"categories":[6],"tags":[],"class_list":["post-20572","post","type-post","status-publish","format-standard","has-post-thumbnail","hentry","category-yasam"],"yoast_head":"<!-- This site is optimized with the Yoast SEO plugin v27.4 - https:\/\/yoast.com\/product\/yoast-seo-wordpress\/ -->\n<title>K\u0131br\u0131s Bar\u0131\u015f Harekat\u0131, \u201c1974-Ay\u015fe Tatile \u00c7\u0131kt\u0131\u201d filmiyle beyaz perdeye ta\u015f\u0131n\u0131yor - Kuzeyin Sesi<\/title>\n<meta name=\"robots\" content=\"index, follow, max-snippet:-1, max-image-preview:large, max-video-preview:-1\" \/>\n<link rel=\"canonical\" href=\"https:\/\/kuzeyinsesi.org\/index.php\/2025\/03\/10\/kibris-baris-harekati-1974-ayse-tatile-cikti-filmiyle-beyaz-perdeye-tasiniyor\/\" \/>\n<meta property=\"og:locale\" content=\"tr_TR\" \/>\n<meta property=\"og:type\" content=\"article\" \/>\n<meta property=\"og:title\" content=\"K\u0131br\u0131s Bar\u0131\u015f Harekat\u0131, \u201c1974-Ay\u015fe Tatile \u00c7\u0131kt\u0131\u201d filmiyle beyaz perdeye ta\u015f\u0131n\u0131yor - Kuzeyin Sesi\" \/>\n<meta property=\"og:description\" content=\"Yap\u0131mc\u0131l\u0131\u011f\u0131n\u0131 Esat Deniz Abdalo\u011flu\u2019nun \u00fcstlendi\u011fi, senaryosunu Murat Akku\u015f\u2019un kaleme ald\u0131\u011f\u0131, K\u0131br\u0131s Bar\u0131\u015f Harekat\u0131 ve \u00f6ncesinde Rum ter\u00f6r \u00f6rg\u00fct\u00fc EOKA\u2019n\u0131n K\u0131br\u0131s T\u00fcrk halk\u0131na y\u00f6nelik katliamlar\u0131n\u0131 konu alan \u201c1974-Ay\u015fe Tatile \u00c7\u0131kt\u0131\u201d filmi beyaz perdeye ta\u015f\u0131nacak. 1974 K\u0131br\u0131s Bar\u0131\u015f Harekat\u0131 ve \u00f6ncesinde ya\u015fanan dramatik olaylar\u0131n anlat\u0131laca\u011f\u0131 film, sava\u015f\u0131n ortas\u0131nda ya\u015fanan bir a\u015fk hikayesi ile K\u0131br\u0131s\u2019ta verilen kahramanca m\u00fccadeleyi [&hellip;]\" \/>\n<meta property=\"og:url\" content=\"https:\/\/kuzeyinsesi.org\/index.php\/2025\/03\/10\/kibris-baris-harekati-1974-ayse-tatile-cikti-filmiyle-beyaz-perdeye-tasiniyor\/\" \/>\n<meta property=\"og:site_name\" content=\"Kuzeyin Sesi\" \/>\n<meta property=\"article:publisher\" content=\"https:\/\/www.facebook.com\/kuzeyinsesii\" \/>\n<meta property=\"article:published_time\" content=\"2025-03-10T08:26:14+00:00\" \/>\n<meta property=\"og:image\" content=\"https:\/\/brtk.net\/wp-content\/uploads\/2025\/03\/09\/AYSE_TATILE_CIKTI_FILMIYLE_BEYAZ_PERDEYE_TASINIYOR.jpg?ver=d075a1ed4e6dc67d4f2aba68474a8908\" \/>\n<meta name=\"author\" content=\"Kuzeyin Sesi\" \/>\n<meta name=\"twitter:card\" content=\"summary_large_image\" \/>\n<meta name=\"twitter:creator\" content=\"@kuzeyinsesii\" \/>\n<meta name=\"twitter:site\" content=\"@kuzeyinsesii\" \/>\n<meta name=\"twitter:label1\" content=\"Yazan:\" \/>\n\t<meta name=\"twitter:data1\" content=\"Kuzeyin Sesi\" \/>\n\t<meta name=\"twitter:label2\" content=\"Tahmini okuma s\u00fcresi\" \/>\n\t<meta name=\"twitter:data2\" content=\"2 dakika\" \/>\n<script type=\"application\/ld+json\" class=\"yoast-schema-graph\">{\"@context\":\"https:\\\/\\\/schema.org\",\"@graph\":[{\"@type\":\"Article\",\"@id\":\"https:\\\/\\\/kuzeyinsesi.org\\\/index.php\\\/2025\\\/03\\\/10\\\/kibris-baris-harekati-1974-ayse-tatile-cikti-filmiyle-beyaz-perdeye-tasiniyor\\\/#article\",\"isPartOf\":{\"@id\":\"https:\\\/\\\/kuzeyinsesi.org\\\/index.php\\\/2025\\\/03\\\/10\\\/kibris-baris-harekati-1974-ayse-tatile-cikti-filmiyle-beyaz-perdeye-tasiniyor\\\/\"},\"author\":{\"name\":\"Kuzeyin Sesi\",\"@id\":\"https:\\\/\\\/kuzeyinsesi.org\\\/#\\\/schema\\\/person\\\/9f859689cdf01485597712386e37f5aa\"},\"headline\":\"K\u0131br\u0131s Bar\u0131\u015f Harekat\u0131, \u201c1974-Ay\u015fe Tatile \u00c7\u0131kt\u0131\u201d filmiyle beyaz perdeye ta\u015f\u0131n\u0131yor\",\"datePublished\":\"2025-03-10T08:26:14+00:00\",\"mainEntityOfPage\":{\"@id\":\"https:\\\/\\\/kuzeyinsesi.org\\\/index.php\\\/2025\\\/03\\\/10\\\/kibris-baris-harekati-1974-ayse-tatile-cikti-filmiyle-beyaz-perdeye-tasiniyor\\\/\"},\"wordCount\":411,\"commentCount\":0,\"image\":{\"@id\":\"https:\\\/\\\/kuzeyinsesi.org\\\/index.php\\\/2025\\\/03\\\/10\\\/kibris-baris-harekati-1974-ayse-tatile-cikti-filmiyle-beyaz-perdeye-tasiniyor\\\/#primaryimage\"},\"thumbnailUrl\":\"https:\\\/\\\/kuzeyinsesi.org\\\/wp-content\\\/uploads\\\/2025\\\/03\\\/AYSE_TATILE_CIKTI_FILMIYLE_BEYAZ_PERDEYE_TASINIYOR.jpg\",\"articleSection\":[\"Ya\u015fam\"],\"inLanguage\":\"tr\",\"potentialAction\":[{\"@type\":\"CommentAction\",\"name\":\"Comment\",\"target\":[\"https:\\\/\\\/kuzeyinsesi.org\\\/index.php\\\/2025\\\/03\\\/10\\\/kibris-baris-harekati-1974-ayse-tatile-cikti-filmiyle-beyaz-perdeye-tasiniyor\\\/#respond\"]}]},{\"@type\":\"WebPage\",\"@id\":\"https:\\\/\\\/kuzeyinsesi.org\\\/index.php\\\/2025\\\/03\\\/10\\\/kibris-baris-harekati-1974-ayse-tatile-cikti-filmiyle-beyaz-perdeye-tasiniyor\\\/\",\"url\":\"https:\\\/\\\/kuzeyinsesi.org\\\/index.php\\\/2025\\\/03\\\/10\\\/kibris-baris-harekati-1974-ayse-tatile-cikti-filmiyle-beyaz-perdeye-tasiniyor\\\/\",\"name\":\"K\u0131br\u0131s Bar\u0131\u015f Harekat\u0131, \u201c1974-Ay\u015fe Tatile \u00c7\u0131kt\u0131\u201d filmiyle beyaz perdeye ta\u015f\u0131n\u0131yor - Kuzeyin Sesi\",\"isPartOf\":{\"@id\":\"https:\\\/\\\/kuzeyinsesi.org\\\/#website\"},\"primaryImageOfPage\":{\"@id\":\"https:\\\/\\\/kuzeyinsesi.org\\\/index.php\\\/2025\\\/03\\\/10\\\/kibris-baris-harekati-1974-ayse-tatile-cikti-filmiyle-beyaz-perdeye-tasiniyor\\\/#primaryimage\"},\"image\":{\"@id\":\"https:\\\/\\\/kuzeyinsesi.org\\\/index.php\\\/2025\\\/03\\\/10\\\/kibris-baris-harekati-1974-ayse-tatile-cikti-filmiyle-beyaz-perdeye-tasiniyor\\\/#primaryimage\"},\"thumbnailUrl\":\"https:\\\/\\\/kuzeyinsesi.org\\\/wp-content\\\/uploads\\\/2025\\\/03\\\/AYSE_TATILE_CIKTI_FILMIYLE_BEYAZ_PERDEYE_TASINIYOR.jpg\",\"datePublished\":\"2025-03-10T08:26:14+00:00\",\"author\":{\"@id\":\"https:\\\/\\\/kuzeyinsesi.org\\\/#\\\/schema\\\/person\\\/9f859689cdf01485597712386e37f5aa\"},\"breadcrumb\":{\"@id\":\"https:\\\/\\\/kuzeyinsesi.org\\\/index.php\\\/2025\\\/03\\\/10\\\/kibris-baris-harekati-1974-ayse-tatile-cikti-filmiyle-beyaz-perdeye-tasiniyor\\\/#breadcrumb\"},\"inLanguage\":\"tr\",\"potentialAction\":[{\"@type\":\"ReadAction\",\"target\":[\"https:\\\/\\\/kuzeyinsesi.org\\\/index.php\\\/2025\\\/03\\\/10\\\/kibris-baris-harekati-1974-ayse-tatile-cikti-filmiyle-beyaz-perdeye-tasiniyor\\\/\"]}]},{\"@type\":\"ImageObject\",\"inLanguage\":\"tr\",\"@id\":\"https:\\\/\\\/kuzeyinsesi.org\\\/index.php\\\/2025\\\/03\\\/10\\\/kibris-baris-harekati-1974-ayse-tatile-cikti-filmiyle-beyaz-perdeye-tasiniyor\\\/#primaryimage\",\"url\":\"https:\\\/\\\/kuzeyinsesi.org\\\/wp-content\\\/uploads\\\/2025\\\/03\\\/AYSE_TATILE_CIKTI_FILMIYLE_BEYAZ_PERDEYE_TASINIYOR.jpg\",\"contentUrl\":\"https:\\\/\\\/kuzeyinsesi.org\\\/wp-content\\\/uploads\\\/2025\\\/03\\\/AYSE_TATILE_CIKTI_FILMIYLE_BEYAZ_PERDEYE_TASINIYOR.jpg\",\"width\":928,\"height\":465},{\"@type\":\"BreadcrumbList\",\"@id\":\"https:\\\/\\\/kuzeyinsesi.org\\\/index.php\\\/2025\\\/03\\\/10\\\/kibris-baris-harekati-1974-ayse-tatile-cikti-filmiyle-beyaz-perdeye-tasiniyor\\\/#breadcrumb\",\"itemListElement\":[{\"@type\":\"ListItem\",\"position\":1,\"name\":\"Anasayfa\",\"item\":\"https:\\\/\\\/kuzeyinsesi.org\\\/\"},{\"@type\":\"ListItem\",\"position\":2,\"name\":\"K\u0131br\u0131s Bar\u0131\u015f Harekat\u0131, \u201c1974-Ay\u015fe Tatile \u00c7\u0131kt\u0131\u201d filmiyle beyaz perdeye ta\u015f\u0131n\u0131yor\"}]},{\"@type\":\"WebSite\",\"@id\":\"https:\\\/\\\/kuzeyinsesi.org\\\/#website\",\"url\":\"https:\\\/\\\/kuzeyinsesi.org\\\/\",\"name\":\"Kuzeyin Sesi\",\"description\":\"Do\u011fru Haberin Adresi\",\"potentialAction\":[{\"@type\":\"SearchAction\",\"target\":{\"@type\":\"EntryPoint\",\"urlTemplate\":\"https:\\\/\\\/kuzeyinsesi.org\\\/?s={search_term_string}\"},\"query-input\":{\"@type\":\"PropertyValueSpecification\",\"valueRequired\":true,\"valueName\":\"search_term_string\"}}],\"inLanguage\":\"tr\"},{\"@type\":\"Person\",\"@id\":\"https:\\\/\\\/kuzeyinsesi.org\\\/#\\\/schema\\\/person\\\/9f859689cdf01485597712386e37f5aa\",\"name\":\"Kuzeyin Sesi\",\"image\":{\"@type\":\"ImageObject\",\"inLanguage\":\"tr\",\"@id\":\"https:\\\/\\\/secure.gravatar.com\\\/avatar\\\/bab33852abfd8b282518d6ed81826833d77c3c882d9ab608add591ccace47a44?s=96&d=mm&r=g\",\"url\":\"https:\\\/\\\/secure.gravatar.com\\\/avatar\\\/bab33852abfd8b282518d6ed81826833d77c3c882d9ab608add591ccace47a44?s=96&d=mm&r=g\",\"contentUrl\":\"https:\\\/\\\/secure.gravatar.com\\\/avatar\\\/bab33852abfd8b282518d6ed81826833d77c3c882d9ab608add591ccace47a44?s=96&d=mm&r=g\",\"caption\":\"Kuzeyin Sesi\"},\"sameAs\":[\"https:\\\/\\\/kuzeyinsesi.org\"],\"url\":\"https:\\\/\\\/kuzeyinsesi.org\\\/index.php\\\/author\\\/guven\\\/\"}]}<\/script>\n<!-- \/ Yoast SEO plugin. -->","yoast_head_json":{"title":"K\u0131br\u0131s Bar\u0131\u015f Harekat\u0131, \u201c1974-Ay\u015fe Tatile \u00c7\u0131kt\u0131\u201d filmiyle beyaz perdeye ta\u015f\u0131n\u0131yor - Kuzeyin Sesi","robots":{"index":"index","follow":"follow","max-snippet":"max-snippet:-1","max-image-preview":"max-image-preview:large","max-video-preview":"max-video-preview:-1"},"canonical":"https:\/\/kuzeyinsesi.org\/index.php\/2025\/03\/10\/kibris-baris-harekati-1974-ayse-tatile-cikti-filmiyle-beyaz-perdeye-tasiniyor\/","og_locale":"tr_TR","og_type":"article","og_title":"K\u0131br\u0131s Bar\u0131\u015f Harekat\u0131, \u201c1974-Ay\u015fe Tatile \u00c7\u0131kt\u0131\u201d filmiyle beyaz perdeye ta\u015f\u0131n\u0131yor - Kuzeyin Sesi","og_description":"Yap\u0131mc\u0131l\u0131\u011f\u0131n\u0131 Esat Deniz Abdalo\u011flu\u2019nun \u00fcstlendi\u011fi, senaryosunu Murat Akku\u015f\u2019un kaleme ald\u0131\u011f\u0131, K\u0131br\u0131s Bar\u0131\u015f Harekat\u0131 ve \u00f6ncesinde Rum ter\u00f6r \u00f6rg\u00fct\u00fc EOKA\u2019n\u0131n K\u0131br\u0131s T\u00fcrk halk\u0131na y\u00f6nelik katliamlar\u0131n\u0131 konu alan \u201c1974-Ay\u015fe Tatile \u00c7\u0131kt\u0131\u201d filmi beyaz perdeye ta\u015f\u0131nacak. 1974 K\u0131br\u0131s Bar\u0131\u015f Harekat\u0131 ve \u00f6ncesinde ya\u015fanan dramatik olaylar\u0131n anlat\u0131laca\u011f\u0131 film, sava\u015f\u0131n ortas\u0131nda ya\u015fanan bir a\u015fk hikayesi ile K\u0131br\u0131s\u2019ta verilen kahramanca m\u00fccadeleyi [&hellip;]","og_url":"https:\/\/kuzeyinsesi.org\/index.php\/2025\/03\/10\/kibris-baris-harekati-1974-ayse-tatile-cikti-filmiyle-beyaz-perdeye-tasiniyor\/","og_site_name":"Kuzeyin Sesi","article_publisher":"https:\/\/www.facebook.com\/kuzeyinsesii","article_published_time":"2025-03-10T08:26:14+00:00","og_image":[{"url":"https:\/\/brtk.net\/wp-content\/uploads\/2025\/03\/09\/AYSE_TATILE_CIKTI_FILMIYLE_BEYAZ_PERDEYE_TASINIYOR.jpg?ver=d075a1ed4e6dc67d4f2aba68474a8908","type":"","width":"","height":""}],"author":"Kuzeyin Sesi","twitter_card":"summary_large_image","twitter_creator":"@kuzeyinsesii","twitter_site":"@kuzeyinsesii","twitter_misc":{"Yazan:":"Kuzeyin Sesi","Tahmini okuma s\u00fcresi":"2 dakika"},"schema":{"@context":"https:\/\/schema.org","@graph":[{"@type":"Article","@id":"https:\/\/kuzeyinsesi.org\/index.php\/2025\/03\/10\/kibris-baris-harekati-1974-ayse-tatile-cikti-filmiyle-beyaz-perdeye-tasiniyor\/#article","isPartOf":{"@id":"https:\/\/kuzeyinsesi.org\/index.php\/2025\/03\/10\/kibris-baris-harekati-1974-ayse-tatile-cikti-filmiyle-beyaz-perdeye-tasiniyor\/"},"author":{"name":"Kuzeyin Sesi","@id":"https:\/\/kuzeyinsesi.org\/#\/schema\/person\/9f859689cdf01485597712386e37f5aa"},"headline":"K\u0131br\u0131s Bar\u0131\u015f Harekat\u0131, \u201c1974-Ay\u015fe Tatile \u00c7\u0131kt\u0131\u201d filmiyle beyaz perdeye ta\u015f\u0131n\u0131yor","datePublished":"2025-03-10T08:26:14+00:00","mainEntityOfPage":{"@id":"https:\/\/kuzeyinsesi.org\/index.php\/2025\/03\/10\/kibris-baris-harekati-1974-ayse-tatile-cikti-filmiyle-beyaz-perdeye-tasiniyor\/"},"wordCount":411,"commentCount":0,"image":{"@id":"https:\/\/kuzeyinsesi.org\/index.php\/2025\/03\/10\/kibris-baris-harekati-1974-ayse-tatile-cikti-filmiyle-beyaz-perdeye-tasiniyor\/#primaryimage"},"thumbnailUrl":"https:\/\/kuzeyinsesi.org\/wp-content\/uploads\/2025\/03\/AYSE_TATILE_CIKTI_FILMIYLE_BEYAZ_PERDEYE_TASINIYOR.jpg","articleSection":["Ya\u015fam"],"inLanguage":"tr","potentialAction":[{"@type":"CommentAction","name":"Comment","target":["https:\/\/kuzeyinsesi.org\/index.php\/2025\/03\/10\/kibris-baris-harekati-1974-ayse-tatile-cikti-filmiyle-beyaz-perdeye-tasiniyor\/#respond"]}]},{"@type":"WebPage","@id":"https:\/\/kuzeyinsesi.org\/index.php\/2025\/03\/10\/kibris-baris-harekati-1974-ayse-tatile-cikti-filmiyle-beyaz-perdeye-tasiniyor\/","url":"https:\/\/kuzeyinsesi.org\/index.php\/2025\/03\/10\/kibris-baris-harekati-1974-ayse-tatile-cikti-filmiyle-beyaz-perdeye-tasiniyor\/","name":"K\u0131br\u0131s Bar\u0131\u015f Harekat\u0131, \u201c1974-Ay\u015fe Tatile \u00c7\u0131kt\u0131\u201d filmiyle beyaz perdeye ta\u015f\u0131n\u0131yor - Kuzeyin Sesi","isPartOf":{"@id":"https:\/\/kuzeyinsesi.org\/#website"},"primaryImageOfPage":{"@id":"https:\/\/kuzeyinsesi.org\/index.php\/2025\/03\/10\/kibris-baris-harekati-1974-ayse-tatile-cikti-filmiyle-beyaz-perdeye-tasiniyor\/#primaryimage"},"image":{"@id":"https:\/\/kuzeyinsesi.org\/index.php\/2025\/03\/10\/kibris-baris-harekati-1974-ayse-tatile-cikti-filmiyle-beyaz-perdeye-tasiniyor\/#primaryimage"},"thumbnailUrl":"https:\/\/kuzeyinsesi.org\/wp-content\/uploads\/2025\/03\/AYSE_TATILE_CIKTI_FILMIYLE_BEYAZ_PERDEYE_TASINIYOR.jpg","datePublished":"2025-03-10T08:26:14+00:00","author":{"@id":"https:\/\/kuzeyinsesi.org\/#\/schema\/person\/9f859689cdf01485597712386e37f5aa"},"breadcrumb":{"@id":"https:\/\/kuzeyinsesi.org\/index.php\/2025\/03\/10\/kibris-baris-harekati-1974-ayse-tatile-cikti-filmiyle-beyaz-perdeye-tasiniyor\/#breadcrumb"},"inLanguage":"tr","potentialAction":[{"@type":"ReadAction","target":["https:\/\/kuzeyinsesi.org\/index.php\/2025\/03\/10\/kibris-baris-harekati-1974-ayse-tatile-cikti-filmiyle-beyaz-perdeye-tasiniyor\/"]}]},{"@type":"ImageObject","inLanguage":"tr","@id":"https:\/\/kuzeyinsesi.org\/index.php\/2025\/03\/10\/kibris-baris-harekati-1974-ayse-tatile-cikti-filmiyle-beyaz-perdeye-tasiniyor\/#primaryimage","url":"https:\/\/kuzeyinsesi.org\/wp-content\/uploads\/2025\/03\/AYSE_TATILE_CIKTI_FILMIYLE_BEYAZ_PERDEYE_TASINIYOR.jpg","contentUrl":"https:\/\/kuzeyinsesi.org\/wp-content\/uploads\/2025\/03\/AYSE_TATILE_CIKTI_FILMIYLE_BEYAZ_PERDEYE_TASINIYOR.jpg","width":928,"height":465},{"@type":"BreadcrumbList","@id":"https:\/\/kuzeyinsesi.org\/index.php\/2025\/03\/10\/kibris-baris-harekati-1974-ayse-tatile-cikti-filmiyle-beyaz-perdeye-tasiniyor\/#breadcrumb","itemListElement":[{"@type":"ListItem","position":1,"name":"Anasayfa","item":"https:\/\/kuzeyinsesi.org\/"},{"@type":"ListItem","position":2,"name":"K\u0131br\u0131s Bar\u0131\u015f Harekat\u0131, \u201c1974-Ay\u015fe Tatile \u00c7\u0131kt\u0131\u201d filmiyle beyaz perdeye ta\u015f\u0131n\u0131yor"}]},{"@type":"WebSite","@id":"https:\/\/kuzeyinsesi.org\/#website","url":"https:\/\/kuzeyinsesi.org\/","name":"Kuzeyin Sesi","description":"Do\u011fru Haberin Adresi","potentialAction":[{"@type":"SearchAction","target":{"@type":"EntryPoint","urlTemplate":"https:\/\/kuzeyinsesi.org\/?s={search_term_string}"},"query-input":{"@type":"PropertyValueSpecification","valueRequired":true,"valueName":"search_term_string"}}],"inLanguage":"tr"},{"@type":"Person","@id":"https:\/\/kuzeyinsesi.org\/#\/schema\/person\/9f859689cdf01485597712386e37f5aa","name":"Kuzeyin Sesi","image":{"@type":"ImageObject","inLanguage":"tr","@id":"https:\/\/secure.gravatar.com\/avatar\/bab33852abfd8b282518d6ed81826833d77c3c882d9ab608add591ccace47a44?s=96&d=mm&r=g","url":"https:\/\/secure.gravatar.com\/avatar\/bab33852abfd8b282518d6ed81826833d77c3c882d9ab608add591ccace47a44?s=96&d=mm&r=g","contentUrl":"https:\/\/secure.gravatar.com\/avatar\/bab33852abfd8b282518d6ed81826833d77c3c882d9ab608add591ccace47a44?s=96&d=mm&r=g","caption":"Kuzeyin Sesi"},"sameAs":["https:\/\/kuzeyinsesi.org"],"url":"https:\/\/kuzeyinsesi.org\/index.php\/author\/guven\/"}]}},"_links":{"self":[{"href":"https:\/\/kuzeyinsesi.org\/index.php\/wp-json\/wp\/v2\/posts\/20572","targetHints":{"allow":["GET"]}}],"collection":[{"href":"https:\/\/kuzeyinsesi.org\/index.php\/wp-json\/wp\/v2\/posts"}],"about":[{"href":"https:\/\/kuzeyinsesi.org\/index.php\/wp-json\/wp\/v2\/types\/post"}],"author":[{"embeddable":true,"href":"https:\/\/kuzeyinsesi.org\/index.php\/wp-json\/wp\/v2\/users\/1"}],"replies":[{"embeddable":true,"href":"https:\/\/kuzeyinsesi.org\/index.php\/wp-json\/wp\/v2\/comments?post=20572"}],"version-history":[{"count":0,"href":"https:\/\/kuzeyinsesi.org\/index.php\/wp-json\/wp\/v2\/posts\/20572\/revisions"}],"wp:featuredmedia":[{"embeddable":true,"href":"https:\/\/kuzeyinsesi.org\/index.php\/wp-json\/wp\/v2\/media\/20573"}],"wp:attachment":[{"href":"https:\/\/kuzeyinsesi.org\/index.php\/wp-json\/wp\/v2\/media?parent=20572"}],"wp:term":[{"taxonomy":"category","embeddable":true,"href":"https:\/\/kuzeyinsesi.org\/index.php\/wp-json\/wp\/v2\/categories?post=20572"},{"taxonomy":"post_tag","embeddable":true,"href":"https:\/\/kuzeyinsesi.org\/index.php\/wp-json\/wp\/v2\/tags?post=20572"}],"curies":[{"name":"wp","href":"https:\/\/api.w.org\/{rel}","templated":true}]}}