{"id":20570,"date":"2025-03-10T09:24:18","date_gmt":"2025-03-10T07:24:18","guid":{"rendered":"https:\/\/kuzeyinsesi.org\/index.php\/2025\/03\/10\/muhtaroglu-son-kitabi-yaseminin-gozyaslarini-adanada-tanitti\/"},"modified":"2025-03-10T09:24:18","modified_gmt":"2025-03-10T07:24:18","slug":"muhtaroglu-son-kitabi-yaseminin-gozyaslarini-adanada-tanitti","status":"publish","type":"post","link":"https:\/\/kuzeyinsesi.org\/index.php\/2025\/03\/10\/muhtaroglu-son-kitabi-yaseminin-gozyaslarini-adanada-tanitti\/","title":{"rendered":"Muhtaro\u011flu, son kitab\u0131 \u201cYaseminin G\u00f6zya\u015flar\u0131\u201dn\u0131 Adana\u2019da tan\u0131tt\u0131"},"content":{"rendered":"<div>\n<div class=\"mariselle-image-container center\">\n                                            <\/div>\n<p> \u015eair-yazar Zafer Muhtaro\u011flu son kitab\u0131 \u201cYaseminin G\u00f6zya\u015flar\u0131\u201dn\u0131 Adana\u2019da tan\u0131tt\u0131.<\/p>\n<p>Adana Alt\u0131noran D\u00fc\u015f\u00fcnce ve Sanat Platformu\u2019nun d\u00fczenledi\u011fi 6. Berna Ate\u015fo\u011flu Sanat G\u00fcnleri\u2019ne davet edilen Zafer Muhtaro\u011flu, Adanal\u0131 sanatseverlerin kat\u0131ld\u0131\u011f\u0131 etkinlikte kitab\u0131n\u0131 tan\u0131tarak imzalad\u0131.<\/p>\n<p>Alt\u0131noran \u015fiir grubunun tiyatral bir mizansenle d\u00fczenledi\u011fi \u015fiir okuma etkinli\u011finde Zafer Muhtaro\u011flu\u2019nun \u015fiirleri okundu.<\/p>\n<p>Etkinlik sonras\u0131nda sanatseverlere k\u0131sa bir konu\u015fma yapan Zafer Muhtaro\u011flu h\u00fcz\u00fcn y\u00fckl\u00fc \u015fiirlerinden dolay\u0131 izleyicilerin g\u00f6zlerinde olu\u015fan g\u00f6zya\u015f\u0131 damlac\u0131klar\u0131 i\u00e7in onlardan \u00f6z\u00fcr diledi ve kat\u0131l\u0131mc\u0131lara te\u015fekk\u00fcr etti.<\/p>\n<\/p><\/div>\n<p><script async\n                    defer\n                    crossorigin=\"anonymous\"\n                    src=\"https:\/\/connect.facebook.net\/tr_TR\/sdk.js#xfbml=1&#038;version=v3.3\"\n            ><\/script><\/p>\n","protected":false},"excerpt":{"rendered":"<p>\u015eair-yazar Zafer Muhtaro\u011flu son kitab\u0131 \u201cYaseminin G\u00f6zya\u015flar\u0131\u201dn\u0131 Adana\u2019da tan\u0131tt\u0131. Adana Alt\u0131noran D\u00fc\u015f\u00fcnce ve Sanat Platformu\u2019nun d\u00fczenledi\u011fi 6. Berna Ate\u015fo\u011flu Sanat G\u00fcnleri\u2019ne davet edilen Zafer Muhtaro\u011flu, Adanal\u0131 sanatseverlerin kat\u0131ld\u0131\u011f\u0131 etkinlikte kitab\u0131n\u0131 tan\u0131tarak imzalad\u0131. Alt\u0131noran \u015fiir grubunun tiyatral bir mizansenle d\u00fczenledi\u011fi \u015fiir okuma etkinli\u011finde Zafer Muhtaro\u011flu\u2019nun \u015fiirleri okundu. Etkinlik sonras\u0131nda sanatseverlere k\u0131sa bir konu\u015fma yapan Zafer Muhtaro\u011flu [&hellip;]<\/p>\n","protected":false},"author":1,"featured_media":20571,"comment_status":"open","ping_status":"open","sticky":false,"template":"","format":"standard","meta":{"jnews-multi-image_gallery":[],"jnews_single_post":[],"jnews_primary_category":[],"jnews_social_meta":[],"jnews_override_counter":[],"footnotes":""},"categories":[6],"tags":[],"class_list":["post-20570","post","type-post","status-publish","format-standard","has-post-thumbnail","hentry","category-yasam"],"yoast_head":"<!-- This site is optimized with the Yoast SEO plugin v27.4 - https:\/\/yoast.com\/product\/yoast-seo-wordpress\/ -->\n<title>Muhtaro\u011flu, son kitab\u0131 \u201cYaseminin G\u00f6zya\u015flar\u0131\u201dn\u0131 Adana\u2019da tan\u0131tt\u0131 - Kuzeyin Sesi<\/title>\n<meta name=\"robots\" content=\"index, follow, max-snippet:-1, max-image-preview:large, max-video-preview:-1\" \/>\n<link rel=\"canonical\" href=\"https:\/\/kuzeyinsesi.org\/index.php\/2025\/03\/10\/muhtaroglu-son-kitabi-yaseminin-gozyaslarini-adanada-tanitti\/\" \/>\n<meta property=\"og:locale\" content=\"tr_TR\" \/>\n<meta property=\"og:type\" content=\"article\" \/>\n<meta property=\"og:title\" content=\"Muhtaro\u011flu, son kitab\u0131 \u201cYaseminin G\u00f6zya\u015flar\u0131\u201dn\u0131 Adana\u2019da tan\u0131tt\u0131 - Kuzeyin Sesi\" \/>\n<meta property=\"og:description\" content=\"\u015eair-yazar Zafer Muhtaro\u011flu son kitab\u0131 \u201cYaseminin G\u00f6zya\u015flar\u0131\u201dn\u0131 Adana\u2019da tan\u0131tt\u0131. Adana Alt\u0131noran D\u00fc\u015f\u00fcnce ve Sanat Platformu\u2019nun d\u00fczenledi\u011fi 6. Berna Ate\u015fo\u011flu Sanat G\u00fcnleri\u2019ne davet edilen Zafer Muhtaro\u011flu, Adanal\u0131 sanatseverlerin kat\u0131ld\u0131\u011f\u0131 etkinlikte kitab\u0131n\u0131 tan\u0131tarak imzalad\u0131. Alt\u0131noran \u015fiir grubunun tiyatral bir mizansenle d\u00fczenledi\u011fi \u015fiir okuma etkinli\u011finde Zafer Muhtaro\u011flu\u2019nun \u015fiirleri okundu. Etkinlik sonras\u0131nda sanatseverlere k\u0131sa bir konu\u015fma yapan Zafer Muhtaro\u011flu [&hellip;]\" \/>\n<meta property=\"og:url\" content=\"https:\/\/kuzeyinsesi.org\/index.php\/2025\/03\/10\/muhtaroglu-son-kitabi-yaseminin-gozyaslarini-adanada-tanitti\/\" \/>\n<meta property=\"og:site_name\" content=\"Kuzeyin Sesi\" \/>\n<meta property=\"article:publisher\" content=\"https:\/\/www.facebook.com\/kuzeyinsesii\" \/>\n<meta property=\"article:published_time\" content=\"2025-03-10T07:24:18+00:00\" \/>\n<meta property=\"og:image\" content=\"https:\/\/brtk.net\/wp-content\/uploads\/2025\/03\/10\/8909808.jpeg?ver=18f55f8143ca4e57384a941e1765b168\" \/>\n<meta name=\"author\" content=\"Kuzeyin Sesi\" \/>\n<meta name=\"twitter:card\" content=\"summary_large_image\" \/>\n<meta name=\"twitter:creator\" content=\"@kuzeyinsesii\" \/>\n<meta name=\"twitter:site\" content=\"@kuzeyinsesii\" \/>\n<meta name=\"twitter:label1\" content=\"Yazan:\" \/>\n\t<meta name=\"twitter:data1\" content=\"Kuzeyin Sesi\" \/>\n\t<meta name=\"twitter:label2\" content=\"Tahmini okuma s\u00fcresi\" \/>\n\t<meta name=\"twitter:data2\" content=\"1 dakika\" \/>\n<script type=\"application\/ld+json\" class=\"yoast-schema-graph\">{\"@context\":\"https:\\\/\\\/schema.org\",\"@graph\":[{\"@type\":\"Article\",\"@id\":\"https:\\\/\\\/kuzeyinsesi.org\\\/index.php\\\/2025\\\/03\\\/10\\\/muhtaroglu-son-kitabi-yaseminin-gozyaslarini-adanada-tanitti\\\/#article\",\"isPartOf\":{\"@id\":\"https:\\\/\\\/kuzeyinsesi.org\\\/index.php\\\/2025\\\/03\\\/10\\\/muhtaroglu-son-kitabi-yaseminin-gozyaslarini-adanada-tanitti\\\/\"},\"author\":{\"name\":\"Kuzeyin Sesi\",\"@id\":\"https:\\\/\\\/kuzeyinsesi.org\\\/#\\\/schema\\\/person\\\/9f859689cdf01485597712386e37f5aa\"},\"headline\":\"Muhtaro\u011flu, son kitab\u0131 \u201cYaseminin G\u00f6zya\u015flar\u0131\u201dn\u0131 Adana\u2019da tan\u0131tt\u0131\",\"datePublished\":\"2025-03-10T07:24:18+00:00\",\"mainEntityOfPage\":{\"@id\":\"https:\\\/\\\/kuzeyinsesi.org\\\/index.php\\\/2025\\\/03\\\/10\\\/muhtaroglu-son-kitabi-yaseminin-gozyaslarini-adanada-tanitti\\\/\"},\"wordCount\":127,\"commentCount\":0,\"image\":{\"@id\":\"https:\\\/\\\/kuzeyinsesi.org\\\/index.php\\\/2025\\\/03\\\/10\\\/muhtaroglu-son-kitabi-yaseminin-gozyaslarini-adanada-tanitti\\\/#primaryimage\"},\"thumbnailUrl\":\"https:\\\/\\\/kuzeyinsesi.org\\\/wp-content\\\/uploads\\\/2025\\\/03\\\/8909808.jpeg\",\"articleSection\":[\"Ya\u015fam\"],\"inLanguage\":\"tr\",\"potentialAction\":[{\"@type\":\"CommentAction\",\"name\":\"Comment\",\"target\":[\"https:\\\/\\\/kuzeyinsesi.org\\\/index.php\\\/2025\\\/03\\\/10\\\/muhtaroglu-son-kitabi-yaseminin-gozyaslarini-adanada-tanitti\\\/#respond\"]}]},{\"@type\":\"WebPage\",\"@id\":\"https:\\\/\\\/kuzeyinsesi.org\\\/index.php\\\/2025\\\/03\\\/10\\\/muhtaroglu-son-kitabi-yaseminin-gozyaslarini-adanada-tanitti\\\/\",\"url\":\"https:\\\/\\\/kuzeyinsesi.org\\\/index.php\\\/2025\\\/03\\\/10\\\/muhtaroglu-son-kitabi-yaseminin-gozyaslarini-adanada-tanitti\\\/\",\"name\":\"Muhtaro\u011flu, son kitab\u0131 \u201cYaseminin G\u00f6zya\u015flar\u0131\u201dn\u0131 Adana\u2019da tan\u0131tt\u0131 - Kuzeyin Sesi\",\"isPartOf\":{\"@id\":\"https:\\\/\\\/kuzeyinsesi.org\\\/#website\"},\"primaryImageOfPage\":{\"@id\":\"https:\\\/\\\/kuzeyinsesi.org\\\/index.php\\\/2025\\\/03\\\/10\\\/muhtaroglu-son-kitabi-yaseminin-gozyaslarini-adanada-tanitti\\\/#primaryimage\"},\"image\":{\"@id\":\"https:\\\/\\\/kuzeyinsesi.org\\\/index.php\\\/2025\\\/03\\\/10\\\/muhtaroglu-son-kitabi-yaseminin-gozyaslarini-adanada-tanitti\\\/#primaryimage\"},\"thumbnailUrl\":\"https:\\\/\\\/kuzeyinsesi.org\\\/wp-content\\\/uploads\\\/2025\\\/03\\\/8909808.jpeg\",\"datePublished\":\"2025-03-10T07:24:18+00:00\",\"author\":{\"@id\":\"https:\\\/\\\/kuzeyinsesi.org\\\/#\\\/schema\\\/person\\\/9f859689cdf01485597712386e37f5aa\"},\"breadcrumb\":{\"@id\":\"https:\\\/\\\/kuzeyinsesi.org\\\/index.php\\\/2025\\\/03\\\/10\\\/muhtaroglu-son-kitabi-yaseminin-gozyaslarini-adanada-tanitti\\\/#breadcrumb\"},\"inLanguage\":\"tr\",\"potentialAction\":[{\"@type\":\"ReadAction\",\"target\":[\"https:\\\/\\\/kuzeyinsesi.org\\\/index.php\\\/2025\\\/03\\\/10\\\/muhtaroglu-son-kitabi-yaseminin-gozyaslarini-adanada-tanitti\\\/\"]}]},{\"@type\":\"ImageObject\",\"inLanguage\":\"tr\",\"@id\":\"https:\\\/\\\/kuzeyinsesi.org\\\/index.php\\\/2025\\\/03\\\/10\\\/muhtaroglu-son-kitabi-yaseminin-gozyaslarini-adanada-tanitti\\\/#primaryimage\",\"url\":\"https:\\\/\\\/kuzeyinsesi.org\\\/wp-content\\\/uploads\\\/2025\\\/03\\\/8909808.jpeg\",\"contentUrl\":\"https:\\\/\\\/kuzeyinsesi.org\\\/wp-content\\\/uploads\\\/2025\\\/03\\\/8909808.jpeg\",\"width\":1600,\"height\":1200},{\"@type\":\"BreadcrumbList\",\"@id\":\"https:\\\/\\\/kuzeyinsesi.org\\\/index.php\\\/2025\\\/03\\\/10\\\/muhtaroglu-son-kitabi-yaseminin-gozyaslarini-adanada-tanitti\\\/#breadcrumb\",\"itemListElement\":[{\"@type\":\"ListItem\",\"position\":1,\"name\":\"Anasayfa\",\"item\":\"https:\\\/\\\/kuzeyinsesi.org\\\/\"},{\"@type\":\"ListItem\",\"position\":2,\"name\":\"Muhtaro\u011flu, son kitab\u0131 \u201cYaseminin G\u00f6zya\u015flar\u0131\u201dn\u0131 Adana\u2019da tan\u0131tt\u0131\"}]},{\"@type\":\"WebSite\",\"@id\":\"https:\\\/\\\/kuzeyinsesi.org\\\/#website\",\"url\":\"https:\\\/\\\/kuzeyinsesi.org\\\/\",\"name\":\"Kuzeyin Sesi\",\"description\":\"Do\u011fru Haberin Adresi\",\"potentialAction\":[{\"@type\":\"SearchAction\",\"target\":{\"@type\":\"EntryPoint\",\"urlTemplate\":\"https:\\\/\\\/kuzeyinsesi.org\\\/?s={search_term_string}\"},\"query-input\":{\"@type\":\"PropertyValueSpecification\",\"valueRequired\":true,\"valueName\":\"search_term_string\"}}],\"inLanguage\":\"tr\"},{\"@type\":\"Person\",\"@id\":\"https:\\\/\\\/kuzeyinsesi.org\\\/#\\\/schema\\\/person\\\/9f859689cdf01485597712386e37f5aa\",\"name\":\"Kuzeyin Sesi\",\"image\":{\"@type\":\"ImageObject\",\"inLanguage\":\"tr\",\"@id\":\"https:\\\/\\\/secure.gravatar.com\\\/avatar\\\/bab33852abfd8b282518d6ed81826833d77c3c882d9ab608add591ccace47a44?s=96&d=mm&r=g\",\"url\":\"https:\\\/\\\/secure.gravatar.com\\\/avatar\\\/bab33852abfd8b282518d6ed81826833d77c3c882d9ab608add591ccace47a44?s=96&d=mm&r=g\",\"contentUrl\":\"https:\\\/\\\/secure.gravatar.com\\\/avatar\\\/bab33852abfd8b282518d6ed81826833d77c3c882d9ab608add591ccace47a44?s=96&d=mm&r=g\",\"caption\":\"Kuzeyin Sesi\"},\"sameAs\":[\"https:\\\/\\\/kuzeyinsesi.org\"],\"url\":\"https:\\\/\\\/kuzeyinsesi.org\\\/index.php\\\/author\\\/guven\\\/\"}]}<\/script>\n<!-- \/ Yoast SEO plugin. -->","yoast_head_json":{"title":"Muhtaro\u011flu, son kitab\u0131 \u201cYaseminin G\u00f6zya\u015flar\u0131\u201dn\u0131 Adana\u2019da tan\u0131tt\u0131 - Kuzeyin Sesi","robots":{"index":"index","follow":"follow","max-snippet":"max-snippet:-1","max-image-preview":"max-image-preview:large","max-video-preview":"max-video-preview:-1"},"canonical":"https:\/\/kuzeyinsesi.org\/index.php\/2025\/03\/10\/muhtaroglu-son-kitabi-yaseminin-gozyaslarini-adanada-tanitti\/","og_locale":"tr_TR","og_type":"article","og_title":"Muhtaro\u011flu, son kitab\u0131 \u201cYaseminin G\u00f6zya\u015flar\u0131\u201dn\u0131 Adana\u2019da tan\u0131tt\u0131 - Kuzeyin Sesi","og_description":"\u015eair-yazar Zafer Muhtaro\u011flu son kitab\u0131 \u201cYaseminin G\u00f6zya\u015flar\u0131\u201dn\u0131 Adana\u2019da tan\u0131tt\u0131. Adana Alt\u0131noran D\u00fc\u015f\u00fcnce ve Sanat Platformu\u2019nun d\u00fczenledi\u011fi 6. Berna Ate\u015fo\u011flu Sanat G\u00fcnleri\u2019ne davet edilen Zafer Muhtaro\u011flu, Adanal\u0131 sanatseverlerin kat\u0131ld\u0131\u011f\u0131 etkinlikte kitab\u0131n\u0131 tan\u0131tarak imzalad\u0131. Alt\u0131noran \u015fiir grubunun tiyatral bir mizansenle d\u00fczenledi\u011fi \u015fiir okuma etkinli\u011finde Zafer Muhtaro\u011flu\u2019nun \u015fiirleri okundu. Etkinlik sonras\u0131nda sanatseverlere k\u0131sa bir konu\u015fma yapan Zafer Muhtaro\u011flu [&hellip;]","og_url":"https:\/\/kuzeyinsesi.org\/index.php\/2025\/03\/10\/muhtaroglu-son-kitabi-yaseminin-gozyaslarini-adanada-tanitti\/","og_site_name":"Kuzeyin Sesi","article_publisher":"https:\/\/www.facebook.com\/kuzeyinsesii","article_published_time":"2025-03-10T07:24:18+00:00","og_image":[{"url":"https:\/\/brtk.net\/wp-content\/uploads\/2025\/03\/10\/8909808.jpeg?ver=18f55f8143ca4e57384a941e1765b168","type":"","width":"","height":""}],"author":"Kuzeyin Sesi","twitter_card":"summary_large_image","twitter_creator":"@kuzeyinsesii","twitter_site":"@kuzeyinsesii","twitter_misc":{"Yazan:":"Kuzeyin Sesi","Tahmini okuma s\u00fcresi":"1 dakika"},"schema":{"@context":"https:\/\/schema.org","@graph":[{"@type":"Article","@id":"https:\/\/kuzeyinsesi.org\/index.php\/2025\/03\/10\/muhtaroglu-son-kitabi-yaseminin-gozyaslarini-adanada-tanitti\/#article","isPartOf":{"@id":"https:\/\/kuzeyinsesi.org\/index.php\/2025\/03\/10\/muhtaroglu-son-kitabi-yaseminin-gozyaslarini-adanada-tanitti\/"},"author":{"name":"Kuzeyin Sesi","@id":"https:\/\/kuzeyinsesi.org\/#\/schema\/person\/9f859689cdf01485597712386e37f5aa"},"headline":"Muhtaro\u011flu, son kitab\u0131 \u201cYaseminin G\u00f6zya\u015flar\u0131\u201dn\u0131 Adana\u2019da tan\u0131tt\u0131","datePublished":"2025-03-10T07:24:18+00:00","mainEntityOfPage":{"@id":"https:\/\/kuzeyinsesi.org\/index.php\/2025\/03\/10\/muhtaroglu-son-kitabi-yaseminin-gozyaslarini-adanada-tanitti\/"},"wordCount":127,"commentCount":0,"image":{"@id":"https:\/\/kuzeyinsesi.org\/index.php\/2025\/03\/10\/muhtaroglu-son-kitabi-yaseminin-gozyaslarini-adanada-tanitti\/#primaryimage"},"thumbnailUrl":"https:\/\/kuzeyinsesi.org\/wp-content\/uploads\/2025\/03\/8909808.jpeg","articleSection":["Ya\u015fam"],"inLanguage":"tr","potentialAction":[{"@type":"CommentAction","name":"Comment","target":["https:\/\/kuzeyinsesi.org\/index.php\/2025\/03\/10\/muhtaroglu-son-kitabi-yaseminin-gozyaslarini-adanada-tanitti\/#respond"]}]},{"@type":"WebPage","@id":"https:\/\/kuzeyinsesi.org\/index.php\/2025\/03\/10\/muhtaroglu-son-kitabi-yaseminin-gozyaslarini-adanada-tanitti\/","url":"https:\/\/kuzeyinsesi.org\/index.php\/2025\/03\/10\/muhtaroglu-son-kitabi-yaseminin-gozyaslarini-adanada-tanitti\/","name":"Muhtaro\u011flu, son kitab\u0131 \u201cYaseminin G\u00f6zya\u015flar\u0131\u201dn\u0131 Adana\u2019da tan\u0131tt\u0131 - Kuzeyin Sesi","isPartOf":{"@id":"https:\/\/kuzeyinsesi.org\/#website"},"primaryImageOfPage":{"@id":"https:\/\/kuzeyinsesi.org\/index.php\/2025\/03\/10\/muhtaroglu-son-kitabi-yaseminin-gozyaslarini-adanada-tanitti\/#primaryimage"},"image":{"@id":"https:\/\/kuzeyinsesi.org\/index.php\/2025\/03\/10\/muhtaroglu-son-kitabi-yaseminin-gozyaslarini-adanada-tanitti\/#primaryimage"},"thumbnailUrl":"https:\/\/kuzeyinsesi.org\/wp-content\/uploads\/2025\/03\/8909808.jpeg","datePublished":"2025-03-10T07:24:18+00:00","author":{"@id":"https:\/\/kuzeyinsesi.org\/#\/schema\/person\/9f859689cdf01485597712386e37f5aa"},"breadcrumb":{"@id":"https:\/\/kuzeyinsesi.org\/index.php\/2025\/03\/10\/muhtaroglu-son-kitabi-yaseminin-gozyaslarini-adanada-tanitti\/#breadcrumb"},"inLanguage":"tr","potentialAction":[{"@type":"ReadAction","target":["https:\/\/kuzeyinsesi.org\/index.php\/2025\/03\/10\/muhtaroglu-son-kitabi-yaseminin-gozyaslarini-adanada-tanitti\/"]}]},{"@type":"ImageObject","inLanguage":"tr","@id":"https:\/\/kuzeyinsesi.org\/index.php\/2025\/03\/10\/muhtaroglu-son-kitabi-yaseminin-gozyaslarini-adanada-tanitti\/#primaryimage","url":"https:\/\/kuzeyinsesi.org\/wp-content\/uploads\/2025\/03\/8909808.jpeg","contentUrl":"https:\/\/kuzeyinsesi.org\/wp-content\/uploads\/2025\/03\/8909808.jpeg","width":1600,"height":1200},{"@type":"BreadcrumbList","@id":"https:\/\/kuzeyinsesi.org\/index.php\/2025\/03\/10\/muhtaroglu-son-kitabi-yaseminin-gozyaslarini-adanada-tanitti\/#breadcrumb","itemListElement":[{"@type":"ListItem","position":1,"name":"Anasayfa","item":"https:\/\/kuzeyinsesi.org\/"},{"@type":"ListItem","position":2,"name":"Muhtaro\u011flu, son kitab\u0131 \u201cYaseminin G\u00f6zya\u015flar\u0131\u201dn\u0131 Adana\u2019da tan\u0131tt\u0131"}]},{"@type":"WebSite","@id":"https:\/\/kuzeyinsesi.org\/#website","url":"https:\/\/kuzeyinsesi.org\/","name":"Kuzeyin Sesi","description":"Do\u011fru Haberin Adresi","potentialAction":[{"@type":"SearchAction","target":{"@type":"EntryPoint","urlTemplate":"https:\/\/kuzeyinsesi.org\/?s={search_term_string}"},"query-input":{"@type":"PropertyValueSpecification","valueRequired":true,"valueName":"search_term_string"}}],"inLanguage":"tr"},{"@type":"Person","@id":"https:\/\/kuzeyinsesi.org\/#\/schema\/person\/9f859689cdf01485597712386e37f5aa","name":"Kuzeyin Sesi","image":{"@type":"ImageObject","inLanguage":"tr","@id":"https:\/\/secure.gravatar.com\/avatar\/bab33852abfd8b282518d6ed81826833d77c3c882d9ab608add591ccace47a44?s=96&d=mm&r=g","url":"https:\/\/secure.gravatar.com\/avatar\/bab33852abfd8b282518d6ed81826833d77c3c882d9ab608add591ccace47a44?s=96&d=mm&r=g","contentUrl":"https:\/\/secure.gravatar.com\/avatar\/bab33852abfd8b282518d6ed81826833d77c3c882d9ab608add591ccace47a44?s=96&d=mm&r=g","caption":"Kuzeyin Sesi"},"sameAs":["https:\/\/kuzeyinsesi.org"],"url":"https:\/\/kuzeyinsesi.org\/index.php\/author\/guven\/"}]}},"_links":{"self":[{"href":"https:\/\/kuzeyinsesi.org\/index.php\/wp-json\/wp\/v2\/posts\/20570","targetHints":{"allow":["GET"]}}],"collection":[{"href":"https:\/\/kuzeyinsesi.org\/index.php\/wp-json\/wp\/v2\/posts"}],"about":[{"href":"https:\/\/kuzeyinsesi.org\/index.php\/wp-json\/wp\/v2\/types\/post"}],"author":[{"embeddable":true,"href":"https:\/\/kuzeyinsesi.org\/index.php\/wp-json\/wp\/v2\/users\/1"}],"replies":[{"embeddable":true,"href":"https:\/\/kuzeyinsesi.org\/index.php\/wp-json\/wp\/v2\/comments?post=20570"}],"version-history":[{"count":0,"href":"https:\/\/kuzeyinsesi.org\/index.php\/wp-json\/wp\/v2\/posts\/20570\/revisions"}],"wp:featuredmedia":[{"embeddable":true,"href":"https:\/\/kuzeyinsesi.org\/index.php\/wp-json\/wp\/v2\/media\/20571"}],"wp:attachment":[{"href":"https:\/\/kuzeyinsesi.org\/index.php\/wp-json\/wp\/v2\/media?parent=20570"}],"wp:term":[{"taxonomy":"category","embeddable":true,"href":"https:\/\/kuzeyinsesi.org\/index.php\/wp-json\/wp\/v2\/categories?post=20570"},{"taxonomy":"post_tag","embeddable":true,"href":"https:\/\/kuzeyinsesi.org\/index.php\/wp-json\/wp\/v2\/tags?post=20570"}],"curies":[{"name":"wp","href":"https:\/\/api.w.org\/{rel}","templated":true}]}}