{"id":20543,"date":"2025-03-09T13:50:28","date_gmt":"2025-03-09T11:50:28","guid":{"rendered":"https:\/\/kuzeyinsesi.org\/index.php\/2025\/03\/09\/sanatci-ulucamin-bahcesi-kapilarini-doga-ve-sanatseverlere-acti\/"},"modified":"2025-03-09T13:50:28","modified_gmt":"2025-03-09T11:50:28","slug":"sanatci-ulucamin-bahcesi-kapilarini-doga-ve-sanatseverlere-acti","status":"publish","type":"post","link":"https:\/\/kuzeyinsesi.org\/index.php\/2025\/03\/09\/sanatci-ulucamin-bahcesi-kapilarini-doga-ve-sanatseverlere-acti\/","title":{"rendered":"Sanat\u00e7\u0131 Ulu\u00e7am\u2019\u0131n bah\u00e7esi  kap\u0131lar\u0131n\u0131 do\u011fa ve sanatseverlere a\u00e7t\u0131"},"content":{"rendered":"<div>\n<div class=\"mariselle-image-container center\">\n                                            <\/div>\n<p>\nSanat\u00e7\u0131 Hikmet Ulu\u00e7am\u2019\u0131n siklamen, lale ve kakt\u00fcs a\u011f\u0131rl\u0131kl\u0131 bitkilerinin yer ald\u0131\u011f\u0131 Lapta\u2019daki bah\u00e7esinde bu y\u0131l 10\u2019uncusunu ger\u00e7ekle\u015ftirdi\u011fi \u201cCyclamen+Bah\u00e7e Sergisi\u201d a\u00e7\u0131ld\u0131.<\/p>\n<p>Etkinlik kapsam\u0131nda bu y\u0131l ayr\u0131ca, sanat\u00e7\u0131n\u0131n 15 y\u0131l \u00f6nce \u00e7ekti\u011fi, Kalkanl\u0131\u2019daki An\u0131t Zeytin A\u011fa\u00e7lar\u0131yla ilgili foto\u011fraflar\u0131ndan olu\u015fan, \u201cAfrodit\u2019in Zeytin A\u011fa\u00e7lar\u0131\u201d adl\u0131 foto\u011fraf sergisi de izleyicilerle bulu\u015ftu.<\/p>\n<div class=\"mariselle-image-container center\">\n                <img decoding=\"async\" width=\"1920\" height=\"1088\" class=\"lazy-image\" alt=\"\" sizes=\"(max-width: 1920px) 100vw, 1920px\" src=\"https:\/\/brtk.net\/wp-content\/uploads\/2025\/03\/09\/vlcsnap-2025-03-09-12h02m11s375.png?ver=7e05eba1429e541ad5a9acde6b5fa529\" srcset=\"https:\/\/brtk.net\/wp-content\/uploads\/2025\/03\/09\/vlcsnap-2025-03-09-12h02m11s375.png?ver=7e05eba1429e541ad5a9acde6b5fa529 1920w, https:\/\/brtk.net\/wp-content\/uploads\/2025\/03\/09\/vlcsnap-2025-03-09-12h02m11s375-300x170.png?ver=5cad26bfa381749dedb5cda4db08289e 300w, https:\/\/brtk.net\/wp-content\/uploads\/2025\/03\/09\/vlcsnap-2025-03-09-12h02m11s375-1024x580.png?ver=716cff562dcecafb29651f852bf89e05 1024w, https:\/\/brtk.net\/wp-content\/uploads\/2025\/03\/09\/vlcsnap-2025-03-09-12h02m11s375-768x435.png?ver=716cff562dcecafb29651f852bf89e05 768w, https:\/\/brtk.net\/wp-content\/uploads\/2025\/03\/09\/vlcsnap-2025-03-09-12h02m11s375-1536x870.png?ver=22f19cc652ecafc904dd139f99d1d71b 1536w\"\/>                            <\/div>\n<p>Sanat\u00e7\u0131 Ulu\u00e7am etkinlikle ilgili BRT\u2019ye bilgi verdi.<\/p>\n<p>Sanat\u00e7\u0131 Ulu\u00e7am, bah\u00e7ede kakt\u00fcs ve a\u011fa\u00e7lar haricinde, 200\u2019\u00fc a\u015fk\u0131n K\u0131br\u0131s\u2019a \u00f6zg\u00fc \u00e7i\u00e7ekli bitkinin yer ald\u0131\u011f\u0131n\u0131, bunlar\u0131n 20 tanesinin endemik oldu\u011funu s\u00f6yledi.<\/p>\n<p>Cyclamen+Bah\u00e7e Sergisi ve \u201cAfrodit\u2019in Zeytin A\u011fa\u00e7lar\u0131\u201d  foto\u011fraf sergisi, Lapta \u0130smail Beyo\u011flu caddesinde bulunan, Hikmet Ulu\u00e7am\u2019 ait \u201cCactusGardens  Art Galery 64\u201dte, 13 Nisan\u2019a kadar 10.00-17.00 saatleri aras\u0131nda gezilebilecek. <\/p>\n<p>Sergi, pazartesi ve per\u015fembe g\u00fcnleri ziyarete kapal\u0131 olacak.<\/p>\n<div class=\"jeg_video_container jeg_video_content\"><iframe loading=\"lazy\" title=\"Sanat\u00e7\u0131 Ulu\u00e7am\u2019\u0131n bah\u00e7esi  kap\u0131lar\u0131n\u0131 do\u011fa ve sanatseverlere a\u00e7t\u0131\" width=\"500\" height=\"281\" src=\"https:\/\/www.youtube.com\/embed\/zdzGUc8UAOU?feature=oembed\" frameborder=\"0\" allow=\"accelerometer; autoplay; clipboard-write; encrypted-media; gyroscope; picture-in-picture; web-share\" referrerpolicy=\"strict-origin-when-cross-origin\" allowfullscreen><\/iframe><\/div><\/div>\n<p><script async\n                    defer\n                    crossorigin=\"anonymous\"\n                    src=\"https:\/\/connect.facebook.net\/tr_TR\/sdk.js#xfbml=1&#038;version=v3.3\"\n            ><\/script><\/p>\n","protected":false},"excerpt":{"rendered":"<p>Sanat\u00e7\u0131 Hikmet Ulu\u00e7am\u2019\u0131n siklamen, lale ve kakt\u00fcs a\u011f\u0131rl\u0131kl\u0131 bitkilerinin yer ald\u0131\u011f\u0131 Lapta\u2019daki bah\u00e7esinde bu y\u0131l 10\u2019uncusunu ger\u00e7ekle\u015ftirdi\u011fi \u201cCyclamen+Bah\u00e7e Sergisi\u201d a\u00e7\u0131ld\u0131. Etkinlik kapsam\u0131nda bu y\u0131l ayr\u0131ca, sanat\u00e7\u0131n\u0131n 15 y\u0131l \u00f6nce \u00e7ekti\u011fi, Kalkanl\u0131\u2019daki An\u0131t Zeytin A\u011fa\u00e7lar\u0131yla ilgili foto\u011fraflar\u0131ndan olu\u015fan, \u201cAfrodit\u2019in Zeytin A\u011fa\u00e7lar\u0131\u201d adl\u0131 foto\u011fraf sergisi de izleyicilerle bulu\u015ftu. Sanat\u00e7\u0131 Ulu\u00e7am etkinlikle ilgili BRT\u2019ye bilgi verdi. Sanat\u00e7\u0131 Ulu\u00e7am, [&hellip;]<\/p>\n","protected":false},"author":1,"featured_media":20545,"comment_status":"open","ping_status":"open","sticky":false,"template":"","format":"standard","meta":{"jnews-multi-image_gallery":[],"jnews_single_post":[],"jnews_primary_category":[],"jnews_social_meta":[],"jnews_override_counter":[],"footnotes":""},"categories":[6],"tags":[],"class_list":["post-20543","post","type-post","status-publish","format-standard","has-post-thumbnail","hentry","category-yasam"],"yoast_head":"<!-- This site is optimized with the Yoast SEO plugin v27.4 - https:\/\/yoast.com\/product\/yoast-seo-wordpress\/ -->\n<title>Sanat\u00e7\u0131 Ulu\u00e7am\u2019\u0131n bah\u00e7esi kap\u0131lar\u0131n\u0131 do\u011fa ve sanatseverlere a\u00e7t\u0131 - Kuzeyin Sesi<\/title>\n<meta name=\"robots\" content=\"index, follow, max-snippet:-1, max-image-preview:large, max-video-preview:-1\" \/>\n<link rel=\"canonical\" href=\"https:\/\/kuzeyinsesi.org\/index.php\/2025\/03\/09\/sanatci-ulucamin-bahcesi-kapilarini-doga-ve-sanatseverlere-acti\/\" \/>\n<meta property=\"og:locale\" content=\"tr_TR\" \/>\n<meta property=\"og:type\" content=\"article\" \/>\n<meta property=\"og:title\" content=\"Sanat\u00e7\u0131 Ulu\u00e7am\u2019\u0131n bah\u00e7esi kap\u0131lar\u0131n\u0131 do\u011fa ve sanatseverlere a\u00e7t\u0131 - Kuzeyin Sesi\" \/>\n<meta property=\"og:description\" content=\"Sanat\u00e7\u0131 Hikmet Ulu\u00e7am\u2019\u0131n siklamen, lale ve kakt\u00fcs a\u011f\u0131rl\u0131kl\u0131 bitkilerinin yer ald\u0131\u011f\u0131 Lapta\u2019daki bah\u00e7esinde bu y\u0131l 10\u2019uncusunu ger\u00e7ekle\u015ftirdi\u011fi \u201cCyclamen+Bah\u00e7e Sergisi\u201d a\u00e7\u0131ld\u0131. Etkinlik kapsam\u0131nda bu y\u0131l ayr\u0131ca, sanat\u00e7\u0131n\u0131n 15 y\u0131l \u00f6nce \u00e7ekti\u011fi, Kalkanl\u0131\u2019daki An\u0131t Zeytin A\u011fa\u00e7lar\u0131yla ilgili foto\u011fraflar\u0131ndan olu\u015fan, \u201cAfrodit\u2019in Zeytin A\u011fa\u00e7lar\u0131\u201d adl\u0131 foto\u011fraf sergisi de izleyicilerle bulu\u015ftu. Sanat\u00e7\u0131 Ulu\u00e7am etkinlikle ilgili BRT\u2019ye bilgi verdi. Sanat\u00e7\u0131 Ulu\u00e7am, [&hellip;]\" \/>\n<meta property=\"og:url\" content=\"https:\/\/kuzeyinsesi.org\/index.php\/2025\/03\/09\/sanatci-ulucamin-bahcesi-kapilarini-doga-ve-sanatseverlere-acti\/\" \/>\n<meta property=\"og:site_name\" content=\"Kuzeyin Sesi\" \/>\n<meta property=\"article:publisher\" content=\"https:\/\/www.facebook.com\/kuzeyinsesii\" \/>\n<meta property=\"article:published_time\" content=\"2025-03-09T11:50:28+00:00\" \/>\n<meta property=\"og:image\" content=\"https:\/\/brtk.net\/wp-content\/uploads\/2025\/03\/09\/vlcsnap-2025-03-09-12h02m23s811.png?ver=151a0186b7fdec5ec4cf5a3f344d9497\" \/>\n<meta name=\"author\" content=\"Kuzeyin Sesi\" \/>\n<meta name=\"twitter:card\" content=\"summary_large_image\" \/>\n<meta name=\"twitter:creator\" content=\"@kuzeyinsesii\" \/>\n<meta name=\"twitter:site\" content=\"@kuzeyinsesii\" \/>\n<meta name=\"twitter:label1\" content=\"Yazan:\" \/>\n\t<meta name=\"twitter:data1\" content=\"Kuzeyin Sesi\" \/>\n\t<meta name=\"twitter:label2\" content=\"Tahmini okuma s\u00fcresi\" \/>\n\t<meta name=\"twitter:data2\" content=\"1 dakika\" \/>\n<script type=\"application\/ld+json\" class=\"yoast-schema-graph\">{\"@context\":\"https:\\\/\\\/schema.org\",\"@graph\":[{\"@type\":\"Article\",\"@id\":\"https:\\\/\\\/kuzeyinsesi.org\\\/index.php\\\/2025\\\/03\\\/09\\\/sanatci-ulucamin-bahcesi-kapilarini-doga-ve-sanatseverlere-acti\\\/#article\",\"isPartOf\":{\"@id\":\"https:\\\/\\\/kuzeyinsesi.org\\\/index.php\\\/2025\\\/03\\\/09\\\/sanatci-ulucamin-bahcesi-kapilarini-doga-ve-sanatseverlere-acti\\\/\"},\"author\":{\"name\":\"Kuzeyin Sesi\",\"@id\":\"https:\\\/\\\/kuzeyinsesi.org\\\/#\\\/schema\\\/person\\\/9f859689cdf01485597712386e37f5aa\"},\"headline\":\"Sanat\u00e7\u0131 Ulu\u00e7am\u2019\u0131n bah\u00e7esi kap\u0131lar\u0131n\u0131 do\u011fa ve sanatseverlere a\u00e7t\u0131\",\"datePublished\":\"2025-03-09T11:50:28+00:00\",\"mainEntityOfPage\":{\"@id\":\"https:\\\/\\\/kuzeyinsesi.org\\\/index.php\\\/2025\\\/03\\\/09\\\/sanatci-ulucamin-bahcesi-kapilarini-doga-ve-sanatseverlere-acti\\\/\"},\"wordCount\":193,\"commentCount\":0,\"image\":{\"@id\":\"https:\\\/\\\/kuzeyinsesi.org\\\/index.php\\\/2025\\\/03\\\/09\\\/sanatci-ulucamin-bahcesi-kapilarini-doga-ve-sanatseverlere-acti\\\/#primaryimage\"},\"thumbnailUrl\":\"https:\\\/\\\/kuzeyinsesi.org\\\/wp-content\\\/uploads\\\/2025\\\/03\\\/vlcsnap-2025-03-09-12h02m11s375.png\",\"articleSection\":[\"Ya\u015fam\"],\"inLanguage\":\"tr\",\"potentialAction\":[{\"@type\":\"CommentAction\",\"name\":\"Comment\",\"target\":[\"https:\\\/\\\/kuzeyinsesi.org\\\/index.php\\\/2025\\\/03\\\/09\\\/sanatci-ulucamin-bahcesi-kapilarini-doga-ve-sanatseverlere-acti\\\/#respond\"]}]},{\"@type\":\"WebPage\",\"@id\":\"https:\\\/\\\/kuzeyinsesi.org\\\/index.php\\\/2025\\\/03\\\/09\\\/sanatci-ulucamin-bahcesi-kapilarini-doga-ve-sanatseverlere-acti\\\/\",\"url\":\"https:\\\/\\\/kuzeyinsesi.org\\\/index.php\\\/2025\\\/03\\\/09\\\/sanatci-ulucamin-bahcesi-kapilarini-doga-ve-sanatseverlere-acti\\\/\",\"name\":\"Sanat\u00e7\u0131 Ulu\u00e7am\u2019\u0131n bah\u00e7esi kap\u0131lar\u0131n\u0131 do\u011fa ve sanatseverlere a\u00e7t\u0131 - Kuzeyin Sesi\",\"isPartOf\":{\"@id\":\"https:\\\/\\\/kuzeyinsesi.org\\\/#website\"},\"primaryImageOfPage\":{\"@id\":\"https:\\\/\\\/kuzeyinsesi.org\\\/index.php\\\/2025\\\/03\\\/09\\\/sanatci-ulucamin-bahcesi-kapilarini-doga-ve-sanatseverlere-acti\\\/#primaryimage\"},\"image\":{\"@id\":\"https:\\\/\\\/kuzeyinsesi.org\\\/index.php\\\/2025\\\/03\\\/09\\\/sanatci-ulucamin-bahcesi-kapilarini-doga-ve-sanatseverlere-acti\\\/#primaryimage\"},\"thumbnailUrl\":\"https:\\\/\\\/kuzeyinsesi.org\\\/wp-content\\\/uploads\\\/2025\\\/03\\\/vlcsnap-2025-03-09-12h02m11s375.png\",\"datePublished\":\"2025-03-09T11:50:28+00:00\",\"author\":{\"@id\":\"https:\\\/\\\/kuzeyinsesi.org\\\/#\\\/schema\\\/person\\\/9f859689cdf01485597712386e37f5aa\"},\"breadcrumb\":{\"@id\":\"https:\\\/\\\/kuzeyinsesi.org\\\/index.php\\\/2025\\\/03\\\/09\\\/sanatci-ulucamin-bahcesi-kapilarini-doga-ve-sanatseverlere-acti\\\/#breadcrumb\"},\"inLanguage\":\"tr\",\"potentialAction\":[{\"@type\":\"ReadAction\",\"target\":[\"https:\\\/\\\/kuzeyinsesi.org\\\/index.php\\\/2025\\\/03\\\/09\\\/sanatci-ulucamin-bahcesi-kapilarini-doga-ve-sanatseverlere-acti\\\/\"]}]},{\"@type\":\"ImageObject\",\"inLanguage\":\"tr\",\"@id\":\"https:\\\/\\\/kuzeyinsesi.org\\\/index.php\\\/2025\\\/03\\\/09\\\/sanatci-ulucamin-bahcesi-kapilarini-doga-ve-sanatseverlere-acti\\\/#primaryimage\",\"url\":\"https:\\\/\\\/kuzeyinsesi.org\\\/wp-content\\\/uploads\\\/2025\\\/03\\\/vlcsnap-2025-03-09-12h02m11s375.png\",\"contentUrl\":\"https:\\\/\\\/kuzeyinsesi.org\\\/wp-content\\\/uploads\\\/2025\\\/03\\\/vlcsnap-2025-03-09-12h02m11s375.png\",\"width\":1920,\"height\":1088},{\"@type\":\"BreadcrumbList\",\"@id\":\"https:\\\/\\\/kuzeyinsesi.org\\\/index.php\\\/2025\\\/03\\\/09\\\/sanatci-ulucamin-bahcesi-kapilarini-doga-ve-sanatseverlere-acti\\\/#breadcrumb\",\"itemListElement\":[{\"@type\":\"ListItem\",\"position\":1,\"name\":\"Anasayfa\",\"item\":\"https:\\\/\\\/kuzeyinsesi.org\\\/\"},{\"@type\":\"ListItem\",\"position\":2,\"name\":\"Sanat\u00e7\u0131 Ulu\u00e7am\u2019\u0131n bah\u00e7esi kap\u0131lar\u0131n\u0131 do\u011fa ve sanatseverlere a\u00e7t\u0131\"}]},{\"@type\":\"WebSite\",\"@id\":\"https:\\\/\\\/kuzeyinsesi.org\\\/#website\",\"url\":\"https:\\\/\\\/kuzeyinsesi.org\\\/\",\"name\":\"Kuzeyin Sesi\",\"description\":\"Do\u011fru Haberin Adresi\",\"potentialAction\":[{\"@type\":\"SearchAction\",\"target\":{\"@type\":\"EntryPoint\",\"urlTemplate\":\"https:\\\/\\\/kuzeyinsesi.org\\\/?s={search_term_string}\"},\"query-input\":{\"@type\":\"PropertyValueSpecification\",\"valueRequired\":true,\"valueName\":\"search_term_string\"}}],\"inLanguage\":\"tr\"},{\"@type\":\"Person\",\"@id\":\"https:\\\/\\\/kuzeyinsesi.org\\\/#\\\/schema\\\/person\\\/9f859689cdf01485597712386e37f5aa\",\"name\":\"Kuzeyin Sesi\",\"image\":{\"@type\":\"ImageObject\",\"inLanguage\":\"tr\",\"@id\":\"https:\\\/\\\/secure.gravatar.com\\\/avatar\\\/bab33852abfd8b282518d6ed81826833d77c3c882d9ab608add591ccace47a44?s=96&d=mm&r=g\",\"url\":\"https:\\\/\\\/secure.gravatar.com\\\/avatar\\\/bab33852abfd8b282518d6ed81826833d77c3c882d9ab608add591ccace47a44?s=96&d=mm&r=g\",\"contentUrl\":\"https:\\\/\\\/secure.gravatar.com\\\/avatar\\\/bab33852abfd8b282518d6ed81826833d77c3c882d9ab608add591ccace47a44?s=96&d=mm&r=g\",\"caption\":\"Kuzeyin Sesi\"},\"sameAs\":[\"https:\\\/\\\/kuzeyinsesi.org\"],\"url\":\"https:\\\/\\\/kuzeyinsesi.org\\\/index.php\\\/author\\\/guven\\\/\"}]}<\/script>\n<!-- \/ Yoast SEO plugin. -->","yoast_head_json":{"title":"Sanat\u00e7\u0131 Ulu\u00e7am\u2019\u0131n bah\u00e7esi kap\u0131lar\u0131n\u0131 do\u011fa ve sanatseverlere a\u00e7t\u0131 - Kuzeyin Sesi","robots":{"index":"index","follow":"follow","max-snippet":"max-snippet:-1","max-image-preview":"max-image-preview:large","max-video-preview":"max-video-preview:-1"},"canonical":"https:\/\/kuzeyinsesi.org\/index.php\/2025\/03\/09\/sanatci-ulucamin-bahcesi-kapilarini-doga-ve-sanatseverlere-acti\/","og_locale":"tr_TR","og_type":"article","og_title":"Sanat\u00e7\u0131 Ulu\u00e7am\u2019\u0131n bah\u00e7esi kap\u0131lar\u0131n\u0131 do\u011fa ve sanatseverlere a\u00e7t\u0131 - Kuzeyin Sesi","og_description":"Sanat\u00e7\u0131 Hikmet Ulu\u00e7am\u2019\u0131n siklamen, lale ve kakt\u00fcs a\u011f\u0131rl\u0131kl\u0131 bitkilerinin yer ald\u0131\u011f\u0131 Lapta\u2019daki bah\u00e7esinde bu y\u0131l 10\u2019uncusunu ger\u00e7ekle\u015ftirdi\u011fi \u201cCyclamen+Bah\u00e7e Sergisi\u201d a\u00e7\u0131ld\u0131. Etkinlik kapsam\u0131nda bu y\u0131l ayr\u0131ca, sanat\u00e7\u0131n\u0131n 15 y\u0131l \u00f6nce \u00e7ekti\u011fi, Kalkanl\u0131\u2019daki An\u0131t Zeytin A\u011fa\u00e7lar\u0131yla ilgili foto\u011fraflar\u0131ndan olu\u015fan, \u201cAfrodit\u2019in Zeytin A\u011fa\u00e7lar\u0131\u201d adl\u0131 foto\u011fraf sergisi de izleyicilerle bulu\u015ftu. Sanat\u00e7\u0131 Ulu\u00e7am etkinlikle ilgili BRT\u2019ye bilgi verdi. Sanat\u00e7\u0131 Ulu\u00e7am, [&hellip;]","og_url":"https:\/\/kuzeyinsesi.org\/index.php\/2025\/03\/09\/sanatci-ulucamin-bahcesi-kapilarini-doga-ve-sanatseverlere-acti\/","og_site_name":"Kuzeyin Sesi","article_publisher":"https:\/\/www.facebook.com\/kuzeyinsesii","article_published_time":"2025-03-09T11:50:28+00:00","og_image":[{"url":"https:\/\/brtk.net\/wp-content\/uploads\/2025\/03\/09\/vlcsnap-2025-03-09-12h02m23s811.png?ver=151a0186b7fdec5ec4cf5a3f344d9497","type":"","width":"","height":""}],"author":"Kuzeyin Sesi","twitter_card":"summary_large_image","twitter_creator":"@kuzeyinsesii","twitter_site":"@kuzeyinsesii","twitter_misc":{"Yazan:":"Kuzeyin Sesi","Tahmini okuma s\u00fcresi":"1 dakika"},"schema":{"@context":"https:\/\/schema.org","@graph":[{"@type":"Article","@id":"https:\/\/kuzeyinsesi.org\/index.php\/2025\/03\/09\/sanatci-ulucamin-bahcesi-kapilarini-doga-ve-sanatseverlere-acti\/#article","isPartOf":{"@id":"https:\/\/kuzeyinsesi.org\/index.php\/2025\/03\/09\/sanatci-ulucamin-bahcesi-kapilarini-doga-ve-sanatseverlere-acti\/"},"author":{"name":"Kuzeyin Sesi","@id":"https:\/\/kuzeyinsesi.org\/#\/schema\/person\/9f859689cdf01485597712386e37f5aa"},"headline":"Sanat\u00e7\u0131 Ulu\u00e7am\u2019\u0131n bah\u00e7esi kap\u0131lar\u0131n\u0131 do\u011fa ve sanatseverlere a\u00e7t\u0131","datePublished":"2025-03-09T11:50:28+00:00","mainEntityOfPage":{"@id":"https:\/\/kuzeyinsesi.org\/index.php\/2025\/03\/09\/sanatci-ulucamin-bahcesi-kapilarini-doga-ve-sanatseverlere-acti\/"},"wordCount":193,"commentCount":0,"image":{"@id":"https:\/\/kuzeyinsesi.org\/index.php\/2025\/03\/09\/sanatci-ulucamin-bahcesi-kapilarini-doga-ve-sanatseverlere-acti\/#primaryimage"},"thumbnailUrl":"https:\/\/kuzeyinsesi.org\/wp-content\/uploads\/2025\/03\/vlcsnap-2025-03-09-12h02m11s375.png","articleSection":["Ya\u015fam"],"inLanguage":"tr","potentialAction":[{"@type":"CommentAction","name":"Comment","target":["https:\/\/kuzeyinsesi.org\/index.php\/2025\/03\/09\/sanatci-ulucamin-bahcesi-kapilarini-doga-ve-sanatseverlere-acti\/#respond"]}]},{"@type":"WebPage","@id":"https:\/\/kuzeyinsesi.org\/index.php\/2025\/03\/09\/sanatci-ulucamin-bahcesi-kapilarini-doga-ve-sanatseverlere-acti\/","url":"https:\/\/kuzeyinsesi.org\/index.php\/2025\/03\/09\/sanatci-ulucamin-bahcesi-kapilarini-doga-ve-sanatseverlere-acti\/","name":"Sanat\u00e7\u0131 Ulu\u00e7am\u2019\u0131n bah\u00e7esi kap\u0131lar\u0131n\u0131 do\u011fa ve sanatseverlere a\u00e7t\u0131 - Kuzeyin Sesi","isPartOf":{"@id":"https:\/\/kuzeyinsesi.org\/#website"},"primaryImageOfPage":{"@id":"https:\/\/kuzeyinsesi.org\/index.php\/2025\/03\/09\/sanatci-ulucamin-bahcesi-kapilarini-doga-ve-sanatseverlere-acti\/#primaryimage"},"image":{"@id":"https:\/\/kuzeyinsesi.org\/index.php\/2025\/03\/09\/sanatci-ulucamin-bahcesi-kapilarini-doga-ve-sanatseverlere-acti\/#primaryimage"},"thumbnailUrl":"https:\/\/kuzeyinsesi.org\/wp-content\/uploads\/2025\/03\/vlcsnap-2025-03-09-12h02m11s375.png","datePublished":"2025-03-09T11:50:28+00:00","author":{"@id":"https:\/\/kuzeyinsesi.org\/#\/schema\/person\/9f859689cdf01485597712386e37f5aa"},"breadcrumb":{"@id":"https:\/\/kuzeyinsesi.org\/index.php\/2025\/03\/09\/sanatci-ulucamin-bahcesi-kapilarini-doga-ve-sanatseverlere-acti\/#breadcrumb"},"inLanguage":"tr","potentialAction":[{"@type":"ReadAction","target":["https:\/\/kuzeyinsesi.org\/index.php\/2025\/03\/09\/sanatci-ulucamin-bahcesi-kapilarini-doga-ve-sanatseverlere-acti\/"]}]},{"@type":"ImageObject","inLanguage":"tr","@id":"https:\/\/kuzeyinsesi.org\/index.php\/2025\/03\/09\/sanatci-ulucamin-bahcesi-kapilarini-doga-ve-sanatseverlere-acti\/#primaryimage","url":"https:\/\/kuzeyinsesi.org\/wp-content\/uploads\/2025\/03\/vlcsnap-2025-03-09-12h02m11s375.png","contentUrl":"https:\/\/kuzeyinsesi.org\/wp-content\/uploads\/2025\/03\/vlcsnap-2025-03-09-12h02m11s375.png","width":1920,"height":1088},{"@type":"BreadcrumbList","@id":"https:\/\/kuzeyinsesi.org\/index.php\/2025\/03\/09\/sanatci-ulucamin-bahcesi-kapilarini-doga-ve-sanatseverlere-acti\/#breadcrumb","itemListElement":[{"@type":"ListItem","position":1,"name":"Anasayfa","item":"https:\/\/kuzeyinsesi.org\/"},{"@type":"ListItem","position":2,"name":"Sanat\u00e7\u0131 Ulu\u00e7am\u2019\u0131n bah\u00e7esi kap\u0131lar\u0131n\u0131 do\u011fa ve sanatseverlere a\u00e7t\u0131"}]},{"@type":"WebSite","@id":"https:\/\/kuzeyinsesi.org\/#website","url":"https:\/\/kuzeyinsesi.org\/","name":"Kuzeyin Sesi","description":"Do\u011fru Haberin Adresi","potentialAction":[{"@type":"SearchAction","target":{"@type":"EntryPoint","urlTemplate":"https:\/\/kuzeyinsesi.org\/?s={search_term_string}"},"query-input":{"@type":"PropertyValueSpecification","valueRequired":true,"valueName":"search_term_string"}}],"inLanguage":"tr"},{"@type":"Person","@id":"https:\/\/kuzeyinsesi.org\/#\/schema\/person\/9f859689cdf01485597712386e37f5aa","name":"Kuzeyin Sesi","image":{"@type":"ImageObject","inLanguage":"tr","@id":"https:\/\/secure.gravatar.com\/avatar\/bab33852abfd8b282518d6ed81826833d77c3c882d9ab608add591ccace47a44?s=96&d=mm&r=g","url":"https:\/\/secure.gravatar.com\/avatar\/bab33852abfd8b282518d6ed81826833d77c3c882d9ab608add591ccace47a44?s=96&d=mm&r=g","contentUrl":"https:\/\/secure.gravatar.com\/avatar\/bab33852abfd8b282518d6ed81826833d77c3c882d9ab608add591ccace47a44?s=96&d=mm&r=g","caption":"Kuzeyin Sesi"},"sameAs":["https:\/\/kuzeyinsesi.org"],"url":"https:\/\/kuzeyinsesi.org\/index.php\/author\/guven\/"}]}},"_links":{"self":[{"href":"https:\/\/kuzeyinsesi.org\/index.php\/wp-json\/wp\/v2\/posts\/20543","targetHints":{"allow":["GET"]}}],"collection":[{"href":"https:\/\/kuzeyinsesi.org\/index.php\/wp-json\/wp\/v2\/posts"}],"about":[{"href":"https:\/\/kuzeyinsesi.org\/index.php\/wp-json\/wp\/v2\/types\/post"}],"author":[{"embeddable":true,"href":"https:\/\/kuzeyinsesi.org\/index.php\/wp-json\/wp\/v2\/users\/1"}],"replies":[{"embeddable":true,"href":"https:\/\/kuzeyinsesi.org\/index.php\/wp-json\/wp\/v2\/comments?post=20543"}],"version-history":[{"count":0,"href":"https:\/\/kuzeyinsesi.org\/index.php\/wp-json\/wp\/v2\/posts\/20543\/revisions"}],"wp:featuredmedia":[{"embeddable":true,"href":"https:\/\/kuzeyinsesi.org\/index.php\/wp-json\/wp\/v2\/media\/20545"}],"wp:attachment":[{"href":"https:\/\/kuzeyinsesi.org\/index.php\/wp-json\/wp\/v2\/media?parent=20543"}],"wp:term":[{"taxonomy":"category","embeddable":true,"href":"https:\/\/kuzeyinsesi.org\/index.php\/wp-json\/wp\/v2\/categories?post=20543"},{"taxonomy":"post_tag","embeddable":true,"href":"https:\/\/kuzeyinsesi.org\/index.php\/wp-json\/wp\/v2\/tags?post=20543"}],"curies":[{"name":"wp","href":"https:\/\/api.w.org\/{rel}","templated":true}]}}