{"id":2054,"date":"2024-05-11T10:25:07","date_gmt":"2024-05-11T07:25:07","guid":{"rendered":"https:\/\/kuzeyinsesi.com\/index.php\/2024\/05\/11\/turkiye-bm-genel-kurulunda-filistine-iliskin-karar-tasarisinin-kabul-edilmesini-memnuniyetle-karsiliyor\/"},"modified":"2024-05-11T10:25:07","modified_gmt":"2024-05-11T07:25:07","slug":"turkiye-bm-genel-kurulunda-filistine-iliskin-karar-tasarisinin-kabul-edilmesini-memnuniyetle-karsiliyor","status":"publish","type":"post","link":"https:\/\/kuzeyinsesi.org\/index.php\/2024\/05\/11\/turkiye-bm-genel-kurulunda-filistine-iliskin-karar-tasarisinin-kabul-edilmesini-memnuniyetle-karsiliyor\/","title":{"rendered":"T\u00fcrkiye, BM Genel Kurulunda Filistin\u2019e ili\u015fkin karar tasar\u0131s\u0131n\u0131n kabul edilmesini memnuniyetle kar\u015f\u0131l\u0131yor"},"content":{"rendered":"<div>\n<div class=\"mariselle-image-container center\">\n                                            <\/div>\n<p>\nT\u00fcrkiye D\u0131\u015fi\u015fleri Bakanl\u0131\u011f\u0131, Birle\u015fmi\u015f Milletler (BM) Genel Kurulunda, Filistin\u2019in BM \u00fcyeli\u011finin BM G\u00fcvenlik Konseyinde (BMGK) tekrar g\u00f6r\u00fc\u015f\u00fclmesi ve g\u00f6zlemci stat\u00fcs\u00fcnde olan Filistin\u2019e baz\u0131 ilave haklar tan\u0131nmas\u0131n\u0131 talep eden karar tasar\u0131s\u0131n\u0131n kabul edilmesini memnuniyetle kar\u015f\u0131lad\u0131\u011f\u0131n\u0131 bildirdi.<\/p>\n<p>Bakanl\u0131ktan yap\u0131lan yaz\u0131l\u0131 a\u00e7\u0131klamada, \u201cBM Genel Kurulu\u2019nun, Filistin\u2019in BM \u00e7al\u0131\u015fmalar\u0131na daha geni\u015f haklar ve ayr\u0131cal\u0131klarla kat\u0131l\u0131m\u0131na olanak sa\u011flayacak karar\u0131n\u0131 memnuniyetle kar\u015f\u0131l\u0131yoruz.\u201d ifadesine yer verildi.<\/p>\n<p>\u201cBu karar, uluslararas\u0131 toplumun ezici \u00e7o\u011funlu\u011funun, Filistin halk\u0131n\u0131n kendi devletine sahip olma hakk\u0131na ve iki devletli \u00e7\u00f6z\u00fcme verdi\u011fi g\u00fc\u00e7l\u00fc deste\u011fi bir kere daha ortaya koymu\u015ftur.\u201d denilen a\u00e7\u0131klamada, uluslararas\u0131 topluma, \u201c\u0130srail\u2019in Gazze\u2019de uygulad\u0131\u011f\u0131 vah\u015feti durdurmak i\u00e7in somut ad\u0131mlar atma\u201d ve \u201cFilistin Devleti\u2019ni tan\u0131ma\u201d \u00e7a\u011fr\u0131s\u0131nda bulunuldu.<\/p>\n<p>\u2013 BM Genel Kurulu, Filistin hakk\u0131ndaki karar tasar\u0131s\u0131n\u0131 kabul etti<\/p>\n<p>BM Genel Kurulunda bug\u00fcn yap\u0131lan oylamada, Filistin\u2019in BM \u00fcyeli\u011finin BM G\u00fcvenlik Konseyi\u2019nde tekrar g\u00f6r\u00fc\u015f\u00fclmesi ve g\u00f6zlemci stat\u00fcs\u00fcnde olan Filistin\u2019e baz\u0131 ilave haklar tan\u0131nmas\u0131 talep edilen karar tasar\u0131s\u0131 kabul edildi.<\/p>\n<p>T\u00fcrkiye\u2019nin yan\u0131 s\u0131ra 80\u2019e yak\u0131n \u00fclkenin ortak sunucusu oldu\u011fu karar tasar\u0131s\u0131, 193 \u00fcyeli BM Genel Kurulu\u2019nda 143 \u201cevet\u201d oyuyla kabul edildi. Tasar\u0131 25 \u201c\u00e7ekimser\u201d oy al\u0131rken aralar\u0131nda ABD, Arjantin, Papua Yeni Gine, \u00c7ekya ve Macaristan\u2019\u0131n bulundu\u011fu 9 \u00fclke \u201chay\u0131r\u201d oyu kulland\u0131.<\/p>\n<p>Kararda, \u201cFilistin\u2019in BM \u015eart\u0131\u2019n\u0131n 4. maddesi uyar\u0131nca BM\u2019ye \u00fcyelik kriterlerini yerine getirdi\u011fi ve bu nedenle BM\u2019ye \u00fcye olarak kabul edilmesi\u201d gerekti\u011fine dikkat \u00e7ekildi.<\/p>\n<p>Filistin, 2011\u2019de de BM\u2019ye tam \u00fcyelik ba\u015fvurusu yapm\u0131\u015f ancak BMGK\u2019de gereken deste\u011fi alamam\u0131\u015ft\u0131. Filistin 2012 y\u0131l\u0131nda BM\u2019de \u201cdaimi g\u00f6zlemci stat\u00fcs\u00fcne\u201d kavu\u015fmu\u015ftu.<\/p>\n<\/p><\/div>\n<p><script async\n                    defer\n                    crossorigin=\"anonymous\"\n                    src=\"https:\/\/connect.facebook.net\/tr_TR\/sdk.js#xfbml=1&#038;version=v3.3\"\n            ><\/script><\/p>\n","protected":false},"excerpt":{"rendered":"<p>T\u00fcrkiye D\u0131\u015fi\u015fleri Bakanl\u0131\u011f\u0131, Birle\u015fmi\u015f Milletler (BM) Genel Kurulunda, Filistin\u2019in BM \u00fcyeli\u011finin BM G\u00fcvenlik Konseyinde (BMGK) tekrar g\u00f6r\u00fc\u015f\u00fclmesi ve g\u00f6zlemci stat\u00fcs\u00fcnde olan Filistin\u2019e baz\u0131 ilave haklar tan\u0131nmas\u0131n\u0131 talep eden karar tasar\u0131s\u0131n\u0131n kabul edilmesini memnuniyetle kar\u015f\u0131lad\u0131\u011f\u0131n\u0131 bildirdi. Bakanl\u0131ktan yap\u0131lan yaz\u0131l\u0131 a\u00e7\u0131klamada, \u201cBM Genel Kurulu\u2019nun, Filistin\u2019in BM \u00e7al\u0131\u015fmalar\u0131na daha geni\u015f haklar ve ayr\u0131cal\u0131klarla kat\u0131l\u0131m\u0131na olanak sa\u011flayacak karar\u0131n\u0131 memnuniyetle [&hellip;]<\/p>\n","protected":false},"author":1,"featured_media":2055,"comment_status":"open","ping_status":"open","sticky":false,"template":"","format":"standard","meta":{"jnews-multi-image_gallery":[],"jnews_single_post":[],"jnews_primary_category":[],"jnews_social_meta":[],"jnews_override_counter":[],"footnotes":""},"categories":[5],"tags":[],"class_list":["post-2054","post","type-post","status-publish","format-standard","has-post-thumbnail","hentry","category-turkiye"],"yoast_head":"<!-- This site is optimized with the Yoast SEO plugin v27.5 - https:\/\/yoast.com\/product\/yoast-seo-wordpress\/ -->\n<title>T\u00fcrkiye, BM Genel Kurulunda Filistin\u2019e ili\u015fkin karar tasar\u0131s\u0131n\u0131n kabul edilmesini memnuniyetle kar\u015f\u0131l\u0131yor - Kuzeyin Sesi<\/title>\n<meta name=\"robots\" content=\"index, follow, max-snippet:-1, max-image-preview:large, max-video-preview:-1\" \/>\n<link rel=\"canonical\" href=\"https:\/\/kuzeyinsesi.org\/index.php\/2024\/05\/11\/turkiye-bm-genel-kurulunda-filistine-iliskin-karar-tasarisinin-kabul-edilmesini-memnuniyetle-karsiliyor\/\" \/>\n<meta property=\"og:locale\" content=\"tr_TR\" \/>\n<meta property=\"og:type\" content=\"article\" \/>\n<meta property=\"og:title\" content=\"T\u00fcrkiye, BM Genel Kurulunda Filistin\u2019e ili\u015fkin karar tasar\u0131s\u0131n\u0131n kabul edilmesini memnuniyetle kar\u015f\u0131l\u0131yor - Kuzeyin Sesi\" \/>\n<meta property=\"og:description\" content=\"T\u00fcrkiye D\u0131\u015fi\u015fleri Bakanl\u0131\u011f\u0131, Birle\u015fmi\u015f Milletler (BM) Genel Kurulunda, Filistin\u2019in BM \u00fcyeli\u011finin BM G\u00fcvenlik Konseyinde (BMGK) tekrar g\u00f6r\u00fc\u015f\u00fclmesi ve g\u00f6zlemci stat\u00fcs\u00fcnde olan Filistin\u2019e baz\u0131 ilave haklar tan\u0131nmas\u0131n\u0131 talep eden karar tasar\u0131s\u0131n\u0131n kabul edilmesini memnuniyetle kar\u015f\u0131lad\u0131\u011f\u0131n\u0131 bildirdi. Bakanl\u0131ktan yap\u0131lan yaz\u0131l\u0131 a\u00e7\u0131klamada, \u201cBM Genel Kurulu\u2019nun, Filistin\u2019in BM \u00e7al\u0131\u015fmalar\u0131na daha geni\u015f haklar ve ayr\u0131cal\u0131klarla kat\u0131l\u0131m\u0131na olanak sa\u011flayacak karar\u0131n\u0131 memnuniyetle [&hellip;]\" \/>\n<meta property=\"og:url\" content=\"https:\/\/kuzeyinsesi.org\/index.php\/2024\/05\/11\/turkiye-bm-genel-kurulunda-filistine-iliskin-karar-tasarisinin-kabul-edilmesini-memnuniyetle-karsiliyor\/\" \/>\n<meta property=\"og:site_name\" content=\"Kuzeyin Sesi\" \/>\n<meta property=\"article:publisher\" content=\"https:\/\/www.facebook.com\/kuzeyinsesii\" \/>\n<meta property=\"article:published_time\" content=\"2024-05-11T07:25:07+00:00\" \/>\n<meta property=\"og:image\" content=\"https:\/\/kuzeyinsesi.org\/wp-content\/uploads\/2024\/05\/thumbs-b-c-f149c934d5db75cb157a938844cd0133.jpg\" \/>\n\t<meta property=\"og:image:width\" content=\"864\" \/>\n\t<meta property=\"og:image:height\" content=\"486\" \/>\n\t<meta property=\"og:image:type\" content=\"image\/jpeg\" \/>\n<meta name=\"author\" content=\"Kuzeyin Sesi\" \/>\n<meta name=\"twitter:card\" content=\"summary_large_image\" \/>\n<meta name=\"twitter:creator\" content=\"@kuzeyinsesii\" \/>\n<meta name=\"twitter:site\" content=\"@kuzeyinsesii\" \/>\n<meta name=\"twitter:label1\" content=\"Yazan:\" \/>\n\t<meta name=\"twitter:data1\" content=\"Kuzeyin Sesi\" \/>\n\t<meta name=\"twitter:label2\" content=\"Tahmini okuma s\u00fcresi\" \/>\n\t<meta name=\"twitter:data2\" content=\"2 dakika\" \/>\n<script type=\"application\/ld+json\" class=\"yoast-schema-graph\">{\"@context\":\"https:\\\/\\\/schema.org\",\"@graph\":[{\"@type\":\"Article\",\"@id\":\"https:\\\/\\\/kuzeyinsesi.org\\\/index.php\\\/2024\\\/05\\\/11\\\/turkiye-bm-genel-kurulunda-filistine-iliskin-karar-tasarisinin-kabul-edilmesini-memnuniyetle-karsiliyor\\\/#article\",\"isPartOf\":{\"@id\":\"https:\\\/\\\/kuzeyinsesi.org\\\/index.php\\\/2024\\\/05\\\/11\\\/turkiye-bm-genel-kurulunda-filistine-iliskin-karar-tasarisinin-kabul-edilmesini-memnuniyetle-karsiliyor\\\/\"},\"author\":{\"name\":\"Kuzeyin Sesi\",\"@id\":\"https:\\\/\\\/kuzeyinsesi.org\\\/#\\\/schema\\\/person\\\/9f859689cdf01485597712386e37f5aa\"},\"headline\":\"T\u00fcrkiye, BM Genel Kurulunda Filistin\u2019e ili\u015fkin karar tasar\u0131s\u0131n\u0131n kabul edilmesini memnuniyetle kar\u015f\u0131l\u0131yor\",\"datePublished\":\"2024-05-11T07:25:07+00:00\",\"mainEntityOfPage\":{\"@id\":\"https:\\\/\\\/kuzeyinsesi.org\\\/index.php\\\/2024\\\/05\\\/11\\\/turkiye-bm-genel-kurulunda-filistine-iliskin-karar-tasarisinin-kabul-edilmesini-memnuniyetle-karsiliyor\\\/\"},\"wordCount\":348,\"commentCount\":0,\"image\":{\"@id\":\"https:\\\/\\\/kuzeyinsesi.org\\\/index.php\\\/2024\\\/05\\\/11\\\/turkiye-bm-genel-kurulunda-filistine-iliskin-karar-tasarisinin-kabul-edilmesini-memnuniyetle-karsiliyor\\\/#primaryimage\"},\"thumbnailUrl\":\"https:\\\/\\\/kuzeyinsesi.org\\\/wp-content\\\/uploads\\\/2024\\\/05\\\/thumbs-b-c-f149c934d5db75cb157a938844cd0133.jpg\",\"articleSection\":[\"T\u00fcrkiye\"],\"inLanguage\":\"tr\",\"potentialAction\":[{\"@type\":\"CommentAction\",\"name\":\"Comment\",\"target\":[\"https:\\\/\\\/kuzeyinsesi.org\\\/index.php\\\/2024\\\/05\\\/11\\\/turkiye-bm-genel-kurulunda-filistine-iliskin-karar-tasarisinin-kabul-edilmesini-memnuniyetle-karsiliyor\\\/#respond\"]}]},{\"@type\":\"WebPage\",\"@id\":\"https:\\\/\\\/kuzeyinsesi.org\\\/index.php\\\/2024\\\/05\\\/11\\\/turkiye-bm-genel-kurulunda-filistine-iliskin-karar-tasarisinin-kabul-edilmesini-memnuniyetle-karsiliyor\\\/\",\"url\":\"https:\\\/\\\/kuzeyinsesi.org\\\/index.php\\\/2024\\\/05\\\/11\\\/turkiye-bm-genel-kurulunda-filistine-iliskin-karar-tasarisinin-kabul-edilmesini-memnuniyetle-karsiliyor\\\/\",\"name\":\"T\u00fcrkiye, BM Genel Kurulunda Filistin\u2019e ili\u015fkin karar tasar\u0131s\u0131n\u0131n kabul edilmesini memnuniyetle kar\u015f\u0131l\u0131yor - Kuzeyin Sesi\",\"isPartOf\":{\"@id\":\"https:\\\/\\\/kuzeyinsesi.org\\\/#website\"},\"primaryImageOfPage\":{\"@id\":\"https:\\\/\\\/kuzeyinsesi.org\\\/index.php\\\/2024\\\/05\\\/11\\\/turkiye-bm-genel-kurulunda-filistine-iliskin-karar-tasarisinin-kabul-edilmesini-memnuniyetle-karsiliyor\\\/#primaryimage\"},\"image\":{\"@id\":\"https:\\\/\\\/kuzeyinsesi.org\\\/index.php\\\/2024\\\/05\\\/11\\\/turkiye-bm-genel-kurulunda-filistine-iliskin-karar-tasarisinin-kabul-edilmesini-memnuniyetle-karsiliyor\\\/#primaryimage\"},\"thumbnailUrl\":\"https:\\\/\\\/kuzeyinsesi.org\\\/wp-content\\\/uploads\\\/2024\\\/05\\\/thumbs-b-c-f149c934d5db75cb157a938844cd0133.jpg\",\"datePublished\":\"2024-05-11T07:25:07+00:00\",\"author\":{\"@id\":\"https:\\\/\\\/kuzeyinsesi.org\\\/#\\\/schema\\\/person\\\/9f859689cdf01485597712386e37f5aa\"},\"breadcrumb\":{\"@id\":\"https:\\\/\\\/kuzeyinsesi.org\\\/index.php\\\/2024\\\/05\\\/11\\\/turkiye-bm-genel-kurulunda-filistine-iliskin-karar-tasarisinin-kabul-edilmesini-memnuniyetle-karsiliyor\\\/#breadcrumb\"},\"inLanguage\":\"tr\",\"potentialAction\":[{\"@type\":\"ReadAction\",\"target\":[\"https:\\\/\\\/kuzeyinsesi.org\\\/index.php\\\/2024\\\/05\\\/11\\\/turkiye-bm-genel-kurulunda-filistine-iliskin-karar-tasarisinin-kabul-edilmesini-memnuniyetle-karsiliyor\\\/\"]}]},{\"@type\":\"ImageObject\",\"inLanguage\":\"tr\",\"@id\":\"https:\\\/\\\/kuzeyinsesi.org\\\/index.php\\\/2024\\\/05\\\/11\\\/turkiye-bm-genel-kurulunda-filistine-iliskin-karar-tasarisinin-kabul-edilmesini-memnuniyetle-karsiliyor\\\/#primaryimage\",\"url\":\"https:\\\/\\\/kuzeyinsesi.org\\\/wp-content\\\/uploads\\\/2024\\\/05\\\/thumbs-b-c-f149c934d5db75cb157a938844cd0133.jpg\",\"contentUrl\":\"https:\\\/\\\/kuzeyinsesi.org\\\/wp-content\\\/uploads\\\/2024\\\/05\\\/thumbs-b-c-f149c934d5db75cb157a938844cd0133.jpg\",\"width\":864,\"height\":486},{\"@type\":\"BreadcrumbList\",\"@id\":\"https:\\\/\\\/kuzeyinsesi.org\\\/index.php\\\/2024\\\/05\\\/11\\\/turkiye-bm-genel-kurulunda-filistine-iliskin-karar-tasarisinin-kabul-edilmesini-memnuniyetle-karsiliyor\\\/#breadcrumb\",\"itemListElement\":[{\"@type\":\"ListItem\",\"position\":1,\"name\":\"Anasayfa\",\"item\":\"https:\\\/\\\/kuzeyinsesi.org\\\/\"},{\"@type\":\"ListItem\",\"position\":2,\"name\":\"T\u00fcrkiye, BM Genel Kurulunda Filistin\u2019e ili\u015fkin karar tasar\u0131s\u0131n\u0131n kabul edilmesini memnuniyetle kar\u015f\u0131l\u0131yor\"}]},{\"@type\":\"WebSite\",\"@id\":\"https:\\\/\\\/kuzeyinsesi.org\\\/#website\",\"url\":\"https:\\\/\\\/kuzeyinsesi.org\\\/\",\"name\":\"Kuzeyin Sesi\",\"description\":\"Do\u011fru Haberin Adresi\",\"potentialAction\":[{\"@type\":\"SearchAction\",\"target\":{\"@type\":\"EntryPoint\",\"urlTemplate\":\"https:\\\/\\\/kuzeyinsesi.org\\\/?s={search_term_string}\"},\"query-input\":{\"@type\":\"PropertyValueSpecification\",\"valueRequired\":true,\"valueName\":\"search_term_string\"}}],\"inLanguage\":\"tr\"},{\"@type\":\"Person\",\"@id\":\"https:\\\/\\\/kuzeyinsesi.org\\\/#\\\/schema\\\/person\\\/9f859689cdf01485597712386e37f5aa\",\"name\":\"Kuzeyin Sesi\",\"image\":{\"@type\":\"ImageObject\",\"inLanguage\":\"tr\",\"@id\":\"https:\\\/\\\/secure.gravatar.com\\\/avatar\\\/bab33852abfd8b282518d6ed81826833d77c3c882d9ab608add591ccace47a44?s=96&d=mm&r=g\",\"url\":\"https:\\\/\\\/secure.gravatar.com\\\/avatar\\\/bab33852abfd8b282518d6ed81826833d77c3c882d9ab608add591ccace47a44?s=96&d=mm&r=g\",\"contentUrl\":\"https:\\\/\\\/secure.gravatar.com\\\/avatar\\\/bab33852abfd8b282518d6ed81826833d77c3c882d9ab608add591ccace47a44?s=96&d=mm&r=g\",\"caption\":\"Kuzeyin Sesi\"},\"sameAs\":[\"https:\\\/\\\/kuzeyinsesi.org\"],\"url\":\"https:\\\/\\\/kuzeyinsesi.org\\\/index.php\\\/author\\\/guven\\\/\"}]}<\/script>\n<!-- \/ Yoast SEO plugin. -->","yoast_head_json":{"title":"T\u00fcrkiye, BM Genel Kurulunda Filistin\u2019e ili\u015fkin karar tasar\u0131s\u0131n\u0131n kabul edilmesini memnuniyetle kar\u015f\u0131l\u0131yor - Kuzeyin Sesi","robots":{"index":"index","follow":"follow","max-snippet":"max-snippet:-1","max-image-preview":"max-image-preview:large","max-video-preview":"max-video-preview:-1"},"canonical":"https:\/\/kuzeyinsesi.org\/index.php\/2024\/05\/11\/turkiye-bm-genel-kurulunda-filistine-iliskin-karar-tasarisinin-kabul-edilmesini-memnuniyetle-karsiliyor\/","og_locale":"tr_TR","og_type":"article","og_title":"T\u00fcrkiye, BM Genel Kurulunda Filistin\u2019e ili\u015fkin karar tasar\u0131s\u0131n\u0131n kabul edilmesini memnuniyetle kar\u015f\u0131l\u0131yor - Kuzeyin Sesi","og_description":"T\u00fcrkiye D\u0131\u015fi\u015fleri Bakanl\u0131\u011f\u0131, Birle\u015fmi\u015f Milletler (BM) Genel Kurulunda, Filistin\u2019in BM \u00fcyeli\u011finin BM G\u00fcvenlik Konseyinde (BMGK) tekrar g\u00f6r\u00fc\u015f\u00fclmesi ve g\u00f6zlemci stat\u00fcs\u00fcnde olan Filistin\u2019e baz\u0131 ilave haklar tan\u0131nmas\u0131n\u0131 talep eden karar tasar\u0131s\u0131n\u0131n kabul edilmesini memnuniyetle kar\u015f\u0131lad\u0131\u011f\u0131n\u0131 bildirdi. Bakanl\u0131ktan yap\u0131lan yaz\u0131l\u0131 a\u00e7\u0131klamada, \u201cBM Genel Kurulu\u2019nun, Filistin\u2019in BM \u00e7al\u0131\u015fmalar\u0131na daha geni\u015f haklar ve ayr\u0131cal\u0131klarla kat\u0131l\u0131m\u0131na olanak sa\u011flayacak karar\u0131n\u0131 memnuniyetle [&hellip;]","og_url":"https:\/\/kuzeyinsesi.org\/index.php\/2024\/05\/11\/turkiye-bm-genel-kurulunda-filistine-iliskin-karar-tasarisinin-kabul-edilmesini-memnuniyetle-karsiliyor\/","og_site_name":"Kuzeyin Sesi","article_publisher":"https:\/\/www.facebook.com\/kuzeyinsesii","article_published_time":"2024-05-11T07:25:07+00:00","og_image":[{"width":864,"height":486,"url":"https:\/\/kuzeyinsesi.org\/wp-content\/uploads\/2024\/05\/thumbs-b-c-f149c934d5db75cb157a938844cd0133.jpg","type":"image\/jpeg"}],"author":"Kuzeyin Sesi","twitter_card":"summary_large_image","twitter_creator":"@kuzeyinsesii","twitter_site":"@kuzeyinsesii","twitter_misc":{"Yazan:":"Kuzeyin Sesi","Tahmini okuma s\u00fcresi":"2 dakika"},"schema":{"@context":"https:\/\/schema.org","@graph":[{"@type":"Article","@id":"https:\/\/kuzeyinsesi.org\/index.php\/2024\/05\/11\/turkiye-bm-genel-kurulunda-filistine-iliskin-karar-tasarisinin-kabul-edilmesini-memnuniyetle-karsiliyor\/#article","isPartOf":{"@id":"https:\/\/kuzeyinsesi.org\/index.php\/2024\/05\/11\/turkiye-bm-genel-kurulunda-filistine-iliskin-karar-tasarisinin-kabul-edilmesini-memnuniyetle-karsiliyor\/"},"author":{"name":"Kuzeyin Sesi","@id":"https:\/\/kuzeyinsesi.org\/#\/schema\/person\/9f859689cdf01485597712386e37f5aa"},"headline":"T\u00fcrkiye, BM Genel Kurulunda Filistin\u2019e ili\u015fkin karar tasar\u0131s\u0131n\u0131n kabul edilmesini memnuniyetle kar\u015f\u0131l\u0131yor","datePublished":"2024-05-11T07:25:07+00:00","mainEntityOfPage":{"@id":"https:\/\/kuzeyinsesi.org\/index.php\/2024\/05\/11\/turkiye-bm-genel-kurulunda-filistine-iliskin-karar-tasarisinin-kabul-edilmesini-memnuniyetle-karsiliyor\/"},"wordCount":348,"commentCount":0,"image":{"@id":"https:\/\/kuzeyinsesi.org\/index.php\/2024\/05\/11\/turkiye-bm-genel-kurulunda-filistine-iliskin-karar-tasarisinin-kabul-edilmesini-memnuniyetle-karsiliyor\/#primaryimage"},"thumbnailUrl":"https:\/\/kuzeyinsesi.org\/wp-content\/uploads\/2024\/05\/thumbs-b-c-f149c934d5db75cb157a938844cd0133.jpg","articleSection":["T\u00fcrkiye"],"inLanguage":"tr","potentialAction":[{"@type":"CommentAction","name":"Comment","target":["https:\/\/kuzeyinsesi.org\/index.php\/2024\/05\/11\/turkiye-bm-genel-kurulunda-filistine-iliskin-karar-tasarisinin-kabul-edilmesini-memnuniyetle-karsiliyor\/#respond"]}]},{"@type":"WebPage","@id":"https:\/\/kuzeyinsesi.org\/index.php\/2024\/05\/11\/turkiye-bm-genel-kurulunda-filistine-iliskin-karar-tasarisinin-kabul-edilmesini-memnuniyetle-karsiliyor\/","url":"https:\/\/kuzeyinsesi.org\/index.php\/2024\/05\/11\/turkiye-bm-genel-kurulunda-filistine-iliskin-karar-tasarisinin-kabul-edilmesini-memnuniyetle-karsiliyor\/","name":"T\u00fcrkiye, BM Genel Kurulunda Filistin\u2019e ili\u015fkin karar tasar\u0131s\u0131n\u0131n kabul edilmesini memnuniyetle kar\u015f\u0131l\u0131yor - Kuzeyin Sesi","isPartOf":{"@id":"https:\/\/kuzeyinsesi.org\/#website"},"primaryImageOfPage":{"@id":"https:\/\/kuzeyinsesi.org\/index.php\/2024\/05\/11\/turkiye-bm-genel-kurulunda-filistine-iliskin-karar-tasarisinin-kabul-edilmesini-memnuniyetle-karsiliyor\/#primaryimage"},"image":{"@id":"https:\/\/kuzeyinsesi.org\/index.php\/2024\/05\/11\/turkiye-bm-genel-kurulunda-filistine-iliskin-karar-tasarisinin-kabul-edilmesini-memnuniyetle-karsiliyor\/#primaryimage"},"thumbnailUrl":"https:\/\/kuzeyinsesi.org\/wp-content\/uploads\/2024\/05\/thumbs-b-c-f149c934d5db75cb157a938844cd0133.jpg","datePublished":"2024-05-11T07:25:07+00:00","author":{"@id":"https:\/\/kuzeyinsesi.org\/#\/schema\/person\/9f859689cdf01485597712386e37f5aa"},"breadcrumb":{"@id":"https:\/\/kuzeyinsesi.org\/index.php\/2024\/05\/11\/turkiye-bm-genel-kurulunda-filistine-iliskin-karar-tasarisinin-kabul-edilmesini-memnuniyetle-karsiliyor\/#breadcrumb"},"inLanguage":"tr","potentialAction":[{"@type":"ReadAction","target":["https:\/\/kuzeyinsesi.org\/index.php\/2024\/05\/11\/turkiye-bm-genel-kurulunda-filistine-iliskin-karar-tasarisinin-kabul-edilmesini-memnuniyetle-karsiliyor\/"]}]},{"@type":"ImageObject","inLanguage":"tr","@id":"https:\/\/kuzeyinsesi.org\/index.php\/2024\/05\/11\/turkiye-bm-genel-kurulunda-filistine-iliskin-karar-tasarisinin-kabul-edilmesini-memnuniyetle-karsiliyor\/#primaryimage","url":"https:\/\/kuzeyinsesi.org\/wp-content\/uploads\/2024\/05\/thumbs-b-c-f149c934d5db75cb157a938844cd0133.jpg","contentUrl":"https:\/\/kuzeyinsesi.org\/wp-content\/uploads\/2024\/05\/thumbs-b-c-f149c934d5db75cb157a938844cd0133.jpg","width":864,"height":486},{"@type":"BreadcrumbList","@id":"https:\/\/kuzeyinsesi.org\/index.php\/2024\/05\/11\/turkiye-bm-genel-kurulunda-filistine-iliskin-karar-tasarisinin-kabul-edilmesini-memnuniyetle-karsiliyor\/#breadcrumb","itemListElement":[{"@type":"ListItem","position":1,"name":"Anasayfa","item":"https:\/\/kuzeyinsesi.org\/"},{"@type":"ListItem","position":2,"name":"T\u00fcrkiye, BM Genel Kurulunda Filistin\u2019e ili\u015fkin karar tasar\u0131s\u0131n\u0131n kabul edilmesini memnuniyetle kar\u015f\u0131l\u0131yor"}]},{"@type":"WebSite","@id":"https:\/\/kuzeyinsesi.org\/#website","url":"https:\/\/kuzeyinsesi.org\/","name":"Kuzeyin Sesi","description":"Do\u011fru Haberin Adresi","potentialAction":[{"@type":"SearchAction","target":{"@type":"EntryPoint","urlTemplate":"https:\/\/kuzeyinsesi.org\/?s={search_term_string}"},"query-input":{"@type":"PropertyValueSpecification","valueRequired":true,"valueName":"search_term_string"}}],"inLanguage":"tr"},{"@type":"Person","@id":"https:\/\/kuzeyinsesi.org\/#\/schema\/person\/9f859689cdf01485597712386e37f5aa","name":"Kuzeyin Sesi","image":{"@type":"ImageObject","inLanguage":"tr","@id":"https:\/\/secure.gravatar.com\/avatar\/bab33852abfd8b282518d6ed81826833d77c3c882d9ab608add591ccace47a44?s=96&d=mm&r=g","url":"https:\/\/secure.gravatar.com\/avatar\/bab33852abfd8b282518d6ed81826833d77c3c882d9ab608add591ccace47a44?s=96&d=mm&r=g","contentUrl":"https:\/\/secure.gravatar.com\/avatar\/bab33852abfd8b282518d6ed81826833d77c3c882d9ab608add591ccace47a44?s=96&d=mm&r=g","caption":"Kuzeyin Sesi"},"sameAs":["https:\/\/kuzeyinsesi.org"],"url":"https:\/\/kuzeyinsesi.org\/index.php\/author\/guven\/"}]}},"_links":{"self":[{"href":"https:\/\/kuzeyinsesi.org\/index.php\/wp-json\/wp\/v2\/posts\/2054","targetHints":{"allow":["GET"]}}],"collection":[{"href":"https:\/\/kuzeyinsesi.org\/index.php\/wp-json\/wp\/v2\/posts"}],"about":[{"href":"https:\/\/kuzeyinsesi.org\/index.php\/wp-json\/wp\/v2\/types\/post"}],"author":[{"embeddable":true,"href":"https:\/\/kuzeyinsesi.org\/index.php\/wp-json\/wp\/v2\/users\/1"}],"replies":[{"embeddable":true,"href":"https:\/\/kuzeyinsesi.org\/index.php\/wp-json\/wp\/v2\/comments?post=2054"}],"version-history":[{"count":0,"href":"https:\/\/kuzeyinsesi.org\/index.php\/wp-json\/wp\/v2\/posts\/2054\/revisions"}],"wp:featuredmedia":[{"embeddable":true,"href":"https:\/\/kuzeyinsesi.org\/index.php\/wp-json\/wp\/v2\/media\/2055"}],"wp:attachment":[{"href":"https:\/\/kuzeyinsesi.org\/index.php\/wp-json\/wp\/v2\/media?parent=2054"}],"wp:term":[{"taxonomy":"category","embeddable":true,"href":"https:\/\/kuzeyinsesi.org\/index.php\/wp-json\/wp\/v2\/categories?post=2054"},{"taxonomy":"post_tag","embeddable":true,"href":"https:\/\/kuzeyinsesi.org\/index.php\/wp-json\/wp\/v2\/tags?post=2054"}],"curies":[{"name":"wp","href":"https:\/\/api.w.org\/{rel}","templated":true}]}}