{"id":20529,"date":"2025-03-09T11:47:42","date_gmt":"2025-03-09T09:47:42","guid":{"rendered":"https:\/\/kuzeyinsesi.org\/index.php\/2025\/03\/09\/yaklasik-40-yildir-kendini-lefkara-isine-adayan-bir-kadin-senay-ekingen\/"},"modified":"2025-03-09T11:47:42","modified_gmt":"2025-03-09T09:47:42","slug":"yaklasik-40-yildir-kendini-lefkara-isine-adayan-bir-kadin-senay-ekingen","status":"publish","type":"post","link":"https:\/\/kuzeyinsesi.org\/index.php\/2025\/03\/09\/yaklasik-40-yildir-kendini-lefkara-isine-adayan-bir-kadin-senay-ekingen\/","title":{"rendered":"Yakla\u015f\u0131k 40 y\u0131ld\u0131r kendini Lefkara \u0130\u015fi\u2019ne adayan bir kad\u0131n: \u015eenay Ekingen"},"content":{"rendered":"<div>\n<div class=\"mariselle-image-container none\">\n                                            <\/div>\n<p>Bu topraklarda hikayesi y\u00fczy\u0131llar \u00f6ncesine dayanan ve de\u011feri g\u00fcn\u00fcm\u00fcze kadar katlanarak gelen Lefkara nak\u0131\u015f\u0131, hi\u00e7 \u015f\u00fcphesiz kad\u0131n eme\u011finin ortaya \u00e7\u0131kard\u0131\u011f\u0131 bir sanat \u00fcr\u00fcn\u00fc.<\/p>\n<p>Venediklilerin adaya 1400\u2019l\u00fc y\u0131llarda gelmesiyle ba\u015flayan Lefkara \u0130\u015fi, y\u00fczy\u0131llard\u0131r K\u0131br\u0131s\u2019\u0131n en sembolik, en de\u011ferli el i\u015fi sanatlar\u0131ndan biri olmaya devam ediyor.\u00a0<\/p>\n<p>Lefkara nak\u0131\u015f\u0131n\u0131n bug\u00fcn de varl\u0131\u011f\u0131n\u0131 s\u00fcrd\u00fcrmesinde en \u00f6nemli paylardan birine sahip olan ki\u015filerin ba\u015f\u0131nda bir kad\u0131n, \u015eenay Ekingen var.<\/p>\n<p>Kendini Lefkara \u0130\u015fi\u2019nin unutulmamas\u0131na ve tan\u0131nmas\u0131na adayan, Lefkara Corner\u2019in de sahibi \u015eenay Ekingen, Lefkara nak\u0131\u015f\u0131n\u0131n \u00f6yk\u00fcs\u00fcn\u00fc ve \u00e7al\u0131\u015fmalar\u0131n\u0131 T\u00fcrk Ajans\u0131 K\u0131br\u0131s\u2019a (TAK) anlatt\u0131.<\/p>\n<p>\u015eenay Ekingen, hikayesinin bu topraklarda \u00e7ok eskilere dayand\u0131\u011f\u0131 Lefkara nak\u0131\u015f\u0131n\u0131n g\u00fcn\u00fcm\u00fczde hala tercih edildi\u011fini, Lefkara\u2019y\u0131 sadece turistlerin de\u011fil, yerli halk\u0131n da be\u011fenip, ald\u0131\u011f\u0131n\u0131, \u00f6zellikle de yurtd\u0131\u015f\u0131na hediye olarak g\u00f6t\u00fcr\u00fcld\u00fc\u011f\u00fcn\u00fc s\u00f6yledi.<\/p>\n<p>UNESCO taraf\u0131ndan D\u00fcnya Soyut K\u00fclt\u00fcr Miras\u0131 Listesi\u2019ne al\u0131nan Lefkara nak\u0131\u015f\u0131n\u0131n \u00fclkemizde halen daha standartlar\u0131n\u0131n belirlenmedi\u011finin alt\u0131n\u0131 \u00e7izen Ekingen, bir\u00e7ok ki\u015finin tasar\u0131m yapma ad\u0131na nak\u0131\u015f\u0131n temel \u00f6zelliklerinden \u00e7ok farkl\u0131 \u015feyler \u00fcrettiklerini de kaydetti.\u00a0 \u00a0\u00a0\u00a0<\/p>\n<p>\u2013\u00a0\u00a0\u00a0\u00a0\u00a0\u00a0\u00a0\u00a0Lefkara \u0130\u015fi: Yerli halk\u0131n i\u015fledi\u011fi beyaz nak\u0131\u015f\u0131n, Venedik danteliyle birle\u015fmesi\u00a0\u00a0\u00a0<\/p>\n<p>Ekingen, Lefkara nak\u0131\u015f\u0131n\u0131n bu topraklardaki hikayesinin \u00e7ok eskilere dayand\u0131\u011f\u0131n\u0131 belirterek, Larnaka\u2019ya ba\u011fl\u0131 Lefkara k\u00f6y\u00fcnde yerli halk\u0131n beyaz nak\u0131\u015f\u0131n\u0131n Venediklilerin adaya getirdikleri Venedik danteliyle birle\u015fmesiyle zenginle\u015fti\u011fini dile getirdi.<\/p>\n<p>Nak\u0131\u015f\u0131n o d\u00f6nemlerde Lefkara ve civar\u0131ndaki 7-8 k\u00f6yde i\u015flendi\u011fini aktaran Ekingen, \u201cHatta bir rivayete g\u00f6re, Lefkara k\u00f6y\u00fcnde i\u015flenen beyaz nak\u0131\u015f desenlerinden birisi L\u00fczinyan d\u00f6neminin de gerisindendir.\u201d ifadesini kulland\u0131. \u00a0\u00a0<\/p>\n<p>Lefkara\u2019n\u0131n o d\u00f6nemlerde kad\u0131nlar\u0131n yan\u0131 s\u0131ra \u00e7ocuklar ve az da olsa erkekler taraf\u0131ndan da i\u015fledi\u011fine dikkat \u00e7eken Ekingen, \u00e7ocuklar\u0131n genellikle ince i\u015flerin yap\u0131m\u0131nda annelerine yard\u0131m ettiklerini, \u00e7\u00fcnk\u00fc Lefkara\u2019n\u0131n b\u00f6lgede sadece k\u00fclt\u00fcrel bir de\u011fer olarak de\u011fil, \u00e7ok ciddi ekonomik getirisi olan bir alan olarak geli\u015fti\u011fini belirtti. \u00a0<\/p>\n<p>Ekingen, Lefkara\u2019n\u0131n tarih boyunca hep yurtd\u0131\u015f\u0131 pazar\u0131 oldu\u011funu, hatta Lefkara nak\u0131\u015f\u0131 konusunda ara\u015ft\u0131rma yapt\u0131\u011f\u0131 s\u0131rada baz\u0131 yabanc\u0131 kaynaklar\u0131n bu nak\u0131\u015f\u0131n i\u015flendi\u011fi Lefkara ve civar\u0131ndaki 7-8 k\u00f6y\u00fc i\u00e7eren b\u00f6lgeyi \u2018nak\u0131\u015f sanayi b\u00f6lgesi\u2019 olarak tan\u0131mlad\u0131\u011f\u0131n\u0131 g\u00f6rd\u00fc\u011f\u00fcn\u00fc s\u00f6yledi. \u00a0\u00a0<\/p>\n<p>\u2013\u00a0\u00a0\u00a0\u00a0\u00a0\u00a0\u00a0\u00a0\u00dcnl\u00fc \u0130talyan sanat\u00e7\u0131 Leonardo da Vinci ve Lefkara masa \u00f6rt\u00fcs\u00fc\u00a0<\/p>\n<p>Ekingen ara\u015ft\u0131rmalar\u0131 s\u0131ras\u0131nda, \u0130talyan Sanat\u00e7\u0131 Leonardo da Vinci\u2019nin de Lefkara k\u00f6y\u00fcn\u00fc ziyaret etti\u011fini ve buradan Lefkara nak\u0131\u015f\u0131 i\u015flenmi\u015f bir masa \u00f6rt\u00fcs\u00fc sat\u0131n ald\u0131\u011f\u0131n\u0131n anlat\u0131ld\u0131\u011f\u0131 kaynaklara ula\u015ft\u0131\u011f\u0131n\u0131 belirterek, hatta da Vinci\u2019nin sat\u0131n ald\u0131\u011f\u0131 masa \u00f6rt\u00fcs\u00fc \u00fczerindeki dere deseninin ad\u0131n\u0131n da onun ad\u0131yla an\u0131ld\u0131\u011f\u0131n\u0131 anlatt\u0131.\u00a0 \u00a0<\/p>\n<p>Lefkara\u2019da dere deseni yan\u0131 s\u0131ra bir\u00e7ok farkl\u0131 desen bulundu\u011funu da s\u00f6yleyen Ekingen, \u201cDesenler tarihin i\u00e7inden s\u00fcz\u00fcl\u00fcp gelen desenlerdir. Genellikle do\u011fadan al\u0131nan ve Orta \u00c7a\u011f desenlerinin bile\u015fimidir. Venedik dantelinin zenginle\u015ftirdi\u011fi i\u011fne \u00e7e\u015fitleri \u00f6zellikle dere desenidir.\u201d dedi<\/p>\n<p>\u2013 \u00a0\u201cK\u0131br\u0131s\u2019\u0131n ge\u00e7mi\u015fine bakt\u0131\u011f\u0131n\u0131z zaman kuma\u015flar\u0131m\u0131z \u00e7ok me\u015fhur\u201d<\/p>\n<p>Ekingen konu\u015fmas\u0131nda Lefkara \u0130\u015fi\u2019nin ge\u00e7mi\u015ften g\u00fcn\u00fcm\u00fcze bu derece uzun bir hikayesinin olmas\u0131n\u0131n yani Lefkara nak\u0131\u015f\u0131n\u0131n bir sekt\u00f6re d\u00f6n\u00fc\u015fmesinin en \u00f6nemli nedeninin adada \u00fcretilen kuma\u015flar olabilece\u011fi bilgisini de payla\u015ft\u0131. \u201cK\u0131br\u0131s\u2019\u0131n ge\u00e7mi\u015fine bakt\u0131\u011f\u0131n\u0131z zaman kuma\u015f\u0131m\u0131z \u00e7ok me\u015fhur.\u201d diyen Ekingen, bunlar\u0131n keten pamuk ve ipekten olu\u015ftu\u011funu s\u00f6yledi.<\/p>\n<p>Hammaddenin yerli olmas\u0131 nedeniyle insanlar\u0131n bunu i\u015flemesinin daha kolay oldu\u011funu i\u015faret eden Ekingen, \u015f\u00f6yle konu\u015ftu:<\/p>\n<p>\u201cYerli malzeme Lefkara\u2019n\u0131n sekt\u00f6r olarak geli\u015fmesini sa\u011fl\u0131yor. 1945-50\u2019lere do\u011fru san\u0131r\u0131m kuma\u015f sorunu oldu. Lefkara, nak\u0131\u015f ketenlerine denendi, ipe\u011fe denendi. Farkl\u0131 kuma\u015flara denenmesine ra\u011fmen ticari olarak tutmad\u0131. 1962 y\u0131l\u0131nda her iki topluma da el sanatlar\u0131 kooperatifi kurduruldu. Birle\u015fmi\u015f Milletler\u2019den adaya yard\u0131m olarak \u0130rlanda keteni ve Fransa ipli\u011fi getirildi. O g\u00fcnden bug\u00fcne kadar da bu \u0130rlanda keteni ile devam ediyoruz. Benim yorumum o d\u00f6nemlerde yerli kuma\u015f olmasayd\u0131, belki de sekt\u00f6r ya\u015fat\u0131lamayabilirdi.\u201d\u00a0\u00a0<\/p>\n<p>\u2013\u00a0\u00a0\u00a0\u00a0\u00a0\u00a0\u00a0\u00a0Lefkara, Luricina\u2019n\u0131n i\u011fne i\u015finin yerini ald\u0131<\/p>\n<p>Ekingen, Lefkara nak\u0131\u015f\u0131n\u0131n Luricina\u2019ya Dali, Bodamya ve Piroyi k\u00f6y\u00fcnden gelenler taraf\u0131ndan getirildi\u011fini ve Luricina\u2019da ba\u015flarda i\u015flenen i\u011fne i\u015finin zamanla yerini Lefkara\u2019ya b\u0131rakt\u0131\u011f\u0131n\u0131 anlatt\u0131.<\/p>\n<p>Ailesinin, Vuda\u2019dan Luricina\u2019ya (Ak\u0131nc\u0131lar) 7 \u015eubat 1964 tarihinde g\u00f6\u00e7 etti\u011fini belirten Ekingen, \u201cBizim k\u00f6y\u00fcn i\u015fi i\u011fne i\u015fiydi yani Venedik danteli. Annem onu bilirdi. Dolay\u0131s\u0131yla\u00a0ben Lefkara\u2019y\u0131 annemden de\u011fil, arkada\u015f\u0131mdan \u00f6\u011frendim.\u201d\u00a0ifadelerine yer verdi. \u00a0\u00a0<\/p>\n<p>Nak\u0131\u015f\u0131 \u00f6\u011frendikten sonra, arkada\u015f\u0131n\u0131n annesinin kendisine referans oldu\u011funu ve nak\u0131\u015flar\u0131n\u0131 satmaya ba\u015flad\u0131\u011f\u0131n\u0131 da belirten Ekingen, o d\u00f6nemde okul duhuliyesinin 1.5 K\u0131br\u0131s liras\u0131 oldu\u011funu ve i\u015fledi\u011fi bir Lefkara pe\u015fkirinden de 1.5 K\u0131br\u0131s liras\u0131 kazand\u0131\u011f\u0131n\u0131 aktard\u0131.<\/p>\n<p>Ekingen o d\u00f6nemdeki \u00e7al\u0131\u015fma s\u00fcrecini anlat\u0131rken, \u00e7al\u0131\u015fman\u0131n ekonomik getirisinden \u00e7ok, edindi\u011fi deneyimlerin kendisi i\u00e7in b\u00fcy\u00fck \u00f6nem ta\u015f\u0131d\u0131\u011f\u0131n\u0131 belirterek, \u015f\u00f6yle devam etti:<\/p>\n<p>\u201cNak\u0131\u015f herkese verilmezdi. \u00c7\u00fcnk\u00fc malzemesi pahal\u0131yd\u0131. \u0130\u015fe ilk ba\u015flad\u0131\u011f\u0131n\u0131z zaman birinin size referans olmas\u0131 gerekiyordu. Da\u011f\u0131t\u0131mc\u0131ya Lefkara\u2019y\u0131 verirdiniz. O i\u015fi bilir, hatalar\u0131n\u0131z\u0131 s\u00f6yler, i\u015finiz iyiyse al\u0131r, kusurluysa i\u015finiz size kal\u0131rd\u0131. Ama masraf\u0131n\u0131 ikinci i\u015ften \u00f6derdiniz.\u201d<\/p>\n<p>\u2013\u00a0\u00a0\u00a0\u00a0\u00a0\u00a0\u00a0\u00a0\u015eenay Ekingen 38 y\u0131ld\u0131r Lefkara \u0130\u015fi ile u\u011fra\u015f\u0131yor<\/p>\n<p>Bu s\u00fcre\u00e7te \u00e7ok \u015fey \u00f6\u011frendi\u011fini anlatan Ekingen, kendi i\u015fini kurmaya karar verdi\u011fi zaman ise Lefkara konusundaki bilgisinin \u201cdevede kulak\u201d oldu\u011funu fark etti\u011fini belirtti. Ekingen, \u201cLefkara\u2019y\u0131 bildi\u011fim i\u00e7in meslek edinmeye karar verdim ama i\u015fi kurarken Luricina\u2019ya uzak Lefkara i\u015fleyen farkl\u0131 k\u00f6ylere de bakt\u0131m. Benim bildi\u011fimin Lefkara\u2019n\u0131n koskoca k\u00fclt\u00fcr\u00fcn \u00e7ok k\u00fc\u00e7\u00fck bir par\u00e7as\u0131 oldu\u011funu anlad\u0131m. Tekniklerin ve desenlerin da\u011f\u0131l\u0131m\u0131 bir puzzle gibiydi. \u00c7ok b\u00fcy\u00fck bir zekayd\u0131.\u201d dedi.<\/p>\n<p>Kendisinin 38 y\u0131ld\u0131r bu i\u015fte oldu\u011funu da i\u015faret eden Ekingen, Lefkara nak\u0131\u015f\u0131n\u0131n kalitesinin s\u00fcrd\u00fcr\u00fclebilir olmas\u0131 i\u00e7in yap\u0131lmas\u0131 gerekenler oldu\u011funa dikkat \u00e7ekti.\u00a0<\/p>\n<p>Bunun i\u00e7in \u00f6ncelikle usta \u00e7\u0131rak ili\u015fkisinin \u00f6nemli oldu\u011funu ve Lefkara nak\u0131\u015f\u0131nda standartlar\u0131n profesyonellerce belirlenmesinin gerekti\u011fini s\u00f6yleyen Ekingen, kendisinin i\u015fe ba\u015flad\u0131ktan 6-7 y\u0131l sonra standartlar\u0131n belirlenmesi i\u00e7in yetkililere yaz\u0131l\u0131 dilek\u00e7e verdi\u011fini ve ba\u015fvurusu d\u00f6neminde hen\u00fcz Lefkara nak\u0131\u015f\u0131n\u0131n UNESCO kapsam\u0131na al\u0131nmad\u0131\u011f\u0131n\u0131 da s\u00f6yledi. \u00a0\u00a0<\/p>\n<p>UNESCO taraf\u0131ndan D\u00fcnya Soyut K\u00fclt\u00fcr Miras\u0131 Listesi\u2019ne al\u0131nan Lefkara \u0130\u015fi\u2019nin \u00fclkemizde halen daha standartlar\u0131n\u0131n mevcut olmad\u0131\u011f\u0131n\u0131n alt\u0131n\u0131 \u00e7izen Ekingen, bir\u00e7ok ki\u015finin tasar\u0131m yapma ad\u0131na nak\u0131\u015f\u0131n temel \u00f6zelliklerinden \u00e7ok farkl\u0131 \u015feyler \u00fcrettiklerini kaydetti. \u00a0\u00a0<\/p>\n<p>Ekingen, \u2018Eko g\u00fcnlerinde\u2019 sergilenen Lefkara\u2019n\u0131n sahiplenme anlam\u0131nda de\u011ferli oldu\u011funu d\u00fc\u015f\u00fcnd\u00fc\u011f\u00fcn\u00fc ama buradaki \u00fcr\u00fcnlerin ticari \u00fcr\u00fcnler oldu\u011funu belirtti. Ekingen, ticari \u00fcr\u00fcnlerin olmas\u0131 gerekti\u011fine inand\u0131\u011f\u0131n\u0131 ancak bunlar\u0131n yan\u0131 s\u0131ra devletin standartlar\u0131 profesyonelce belirleyip, \u00e7ok \u00f6zel \u00fcretimleri bir yerlerde sergilemesinin Lefkara nak\u0131\u015f\u0131n\u0131n s\u00fcrd\u00fcr\u00fclebilirli\u011fi a\u00e7\u0131s\u0131ndan \u00f6nemli oldu\u011funu vurgulad\u0131. \u00a0\u00a0<\/p>\n<p>\u2013\u00a0\u00a0\u00a0\u00a0\u00a0\u00a0\u00a0\u00a0Ekingen\u2019in Lefkara nak\u0131\u015f\u0131 konusunda bir de kitab\u0131 bulunuyor<\/p>\n<p>Lefkara nak\u0131\u015f\u0131n\u0131n tarih\u00e7esi, tekni\u011fi ve desenleri konusunda bir de kitab\u0131 bulunan Ekingen, \u00f6zellikle kitab\u0131n\u0131 \u00e7\u0131karmaya karar verdi\u011fi zaman daha fazla ara\u015ft\u0131rma yapt\u0131\u011f\u0131n\u0131, hatta G\u00fcney K\u0131br\u0131s\u2019ta yer alan m\u00fczeyi ziyaret etti\u011fini, her \u015feye h\u00e2kim olan Lefkara civar\u0131ndaki 7-8 k\u00f6yden g\u00f6\u00e7 eden kad\u0131nlarla sohbet etti\u011fini ve t\u00fcm tespitlerini kitab\u0131nda toplad\u0131\u011f\u0131n\u0131 kaydetti.<\/p>\n<p>Ekingen, t\u00fcm bu bilgilerin sonucunda nak\u0131\u015f\u0131 do\u011fru ya\u015fatabilmek i\u00e7in ki\u015finin kendisini daha da sorumluluk alt\u0131nda hissetti\u011fini s\u00f6yleyerek, Lefkara\u2019n\u0131n gelecek nesillere do\u011fru aktar\u0131lmas\u0131 gerekti\u011fini bunun i\u00e7in de yetkilerin baz\u0131 ad\u0131mlar atmas\u0131 gerekti\u011fini vurgulad\u0131.<\/p>\n<p>\u201cLefkara\u2019y\u0131 do\u011fru ya\u015fatabilmek i\u00e7in e\u011fitim baca\u011f\u0131 \u00f6nemli\u201d diyen Ekingen, \u201cG\u00f6rsel olarak o bilgiyi sa\u011flamal\u0131y\u0131z. Okullarda \u00e7ocuklara i\u015flemeyi \u00f6\u011fretmeseler bile, g\u00f6rsel olarak haf\u0131zaya konmas\u0131 gerekiyor.\u201d ifadesine yer verdi.<\/p>\n<p>Lefkara \u0130\u015fi\u2019nin sahiplenmesi i\u00e7in isminin birka\u00e7 yere verilmesi \u00f6nerisinde de bulunan Ekingen, \u00c7ay\u0131rova\u2019da, Lefkara Evi\u2019nin a\u00e7\u0131ld\u0131\u011f\u0131n\u0131 ancak bunun yeterli olmad\u0131\u011f\u0131n\u0131 s\u00f6yledi. Ekingen, ismin birka\u00e7 yere daha verilmesi gerekti\u011fini, \u00e7\u00fcnk\u00fc co\u011frafi tescilde bunun \u00e7ok \u00f6nemli oldu\u011funun alt\u0131n\u0131 \u00e7izdi. \u00a0<\/p>\n<p>Standartlar\u0131n belirlenmesi sonras\u0131nda prestijli \u00fcr\u00fcnlerin sergilenebilece\u011fi bir m\u00fczenin a\u00e7\u0131labilece\u011fini de dile getiren Ekingen, el sanatlar\u0131yla u\u011fra\u015fanlara baz\u0131 avantajlar verilmesi durumunda daha fazla ki\u015finin Lefkara i\u015flemeye y\u00f6nelebilece\u011fini kaydetti. \u00a0\u00a0\u00a0\u00a0\u00a0<\/p>\n<\/p><\/div>\n<p><script async\n                    defer\n                    crossorigin=\"anonymous\"\n                    src=\"https:\/\/connect.facebook.net\/tr_TR\/sdk.js#xfbml=1&#038;version=v3.3\"\n            ><\/script><\/p>\n","protected":false},"excerpt":{"rendered":"<p>Bu topraklarda hikayesi y\u00fczy\u0131llar \u00f6ncesine dayanan ve de\u011feri g\u00fcn\u00fcm\u00fcze kadar katlanarak gelen Lefkara nak\u0131\u015f\u0131, hi\u00e7 \u015f\u00fcphesiz kad\u0131n eme\u011finin ortaya \u00e7\u0131kard\u0131\u011f\u0131 bir sanat \u00fcr\u00fcn\u00fc. Venediklilerin adaya 1400\u2019l\u00fc y\u0131llarda gelmesiyle ba\u015flayan Lefkara \u0130\u015fi, y\u00fczy\u0131llard\u0131r K\u0131br\u0131s\u2019\u0131n en sembolik, en de\u011ferli el i\u015fi sanatlar\u0131ndan biri olmaya devam ediyor.\u00a0 Lefkara nak\u0131\u015f\u0131n\u0131n bug\u00fcn de varl\u0131\u011f\u0131n\u0131 s\u00fcrd\u00fcrmesinde en \u00f6nemli paylardan birine sahip [&hellip;]<\/p>\n","protected":false},"author":1,"featured_media":20530,"comment_status":"open","ping_status":"open","sticky":false,"template":"","format":"standard","meta":{"jnews-multi-image_gallery":[],"jnews_single_post":[],"jnews_primary_category":[],"jnews_social_meta":[],"jnews_override_counter":[],"footnotes":""},"categories":[6],"tags":[],"class_list":["post-20529","post","type-post","status-publish","format-standard","has-post-thumbnail","hentry","category-yasam"],"yoast_head":"<!-- This site is optimized with the Yoast SEO plugin v27.4 - https:\/\/yoast.com\/product\/yoast-seo-wordpress\/ -->\n<title>Yakla\u015f\u0131k 40 y\u0131ld\u0131r kendini Lefkara \u0130\u015fi\u2019ne adayan bir kad\u0131n: \u015eenay Ekingen - Kuzeyin Sesi<\/title>\n<meta name=\"robots\" content=\"index, follow, max-snippet:-1, max-image-preview:large, max-video-preview:-1\" \/>\n<link rel=\"canonical\" href=\"https:\/\/kuzeyinsesi.org\/index.php\/2025\/03\/09\/yaklasik-40-yildir-kendini-lefkara-isine-adayan-bir-kadin-senay-ekingen\/\" \/>\n<meta property=\"og:locale\" content=\"tr_TR\" \/>\n<meta property=\"og:type\" content=\"article\" \/>\n<meta property=\"og:title\" content=\"Yakla\u015f\u0131k 40 y\u0131ld\u0131r kendini Lefkara \u0130\u015fi\u2019ne adayan bir kad\u0131n: \u015eenay Ekingen - Kuzeyin Sesi\" \/>\n<meta property=\"og:description\" content=\"Bu topraklarda hikayesi y\u00fczy\u0131llar \u00f6ncesine dayanan ve de\u011feri g\u00fcn\u00fcm\u00fcze kadar katlanarak gelen Lefkara nak\u0131\u015f\u0131, hi\u00e7 \u015f\u00fcphesiz kad\u0131n eme\u011finin ortaya \u00e7\u0131kard\u0131\u011f\u0131 bir sanat \u00fcr\u00fcn\u00fc. Venediklilerin adaya 1400\u2019l\u00fc y\u0131llarda gelmesiyle ba\u015flayan Lefkara \u0130\u015fi, y\u00fczy\u0131llard\u0131r K\u0131br\u0131s\u2019\u0131n en sembolik, en de\u011ferli el i\u015fi sanatlar\u0131ndan biri olmaya devam ediyor.\u00a0 Lefkara nak\u0131\u015f\u0131n\u0131n bug\u00fcn de varl\u0131\u011f\u0131n\u0131 s\u00fcrd\u00fcrmesinde en \u00f6nemli paylardan birine sahip [&hellip;]\" \/>\n<meta property=\"og:url\" content=\"https:\/\/kuzeyinsesi.org\/index.php\/2025\/03\/09\/yaklasik-40-yildir-kendini-lefkara-isine-adayan-bir-kadin-senay-ekingen\/\" \/>\n<meta property=\"og:site_name\" content=\"Kuzeyin Sesi\" \/>\n<meta property=\"article:publisher\" content=\"https:\/\/www.facebook.com\/kuzeyinsesii\" \/>\n<meta property=\"article:published_time\" content=\"2025-03-09T09:47:42+00:00\" \/>\n<meta property=\"og:image\" content=\"https:\/\/brtk.net\/wp-content\/uploads\/2025\/03\/09\/1741504241382SENAY-EKINGEN-LEFKARA-ISI-ROP-TIM-3.jpeg?ver=93c0fe4db599d5d179c79190a4a6b998\" \/>\n<meta name=\"author\" content=\"Kuzeyin Sesi\" \/>\n<meta name=\"twitter:card\" content=\"summary_large_image\" \/>\n<meta name=\"twitter:creator\" content=\"@kuzeyinsesii\" \/>\n<meta name=\"twitter:site\" content=\"@kuzeyinsesii\" \/>\n<meta name=\"twitter:label1\" content=\"Yazan:\" \/>\n\t<meta name=\"twitter:data1\" content=\"Kuzeyin Sesi\" \/>\n\t<meta name=\"twitter:label2\" content=\"Tahmini okuma s\u00fcresi\" \/>\n\t<meta name=\"twitter:data2\" content=\"8 dakika\" \/>\n<script type=\"application\/ld+json\" class=\"yoast-schema-graph\">{\"@context\":\"https:\\\/\\\/schema.org\",\"@graph\":[{\"@type\":\"Article\",\"@id\":\"https:\\\/\\\/kuzeyinsesi.org\\\/index.php\\\/2025\\\/03\\\/09\\\/yaklasik-40-yildir-kendini-lefkara-isine-adayan-bir-kadin-senay-ekingen\\\/#article\",\"isPartOf\":{\"@id\":\"https:\\\/\\\/kuzeyinsesi.org\\\/index.php\\\/2025\\\/03\\\/09\\\/yaklasik-40-yildir-kendini-lefkara-isine-adayan-bir-kadin-senay-ekingen\\\/\"},\"author\":{\"name\":\"Kuzeyin Sesi\",\"@id\":\"https:\\\/\\\/kuzeyinsesi.org\\\/#\\\/schema\\\/person\\\/9f859689cdf01485597712386e37f5aa\"},\"headline\":\"Yakla\u015f\u0131k 40 y\u0131ld\u0131r kendini Lefkara \u0130\u015fi\u2019ne adayan bir kad\u0131n: \u015eenay Ekingen\",\"datePublished\":\"2025-03-09T09:47:42+00:00\",\"mainEntityOfPage\":{\"@id\":\"https:\\\/\\\/kuzeyinsesi.org\\\/index.php\\\/2025\\\/03\\\/09\\\/yaklasik-40-yildir-kendini-lefkara-isine-adayan-bir-kadin-senay-ekingen\\\/\"},\"wordCount\":1605,\"commentCount\":0,\"image\":{\"@id\":\"https:\\\/\\\/kuzeyinsesi.org\\\/index.php\\\/2025\\\/03\\\/09\\\/yaklasik-40-yildir-kendini-lefkara-isine-adayan-bir-kadin-senay-ekingen\\\/#primaryimage\"},\"thumbnailUrl\":\"https:\\\/\\\/kuzeyinsesi.org\\\/wp-content\\\/uploads\\\/2025\\\/03\\\/1741504241382SENAY-EKINGEN-LEFKARA-ISI-ROP-TIM-3.jpeg\",\"articleSection\":[\"Ya\u015fam\"],\"inLanguage\":\"tr\",\"potentialAction\":[{\"@type\":\"CommentAction\",\"name\":\"Comment\",\"target\":[\"https:\\\/\\\/kuzeyinsesi.org\\\/index.php\\\/2025\\\/03\\\/09\\\/yaklasik-40-yildir-kendini-lefkara-isine-adayan-bir-kadin-senay-ekingen\\\/#respond\"]}]},{\"@type\":\"WebPage\",\"@id\":\"https:\\\/\\\/kuzeyinsesi.org\\\/index.php\\\/2025\\\/03\\\/09\\\/yaklasik-40-yildir-kendini-lefkara-isine-adayan-bir-kadin-senay-ekingen\\\/\",\"url\":\"https:\\\/\\\/kuzeyinsesi.org\\\/index.php\\\/2025\\\/03\\\/09\\\/yaklasik-40-yildir-kendini-lefkara-isine-adayan-bir-kadin-senay-ekingen\\\/\",\"name\":\"Yakla\u015f\u0131k 40 y\u0131ld\u0131r kendini Lefkara \u0130\u015fi\u2019ne adayan bir kad\u0131n: \u015eenay Ekingen - Kuzeyin Sesi\",\"isPartOf\":{\"@id\":\"https:\\\/\\\/kuzeyinsesi.org\\\/#website\"},\"primaryImageOfPage\":{\"@id\":\"https:\\\/\\\/kuzeyinsesi.org\\\/index.php\\\/2025\\\/03\\\/09\\\/yaklasik-40-yildir-kendini-lefkara-isine-adayan-bir-kadin-senay-ekingen\\\/#primaryimage\"},\"image\":{\"@id\":\"https:\\\/\\\/kuzeyinsesi.org\\\/index.php\\\/2025\\\/03\\\/09\\\/yaklasik-40-yildir-kendini-lefkara-isine-adayan-bir-kadin-senay-ekingen\\\/#primaryimage\"},\"thumbnailUrl\":\"https:\\\/\\\/kuzeyinsesi.org\\\/wp-content\\\/uploads\\\/2025\\\/03\\\/1741504241382SENAY-EKINGEN-LEFKARA-ISI-ROP-TIM-3.jpeg\",\"datePublished\":\"2025-03-09T09:47:42+00:00\",\"author\":{\"@id\":\"https:\\\/\\\/kuzeyinsesi.org\\\/#\\\/schema\\\/person\\\/9f859689cdf01485597712386e37f5aa\"},\"breadcrumb\":{\"@id\":\"https:\\\/\\\/kuzeyinsesi.org\\\/index.php\\\/2025\\\/03\\\/09\\\/yaklasik-40-yildir-kendini-lefkara-isine-adayan-bir-kadin-senay-ekingen\\\/#breadcrumb\"},\"inLanguage\":\"tr\",\"potentialAction\":[{\"@type\":\"ReadAction\",\"target\":[\"https:\\\/\\\/kuzeyinsesi.org\\\/index.php\\\/2025\\\/03\\\/09\\\/yaklasik-40-yildir-kendini-lefkara-isine-adayan-bir-kadin-senay-ekingen\\\/\"]}]},{\"@type\":\"ImageObject\",\"inLanguage\":\"tr\",\"@id\":\"https:\\\/\\\/kuzeyinsesi.org\\\/index.php\\\/2025\\\/03\\\/09\\\/yaklasik-40-yildir-kendini-lefkara-isine-adayan-bir-kadin-senay-ekingen\\\/#primaryimage\",\"url\":\"https:\\\/\\\/kuzeyinsesi.org\\\/wp-content\\\/uploads\\\/2025\\\/03\\\/1741504241382SENAY-EKINGEN-LEFKARA-ISI-ROP-TIM-3.jpeg\",\"contentUrl\":\"https:\\\/\\\/kuzeyinsesi.org\\\/wp-content\\\/uploads\\\/2025\\\/03\\\/1741504241382SENAY-EKINGEN-LEFKARA-ISI-ROP-TIM-3.jpeg\",\"width\":929,\"height\":469},{\"@type\":\"BreadcrumbList\",\"@id\":\"https:\\\/\\\/kuzeyinsesi.org\\\/index.php\\\/2025\\\/03\\\/09\\\/yaklasik-40-yildir-kendini-lefkara-isine-adayan-bir-kadin-senay-ekingen\\\/#breadcrumb\",\"itemListElement\":[{\"@type\":\"ListItem\",\"position\":1,\"name\":\"Anasayfa\",\"item\":\"https:\\\/\\\/kuzeyinsesi.org\\\/\"},{\"@type\":\"ListItem\",\"position\":2,\"name\":\"Yakla\u015f\u0131k 40 y\u0131ld\u0131r kendini Lefkara \u0130\u015fi\u2019ne adayan bir kad\u0131n: \u015eenay Ekingen\"}]},{\"@type\":\"WebSite\",\"@id\":\"https:\\\/\\\/kuzeyinsesi.org\\\/#website\",\"url\":\"https:\\\/\\\/kuzeyinsesi.org\\\/\",\"name\":\"Kuzeyin Sesi\",\"description\":\"Do\u011fru Haberin Adresi\",\"potentialAction\":[{\"@type\":\"SearchAction\",\"target\":{\"@type\":\"EntryPoint\",\"urlTemplate\":\"https:\\\/\\\/kuzeyinsesi.org\\\/?s={search_term_string}\"},\"query-input\":{\"@type\":\"PropertyValueSpecification\",\"valueRequired\":true,\"valueName\":\"search_term_string\"}}],\"inLanguage\":\"tr\"},{\"@type\":\"Person\",\"@id\":\"https:\\\/\\\/kuzeyinsesi.org\\\/#\\\/schema\\\/person\\\/9f859689cdf01485597712386e37f5aa\",\"name\":\"Kuzeyin Sesi\",\"image\":{\"@type\":\"ImageObject\",\"inLanguage\":\"tr\",\"@id\":\"https:\\\/\\\/secure.gravatar.com\\\/avatar\\\/bab33852abfd8b282518d6ed81826833d77c3c882d9ab608add591ccace47a44?s=96&d=mm&r=g\",\"url\":\"https:\\\/\\\/secure.gravatar.com\\\/avatar\\\/bab33852abfd8b282518d6ed81826833d77c3c882d9ab608add591ccace47a44?s=96&d=mm&r=g\",\"contentUrl\":\"https:\\\/\\\/secure.gravatar.com\\\/avatar\\\/bab33852abfd8b282518d6ed81826833d77c3c882d9ab608add591ccace47a44?s=96&d=mm&r=g\",\"caption\":\"Kuzeyin Sesi\"},\"sameAs\":[\"https:\\\/\\\/kuzeyinsesi.org\"],\"url\":\"https:\\\/\\\/kuzeyinsesi.org\\\/index.php\\\/author\\\/guven\\\/\"}]}<\/script>\n<!-- \/ Yoast SEO plugin. -->","yoast_head_json":{"title":"Yakla\u015f\u0131k 40 y\u0131ld\u0131r kendini Lefkara \u0130\u015fi\u2019ne adayan bir kad\u0131n: \u015eenay Ekingen - Kuzeyin Sesi","robots":{"index":"index","follow":"follow","max-snippet":"max-snippet:-1","max-image-preview":"max-image-preview:large","max-video-preview":"max-video-preview:-1"},"canonical":"https:\/\/kuzeyinsesi.org\/index.php\/2025\/03\/09\/yaklasik-40-yildir-kendini-lefkara-isine-adayan-bir-kadin-senay-ekingen\/","og_locale":"tr_TR","og_type":"article","og_title":"Yakla\u015f\u0131k 40 y\u0131ld\u0131r kendini Lefkara \u0130\u015fi\u2019ne adayan bir kad\u0131n: \u015eenay Ekingen - Kuzeyin Sesi","og_description":"Bu topraklarda hikayesi y\u00fczy\u0131llar \u00f6ncesine dayanan ve de\u011feri g\u00fcn\u00fcm\u00fcze kadar katlanarak gelen Lefkara nak\u0131\u015f\u0131, hi\u00e7 \u015f\u00fcphesiz kad\u0131n eme\u011finin ortaya \u00e7\u0131kard\u0131\u011f\u0131 bir sanat \u00fcr\u00fcn\u00fc. Venediklilerin adaya 1400\u2019l\u00fc y\u0131llarda gelmesiyle ba\u015flayan Lefkara \u0130\u015fi, y\u00fczy\u0131llard\u0131r K\u0131br\u0131s\u2019\u0131n en sembolik, en de\u011ferli el i\u015fi sanatlar\u0131ndan biri olmaya devam ediyor.\u00a0 Lefkara nak\u0131\u015f\u0131n\u0131n bug\u00fcn de varl\u0131\u011f\u0131n\u0131 s\u00fcrd\u00fcrmesinde en \u00f6nemli paylardan birine sahip [&hellip;]","og_url":"https:\/\/kuzeyinsesi.org\/index.php\/2025\/03\/09\/yaklasik-40-yildir-kendini-lefkara-isine-adayan-bir-kadin-senay-ekingen\/","og_site_name":"Kuzeyin Sesi","article_publisher":"https:\/\/www.facebook.com\/kuzeyinsesii","article_published_time":"2025-03-09T09:47:42+00:00","og_image":[{"url":"https:\/\/brtk.net\/wp-content\/uploads\/2025\/03\/09\/1741504241382SENAY-EKINGEN-LEFKARA-ISI-ROP-TIM-3.jpeg?ver=93c0fe4db599d5d179c79190a4a6b998","type":"","width":"","height":""}],"author":"Kuzeyin Sesi","twitter_card":"summary_large_image","twitter_creator":"@kuzeyinsesii","twitter_site":"@kuzeyinsesii","twitter_misc":{"Yazan:":"Kuzeyin Sesi","Tahmini okuma s\u00fcresi":"8 dakika"},"schema":{"@context":"https:\/\/schema.org","@graph":[{"@type":"Article","@id":"https:\/\/kuzeyinsesi.org\/index.php\/2025\/03\/09\/yaklasik-40-yildir-kendini-lefkara-isine-adayan-bir-kadin-senay-ekingen\/#article","isPartOf":{"@id":"https:\/\/kuzeyinsesi.org\/index.php\/2025\/03\/09\/yaklasik-40-yildir-kendini-lefkara-isine-adayan-bir-kadin-senay-ekingen\/"},"author":{"name":"Kuzeyin Sesi","@id":"https:\/\/kuzeyinsesi.org\/#\/schema\/person\/9f859689cdf01485597712386e37f5aa"},"headline":"Yakla\u015f\u0131k 40 y\u0131ld\u0131r kendini Lefkara \u0130\u015fi\u2019ne adayan bir kad\u0131n: \u015eenay Ekingen","datePublished":"2025-03-09T09:47:42+00:00","mainEntityOfPage":{"@id":"https:\/\/kuzeyinsesi.org\/index.php\/2025\/03\/09\/yaklasik-40-yildir-kendini-lefkara-isine-adayan-bir-kadin-senay-ekingen\/"},"wordCount":1605,"commentCount":0,"image":{"@id":"https:\/\/kuzeyinsesi.org\/index.php\/2025\/03\/09\/yaklasik-40-yildir-kendini-lefkara-isine-adayan-bir-kadin-senay-ekingen\/#primaryimage"},"thumbnailUrl":"https:\/\/kuzeyinsesi.org\/wp-content\/uploads\/2025\/03\/1741504241382SENAY-EKINGEN-LEFKARA-ISI-ROP-TIM-3.jpeg","articleSection":["Ya\u015fam"],"inLanguage":"tr","potentialAction":[{"@type":"CommentAction","name":"Comment","target":["https:\/\/kuzeyinsesi.org\/index.php\/2025\/03\/09\/yaklasik-40-yildir-kendini-lefkara-isine-adayan-bir-kadin-senay-ekingen\/#respond"]}]},{"@type":"WebPage","@id":"https:\/\/kuzeyinsesi.org\/index.php\/2025\/03\/09\/yaklasik-40-yildir-kendini-lefkara-isine-adayan-bir-kadin-senay-ekingen\/","url":"https:\/\/kuzeyinsesi.org\/index.php\/2025\/03\/09\/yaklasik-40-yildir-kendini-lefkara-isine-adayan-bir-kadin-senay-ekingen\/","name":"Yakla\u015f\u0131k 40 y\u0131ld\u0131r kendini Lefkara \u0130\u015fi\u2019ne adayan bir kad\u0131n: \u015eenay Ekingen - Kuzeyin Sesi","isPartOf":{"@id":"https:\/\/kuzeyinsesi.org\/#website"},"primaryImageOfPage":{"@id":"https:\/\/kuzeyinsesi.org\/index.php\/2025\/03\/09\/yaklasik-40-yildir-kendini-lefkara-isine-adayan-bir-kadin-senay-ekingen\/#primaryimage"},"image":{"@id":"https:\/\/kuzeyinsesi.org\/index.php\/2025\/03\/09\/yaklasik-40-yildir-kendini-lefkara-isine-adayan-bir-kadin-senay-ekingen\/#primaryimage"},"thumbnailUrl":"https:\/\/kuzeyinsesi.org\/wp-content\/uploads\/2025\/03\/1741504241382SENAY-EKINGEN-LEFKARA-ISI-ROP-TIM-3.jpeg","datePublished":"2025-03-09T09:47:42+00:00","author":{"@id":"https:\/\/kuzeyinsesi.org\/#\/schema\/person\/9f859689cdf01485597712386e37f5aa"},"breadcrumb":{"@id":"https:\/\/kuzeyinsesi.org\/index.php\/2025\/03\/09\/yaklasik-40-yildir-kendini-lefkara-isine-adayan-bir-kadin-senay-ekingen\/#breadcrumb"},"inLanguage":"tr","potentialAction":[{"@type":"ReadAction","target":["https:\/\/kuzeyinsesi.org\/index.php\/2025\/03\/09\/yaklasik-40-yildir-kendini-lefkara-isine-adayan-bir-kadin-senay-ekingen\/"]}]},{"@type":"ImageObject","inLanguage":"tr","@id":"https:\/\/kuzeyinsesi.org\/index.php\/2025\/03\/09\/yaklasik-40-yildir-kendini-lefkara-isine-adayan-bir-kadin-senay-ekingen\/#primaryimage","url":"https:\/\/kuzeyinsesi.org\/wp-content\/uploads\/2025\/03\/1741504241382SENAY-EKINGEN-LEFKARA-ISI-ROP-TIM-3.jpeg","contentUrl":"https:\/\/kuzeyinsesi.org\/wp-content\/uploads\/2025\/03\/1741504241382SENAY-EKINGEN-LEFKARA-ISI-ROP-TIM-3.jpeg","width":929,"height":469},{"@type":"BreadcrumbList","@id":"https:\/\/kuzeyinsesi.org\/index.php\/2025\/03\/09\/yaklasik-40-yildir-kendini-lefkara-isine-adayan-bir-kadin-senay-ekingen\/#breadcrumb","itemListElement":[{"@type":"ListItem","position":1,"name":"Anasayfa","item":"https:\/\/kuzeyinsesi.org\/"},{"@type":"ListItem","position":2,"name":"Yakla\u015f\u0131k 40 y\u0131ld\u0131r kendini Lefkara \u0130\u015fi\u2019ne adayan bir kad\u0131n: \u015eenay Ekingen"}]},{"@type":"WebSite","@id":"https:\/\/kuzeyinsesi.org\/#website","url":"https:\/\/kuzeyinsesi.org\/","name":"Kuzeyin Sesi","description":"Do\u011fru Haberin Adresi","potentialAction":[{"@type":"SearchAction","target":{"@type":"EntryPoint","urlTemplate":"https:\/\/kuzeyinsesi.org\/?s={search_term_string}"},"query-input":{"@type":"PropertyValueSpecification","valueRequired":true,"valueName":"search_term_string"}}],"inLanguage":"tr"},{"@type":"Person","@id":"https:\/\/kuzeyinsesi.org\/#\/schema\/person\/9f859689cdf01485597712386e37f5aa","name":"Kuzeyin Sesi","image":{"@type":"ImageObject","inLanguage":"tr","@id":"https:\/\/secure.gravatar.com\/avatar\/bab33852abfd8b282518d6ed81826833d77c3c882d9ab608add591ccace47a44?s=96&d=mm&r=g","url":"https:\/\/secure.gravatar.com\/avatar\/bab33852abfd8b282518d6ed81826833d77c3c882d9ab608add591ccace47a44?s=96&d=mm&r=g","contentUrl":"https:\/\/secure.gravatar.com\/avatar\/bab33852abfd8b282518d6ed81826833d77c3c882d9ab608add591ccace47a44?s=96&d=mm&r=g","caption":"Kuzeyin Sesi"},"sameAs":["https:\/\/kuzeyinsesi.org"],"url":"https:\/\/kuzeyinsesi.org\/index.php\/author\/guven\/"}]}},"_links":{"self":[{"href":"https:\/\/kuzeyinsesi.org\/index.php\/wp-json\/wp\/v2\/posts\/20529","targetHints":{"allow":["GET"]}}],"collection":[{"href":"https:\/\/kuzeyinsesi.org\/index.php\/wp-json\/wp\/v2\/posts"}],"about":[{"href":"https:\/\/kuzeyinsesi.org\/index.php\/wp-json\/wp\/v2\/types\/post"}],"author":[{"embeddable":true,"href":"https:\/\/kuzeyinsesi.org\/index.php\/wp-json\/wp\/v2\/users\/1"}],"replies":[{"embeddable":true,"href":"https:\/\/kuzeyinsesi.org\/index.php\/wp-json\/wp\/v2\/comments?post=20529"}],"version-history":[{"count":0,"href":"https:\/\/kuzeyinsesi.org\/index.php\/wp-json\/wp\/v2\/posts\/20529\/revisions"}],"wp:featuredmedia":[{"embeddable":true,"href":"https:\/\/kuzeyinsesi.org\/index.php\/wp-json\/wp\/v2\/media\/20530"}],"wp:attachment":[{"href":"https:\/\/kuzeyinsesi.org\/index.php\/wp-json\/wp\/v2\/media?parent=20529"}],"wp:term":[{"taxonomy":"category","embeddable":true,"href":"https:\/\/kuzeyinsesi.org\/index.php\/wp-json\/wp\/v2\/categories?post=20529"},{"taxonomy":"post_tag","embeddable":true,"href":"https:\/\/kuzeyinsesi.org\/index.php\/wp-json\/wp\/v2\/tags?post=20529"}],"curies":[{"name":"wp","href":"https:\/\/api.w.org\/{rel}","templated":true}]}}