{"id":2050,"date":"2024-05-11T09:49:17","date_gmt":"2024-05-11T06:49:17","guid":{"rendered":"https:\/\/kuzeyinsesi.com\/index.php\/2024\/05\/11\/gazzedeki-aksa-sehitleri-hastanesinden-yakit-yardimi-cagrisi-2\/"},"modified":"2024-05-11T09:49:17","modified_gmt":"2024-05-11T06:49:17","slug":"gazzedeki-aksa-sehitleri-hastanesinden-yakit-yardimi-cagrisi-2","status":"publish","type":"post","link":"https:\/\/kuzeyinsesi.org\/index.php\/2024\/05\/11\/gazzedeki-aksa-sehitleri-hastanesinden-yakit-yardimi-cagrisi-2\/","title":{"rendered":"Gazze&#039;deki Aksa \u015eehitleri Hastanesi&#039;nden &#039;yak\u0131t yard\u0131m\u0131&#039; \u00e7a\u011fr\u0131s\u0131"},"content":{"rendered":"<p><\/p>\n<div>\n<p>&#13;<br \/>\n\tGazze&#8217;nin Deyr el-Belah kentindeki Aksa \u015eehitleri Hastanesi doktorlar\u0131ndan Raid H\u00fcseyin, son 2 g\u00fcnde Refah&#8217;tan Gazze&#8217;nin orta kesimine b\u00fcy\u00fck bir <a href=\"https:\/\/www.trthaber.com\/etiket\/goc\/\" target=\"_blank\" rel=\"noopener\">g\u00f6\u00e7<\/a> dalgas\u0131 oldu\u011funu, daha \u00f6nce yakla\u015f\u0131k 400 bin olan n\u00fcfusun bu g\u00f6\u00e7le birlikte 800 bini a\u015ft\u0131\u011f\u0131n\u0131 kaydetti.<\/p>\n<p>&#13;<br \/>\n\tAksa \u015eehitleri Hastanesinin Gazze&#8217;nin orta kesiminde sa\u011fl\u0131k hizmeti veren tek hastane oldu\u011funa dikkati \u00e7eken H\u00fcseyin, 150 yatak kapasiteli hastanenin ola\u011fan\u00fcst\u00fc durumlarda 200 yatak kapasitesine \u00e7\u0131kabildi\u011fini ancak yeni gelen g\u00f6\u00e7 dalgas\u0131yla birlikte halihaz\u0131rda hastanede 600 hastan\u0131n tedavi g\u00f6rd\u00fc\u011f\u00fcn\u00fc dile getirdi.<\/p>\n<h2>&#13;<br \/>\n\t&#8220;48 saatten az bir zaman sonra hastanede sa\u011fl\u0131k hizmeti duracak&#8221;<\/h2>\n<p>&#13;<br \/>\n\tG\u00fcnl\u00fck 3 bin 500 litre yak\u0131ta ihtiya\u00e7lar\u0131n\u0131 oldu\u011funu ve daha \u00f6nce <a href=\"https:\/\/www.trthaber.com\/etiket\/birlesmis-milletler\/\" target=\"_blank\" rel=\"noopener\">Birle\u015fmi\u015f Milletler<\/a> (BM) Yak\u0131n Do\u011fu&#8217;daki Filistinli M\u00fcltecilere Yard\u0131m ve Bay\u0131nd\u0131rl\u0131k Ajans\u0131 (UNRWA) arac\u0131l\u0131\u011f\u0131yla her g\u00fcn ya da g\u00fcn a\u015f\u0131r\u0131 olarak hastaneye <a href=\"https:\/\/www.trthaber.com\/etiket\/yakit\/\" target=\"_blank\" rel=\"noopener\">yak\u0131t<\/a> verildi\u011fini s\u00f6yleyen H\u00fcseyin, son 5-6 g\u00fcnd\u00fcr ise hi\u00e7 yak\u0131t ula\u015fmad\u0131\u011f\u0131n\u0131, depolardaki yedek yak\u0131t\u0131 kulland\u0131klar\u0131n\u0131 dile getirdi.<\/p>\n<p>&#13;<br \/>\n\tHastanede 600 hasta ve yaral\u0131, 500 <a href=\"https:\/\/www.trthaber.com\/etiket\/diyaliz\/\" target=\"_blank\" rel=\"noopener\">diyaliz<\/a> hastas\u0131, 24 premat\u00fcre bebek ve 12 yo\u011fun bak\u0131m hastas\u0131 bulundu\u011funu ve 5 ameliyathanenin s\u00fcrekli \u00e7al\u0131\u015ft\u0131\u011f\u0131n\u0131 kaydeden H\u00fcseyin, 48 saatten az bir zaman sonra hastanede sa\u011fl\u0131k hizmetinin duraca\u011f\u0131n\u0131 belirtti.<\/p>\n<p>&#13;<br \/>\n\t<a href=\"https:\/\/www.trthaber.com\/etiket\/israil\/\" target=\"_blank\" rel=\"noopener\">\u0130srail<\/a> ordusunun Refah&#8217;a geni\u015f kapsaml\u0131 bir sald\u0131r\u0131 ba\u015flatmas\u0131 durumunda, Aksa \u015eehitleri Hastanesinin, Gazze&#8217;nin orta kesiminde sa\u011fl\u0131k hizmeti verecek tek hastane olaca\u011f\u0131n\u0131 s\u00f6yleyen H\u00fcseyin, uluslararas\u0131 kurumlara, hastaneye yak\u0131t yard\u0131m\u0131nda bulunma \u00e7a\u011fr\u0131s\u0131 yapt\u0131.<\/p>\n<p>&#13;<br \/>\n\tGazze&#8217;deki h\u00fck\u00fcmetin <a href=\"https:\/\/www.trthaber.com\/etiket\/medya\/\" target=\"_blank\" rel=\"noopener\">Medya<\/a> Ofisinden d\u00fcn yap\u0131lan a\u00e7\u0131klamada, Aksa \u015eehitleri Hastanesinde, 48 saat i\u00e7inde yak\u0131t\u0131n bitece\u011fi dolay\u0131s\u0131yla sa\u011fl\u0131k ve t\u0131bbi hizmetlerin duraca\u011f\u0131 bildirilmi\u015fti.<\/p>\n<p>&#13;<br \/>\n\tMedya ofisinin verilerine g\u00f6re, \u0130srail ordusunun 7 Ekim&#8217;den bu yana d\u00fczenledi\u011fi sald\u0131r\u0131larda 33 hastane ve 54 sa\u011fl\u0131k merkezi hizmet d\u0131\u015f\u0131 kald\u0131.<\/p>\n<\/p><\/div>\n","protected":false},"excerpt":{"rendered":"<p>&#13; Gazze&#8217;nin Deyr el-Belah kentindeki Aksa \u015eehitleri Hastanesi doktorlar\u0131ndan Raid H\u00fcseyin, son 2 g\u00fcnde Refah&#8217;tan Gazze&#8217;nin orta kesimine b\u00fcy\u00fck bir g\u00f6\u00e7 dalgas\u0131 oldu\u011funu, daha \u00f6nce yakla\u015f\u0131k 400 bin olan n\u00fcfusun bu g\u00f6\u00e7le birlikte 800 bini a\u015ft\u0131\u011f\u0131n\u0131 kaydetti. &#13; Aksa \u015eehitleri Hastanesinin Gazze&#8217;nin orta kesiminde sa\u011fl\u0131k hizmeti veren tek hastane oldu\u011funa dikkati \u00e7eken H\u00fcseyin, 150 yatak [&hellip;]<\/p>\n","protected":false},"author":1,"featured_media":2051,"comment_status":"open","ping_status":"open","sticky":false,"template":"","format":"standard","meta":{"jnews-multi-image_gallery":[],"jnews_single_post":[],"jnews_primary_category":[],"jnews_social_meta":[],"jnews_override_counter":[],"footnotes":""},"categories":[2],"tags":[],"class_list":["post-2050","post","type-post","status-publish","format-standard","has-post-thumbnail","hentry","category-dunya"],"yoast_head":"<!-- This site is optimized with the Yoast SEO plugin v27.5 - https:\/\/yoast.com\/product\/yoast-seo-wordpress\/ -->\n<title>Gazze&#039;deki Aksa \u015eehitleri Hastanesi&#039;nden &#039;yak\u0131t yard\u0131m\u0131&#039; \u00e7a\u011fr\u0131s\u0131 - Kuzeyin Sesi<\/title>\n<meta name=\"robots\" content=\"index, follow, max-snippet:-1, max-image-preview:large, max-video-preview:-1\" \/>\n<link rel=\"canonical\" href=\"https:\/\/kuzeyinsesi.org\/index.php\/2024\/05\/11\/gazzedeki-aksa-sehitleri-hastanesinden-yakit-yardimi-cagrisi-2\/\" \/>\n<meta property=\"og:locale\" content=\"tr_TR\" \/>\n<meta property=\"og:type\" content=\"article\" \/>\n<meta property=\"og:title\" content=\"Gazze&#039;deki Aksa \u015eehitleri Hastanesi&#039;nden &#039;yak\u0131t yard\u0131m\u0131&#039; \u00e7a\u011fr\u0131s\u0131 - Kuzeyin Sesi\" \/>\n<meta property=\"og:description\" content=\"&#013; Gazze&#8217;nin Deyr el-Belah kentindeki Aksa \u015eehitleri Hastanesi doktorlar\u0131ndan Raid H\u00fcseyin, son 2 g\u00fcnde Refah&#8217;tan Gazze&#8217;nin orta kesimine b\u00fcy\u00fck bir g\u00f6\u00e7 dalgas\u0131 oldu\u011funu, daha \u00f6nce yakla\u015f\u0131k 400 bin olan n\u00fcfusun bu g\u00f6\u00e7le birlikte 800 bini a\u015ft\u0131\u011f\u0131n\u0131 kaydetti. &#013; Aksa \u015eehitleri Hastanesinin Gazze&#8217;nin orta kesiminde sa\u011fl\u0131k hizmeti veren tek hastane oldu\u011funa dikkati \u00e7eken H\u00fcseyin, 150 yatak [&hellip;]\" \/>\n<meta property=\"og:url\" content=\"https:\/\/kuzeyinsesi.org\/index.php\/2024\/05\/11\/gazzedeki-aksa-sehitleri-hastanesinden-yakit-yardimi-cagrisi-2\/\" \/>\n<meta property=\"og:site_name\" content=\"Kuzeyin Sesi\" \/>\n<meta property=\"article:publisher\" content=\"https:\/\/www.facebook.com\/kuzeyinsesii\" \/>\n<meta property=\"article:published_time\" content=\"2024-05-11T06:49:17+00:00\" \/>\n<meta property=\"og:image\" content=\"https:\/\/kuzeyinsesi.org\/wp-content\/uploads\/2024\/05\/aksa-hastanesi-aa-2167031.jpg\" \/>\n\t<meta property=\"og:image:width\" content=\"1280\" \/>\n\t<meta property=\"og:image:height\" content=\"720\" \/>\n\t<meta property=\"og:image:type\" content=\"image\/jpeg\" \/>\n<meta name=\"author\" content=\"Kuzeyin Sesi\" \/>\n<meta name=\"twitter:card\" content=\"summary_large_image\" \/>\n<meta name=\"twitter:creator\" content=\"@kuzeyinsesii\" \/>\n<meta name=\"twitter:site\" content=\"@kuzeyinsesii\" \/>\n<meta name=\"twitter:label1\" content=\"Yazan:\" \/>\n\t<meta name=\"twitter:data1\" content=\"Kuzeyin Sesi\" \/>\n\t<meta name=\"twitter:label2\" content=\"Tahmini okuma s\u00fcresi\" \/>\n\t<meta name=\"twitter:data2\" content=\"2 dakika\" \/>\n<script type=\"application\/ld+json\" class=\"yoast-schema-graph\">{\"@context\":\"https:\\\/\\\/schema.org\",\"@graph\":[{\"@type\":\"Article\",\"@id\":\"https:\\\/\\\/kuzeyinsesi.org\\\/index.php\\\/2024\\\/05\\\/11\\\/gazzedeki-aksa-sehitleri-hastanesinden-yakit-yardimi-cagrisi-2\\\/#article\",\"isPartOf\":{\"@id\":\"https:\\\/\\\/kuzeyinsesi.org\\\/index.php\\\/2024\\\/05\\\/11\\\/gazzedeki-aksa-sehitleri-hastanesinden-yakit-yardimi-cagrisi-2\\\/\"},\"author\":{\"name\":\"Kuzeyin Sesi\",\"@id\":\"https:\\\/\\\/kuzeyinsesi.org\\\/#\\\/schema\\\/person\\\/9f859689cdf01485597712386e37f5aa\"},\"headline\":\"Gazze&#039;deki Aksa \u015eehitleri Hastanesi&#039;nden &#039;yak\u0131t yard\u0131m\u0131&#039; \u00e7a\u011fr\u0131s\u0131\",\"datePublished\":\"2024-05-11T06:49:17+00:00\",\"mainEntityOfPage\":{\"@id\":\"https:\\\/\\\/kuzeyinsesi.org\\\/index.php\\\/2024\\\/05\\\/11\\\/gazzedeki-aksa-sehitleri-hastanesinden-yakit-yardimi-cagrisi-2\\\/\"},\"wordCount\":347,\"commentCount\":0,\"image\":{\"@id\":\"https:\\\/\\\/kuzeyinsesi.org\\\/index.php\\\/2024\\\/05\\\/11\\\/gazzedeki-aksa-sehitleri-hastanesinden-yakit-yardimi-cagrisi-2\\\/#primaryimage\"},\"thumbnailUrl\":\"https:\\\/\\\/kuzeyinsesi.org\\\/wp-content\\\/uploads\\\/2024\\\/05\\\/aksa-hastanesi-aa-2167031.jpg\",\"articleSection\":[\"D\u00fcnya\"],\"inLanguage\":\"tr\",\"potentialAction\":[{\"@type\":\"CommentAction\",\"name\":\"Comment\",\"target\":[\"https:\\\/\\\/kuzeyinsesi.org\\\/index.php\\\/2024\\\/05\\\/11\\\/gazzedeki-aksa-sehitleri-hastanesinden-yakit-yardimi-cagrisi-2\\\/#respond\"]}]},{\"@type\":\"WebPage\",\"@id\":\"https:\\\/\\\/kuzeyinsesi.org\\\/index.php\\\/2024\\\/05\\\/11\\\/gazzedeki-aksa-sehitleri-hastanesinden-yakit-yardimi-cagrisi-2\\\/\",\"url\":\"https:\\\/\\\/kuzeyinsesi.org\\\/index.php\\\/2024\\\/05\\\/11\\\/gazzedeki-aksa-sehitleri-hastanesinden-yakit-yardimi-cagrisi-2\\\/\",\"name\":\"Gazze&#039;deki Aksa \u015eehitleri Hastanesi&#039;nden &#039;yak\u0131t yard\u0131m\u0131&#039; \u00e7a\u011fr\u0131s\u0131 - Kuzeyin Sesi\",\"isPartOf\":{\"@id\":\"https:\\\/\\\/kuzeyinsesi.org\\\/#website\"},\"primaryImageOfPage\":{\"@id\":\"https:\\\/\\\/kuzeyinsesi.org\\\/index.php\\\/2024\\\/05\\\/11\\\/gazzedeki-aksa-sehitleri-hastanesinden-yakit-yardimi-cagrisi-2\\\/#primaryimage\"},\"image\":{\"@id\":\"https:\\\/\\\/kuzeyinsesi.org\\\/index.php\\\/2024\\\/05\\\/11\\\/gazzedeki-aksa-sehitleri-hastanesinden-yakit-yardimi-cagrisi-2\\\/#primaryimage\"},\"thumbnailUrl\":\"https:\\\/\\\/kuzeyinsesi.org\\\/wp-content\\\/uploads\\\/2024\\\/05\\\/aksa-hastanesi-aa-2167031.jpg\",\"datePublished\":\"2024-05-11T06:49:17+00:00\",\"author\":{\"@id\":\"https:\\\/\\\/kuzeyinsesi.org\\\/#\\\/schema\\\/person\\\/9f859689cdf01485597712386e37f5aa\"},\"breadcrumb\":{\"@id\":\"https:\\\/\\\/kuzeyinsesi.org\\\/index.php\\\/2024\\\/05\\\/11\\\/gazzedeki-aksa-sehitleri-hastanesinden-yakit-yardimi-cagrisi-2\\\/#breadcrumb\"},\"inLanguage\":\"tr\",\"potentialAction\":[{\"@type\":\"ReadAction\",\"target\":[\"https:\\\/\\\/kuzeyinsesi.org\\\/index.php\\\/2024\\\/05\\\/11\\\/gazzedeki-aksa-sehitleri-hastanesinden-yakit-yardimi-cagrisi-2\\\/\"]}]},{\"@type\":\"ImageObject\",\"inLanguage\":\"tr\",\"@id\":\"https:\\\/\\\/kuzeyinsesi.org\\\/index.php\\\/2024\\\/05\\\/11\\\/gazzedeki-aksa-sehitleri-hastanesinden-yakit-yardimi-cagrisi-2\\\/#primaryimage\",\"url\":\"https:\\\/\\\/kuzeyinsesi.org\\\/wp-content\\\/uploads\\\/2024\\\/05\\\/aksa-hastanesi-aa-2167031.jpg\",\"contentUrl\":\"https:\\\/\\\/kuzeyinsesi.org\\\/wp-content\\\/uploads\\\/2024\\\/05\\\/aksa-hastanesi-aa-2167031.jpg\",\"width\":1280,\"height\":720},{\"@type\":\"BreadcrumbList\",\"@id\":\"https:\\\/\\\/kuzeyinsesi.org\\\/index.php\\\/2024\\\/05\\\/11\\\/gazzedeki-aksa-sehitleri-hastanesinden-yakit-yardimi-cagrisi-2\\\/#breadcrumb\",\"itemListElement\":[{\"@type\":\"ListItem\",\"position\":1,\"name\":\"Anasayfa\",\"item\":\"https:\\\/\\\/kuzeyinsesi.org\\\/\"},{\"@type\":\"ListItem\",\"position\":2,\"name\":\"Gazze&#039;deki Aksa \u015eehitleri Hastanesi&#039;nden &#039;yak\u0131t yard\u0131m\u0131&#039; \u00e7a\u011fr\u0131s\u0131\"}]},{\"@type\":\"WebSite\",\"@id\":\"https:\\\/\\\/kuzeyinsesi.org\\\/#website\",\"url\":\"https:\\\/\\\/kuzeyinsesi.org\\\/\",\"name\":\"Kuzeyin Sesi\",\"description\":\"Do\u011fru Haberin Adresi\",\"potentialAction\":[{\"@type\":\"SearchAction\",\"target\":{\"@type\":\"EntryPoint\",\"urlTemplate\":\"https:\\\/\\\/kuzeyinsesi.org\\\/?s={search_term_string}\"},\"query-input\":{\"@type\":\"PropertyValueSpecification\",\"valueRequired\":true,\"valueName\":\"search_term_string\"}}],\"inLanguage\":\"tr\"},{\"@type\":\"Person\",\"@id\":\"https:\\\/\\\/kuzeyinsesi.org\\\/#\\\/schema\\\/person\\\/9f859689cdf01485597712386e37f5aa\",\"name\":\"Kuzeyin Sesi\",\"image\":{\"@type\":\"ImageObject\",\"inLanguage\":\"tr\",\"@id\":\"https:\\\/\\\/secure.gravatar.com\\\/avatar\\\/bab33852abfd8b282518d6ed81826833d77c3c882d9ab608add591ccace47a44?s=96&d=mm&r=g\",\"url\":\"https:\\\/\\\/secure.gravatar.com\\\/avatar\\\/bab33852abfd8b282518d6ed81826833d77c3c882d9ab608add591ccace47a44?s=96&d=mm&r=g\",\"contentUrl\":\"https:\\\/\\\/secure.gravatar.com\\\/avatar\\\/bab33852abfd8b282518d6ed81826833d77c3c882d9ab608add591ccace47a44?s=96&d=mm&r=g\",\"caption\":\"Kuzeyin Sesi\"},\"sameAs\":[\"https:\\\/\\\/kuzeyinsesi.org\"],\"url\":\"https:\\\/\\\/kuzeyinsesi.org\\\/index.php\\\/author\\\/guven\\\/\"}]}<\/script>\n<!-- \/ Yoast SEO plugin. -->","yoast_head_json":{"title":"Gazze&#039;deki Aksa \u015eehitleri Hastanesi&#039;nden &#039;yak\u0131t yard\u0131m\u0131&#039; \u00e7a\u011fr\u0131s\u0131 - Kuzeyin Sesi","robots":{"index":"index","follow":"follow","max-snippet":"max-snippet:-1","max-image-preview":"max-image-preview:large","max-video-preview":"max-video-preview:-1"},"canonical":"https:\/\/kuzeyinsesi.org\/index.php\/2024\/05\/11\/gazzedeki-aksa-sehitleri-hastanesinden-yakit-yardimi-cagrisi-2\/","og_locale":"tr_TR","og_type":"article","og_title":"Gazze&#039;deki Aksa \u015eehitleri Hastanesi&#039;nden &#039;yak\u0131t yard\u0131m\u0131&#039; \u00e7a\u011fr\u0131s\u0131 - Kuzeyin Sesi","og_description":"&#13; Gazze&#8217;nin Deyr el-Belah kentindeki Aksa \u015eehitleri Hastanesi doktorlar\u0131ndan Raid H\u00fcseyin, son 2 g\u00fcnde Refah&#8217;tan Gazze&#8217;nin orta kesimine b\u00fcy\u00fck bir g\u00f6\u00e7 dalgas\u0131 oldu\u011funu, daha \u00f6nce yakla\u015f\u0131k 400 bin olan n\u00fcfusun bu g\u00f6\u00e7le birlikte 800 bini a\u015ft\u0131\u011f\u0131n\u0131 kaydetti. &#13; Aksa \u015eehitleri Hastanesinin Gazze&#8217;nin orta kesiminde sa\u011fl\u0131k hizmeti veren tek hastane oldu\u011funa dikkati \u00e7eken H\u00fcseyin, 150 yatak [&hellip;]","og_url":"https:\/\/kuzeyinsesi.org\/index.php\/2024\/05\/11\/gazzedeki-aksa-sehitleri-hastanesinden-yakit-yardimi-cagrisi-2\/","og_site_name":"Kuzeyin Sesi","article_publisher":"https:\/\/www.facebook.com\/kuzeyinsesii","article_published_time":"2024-05-11T06:49:17+00:00","og_image":[{"width":1280,"height":720,"url":"https:\/\/kuzeyinsesi.org\/wp-content\/uploads\/2024\/05\/aksa-hastanesi-aa-2167031.jpg","type":"image\/jpeg"}],"author":"Kuzeyin Sesi","twitter_card":"summary_large_image","twitter_creator":"@kuzeyinsesii","twitter_site":"@kuzeyinsesii","twitter_misc":{"Yazan:":"Kuzeyin Sesi","Tahmini okuma s\u00fcresi":"2 dakika"},"schema":{"@context":"https:\/\/schema.org","@graph":[{"@type":"Article","@id":"https:\/\/kuzeyinsesi.org\/index.php\/2024\/05\/11\/gazzedeki-aksa-sehitleri-hastanesinden-yakit-yardimi-cagrisi-2\/#article","isPartOf":{"@id":"https:\/\/kuzeyinsesi.org\/index.php\/2024\/05\/11\/gazzedeki-aksa-sehitleri-hastanesinden-yakit-yardimi-cagrisi-2\/"},"author":{"name":"Kuzeyin Sesi","@id":"https:\/\/kuzeyinsesi.org\/#\/schema\/person\/9f859689cdf01485597712386e37f5aa"},"headline":"Gazze&#039;deki Aksa \u015eehitleri Hastanesi&#039;nden &#039;yak\u0131t yard\u0131m\u0131&#039; \u00e7a\u011fr\u0131s\u0131","datePublished":"2024-05-11T06:49:17+00:00","mainEntityOfPage":{"@id":"https:\/\/kuzeyinsesi.org\/index.php\/2024\/05\/11\/gazzedeki-aksa-sehitleri-hastanesinden-yakit-yardimi-cagrisi-2\/"},"wordCount":347,"commentCount":0,"image":{"@id":"https:\/\/kuzeyinsesi.org\/index.php\/2024\/05\/11\/gazzedeki-aksa-sehitleri-hastanesinden-yakit-yardimi-cagrisi-2\/#primaryimage"},"thumbnailUrl":"https:\/\/kuzeyinsesi.org\/wp-content\/uploads\/2024\/05\/aksa-hastanesi-aa-2167031.jpg","articleSection":["D\u00fcnya"],"inLanguage":"tr","potentialAction":[{"@type":"CommentAction","name":"Comment","target":["https:\/\/kuzeyinsesi.org\/index.php\/2024\/05\/11\/gazzedeki-aksa-sehitleri-hastanesinden-yakit-yardimi-cagrisi-2\/#respond"]}]},{"@type":"WebPage","@id":"https:\/\/kuzeyinsesi.org\/index.php\/2024\/05\/11\/gazzedeki-aksa-sehitleri-hastanesinden-yakit-yardimi-cagrisi-2\/","url":"https:\/\/kuzeyinsesi.org\/index.php\/2024\/05\/11\/gazzedeki-aksa-sehitleri-hastanesinden-yakit-yardimi-cagrisi-2\/","name":"Gazze&#039;deki Aksa \u015eehitleri Hastanesi&#039;nden &#039;yak\u0131t yard\u0131m\u0131&#039; \u00e7a\u011fr\u0131s\u0131 - Kuzeyin Sesi","isPartOf":{"@id":"https:\/\/kuzeyinsesi.org\/#website"},"primaryImageOfPage":{"@id":"https:\/\/kuzeyinsesi.org\/index.php\/2024\/05\/11\/gazzedeki-aksa-sehitleri-hastanesinden-yakit-yardimi-cagrisi-2\/#primaryimage"},"image":{"@id":"https:\/\/kuzeyinsesi.org\/index.php\/2024\/05\/11\/gazzedeki-aksa-sehitleri-hastanesinden-yakit-yardimi-cagrisi-2\/#primaryimage"},"thumbnailUrl":"https:\/\/kuzeyinsesi.org\/wp-content\/uploads\/2024\/05\/aksa-hastanesi-aa-2167031.jpg","datePublished":"2024-05-11T06:49:17+00:00","author":{"@id":"https:\/\/kuzeyinsesi.org\/#\/schema\/person\/9f859689cdf01485597712386e37f5aa"},"breadcrumb":{"@id":"https:\/\/kuzeyinsesi.org\/index.php\/2024\/05\/11\/gazzedeki-aksa-sehitleri-hastanesinden-yakit-yardimi-cagrisi-2\/#breadcrumb"},"inLanguage":"tr","potentialAction":[{"@type":"ReadAction","target":["https:\/\/kuzeyinsesi.org\/index.php\/2024\/05\/11\/gazzedeki-aksa-sehitleri-hastanesinden-yakit-yardimi-cagrisi-2\/"]}]},{"@type":"ImageObject","inLanguage":"tr","@id":"https:\/\/kuzeyinsesi.org\/index.php\/2024\/05\/11\/gazzedeki-aksa-sehitleri-hastanesinden-yakit-yardimi-cagrisi-2\/#primaryimage","url":"https:\/\/kuzeyinsesi.org\/wp-content\/uploads\/2024\/05\/aksa-hastanesi-aa-2167031.jpg","contentUrl":"https:\/\/kuzeyinsesi.org\/wp-content\/uploads\/2024\/05\/aksa-hastanesi-aa-2167031.jpg","width":1280,"height":720},{"@type":"BreadcrumbList","@id":"https:\/\/kuzeyinsesi.org\/index.php\/2024\/05\/11\/gazzedeki-aksa-sehitleri-hastanesinden-yakit-yardimi-cagrisi-2\/#breadcrumb","itemListElement":[{"@type":"ListItem","position":1,"name":"Anasayfa","item":"https:\/\/kuzeyinsesi.org\/"},{"@type":"ListItem","position":2,"name":"Gazze&#039;deki Aksa \u015eehitleri Hastanesi&#039;nden &#039;yak\u0131t yard\u0131m\u0131&#039; \u00e7a\u011fr\u0131s\u0131"}]},{"@type":"WebSite","@id":"https:\/\/kuzeyinsesi.org\/#website","url":"https:\/\/kuzeyinsesi.org\/","name":"Kuzeyin Sesi","description":"Do\u011fru Haberin Adresi","potentialAction":[{"@type":"SearchAction","target":{"@type":"EntryPoint","urlTemplate":"https:\/\/kuzeyinsesi.org\/?s={search_term_string}"},"query-input":{"@type":"PropertyValueSpecification","valueRequired":true,"valueName":"search_term_string"}}],"inLanguage":"tr"},{"@type":"Person","@id":"https:\/\/kuzeyinsesi.org\/#\/schema\/person\/9f859689cdf01485597712386e37f5aa","name":"Kuzeyin Sesi","image":{"@type":"ImageObject","inLanguage":"tr","@id":"https:\/\/secure.gravatar.com\/avatar\/bab33852abfd8b282518d6ed81826833d77c3c882d9ab608add591ccace47a44?s=96&d=mm&r=g","url":"https:\/\/secure.gravatar.com\/avatar\/bab33852abfd8b282518d6ed81826833d77c3c882d9ab608add591ccace47a44?s=96&d=mm&r=g","contentUrl":"https:\/\/secure.gravatar.com\/avatar\/bab33852abfd8b282518d6ed81826833d77c3c882d9ab608add591ccace47a44?s=96&d=mm&r=g","caption":"Kuzeyin Sesi"},"sameAs":["https:\/\/kuzeyinsesi.org"],"url":"https:\/\/kuzeyinsesi.org\/index.php\/author\/guven\/"}]}},"_links":{"self":[{"href":"https:\/\/kuzeyinsesi.org\/index.php\/wp-json\/wp\/v2\/posts\/2050","targetHints":{"allow":["GET"]}}],"collection":[{"href":"https:\/\/kuzeyinsesi.org\/index.php\/wp-json\/wp\/v2\/posts"}],"about":[{"href":"https:\/\/kuzeyinsesi.org\/index.php\/wp-json\/wp\/v2\/types\/post"}],"author":[{"embeddable":true,"href":"https:\/\/kuzeyinsesi.org\/index.php\/wp-json\/wp\/v2\/users\/1"}],"replies":[{"embeddable":true,"href":"https:\/\/kuzeyinsesi.org\/index.php\/wp-json\/wp\/v2\/comments?post=2050"}],"version-history":[{"count":0,"href":"https:\/\/kuzeyinsesi.org\/index.php\/wp-json\/wp\/v2\/posts\/2050\/revisions"}],"wp:featuredmedia":[{"embeddable":true,"href":"https:\/\/kuzeyinsesi.org\/index.php\/wp-json\/wp\/v2\/media\/2051"}],"wp:attachment":[{"href":"https:\/\/kuzeyinsesi.org\/index.php\/wp-json\/wp\/v2\/media?parent=2050"}],"wp:term":[{"taxonomy":"category","embeddable":true,"href":"https:\/\/kuzeyinsesi.org\/index.php\/wp-json\/wp\/v2\/categories?post=2050"},{"taxonomy":"post_tag","embeddable":true,"href":"https:\/\/kuzeyinsesi.org\/index.php\/wp-json\/wp\/v2\/tags?post=2050"}],"curies":[{"name":"wp","href":"https:\/\/api.w.org\/{rel}","templated":true}]}}