{"id":20478,"date":"2025-03-08T13:09:09","date_gmt":"2025-03-08T11:09:09","guid":{"rendered":"https:\/\/kuzeyinsesi.org\/index.php\/2025\/03\/08\/foderde-kus-fotografciligi-konusuldu\/"},"modified":"2025-03-08T13:09:09","modified_gmt":"2025-03-08T11:09:09","slug":"foderde-kus-fotografciligi-konusuldu","status":"publish","type":"post","link":"https:\/\/kuzeyinsesi.org\/index.php\/2025\/03\/08\/foderde-kus-fotografciligi-konusuldu\/","title":{"rendered":"FODER\u2019de ku\u015f foto\u011fraf\u00e7\u0131l\u0131\u011f\u0131 konu\u015fuldu"},"content":{"rendered":"<div>\n<div class=\"mariselle-image-container center\">\n                                            <\/div>\n<p>K\u0131br\u0131s T\u00fcrk Foto\u011fraf Derne\u011fi\u2019nin (FODER), \u00fcyelerine y\u00f6nelik d\u00fczenledi\u011fi etkinlikte, \u201cku\u015f foto\u011fraf\u00e7\u0131l\u0131\u011f\u0131\u201d konu\u015fuldu.<\/p>\n<p>Dernekten verilen bilgiye g\u00f6re, ku\u015f foto\u011fraf\u00e7\u0131l\u0131\u011f\u0131 ile ilgilenen Fizyoterapist Bar\u0131\u015f Saydam, \u201cKu\u015f foto\u011fraflar\u0131 ve foto\u011fraf\u00e7l\u0131\u011f\u0131\u201d konusunda sunum yapt\u0131 ve s\u00f6yle\u015fi konu\u011fu oldu.<\/p>\n<p>Dernek lokalinde yer alan etkinlikte, kat\u0131l\u0131mc\u0131lar\u0131n sorular\u0131n\u0131 da yan\u0131tlayan Saydam\u2019a FODER Ba\u015fkan Yard\u0131mc\u0131s\u0131 Tevfik Ulual taraf\u0131ndan te\u015fekk\u00fcr belgesi takdim edildi.<\/p>\n<\/p><\/div>\n<p><script async\n                    defer\n                    crossorigin=\"anonymous\"\n                    src=\"https:\/\/connect.facebook.net\/tr_TR\/sdk.js#xfbml=1&#038;version=v3.3\"\n            ><\/script><\/p>\n","protected":false},"excerpt":{"rendered":"<p>K\u0131br\u0131s T\u00fcrk Foto\u011fraf Derne\u011fi\u2019nin (FODER), \u00fcyelerine y\u00f6nelik d\u00fczenledi\u011fi etkinlikte, \u201cku\u015f foto\u011fraf\u00e7\u0131l\u0131\u011f\u0131\u201d konu\u015fuldu. Dernekten verilen bilgiye g\u00f6re, ku\u015f foto\u011fraf\u00e7\u0131l\u0131\u011f\u0131 ile ilgilenen Fizyoterapist Bar\u0131\u015f Saydam, \u201cKu\u015f foto\u011fraflar\u0131 ve foto\u011fraf\u00e7l\u0131\u011f\u0131\u201d konusunda sunum yapt\u0131 ve s\u00f6yle\u015fi konu\u011fu oldu. Dernek lokalinde yer alan etkinlikte, kat\u0131l\u0131mc\u0131lar\u0131n sorular\u0131n\u0131 da yan\u0131tlayan Saydam\u2019a FODER Ba\u015fkan Yard\u0131mc\u0131s\u0131 Tevfik Ulual taraf\u0131ndan te\u015fekk\u00fcr belgesi takdim edildi.<\/p>\n","protected":false},"author":1,"featured_media":20479,"comment_status":"open","ping_status":"open","sticky":false,"template":"","format":"standard","meta":{"jnews-multi-image_gallery":[],"jnews_single_post":[],"jnews_primary_category":[],"jnews_social_meta":[],"jnews_override_counter":[],"footnotes":""},"categories":[6],"tags":[],"class_list":["post-20478","post","type-post","status-publish","format-standard","has-post-thumbnail","hentry","category-yasam"],"yoast_head":"<!-- This site is optimized with the Yoast SEO plugin v27.4 - https:\/\/yoast.com\/product\/yoast-seo-wordpress\/ -->\n<title>FODER\u2019de ku\u015f foto\u011fraf\u00e7\u0131l\u0131\u011f\u0131 konu\u015fuldu - Kuzeyin Sesi<\/title>\n<meta name=\"robots\" content=\"index, follow, max-snippet:-1, max-image-preview:large, max-video-preview:-1\" \/>\n<link rel=\"canonical\" href=\"https:\/\/kuzeyinsesi.org\/index.php\/2025\/03\/08\/foderde-kus-fotografciligi-konusuldu\/\" \/>\n<meta property=\"og:locale\" content=\"tr_TR\" \/>\n<meta property=\"og:type\" content=\"article\" \/>\n<meta property=\"og:title\" content=\"FODER\u2019de ku\u015f foto\u011fraf\u00e7\u0131l\u0131\u011f\u0131 konu\u015fuldu - Kuzeyin Sesi\" \/>\n<meta property=\"og:description\" content=\"K\u0131br\u0131s T\u00fcrk Foto\u011fraf Derne\u011fi\u2019nin (FODER), \u00fcyelerine y\u00f6nelik d\u00fczenledi\u011fi etkinlikte, \u201cku\u015f foto\u011fraf\u00e7\u0131l\u0131\u011f\u0131\u201d konu\u015fuldu. Dernekten verilen bilgiye g\u00f6re, ku\u015f foto\u011fraf\u00e7\u0131l\u0131\u011f\u0131 ile ilgilenen Fizyoterapist Bar\u0131\u015f Saydam, \u201cKu\u015f foto\u011fraflar\u0131 ve foto\u011fraf\u00e7l\u0131\u011f\u0131\u201d konusunda sunum yapt\u0131 ve s\u00f6yle\u015fi konu\u011fu oldu. Dernek lokalinde yer alan etkinlikte, kat\u0131l\u0131mc\u0131lar\u0131n sorular\u0131n\u0131 da yan\u0131tlayan Saydam\u2019a FODER Ba\u015fkan Yard\u0131mc\u0131s\u0131 Tevfik Ulual taraf\u0131ndan te\u015fekk\u00fcr belgesi takdim edildi.\" \/>\n<meta property=\"og:url\" content=\"https:\/\/kuzeyinsesi.org\/index.php\/2025\/03\/08\/foderde-kus-fotografciligi-konusuldu\/\" \/>\n<meta property=\"og:site_name\" content=\"Kuzeyin Sesi\" \/>\n<meta property=\"article:publisher\" content=\"https:\/\/www.facebook.com\/kuzeyinsesii\" \/>\n<meta property=\"article:published_time\" content=\"2025-03-08T11:09:09+00:00\" \/>\n<meta property=\"og:image\" content=\"https:\/\/brtk.net\/wp-content\/uploads\/2025\/03\/08\/1741427749960FODER-Baris-Saydam-sunumu-200225-1.jpeg?ver=2bee2eb6878afaa837a30f1e303bda15\" \/>\n<meta name=\"author\" content=\"Kuzeyin Sesi\" \/>\n<meta name=\"twitter:card\" content=\"summary_large_image\" \/>\n<meta name=\"twitter:creator\" content=\"@kuzeyinsesii\" \/>\n<meta name=\"twitter:site\" content=\"@kuzeyinsesii\" \/>\n<meta name=\"twitter:label1\" content=\"Yazan:\" \/>\n\t<meta name=\"twitter:data1\" content=\"Kuzeyin Sesi\" \/>\n<script type=\"application\/ld+json\" class=\"yoast-schema-graph\">{\"@context\":\"https:\\\/\\\/schema.org\",\"@graph\":[{\"@type\":\"Article\",\"@id\":\"https:\\\/\\\/kuzeyinsesi.org\\\/index.php\\\/2025\\\/03\\\/08\\\/foderde-kus-fotografciligi-konusuldu\\\/#article\",\"isPartOf\":{\"@id\":\"https:\\\/\\\/kuzeyinsesi.org\\\/index.php\\\/2025\\\/03\\\/08\\\/foderde-kus-fotografciligi-konusuldu\\\/\"},\"author\":{\"name\":\"Kuzeyin Sesi\",\"@id\":\"https:\\\/\\\/kuzeyinsesi.org\\\/#\\\/schema\\\/person\\\/9f859689cdf01485597712386e37f5aa\"},\"headline\":\"FODER\u2019de ku\u015f foto\u011fraf\u00e7\u0131l\u0131\u011f\u0131 konu\u015fuldu\",\"datePublished\":\"2025-03-08T11:09:09+00:00\",\"mainEntityOfPage\":{\"@id\":\"https:\\\/\\\/kuzeyinsesi.org\\\/index.php\\\/2025\\\/03\\\/08\\\/foderde-kus-fotografciligi-konusuldu\\\/\"},\"wordCount\":96,\"commentCount\":0,\"image\":{\"@id\":\"https:\\\/\\\/kuzeyinsesi.org\\\/index.php\\\/2025\\\/03\\\/08\\\/foderde-kus-fotografciligi-konusuldu\\\/#primaryimage\"},\"thumbnailUrl\":\"https:\\\/\\\/kuzeyinsesi.org\\\/wp-content\\\/uploads\\\/2025\\\/03\\\/1741427749960FODER-Baris-Saydam-sunumu-200225-1.jpeg\",\"articleSection\":[\"Ya\u015fam\"],\"inLanguage\":\"tr\",\"potentialAction\":[{\"@type\":\"CommentAction\",\"name\":\"Comment\",\"target\":[\"https:\\\/\\\/kuzeyinsesi.org\\\/index.php\\\/2025\\\/03\\\/08\\\/foderde-kus-fotografciligi-konusuldu\\\/#respond\"]}]},{\"@type\":\"WebPage\",\"@id\":\"https:\\\/\\\/kuzeyinsesi.org\\\/index.php\\\/2025\\\/03\\\/08\\\/foderde-kus-fotografciligi-konusuldu\\\/\",\"url\":\"https:\\\/\\\/kuzeyinsesi.org\\\/index.php\\\/2025\\\/03\\\/08\\\/foderde-kus-fotografciligi-konusuldu\\\/\",\"name\":\"FODER\u2019de ku\u015f foto\u011fraf\u00e7\u0131l\u0131\u011f\u0131 konu\u015fuldu - Kuzeyin Sesi\",\"isPartOf\":{\"@id\":\"https:\\\/\\\/kuzeyinsesi.org\\\/#website\"},\"primaryImageOfPage\":{\"@id\":\"https:\\\/\\\/kuzeyinsesi.org\\\/index.php\\\/2025\\\/03\\\/08\\\/foderde-kus-fotografciligi-konusuldu\\\/#primaryimage\"},\"image\":{\"@id\":\"https:\\\/\\\/kuzeyinsesi.org\\\/index.php\\\/2025\\\/03\\\/08\\\/foderde-kus-fotografciligi-konusuldu\\\/#primaryimage\"},\"thumbnailUrl\":\"https:\\\/\\\/kuzeyinsesi.org\\\/wp-content\\\/uploads\\\/2025\\\/03\\\/1741427749960FODER-Baris-Saydam-sunumu-200225-1.jpeg\",\"datePublished\":\"2025-03-08T11:09:09+00:00\",\"author\":{\"@id\":\"https:\\\/\\\/kuzeyinsesi.org\\\/#\\\/schema\\\/person\\\/9f859689cdf01485597712386e37f5aa\"},\"breadcrumb\":{\"@id\":\"https:\\\/\\\/kuzeyinsesi.org\\\/index.php\\\/2025\\\/03\\\/08\\\/foderde-kus-fotografciligi-konusuldu\\\/#breadcrumb\"},\"inLanguage\":\"tr\",\"potentialAction\":[{\"@type\":\"ReadAction\",\"target\":[\"https:\\\/\\\/kuzeyinsesi.org\\\/index.php\\\/2025\\\/03\\\/08\\\/foderde-kus-fotografciligi-konusuldu\\\/\"]}]},{\"@type\":\"ImageObject\",\"inLanguage\":\"tr\",\"@id\":\"https:\\\/\\\/kuzeyinsesi.org\\\/index.php\\\/2025\\\/03\\\/08\\\/foderde-kus-fotografciligi-konusuldu\\\/#primaryimage\",\"url\":\"https:\\\/\\\/kuzeyinsesi.org\\\/wp-content\\\/uploads\\\/2025\\\/03\\\/1741427749960FODER-Baris-Saydam-sunumu-200225-1.jpeg\",\"contentUrl\":\"https:\\\/\\\/kuzeyinsesi.org\\\/wp-content\\\/uploads\\\/2025\\\/03\\\/1741427749960FODER-Baris-Saydam-sunumu-200225-1.jpeg\",\"width\":1600,\"height\":839},{\"@type\":\"BreadcrumbList\",\"@id\":\"https:\\\/\\\/kuzeyinsesi.org\\\/index.php\\\/2025\\\/03\\\/08\\\/foderde-kus-fotografciligi-konusuldu\\\/#breadcrumb\",\"itemListElement\":[{\"@type\":\"ListItem\",\"position\":1,\"name\":\"Anasayfa\",\"item\":\"https:\\\/\\\/kuzeyinsesi.org\\\/\"},{\"@type\":\"ListItem\",\"position\":2,\"name\":\"FODER\u2019de ku\u015f foto\u011fraf\u00e7\u0131l\u0131\u011f\u0131 konu\u015fuldu\"}]},{\"@type\":\"WebSite\",\"@id\":\"https:\\\/\\\/kuzeyinsesi.org\\\/#website\",\"url\":\"https:\\\/\\\/kuzeyinsesi.org\\\/\",\"name\":\"Kuzeyin Sesi\",\"description\":\"Do\u011fru Haberin Adresi\",\"potentialAction\":[{\"@type\":\"SearchAction\",\"target\":{\"@type\":\"EntryPoint\",\"urlTemplate\":\"https:\\\/\\\/kuzeyinsesi.org\\\/?s={search_term_string}\"},\"query-input\":{\"@type\":\"PropertyValueSpecification\",\"valueRequired\":true,\"valueName\":\"search_term_string\"}}],\"inLanguage\":\"tr\"},{\"@type\":\"Person\",\"@id\":\"https:\\\/\\\/kuzeyinsesi.org\\\/#\\\/schema\\\/person\\\/9f859689cdf01485597712386e37f5aa\",\"name\":\"Kuzeyin Sesi\",\"image\":{\"@type\":\"ImageObject\",\"inLanguage\":\"tr\",\"@id\":\"https:\\\/\\\/secure.gravatar.com\\\/avatar\\\/bab33852abfd8b282518d6ed81826833d77c3c882d9ab608add591ccace47a44?s=96&d=mm&r=g\",\"url\":\"https:\\\/\\\/secure.gravatar.com\\\/avatar\\\/bab33852abfd8b282518d6ed81826833d77c3c882d9ab608add591ccace47a44?s=96&d=mm&r=g\",\"contentUrl\":\"https:\\\/\\\/secure.gravatar.com\\\/avatar\\\/bab33852abfd8b282518d6ed81826833d77c3c882d9ab608add591ccace47a44?s=96&d=mm&r=g\",\"caption\":\"Kuzeyin Sesi\"},\"sameAs\":[\"https:\\\/\\\/kuzeyinsesi.org\"],\"url\":\"https:\\\/\\\/kuzeyinsesi.org\\\/index.php\\\/author\\\/guven\\\/\"}]}<\/script>\n<!-- \/ Yoast SEO plugin. -->","yoast_head_json":{"title":"FODER\u2019de ku\u015f foto\u011fraf\u00e7\u0131l\u0131\u011f\u0131 konu\u015fuldu - Kuzeyin Sesi","robots":{"index":"index","follow":"follow","max-snippet":"max-snippet:-1","max-image-preview":"max-image-preview:large","max-video-preview":"max-video-preview:-1"},"canonical":"https:\/\/kuzeyinsesi.org\/index.php\/2025\/03\/08\/foderde-kus-fotografciligi-konusuldu\/","og_locale":"tr_TR","og_type":"article","og_title":"FODER\u2019de ku\u015f foto\u011fraf\u00e7\u0131l\u0131\u011f\u0131 konu\u015fuldu - Kuzeyin Sesi","og_description":"K\u0131br\u0131s T\u00fcrk Foto\u011fraf Derne\u011fi\u2019nin (FODER), \u00fcyelerine y\u00f6nelik d\u00fczenledi\u011fi etkinlikte, \u201cku\u015f foto\u011fraf\u00e7\u0131l\u0131\u011f\u0131\u201d konu\u015fuldu. Dernekten verilen bilgiye g\u00f6re, ku\u015f foto\u011fraf\u00e7\u0131l\u0131\u011f\u0131 ile ilgilenen Fizyoterapist Bar\u0131\u015f Saydam, \u201cKu\u015f foto\u011fraflar\u0131 ve foto\u011fraf\u00e7l\u0131\u011f\u0131\u201d konusunda sunum yapt\u0131 ve s\u00f6yle\u015fi konu\u011fu oldu. Dernek lokalinde yer alan etkinlikte, kat\u0131l\u0131mc\u0131lar\u0131n sorular\u0131n\u0131 da yan\u0131tlayan Saydam\u2019a FODER Ba\u015fkan Yard\u0131mc\u0131s\u0131 Tevfik Ulual taraf\u0131ndan te\u015fekk\u00fcr belgesi takdim edildi.","og_url":"https:\/\/kuzeyinsesi.org\/index.php\/2025\/03\/08\/foderde-kus-fotografciligi-konusuldu\/","og_site_name":"Kuzeyin Sesi","article_publisher":"https:\/\/www.facebook.com\/kuzeyinsesii","article_published_time":"2025-03-08T11:09:09+00:00","og_image":[{"url":"https:\/\/brtk.net\/wp-content\/uploads\/2025\/03\/08\/1741427749960FODER-Baris-Saydam-sunumu-200225-1.jpeg?ver=2bee2eb6878afaa837a30f1e303bda15","type":"","width":"","height":""}],"author":"Kuzeyin Sesi","twitter_card":"summary_large_image","twitter_creator":"@kuzeyinsesii","twitter_site":"@kuzeyinsesii","twitter_misc":{"Yazan:":"Kuzeyin Sesi"},"schema":{"@context":"https:\/\/schema.org","@graph":[{"@type":"Article","@id":"https:\/\/kuzeyinsesi.org\/index.php\/2025\/03\/08\/foderde-kus-fotografciligi-konusuldu\/#article","isPartOf":{"@id":"https:\/\/kuzeyinsesi.org\/index.php\/2025\/03\/08\/foderde-kus-fotografciligi-konusuldu\/"},"author":{"name":"Kuzeyin Sesi","@id":"https:\/\/kuzeyinsesi.org\/#\/schema\/person\/9f859689cdf01485597712386e37f5aa"},"headline":"FODER\u2019de ku\u015f foto\u011fraf\u00e7\u0131l\u0131\u011f\u0131 konu\u015fuldu","datePublished":"2025-03-08T11:09:09+00:00","mainEntityOfPage":{"@id":"https:\/\/kuzeyinsesi.org\/index.php\/2025\/03\/08\/foderde-kus-fotografciligi-konusuldu\/"},"wordCount":96,"commentCount":0,"image":{"@id":"https:\/\/kuzeyinsesi.org\/index.php\/2025\/03\/08\/foderde-kus-fotografciligi-konusuldu\/#primaryimage"},"thumbnailUrl":"https:\/\/kuzeyinsesi.org\/wp-content\/uploads\/2025\/03\/1741427749960FODER-Baris-Saydam-sunumu-200225-1.jpeg","articleSection":["Ya\u015fam"],"inLanguage":"tr","potentialAction":[{"@type":"CommentAction","name":"Comment","target":["https:\/\/kuzeyinsesi.org\/index.php\/2025\/03\/08\/foderde-kus-fotografciligi-konusuldu\/#respond"]}]},{"@type":"WebPage","@id":"https:\/\/kuzeyinsesi.org\/index.php\/2025\/03\/08\/foderde-kus-fotografciligi-konusuldu\/","url":"https:\/\/kuzeyinsesi.org\/index.php\/2025\/03\/08\/foderde-kus-fotografciligi-konusuldu\/","name":"FODER\u2019de ku\u015f foto\u011fraf\u00e7\u0131l\u0131\u011f\u0131 konu\u015fuldu - Kuzeyin Sesi","isPartOf":{"@id":"https:\/\/kuzeyinsesi.org\/#website"},"primaryImageOfPage":{"@id":"https:\/\/kuzeyinsesi.org\/index.php\/2025\/03\/08\/foderde-kus-fotografciligi-konusuldu\/#primaryimage"},"image":{"@id":"https:\/\/kuzeyinsesi.org\/index.php\/2025\/03\/08\/foderde-kus-fotografciligi-konusuldu\/#primaryimage"},"thumbnailUrl":"https:\/\/kuzeyinsesi.org\/wp-content\/uploads\/2025\/03\/1741427749960FODER-Baris-Saydam-sunumu-200225-1.jpeg","datePublished":"2025-03-08T11:09:09+00:00","author":{"@id":"https:\/\/kuzeyinsesi.org\/#\/schema\/person\/9f859689cdf01485597712386e37f5aa"},"breadcrumb":{"@id":"https:\/\/kuzeyinsesi.org\/index.php\/2025\/03\/08\/foderde-kus-fotografciligi-konusuldu\/#breadcrumb"},"inLanguage":"tr","potentialAction":[{"@type":"ReadAction","target":["https:\/\/kuzeyinsesi.org\/index.php\/2025\/03\/08\/foderde-kus-fotografciligi-konusuldu\/"]}]},{"@type":"ImageObject","inLanguage":"tr","@id":"https:\/\/kuzeyinsesi.org\/index.php\/2025\/03\/08\/foderde-kus-fotografciligi-konusuldu\/#primaryimage","url":"https:\/\/kuzeyinsesi.org\/wp-content\/uploads\/2025\/03\/1741427749960FODER-Baris-Saydam-sunumu-200225-1.jpeg","contentUrl":"https:\/\/kuzeyinsesi.org\/wp-content\/uploads\/2025\/03\/1741427749960FODER-Baris-Saydam-sunumu-200225-1.jpeg","width":1600,"height":839},{"@type":"BreadcrumbList","@id":"https:\/\/kuzeyinsesi.org\/index.php\/2025\/03\/08\/foderde-kus-fotografciligi-konusuldu\/#breadcrumb","itemListElement":[{"@type":"ListItem","position":1,"name":"Anasayfa","item":"https:\/\/kuzeyinsesi.org\/"},{"@type":"ListItem","position":2,"name":"FODER\u2019de ku\u015f foto\u011fraf\u00e7\u0131l\u0131\u011f\u0131 konu\u015fuldu"}]},{"@type":"WebSite","@id":"https:\/\/kuzeyinsesi.org\/#website","url":"https:\/\/kuzeyinsesi.org\/","name":"Kuzeyin Sesi","description":"Do\u011fru Haberin Adresi","potentialAction":[{"@type":"SearchAction","target":{"@type":"EntryPoint","urlTemplate":"https:\/\/kuzeyinsesi.org\/?s={search_term_string}"},"query-input":{"@type":"PropertyValueSpecification","valueRequired":true,"valueName":"search_term_string"}}],"inLanguage":"tr"},{"@type":"Person","@id":"https:\/\/kuzeyinsesi.org\/#\/schema\/person\/9f859689cdf01485597712386e37f5aa","name":"Kuzeyin Sesi","image":{"@type":"ImageObject","inLanguage":"tr","@id":"https:\/\/secure.gravatar.com\/avatar\/bab33852abfd8b282518d6ed81826833d77c3c882d9ab608add591ccace47a44?s=96&d=mm&r=g","url":"https:\/\/secure.gravatar.com\/avatar\/bab33852abfd8b282518d6ed81826833d77c3c882d9ab608add591ccace47a44?s=96&d=mm&r=g","contentUrl":"https:\/\/secure.gravatar.com\/avatar\/bab33852abfd8b282518d6ed81826833d77c3c882d9ab608add591ccace47a44?s=96&d=mm&r=g","caption":"Kuzeyin Sesi"},"sameAs":["https:\/\/kuzeyinsesi.org"],"url":"https:\/\/kuzeyinsesi.org\/index.php\/author\/guven\/"}]}},"_links":{"self":[{"href":"https:\/\/kuzeyinsesi.org\/index.php\/wp-json\/wp\/v2\/posts\/20478","targetHints":{"allow":["GET"]}}],"collection":[{"href":"https:\/\/kuzeyinsesi.org\/index.php\/wp-json\/wp\/v2\/posts"}],"about":[{"href":"https:\/\/kuzeyinsesi.org\/index.php\/wp-json\/wp\/v2\/types\/post"}],"author":[{"embeddable":true,"href":"https:\/\/kuzeyinsesi.org\/index.php\/wp-json\/wp\/v2\/users\/1"}],"replies":[{"embeddable":true,"href":"https:\/\/kuzeyinsesi.org\/index.php\/wp-json\/wp\/v2\/comments?post=20478"}],"version-history":[{"count":0,"href":"https:\/\/kuzeyinsesi.org\/index.php\/wp-json\/wp\/v2\/posts\/20478\/revisions"}],"wp:featuredmedia":[{"embeddable":true,"href":"https:\/\/kuzeyinsesi.org\/index.php\/wp-json\/wp\/v2\/media\/20479"}],"wp:attachment":[{"href":"https:\/\/kuzeyinsesi.org\/index.php\/wp-json\/wp\/v2\/media?parent=20478"}],"wp:term":[{"taxonomy":"category","embeddable":true,"href":"https:\/\/kuzeyinsesi.org\/index.php\/wp-json\/wp\/v2\/categories?post=20478"},{"taxonomy":"post_tag","embeddable":true,"href":"https:\/\/kuzeyinsesi.org\/index.php\/wp-json\/wp\/v2\/tags?post=20478"}],"curies":[{"name":"wp","href":"https:\/\/api.w.org\/{rel}","templated":true}]}}