{"id":20450,"date":"2025-03-07T20:36:10","date_gmt":"2025-03-07T18:36:10","guid":{"rendered":"https:\/\/kuzeyinsesi.org\/index.php\/2025\/03\/07\/here-i-am-buradayim-adli-resim-sergisi-lefkosa-sacakli-evde-acildi\/"},"modified":"2025-03-07T20:36:10","modified_gmt":"2025-03-07T18:36:10","slug":"here-i-am-buradayim-adli-resim-sergisi-lefkosa-sacakli-evde-acildi","status":"publish","type":"post","link":"https:\/\/kuzeyinsesi.org\/index.php\/2025\/03\/07\/here-i-am-buradayim-adli-resim-sergisi-lefkosa-sacakli-evde-acildi\/","title":{"rendered":"\u201cHere I am- Buraday\u0131m\u201d adl\u0131 resim sergisi Lefko\u015fa Sa\u00e7akl\u0131 Ev\u2019de a\u00e7\u0131ld\u0131"},"content":{"rendered":"<div>\n<div class=\"mariselle-image-container center\">\n                                            <\/div>\n<p>\u201c8 Mart Kad\u0131nlar\u0131n Uluslararas\u0131 Birlik, M\u00fccadele ve Dayan\u0131\u015fma G\u00fcn\u00fc\u201d dolay\u0131s\u0131yla bu y\u0131l ikincisi yap\u0131lan \u201cHere I am- Buraday\u0131m\u201d adl\u0131 resim sergisi, Lefko\u015fa Sa\u00e7akl\u0131 Ev\u2019de a\u00e7\u0131ld\u0131.<\/p>\n<p>Serginin a\u00e7\u0131l\u0131\u015f\u0131nda Eski Eserler ve M\u00fczeler Dairesi M\u00fcd\u00fcr\u00fc Emine Ziba, Turizm Planlama Dairesi M\u00fcd\u00fcr\u00fc Mazlum Korta\u015f ile Ressam ve Sanat E\u011fitmeni Luna T\u00fclay Okan, birer konu\u015fma yapt\u0131 ard\u0131ndan sergi gezildi.<\/p>\n<p>Sergide, \u201cBen yeteneklerimle \u2018buraday\u0131m\u2019 \u201d, diyen gelece\u011fin sanat\u00e7\u0131lar\u0131; Deniz Ko\u00e7, Durusu Uyar, G\u00fclce \u00dcng\u00f6r, Naz \u00d6ztun\u00e7, Leylasu Yerlikaya, Nil Soykara ve Sim Y\u00fccel\u2019in eserleri yer al\u0131yor.<\/p>\n<p>K\u00fcrat\u00f6rl\u00fc\u011f\u00fcn\u00fc Luna T\u00fclay Okan\u2019\u0131n yapt\u0131\u011f\u0131, Eski Eserler ve M\u00fczeler Dairesi M\u00fcd\u00fcrl\u00fc\u011f\u00fc, DA\u00dc-SEN ve KT\u00d6S\u2019\u00fcn destekleriyle d\u00fczenlenen sergi, 14 Mart Cuma g\u00fcn\u00fcne kadar gezilebilecek.<\/p>\n<p>Eski Eserler ve M\u00fczeler Dairesi M\u00fcd\u00fcr\u00fc Emine Ziba, 8 Mart\u2019\u0131n D\u00fcnya Emek\u00e7i Kad\u0131nlar G\u00fcn\u00fc oldu\u011funu belirterek, \u201cKad\u0131n\u0131n ba\u015far\u0131s\u0131n\u0131n konu\u015fuldu\u011fu k\u00fcresel bir g\u00fcn olmakla birlikte, kad\u0131n haklar\u0131n\u0131n ve sorunlar\u0131n\u0131n konu\u015fuldu\u011fu bir g\u00fcn de\u2026\u201d ifadelerine yer verdi.<\/p>\n<p>\u201cSergide, \u015fu anda yetenekli k\u0131zlar\u0131m\u0131z\u0131n ba\u015far\u0131s\u0131n\u0131 konu\u015fuyoruz. Umar\u0131m bu ba\u015far\u0131 ba\u015fka gen\u00e7lerimize de \u00f6rnek olur.\u201d diyen Ziba, ba\u015far\u0131l\u0131 ve duyarl\u0131 yedi gen\u00e7 k\u0131z\u0131n \u00e7izdikleri resimlerden olu\u015fan sergininin bu y\u0131l ikincisinin d\u00fczenlendi\u011fini ifade etti.<\/p>\n<p>Turizm Planlama Dairesi M\u00fcd\u00fcr\u00fc Mazlum Korta\u015f da, s\u00f6zlerine, t\u00fcm kad\u0131nlar\u0131n 8 Mart D\u00fcnya Kad\u0131nlar G\u00fcn\u00fc\u2019n\u00fc kutlayarak ba\u015flad\u0131.<\/p>\n<p>\u00c7ocuklar\u0131n ba\u015far\u0131s\u0131n\u0131 g\u00f6rmenin kendilerini mutlu etti\u011fini ifade eden Korta\u015f, \u201cBu kadar g\u00fczel yeteneklerin aram\u0131zda olmas\u0131, bize gelecek i\u00e7in \u00e7ok b\u00fcy\u00fck umut var ediyor.\u201d \u015feklinde konu\u015ftu.<\/p>\n<p>Korta\u015f,  sergide eme\u011fi ge\u00e7en gen\u00e7 yetenekleri tebrik etti, ba\u015far\u0131lar diledi.<\/p>\n<p>Ressam ve Sanat E\u011fitmeni Luna T\u00fclay Okan da, \u201cBu y\u0131l ikincisini d\u00fczenledi\u011fimiz bu sergi, K\u0131br\u0131s\u2019taki gen\u00e7lerin \u00f6zellikle varl\u0131klar\u0131n\u0131 onurland\u0131rmalar\u0131 i\u00e7in bir \u00e7al\u0131\u015fmad\u0131r. T\u00fcm gen\u00e7lerimizi kutluyorum.\u201d dedi.<\/p>\n<p>Okan, yedi farkl\u0131 sanat\u00e7\u0131 aday\u0131n\u0131n farkl\u0131 konseptle yapt\u0131\u011f\u0131 \u00e7al\u0131\u015fmay\u0131 destekleyenlere te\u015fekk\u00fcrlerini iletti.<\/p>\n<\/p><\/div>\n<p><script async\n                    defer\n                    crossorigin=\"anonymous\"\n                    src=\"https:\/\/connect.facebook.net\/tr_TR\/sdk.js#xfbml=1&#038;version=v3.3\"\n            ><\/script><\/p>\n","protected":false},"excerpt":{"rendered":"<p>\u201c8 Mart Kad\u0131nlar\u0131n Uluslararas\u0131 Birlik, M\u00fccadele ve Dayan\u0131\u015fma G\u00fcn\u00fc\u201d dolay\u0131s\u0131yla bu y\u0131l ikincisi yap\u0131lan \u201cHere I am- Buraday\u0131m\u201d adl\u0131 resim sergisi, Lefko\u015fa Sa\u00e7akl\u0131 Ev\u2019de a\u00e7\u0131ld\u0131. Serginin a\u00e7\u0131l\u0131\u015f\u0131nda Eski Eserler ve M\u00fczeler Dairesi M\u00fcd\u00fcr\u00fc Emine Ziba, Turizm Planlama Dairesi M\u00fcd\u00fcr\u00fc Mazlum Korta\u015f ile Ressam ve Sanat E\u011fitmeni Luna T\u00fclay Okan, birer konu\u015fma yapt\u0131 ard\u0131ndan sergi gezildi. [&hellip;]<\/p>\n","protected":false},"author":1,"featured_media":20451,"comment_status":"open","ping_status":"open","sticky":false,"template":"","format":"standard","meta":{"jnews-multi-image_gallery":[],"jnews_single_post":[],"jnews_primary_category":[],"jnews_social_meta":[],"jnews_override_counter":[],"footnotes":""},"categories":[6],"tags":[],"class_list":["post-20450","post","type-post","status-publish","format-standard","has-post-thumbnail","hentry","category-yasam"],"yoast_head":"<!-- This site is optimized with the Yoast SEO plugin v27.4 - https:\/\/yoast.com\/product\/yoast-seo-wordpress\/ -->\n<title>\u201cHere I am- Buraday\u0131m\u201d adl\u0131 resim sergisi Lefko\u015fa Sa\u00e7akl\u0131 Ev\u2019de a\u00e7\u0131ld\u0131 - Kuzeyin Sesi<\/title>\n<meta name=\"robots\" content=\"index, follow, max-snippet:-1, max-image-preview:large, max-video-preview:-1\" \/>\n<link rel=\"canonical\" href=\"https:\/\/kuzeyinsesi.org\/index.php\/2025\/03\/07\/here-i-am-buradayim-adli-resim-sergisi-lefkosa-sacakli-evde-acildi\/\" \/>\n<meta property=\"og:locale\" content=\"tr_TR\" \/>\n<meta property=\"og:type\" content=\"article\" \/>\n<meta property=\"og:title\" content=\"\u201cHere I am- Buraday\u0131m\u201d adl\u0131 resim sergisi Lefko\u015fa Sa\u00e7akl\u0131 Ev\u2019de a\u00e7\u0131ld\u0131 - Kuzeyin Sesi\" \/>\n<meta property=\"og:description\" content=\"\u201c8 Mart Kad\u0131nlar\u0131n Uluslararas\u0131 Birlik, M\u00fccadele ve Dayan\u0131\u015fma G\u00fcn\u00fc\u201d dolay\u0131s\u0131yla bu y\u0131l ikincisi yap\u0131lan \u201cHere I am- Buraday\u0131m\u201d adl\u0131 resim sergisi, Lefko\u015fa Sa\u00e7akl\u0131 Ev\u2019de a\u00e7\u0131ld\u0131. Serginin a\u00e7\u0131l\u0131\u015f\u0131nda Eski Eserler ve M\u00fczeler Dairesi M\u00fcd\u00fcr\u00fc Emine Ziba, Turizm Planlama Dairesi M\u00fcd\u00fcr\u00fc Mazlum Korta\u015f ile Ressam ve Sanat E\u011fitmeni Luna T\u00fclay Okan, birer konu\u015fma yapt\u0131 ard\u0131ndan sergi gezildi. [&hellip;]\" \/>\n<meta property=\"og:url\" content=\"https:\/\/kuzeyinsesi.org\/index.php\/2025\/03\/07\/here-i-am-buradayim-adli-resim-sergisi-lefkosa-sacakli-evde-acildi\/\" \/>\n<meta property=\"og:site_name\" content=\"Kuzeyin Sesi\" \/>\n<meta property=\"article:publisher\" content=\"https:\/\/www.facebook.com\/kuzeyinsesii\" \/>\n<meta property=\"article:published_time\" content=\"2025-03-07T18:36:10+00:00\" \/>\n<meta property=\"og:image\" content=\"https:\/\/brtk.net\/wp-content\/uploads\/2025\/03\/07\/sergiiiii.jpg?ver=8aa140c31658d155c25b0c76fb750227\" \/>\n<meta name=\"author\" content=\"Kuzeyin Sesi\" \/>\n<meta name=\"twitter:card\" content=\"summary_large_image\" \/>\n<meta name=\"twitter:creator\" content=\"@kuzeyinsesii\" \/>\n<meta name=\"twitter:site\" content=\"@kuzeyinsesii\" \/>\n<meta name=\"twitter:label1\" content=\"Yazan:\" \/>\n\t<meta name=\"twitter:data1\" content=\"Kuzeyin Sesi\" \/>\n\t<meta name=\"twitter:label2\" content=\"Tahmini okuma s\u00fcresi\" \/>\n\t<meta name=\"twitter:data2\" content=\"2 dakika\" \/>\n<script type=\"application\/ld+json\" class=\"yoast-schema-graph\">{\"@context\":\"https:\\\/\\\/schema.org\",\"@graph\":[{\"@type\":\"Article\",\"@id\":\"https:\\\/\\\/kuzeyinsesi.org\\\/index.php\\\/2025\\\/03\\\/07\\\/here-i-am-buradayim-adli-resim-sergisi-lefkosa-sacakli-evde-acildi\\\/#article\",\"isPartOf\":{\"@id\":\"https:\\\/\\\/kuzeyinsesi.org\\\/index.php\\\/2025\\\/03\\\/07\\\/here-i-am-buradayim-adli-resim-sergisi-lefkosa-sacakli-evde-acildi\\\/\"},\"author\":{\"name\":\"Kuzeyin Sesi\",\"@id\":\"https:\\\/\\\/kuzeyinsesi.org\\\/#\\\/schema\\\/person\\\/9f859689cdf01485597712386e37f5aa\"},\"headline\":\"\u201cHere I am- Buraday\u0131m\u201d adl\u0131 resim sergisi Lefko\u015fa Sa\u00e7akl\u0131 Ev\u2019de a\u00e7\u0131ld\u0131\",\"datePublished\":\"2025-03-07T18:36:10+00:00\",\"mainEntityOfPage\":{\"@id\":\"https:\\\/\\\/kuzeyinsesi.org\\\/index.php\\\/2025\\\/03\\\/07\\\/here-i-am-buradayim-adli-resim-sergisi-lefkosa-sacakli-evde-acildi\\\/\"},\"wordCount\":416,\"commentCount\":0,\"image\":{\"@id\":\"https:\\\/\\\/kuzeyinsesi.org\\\/index.php\\\/2025\\\/03\\\/07\\\/here-i-am-buradayim-adli-resim-sergisi-lefkosa-sacakli-evde-acildi\\\/#primaryimage\"},\"thumbnailUrl\":\"https:\\\/\\\/kuzeyinsesi.org\\\/wp-content\\\/uploads\\\/2025\\\/03\\\/sergiiiii.jpg\",\"articleSection\":[\"Ya\u015fam\"],\"inLanguage\":\"tr\",\"potentialAction\":[{\"@type\":\"CommentAction\",\"name\":\"Comment\",\"target\":[\"https:\\\/\\\/kuzeyinsesi.org\\\/index.php\\\/2025\\\/03\\\/07\\\/here-i-am-buradayim-adli-resim-sergisi-lefkosa-sacakli-evde-acildi\\\/#respond\"]}]},{\"@type\":\"WebPage\",\"@id\":\"https:\\\/\\\/kuzeyinsesi.org\\\/index.php\\\/2025\\\/03\\\/07\\\/here-i-am-buradayim-adli-resim-sergisi-lefkosa-sacakli-evde-acildi\\\/\",\"url\":\"https:\\\/\\\/kuzeyinsesi.org\\\/index.php\\\/2025\\\/03\\\/07\\\/here-i-am-buradayim-adli-resim-sergisi-lefkosa-sacakli-evde-acildi\\\/\",\"name\":\"\u201cHere I am- Buraday\u0131m\u201d adl\u0131 resim sergisi Lefko\u015fa Sa\u00e7akl\u0131 Ev\u2019de a\u00e7\u0131ld\u0131 - Kuzeyin Sesi\",\"isPartOf\":{\"@id\":\"https:\\\/\\\/kuzeyinsesi.org\\\/#website\"},\"primaryImageOfPage\":{\"@id\":\"https:\\\/\\\/kuzeyinsesi.org\\\/index.php\\\/2025\\\/03\\\/07\\\/here-i-am-buradayim-adli-resim-sergisi-lefkosa-sacakli-evde-acildi\\\/#primaryimage\"},\"image\":{\"@id\":\"https:\\\/\\\/kuzeyinsesi.org\\\/index.php\\\/2025\\\/03\\\/07\\\/here-i-am-buradayim-adli-resim-sergisi-lefkosa-sacakli-evde-acildi\\\/#primaryimage\"},\"thumbnailUrl\":\"https:\\\/\\\/kuzeyinsesi.org\\\/wp-content\\\/uploads\\\/2025\\\/03\\\/sergiiiii.jpg\",\"datePublished\":\"2025-03-07T18:36:10+00:00\",\"author\":{\"@id\":\"https:\\\/\\\/kuzeyinsesi.org\\\/#\\\/schema\\\/person\\\/9f859689cdf01485597712386e37f5aa\"},\"breadcrumb\":{\"@id\":\"https:\\\/\\\/kuzeyinsesi.org\\\/index.php\\\/2025\\\/03\\\/07\\\/here-i-am-buradayim-adli-resim-sergisi-lefkosa-sacakli-evde-acildi\\\/#breadcrumb\"},\"inLanguage\":\"tr\",\"potentialAction\":[{\"@type\":\"ReadAction\",\"target\":[\"https:\\\/\\\/kuzeyinsesi.org\\\/index.php\\\/2025\\\/03\\\/07\\\/here-i-am-buradayim-adli-resim-sergisi-lefkosa-sacakli-evde-acildi\\\/\"]}]},{\"@type\":\"ImageObject\",\"inLanguage\":\"tr\",\"@id\":\"https:\\\/\\\/kuzeyinsesi.org\\\/index.php\\\/2025\\\/03\\\/07\\\/here-i-am-buradayim-adli-resim-sergisi-lefkosa-sacakli-evde-acildi\\\/#primaryimage\",\"url\":\"https:\\\/\\\/kuzeyinsesi.org\\\/wp-content\\\/uploads\\\/2025\\\/03\\\/sergiiiii.jpg\",\"contentUrl\":\"https:\\\/\\\/kuzeyinsesi.org\\\/wp-content\\\/uploads\\\/2025\\\/03\\\/sergiiiii.jpg\",\"width\":910,\"height\":430},{\"@type\":\"BreadcrumbList\",\"@id\":\"https:\\\/\\\/kuzeyinsesi.org\\\/index.php\\\/2025\\\/03\\\/07\\\/here-i-am-buradayim-adli-resim-sergisi-lefkosa-sacakli-evde-acildi\\\/#breadcrumb\",\"itemListElement\":[{\"@type\":\"ListItem\",\"position\":1,\"name\":\"Anasayfa\",\"item\":\"https:\\\/\\\/kuzeyinsesi.org\\\/\"},{\"@type\":\"ListItem\",\"position\":2,\"name\":\"\u201cHere I am- Buraday\u0131m\u201d adl\u0131 resim sergisi Lefko\u015fa Sa\u00e7akl\u0131 Ev\u2019de a\u00e7\u0131ld\u0131\"}]},{\"@type\":\"WebSite\",\"@id\":\"https:\\\/\\\/kuzeyinsesi.org\\\/#website\",\"url\":\"https:\\\/\\\/kuzeyinsesi.org\\\/\",\"name\":\"Kuzeyin Sesi\",\"description\":\"Do\u011fru Haberin Adresi\",\"potentialAction\":[{\"@type\":\"SearchAction\",\"target\":{\"@type\":\"EntryPoint\",\"urlTemplate\":\"https:\\\/\\\/kuzeyinsesi.org\\\/?s={search_term_string}\"},\"query-input\":{\"@type\":\"PropertyValueSpecification\",\"valueRequired\":true,\"valueName\":\"search_term_string\"}}],\"inLanguage\":\"tr\"},{\"@type\":\"Person\",\"@id\":\"https:\\\/\\\/kuzeyinsesi.org\\\/#\\\/schema\\\/person\\\/9f859689cdf01485597712386e37f5aa\",\"name\":\"Kuzeyin Sesi\",\"image\":{\"@type\":\"ImageObject\",\"inLanguage\":\"tr\",\"@id\":\"https:\\\/\\\/secure.gravatar.com\\\/avatar\\\/bab33852abfd8b282518d6ed81826833d77c3c882d9ab608add591ccace47a44?s=96&d=mm&r=g\",\"url\":\"https:\\\/\\\/secure.gravatar.com\\\/avatar\\\/bab33852abfd8b282518d6ed81826833d77c3c882d9ab608add591ccace47a44?s=96&d=mm&r=g\",\"contentUrl\":\"https:\\\/\\\/secure.gravatar.com\\\/avatar\\\/bab33852abfd8b282518d6ed81826833d77c3c882d9ab608add591ccace47a44?s=96&d=mm&r=g\",\"caption\":\"Kuzeyin Sesi\"},\"sameAs\":[\"https:\\\/\\\/kuzeyinsesi.org\"],\"url\":\"https:\\\/\\\/kuzeyinsesi.org\\\/index.php\\\/author\\\/guven\\\/\"}]}<\/script>\n<!-- \/ Yoast SEO plugin. -->","yoast_head_json":{"title":"\u201cHere I am- Buraday\u0131m\u201d adl\u0131 resim sergisi Lefko\u015fa Sa\u00e7akl\u0131 Ev\u2019de a\u00e7\u0131ld\u0131 - Kuzeyin Sesi","robots":{"index":"index","follow":"follow","max-snippet":"max-snippet:-1","max-image-preview":"max-image-preview:large","max-video-preview":"max-video-preview:-1"},"canonical":"https:\/\/kuzeyinsesi.org\/index.php\/2025\/03\/07\/here-i-am-buradayim-adli-resim-sergisi-lefkosa-sacakli-evde-acildi\/","og_locale":"tr_TR","og_type":"article","og_title":"\u201cHere I am- Buraday\u0131m\u201d adl\u0131 resim sergisi Lefko\u015fa Sa\u00e7akl\u0131 Ev\u2019de a\u00e7\u0131ld\u0131 - Kuzeyin Sesi","og_description":"\u201c8 Mart Kad\u0131nlar\u0131n Uluslararas\u0131 Birlik, M\u00fccadele ve Dayan\u0131\u015fma G\u00fcn\u00fc\u201d dolay\u0131s\u0131yla bu y\u0131l ikincisi yap\u0131lan \u201cHere I am- Buraday\u0131m\u201d adl\u0131 resim sergisi, Lefko\u015fa Sa\u00e7akl\u0131 Ev\u2019de a\u00e7\u0131ld\u0131. Serginin a\u00e7\u0131l\u0131\u015f\u0131nda Eski Eserler ve M\u00fczeler Dairesi M\u00fcd\u00fcr\u00fc Emine Ziba, Turizm Planlama Dairesi M\u00fcd\u00fcr\u00fc Mazlum Korta\u015f ile Ressam ve Sanat E\u011fitmeni Luna T\u00fclay Okan, birer konu\u015fma yapt\u0131 ard\u0131ndan sergi gezildi. [&hellip;]","og_url":"https:\/\/kuzeyinsesi.org\/index.php\/2025\/03\/07\/here-i-am-buradayim-adli-resim-sergisi-lefkosa-sacakli-evde-acildi\/","og_site_name":"Kuzeyin Sesi","article_publisher":"https:\/\/www.facebook.com\/kuzeyinsesii","article_published_time":"2025-03-07T18:36:10+00:00","og_image":[{"url":"https:\/\/brtk.net\/wp-content\/uploads\/2025\/03\/07\/sergiiiii.jpg?ver=8aa140c31658d155c25b0c76fb750227","type":"","width":"","height":""}],"author":"Kuzeyin Sesi","twitter_card":"summary_large_image","twitter_creator":"@kuzeyinsesii","twitter_site":"@kuzeyinsesii","twitter_misc":{"Yazan:":"Kuzeyin Sesi","Tahmini okuma s\u00fcresi":"2 dakika"},"schema":{"@context":"https:\/\/schema.org","@graph":[{"@type":"Article","@id":"https:\/\/kuzeyinsesi.org\/index.php\/2025\/03\/07\/here-i-am-buradayim-adli-resim-sergisi-lefkosa-sacakli-evde-acildi\/#article","isPartOf":{"@id":"https:\/\/kuzeyinsesi.org\/index.php\/2025\/03\/07\/here-i-am-buradayim-adli-resim-sergisi-lefkosa-sacakli-evde-acildi\/"},"author":{"name":"Kuzeyin Sesi","@id":"https:\/\/kuzeyinsesi.org\/#\/schema\/person\/9f859689cdf01485597712386e37f5aa"},"headline":"\u201cHere I am- Buraday\u0131m\u201d adl\u0131 resim sergisi Lefko\u015fa Sa\u00e7akl\u0131 Ev\u2019de a\u00e7\u0131ld\u0131","datePublished":"2025-03-07T18:36:10+00:00","mainEntityOfPage":{"@id":"https:\/\/kuzeyinsesi.org\/index.php\/2025\/03\/07\/here-i-am-buradayim-adli-resim-sergisi-lefkosa-sacakli-evde-acildi\/"},"wordCount":416,"commentCount":0,"image":{"@id":"https:\/\/kuzeyinsesi.org\/index.php\/2025\/03\/07\/here-i-am-buradayim-adli-resim-sergisi-lefkosa-sacakli-evde-acildi\/#primaryimage"},"thumbnailUrl":"https:\/\/kuzeyinsesi.org\/wp-content\/uploads\/2025\/03\/sergiiiii.jpg","articleSection":["Ya\u015fam"],"inLanguage":"tr","potentialAction":[{"@type":"CommentAction","name":"Comment","target":["https:\/\/kuzeyinsesi.org\/index.php\/2025\/03\/07\/here-i-am-buradayim-adli-resim-sergisi-lefkosa-sacakli-evde-acildi\/#respond"]}]},{"@type":"WebPage","@id":"https:\/\/kuzeyinsesi.org\/index.php\/2025\/03\/07\/here-i-am-buradayim-adli-resim-sergisi-lefkosa-sacakli-evde-acildi\/","url":"https:\/\/kuzeyinsesi.org\/index.php\/2025\/03\/07\/here-i-am-buradayim-adli-resim-sergisi-lefkosa-sacakli-evde-acildi\/","name":"\u201cHere I am- Buraday\u0131m\u201d adl\u0131 resim sergisi Lefko\u015fa Sa\u00e7akl\u0131 Ev\u2019de a\u00e7\u0131ld\u0131 - Kuzeyin Sesi","isPartOf":{"@id":"https:\/\/kuzeyinsesi.org\/#website"},"primaryImageOfPage":{"@id":"https:\/\/kuzeyinsesi.org\/index.php\/2025\/03\/07\/here-i-am-buradayim-adli-resim-sergisi-lefkosa-sacakli-evde-acildi\/#primaryimage"},"image":{"@id":"https:\/\/kuzeyinsesi.org\/index.php\/2025\/03\/07\/here-i-am-buradayim-adli-resim-sergisi-lefkosa-sacakli-evde-acildi\/#primaryimage"},"thumbnailUrl":"https:\/\/kuzeyinsesi.org\/wp-content\/uploads\/2025\/03\/sergiiiii.jpg","datePublished":"2025-03-07T18:36:10+00:00","author":{"@id":"https:\/\/kuzeyinsesi.org\/#\/schema\/person\/9f859689cdf01485597712386e37f5aa"},"breadcrumb":{"@id":"https:\/\/kuzeyinsesi.org\/index.php\/2025\/03\/07\/here-i-am-buradayim-adli-resim-sergisi-lefkosa-sacakli-evde-acildi\/#breadcrumb"},"inLanguage":"tr","potentialAction":[{"@type":"ReadAction","target":["https:\/\/kuzeyinsesi.org\/index.php\/2025\/03\/07\/here-i-am-buradayim-adli-resim-sergisi-lefkosa-sacakli-evde-acildi\/"]}]},{"@type":"ImageObject","inLanguage":"tr","@id":"https:\/\/kuzeyinsesi.org\/index.php\/2025\/03\/07\/here-i-am-buradayim-adli-resim-sergisi-lefkosa-sacakli-evde-acildi\/#primaryimage","url":"https:\/\/kuzeyinsesi.org\/wp-content\/uploads\/2025\/03\/sergiiiii.jpg","contentUrl":"https:\/\/kuzeyinsesi.org\/wp-content\/uploads\/2025\/03\/sergiiiii.jpg","width":910,"height":430},{"@type":"BreadcrumbList","@id":"https:\/\/kuzeyinsesi.org\/index.php\/2025\/03\/07\/here-i-am-buradayim-adli-resim-sergisi-lefkosa-sacakli-evde-acildi\/#breadcrumb","itemListElement":[{"@type":"ListItem","position":1,"name":"Anasayfa","item":"https:\/\/kuzeyinsesi.org\/"},{"@type":"ListItem","position":2,"name":"\u201cHere I am- Buraday\u0131m\u201d adl\u0131 resim sergisi Lefko\u015fa Sa\u00e7akl\u0131 Ev\u2019de a\u00e7\u0131ld\u0131"}]},{"@type":"WebSite","@id":"https:\/\/kuzeyinsesi.org\/#website","url":"https:\/\/kuzeyinsesi.org\/","name":"Kuzeyin Sesi","description":"Do\u011fru Haberin Adresi","potentialAction":[{"@type":"SearchAction","target":{"@type":"EntryPoint","urlTemplate":"https:\/\/kuzeyinsesi.org\/?s={search_term_string}"},"query-input":{"@type":"PropertyValueSpecification","valueRequired":true,"valueName":"search_term_string"}}],"inLanguage":"tr"},{"@type":"Person","@id":"https:\/\/kuzeyinsesi.org\/#\/schema\/person\/9f859689cdf01485597712386e37f5aa","name":"Kuzeyin Sesi","image":{"@type":"ImageObject","inLanguage":"tr","@id":"https:\/\/secure.gravatar.com\/avatar\/bab33852abfd8b282518d6ed81826833d77c3c882d9ab608add591ccace47a44?s=96&d=mm&r=g","url":"https:\/\/secure.gravatar.com\/avatar\/bab33852abfd8b282518d6ed81826833d77c3c882d9ab608add591ccace47a44?s=96&d=mm&r=g","contentUrl":"https:\/\/secure.gravatar.com\/avatar\/bab33852abfd8b282518d6ed81826833d77c3c882d9ab608add591ccace47a44?s=96&d=mm&r=g","caption":"Kuzeyin Sesi"},"sameAs":["https:\/\/kuzeyinsesi.org"],"url":"https:\/\/kuzeyinsesi.org\/index.php\/author\/guven\/"}]}},"_links":{"self":[{"href":"https:\/\/kuzeyinsesi.org\/index.php\/wp-json\/wp\/v2\/posts\/20450","targetHints":{"allow":["GET"]}}],"collection":[{"href":"https:\/\/kuzeyinsesi.org\/index.php\/wp-json\/wp\/v2\/posts"}],"about":[{"href":"https:\/\/kuzeyinsesi.org\/index.php\/wp-json\/wp\/v2\/types\/post"}],"author":[{"embeddable":true,"href":"https:\/\/kuzeyinsesi.org\/index.php\/wp-json\/wp\/v2\/users\/1"}],"replies":[{"embeddable":true,"href":"https:\/\/kuzeyinsesi.org\/index.php\/wp-json\/wp\/v2\/comments?post=20450"}],"version-history":[{"count":0,"href":"https:\/\/kuzeyinsesi.org\/index.php\/wp-json\/wp\/v2\/posts\/20450\/revisions"}],"wp:featuredmedia":[{"embeddable":true,"href":"https:\/\/kuzeyinsesi.org\/index.php\/wp-json\/wp\/v2\/media\/20451"}],"wp:attachment":[{"href":"https:\/\/kuzeyinsesi.org\/index.php\/wp-json\/wp\/v2\/media?parent=20450"}],"wp:term":[{"taxonomy":"category","embeddable":true,"href":"https:\/\/kuzeyinsesi.org\/index.php\/wp-json\/wp\/v2\/categories?post=20450"},{"taxonomy":"post_tag","embeddable":true,"href":"https:\/\/kuzeyinsesi.org\/index.php\/wp-json\/wp\/v2\/tags?post=20450"}],"curies":[{"name":"wp","href":"https:\/\/api.w.org\/{rel}","templated":true}]}}