{"id":20408,"date":"2025-03-07T14:26:32","date_gmt":"2025-03-07T12:26:32","guid":{"rendered":"https:\/\/kuzeyinsesi.org\/index.php\/2025\/03\/07\/lbonun-lbo-ile-orkestrayi-taniyalim-egitim-konserleri-surlaricinde-devam-etti\/"},"modified":"2025-03-07T14:26:32","modified_gmt":"2025-03-07T12:26:32","slug":"lbonun-lbo-ile-orkestrayi-taniyalim-egitim-konserleri-surlaricinde-devam-etti","status":"publish","type":"post","link":"https:\/\/kuzeyinsesi.org\/index.php\/2025\/03\/07\/lbonun-lbo-ile-orkestrayi-taniyalim-egitim-konserleri-surlaricinde-devam-etti\/","title":{"rendered":"LBO\u2019nun \u201cLBO ile Orkestray\u0131 Tan\u0131yal\u0131m\u201d e\u011fitim konserleri Surlari\u00e7i\u2019nde devam etti"},"content":{"rendered":"<div>\n<div class=\"mariselle-image-container center\">\n                                            <\/div>\n<p>\nLefko\u015fa Belediye Orkestras\u0131 (LBO), \u00e7ocuklara m\u00fczi\u011fi sevdirmek ve orkestray\u0131 tan\u0131tmak amac\u0131yla \u201cLBO ile Orkestray\u0131 Tan\u0131yal\u0131m\u201d e\u011fitim konserlerini 2025 y\u0131l\u0131nda da farkl\u0131 okullarla ger\u00e7ekle\u015ftirmeye devam ediyor.<\/p>\n<p>LTB\u2019den yap\u0131lan a\u00e7\u0131klamaya g\u00f6re, bu y\u0131l\u0131n etkinlik takvimi kapsam\u0131nda Arabahmet K\u00fclt\u00fcr Evi\u2019nde Atat\u00fcrk \u0130lkokulu 4. ve 5. S\u0131n\u0131f \u00f6\u011frencileri ve Arabahmet \u0130lkokulu 4. ve 5. S\u0131n\u0131f \u00f6\u011frencilerine e\u011fitim konserleri verildi.<\/p>\n<p>Sanem Ko\u00e7 taraf\u0131ndan sunulan ve m\u00fczisyenlerle birlikte sahnedeki m\u00fczik aletlerini tan\u0131tt\u0131\u011f\u0131 etkinlikte, klasik m\u00fczik konserleri hakk\u0131nda \u00e7ocuklar\u0131 e\u011fitici bilgiler de verildi.<\/p>\n<p>Etkinli\u011fin ikinci b\u00f6l\u00fcm\u00fcnde ise \u015eef Oskay Hoca y\u00f6netimindeki Lefko\u015fa Belediye Orkestras\u0131, \u00e7ocuk \u015fark\u0131lar\u0131ndan olu\u015fan mini bir konser ger\u00e7ekle\u015ftirdi.<\/p>\n<p>-M\u00fczi\u011fi sevdiren bir yolculuk<\/p>\n<p>Lefko\u015fa T\u00fcrk Belediyesi Ba\u015fkan\u0131 Mehmet Harmanc\u0131 yapt\u0131\u011f\u0131 a\u00e7\u0131klamada \u201cLefko\u015fa Belediye Orkestras\u0131, m\u00fczi\u011fin birle\u015ftirici g\u00fcc\u00fcn\u00fc \u00e7ocuklar\u0131m\u0131za aktararak hem \u015fehrimizin hem de onlar\u0131n d\u00fcnyalar\u0131n\u0131 g\u00fczelle\u015ftirmeyi s\u00fcrd\u00fcr\u00fcyor. Lefko\u015fa notalarla, Lefko\u015fa m\u00fczikle \u00e7ok g\u00fczel. \u00c7ocuklar\u0131m\u0131z\u0131n m\u00fczikle i\u00e7 i\u00e7e b\u00fcy\u00fcmelerini sa\u011flamak, hayal g\u00fc\u00e7lerini geli\u015ftirmek ve m\u00fczi\u011fi hayatlar\u0131n\u0131n bir par\u00e7as\u0131 haline getirmek i\u00e7in y\u0131llard\u0131r b\u00fcy\u00fck bir \u00f6zveriyle \u00e7al\u0131\u015f\u0131yor. Bu etkinliklerle gelece\u011fin yarat\u0131c\u0131 bireylerini yeti\u015ftirmenin ilk ad\u0131mlar\u0131n\u0131 at\u0131yoruz. \u00c7ocuklar\u0131m\u0131z\u0131n notalar\u0131n b\u00fcy\u00fcs\u00fcn\u00fc ke\u015ffetmesi ve m\u00fczi\u011fin bir par\u00e7as\u0131 olmalar\u0131 bizler i\u00e7in b\u00fcy\u00fck bir mutluluk kayna\u011f\u0131.\u201d dedi.<\/p>\n<p>\u201cLBO ile Orkestray\u0131 Tan\u0131yal\u0131m\u201d e\u011fitim konserleri, 2025 y\u0131l\u0131 boyunca Lefko\u015fa genelindeki okullarda ve sosyal merkezlerde devam edecek.<\/p>\n<\/p><\/div>\n<p><script async\n                    defer\n                    crossorigin=\"anonymous\"\n                    src=\"https:\/\/connect.facebook.net\/tr_TR\/sdk.js#xfbml=1&#038;version=v3.3\"\n            ><\/script><\/p>\n","protected":false},"excerpt":{"rendered":"<p>Lefko\u015fa Belediye Orkestras\u0131 (LBO), \u00e7ocuklara m\u00fczi\u011fi sevdirmek ve orkestray\u0131 tan\u0131tmak amac\u0131yla \u201cLBO ile Orkestray\u0131 Tan\u0131yal\u0131m\u201d e\u011fitim konserlerini 2025 y\u0131l\u0131nda da farkl\u0131 okullarla ger\u00e7ekle\u015ftirmeye devam ediyor. LTB\u2019den yap\u0131lan a\u00e7\u0131klamaya g\u00f6re, bu y\u0131l\u0131n etkinlik takvimi kapsam\u0131nda Arabahmet K\u00fclt\u00fcr Evi\u2019nde Atat\u00fcrk \u0130lkokulu 4. ve 5. S\u0131n\u0131f \u00f6\u011frencileri ve Arabahmet \u0130lkokulu 4. ve 5. S\u0131n\u0131f \u00f6\u011frencilerine e\u011fitim konserleri verildi. [&hellip;]<\/p>\n","protected":false},"author":1,"featured_media":20409,"comment_status":"open","ping_status":"open","sticky":false,"template":"","format":"standard","meta":{"jnews-multi-image_gallery":[],"jnews_single_post":[],"jnews_primary_category":[],"jnews_social_meta":[],"jnews_override_counter":[],"footnotes":""},"categories":[6],"tags":[],"class_list":["post-20408","post","type-post","status-publish","format-standard","has-post-thumbnail","hentry","category-yasam"],"yoast_head":"<!-- This site is optimized with the Yoast SEO plugin v27.4 - https:\/\/yoast.com\/product\/yoast-seo-wordpress\/ -->\n<title>LBO\u2019nun \u201cLBO ile Orkestray\u0131 Tan\u0131yal\u0131m\u201d e\u011fitim konserleri Surlari\u00e7i\u2019nde devam etti - Kuzeyin Sesi<\/title>\n<meta name=\"robots\" content=\"index, follow, max-snippet:-1, max-image-preview:large, max-video-preview:-1\" \/>\n<link rel=\"canonical\" href=\"https:\/\/kuzeyinsesi.org\/index.php\/2025\/03\/07\/lbonun-lbo-ile-orkestrayi-taniyalim-egitim-konserleri-surlaricinde-devam-etti\/\" \/>\n<meta property=\"og:locale\" content=\"tr_TR\" \/>\n<meta property=\"og:type\" content=\"article\" \/>\n<meta property=\"og:title\" content=\"LBO\u2019nun \u201cLBO ile Orkestray\u0131 Tan\u0131yal\u0131m\u201d e\u011fitim konserleri Surlari\u00e7i\u2019nde devam etti - Kuzeyin Sesi\" \/>\n<meta property=\"og:description\" content=\"Lefko\u015fa Belediye Orkestras\u0131 (LBO), \u00e7ocuklara m\u00fczi\u011fi sevdirmek ve orkestray\u0131 tan\u0131tmak amac\u0131yla \u201cLBO ile Orkestray\u0131 Tan\u0131yal\u0131m\u201d e\u011fitim konserlerini 2025 y\u0131l\u0131nda da farkl\u0131 okullarla ger\u00e7ekle\u015ftirmeye devam ediyor. LTB\u2019den yap\u0131lan a\u00e7\u0131klamaya g\u00f6re, bu y\u0131l\u0131n etkinlik takvimi kapsam\u0131nda Arabahmet K\u00fclt\u00fcr Evi\u2019nde Atat\u00fcrk \u0130lkokulu 4. ve 5. S\u0131n\u0131f \u00f6\u011frencileri ve Arabahmet \u0130lkokulu 4. ve 5. S\u0131n\u0131f \u00f6\u011frencilerine e\u011fitim konserleri verildi. [&hellip;]\" \/>\n<meta property=\"og:url\" content=\"https:\/\/kuzeyinsesi.org\/index.php\/2025\/03\/07\/lbonun-lbo-ile-orkestrayi-taniyalim-egitim-konserleri-surlaricinde-devam-etti\/\" \/>\n<meta property=\"og:site_name\" content=\"Kuzeyin Sesi\" \/>\n<meta property=\"article:publisher\" content=\"https:\/\/www.facebook.com\/kuzeyinsesii\" \/>\n<meta property=\"article:published_time\" content=\"2025-03-07T12:26:32+00:00\" \/>\n<meta property=\"og:image\" content=\"https:\/\/brtk.net\/wp-content\/uploads\/2025\/03\/07\/1741343364354ltb-orkestrayi-taniyalim-1.jpeg?ver=efec75c12d9713f0fc8ac798f0c8c8fe\" \/>\n<meta name=\"author\" content=\"Kuzeyin Sesi\" \/>\n<meta name=\"twitter:card\" content=\"summary_large_image\" \/>\n<meta name=\"twitter:creator\" content=\"@kuzeyinsesii\" \/>\n<meta name=\"twitter:site\" content=\"@kuzeyinsesii\" \/>\n<meta name=\"twitter:label1\" content=\"Yazan:\" \/>\n\t<meta name=\"twitter:data1\" content=\"Kuzeyin Sesi\" \/>\n\t<meta name=\"twitter:label2\" content=\"Tahmini okuma s\u00fcresi\" \/>\n\t<meta name=\"twitter:data2\" content=\"2 dakika\" \/>\n<script type=\"application\/ld+json\" class=\"yoast-schema-graph\">{\"@context\":\"https:\\\/\\\/schema.org\",\"@graph\":[{\"@type\":\"Article\",\"@id\":\"https:\\\/\\\/kuzeyinsesi.org\\\/index.php\\\/2025\\\/03\\\/07\\\/lbonun-lbo-ile-orkestrayi-taniyalim-egitim-konserleri-surlaricinde-devam-etti\\\/#article\",\"isPartOf\":{\"@id\":\"https:\\\/\\\/kuzeyinsesi.org\\\/index.php\\\/2025\\\/03\\\/07\\\/lbonun-lbo-ile-orkestrayi-taniyalim-egitim-konserleri-surlaricinde-devam-etti\\\/\"},\"author\":{\"name\":\"Kuzeyin Sesi\",\"@id\":\"https:\\\/\\\/kuzeyinsesi.org\\\/#\\\/schema\\\/person\\\/9f859689cdf01485597712386e37f5aa\"},\"headline\":\"LBO\u2019nun \u201cLBO ile Orkestray\u0131 Tan\u0131yal\u0131m\u201d e\u011fitim konserleri Surlari\u00e7i\u2019nde devam etti\",\"datePublished\":\"2025-03-07T12:26:32+00:00\",\"mainEntityOfPage\":{\"@id\":\"https:\\\/\\\/kuzeyinsesi.org\\\/index.php\\\/2025\\\/03\\\/07\\\/lbonun-lbo-ile-orkestrayi-taniyalim-egitim-konserleri-surlaricinde-devam-etti\\\/\"},\"wordCount\":320,\"commentCount\":0,\"image\":{\"@id\":\"https:\\\/\\\/kuzeyinsesi.org\\\/index.php\\\/2025\\\/03\\\/07\\\/lbonun-lbo-ile-orkestrayi-taniyalim-egitim-konserleri-surlaricinde-devam-etti\\\/#primaryimage\"},\"thumbnailUrl\":\"https:\\\/\\\/kuzeyinsesi.org\\\/wp-content\\\/uploads\\\/2025\\\/03\\\/1741343364354ltb-orkestrayi-taniyalim-1.jpeg\",\"articleSection\":[\"Ya\u015fam\"],\"inLanguage\":\"tr\",\"potentialAction\":[{\"@type\":\"CommentAction\",\"name\":\"Comment\",\"target\":[\"https:\\\/\\\/kuzeyinsesi.org\\\/index.php\\\/2025\\\/03\\\/07\\\/lbonun-lbo-ile-orkestrayi-taniyalim-egitim-konserleri-surlaricinde-devam-etti\\\/#respond\"]}]},{\"@type\":\"WebPage\",\"@id\":\"https:\\\/\\\/kuzeyinsesi.org\\\/index.php\\\/2025\\\/03\\\/07\\\/lbonun-lbo-ile-orkestrayi-taniyalim-egitim-konserleri-surlaricinde-devam-etti\\\/\",\"url\":\"https:\\\/\\\/kuzeyinsesi.org\\\/index.php\\\/2025\\\/03\\\/07\\\/lbonun-lbo-ile-orkestrayi-taniyalim-egitim-konserleri-surlaricinde-devam-etti\\\/\",\"name\":\"LBO\u2019nun \u201cLBO ile Orkestray\u0131 Tan\u0131yal\u0131m\u201d e\u011fitim konserleri Surlari\u00e7i\u2019nde devam etti - Kuzeyin Sesi\",\"isPartOf\":{\"@id\":\"https:\\\/\\\/kuzeyinsesi.org\\\/#website\"},\"primaryImageOfPage\":{\"@id\":\"https:\\\/\\\/kuzeyinsesi.org\\\/index.php\\\/2025\\\/03\\\/07\\\/lbonun-lbo-ile-orkestrayi-taniyalim-egitim-konserleri-surlaricinde-devam-etti\\\/#primaryimage\"},\"image\":{\"@id\":\"https:\\\/\\\/kuzeyinsesi.org\\\/index.php\\\/2025\\\/03\\\/07\\\/lbonun-lbo-ile-orkestrayi-taniyalim-egitim-konserleri-surlaricinde-devam-etti\\\/#primaryimage\"},\"thumbnailUrl\":\"https:\\\/\\\/kuzeyinsesi.org\\\/wp-content\\\/uploads\\\/2025\\\/03\\\/1741343364354ltb-orkestrayi-taniyalim-1.jpeg\",\"datePublished\":\"2025-03-07T12:26:32+00:00\",\"author\":{\"@id\":\"https:\\\/\\\/kuzeyinsesi.org\\\/#\\\/schema\\\/person\\\/9f859689cdf01485597712386e37f5aa\"},\"breadcrumb\":{\"@id\":\"https:\\\/\\\/kuzeyinsesi.org\\\/index.php\\\/2025\\\/03\\\/07\\\/lbonun-lbo-ile-orkestrayi-taniyalim-egitim-konserleri-surlaricinde-devam-etti\\\/#breadcrumb\"},\"inLanguage\":\"tr\",\"potentialAction\":[{\"@type\":\"ReadAction\",\"target\":[\"https:\\\/\\\/kuzeyinsesi.org\\\/index.php\\\/2025\\\/03\\\/07\\\/lbonun-lbo-ile-orkestrayi-taniyalim-egitim-konserleri-surlaricinde-devam-etti\\\/\"]}]},{\"@type\":\"ImageObject\",\"inLanguage\":\"tr\",\"@id\":\"https:\\\/\\\/kuzeyinsesi.org\\\/index.php\\\/2025\\\/03\\\/07\\\/lbonun-lbo-ile-orkestrayi-taniyalim-egitim-konserleri-surlaricinde-devam-etti\\\/#primaryimage\",\"url\":\"https:\\\/\\\/kuzeyinsesi.org\\\/wp-content\\\/uploads\\\/2025\\\/03\\\/1741343364354ltb-orkestrayi-taniyalim-1.jpeg\",\"contentUrl\":\"https:\\\/\\\/kuzeyinsesi.org\\\/wp-content\\\/uploads\\\/2025\\\/03\\\/1741343364354ltb-orkestrayi-taniyalim-1.jpeg\",\"width\":1600,\"height\":990},{\"@type\":\"BreadcrumbList\",\"@id\":\"https:\\\/\\\/kuzeyinsesi.org\\\/index.php\\\/2025\\\/03\\\/07\\\/lbonun-lbo-ile-orkestrayi-taniyalim-egitim-konserleri-surlaricinde-devam-etti\\\/#breadcrumb\",\"itemListElement\":[{\"@type\":\"ListItem\",\"position\":1,\"name\":\"Anasayfa\",\"item\":\"https:\\\/\\\/kuzeyinsesi.org\\\/\"},{\"@type\":\"ListItem\",\"position\":2,\"name\":\"LBO\u2019nun \u201cLBO ile Orkestray\u0131 Tan\u0131yal\u0131m\u201d e\u011fitim konserleri Surlari\u00e7i\u2019nde devam etti\"}]},{\"@type\":\"WebSite\",\"@id\":\"https:\\\/\\\/kuzeyinsesi.org\\\/#website\",\"url\":\"https:\\\/\\\/kuzeyinsesi.org\\\/\",\"name\":\"Kuzeyin Sesi\",\"description\":\"Do\u011fru Haberin Adresi\",\"potentialAction\":[{\"@type\":\"SearchAction\",\"target\":{\"@type\":\"EntryPoint\",\"urlTemplate\":\"https:\\\/\\\/kuzeyinsesi.org\\\/?s={search_term_string}\"},\"query-input\":{\"@type\":\"PropertyValueSpecification\",\"valueRequired\":true,\"valueName\":\"search_term_string\"}}],\"inLanguage\":\"tr\"},{\"@type\":\"Person\",\"@id\":\"https:\\\/\\\/kuzeyinsesi.org\\\/#\\\/schema\\\/person\\\/9f859689cdf01485597712386e37f5aa\",\"name\":\"Kuzeyin Sesi\",\"image\":{\"@type\":\"ImageObject\",\"inLanguage\":\"tr\",\"@id\":\"https:\\\/\\\/secure.gravatar.com\\\/avatar\\\/bab33852abfd8b282518d6ed81826833d77c3c882d9ab608add591ccace47a44?s=96&d=mm&r=g\",\"url\":\"https:\\\/\\\/secure.gravatar.com\\\/avatar\\\/bab33852abfd8b282518d6ed81826833d77c3c882d9ab608add591ccace47a44?s=96&d=mm&r=g\",\"contentUrl\":\"https:\\\/\\\/secure.gravatar.com\\\/avatar\\\/bab33852abfd8b282518d6ed81826833d77c3c882d9ab608add591ccace47a44?s=96&d=mm&r=g\",\"caption\":\"Kuzeyin Sesi\"},\"sameAs\":[\"https:\\\/\\\/kuzeyinsesi.org\"],\"url\":\"https:\\\/\\\/kuzeyinsesi.org\\\/index.php\\\/author\\\/guven\\\/\"}]}<\/script>\n<!-- \/ Yoast SEO plugin. -->","yoast_head_json":{"title":"LBO\u2019nun \u201cLBO ile Orkestray\u0131 Tan\u0131yal\u0131m\u201d e\u011fitim konserleri Surlari\u00e7i\u2019nde devam etti - Kuzeyin Sesi","robots":{"index":"index","follow":"follow","max-snippet":"max-snippet:-1","max-image-preview":"max-image-preview:large","max-video-preview":"max-video-preview:-1"},"canonical":"https:\/\/kuzeyinsesi.org\/index.php\/2025\/03\/07\/lbonun-lbo-ile-orkestrayi-taniyalim-egitim-konserleri-surlaricinde-devam-etti\/","og_locale":"tr_TR","og_type":"article","og_title":"LBO\u2019nun \u201cLBO ile Orkestray\u0131 Tan\u0131yal\u0131m\u201d e\u011fitim konserleri Surlari\u00e7i\u2019nde devam etti - Kuzeyin Sesi","og_description":"Lefko\u015fa Belediye Orkestras\u0131 (LBO), \u00e7ocuklara m\u00fczi\u011fi sevdirmek ve orkestray\u0131 tan\u0131tmak amac\u0131yla \u201cLBO ile Orkestray\u0131 Tan\u0131yal\u0131m\u201d e\u011fitim konserlerini 2025 y\u0131l\u0131nda da farkl\u0131 okullarla ger\u00e7ekle\u015ftirmeye devam ediyor. LTB\u2019den yap\u0131lan a\u00e7\u0131klamaya g\u00f6re, bu y\u0131l\u0131n etkinlik takvimi kapsam\u0131nda Arabahmet K\u00fclt\u00fcr Evi\u2019nde Atat\u00fcrk \u0130lkokulu 4. ve 5. S\u0131n\u0131f \u00f6\u011frencileri ve Arabahmet \u0130lkokulu 4. ve 5. S\u0131n\u0131f \u00f6\u011frencilerine e\u011fitim konserleri verildi. [&hellip;]","og_url":"https:\/\/kuzeyinsesi.org\/index.php\/2025\/03\/07\/lbonun-lbo-ile-orkestrayi-taniyalim-egitim-konserleri-surlaricinde-devam-etti\/","og_site_name":"Kuzeyin Sesi","article_publisher":"https:\/\/www.facebook.com\/kuzeyinsesii","article_published_time":"2025-03-07T12:26:32+00:00","og_image":[{"url":"https:\/\/brtk.net\/wp-content\/uploads\/2025\/03\/07\/1741343364354ltb-orkestrayi-taniyalim-1.jpeg?ver=efec75c12d9713f0fc8ac798f0c8c8fe","type":"","width":"","height":""}],"author":"Kuzeyin Sesi","twitter_card":"summary_large_image","twitter_creator":"@kuzeyinsesii","twitter_site":"@kuzeyinsesii","twitter_misc":{"Yazan:":"Kuzeyin Sesi","Tahmini okuma s\u00fcresi":"2 dakika"},"schema":{"@context":"https:\/\/schema.org","@graph":[{"@type":"Article","@id":"https:\/\/kuzeyinsesi.org\/index.php\/2025\/03\/07\/lbonun-lbo-ile-orkestrayi-taniyalim-egitim-konserleri-surlaricinde-devam-etti\/#article","isPartOf":{"@id":"https:\/\/kuzeyinsesi.org\/index.php\/2025\/03\/07\/lbonun-lbo-ile-orkestrayi-taniyalim-egitim-konserleri-surlaricinde-devam-etti\/"},"author":{"name":"Kuzeyin Sesi","@id":"https:\/\/kuzeyinsesi.org\/#\/schema\/person\/9f859689cdf01485597712386e37f5aa"},"headline":"LBO\u2019nun \u201cLBO ile Orkestray\u0131 Tan\u0131yal\u0131m\u201d e\u011fitim konserleri Surlari\u00e7i\u2019nde devam etti","datePublished":"2025-03-07T12:26:32+00:00","mainEntityOfPage":{"@id":"https:\/\/kuzeyinsesi.org\/index.php\/2025\/03\/07\/lbonun-lbo-ile-orkestrayi-taniyalim-egitim-konserleri-surlaricinde-devam-etti\/"},"wordCount":320,"commentCount":0,"image":{"@id":"https:\/\/kuzeyinsesi.org\/index.php\/2025\/03\/07\/lbonun-lbo-ile-orkestrayi-taniyalim-egitim-konserleri-surlaricinde-devam-etti\/#primaryimage"},"thumbnailUrl":"https:\/\/kuzeyinsesi.org\/wp-content\/uploads\/2025\/03\/1741343364354ltb-orkestrayi-taniyalim-1.jpeg","articleSection":["Ya\u015fam"],"inLanguage":"tr","potentialAction":[{"@type":"CommentAction","name":"Comment","target":["https:\/\/kuzeyinsesi.org\/index.php\/2025\/03\/07\/lbonun-lbo-ile-orkestrayi-taniyalim-egitim-konserleri-surlaricinde-devam-etti\/#respond"]}]},{"@type":"WebPage","@id":"https:\/\/kuzeyinsesi.org\/index.php\/2025\/03\/07\/lbonun-lbo-ile-orkestrayi-taniyalim-egitim-konserleri-surlaricinde-devam-etti\/","url":"https:\/\/kuzeyinsesi.org\/index.php\/2025\/03\/07\/lbonun-lbo-ile-orkestrayi-taniyalim-egitim-konserleri-surlaricinde-devam-etti\/","name":"LBO\u2019nun \u201cLBO ile Orkestray\u0131 Tan\u0131yal\u0131m\u201d e\u011fitim konserleri Surlari\u00e7i\u2019nde devam etti - Kuzeyin Sesi","isPartOf":{"@id":"https:\/\/kuzeyinsesi.org\/#website"},"primaryImageOfPage":{"@id":"https:\/\/kuzeyinsesi.org\/index.php\/2025\/03\/07\/lbonun-lbo-ile-orkestrayi-taniyalim-egitim-konserleri-surlaricinde-devam-etti\/#primaryimage"},"image":{"@id":"https:\/\/kuzeyinsesi.org\/index.php\/2025\/03\/07\/lbonun-lbo-ile-orkestrayi-taniyalim-egitim-konserleri-surlaricinde-devam-etti\/#primaryimage"},"thumbnailUrl":"https:\/\/kuzeyinsesi.org\/wp-content\/uploads\/2025\/03\/1741343364354ltb-orkestrayi-taniyalim-1.jpeg","datePublished":"2025-03-07T12:26:32+00:00","author":{"@id":"https:\/\/kuzeyinsesi.org\/#\/schema\/person\/9f859689cdf01485597712386e37f5aa"},"breadcrumb":{"@id":"https:\/\/kuzeyinsesi.org\/index.php\/2025\/03\/07\/lbonun-lbo-ile-orkestrayi-taniyalim-egitim-konserleri-surlaricinde-devam-etti\/#breadcrumb"},"inLanguage":"tr","potentialAction":[{"@type":"ReadAction","target":["https:\/\/kuzeyinsesi.org\/index.php\/2025\/03\/07\/lbonun-lbo-ile-orkestrayi-taniyalim-egitim-konserleri-surlaricinde-devam-etti\/"]}]},{"@type":"ImageObject","inLanguage":"tr","@id":"https:\/\/kuzeyinsesi.org\/index.php\/2025\/03\/07\/lbonun-lbo-ile-orkestrayi-taniyalim-egitim-konserleri-surlaricinde-devam-etti\/#primaryimage","url":"https:\/\/kuzeyinsesi.org\/wp-content\/uploads\/2025\/03\/1741343364354ltb-orkestrayi-taniyalim-1.jpeg","contentUrl":"https:\/\/kuzeyinsesi.org\/wp-content\/uploads\/2025\/03\/1741343364354ltb-orkestrayi-taniyalim-1.jpeg","width":1600,"height":990},{"@type":"BreadcrumbList","@id":"https:\/\/kuzeyinsesi.org\/index.php\/2025\/03\/07\/lbonun-lbo-ile-orkestrayi-taniyalim-egitim-konserleri-surlaricinde-devam-etti\/#breadcrumb","itemListElement":[{"@type":"ListItem","position":1,"name":"Anasayfa","item":"https:\/\/kuzeyinsesi.org\/"},{"@type":"ListItem","position":2,"name":"LBO\u2019nun \u201cLBO ile Orkestray\u0131 Tan\u0131yal\u0131m\u201d e\u011fitim konserleri Surlari\u00e7i\u2019nde devam etti"}]},{"@type":"WebSite","@id":"https:\/\/kuzeyinsesi.org\/#website","url":"https:\/\/kuzeyinsesi.org\/","name":"Kuzeyin Sesi","description":"Do\u011fru Haberin Adresi","potentialAction":[{"@type":"SearchAction","target":{"@type":"EntryPoint","urlTemplate":"https:\/\/kuzeyinsesi.org\/?s={search_term_string}"},"query-input":{"@type":"PropertyValueSpecification","valueRequired":true,"valueName":"search_term_string"}}],"inLanguage":"tr"},{"@type":"Person","@id":"https:\/\/kuzeyinsesi.org\/#\/schema\/person\/9f859689cdf01485597712386e37f5aa","name":"Kuzeyin Sesi","image":{"@type":"ImageObject","inLanguage":"tr","@id":"https:\/\/secure.gravatar.com\/avatar\/bab33852abfd8b282518d6ed81826833d77c3c882d9ab608add591ccace47a44?s=96&d=mm&r=g","url":"https:\/\/secure.gravatar.com\/avatar\/bab33852abfd8b282518d6ed81826833d77c3c882d9ab608add591ccace47a44?s=96&d=mm&r=g","contentUrl":"https:\/\/secure.gravatar.com\/avatar\/bab33852abfd8b282518d6ed81826833d77c3c882d9ab608add591ccace47a44?s=96&d=mm&r=g","caption":"Kuzeyin Sesi"},"sameAs":["https:\/\/kuzeyinsesi.org"],"url":"https:\/\/kuzeyinsesi.org\/index.php\/author\/guven\/"}]}},"_links":{"self":[{"href":"https:\/\/kuzeyinsesi.org\/index.php\/wp-json\/wp\/v2\/posts\/20408","targetHints":{"allow":["GET"]}}],"collection":[{"href":"https:\/\/kuzeyinsesi.org\/index.php\/wp-json\/wp\/v2\/posts"}],"about":[{"href":"https:\/\/kuzeyinsesi.org\/index.php\/wp-json\/wp\/v2\/types\/post"}],"author":[{"embeddable":true,"href":"https:\/\/kuzeyinsesi.org\/index.php\/wp-json\/wp\/v2\/users\/1"}],"replies":[{"embeddable":true,"href":"https:\/\/kuzeyinsesi.org\/index.php\/wp-json\/wp\/v2\/comments?post=20408"}],"version-history":[{"count":0,"href":"https:\/\/kuzeyinsesi.org\/index.php\/wp-json\/wp\/v2\/posts\/20408\/revisions"}],"wp:featuredmedia":[{"embeddable":true,"href":"https:\/\/kuzeyinsesi.org\/index.php\/wp-json\/wp\/v2\/media\/20409"}],"wp:attachment":[{"href":"https:\/\/kuzeyinsesi.org\/index.php\/wp-json\/wp\/v2\/media?parent=20408"}],"wp:term":[{"taxonomy":"category","embeddable":true,"href":"https:\/\/kuzeyinsesi.org\/index.php\/wp-json\/wp\/v2\/categories?post=20408"},{"taxonomy":"post_tag","embeddable":true,"href":"https:\/\/kuzeyinsesi.org\/index.php\/wp-json\/wp\/v2\/tags?post=20408"}],"curies":[{"name":"wp","href":"https:\/\/api.w.org\/{rel}","templated":true}]}}