{"id":20398,"date":"2025-03-07T13:25:10","date_gmt":"2025-03-07T11:25:10","guid":{"rendered":"https:\/\/kuzeyinsesi.org\/index.php\/2025\/03\/07\/cinnet-mevsimi-tufadda-gosterildi\/"},"modified":"2025-03-07T13:25:10","modified_gmt":"2025-03-07T11:25:10","slug":"cinnet-mevsimi-tufadda-gosterildi","status":"publish","type":"post","link":"https:\/\/kuzeyinsesi.org\/index.php\/2025\/03\/07\/cinnet-mevsimi-tufadda-gosterildi\/","title":{"rendered":"\u201cCinnet Mevsimi\u201d TUFAD\u2019da g\u00f6sterildi"},"content":{"rendered":"<div>\n<div class=\"mariselle-image-container center\">\n                                            <\/div>\n<p>2015 y\u0131l\u0131nda uyu\u015fturucu tacirlerinin kurban\u0131 olan ve gen\u00e7 ya\u015fta hayat\u0131n\u0131 kaybeden Arda Erkan\u2019\u0131n an\u0131s\u0131na \u00e7ekilen belgesel, Turizm ve Folklor Ara\u015ft\u0131rmalar\u0131 Derne\u011fi\u2019nin ev sahipli\u011finde g\u00f6sterildi.<\/p>\n<p>Elvan Levent\u2019in y\u00f6netmenli\u011finde ve TUFAD\u2019\u0131n katk\u0131lar\u0131yla, Arda Erkan\u2019\u0131n anne ve babas\u0131 taraf\u0131ndan haz\u0131rlanan belgeselin g\u00f6sterimine Ba\u015fbakanl\u0131k Uyu\u015fturucuyla M\u00fccadele Ba\u015fkan\u0131 Teyfide Tecel Treme\u015feli de kat\u0131ld\u0131. Etkinlikte TUFAD \u00fcyeleri yan\u0131nda di\u011fer baz\u0131 vatanda\u015flar da yer ald\u0131.<\/p>\n<p>Derne\u011fin sosyal sorumluluk projesi kapsam\u0131nda d\u00fczenlenen etkinlikte, madde ba\u011f\u0131ml\u0131l\u0131\u011f\u0131 ve Arda Erkan\u2019\u0131n hayat\u0131n\u0131 konu alan \u201cCinnet Mevsimi\u201d belgeseli, Arda\u2019n\u0131n do\u011fum g\u00fcn\u00fc nedeniyle sunuldu.<\/p>\n<p>Duygusal anlar\u0131n ya\u015fand\u0131\u011f\u0131 g\u00f6sterimin fark\u0131ndal\u0131k yaratmas\u0131 hedeflendi.<\/p>\n<\/p><\/div>\n<p><script async\n                    defer\n                    crossorigin=\"anonymous\"\n                    src=\"https:\/\/connect.facebook.net\/tr_TR\/sdk.js#xfbml=1&#038;version=v3.3\"\n            ><\/script><\/p>\n","protected":false},"excerpt":{"rendered":"<p>2015 y\u0131l\u0131nda uyu\u015fturucu tacirlerinin kurban\u0131 olan ve gen\u00e7 ya\u015fta hayat\u0131n\u0131 kaybeden Arda Erkan\u2019\u0131n an\u0131s\u0131na \u00e7ekilen belgesel, Turizm ve Folklor Ara\u015ft\u0131rmalar\u0131 Derne\u011fi\u2019nin ev sahipli\u011finde g\u00f6sterildi. Elvan Levent\u2019in y\u00f6netmenli\u011finde ve TUFAD\u2019\u0131n katk\u0131lar\u0131yla, Arda Erkan\u2019\u0131n anne ve babas\u0131 taraf\u0131ndan haz\u0131rlanan belgeselin g\u00f6sterimine Ba\u015fbakanl\u0131k Uyu\u015fturucuyla M\u00fccadele Ba\u015fkan\u0131 Teyfide Tecel Treme\u015feli de kat\u0131ld\u0131. Etkinlikte TUFAD \u00fcyeleri yan\u0131nda di\u011fer baz\u0131 vatanda\u015flar [&hellip;]<\/p>\n","protected":false},"author":1,"featured_media":20399,"comment_status":"open","ping_status":"open","sticky":false,"template":"","format":"standard","meta":{"jnews-multi-image_gallery":[],"jnews_single_post":[],"jnews_primary_category":[],"jnews_social_meta":[],"jnews_override_counter":[],"footnotes":""},"categories":[6],"tags":[],"class_list":["post-20398","post","type-post","status-publish","format-standard","has-post-thumbnail","hentry","category-yasam"],"yoast_head":"<!-- This site is optimized with the Yoast SEO plugin v27.4 - https:\/\/yoast.com\/product\/yoast-seo-wordpress\/ -->\n<title>\u201cCinnet Mevsimi\u201d TUFAD\u2019da g\u00f6sterildi - Kuzeyin Sesi<\/title>\n<meta name=\"robots\" content=\"index, follow, max-snippet:-1, max-image-preview:large, max-video-preview:-1\" \/>\n<link rel=\"canonical\" href=\"https:\/\/kuzeyinsesi.org\/index.php\/2025\/03\/07\/cinnet-mevsimi-tufadda-gosterildi\/\" \/>\n<meta property=\"og:locale\" content=\"tr_TR\" \/>\n<meta property=\"og:type\" content=\"article\" \/>\n<meta property=\"og:title\" content=\"\u201cCinnet Mevsimi\u201d TUFAD\u2019da g\u00f6sterildi - Kuzeyin Sesi\" \/>\n<meta property=\"og:description\" content=\"2015 y\u0131l\u0131nda uyu\u015fturucu tacirlerinin kurban\u0131 olan ve gen\u00e7 ya\u015fta hayat\u0131n\u0131 kaybeden Arda Erkan\u2019\u0131n an\u0131s\u0131na \u00e7ekilen belgesel, Turizm ve Folklor Ara\u015ft\u0131rmalar\u0131 Derne\u011fi\u2019nin ev sahipli\u011finde g\u00f6sterildi. Elvan Levent\u2019in y\u00f6netmenli\u011finde ve TUFAD\u2019\u0131n katk\u0131lar\u0131yla, Arda Erkan\u2019\u0131n anne ve babas\u0131 taraf\u0131ndan haz\u0131rlanan belgeselin g\u00f6sterimine Ba\u015fbakanl\u0131k Uyu\u015fturucuyla M\u00fccadele Ba\u015fkan\u0131 Teyfide Tecel Treme\u015feli de kat\u0131ld\u0131. Etkinlikte TUFAD \u00fcyeleri yan\u0131nda di\u011fer baz\u0131 vatanda\u015flar [&hellip;]\" \/>\n<meta property=\"og:url\" content=\"https:\/\/kuzeyinsesi.org\/index.php\/2025\/03\/07\/cinnet-mevsimi-tufadda-gosterildi\/\" \/>\n<meta property=\"og:site_name\" content=\"Kuzeyin Sesi\" \/>\n<meta property=\"article:publisher\" content=\"https:\/\/www.facebook.com\/kuzeyinsesii\" \/>\n<meta property=\"article:published_time\" content=\"2025-03-07T11:25:10+00:00\" \/>\n<meta property=\"og:image\" content=\"https:\/\/brtk.net\/wp-content\/uploads\/2025\/03\/07\/1741345629908CINNET-MEVSIMI-1.jpg?ver=0b3d7dd6454c264b1905312ea669f179\" \/>\n<meta name=\"author\" content=\"Kuzeyin Sesi\" \/>\n<meta name=\"twitter:card\" content=\"summary_large_image\" \/>\n<meta name=\"twitter:creator\" content=\"@kuzeyinsesii\" \/>\n<meta name=\"twitter:site\" content=\"@kuzeyinsesii\" \/>\n<meta name=\"twitter:label1\" content=\"Yazan:\" \/>\n\t<meta name=\"twitter:data1\" content=\"Kuzeyin Sesi\" \/>\n\t<meta name=\"twitter:label2\" content=\"Tahmini okuma s\u00fcresi\" \/>\n\t<meta name=\"twitter:data2\" content=\"1 dakika\" \/>\n<script type=\"application\/ld+json\" class=\"yoast-schema-graph\">{\"@context\":\"https:\\\/\\\/schema.org\",\"@graph\":[{\"@type\":\"Article\",\"@id\":\"https:\\\/\\\/kuzeyinsesi.org\\\/index.php\\\/2025\\\/03\\\/07\\\/cinnet-mevsimi-tufadda-gosterildi\\\/#article\",\"isPartOf\":{\"@id\":\"https:\\\/\\\/kuzeyinsesi.org\\\/index.php\\\/2025\\\/03\\\/07\\\/cinnet-mevsimi-tufadda-gosterildi\\\/\"},\"author\":{\"name\":\"Kuzeyin Sesi\",\"@id\":\"https:\\\/\\\/kuzeyinsesi.org\\\/#\\\/schema\\\/person\\\/9f859689cdf01485597712386e37f5aa\"},\"headline\":\"\u201cCinnet Mevsimi\u201d TUFAD\u2019da g\u00f6sterildi\",\"datePublished\":\"2025-03-07T11:25:10+00:00\",\"mainEntityOfPage\":{\"@id\":\"https:\\\/\\\/kuzeyinsesi.org\\\/index.php\\\/2025\\\/03\\\/07\\\/cinnet-mevsimi-tufadda-gosterildi\\\/\"},\"wordCount\":143,\"commentCount\":0,\"image\":{\"@id\":\"https:\\\/\\\/kuzeyinsesi.org\\\/index.php\\\/2025\\\/03\\\/07\\\/cinnet-mevsimi-tufadda-gosterildi\\\/#primaryimage\"},\"thumbnailUrl\":\"https:\\\/\\\/kuzeyinsesi.org\\\/wp-content\\\/uploads\\\/2025\\\/03\\\/1741345629908CINNET-MEVSIMI-1.jpg\",\"articleSection\":[\"Ya\u015fam\"],\"inLanguage\":\"tr\",\"potentialAction\":[{\"@type\":\"CommentAction\",\"name\":\"Comment\",\"target\":[\"https:\\\/\\\/kuzeyinsesi.org\\\/index.php\\\/2025\\\/03\\\/07\\\/cinnet-mevsimi-tufadda-gosterildi\\\/#respond\"]}]},{\"@type\":\"WebPage\",\"@id\":\"https:\\\/\\\/kuzeyinsesi.org\\\/index.php\\\/2025\\\/03\\\/07\\\/cinnet-mevsimi-tufadda-gosterildi\\\/\",\"url\":\"https:\\\/\\\/kuzeyinsesi.org\\\/index.php\\\/2025\\\/03\\\/07\\\/cinnet-mevsimi-tufadda-gosterildi\\\/\",\"name\":\"\u201cCinnet Mevsimi\u201d TUFAD\u2019da g\u00f6sterildi - Kuzeyin Sesi\",\"isPartOf\":{\"@id\":\"https:\\\/\\\/kuzeyinsesi.org\\\/#website\"},\"primaryImageOfPage\":{\"@id\":\"https:\\\/\\\/kuzeyinsesi.org\\\/index.php\\\/2025\\\/03\\\/07\\\/cinnet-mevsimi-tufadda-gosterildi\\\/#primaryimage\"},\"image\":{\"@id\":\"https:\\\/\\\/kuzeyinsesi.org\\\/index.php\\\/2025\\\/03\\\/07\\\/cinnet-mevsimi-tufadda-gosterildi\\\/#primaryimage\"},\"thumbnailUrl\":\"https:\\\/\\\/kuzeyinsesi.org\\\/wp-content\\\/uploads\\\/2025\\\/03\\\/1741345629908CINNET-MEVSIMI-1.jpg\",\"datePublished\":\"2025-03-07T11:25:10+00:00\",\"author\":{\"@id\":\"https:\\\/\\\/kuzeyinsesi.org\\\/#\\\/schema\\\/person\\\/9f859689cdf01485597712386e37f5aa\"},\"breadcrumb\":{\"@id\":\"https:\\\/\\\/kuzeyinsesi.org\\\/index.php\\\/2025\\\/03\\\/07\\\/cinnet-mevsimi-tufadda-gosterildi\\\/#breadcrumb\"},\"inLanguage\":\"tr\",\"potentialAction\":[{\"@type\":\"ReadAction\",\"target\":[\"https:\\\/\\\/kuzeyinsesi.org\\\/index.php\\\/2025\\\/03\\\/07\\\/cinnet-mevsimi-tufadda-gosterildi\\\/\"]}]},{\"@type\":\"ImageObject\",\"inLanguage\":\"tr\",\"@id\":\"https:\\\/\\\/kuzeyinsesi.org\\\/index.php\\\/2025\\\/03\\\/07\\\/cinnet-mevsimi-tufadda-gosterildi\\\/#primaryimage\",\"url\":\"https:\\\/\\\/kuzeyinsesi.org\\\/wp-content\\\/uploads\\\/2025\\\/03\\\/1741345629908CINNET-MEVSIMI-1.jpg\",\"contentUrl\":\"https:\\\/\\\/kuzeyinsesi.org\\\/wp-content\\\/uploads\\\/2025\\\/03\\\/1741345629908CINNET-MEVSIMI-1.jpg\",\"width\":1181,\"height\":787},{\"@type\":\"BreadcrumbList\",\"@id\":\"https:\\\/\\\/kuzeyinsesi.org\\\/index.php\\\/2025\\\/03\\\/07\\\/cinnet-mevsimi-tufadda-gosterildi\\\/#breadcrumb\",\"itemListElement\":[{\"@type\":\"ListItem\",\"position\":1,\"name\":\"Anasayfa\",\"item\":\"https:\\\/\\\/kuzeyinsesi.org\\\/\"},{\"@type\":\"ListItem\",\"position\":2,\"name\":\"\u201cCinnet Mevsimi\u201d TUFAD\u2019da g\u00f6sterildi\"}]},{\"@type\":\"WebSite\",\"@id\":\"https:\\\/\\\/kuzeyinsesi.org\\\/#website\",\"url\":\"https:\\\/\\\/kuzeyinsesi.org\\\/\",\"name\":\"Kuzeyin Sesi\",\"description\":\"Do\u011fru Haberin Adresi\",\"potentialAction\":[{\"@type\":\"SearchAction\",\"target\":{\"@type\":\"EntryPoint\",\"urlTemplate\":\"https:\\\/\\\/kuzeyinsesi.org\\\/?s={search_term_string}\"},\"query-input\":{\"@type\":\"PropertyValueSpecification\",\"valueRequired\":true,\"valueName\":\"search_term_string\"}}],\"inLanguage\":\"tr\"},{\"@type\":\"Person\",\"@id\":\"https:\\\/\\\/kuzeyinsesi.org\\\/#\\\/schema\\\/person\\\/9f859689cdf01485597712386e37f5aa\",\"name\":\"Kuzeyin Sesi\",\"image\":{\"@type\":\"ImageObject\",\"inLanguage\":\"tr\",\"@id\":\"https:\\\/\\\/secure.gravatar.com\\\/avatar\\\/bab33852abfd8b282518d6ed81826833d77c3c882d9ab608add591ccace47a44?s=96&d=mm&r=g\",\"url\":\"https:\\\/\\\/secure.gravatar.com\\\/avatar\\\/bab33852abfd8b282518d6ed81826833d77c3c882d9ab608add591ccace47a44?s=96&d=mm&r=g\",\"contentUrl\":\"https:\\\/\\\/secure.gravatar.com\\\/avatar\\\/bab33852abfd8b282518d6ed81826833d77c3c882d9ab608add591ccace47a44?s=96&d=mm&r=g\",\"caption\":\"Kuzeyin Sesi\"},\"sameAs\":[\"https:\\\/\\\/kuzeyinsesi.org\"],\"url\":\"https:\\\/\\\/kuzeyinsesi.org\\\/index.php\\\/author\\\/guven\\\/\"}]}<\/script>\n<!-- \/ Yoast SEO plugin. -->","yoast_head_json":{"title":"\u201cCinnet Mevsimi\u201d TUFAD\u2019da g\u00f6sterildi - Kuzeyin Sesi","robots":{"index":"index","follow":"follow","max-snippet":"max-snippet:-1","max-image-preview":"max-image-preview:large","max-video-preview":"max-video-preview:-1"},"canonical":"https:\/\/kuzeyinsesi.org\/index.php\/2025\/03\/07\/cinnet-mevsimi-tufadda-gosterildi\/","og_locale":"tr_TR","og_type":"article","og_title":"\u201cCinnet Mevsimi\u201d TUFAD\u2019da g\u00f6sterildi - Kuzeyin Sesi","og_description":"2015 y\u0131l\u0131nda uyu\u015fturucu tacirlerinin kurban\u0131 olan ve gen\u00e7 ya\u015fta hayat\u0131n\u0131 kaybeden Arda Erkan\u2019\u0131n an\u0131s\u0131na \u00e7ekilen belgesel, Turizm ve Folklor Ara\u015ft\u0131rmalar\u0131 Derne\u011fi\u2019nin ev sahipli\u011finde g\u00f6sterildi. Elvan Levent\u2019in y\u00f6netmenli\u011finde ve TUFAD\u2019\u0131n katk\u0131lar\u0131yla, Arda Erkan\u2019\u0131n anne ve babas\u0131 taraf\u0131ndan haz\u0131rlanan belgeselin g\u00f6sterimine Ba\u015fbakanl\u0131k Uyu\u015fturucuyla M\u00fccadele Ba\u015fkan\u0131 Teyfide Tecel Treme\u015feli de kat\u0131ld\u0131. Etkinlikte TUFAD \u00fcyeleri yan\u0131nda di\u011fer baz\u0131 vatanda\u015flar [&hellip;]","og_url":"https:\/\/kuzeyinsesi.org\/index.php\/2025\/03\/07\/cinnet-mevsimi-tufadda-gosterildi\/","og_site_name":"Kuzeyin Sesi","article_publisher":"https:\/\/www.facebook.com\/kuzeyinsesii","article_published_time":"2025-03-07T11:25:10+00:00","og_image":[{"url":"https:\/\/brtk.net\/wp-content\/uploads\/2025\/03\/07\/1741345629908CINNET-MEVSIMI-1.jpg?ver=0b3d7dd6454c264b1905312ea669f179","type":"","width":"","height":""}],"author":"Kuzeyin Sesi","twitter_card":"summary_large_image","twitter_creator":"@kuzeyinsesii","twitter_site":"@kuzeyinsesii","twitter_misc":{"Yazan:":"Kuzeyin Sesi","Tahmini okuma s\u00fcresi":"1 dakika"},"schema":{"@context":"https:\/\/schema.org","@graph":[{"@type":"Article","@id":"https:\/\/kuzeyinsesi.org\/index.php\/2025\/03\/07\/cinnet-mevsimi-tufadda-gosterildi\/#article","isPartOf":{"@id":"https:\/\/kuzeyinsesi.org\/index.php\/2025\/03\/07\/cinnet-mevsimi-tufadda-gosterildi\/"},"author":{"name":"Kuzeyin Sesi","@id":"https:\/\/kuzeyinsesi.org\/#\/schema\/person\/9f859689cdf01485597712386e37f5aa"},"headline":"\u201cCinnet Mevsimi\u201d TUFAD\u2019da g\u00f6sterildi","datePublished":"2025-03-07T11:25:10+00:00","mainEntityOfPage":{"@id":"https:\/\/kuzeyinsesi.org\/index.php\/2025\/03\/07\/cinnet-mevsimi-tufadda-gosterildi\/"},"wordCount":143,"commentCount":0,"image":{"@id":"https:\/\/kuzeyinsesi.org\/index.php\/2025\/03\/07\/cinnet-mevsimi-tufadda-gosterildi\/#primaryimage"},"thumbnailUrl":"https:\/\/kuzeyinsesi.org\/wp-content\/uploads\/2025\/03\/1741345629908CINNET-MEVSIMI-1.jpg","articleSection":["Ya\u015fam"],"inLanguage":"tr","potentialAction":[{"@type":"CommentAction","name":"Comment","target":["https:\/\/kuzeyinsesi.org\/index.php\/2025\/03\/07\/cinnet-mevsimi-tufadda-gosterildi\/#respond"]}]},{"@type":"WebPage","@id":"https:\/\/kuzeyinsesi.org\/index.php\/2025\/03\/07\/cinnet-mevsimi-tufadda-gosterildi\/","url":"https:\/\/kuzeyinsesi.org\/index.php\/2025\/03\/07\/cinnet-mevsimi-tufadda-gosterildi\/","name":"\u201cCinnet Mevsimi\u201d TUFAD\u2019da g\u00f6sterildi - Kuzeyin Sesi","isPartOf":{"@id":"https:\/\/kuzeyinsesi.org\/#website"},"primaryImageOfPage":{"@id":"https:\/\/kuzeyinsesi.org\/index.php\/2025\/03\/07\/cinnet-mevsimi-tufadda-gosterildi\/#primaryimage"},"image":{"@id":"https:\/\/kuzeyinsesi.org\/index.php\/2025\/03\/07\/cinnet-mevsimi-tufadda-gosterildi\/#primaryimage"},"thumbnailUrl":"https:\/\/kuzeyinsesi.org\/wp-content\/uploads\/2025\/03\/1741345629908CINNET-MEVSIMI-1.jpg","datePublished":"2025-03-07T11:25:10+00:00","author":{"@id":"https:\/\/kuzeyinsesi.org\/#\/schema\/person\/9f859689cdf01485597712386e37f5aa"},"breadcrumb":{"@id":"https:\/\/kuzeyinsesi.org\/index.php\/2025\/03\/07\/cinnet-mevsimi-tufadda-gosterildi\/#breadcrumb"},"inLanguage":"tr","potentialAction":[{"@type":"ReadAction","target":["https:\/\/kuzeyinsesi.org\/index.php\/2025\/03\/07\/cinnet-mevsimi-tufadda-gosterildi\/"]}]},{"@type":"ImageObject","inLanguage":"tr","@id":"https:\/\/kuzeyinsesi.org\/index.php\/2025\/03\/07\/cinnet-mevsimi-tufadda-gosterildi\/#primaryimage","url":"https:\/\/kuzeyinsesi.org\/wp-content\/uploads\/2025\/03\/1741345629908CINNET-MEVSIMI-1.jpg","contentUrl":"https:\/\/kuzeyinsesi.org\/wp-content\/uploads\/2025\/03\/1741345629908CINNET-MEVSIMI-1.jpg","width":1181,"height":787},{"@type":"BreadcrumbList","@id":"https:\/\/kuzeyinsesi.org\/index.php\/2025\/03\/07\/cinnet-mevsimi-tufadda-gosterildi\/#breadcrumb","itemListElement":[{"@type":"ListItem","position":1,"name":"Anasayfa","item":"https:\/\/kuzeyinsesi.org\/"},{"@type":"ListItem","position":2,"name":"\u201cCinnet Mevsimi\u201d TUFAD\u2019da g\u00f6sterildi"}]},{"@type":"WebSite","@id":"https:\/\/kuzeyinsesi.org\/#website","url":"https:\/\/kuzeyinsesi.org\/","name":"Kuzeyin Sesi","description":"Do\u011fru Haberin Adresi","potentialAction":[{"@type":"SearchAction","target":{"@type":"EntryPoint","urlTemplate":"https:\/\/kuzeyinsesi.org\/?s={search_term_string}"},"query-input":{"@type":"PropertyValueSpecification","valueRequired":true,"valueName":"search_term_string"}}],"inLanguage":"tr"},{"@type":"Person","@id":"https:\/\/kuzeyinsesi.org\/#\/schema\/person\/9f859689cdf01485597712386e37f5aa","name":"Kuzeyin Sesi","image":{"@type":"ImageObject","inLanguage":"tr","@id":"https:\/\/secure.gravatar.com\/avatar\/bab33852abfd8b282518d6ed81826833d77c3c882d9ab608add591ccace47a44?s=96&d=mm&r=g","url":"https:\/\/secure.gravatar.com\/avatar\/bab33852abfd8b282518d6ed81826833d77c3c882d9ab608add591ccace47a44?s=96&d=mm&r=g","contentUrl":"https:\/\/secure.gravatar.com\/avatar\/bab33852abfd8b282518d6ed81826833d77c3c882d9ab608add591ccace47a44?s=96&d=mm&r=g","caption":"Kuzeyin Sesi"},"sameAs":["https:\/\/kuzeyinsesi.org"],"url":"https:\/\/kuzeyinsesi.org\/index.php\/author\/guven\/"}]}},"_links":{"self":[{"href":"https:\/\/kuzeyinsesi.org\/index.php\/wp-json\/wp\/v2\/posts\/20398","targetHints":{"allow":["GET"]}}],"collection":[{"href":"https:\/\/kuzeyinsesi.org\/index.php\/wp-json\/wp\/v2\/posts"}],"about":[{"href":"https:\/\/kuzeyinsesi.org\/index.php\/wp-json\/wp\/v2\/types\/post"}],"author":[{"embeddable":true,"href":"https:\/\/kuzeyinsesi.org\/index.php\/wp-json\/wp\/v2\/users\/1"}],"replies":[{"embeddable":true,"href":"https:\/\/kuzeyinsesi.org\/index.php\/wp-json\/wp\/v2\/comments?post=20398"}],"version-history":[{"count":0,"href":"https:\/\/kuzeyinsesi.org\/index.php\/wp-json\/wp\/v2\/posts\/20398\/revisions"}],"wp:featuredmedia":[{"embeddable":true,"href":"https:\/\/kuzeyinsesi.org\/index.php\/wp-json\/wp\/v2\/media\/20399"}],"wp:attachment":[{"href":"https:\/\/kuzeyinsesi.org\/index.php\/wp-json\/wp\/v2\/media?parent=20398"}],"wp:term":[{"taxonomy":"category","embeddable":true,"href":"https:\/\/kuzeyinsesi.org\/index.php\/wp-json\/wp\/v2\/categories?post=20398"},{"taxonomy":"post_tag","embeddable":true,"href":"https:\/\/kuzeyinsesi.org\/index.php\/wp-json\/wp\/v2\/tags?post=20398"}],"curies":[{"name":"wp","href":"https:\/\/api.w.org\/{rel}","templated":true}]}}