{"id":20360,"date":"2025-03-06T19:57:40","date_gmt":"2025-03-06T17:57:40","guid":{"rendered":"https:\/\/kuzeyinsesi.org\/index.php\/2025\/03\/06\/benim-sehrim-guzelyurtum-ve-benim-sehrim-lefkem-sergisi-odtu-kuzey-kibris-kampusunde-sergileniyor\/"},"modified":"2025-03-06T19:57:40","modified_gmt":"2025-03-06T17:57:40","slug":"benim-sehrim-guzelyurtum-ve-benim-sehrim-lefkem-sergisi-odtu-kuzey-kibris-kampusunde-sergileniyor","status":"publish","type":"post","link":"https:\/\/kuzeyinsesi.org\/index.php\/2025\/03\/06\/benim-sehrim-guzelyurtum-ve-benim-sehrim-lefkem-sergisi-odtu-kuzey-kibris-kampusunde-sergileniyor\/","title":{"rendered":"Benim \u015eehrim G\u00fczelyurt\u2019um ve \u201cBenim \u015eehrim Lefke\u2019m Sergisi ODT\u00dc Kuzey K\u0131br\u0131s Kamp\u00fcs\u00fc\u2019nde sergileniyor"},"content":{"rendered":"<div>\n<div class=\"mariselle-image-container none\">\n                                            <\/div>\n<p style=\"font-weight: 300;\"><span style=\"font-weight: 300 !important;\">Ba\u015fbakan Yard\u0131mc\u0131l\u0131\u011f\u0131, Turizm, K\u00fclt\u00fcr, Gen\u00e7lik ve \u00c7evre Bakanl\u0131\u011f\u0131\u2019na ba\u011fl\u0131 K\u00fclt\u00fcr Dairesi, Orta Do\u011fu Teknik \u00dcniversitesi (ODT\u00dc) Kuzey K\u0131br\u0131s Kamp\u00fcs\u00fc ile i\u015f birli\u011fi yaparak, 31. ve 32. Devlet Foto\u011fraf Yar\u0131\u015fmas\u0131 ve Sergileri\u2019ndeki \u201cBenim \u015eehrim G\u00fczelyurt\u2019um\u201d ve \u201cBenim \u015eehrim Lefke\u2019m\u201d kategorilerindeki eserleri G\u00fczelyurt\u2019ta sergilemeye ba\u015flad\u0131.<\/span><\/p>\n<p style=\"font-weight: 300;\"><span style=\"font-weight: 300 !important;\">K\u00fclt\u00fcr Dairesi\u2019nden verilen bilgiye g\u00f6re, \u201cmART Fest 2025\u201d kapsam\u0131nda G\u00fczelyurt ve Lefkeli sanatseverleri bulu\u015fturan sergi, K\u00fclt\u00fcr Dairesi M\u00fcd\u00fcr\u00fc \u015eirin Zaima\u011fao\u011flu taraf\u0131ndan a\u00e7\u0131ld\u0131.<\/span><\/p>\n<p style=\"font-weight: 300;\"><span style=\"font-weight: 300 !important;\">K\u00fclt\u00fcrel etkinlikleri il\u00e7elere yayma vizyonuyla d\u00fczenlenen sergi, 26 Mart\u2019a kadar ODT\u00dc Kuzey K\u0131br\u0131s Kamp\u00fcs\u00fc\u2019nde ziyaret edilebilecek.<\/span><\/p>\n<\/div>\n<p><script async\n                    defer\n                    crossorigin=\"anonymous\"\n                    src=\"https:\/\/connect.facebook.net\/tr_TR\/sdk.js#xfbml=1&#038;version=v3.3\"\n            ><\/script><\/p>\n","protected":false},"excerpt":{"rendered":"<p>Ba\u015fbakan Yard\u0131mc\u0131l\u0131\u011f\u0131, Turizm, K\u00fclt\u00fcr, Gen\u00e7lik ve \u00c7evre Bakanl\u0131\u011f\u0131\u2019na ba\u011fl\u0131 K\u00fclt\u00fcr Dairesi, Orta Do\u011fu Teknik \u00dcniversitesi (ODT\u00dc) Kuzey K\u0131br\u0131s Kamp\u00fcs\u00fc ile i\u015f birli\u011fi yaparak, 31. ve 32. Devlet Foto\u011fraf Yar\u0131\u015fmas\u0131 ve Sergileri\u2019ndeki \u201cBenim \u015eehrim G\u00fczelyurt\u2019um\u201d ve \u201cBenim \u015eehrim Lefke\u2019m\u201d kategorilerindeki eserleri G\u00fczelyurt\u2019ta sergilemeye ba\u015flad\u0131. K\u00fclt\u00fcr Dairesi\u2019nden verilen bilgiye g\u00f6re, \u201cmART Fest 2025\u201d kapsam\u0131nda G\u00fczelyurt ve Lefkeli [&hellip;]<\/p>\n","protected":false},"author":1,"featured_media":20361,"comment_status":"open","ping_status":"open","sticky":false,"template":"","format":"standard","meta":{"jnews-multi-image_gallery":[],"jnews_single_post":[],"jnews_primary_category":[],"jnews_social_meta":[],"jnews_override_counter":[],"footnotes":""},"categories":[6],"tags":[],"class_list":["post-20360","post","type-post","status-publish","format-standard","has-post-thumbnail","hentry","category-yasam"],"yoast_head":"<!-- This site is optimized with the Yoast SEO plugin v27.4 - https:\/\/yoast.com\/product\/yoast-seo-wordpress\/ -->\n<title>Benim \u015eehrim G\u00fczelyurt\u2019um ve \u201cBenim \u015eehrim Lefke\u2019m Sergisi ODT\u00dc Kuzey K\u0131br\u0131s Kamp\u00fcs\u00fc\u2019nde sergileniyor - Kuzeyin Sesi<\/title>\n<meta name=\"robots\" content=\"index, follow, max-snippet:-1, max-image-preview:large, max-video-preview:-1\" \/>\n<link rel=\"canonical\" href=\"https:\/\/kuzeyinsesi.org\/index.php\/2025\/03\/06\/benim-sehrim-guzelyurtum-ve-benim-sehrim-lefkem-sergisi-odtu-kuzey-kibris-kampusunde-sergileniyor\/\" \/>\n<meta property=\"og:locale\" content=\"tr_TR\" \/>\n<meta property=\"og:type\" content=\"article\" \/>\n<meta property=\"og:title\" content=\"Benim \u015eehrim G\u00fczelyurt\u2019um ve \u201cBenim \u015eehrim Lefke\u2019m Sergisi ODT\u00dc Kuzey K\u0131br\u0131s Kamp\u00fcs\u00fc\u2019nde sergileniyor - Kuzeyin Sesi\" \/>\n<meta property=\"og:description\" content=\"Ba\u015fbakan Yard\u0131mc\u0131l\u0131\u011f\u0131, Turizm, K\u00fclt\u00fcr, Gen\u00e7lik ve \u00c7evre Bakanl\u0131\u011f\u0131\u2019na ba\u011fl\u0131 K\u00fclt\u00fcr Dairesi, Orta Do\u011fu Teknik \u00dcniversitesi (ODT\u00dc) Kuzey K\u0131br\u0131s Kamp\u00fcs\u00fc ile i\u015f birli\u011fi yaparak, 31. ve 32. Devlet Foto\u011fraf Yar\u0131\u015fmas\u0131 ve Sergileri\u2019ndeki \u201cBenim \u015eehrim G\u00fczelyurt\u2019um\u201d ve \u201cBenim \u015eehrim Lefke\u2019m\u201d kategorilerindeki eserleri G\u00fczelyurt\u2019ta sergilemeye ba\u015flad\u0131. K\u00fclt\u00fcr Dairesi\u2019nden verilen bilgiye g\u00f6re, \u201cmART Fest 2025\u201d kapsam\u0131nda G\u00fczelyurt ve Lefkeli [&hellip;]\" \/>\n<meta property=\"og:url\" content=\"https:\/\/kuzeyinsesi.org\/index.php\/2025\/03\/06\/benim-sehrim-guzelyurtum-ve-benim-sehrim-lefkem-sergisi-odtu-kuzey-kibris-kampusunde-sergileniyor\/\" \/>\n<meta property=\"og:site_name\" content=\"Kuzeyin Sesi\" \/>\n<meta property=\"article:publisher\" content=\"https:\/\/www.facebook.com\/kuzeyinsesii\" \/>\n<meta property=\"article:published_time\" content=\"2025-03-06T17:57:40+00:00\" \/>\n<meta property=\"og:image\" content=\"https:\/\/brtk.net\/wp-content\/uploads\/2025\/03\/06\/KULTUR-DAIRESI1.jpg?ver=399f60ec2b14c9bed2076a265d9d95b5\" \/>\n<meta name=\"author\" content=\"Kuzeyin Sesi\" \/>\n<meta name=\"twitter:card\" content=\"summary_large_image\" \/>\n<meta name=\"twitter:creator\" content=\"@kuzeyinsesii\" \/>\n<meta name=\"twitter:site\" content=\"@kuzeyinsesii\" \/>\n<meta name=\"twitter:label1\" content=\"Yazan:\" \/>\n\t<meta name=\"twitter:data1\" content=\"Kuzeyin Sesi\" \/>\n\t<meta name=\"twitter:label2\" content=\"Tahmini okuma s\u00fcresi\" \/>\n\t<meta name=\"twitter:data2\" content=\"1 dakika\" \/>\n<script type=\"application\/ld+json\" class=\"yoast-schema-graph\">{\"@context\":\"https:\\\/\\\/schema.org\",\"@graph\":[{\"@type\":\"Article\",\"@id\":\"https:\\\/\\\/kuzeyinsesi.org\\\/index.php\\\/2025\\\/03\\\/06\\\/benim-sehrim-guzelyurtum-ve-benim-sehrim-lefkem-sergisi-odtu-kuzey-kibris-kampusunde-sergileniyor\\\/#article\",\"isPartOf\":{\"@id\":\"https:\\\/\\\/kuzeyinsesi.org\\\/index.php\\\/2025\\\/03\\\/06\\\/benim-sehrim-guzelyurtum-ve-benim-sehrim-lefkem-sergisi-odtu-kuzey-kibris-kampusunde-sergileniyor\\\/\"},\"author\":{\"name\":\"Kuzeyin Sesi\",\"@id\":\"https:\\\/\\\/kuzeyinsesi.org\\\/#\\\/schema\\\/person\\\/9f859689cdf01485597712386e37f5aa\"},\"headline\":\"Benim \u015eehrim G\u00fczelyurt\u2019um ve \u201cBenim \u015eehrim Lefke\u2019m Sergisi ODT\u00dc Kuzey K\u0131br\u0131s Kamp\u00fcs\u00fc\u2019nde sergileniyor\",\"datePublished\":\"2025-03-06T17:57:40+00:00\",\"mainEntityOfPage\":{\"@id\":\"https:\\\/\\\/kuzeyinsesi.org\\\/index.php\\\/2025\\\/03\\\/06\\\/benim-sehrim-guzelyurtum-ve-benim-sehrim-lefkem-sergisi-odtu-kuzey-kibris-kampusunde-sergileniyor\\\/\"},\"wordCount\":145,\"commentCount\":0,\"image\":{\"@id\":\"https:\\\/\\\/kuzeyinsesi.org\\\/index.php\\\/2025\\\/03\\\/06\\\/benim-sehrim-guzelyurtum-ve-benim-sehrim-lefkem-sergisi-odtu-kuzey-kibris-kampusunde-sergileniyor\\\/#primaryimage\"},\"thumbnailUrl\":\"https:\\\/\\\/kuzeyinsesi.org\\\/wp-content\\\/uploads\\\/2025\\\/03\\\/KULTUR-DAIRESI1.jpg\",\"articleSection\":[\"Ya\u015fam\"],\"inLanguage\":\"tr\",\"potentialAction\":[{\"@type\":\"CommentAction\",\"name\":\"Comment\",\"target\":[\"https:\\\/\\\/kuzeyinsesi.org\\\/index.php\\\/2025\\\/03\\\/06\\\/benim-sehrim-guzelyurtum-ve-benim-sehrim-lefkem-sergisi-odtu-kuzey-kibris-kampusunde-sergileniyor\\\/#respond\"]}]},{\"@type\":\"WebPage\",\"@id\":\"https:\\\/\\\/kuzeyinsesi.org\\\/index.php\\\/2025\\\/03\\\/06\\\/benim-sehrim-guzelyurtum-ve-benim-sehrim-lefkem-sergisi-odtu-kuzey-kibris-kampusunde-sergileniyor\\\/\",\"url\":\"https:\\\/\\\/kuzeyinsesi.org\\\/index.php\\\/2025\\\/03\\\/06\\\/benim-sehrim-guzelyurtum-ve-benim-sehrim-lefkem-sergisi-odtu-kuzey-kibris-kampusunde-sergileniyor\\\/\",\"name\":\"Benim \u015eehrim G\u00fczelyurt\u2019um ve \u201cBenim \u015eehrim Lefke\u2019m Sergisi ODT\u00dc Kuzey K\u0131br\u0131s Kamp\u00fcs\u00fc\u2019nde sergileniyor - Kuzeyin Sesi\",\"isPartOf\":{\"@id\":\"https:\\\/\\\/kuzeyinsesi.org\\\/#website\"},\"primaryImageOfPage\":{\"@id\":\"https:\\\/\\\/kuzeyinsesi.org\\\/index.php\\\/2025\\\/03\\\/06\\\/benim-sehrim-guzelyurtum-ve-benim-sehrim-lefkem-sergisi-odtu-kuzey-kibris-kampusunde-sergileniyor\\\/#primaryimage\"},\"image\":{\"@id\":\"https:\\\/\\\/kuzeyinsesi.org\\\/index.php\\\/2025\\\/03\\\/06\\\/benim-sehrim-guzelyurtum-ve-benim-sehrim-lefkem-sergisi-odtu-kuzey-kibris-kampusunde-sergileniyor\\\/#primaryimage\"},\"thumbnailUrl\":\"https:\\\/\\\/kuzeyinsesi.org\\\/wp-content\\\/uploads\\\/2025\\\/03\\\/KULTUR-DAIRESI1.jpg\",\"datePublished\":\"2025-03-06T17:57:40+00:00\",\"author\":{\"@id\":\"https:\\\/\\\/kuzeyinsesi.org\\\/#\\\/schema\\\/person\\\/9f859689cdf01485597712386e37f5aa\"},\"breadcrumb\":{\"@id\":\"https:\\\/\\\/kuzeyinsesi.org\\\/index.php\\\/2025\\\/03\\\/06\\\/benim-sehrim-guzelyurtum-ve-benim-sehrim-lefkem-sergisi-odtu-kuzey-kibris-kampusunde-sergileniyor\\\/#breadcrumb\"},\"inLanguage\":\"tr\",\"potentialAction\":[{\"@type\":\"ReadAction\",\"target\":[\"https:\\\/\\\/kuzeyinsesi.org\\\/index.php\\\/2025\\\/03\\\/06\\\/benim-sehrim-guzelyurtum-ve-benim-sehrim-lefkem-sergisi-odtu-kuzey-kibris-kampusunde-sergileniyor\\\/\"]}]},{\"@type\":\"ImageObject\",\"inLanguage\":\"tr\",\"@id\":\"https:\\\/\\\/kuzeyinsesi.org\\\/index.php\\\/2025\\\/03\\\/06\\\/benim-sehrim-guzelyurtum-ve-benim-sehrim-lefkem-sergisi-odtu-kuzey-kibris-kampusunde-sergileniyor\\\/#primaryimage\",\"url\":\"https:\\\/\\\/kuzeyinsesi.org\\\/wp-content\\\/uploads\\\/2025\\\/03\\\/KULTUR-DAIRESI1.jpg\",\"contentUrl\":\"https:\\\/\\\/kuzeyinsesi.org\\\/wp-content\\\/uploads\\\/2025\\\/03\\\/KULTUR-DAIRESI1.jpg\",\"width\":897,\"height\":572},{\"@type\":\"BreadcrumbList\",\"@id\":\"https:\\\/\\\/kuzeyinsesi.org\\\/index.php\\\/2025\\\/03\\\/06\\\/benim-sehrim-guzelyurtum-ve-benim-sehrim-lefkem-sergisi-odtu-kuzey-kibris-kampusunde-sergileniyor\\\/#breadcrumb\",\"itemListElement\":[{\"@type\":\"ListItem\",\"position\":1,\"name\":\"Anasayfa\",\"item\":\"https:\\\/\\\/kuzeyinsesi.org\\\/\"},{\"@type\":\"ListItem\",\"position\":2,\"name\":\"Benim \u015eehrim G\u00fczelyurt\u2019um ve \u201cBenim \u015eehrim Lefke\u2019m Sergisi ODT\u00dc Kuzey K\u0131br\u0131s Kamp\u00fcs\u00fc\u2019nde sergileniyor\"}]},{\"@type\":\"WebSite\",\"@id\":\"https:\\\/\\\/kuzeyinsesi.org\\\/#website\",\"url\":\"https:\\\/\\\/kuzeyinsesi.org\\\/\",\"name\":\"Kuzeyin Sesi\",\"description\":\"Do\u011fru Haberin Adresi\",\"potentialAction\":[{\"@type\":\"SearchAction\",\"target\":{\"@type\":\"EntryPoint\",\"urlTemplate\":\"https:\\\/\\\/kuzeyinsesi.org\\\/?s={search_term_string}\"},\"query-input\":{\"@type\":\"PropertyValueSpecification\",\"valueRequired\":true,\"valueName\":\"search_term_string\"}}],\"inLanguage\":\"tr\"},{\"@type\":\"Person\",\"@id\":\"https:\\\/\\\/kuzeyinsesi.org\\\/#\\\/schema\\\/person\\\/9f859689cdf01485597712386e37f5aa\",\"name\":\"Kuzeyin Sesi\",\"image\":{\"@type\":\"ImageObject\",\"inLanguage\":\"tr\",\"@id\":\"https:\\\/\\\/secure.gravatar.com\\\/avatar\\\/bab33852abfd8b282518d6ed81826833d77c3c882d9ab608add591ccace47a44?s=96&d=mm&r=g\",\"url\":\"https:\\\/\\\/secure.gravatar.com\\\/avatar\\\/bab33852abfd8b282518d6ed81826833d77c3c882d9ab608add591ccace47a44?s=96&d=mm&r=g\",\"contentUrl\":\"https:\\\/\\\/secure.gravatar.com\\\/avatar\\\/bab33852abfd8b282518d6ed81826833d77c3c882d9ab608add591ccace47a44?s=96&d=mm&r=g\",\"caption\":\"Kuzeyin Sesi\"},\"sameAs\":[\"https:\\\/\\\/kuzeyinsesi.org\"],\"url\":\"https:\\\/\\\/kuzeyinsesi.org\\\/index.php\\\/author\\\/guven\\\/\"}]}<\/script>\n<!-- \/ Yoast SEO plugin. -->","yoast_head_json":{"title":"Benim \u015eehrim G\u00fczelyurt\u2019um ve \u201cBenim \u015eehrim Lefke\u2019m Sergisi ODT\u00dc Kuzey K\u0131br\u0131s Kamp\u00fcs\u00fc\u2019nde sergileniyor - Kuzeyin Sesi","robots":{"index":"index","follow":"follow","max-snippet":"max-snippet:-1","max-image-preview":"max-image-preview:large","max-video-preview":"max-video-preview:-1"},"canonical":"https:\/\/kuzeyinsesi.org\/index.php\/2025\/03\/06\/benim-sehrim-guzelyurtum-ve-benim-sehrim-lefkem-sergisi-odtu-kuzey-kibris-kampusunde-sergileniyor\/","og_locale":"tr_TR","og_type":"article","og_title":"Benim \u015eehrim G\u00fczelyurt\u2019um ve \u201cBenim \u015eehrim Lefke\u2019m Sergisi ODT\u00dc Kuzey K\u0131br\u0131s Kamp\u00fcs\u00fc\u2019nde sergileniyor - Kuzeyin Sesi","og_description":"Ba\u015fbakan Yard\u0131mc\u0131l\u0131\u011f\u0131, Turizm, K\u00fclt\u00fcr, Gen\u00e7lik ve \u00c7evre Bakanl\u0131\u011f\u0131\u2019na ba\u011fl\u0131 K\u00fclt\u00fcr Dairesi, Orta Do\u011fu Teknik \u00dcniversitesi (ODT\u00dc) Kuzey K\u0131br\u0131s Kamp\u00fcs\u00fc ile i\u015f birli\u011fi yaparak, 31. ve 32. Devlet Foto\u011fraf Yar\u0131\u015fmas\u0131 ve Sergileri\u2019ndeki \u201cBenim \u015eehrim G\u00fczelyurt\u2019um\u201d ve \u201cBenim \u015eehrim Lefke\u2019m\u201d kategorilerindeki eserleri G\u00fczelyurt\u2019ta sergilemeye ba\u015flad\u0131. K\u00fclt\u00fcr Dairesi\u2019nden verilen bilgiye g\u00f6re, \u201cmART Fest 2025\u201d kapsam\u0131nda G\u00fczelyurt ve Lefkeli [&hellip;]","og_url":"https:\/\/kuzeyinsesi.org\/index.php\/2025\/03\/06\/benim-sehrim-guzelyurtum-ve-benim-sehrim-lefkem-sergisi-odtu-kuzey-kibris-kampusunde-sergileniyor\/","og_site_name":"Kuzeyin Sesi","article_publisher":"https:\/\/www.facebook.com\/kuzeyinsesii","article_published_time":"2025-03-06T17:57:40+00:00","og_image":[{"url":"https:\/\/brtk.net\/wp-content\/uploads\/2025\/03\/06\/KULTUR-DAIRESI1.jpg?ver=399f60ec2b14c9bed2076a265d9d95b5","type":"","width":"","height":""}],"author":"Kuzeyin Sesi","twitter_card":"summary_large_image","twitter_creator":"@kuzeyinsesii","twitter_site":"@kuzeyinsesii","twitter_misc":{"Yazan:":"Kuzeyin Sesi","Tahmini okuma s\u00fcresi":"1 dakika"},"schema":{"@context":"https:\/\/schema.org","@graph":[{"@type":"Article","@id":"https:\/\/kuzeyinsesi.org\/index.php\/2025\/03\/06\/benim-sehrim-guzelyurtum-ve-benim-sehrim-lefkem-sergisi-odtu-kuzey-kibris-kampusunde-sergileniyor\/#article","isPartOf":{"@id":"https:\/\/kuzeyinsesi.org\/index.php\/2025\/03\/06\/benim-sehrim-guzelyurtum-ve-benim-sehrim-lefkem-sergisi-odtu-kuzey-kibris-kampusunde-sergileniyor\/"},"author":{"name":"Kuzeyin Sesi","@id":"https:\/\/kuzeyinsesi.org\/#\/schema\/person\/9f859689cdf01485597712386e37f5aa"},"headline":"Benim \u015eehrim G\u00fczelyurt\u2019um ve \u201cBenim \u015eehrim Lefke\u2019m Sergisi ODT\u00dc Kuzey K\u0131br\u0131s Kamp\u00fcs\u00fc\u2019nde sergileniyor","datePublished":"2025-03-06T17:57:40+00:00","mainEntityOfPage":{"@id":"https:\/\/kuzeyinsesi.org\/index.php\/2025\/03\/06\/benim-sehrim-guzelyurtum-ve-benim-sehrim-lefkem-sergisi-odtu-kuzey-kibris-kampusunde-sergileniyor\/"},"wordCount":145,"commentCount":0,"image":{"@id":"https:\/\/kuzeyinsesi.org\/index.php\/2025\/03\/06\/benim-sehrim-guzelyurtum-ve-benim-sehrim-lefkem-sergisi-odtu-kuzey-kibris-kampusunde-sergileniyor\/#primaryimage"},"thumbnailUrl":"https:\/\/kuzeyinsesi.org\/wp-content\/uploads\/2025\/03\/KULTUR-DAIRESI1.jpg","articleSection":["Ya\u015fam"],"inLanguage":"tr","potentialAction":[{"@type":"CommentAction","name":"Comment","target":["https:\/\/kuzeyinsesi.org\/index.php\/2025\/03\/06\/benim-sehrim-guzelyurtum-ve-benim-sehrim-lefkem-sergisi-odtu-kuzey-kibris-kampusunde-sergileniyor\/#respond"]}]},{"@type":"WebPage","@id":"https:\/\/kuzeyinsesi.org\/index.php\/2025\/03\/06\/benim-sehrim-guzelyurtum-ve-benim-sehrim-lefkem-sergisi-odtu-kuzey-kibris-kampusunde-sergileniyor\/","url":"https:\/\/kuzeyinsesi.org\/index.php\/2025\/03\/06\/benim-sehrim-guzelyurtum-ve-benim-sehrim-lefkem-sergisi-odtu-kuzey-kibris-kampusunde-sergileniyor\/","name":"Benim \u015eehrim G\u00fczelyurt\u2019um ve \u201cBenim \u015eehrim Lefke\u2019m Sergisi ODT\u00dc Kuzey K\u0131br\u0131s Kamp\u00fcs\u00fc\u2019nde sergileniyor - Kuzeyin Sesi","isPartOf":{"@id":"https:\/\/kuzeyinsesi.org\/#website"},"primaryImageOfPage":{"@id":"https:\/\/kuzeyinsesi.org\/index.php\/2025\/03\/06\/benim-sehrim-guzelyurtum-ve-benim-sehrim-lefkem-sergisi-odtu-kuzey-kibris-kampusunde-sergileniyor\/#primaryimage"},"image":{"@id":"https:\/\/kuzeyinsesi.org\/index.php\/2025\/03\/06\/benim-sehrim-guzelyurtum-ve-benim-sehrim-lefkem-sergisi-odtu-kuzey-kibris-kampusunde-sergileniyor\/#primaryimage"},"thumbnailUrl":"https:\/\/kuzeyinsesi.org\/wp-content\/uploads\/2025\/03\/KULTUR-DAIRESI1.jpg","datePublished":"2025-03-06T17:57:40+00:00","author":{"@id":"https:\/\/kuzeyinsesi.org\/#\/schema\/person\/9f859689cdf01485597712386e37f5aa"},"breadcrumb":{"@id":"https:\/\/kuzeyinsesi.org\/index.php\/2025\/03\/06\/benim-sehrim-guzelyurtum-ve-benim-sehrim-lefkem-sergisi-odtu-kuzey-kibris-kampusunde-sergileniyor\/#breadcrumb"},"inLanguage":"tr","potentialAction":[{"@type":"ReadAction","target":["https:\/\/kuzeyinsesi.org\/index.php\/2025\/03\/06\/benim-sehrim-guzelyurtum-ve-benim-sehrim-lefkem-sergisi-odtu-kuzey-kibris-kampusunde-sergileniyor\/"]}]},{"@type":"ImageObject","inLanguage":"tr","@id":"https:\/\/kuzeyinsesi.org\/index.php\/2025\/03\/06\/benim-sehrim-guzelyurtum-ve-benim-sehrim-lefkem-sergisi-odtu-kuzey-kibris-kampusunde-sergileniyor\/#primaryimage","url":"https:\/\/kuzeyinsesi.org\/wp-content\/uploads\/2025\/03\/KULTUR-DAIRESI1.jpg","contentUrl":"https:\/\/kuzeyinsesi.org\/wp-content\/uploads\/2025\/03\/KULTUR-DAIRESI1.jpg","width":897,"height":572},{"@type":"BreadcrumbList","@id":"https:\/\/kuzeyinsesi.org\/index.php\/2025\/03\/06\/benim-sehrim-guzelyurtum-ve-benim-sehrim-lefkem-sergisi-odtu-kuzey-kibris-kampusunde-sergileniyor\/#breadcrumb","itemListElement":[{"@type":"ListItem","position":1,"name":"Anasayfa","item":"https:\/\/kuzeyinsesi.org\/"},{"@type":"ListItem","position":2,"name":"Benim \u015eehrim G\u00fczelyurt\u2019um ve \u201cBenim \u015eehrim Lefke\u2019m Sergisi ODT\u00dc Kuzey K\u0131br\u0131s Kamp\u00fcs\u00fc\u2019nde sergileniyor"}]},{"@type":"WebSite","@id":"https:\/\/kuzeyinsesi.org\/#website","url":"https:\/\/kuzeyinsesi.org\/","name":"Kuzeyin Sesi","description":"Do\u011fru Haberin Adresi","potentialAction":[{"@type":"SearchAction","target":{"@type":"EntryPoint","urlTemplate":"https:\/\/kuzeyinsesi.org\/?s={search_term_string}"},"query-input":{"@type":"PropertyValueSpecification","valueRequired":true,"valueName":"search_term_string"}}],"inLanguage":"tr"},{"@type":"Person","@id":"https:\/\/kuzeyinsesi.org\/#\/schema\/person\/9f859689cdf01485597712386e37f5aa","name":"Kuzeyin Sesi","image":{"@type":"ImageObject","inLanguage":"tr","@id":"https:\/\/secure.gravatar.com\/avatar\/bab33852abfd8b282518d6ed81826833d77c3c882d9ab608add591ccace47a44?s=96&d=mm&r=g","url":"https:\/\/secure.gravatar.com\/avatar\/bab33852abfd8b282518d6ed81826833d77c3c882d9ab608add591ccace47a44?s=96&d=mm&r=g","contentUrl":"https:\/\/secure.gravatar.com\/avatar\/bab33852abfd8b282518d6ed81826833d77c3c882d9ab608add591ccace47a44?s=96&d=mm&r=g","caption":"Kuzeyin Sesi"},"sameAs":["https:\/\/kuzeyinsesi.org"],"url":"https:\/\/kuzeyinsesi.org\/index.php\/author\/guven\/"}]}},"_links":{"self":[{"href":"https:\/\/kuzeyinsesi.org\/index.php\/wp-json\/wp\/v2\/posts\/20360","targetHints":{"allow":["GET"]}}],"collection":[{"href":"https:\/\/kuzeyinsesi.org\/index.php\/wp-json\/wp\/v2\/posts"}],"about":[{"href":"https:\/\/kuzeyinsesi.org\/index.php\/wp-json\/wp\/v2\/types\/post"}],"author":[{"embeddable":true,"href":"https:\/\/kuzeyinsesi.org\/index.php\/wp-json\/wp\/v2\/users\/1"}],"replies":[{"embeddable":true,"href":"https:\/\/kuzeyinsesi.org\/index.php\/wp-json\/wp\/v2\/comments?post=20360"}],"version-history":[{"count":0,"href":"https:\/\/kuzeyinsesi.org\/index.php\/wp-json\/wp\/v2\/posts\/20360\/revisions"}],"wp:featuredmedia":[{"embeddable":true,"href":"https:\/\/kuzeyinsesi.org\/index.php\/wp-json\/wp\/v2\/media\/20361"}],"wp:attachment":[{"href":"https:\/\/kuzeyinsesi.org\/index.php\/wp-json\/wp\/v2\/media?parent=20360"}],"wp:term":[{"taxonomy":"category","embeddable":true,"href":"https:\/\/kuzeyinsesi.org\/index.php\/wp-json\/wp\/v2\/categories?post=20360"},{"taxonomy":"post_tag","embeddable":true,"href":"https:\/\/kuzeyinsesi.org\/index.php\/wp-json\/wp\/v2\/tags?post=20360"}],"curies":[{"name":"wp","href":"https:\/\/api.w.org\/{rel}","templated":true}]}}