{"id":20322,"date":"2025-03-06T13:51:11","date_gmt":"2025-03-06T11:51:11","guid":{"rendered":"https:\/\/kuzeyinsesi.org\/index.php\/2025\/03\/06\/yazar-ahmet-serif-izgoren-hayata-deger-katmak-konulu-seminer-verdi\/"},"modified":"2025-03-06T13:51:11","modified_gmt":"2025-03-06T11:51:11","slug":"yazar-ahmet-serif-izgoren-hayata-deger-katmak-konulu-seminer-verdi","status":"publish","type":"post","link":"https:\/\/kuzeyinsesi.org\/index.php\/2025\/03\/06\/yazar-ahmet-serif-izgoren-hayata-deger-katmak-konulu-seminer-verdi\/","title":{"rendered":"Yazar Ahmet \u015eerif \u0130zg\u00f6ren \u201cHayata De\u011fer Katmak\u201d konulu seminer verdi"},"content":{"rendered":"<div>\n<div class=\"mariselle-image-container center\">\n                                            <\/div>\n<p>Do\u011fu Akdeniz \u00dcniversitesi (DA\u00dc)  Mezunlarla \u0130leti\u015fim ve Kariyer Ara\u015ft\u0131rma M\u00fcd\u00fcrl\u00fc\u011f\u00fc taraf\u0131ndan 13. Uluslararas\u0131 Kariyer G\u00fcnleri kapsam\u0131nda ki\u015fisel geli\u015fim kitaplar\u0131 bulunan T\u00fcrk yazar Ahmet \u015eerif \u0130zg\u00f6ren \u201cHayata De\u011fer Katmak\u201d konulu seminer verdi. <\/p>\n<p>Do\u011fu Akdeniz \u00dcniversitesi Rekt\u00f6r\u00fc Prof. Dr. Hasan K\u0131l\u0131\u00e7 seminer \u00f6ncesi yapt\u0131\u011f\u0131 konu\u015fmada, Ahmet \u015eerif \u0130zg\u00f6ren\u2019i \u00fcniversitesinde a\u011f\u0131rlamaktan mutluluk duydu\u011funu dile getirdi. <\/p>\n<p>Yazar Ahmet \u015eerif \u0130zg\u00f6ren ise hayata dair ger\u00e7ek anekdotlarla destekledi\u011fi interaktif seminerde, kariyer planlamas\u0131, ba\u015far\u0131y\u0131 elde etmek ve hayata de\u011fer katmak konusunda bilgiler payla\u015ft\u0131.<\/p>\n<\/p><\/div>\n<p><script async\n                    defer\n                    crossorigin=\"anonymous\"\n                    src=\"https:\/\/connect.facebook.net\/tr_TR\/sdk.js#xfbml=1&#038;version=v3.3\"\n            ><\/script><\/p>\n","protected":false},"excerpt":{"rendered":"<p>Do\u011fu Akdeniz \u00dcniversitesi (DA\u00dc) Mezunlarla \u0130leti\u015fim ve Kariyer Ara\u015ft\u0131rma M\u00fcd\u00fcrl\u00fc\u011f\u00fc taraf\u0131ndan 13. Uluslararas\u0131 Kariyer G\u00fcnleri kapsam\u0131nda ki\u015fisel geli\u015fim kitaplar\u0131 bulunan T\u00fcrk yazar Ahmet \u015eerif \u0130zg\u00f6ren \u201cHayata De\u011fer Katmak\u201d konulu seminer verdi. Do\u011fu Akdeniz \u00dcniversitesi Rekt\u00f6r\u00fc Prof. Dr. Hasan K\u0131l\u0131\u00e7 seminer \u00f6ncesi yapt\u0131\u011f\u0131 konu\u015fmada, Ahmet \u015eerif \u0130zg\u00f6ren\u2019i \u00fcniversitesinde a\u011f\u0131rlamaktan mutluluk duydu\u011funu dile getirdi. Yazar Ahmet \u015eerif [&hellip;]<\/p>\n","protected":false},"author":1,"featured_media":20323,"comment_status":"open","ping_status":"open","sticky":false,"template":"","format":"standard","meta":{"jnews-multi-image_gallery":[],"jnews_single_post":[],"jnews_primary_category":[],"jnews_social_meta":[],"jnews_override_counter":[],"footnotes":""},"categories":[6],"tags":[],"class_list":["post-20322","post","type-post","status-publish","format-standard","has-post-thumbnail","hentry","category-yasam"],"yoast_head":"<!-- This site is optimized with the Yoast SEO plugin v27.4 - https:\/\/yoast.com\/product\/yoast-seo-wordpress\/ -->\n<title>Yazar Ahmet \u015eerif \u0130zg\u00f6ren \u201cHayata De\u011fer Katmak\u201d konulu seminer verdi - Kuzeyin Sesi<\/title>\n<meta name=\"robots\" content=\"index, follow, max-snippet:-1, max-image-preview:large, max-video-preview:-1\" \/>\n<link rel=\"canonical\" href=\"https:\/\/kuzeyinsesi.org\/index.php\/2025\/03\/06\/yazar-ahmet-serif-izgoren-hayata-deger-katmak-konulu-seminer-verdi\/\" \/>\n<meta property=\"og:locale\" content=\"tr_TR\" \/>\n<meta property=\"og:type\" content=\"article\" \/>\n<meta property=\"og:title\" content=\"Yazar Ahmet \u015eerif \u0130zg\u00f6ren \u201cHayata De\u011fer Katmak\u201d konulu seminer verdi - Kuzeyin Sesi\" \/>\n<meta property=\"og:description\" content=\"Do\u011fu Akdeniz \u00dcniversitesi (DA\u00dc) Mezunlarla \u0130leti\u015fim ve Kariyer Ara\u015ft\u0131rma M\u00fcd\u00fcrl\u00fc\u011f\u00fc taraf\u0131ndan 13. Uluslararas\u0131 Kariyer G\u00fcnleri kapsam\u0131nda ki\u015fisel geli\u015fim kitaplar\u0131 bulunan T\u00fcrk yazar Ahmet \u015eerif \u0130zg\u00f6ren \u201cHayata De\u011fer Katmak\u201d konulu seminer verdi. Do\u011fu Akdeniz \u00dcniversitesi Rekt\u00f6r\u00fc Prof. Dr. Hasan K\u0131l\u0131\u00e7 seminer \u00f6ncesi yapt\u0131\u011f\u0131 konu\u015fmada, Ahmet \u015eerif \u0130zg\u00f6ren\u2019i \u00fcniversitesinde a\u011f\u0131rlamaktan mutluluk duydu\u011funu dile getirdi. Yazar Ahmet \u015eerif [&hellip;]\" \/>\n<meta property=\"og:url\" content=\"https:\/\/kuzeyinsesi.org\/index.php\/2025\/03\/06\/yazar-ahmet-serif-izgoren-hayata-deger-katmak-konulu-seminer-verdi\/\" \/>\n<meta property=\"og:site_name\" content=\"Kuzeyin Sesi\" \/>\n<meta property=\"article:publisher\" content=\"https:\/\/www.facebook.com\/kuzeyinsesii\" \/>\n<meta property=\"article:published_time\" content=\"2025-03-06T11:51:11+00:00\" \/>\n<meta property=\"og:image\" content=\"https:\/\/brtk.net\/wp-content\/uploads\/2025\/03\/06\/oaidpaidpaioda.jpg?ver=70db4aa1e8419aa753eb4b97f19ae96b\" \/>\n<meta name=\"author\" content=\"Kuzeyin Sesi\" \/>\n<meta name=\"twitter:card\" content=\"summary_large_image\" \/>\n<meta name=\"twitter:creator\" content=\"@kuzeyinsesii\" \/>\n<meta name=\"twitter:site\" content=\"@kuzeyinsesii\" \/>\n<meta name=\"twitter:label1\" content=\"Yazan:\" \/>\n\t<meta name=\"twitter:data1\" content=\"Kuzeyin Sesi\" \/>\n\t<meta name=\"twitter:label2\" content=\"Tahmini okuma s\u00fcresi\" \/>\n\t<meta name=\"twitter:data2\" content=\"1 dakika\" \/>\n<script type=\"application\/ld+json\" class=\"yoast-schema-graph\">{\"@context\":\"https:\\\/\\\/schema.org\",\"@graph\":[{\"@type\":\"Article\",\"@id\":\"https:\\\/\\\/kuzeyinsesi.org\\\/index.php\\\/2025\\\/03\\\/06\\\/yazar-ahmet-serif-izgoren-hayata-deger-katmak-konulu-seminer-verdi\\\/#article\",\"isPartOf\":{\"@id\":\"https:\\\/\\\/kuzeyinsesi.org\\\/index.php\\\/2025\\\/03\\\/06\\\/yazar-ahmet-serif-izgoren-hayata-deger-katmak-konulu-seminer-verdi\\\/\"},\"author\":{\"name\":\"Kuzeyin Sesi\",\"@id\":\"https:\\\/\\\/kuzeyinsesi.org\\\/#\\\/schema\\\/person\\\/9f859689cdf01485597712386e37f5aa\"},\"headline\":\"Yazar Ahmet \u015eerif \u0130zg\u00f6ren \u201cHayata De\u011fer Katmak\u201d konulu seminer verdi\",\"datePublished\":\"2025-03-06T11:51:11+00:00\",\"mainEntityOfPage\":{\"@id\":\"https:\\\/\\\/kuzeyinsesi.org\\\/index.php\\\/2025\\\/03\\\/06\\\/yazar-ahmet-serif-izgoren-hayata-deger-katmak-konulu-seminer-verdi\\\/\"},\"wordCount\":116,\"commentCount\":0,\"image\":{\"@id\":\"https:\\\/\\\/kuzeyinsesi.org\\\/index.php\\\/2025\\\/03\\\/06\\\/yazar-ahmet-serif-izgoren-hayata-deger-katmak-konulu-seminer-verdi\\\/#primaryimage\"},\"thumbnailUrl\":\"https:\\\/\\\/kuzeyinsesi.org\\\/wp-content\\\/uploads\\\/2025\\\/03\\\/oaidpaidpaioda.jpg\",\"articleSection\":[\"Ya\u015fam\"],\"inLanguage\":\"tr\",\"potentialAction\":[{\"@type\":\"CommentAction\",\"name\":\"Comment\",\"target\":[\"https:\\\/\\\/kuzeyinsesi.org\\\/index.php\\\/2025\\\/03\\\/06\\\/yazar-ahmet-serif-izgoren-hayata-deger-katmak-konulu-seminer-verdi\\\/#respond\"]}]},{\"@type\":\"WebPage\",\"@id\":\"https:\\\/\\\/kuzeyinsesi.org\\\/index.php\\\/2025\\\/03\\\/06\\\/yazar-ahmet-serif-izgoren-hayata-deger-katmak-konulu-seminer-verdi\\\/\",\"url\":\"https:\\\/\\\/kuzeyinsesi.org\\\/index.php\\\/2025\\\/03\\\/06\\\/yazar-ahmet-serif-izgoren-hayata-deger-katmak-konulu-seminer-verdi\\\/\",\"name\":\"Yazar Ahmet \u015eerif \u0130zg\u00f6ren \u201cHayata De\u011fer Katmak\u201d konulu seminer verdi - Kuzeyin Sesi\",\"isPartOf\":{\"@id\":\"https:\\\/\\\/kuzeyinsesi.org\\\/#website\"},\"primaryImageOfPage\":{\"@id\":\"https:\\\/\\\/kuzeyinsesi.org\\\/index.php\\\/2025\\\/03\\\/06\\\/yazar-ahmet-serif-izgoren-hayata-deger-katmak-konulu-seminer-verdi\\\/#primaryimage\"},\"image\":{\"@id\":\"https:\\\/\\\/kuzeyinsesi.org\\\/index.php\\\/2025\\\/03\\\/06\\\/yazar-ahmet-serif-izgoren-hayata-deger-katmak-konulu-seminer-verdi\\\/#primaryimage\"},\"thumbnailUrl\":\"https:\\\/\\\/kuzeyinsesi.org\\\/wp-content\\\/uploads\\\/2025\\\/03\\\/oaidpaidpaioda.jpg\",\"datePublished\":\"2025-03-06T11:51:11+00:00\",\"author\":{\"@id\":\"https:\\\/\\\/kuzeyinsesi.org\\\/#\\\/schema\\\/person\\\/9f859689cdf01485597712386e37f5aa\"},\"breadcrumb\":{\"@id\":\"https:\\\/\\\/kuzeyinsesi.org\\\/index.php\\\/2025\\\/03\\\/06\\\/yazar-ahmet-serif-izgoren-hayata-deger-katmak-konulu-seminer-verdi\\\/#breadcrumb\"},\"inLanguage\":\"tr\",\"potentialAction\":[{\"@type\":\"ReadAction\",\"target\":[\"https:\\\/\\\/kuzeyinsesi.org\\\/index.php\\\/2025\\\/03\\\/06\\\/yazar-ahmet-serif-izgoren-hayata-deger-katmak-konulu-seminer-verdi\\\/\"]}]},{\"@type\":\"ImageObject\",\"inLanguage\":\"tr\",\"@id\":\"https:\\\/\\\/kuzeyinsesi.org\\\/index.php\\\/2025\\\/03\\\/06\\\/yazar-ahmet-serif-izgoren-hayata-deger-katmak-konulu-seminer-verdi\\\/#primaryimage\",\"url\":\"https:\\\/\\\/kuzeyinsesi.org\\\/wp-content\\\/uploads\\\/2025\\\/03\\\/oaidpaidpaioda.jpg\",\"contentUrl\":\"https:\\\/\\\/kuzeyinsesi.org\\\/wp-content\\\/uploads\\\/2025\\\/03\\\/oaidpaidpaioda.jpg\",\"width\":1600,\"height\":867},{\"@type\":\"BreadcrumbList\",\"@id\":\"https:\\\/\\\/kuzeyinsesi.org\\\/index.php\\\/2025\\\/03\\\/06\\\/yazar-ahmet-serif-izgoren-hayata-deger-katmak-konulu-seminer-verdi\\\/#breadcrumb\",\"itemListElement\":[{\"@type\":\"ListItem\",\"position\":1,\"name\":\"Anasayfa\",\"item\":\"https:\\\/\\\/kuzeyinsesi.org\\\/\"},{\"@type\":\"ListItem\",\"position\":2,\"name\":\"Yazar Ahmet \u015eerif \u0130zg\u00f6ren \u201cHayata De\u011fer Katmak\u201d konulu seminer verdi\"}]},{\"@type\":\"WebSite\",\"@id\":\"https:\\\/\\\/kuzeyinsesi.org\\\/#website\",\"url\":\"https:\\\/\\\/kuzeyinsesi.org\\\/\",\"name\":\"Kuzeyin Sesi\",\"description\":\"Do\u011fru Haberin Adresi\",\"potentialAction\":[{\"@type\":\"SearchAction\",\"target\":{\"@type\":\"EntryPoint\",\"urlTemplate\":\"https:\\\/\\\/kuzeyinsesi.org\\\/?s={search_term_string}\"},\"query-input\":{\"@type\":\"PropertyValueSpecification\",\"valueRequired\":true,\"valueName\":\"search_term_string\"}}],\"inLanguage\":\"tr\"},{\"@type\":\"Person\",\"@id\":\"https:\\\/\\\/kuzeyinsesi.org\\\/#\\\/schema\\\/person\\\/9f859689cdf01485597712386e37f5aa\",\"name\":\"Kuzeyin Sesi\",\"image\":{\"@type\":\"ImageObject\",\"inLanguage\":\"tr\",\"@id\":\"https:\\\/\\\/secure.gravatar.com\\\/avatar\\\/bab33852abfd8b282518d6ed81826833d77c3c882d9ab608add591ccace47a44?s=96&d=mm&r=g\",\"url\":\"https:\\\/\\\/secure.gravatar.com\\\/avatar\\\/bab33852abfd8b282518d6ed81826833d77c3c882d9ab608add591ccace47a44?s=96&d=mm&r=g\",\"contentUrl\":\"https:\\\/\\\/secure.gravatar.com\\\/avatar\\\/bab33852abfd8b282518d6ed81826833d77c3c882d9ab608add591ccace47a44?s=96&d=mm&r=g\",\"caption\":\"Kuzeyin Sesi\"},\"sameAs\":[\"https:\\\/\\\/kuzeyinsesi.org\"],\"url\":\"https:\\\/\\\/kuzeyinsesi.org\\\/index.php\\\/author\\\/guven\\\/\"}]}<\/script>\n<!-- \/ Yoast SEO plugin. -->","yoast_head_json":{"title":"Yazar Ahmet \u015eerif \u0130zg\u00f6ren \u201cHayata De\u011fer Katmak\u201d konulu seminer verdi - Kuzeyin Sesi","robots":{"index":"index","follow":"follow","max-snippet":"max-snippet:-1","max-image-preview":"max-image-preview:large","max-video-preview":"max-video-preview:-1"},"canonical":"https:\/\/kuzeyinsesi.org\/index.php\/2025\/03\/06\/yazar-ahmet-serif-izgoren-hayata-deger-katmak-konulu-seminer-verdi\/","og_locale":"tr_TR","og_type":"article","og_title":"Yazar Ahmet \u015eerif \u0130zg\u00f6ren \u201cHayata De\u011fer Katmak\u201d konulu seminer verdi - Kuzeyin Sesi","og_description":"Do\u011fu Akdeniz \u00dcniversitesi (DA\u00dc) Mezunlarla \u0130leti\u015fim ve Kariyer Ara\u015ft\u0131rma M\u00fcd\u00fcrl\u00fc\u011f\u00fc taraf\u0131ndan 13. Uluslararas\u0131 Kariyer G\u00fcnleri kapsam\u0131nda ki\u015fisel geli\u015fim kitaplar\u0131 bulunan T\u00fcrk yazar Ahmet \u015eerif \u0130zg\u00f6ren \u201cHayata De\u011fer Katmak\u201d konulu seminer verdi. Do\u011fu Akdeniz \u00dcniversitesi Rekt\u00f6r\u00fc Prof. Dr. Hasan K\u0131l\u0131\u00e7 seminer \u00f6ncesi yapt\u0131\u011f\u0131 konu\u015fmada, Ahmet \u015eerif \u0130zg\u00f6ren\u2019i \u00fcniversitesinde a\u011f\u0131rlamaktan mutluluk duydu\u011funu dile getirdi. Yazar Ahmet \u015eerif [&hellip;]","og_url":"https:\/\/kuzeyinsesi.org\/index.php\/2025\/03\/06\/yazar-ahmet-serif-izgoren-hayata-deger-katmak-konulu-seminer-verdi\/","og_site_name":"Kuzeyin Sesi","article_publisher":"https:\/\/www.facebook.com\/kuzeyinsesii","article_published_time":"2025-03-06T11:51:11+00:00","og_image":[{"url":"https:\/\/brtk.net\/wp-content\/uploads\/2025\/03\/06\/oaidpaidpaioda.jpg?ver=70db4aa1e8419aa753eb4b97f19ae96b","type":"","width":"","height":""}],"author":"Kuzeyin Sesi","twitter_card":"summary_large_image","twitter_creator":"@kuzeyinsesii","twitter_site":"@kuzeyinsesii","twitter_misc":{"Yazan:":"Kuzeyin Sesi","Tahmini okuma s\u00fcresi":"1 dakika"},"schema":{"@context":"https:\/\/schema.org","@graph":[{"@type":"Article","@id":"https:\/\/kuzeyinsesi.org\/index.php\/2025\/03\/06\/yazar-ahmet-serif-izgoren-hayata-deger-katmak-konulu-seminer-verdi\/#article","isPartOf":{"@id":"https:\/\/kuzeyinsesi.org\/index.php\/2025\/03\/06\/yazar-ahmet-serif-izgoren-hayata-deger-katmak-konulu-seminer-verdi\/"},"author":{"name":"Kuzeyin Sesi","@id":"https:\/\/kuzeyinsesi.org\/#\/schema\/person\/9f859689cdf01485597712386e37f5aa"},"headline":"Yazar Ahmet \u015eerif \u0130zg\u00f6ren \u201cHayata De\u011fer Katmak\u201d konulu seminer verdi","datePublished":"2025-03-06T11:51:11+00:00","mainEntityOfPage":{"@id":"https:\/\/kuzeyinsesi.org\/index.php\/2025\/03\/06\/yazar-ahmet-serif-izgoren-hayata-deger-katmak-konulu-seminer-verdi\/"},"wordCount":116,"commentCount":0,"image":{"@id":"https:\/\/kuzeyinsesi.org\/index.php\/2025\/03\/06\/yazar-ahmet-serif-izgoren-hayata-deger-katmak-konulu-seminer-verdi\/#primaryimage"},"thumbnailUrl":"https:\/\/kuzeyinsesi.org\/wp-content\/uploads\/2025\/03\/oaidpaidpaioda.jpg","articleSection":["Ya\u015fam"],"inLanguage":"tr","potentialAction":[{"@type":"CommentAction","name":"Comment","target":["https:\/\/kuzeyinsesi.org\/index.php\/2025\/03\/06\/yazar-ahmet-serif-izgoren-hayata-deger-katmak-konulu-seminer-verdi\/#respond"]}]},{"@type":"WebPage","@id":"https:\/\/kuzeyinsesi.org\/index.php\/2025\/03\/06\/yazar-ahmet-serif-izgoren-hayata-deger-katmak-konulu-seminer-verdi\/","url":"https:\/\/kuzeyinsesi.org\/index.php\/2025\/03\/06\/yazar-ahmet-serif-izgoren-hayata-deger-katmak-konulu-seminer-verdi\/","name":"Yazar Ahmet \u015eerif \u0130zg\u00f6ren \u201cHayata De\u011fer Katmak\u201d konulu seminer verdi - Kuzeyin Sesi","isPartOf":{"@id":"https:\/\/kuzeyinsesi.org\/#website"},"primaryImageOfPage":{"@id":"https:\/\/kuzeyinsesi.org\/index.php\/2025\/03\/06\/yazar-ahmet-serif-izgoren-hayata-deger-katmak-konulu-seminer-verdi\/#primaryimage"},"image":{"@id":"https:\/\/kuzeyinsesi.org\/index.php\/2025\/03\/06\/yazar-ahmet-serif-izgoren-hayata-deger-katmak-konulu-seminer-verdi\/#primaryimage"},"thumbnailUrl":"https:\/\/kuzeyinsesi.org\/wp-content\/uploads\/2025\/03\/oaidpaidpaioda.jpg","datePublished":"2025-03-06T11:51:11+00:00","author":{"@id":"https:\/\/kuzeyinsesi.org\/#\/schema\/person\/9f859689cdf01485597712386e37f5aa"},"breadcrumb":{"@id":"https:\/\/kuzeyinsesi.org\/index.php\/2025\/03\/06\/yazar-ahmet-serif-izgoren-hayata-deger-katmak-konulu-seminer-verdi\/#breadcrumb"},"inLanguage":"tr","potentialAction":[{"@type":"ReadAction","target":["https:\/\/kuzeyinsesi.org\/index.php\/2025\/03\/06\/yazar-ahmet-serif-izgoren-hayata-deger-katmak-konulu-seminer-verdi\/"]}]},{"@type":"ImageObject","inLanguage":"tr","@id":"https:\/\/kuzeyinsesi.org\/index.php\/2025\/03\/06\/yazar-ahmet-serif-izgoren-hayata-deger-katmak-konulu-seminer-verdi\/#primaryimage","url":"https:\/\/kuzeyinsesi.org\/wp-content\/uploads\/2025\/03\/oaidpaidpaioda.jpg","contentUrl":"https:\/\/kuzeyinsesi.org\/wp-content\/uploads\/2025\/03\/oaidpaidpaioda.jpg","width":1600,"height":867},{"@type":"BreadcrumbList","@id":"https:\/\/kuzeyinsesi.org\/index.php\/2025\/03\/06\/yazar-ahmet-serif-izgoren-hayata-deger-katmak-konulu-seminer-verdi\/#breadcrumb","itemListElement":[{"@type":"ListItem","position":1,"name":"Anasayfa","item":"https:\/\/kuzeyinsesi.org\/"},{"@type":"ListItem","position":2,"name":"Yazar Ahmet \u015eerif \u0130zg\u00f6ren \u201cHayata De\u011fer Katmak\u201d konulu seminer verdi"}]},{"@type":"WebSite","@id":"https:\/\/kuzeyinsesi.org\/#website","url":"https:\/\/kuzeyinsesi.org\/","name":"Kuzeyin Sesi","description":"Do\u011fru Haberin Adresi","potentialAction":[{"@type":"SearchAction","target":{"@type":"EntryPoint","urlTemplate":"https:\/\/kuzeyinsesi.org\/?s={search_term_string}"},"query-input":{"@type":"PropertyValueSpecification","valueRequired":true,"valueName":"search_term_string"}}],"inLanguage":"tr"},{"@type":"Person","@id":"https:\/\/kuzeyinsesi.org\/#\/schema\/person\/9f859689cdf01485597712386e37f5aa","name":"Kuzeyin Sesi","image":{"@type":"ImageObject","inLanguage":"tr","@id":"https:\/\/secure.gravatar.com\/avatar\/bab33852abfd8b282518d6ed81826833d77c3c882d9ab608add591ccace47a44?s=96&d=mm&r=g","url":"https:\/\/secure.gravatar.com\/avatar\/bab33852abfd8b282518d6ed81826833d77c3c882d9ab608add591ccace47a44?s=96&d=mm&r=g","contentUrl":"https:\/\/secure.gravatar.com\/avatar\/bab33852abfd8b282518d6ed81826833d77c3c882d9ab608add591ccace47a44?s=96&d=mm&r=g","caption":"Kuzeyin Sesi"},"sameAs":["https:\/\/kuzeyinsesi.org"],"url":"https:\/\/kuzeyinsesi.org\/index.php\/author\/guven\/"}]}},"_links":{"self":[{"href":"https:\/\/kuzeyinsesi.org\/index.php\/wp-json\/wp\/v2\/posts\/20322","targetHints":{"allow":["GET"]}}],"collection":[{"href":"https:\/\/kuzeyinsesi.org\/index.php\/wp-json\/wp\/v2\/posts"}],"about":[{"href":"https:\/\/kuzeyinsesi.org\/index.php\/wp-json\/wp\/v2\/types\/post"}],"author":[{"embeddable":true,"href":"https:\/\/kuzeyinsesi.org\/index.php\/wp-json\/wp\/v2\/users\/1"}],"replies":[{"embeddable":true,"href":"https:\/\/kuzeyinsesi.org\/index.php\/wp-json\/wp\/v2\/comments?post=20322"}],"version-history":[{"count":0,"href":"https:\/\/kuzeyinsesi.org\/index.php\/wp-json\/wp\/v2\/posts\/20322\/revisions"}],"wp:featuredmedia":[{"embeddable":true,"href":"https:\/\/kuzeyinsesi.org\/index.php\/wp-json\/wp\/v2\/media\/20323"}],"wp:attachment":[{"href":"https:\/\/kuzeyinsesi.org\/index.php\/wp-json\/wp\/v2\/media?parent=20322"}],"wp:term":[{"taxonomy":"category","embeddable":true,"href":"https:\/\/kuzeyinsesi.org\/index.php\/wp-json\/wp\/v2\/categories?post=20322"},{"taxonomy":"post_tag","embeddable":true,"href":"https:\/\/kuzeyinsesi.org\/index.php\/wp-json\/wp\/v2\/tags?post=20322"}],"curies":[{"name":"wp","href":"https:\/\/api.w.org\/{rel}","templated":true}]}}