{"id":2030,"date":"2024-05-11T01:41:01","date_gmt":"2024-05-10T22:41:01","guid":{"rendered":"https:\/\/kuzeyinsesi.com\/index.php\/2024\/05\/11\/afganistandaki-sellerde-50-kisi-oldu\/"},"modified":"2024-05-11T01:41:01","modified_gmt":"2024-05-10T22:41:01","slug":"afganistandaki-sellerde-50-kisi-oldu","status":"publish","type":"post","link":"https:\/\/kuzeyinsesi.org\/index.php\/2024\/05\/11\/afganistandaki-sellerde-50-kisi-oldu\/","title":{"rendered":"Afganistan&#039;daki sellerde 50 ki\u015fi \u00f6ld\u00fc"},"content":{"rendered":"<p><\/p>\n<div>\n<p>&#13;<br \/>\n\tAfganistan&#8217;\u0131n kuzey ve kuzeydo\u011fu b\u00f6lgelerinde etkili olan ya\u011f\u0131\u015flar sellere yol a\u00e7t\u0131.<\/p>\n<p>&#13;<br \/>\n\tKuzeydeki Baghlan kentinin <a href=\"https:\/\/www.trthaber.com\/etiket\/dogal-afet\/\" target=\"_blank\" rel=\"noopener\">Do\u011fal Afet<\/a> Dairesi Ba\u015fkan\u0131 Hedayatullah Hamdard, <a href=\"https:\/\/www.trthaber.com\/etiket\/kabil\/\" target=\"_blank\" rel=\"noopener\">Kabil<\/a> merkezli Tolo News&#8217;e yapt\u0131\u011f\u0131 a\u00e7\u0131klamada, &#8220;Burka, Nahreen ve Orta Baghlan b\u00f6lgelerinde meydana gelen sellerde \u015fu ana kadar 50 ki\u015fi hayat\u0131n\u0131 kaybetti.&#8221; dedi.<\/p>\n<p>&#13;<br \/>\n\tKuzeydo\u011fu Badah\u015fan kentinin Do\u011fal Afet Dairesi Ba\u015fkan\u0131 Mohammad Akram Akbari ise sellerin Tashkan, Yawan ve Tagab il\u00e7elerini vurdu\u011funu, \u00e7ok say\u0131da ev, okul ve ibadethanede hasara yol a\u00e7t\u0131\u011f\u0131n\u0131 belirtti.<\/p>\n<p>&#13;<br \/>\n\tYetkililer, selden etkilenen b\u00f6lgelere y\u00f6nelik acil yard\u0131m \u00e7al\u0131\u015fmalar\u0131n\u0131n ba\u015flat\u0131ld\u0131\u011f\u0131 bilgisini payla\u015ft\u0131.<\/p>\n<p>&#13;<br \/>\n\tAfganistan&#8217;da a\u015f\u0131r\u0131 ya\u011f\u0131\u015flar\u0131n neden oldu\u011fu seller her y\u0131l binlerce ki\u015finin \u00f6l\u00fcm\u00fcne yol a\u00e7\u0131yor.<\/p>\n<\/p><\/div>\n","protected":false},"excerpt":{"rendered":"<p>&#13; Afganistan&#8217;\u0131n kuzey ve kuzeydo\u011fu b\u00f6lgelerinde etkili olan ya\u011f\u0131\u015flar sellere yol a\u00e7t\u0131. &#13; Kuzeydeki Baghlan kentinin Do\u011fal Afet Dairesi Ba\u015fkan\u0131 Hedayatullah Hamdard, Kabil merkezli Tolo News&#8217;e yapt\u0131\u011f\u0131 a\u00e7\u0131klamada, &#8220;Burka, Nahreen ve Orta Baghlan b\u00f6lgelerinde meydana gelen sellerde \u015fu ana kadar 50 ki\u015fi hayat\u0131n\u0131 kaybetti.&#8221; dedi. &#13; Kuzeydo\u011fu Badah\u015fan kentinin Do\u011fal Afet Dairesi Ba\u015fkan\u0131 Mohammad Akram [&hellip;]<\/p>\n","protected":false},"author":1,"featured_media":2031,"comment_status":"open","ping_status":"open","sticky":false,"template":"","format":"standard","meta":{"jnews-multi-image_gallery":[],"jnews_single_post":[],"jnews_primary_category":[],"jnews_social_meta":[],"jnews_override_counter":[],"footnotes":""},"categories":[2],"tags":[],"class_list":["post-2030","post","type-post","status-publish","format-standard","has-post-thumbnail","hentry","category-dunya"],"yoast_head":"<!-- This site is optimized with the Yoast SEO plugin v27.5 - https:\/\/yoast.com\/product\/yoast-seo-wordpress\/ -->\n<title>Afganistan&#039;daki sellerde 50 ki\u015fi \u00f6ld\u00fc - Kuzeyin Sesi<\/title>\n<meta name=\"robots\" content=\"index, follow, max-snippet:-1, max-image-preview:large, max-video-preview:-1\" \/>\n<link rel=\"canonical\" href=\"https:\/\/kuzeyinsesi.org\/index.php\/2024\/05\/11\/afganistandaki-sellerde-50-kisi-oldu\/\" \/>\n<meta property=\"og:locale\" content=\"tr_TR\" \/>\n<meta property=\"og:type\" content=\"article\" \/>\n<meta property=\"og:title\" content=\"Afganistan&#039;daki sellerde 50 ki\u015fi \u00f6ld\u00fc - Kuzeyin Sesi\" \/>\n<meta property=\"og:description\" content=\"&#013; Afganistan&#8217;\u0131n kuzey ve kuzeydo\u011fu b\u00f6lgelerinde etkili olan ya\u011f\u0131\u015flar sellere yol a\u00e7t\u0131. &#013; Kuzeydeki Baghlan kentinin Do\u011fal Afet Dairesi Ba\u015fkan\u0131 Hedayatullah Hamdard, Kabil merkezli Tolo News&#8217;e yapt\u0131\u011f\u0131 a\u00e7\u0131klamada, &#8220;Burka, Nahreen ve Orta Baghlan b\u00f6lgelerinde meydana gelen sellerde \u015fu ana kadar 50 ki\u015fi hayat\u0131n\u0131 kaybetti.&#8221; dedi. &#013; Kuzeydo\u011fu Badah\u015fan kentinin Do\u011fal Afet Dairesi Ba\u015fkan\u0131 Mohammad Akram [&hellip;]\" \/>\n<meta property=\"og:url\" content=\"https:\/\/kuzeyinsesi.org\/index.php\/2024\/05\/11\/afganistandaki-sellerde-50-kisi-oldu\/\" \/>\n<meta property=\"og:site_name\" content=\"Kuzeyin Sesi\" \/>\n<meta property=\"article:publisher\" content=\"https:\/\/www.facebook.com\/kuzeyinsesii\" \/>\n<meta property=\"article:published_time\" content=\"2024-05-10T22:41:01+00:00\" \/>\n<meta property=\"og:image\" content=\"https:\/\/kuzeyinsesi.org\/wp-content\/uploads\/2024\/05\/afghanistan-reuters-2227539.jpg\" \/>\n\t<meta property=\"og:image:width\" content=\"1280\" \/>\n\t<meta property=\"og:image:height\" content=\"720\" \/>\n\t<meta property=\"og:image:type\" content=\"image\/jpeg\" \/>\n<meta name=\"author\" content=\"Kuzeyin Sesi\" \/>\n<meta name=\"twitter:card\" content=\"summary_large_image\" \/>\n<meta name=\"twitter:creator\" content=\"@kuzeyinsesii\" \/>\n<meta name=\"twitter:site\" content=\"@kuzeyinsesii\" \/>\n<meta name=\"twitter:label1\" content=\"Yazan:\" \/>\n\t<meta name=\"twitter:data1\" content=\"Kuzeyin Sesi\" \/>\n\t<meta name=\"twitter:label2\" content=\"Tahmini okuma s\u00fcresi\" \/>\n\t<meta name=\"twitter:data2\" content=\"1 dakika\" \/>\n<script type=\"application\/ld+json\" class=\"yoast-schema-graph\">{\"@context\":\"https:\\\/\\\/schema.org\",\"@graph\":[{\"@type\":\"Article\",\"@id\":\"https:\\\/\\\/kuzeyinsesi.org\\\/index.php\\\/2024\\\/05\\\/11\\\/afganistandaki-sellerde-50-kisi-oldu\\\/#article\",\"isPartOf\":{\"@id\":\"https:\\\/\\\/kuzeyinsesi.org\\\/index.php\\\/2024\\\/05\\\/11\\\/afganistandaki-sellerde-50-kisi-oldu\\\/\"},\"author\":{\"name\":\"Kuzeyin Sesi\",\"@id\":\"https:\\\/\\\/kuzeyinsesi.org\\\/#\\\/schema\\\/person\\\/9f859689cdf01485597712386e37f5aa\"},\"headline\":\"Afganistan&#039;daki sellerde 50 ki\u015fi \u00f6ld\u00fc\",\"datePublished\":\"2024-05-10T22:41:01+00:00\",\"mainEntityOfPage\":{\"@id\":\"https:\\\/\\\/kuzeyinsesi.org\\\/index.php\\\/2024\\\/05\\\/11\\\/afganistandaki-sellerde-50-kisi-oldu\\\/\"},\"wordCount\":140,\"commentCount\":0,\"image\":{\"@id\":\"https:\\\/\\\/kuzeyinsesi.org\\\/index.php\\\/2024\\\/05\\\/11\\\/afganistandaki-sellerde-50-kisi-oldu\\\/#primaryimage\"},\"thumbnailUrl\":\"https:\\\/\\\/kuzeyinsesi.org\\\/wp-content\\\/uploads\\\/2024\\\/05\\\/afghanistan-reuters-2227539.jpg\",\"articleSection\":[\"D\u00fcnya\"],\"inLanguage\":\"tr\",\"potentialAction\":[{\"@type\":\"CommentAction\",\"name\":\"Comment\",\"target\":[\"https:\\\/\\\/kuzeyinsesi.org\\\/index.php\\\/2024\\\/05\\\/11\\\/afganistandaki-sellerde-50-kisi-oldu\\\/#respond\"]}]},{\"@type\":\"WebPage\",\"@id\":\"https:\\\/\\\/kuzeyinsesi.org\\\/index.php\\\/2024\\\/05\\\/11\\\/afganistandaki-sellerde-50-kisi-oldu\\\/\",\"url\":\"https:\\\/\\\/kuzeyinsesi.org\\\/index.php\\\/2024\\\/05\\\/11\\\/afganistandaki-sellerde-50-kisi-oldu\\\/\",\"name\":\"Afganistan&#039;daki sellerde 50 ki\u015fi \u00f6ld\u00fc - Kuzeyin Sesi\",\"isPartOf\":{\"@id\":\"https:\\\/\\\/kuzeyinsesi.org\\\/#website\"},\"primaryImageOfPage\":{\"@id\":\"https:\\\/\\\/kuzeyinsesi.org\\\/index.php\\\/2024\\\/05\\\/11\\\/afganistandaki-sellerde-50-kisi-oldu\\\/#primaryimage\"},\"image\":{\"@id\":\"https:\\\/\\\/kuzeyinsesi.org\\\/index.php\\\/2024\\\/05\\\/11\\\/afganistandaki-sellerde-50-kisi-oldu\\\/#primaryimage\"},\"thumbnailUrl\":\"https:\\\/\\\/kuzeyinsesi.org\\\/wp-content\\\/uploads\\\/2024\\\/05\\\/afghanistan-reuters-2227539.jpg\",\"datePublished\":\"2024-05-10T22:41:01+00:00\",\"author\":{\"@id\":\"https:\\\/\\\/kuzeyinsesi.org\\\/#\\\/schema\\\/person\\\/9f859689cdf01485597712386e37f5aa\"},\"breadcrumb\":{\"@id\":\"https:\\\/\\\/kuzeyinsesi.org\\\/index.php\\\/2024\\\/05\\\/11\\\/afganistandaki-sellerde-50-kisi-oldu\\\/#breadcrumb\"},\"inLanguage\":\"tr\",\"potentialAction\":[{\"@type\":\"ReadAction\",\"target\":[\"https:\\\/\\\/kuzeyinsesi.org\\\/index.php\\\/2024\\\/05\\\/11\\\/afganistandaki-sellerde-50-kisi-oldu\\\/\"]}]},{\"@type\":\"ImageObject\",\"inLanguage\":\"tr\",\"@id\":\"https:\\\/\\\/kuzeyinsesi.org\\\/index.php\\\/2024\\\/05\\\/11\\\/afganistandaki-sellerde-50-kisi-oldu\\\/#primaryimage\",\"url\":\"https:\\\/\\\/kuzeyinsesi.org\\\/wp-content\\\/uploads\\\/2024\\\/05\\\/afghanistan-reuters-2227539.jpg\",\"contentUrl\":\"https:\\\/\\\/kuzeyinsesi.org\\\/wp-content\\\/uploads\\\/2024\\\/05\\\/afghanistan-reuters-2227539.jpg\",\"width\":1280,\"height\":720},{\"@type\":\"BreadcrumbList\",\"@id\":\"https:\\\/\\\/kuzeyinsesi.org\\\/index.php\\\/2024\\\/05\\\/11\\\/afganistandaki-sellerde-50-kisi-oldu\\\/#breadcrumb\",\"itemListElement\":[{\"@type\":\"ListItem\",\"position\":1,\"name\":\"Anasayfa\",\"item\":\"https:\\\/\\\/kuzeyinsesi.org\\\/\"},{\"@type\":\"ListItem\",\"position\":2,\"name\":\"Afganistan&#039;daki sellerde 50 ki\u015fi \u00f6ld\u00fc\"}]},{\"@type\":\"WebSite\",\"@id\":\"https:\\\/\\\/kuzeyinsesi.org\\\/#website\",\"url\":\"https:\\\/\\\/kuzeyinsesi.org\\\/\",\"name\":\"Kuzeyin Sesi\",\"description\":\"Do\u011fru Haberin Adresi\",\"potentialAction\":[{\"@type\":\"SearchAction\",\"target\":{\"@type\":\"EntryPoint\",\"urlTemplate\":\"https:\\\/\\\/kuzeyinsesi.org\\\/?s={search_term_string}\"},\"query-input\":{\"@type\":\"PropertyValueSpecification\",\"valueRequired\":true,\"valueName\":\"search_term_string\"}}],\"inLanguage\":\"tr\"},{\"@type\":\"Person\",\"@id\":\"https:\\\/\\\/kuzeyinsesi.org\\\/#\\\/schema\\\/person\\\/9f859689cdf01485597712386e37f5aa\",\"name\":\"Kuzeyin Sesi\",\"image\":{\"@type\":\"ImageObject\",\"inLanguage\":\"tr\",\"@id\":\"https:\\\/\\\/secure.gravatar.com\\\/avatar\\\/bab33852abfd8b282518d6ed81826833d77c3c882d9ab608add591ccace47a44?s=96&d=mm&r=g\",\"url\":\"https:\\\/\\\/secure.gravatar.com\\\/avatar\\\/bab33852abfd8b282518d6ed81826833d77c3c882d9ab608add591ccace47a44?s=96&d=mm&r=g\",\"contentUrl\":\"https:\\\/\\\/secure.gravatar.com\\\/avatar\\\/bab33852abfd8b282518d6ed81826833d77c3c882d9ab608add591ccace47a44?s=96&d=mm&r=g\",\"caption\":\"Kuzeyin Sesi\"},\"sameAs\":[\"https:\\\/\\\/kuzeyinsesi.org\"],\"url\":\"https:\\\/\\\/kuzeyinsesi.org\\\/index.php\\\/author\\\/guven\\\/\"}]}<\/script>\n<!-- \/ Yoast SEO plugin. -->","yoast_head_json":{"title":"Afganistan&#039;daki sellerde 50 ki\u015fi \u00f6ld\u00fc - Kuzeyin Sesi","robots":{"index":"index","follow":"follow","max-snippet":"max-snippet:-1","max-image-preview":"max-image-preview:large","max-video-preview":"max-video-preview:-1"},"canonical":"https:\/\/kuzeyinsesi.org\/index.php\/2024\/05\/11\/afganistandaki-sellerde-50-kisi-oldu\/","og_locale":"tr_TR","og_type":"article","og_title":"Afganistan&#039;daki sellerde 50 ki\u015fi \u00f6ld\u00fc - Kuzeyin Sesi","og_description":"&#13; Afganistan&#8217;\u0131n kuzey ve kuzeydo\u011fu b\u00f6lgelerinde etkili olan ya\u011f\u0131\u015flar sellere yol a\u00e7t\u0131. &#13; Kuzeydeki Baghlan kentinin Do\u011fal Afet Dairesi Ba\u015fkan\u0131 Hedayatullah Hamdard, Kabil merkezli Tolo News&#8217;e yapt\u0131\u011f\u0131 a\u00e7\u0131klamada, &#8220;Burka, Nahreen ve Orta Baghlan b\u00f6lgelerinde meydana gelen sellerde \u015fu ana kadar 50 ki\u015fi hayat\u0131n\u0131 kaybetti.&#8221; dedi. &#13; Kuzeydo\u011fu Badah\u015fan kentinin Do\u011fal Afet Dairesi Ba\u015fkan\u0131 Mohammad Akram [&hellip;]","og_url":"https:\/\/kuzeyinsesi.org\/index.php\/2024\/05\/11\/afganistandaki-sellerde-50-kisi-oldu\/","og_site_name":"Kuzeyin Sesi","article_publisher":"https:\/\/www.facebook.com\/kuzeyinsesii","article_published_time":"2024-05-10T22:41:01+00:00","og_image":[{"width":1280,"height":720,"url":"https:\/\/kuzeyinsesi.org\/wp-content\/uploads\/2024\/05\/afghanistan-reuters-2227539.jpg","type":"image\/jpeg"}],"author":"Kuzeyin Sesi","twitter_card":"summary_large_image","twitter_creator":"@kuzeyinsesii","twitter_site":"@kuzeyinsesii","twitter_misc":{"Yazan:":"Kuzeyin Sesi","Tahmini okuma s\u00fcresi":"1 dakika"},"schema":{"@context":"https:\/\/schema.org","@graph":[{"@type":"Article","@id":"https:\/\/kuzeyinsesi.org\/index.php\/2024\/05\/11\/afganistandaki-sellerde-50-kisi-oldu\/#article","isPartOf":{"@id":"https:\/\/kuzeyinsesi.org\/index.php\/2024\/05\/11\/afganistandaki-sellerde-50-kisi-oldu\/"},"author":{"name":"Kuzeyin Sesi","@id":"https:\/\/kuzeyinsesi.org\/#\/schema\/person\/9f859689cdf01485597712386e37f5aa"},"headline":"Afganistan&#039;daki sellerde 50 ki\u015fi \u00f6ld\u00fc","datePublished":"2024-05-10T22:41:01+00:00","mainEntityOfPage":{"@id":"https:\/\/kuzeyinsesi.org\/index.php\/2024\/05\/11\/afganistandaki-sellerde-50-kisi-oldu\/"},"wordCount":140,"commentCount":0,"image":{"@id":"https:\/\/kuzeyinsesi.org\/index.php\/2024\/05\/11\/afganistandaki-sellerde-50-kisi-oldu\/#primaryimage"},"thumbnailUrl":"https:\/\/kuzeyinsesi.org\/wp-content\/uploads\/2024\/05\/afghanistan-reuters-2227539.jpg","articleSection":["D\u00fcnya"],"inLanguage":"tr","potentialAction":[{"@type":"CommentAction","name":"Comment","target":["https:\/\/kuzeyinsesi.org\/index.php\/2024\/05\/11\/afganistandaki-sellerde-50-kisi-oldu\/#respond"]}]},{"@type":"WebPage","@id":"https:\/\/kuzeyinsesi.org\/index.php\/2024\/05\/11\/afganistandaki-sellerde-50-kisi-oldu\/","url":"https:\/\/kuzeyinsesi.org\/index.php\/2024\/05\/11\/afganistandaki-sellerde-50-kisi-oldu\/","name":"Afganistan&#039;daki sellerde 50 ki\u015fi \u00f6ld\u00fc - Kuzeyin Sesi","isPartOf":{"@id":"https:\/\/kuzeyinsesi.org\/#website"},"primaryImageOfPage":{"@id":"https:\/\/kuzeyinsesi.org\/index.php\/2024\/05\/11\/afganistandaki-sellerde-50-kisi-oldu\/#primaryimage"},"image":{"@id":"https:\/\/kuzeyinsesi.org\/index.php\/2024\/05\/11\/afganistandaki-sellerde-50-kisi-oldu\/#primaryimage"},"thumbnailUrl":"https:\/\/kuzeyinsesi.org\/wp-content\/uploads\/2024\/05\/afghanistan-reuters-2227539.jpg","datePublished":"2024-05-10T22:41:01+00:00","author":{"@id":"https:\/\/kuzeyinsesi.org\/#\/schema\/person\/9f859689cdf01485597712386e37f5aa"},"breadcrumb":{"@id":"https:\/\/kuzeyinsesi.org\/index.php\/2024\/05\/11\/afganistandaki-sellerde-50-kisi-oldu\/#breadcrumb"},"inLanguage":"tr","potentialAction":[{"@type":"ReadAction","target":["https:\/\/kuzeyinsesi.org\/index.php\/2024\/05\/11\/afganistandaki-sellerde-50-kisi-oldu\/"]}]},{"@type":"ImageObject","inLanguage":"tr","@id":"https:\/\/kuzeyinsesi.org\/index.php\/2024\/05\/11\/afganistandaki-sellerde-50-kisi-oldu\/#primaryimage","url":"https:\/\/kuzeyinsesi.org\/wp-content\/uploads\/2024\/05\/afghanistan-reuters-2227539.jpg","contentUrl":"https:\/\/kuzeyinsesi.org\/wp-content\/uploads\/2024\/05\/afghanistan-reuters-2227539.jpg","width":1280,"height":720},{"@type":"BreadcrumbList","@id":"https:\/\/kuzeyinsesi.org\/index.php\/2024\/05\/11\/afganistandaki-sellerde-50-kisi-oldu\/#breadcrumb","itemListElement":[{"@type":"ListItem","position":1,"name":"Anasayfa","item":"https:\/\/kuzeyinsesi.org\/"},{"@type":"ListItem","position":2,"name":"Afganistan&#039;daki sellerde 50 ki\u015fi \u00f6ld\u00fc"}]},{"@type":"WebSite","@id":"https:\/\/kuzeyinsesi.org\/#website","url":"https:\/\/kuzeyinsesi.org\/","name":"Kuzeyin Sesi","description":"Do\u011fru Haberin Adresi","potentialAction":[{"@type":"SearchAction","target":{"@type":"EntryPoint","urlTemplate":"https:\/\/kuzeyinsesi.org\/?s={search_term_string}"},"query-input":{"@type":"PropertyValueSpecification","valueRequired":true,"valueName":"search_term_string"}}],"inLanguage":"tr"},{"@type":"Person","@id":"https:\/\/kuzeyinsesi.org\/#\/schema\/person\/9f859689cdf01485597712386e37f5aa","name":"Kuzeyin Sesi","image":{"@type":"ImageObject","inLanguage":"tr","@id":"https:\/\/secure.gravatar.com\/avatar\/bab33852abfd8b282518d6ed81826833d77c3c882d9ab608add591ccace47a44?s=96&d=mm&r=g","url":"https:\/\/secure.gravatar.com\/avatar\/bab33852abfd8b282518d6ed81826833d77c3c882d9ab608add591ccace47a44?s=96&d=mm&r=g","contentUrl":"https:\/\/secure.gravatar.com\/avatar\/bab33852abfd8b282518d6ed81826833d77c3c882d9ab608add591ccace47a44?s=96&d=mm&r=g","caption":"Kuzeyin Sesi"},"sameAs":["https:\/\/kuzeyinsesi.org"],"url":"https:\/\/kuzeyinsesi.org\/index.php\/author\/guven\/"}]}},"_links":{"self":[{"href":"https:\/\/kuzeyinsesi.org\/index.php\/wp-json\/wp\/v2\/posts\/2030","targetHints":{"allow":["GET"]}}],"collection":[{"href":"https:\/\/kuzeyinsesi.org\/index.php\/wp-json\/wp\/v2\/posts"}],"about":[{"href":"https:\/\/kuzeyinsesi.org\/index.php\/wp-json\/wp\/v2\/types\/post"}],"author":[{"embeddable":true,"href":"https:\/\/kuzeyinsesi.org\/index.php\/wp-json\/wp\/v2\/users\/1"}],"replies":[{"embeddable":true,"href":"https:\/\/kuzeyinsesi.org\/index.php\/wp-json\/wp\/v2\/comments?post=2030"}],"version-history":[{"count":0,"href":"https:\/\/kuzeyinsesi.org\/index.php\/wp-json\/wp\/v2\/posts\/2030\/revisions"}],"wp:featuredmedia":[{"embeddable":true,"href":"https:\/\/kuzeyinsesi.org\/index.php\/wp-json\/wp\/v2\/media\/2031"}],"wp:attachment":[{"href":"https:\/\/kuzeyinsesi.org\/index.php\/wp-json\/wp\/v2\/media?parent=2030"}],"wp:term":[{"taxonomy":"category","embeddable":true,"href":"https:\/\/kuzeyinsesi.org\/index.php\/wp-json\/wp\/v2\/categories?post=2030"},{"taxonomy":"post_tag","embeddable":true,"href":"https:\/\/kuzeyinsesi.org\/index.php\/wp-json\/wp\/v2\/tags?post=2030"}],"curies":[{"name":"wp","href":"https:\/\/api.w.org\/{rel}","templated":true}]}}