{"id":2022,"date":"2024-05-10T21:37:21","date_gmt":"2024-05-10T18:37:21","guid":{"rendered":"https:\/\/kuzeyinsesi.com\/index.php\/2024\/05\/10\/guney-afrikadan-uluslararasi-adalet-divanina-israil-icin-yeni-talep\/"},"modified":"2024-05-10T21:37:21","modified_gmt":"2024-05-10T18:37:21","slug":"guney-afrikadan-uluslararasi-adalet-divanina-israil-icin-yeni-talep","status":"publish","type":"post","link":"https:\/\/kuzeyinsesi.org\/index.php\/2024\/05\/10\/guney-afrikadan-uluslararasi-adalet-divanina-israil-icin-yeni-talep\/","title":{"rendered":"G\u00fcney Afrika&#039;dan Uluslararas\u0131 Adalet Divan\u0131&#039;na &#039;\u0130srail&#039; i\u00e7in yeni talep"},"content":{"rendered":"<p><\/p>\n<div>\n<p>&#13;<br \/>\n\tG\u00fcney Afrika, Uluslararas\u0131 Adalet Divan\u0131&#8217;n\u0131n daha \u00f6nce ald\u0131\u011f\u0131 tedbir kararlar\u0131n\u0131n Gazze&#8217;deki de\u011fi\u015fen ko\u015fullar kar\u015f\u0131s\u0131nda yetersiz kald\u0131\u011f\u0131n\u0131 belirtti.<\/p>\n<p>&#13;<br \/>\n\t\u0130srail&#8217;e kar\u015f\u0131 a\u00e7\u0131lan <a href=\"https:\/\/www.trthaber.com\/etiket\/soykirim\/\" target=\"_blank\" rel=\"noopener\">soyk\u0131r\u0131m<\/a> davas\u0131nda \u00f6ng\u00f6r\u00fclen ge\u00e7ici tedbirlerin g\u00f6zden ge\u00e7irilmesi istendi.<\/p>\n<p>&#13;<br \/>\n\tG\u00fcney Afrika, ek tedbirlerin belirlenmesi i\u00e7in de Mahkemeye acil bir talepte bulundu. Talepte ayr\u0131ca, \u201c\u0130srail&#8217;in Refah&#8217;a sald\u0131r\u0131s\u0131yla ortaya \u00e7\u0131kan durumun, Gazze&#8217;deki Filistin halk\u0131n\u0131n haklar\u0131na onar\u0131lamaz zararlar verece\u011fi\u201d vurguland\u0131.<\/p>\n<\/p><\/div>\n","protected":false},"excerpt":{"rendered":"<p>&#13; G\u00fcney Afrika, Uluslararas\u0131 Adalet Divan\u0131&#8217;n\u0131n daha \u00f6nce ald\u0131\u011f\u0131 tedbir kararlar\u0131n\u0131n Gazze&#8217;deki de\u011fi\u015fen ko\u015fullar kar\u015f\u0131s\u0131nda yetersiz kald\u0131\u011f\u0131n\u0131 belirtti. &#13; \u0130srail&#8217;e kar\u015f\u0131 a\u00e7\u0131lan soyk\u0131r\u0131m davas\u0131nda \u00f6ng\u00f6r\u00fclen ge\u00e7ici tedbirlerin g\u00f6zden ge\u00e7irilmesi istendi. &#13; G\u00fcney Afrika, ek tedbirlerin belirlenmesi i\u00e7in de Mahkemeye acil bir talepte bulundu. Talepte ayr\u0131ca, \u201c\u0130srail&#8217;in Refah&#8217;a sald\u0131r\u0131s\u0131yla ortaya \u00e7\u0131kan durumun, Gazze&#8217;deki Filistin halk\u0131n\u0131n haklar\u0131na [&hellip;]<\/p>\n","protected":false},"author":1,"featured_media":2023,"comment_status":"open","ping_status":"open","sticky":false,"template":"","format":"standard","meta":{"jnews-multi-image_gallery":[],"jnews_single_post":[],"jnews_primary_category":[],"jnews_social_meta":[],"jnews_override_counter":[],"footnotes":""},"categories":[2],"tags":[],"class_list":["post-2022","post","type-post","status-publish","format-standard","has-post-thumbnail","hentry","category-dunya"],"yoast_head":"<!-- This site is optimized with the Yoast SEO plugin v27.5 - https:\/\/yoast.com\/product\/yoast-seo-wordpress\/ -->\n<title>G\u00fcney Afrika&#039;dan Uluslararas\u0131 Adalet Divan\u0131&#039;na &#039;\u0130srail&#039; i\u00e7in yeni talep - Kuzeyin Sesi<\/title>\n<meta name=\"robots\" content=\"index, follow, max-snippet:-1, max-image-preview:large, max-video-preview:-1\" \/>\n<link rel=\"canonical\" href=\"https:\/\/kuzeyinsesi.org\/index.php\/2024\/05\/10\/guney-afrikadan-uluslararasi-adalet-divanina-israil-icin-yeni-talep\/\" \/>\n<meta property=\"og:locale\" content=\"tr_TR\" \/>\n<meta property=\"og:type\" content=\"article\" \/>\n<meta property=\"og:title\" content=\"G\u00fcney Afrika&#039;dan Uluslararas\u0131 Adalet Divan\u0131&#039;na &#039;\u0130srail&#039; i\u00e7in yeni talep - Kuzeyin Sesi\" \/>\n<meta property=\"og:description\" content=\"&#013; G\u00fcney Afrika, Uluslararas\u0131 Adalet Divan\u0131&#8217;n\u0131n daha \u00f6nce ald\u0131\u011f\u0131 tedbir kararlar\u0131n\u0131n Gazze&#8217;deki de\u011fi\u015fen ko\u015fullar kar\u015f\u0131s\u0131nda yetersiz kald\u0131\u011f\u0131n\u0131 belirtti. &#013; \u0130srail&#8217;e kar\u015f\u0131 a\u00e7\u0131lan soyk\u0131r\u0131m davas\u0131nda \u00f6ng\u00f6r\u00fclen ge\u00e7ici tedbirlerin g\u00f6zden ge\u00e7irilmesi istendi. &#013; G\u00fcney Afrika, ek tedbirlerin belirlenmesi i\u00e7in de Mahkemeye acil bir talepte bulundu. Talepte ayr\u0131ca, \u201c\u0130srail&#8217;in Refah&#8217;a sald\u0131r\u0131s\u0131yla ortaya \u00e7\u0131kan durumun, Gazze&#8217;deki Filistin halk\u0131n\u0131n haklar\u0131na [&hellip;]\" \/>\n<meta property=\"og:url\" content=\"https:\/\/kuzeyinsesi.org\/index.php\/2024\/05\/10\/guney-afrikadan-uluslararasi-adalet-divanina-israil-icin-yeni-talep\/\" \/>\n<meta property=\"og:site_name\" content=\"Kuzeyin Sesi\" \/>\n<meta property=\"article:publisher\" content=\"https:\/\/www.facebook.com\/kuzeyinsesii\" \/>\n<meta property=\"article:published_time\" content=\"2024-05-10T18:37:21+00:00\" \/>\n<meta property=\"og:image\" content=\"https:\/\/kuzeyinsesi.org\/wp-content\/uploads\/2024\/05\/uluslararasi-adalet-divani-uad-a-2191705.jpg\" \/>\n\t<meta property=\"og:image:width\" content=\"1280\" \/>\n\t<meta property=\"og:image:height\" content=\"720\" \/>\n\t<meta property=\"og:image:type\" content=\"image\/jpeg\" \/>\n<meta name=\"author\" content=\"Kuzeyin Sesi\" \/>\n<meta name=\"twitter:card\" content=\"summary_large_image\" \/>\n<meta name=\"twitter:creator\" content=\"@kuzeyinsesii\" \/>\n<meta name=\"twitter:site\" content=\"@kuzeyinsesii\" \/>\n<meta name=\"twitter:label1\" content=\"Yazan:\" \/>\n\t<meta name=\"twitter:data1\" content=\"Kuzeyin Sesi\" \/>\n<script type=\"application\/ld+json\" class=\"yoast-schema-graph\">{\"@context\":\"https:\\\/\\\/schema.org\",\"@graph\":[{\"@type\":\"Article\",\"@id\":\"https:\\\/\\\/kuzeyinsesi.org\\\/index.php\\\/2024\\\/05\\\/10\\\/guney-afrikadan-uluslararasi-adalet-divanina-israil-icin-yeni-talep\\\/#article\",\"isPartOf\":{\"@id\":\"https:\\\/\\\/kuzeyinsesi.org\\\/index.php\\\/2024\\\/05\\\/10\\\/guney-afrikadan-uluslararasi-adalet-divanina-israil-icin-yeni-talep\\\/\"},\"author\":{\"name\":\"Kuzeyin Sesi\",\"@id\":\"https:\\\/\\\/kuzeyinsesi.org\\\/#\\\/schema\\\/person\\\/9f859689cdf01485597712386e37f5aa\"},\"headline\":\"G\u00fcney Afrika&#039;dan Uluslararas\u0131 Adalet Divan\u0131&#039;na &#039;\u0130srail&#039; i\u00e7in yeni talep\",\"datePublished\":\"2024-05-10T18:37:21+00:00\",\"mainEntityOfPage\":{\"@id\":\"https:\\\/\\\/kuzeyinsesi.org\\\/index.php\\\/2024\\\/05\\\/10\\\/guney-afrikadan-uluslararasi-adalet-divanina-israil-icin-yeni-talep\\\/\"},\"wordCount\":105,\"commentCount\":0,\"image\":{\"@id\":\"https:\\\/\\\/kuzeyinsesi.org\\\/index.php\\\/2024\\\/05\\\/10\\\/guney-afrikadan-uluslararasi-adalet-divanina-israil-icin-yeni-talep\\\/#primaryimage\"},\"thumbnailUrl\":\"https:\\\/\\\/kuzeyinsesi.org\\\/wp-content\\\/uploads\\\/2024\\\/05\\\/uluslararasi-adalet-divani-uad-a-2191705.jpg\",\"articleSection\":[\"D\u00fcnya\"],\"inLanguage\":\"tr\",\"potentialAction\":[{\"@type\":\"CommentAction\",\"name\":\"Comment\",\"target\":[\"https:\\\/\\\/kuzeyinsesi.org\\\/index.php\\\/2024\\\/05\\\/10\\\/guney-afrikadan-uluslararasi-adalet-divanina-israil-icin-yeni-talep\\\/#respond\"]}]},{\"@type\":\"WebPage\",\"@id\":\"https:\\\/\\\/kuzeyinsesi.org\\\/index.php\\\/2024\\\/05\\\/10\\\/guney-afrikadan-uluslararasi-adalet-divanina-israil-icin-yeni-talep\\\/\",\"url\":\"https:\\\/\\\/kuzeyinsesi.org\\\/index.php\\\/2024\\\/05\\\/10\\\/guney-afrikadan-uluslararasi-adalet-divanina-israil-icin-yeni-talep\\\/\",\"name\":\"G\u00fcney Afrika&#039;dan Uluslararas\u0131 Adalet Divan\u0131&#039;na &#039;\u0130srail&#039; i\u00e7in yeni talep - Kuzeyin Sesi\",\"isPartOf\":{\"@id\":\"https:\\\/\\\/kuzeyinsesi.org\\\/#website\"},\"primaryImageOfPage\":{\"@id\":\"https:\\\/\\\/kuzeyinsesi.org\\\/index.php\\\/2024\\\/05\\\/10\\\/guney-afrikadan-uluslararasi-adalet-divanina-israil-icin-yeni-talep\\\/#primaryimage\"},\"image\":{\"@id\":\"https:\\\/\\\/kuzeyinsesi.org\\\/index.php\\\/2024\\\/05\\\/10\\\/guney-afrikadan-uluslararasi-adalet-divanina-israil-icin-yeni-talep\\\/#primaryimage\"},\"thumbnailUrl\":\"https:\\\/\\\/kuzeyinsesi.org\\\/wp-content\\\/uploads\\\/2024\\\/05\\\/uluslararasi-adalet-divani-uad-a-2191705.jpg\",\"datePublished\":\"2024-05-10T18:37:21+00:00\",\"author\":{\"@id\":\"https:\\\/\\\/kuzeyinsesi.org\\\/#\\\/schema\\\/person\\\/9f859689cdf01485597712386e37f5aa\"},\"breadcrumb\":{\"@id\":\"https:\\\/\\\/kuzeyinsesi.org\\\/index.php\\\/2024\\\/05\\\/10\\\/guney-afrikadan-uluslararasi-adalet-divanina-israil-icin-yeni-talep\\\/#breadcrumb\"},\"inLanguage\":\"tr\",\"potentialAction\":[{\"@type\":\"ReadAction\",\"target\":[\"https:\\\/\\\/kuzeyinsesi.org\\\/index.php\\\/2024\\\/05\\\/10\\\/guney-afrikadan-uluslararasi-adalet-divanina-israil-icin-yeni-talep\\\/\"]}]},{\"@type\":\"ImageObject\",\"inLanguage\":\"tr\",\"@id\":\"https:\\\/\\\/kuzeyinsesi.org\\\/index.php\\\/2024\\\/05\\\/10\\\/guney-afrikadan-uluslararasi-adalet-divanina-israil-icin-yeni-talep\\\/#primaryimage\",\"url\":\"https:\\\/\\\/kuzeyinsesi.org\\\/wp-content\\\/uploads\\\/2024\\\/05\\\/uluslararasi-adalet-divani-uad-a-2191705.jpg\",\"contentUrl\":\"https:\\\/\\\/kuzeyinsesi.org\\\/wp-content\\\/uploads\\\/2024\\\/05\\\/uluslararasi-adalet-divani-uad-a-2191705.jpg\",\"width\":1280,\"height\":720},{\"@type\":\"BreadcrumbList\",\"@id\":\"https:\\\/\\\/kuzeyinsesi.org\\\/index.php\\\/2024\\\/05\\\/10\\\/guney-afrikadan-uluslararasi-adalet-divanina-israil-icin-yeni-talep\\\/#breadcrumb\",\"itemListElement\":[{\"@type\":\"ListItem\",\"position\":1,\"name\":\"Anasayfa\",\"item\":\"https:\\\/\\\/kuzeyinsesi.org\\\/\"},{\"@type\":\"ListItem\",\"position\":2,\"name\":\"G\u00fcney Afrika&#039;dan Uluslararas\u0131 Adalet Divan\u0131&#039;na &#039;\u0130srail&#039; i\u00e7in yeni talep\"}]},{\"@type\":\"WebSite\",\"@id\":\"https:\\\/\\\/kuzeyinsesi.org\\\/#website\",\"url\":\"https:\\\/\\\/kuzeyinsesi.org\\\/\",\"name\":\"Kuzeyin Sesi\",\"description\":\"Do\u011fru Haberin Adresi\",\"potentialAction\":[{\"@type\":\"SearchAction\",\"target\":{\"@type\":\"EntryPoint\",\"urlTemplate\":\"https:\\\/\\\/kuzeyinsesi.org\\\/?s={search_term_string}\"},\"query-input\":{\"@type\":\"PropertyValueSpecification\",\"valueRequired\":true,\"valueName\":\"search_term_string\"}}],\"inLanguage\":\"tr\"},{\"@type\":\"Person\",\"@id\":\"https:\\\/\\\/kuzeyinsesi.org\\\/#\\\/schema\\\/person\\\/9f859689cdf01485597712386e37f5aa\",\"name\":\"Kuzeyin Sesi\",\"image\":{\"@type\":\"ImageObject\",\"inLanguage\":\"tr\",\"@id\":\"https:\\\/\\\/secure.gravatar.com\\\/avatar\\\/bab33852abfd8b282518d6ed81826833d77c3c882d9ab608add591ccace47a44?s=96&d=mm&r=g\",\"url\":\"https:\\\/\\\/secure.gravatar.com\\\/avatar\\\/bab33852abfd8b282518d6ed81826833d77c3c882d9ab608add591ccace47a44?s=96&d=mm&r=g\",\"contentUrl\":\"https:\\\/\\\/secure.gravatar.com\\\/avatar\\\/bab33852abfd8b282518d6ed81826833d77c3c882d9ab608add591ccace47a44?s=96&d=mm&r=g\",\"caption\":\"Kuzeyin Sesi\"},\"sameAs\":[\"https:\\\/\\\/kuzeyinsesi.org\"],\"url\":\"https:\\\/\\\/kuzeyinsesi.org\\\/index.php\\\/author\\\/guven\\\/\"}]}<\/script>\n<!-- \/ Yoast SEO plugin. -->","yoast_head_json":{"title":"G\u00fcney Afrika&#039;dan Uluslararas\u0131 Adalet Divan\u0131&#039;na &#039;\u0130srail&#039; i\u00e7in yeni talep - Kuzeyin Sesi","robots":{"index":"index","follow":"follow","max-snippet":"max-snippet:-1","max-image-preview":"max-image-preview:large","max-video-preview":"max-video-preview:-1"},"canonical":"https:\/\/kuzeyinsesi.org\/index.php\/2024\/05\/10\/guney-afrikadan-uluslararasi-adalet-divanina-israil-icin-yeni-talep\/","og_locale":"tr_TR","og_type":"article","og_title":"G\u00fcney Afrika&#039;dan Uluslararas\u0131 Adalet Divan\u0131&#039;na &#039;\u0130srail&#039; i\u00e7in yeni talep - Kuzeyin Sesi","og_description":"&#13; G\u00fcney Afrika, Uluslararas\u0131 Adalet Divan\u0131&#8217;n\u0131n daha \u00f6nce ald\u0131\u011f\u0131 tedbir kararlar\u0131n\u0131n Gazze&#8217;deki de\u011fi\u015fen ko\u015fullar kar\u015f\u0131s\u0131nda yetersiz kald\u0131\u011f\u0131n\u0131 belirtti. &#13; \u0130srail&#8217;e kar\u015f\u0131 a\u00e7\u0131lan soyk\u0131r\u0131m davas\u0131nda \u00f6ng\u00f6r\u00fclen ge\u00e7ici tedbirlerin g\u00f6zden ge\u00e7irilmesi istendi. &#13; G\u00fcney Afrika, ek tedbirlerin belirlenmesi i\u00e7in de Mahkemeye acil bir talepte bulundu. Talepte ayr\u0131ca, \u201c\u0130srail&#8217;in Refah&#8217;a sald\u0131r\u0131s\u0131yla ortaya \u00e7\u0131kan durumun, Gazze&#8217;deki Filistin halk\u0131n\u0131n haklar\u0131na [&hellip;]","og_url":"https:\/\/kuzeyinsesi.org\/index.php\/2024\/05\/10\/guney-afrikadan-uluslararasi-adalet-divanina-israil-icin-yeni-talep\/","og_site_name":"Kuzeyin Sesi","article_publisher":"https:\/\/www.facebook.com\/kuzeyinsesii","article_published_time":"2024-05-10T18:37:21+00:00","og_image":[{"width":1280,"height":720,"url":"https:\/\/kuzeyinsesi.org\/wp-content\/uploads\/2024\/05\/uluslararasi-adalet-divani-uad-a-2191705.jpg","type":"image\/jpeg"}],"author":"Kuzeyin Sesi","twitter_card":"summary_large_image","twitter_creator":"@kuzeyinsesii","twitter_site":"@kuzeyinsesii","twitter_misc":{"Yazan:":"Kuzeyin Sesi"},"schema":{"@context":"https:\/\/schema.org","@graph":[{"@type":"Article","@id":"https:\/\/kuzeyinsesi.org\/index.php\/2024\/05\/10\/guney-afrikadan-uluslararasi-adalet-divanina-israil-icin-yeni-talep\/#article","isPartOf":{"@id":"https:\/\/kuzeyinsesi.org\/index.php\/2024\/05\/10\/guney-afrikadan-uluslararasi-adalet-divanina-israil-icin-yeni-talep\/"},"author":{"name":"Kuzeyin Sesi","@id":"https:\/\/kuzeyinsesi.org\/#\/schema\/person\/9f859689cdf01485597712386e37f5aa"},"headline":"G\u00fcney Afrika&#039;dan Uluslararas\u0131 Adalet Divan\u0131&#039;na &#039;\u0130srail&#039; i\u00e7in yeni talep","datePublished":"2024-05-10T18:37:21+00:00","mainEntityOfPage":{"@id":"https:\/\/kuzeyinsesi.org\/index.php\/2024\/05\/10\/guney-afrikadan-uluslararasi-adalet-divanina-israil-icin-yeni-talep\/"},"wordCount":105,"commentCount":0,"image":{"@id":"https:\/\/kuzeyinsesi.org\/index.php\/2024\/05\/10\/guney-afrikadan-uluslararasi-adalet-divanina-israil-icin-yeni-talep\/#primaryimage"},"thumbnailUrl":"https:\/\/kuzeyinsesi.org\/wp-content\/uploads\/2024\/05\/uluslararasi-adalet-divani-uad-a-2191705.jpg","articleSection":["D\u00fcnya"],"inLanguage":"tr","potentialAction":[{"@type":"CommentAction","name":"Comment","target":["https:\/\/kuzeyinsesi.org\/index.php\/2024\/05\/10\/guney-afrikadan-uluslararasi-adalet-divanina-israil-icin-yeni-talep\/#respond"]}]},{"@type":"WebPage","@id":"https:\/\/kuzeyinsesi.org\/index.php\/2024\/05\/10\/guney-afrikadan-uluslararasi-adalet-divanina-israil-icin-yeni-talep\/","url":"https:\/\/kuzeyinsesi.org\/index.php\/2024\/05\/10\/guney-afrikadan-uluslararasi-adalet-divanina-israil-icin-yeni-talep\/","name":"G\u00fcney Afrika&#039;dan Uluslararas\u0131 Adalet Divan\u0131&#039;na &#039;\u0130srail&#039; i\u00e7in yeni talep - Kuzeyin Sesi","isPartOf":{"@id":"https:\/\/kuzeyinsesi.org\/#website"},"primaryImageOfPage":{"@id":"https:\/\/kuzeyinsesi.org\/index.php\/2024\/05\/10\/guney-afrikadan-uluslararasi-adalet-divanina-israil-icin-yeni-talep\/#primaryimage"},"image":{"@id":"https:\/\/kuzeyinsesi.org\/index.php\/2024\/05\/10\/guney-afrikadan-uluslararasi-adalet-divanina-israil-icin-yeni-talep\/#primaryimage"},"thumbnailUrl":"https:\/\/kuzeyinsesi.org\/wp-content\/uploads\/2024\/05\/uluslararasi-adalet-divani-uad-a-2191705.jpg","datePublished":"2024-05-10T18:37:21+00:00","author":{"@id":"https:\/\/kuzeyinsesi.org\/#\/schema\/person\/9f859689cdf01485597712386e37f5aa"},"breadcrumb":{"@id":"https:\/\/kuzeyinsesi.org\/index.php\/2024\/05\/10\/guney-afrikadan-uluslararasi-adalet-divanina-israil-icin-yeni-talep\/#breadcrumb"},"inLanguage":"tr","potentialAction":[{"@type":"ReadAction","target":["https:\/\/kuzeyinsesi.org\/index.php\/2024\/05\/10\/guney-afrikadan-uluslararasi-adalet-divanina-israil-icin-yeni-talep\/"]}]},{"@type":"ImageObject","inLanguage":"tr","@id":"https:\/\/kuzeyinsesi.org\/index.php\/2024\/05\/10\/guney-afrikadan-uluslararasi-adalet-divanina-israil-icin-yeni-talep\/#primaryimage","url":"https:\/\/kuzeyinsesi.org\/wp-content\/uploads\/2024\/05\/uluslararasi-adalet-divani-uad-a-2191705.jpg","contentUrl":"https:\/\/kuzeyinsesi.org\/wp-content\/uploads\/2024\/05\/uluslararasi-adalet-divani-uad-a-2191705.jpg","width":1280,"height":720},{"@type":"BreadcrumbList","@id":"https:\/\/kuzeyinsesi.org\/index.php\/2024\/05\/10\/guney-afrikadan-uluslararasi-adalet-divanina-israil-icin-yeni-talep\/#breadcrumb","itemListElement":[{"@type":"ListItem","position":1,"name":"Anasayfa","item":"https:\/\/kuzeyinsesi.org\/"},{"@type":"ListItem","position":2,"name":"G\u00fcney Afrika&#039;dan Uluslararas\u0131 Adalet Divan\u0131&#039;na &#039;\u0130srail&#039; i\u00e7in yeni talep"}]},{"@type":"WebSite","@id":"https:\/\/kuzeyinsesi.org\/#website","url":"https:\/\/kuzeyinsesi.org\/","name":"Kuzeyin Sesi","description":"Do\u011fru Haberin Adresi","potentialAction":[{"@type":"SearchAction","target":{"@type":"EntryPoint","urlTemplate":"https:\/\/kuzeyinsesi.org\/?s={search_term_string}"},"query-input":{"@type":"PropertyValueSpecification","valueRequired":true,"valueName":"search_term_string"}}],"inLanguage":"tr"},{"@type":"Person","@id":"https:\/\/kuzeyinsesi.org\/#\/schema\/person\/9f859689cdf01485597712386e37f5aa","name":"Kuzeyin Sesi","image":{"@type":"ImageObject","inLanguage":"tr","@id":"https:\/\/secure.gravatar.com\/avatar\/bab33852abfd8b282518d6ed81826833d77c3c882d9ab608add591ccace47a44?s=96&d=mm&r=g","url":"https:\/\/secure.gravatar.com\/avatar\/bab33852abfd8b282518d6ed81826833d77c3c882d9ab608add591ccace47a44?s=96&d=mm&r=g","contentUrl":"https:\/\/secure.gravatar.com\/avatar\/bab33852abfd8b282518d6ed81826833d77c3c882d9ab608add591ccace47a44?s=96&d=mm&r=g","caption":"Kuzeyin Sesi"},"sameAs":["https:\/\/kuzeyinsesi.org"],"url":"https:\/\/kuzeyinsesi.org\/index.php\/author\/guven\/"}]}},"_links":{"self":[{"href":"https:\/\/kuzeyinsesi.org\/index.php\/wp-json\/wp\/v2\/posts\/2022","targetHints":{"allow":["GET"]}}],"collection":[{"href":"https:\/\/kuzeyinsesi.org\/index.php\/wp-json\/wp\/v2\/posts"}],"about":[{"href":"https:\/\/kuzeyinsesi.org\/index.php\/wp-json\/wp\/v2\/types\/post"}],"author":[{"embeddable":true,"href":"https:\/\/kuzeyinsesi.org\/index.php\/wp-json\/wp\/v2\/users\/1"}],"replies":[{"embeddable":true,"href":"https:\/\/kuzeyinsesi.org\/index.php\/wp-json\/wp\/v2\/comments?post=2022"}],"version-history":[{"count":0,"href":"https:\/\/kuzeyinsesi.org\/index.php\/wp-json\/wp\/v2\/posts\/2022\/revisions"}],"wp:featuredmedia":[{"embeddable":true,"href":"https:\/\/kuzeyinsesi.org\/index.php\/wp-json\/wp\/v2\/media\/2023"}],"wp:attachment":[{"href":"https:\/\/kuzeyinsesi.org\/index.php\/wp-json\/wp\/v2\/media?parent=2022"}],"wp:term":[{"taxonomy":"category","embeddable":true,"href":"https:\/\/kuzeyinsesi.org\/index.php\/wp-json\/wp\/v2\/categories?post=2022"},{"taxonomy":"post_tag","embeddable":true,"href":"https:\/\/kuzeyinsesi.org\/index.php\/wp-json\/wp\/v2\/tags?post=2022"}],"curies":[{"name":"wp","href":"https:\/\/api.w.org\/{rel}","templated":true}]}}