{"id":20208,"date":"2025-03-04T14:38:31","date_gmt":"2025-03-04T12:38:31","guid":{"rendered":"https:\/\/kuzeyinsesi.org\/index.php\/2025\/03\/04\/odtu-kuzey-kibris-kampusunde-mart-fest-yapiliyor\/"},"modified":"2025-03-04T14:38:31","modified_gmt":"2025-03-04T12:38:31","slug":"odtu-kuzey-kibris-kampusunde-mart-fest-yapiliyor","status":"publish","type":"post","link":"https:\/\/kuzeyinsesi.org\/index.php\/2025\/03\/04\/odtu-kuzey-kibris-kampusunde-mart-fest-yapiliyor\/","title":{"rendered":"ODT\u00dc Kuzey K\u0131br\u0131s Kamp\u00fcs\u00fc\u2019nde mART Fest yap\u0131l\u0131yor"},"content":{"rendered":"<div>\n<div class=\"mariselle-image-container center\">\n                                            <\/div>\n<p>Orta Do\u011fu Teknik \u00dcniversitesi Kuzey K\u0131br\u0131s Kamp\u00fcs\u00fc (ODT\u00dc KKK) taraf\u0131ndan d\u00fczenlenen mART Fest, bu y\u0131l d\u00f6rd\u00fcnc\u00fc kez sanatseverlerle bulu\u015fuyor. <\/p>\n<p>ODT\u00dc KKK\u2019den yap\u0131lan a\u00e7\u0131klamaya g\u00f6re, 26 Mart\u2019a kadar devam edecek Festival\u2019in a\u00e7\u0131l\u0131\u015f\u0131, bug\u00fcn saat 14.30\u2019da K\u00fclt\u00fcr ve Kongre Merkezi\u2019nde yap\u0131lacak.<\/p>\n<p>K\u00fclt\u00fcr Dairesi\u2019nin d\u00fczenledi\u011fi 31. \u2013 32. Devlet Foto\u011fraf Yar\u0131\u015fmas\u0131 kapsam\u0131ndaki \u201cBenim \u015eehrim Lefke\u2019m ve Benim \u015eehrim G\u00fczelyurt\u2019um\u201d sergisi de bu kapsamda ziyaret\u00e7ilere kap\u0131lar\u0131n\u0131 a\u00e7acak.<\/p>\n<p>Saat 20.00\u2019de ise, K\u0131br\u0131s T\u00fcrk Devlet Tiyatrolar\u0131 taraf\u0131ndan sahnelenecek \u201cBurun\u201d adl\u0131 tiyatro oyunu, K\u00fclt\u00fcr ve Kongre Merkezi Rauf R. Denkta\u015f Salonu\u2019nda izleyicilerle bulu\u015facak.<\/p>\n<p>ODT\u00dc\u2019n\u00fcn toplumsal hizmet misyonu kapsam\u0131nda d\u00fczenlenen ve toplumun k\u00fclt\u00fcr ve sanatla bulu\u015fmas\u0131n\u0131 te\u015fvik etmeyi ama\u00e7layan festival kapsam\u0131nda d\u00fczenlenecek etkinlikler \u015f\u00f6yle: <\/p>\n<p>\u201c6 Mart Per\u015fembe, 22.00 \u2013 KKTC Cumhurba\u015fkanl\u0131\u011f\u0131 Senfoni Orkestras\u0131 D\u00fcnya Emek\u00e7i Kad\u0131nlar G\u00fcn\u00fc Konseri<br \/>14 Mart, 20.30 \u2013 Girne Belediyesi Oda Tiyatrosu \u201cBeni Macbeth\u2019me\u201d m\u00fczikali<br \/>18 Mart, 20.00 \u2013 Devlet Opera ve Bale Koordinasyon Merkezi \u201c\u00c7anakkale Ge\u00e7ilmez\u201d Konseri<br \/>19 Mart \u2013 Caz sanat\u00e7\u0131s\u0131 Okan Ersan ile s\u00f6yle\u015fi<br \/>20 Mart, 20.00 \u2013 KKTC Cumhurba\u015fkanl\u0131\u011f\u0131 Senfoni Orkestras\u0131 Konseri<br \/>26 Mart, 20.00 \u2013 Lefko\u015fa Belediye Orkestras\u0131 Film M\u00fczikleri Konseri<br \/>ODT\u00dc KKK \u00f6\u011frenci topluluklar\u0131n\u0131n ger\u00e7ekle\u015ftirece\u011fi etkinlikler\u201d<br \/>Festival program\u0131n\u0131n ayr\u0131nt\u0131lar\u0131na ODT\u00dc Kuzey K\u0131br\u0131s Kamp\u00fcs\u00fc\u2019n\u00fcn resmi internet sitesinden ula\u015f\u0131labilece\u011fi kaydedilen a\u00e7\u0131klamada, t\u00fcm etkinliklerin \u00fccretsiz oldu\u011fu vurguland\u0131.<\/p>\n<\/p><\/div>\n<p><script async\n                    defer\n                    crossorigin=\"anonymous\"\n                    src=\"https:\/\/connect.facebook.net\/tr_TR\/sdk.js#xfbml=1&#038;version=v3.3\"\n            ><\/script><\/p>\n","protected":false},"excerpt":{"rendered":"<p>Orta Do\u011fu Teknik \u00dcniversitesi Kuzey K\u0131br\u0131s Kamp\u00fcs\u00fc (ODT\u00dc KKK) taraf\u0131ndan d\u00fczenlenen mART Fest, bu y\u0131l d\u00f6rd\u00fcnc\u00fc kez sanatseverlerle bulu\u015fuyor. ODT\u00dc KKK\u2019den yap\u0131lan a\u00e7\u0131klamaya g\u00f6re, 26 Mart\u2019a kadar devam edecek Festival\u2019in a\u00e7\u0131l\u0131\u015f\u0131, bug\u00fcn saat 14.30\u2019da K\u00fclt\u00fcr ve Kongre Merkezi\u2019nde yap\u0131lacak. K\u00fclt\u00fcr Dairesi\u2019nin d\u00fczenledi\u011fi 31. \u2013 32. Devlet Foto\u011fraf Yar\u0131\u015fmas\u0131 kapsam\u0131ndaki \u201cBenim \u015eehrim Lefke\u2019m ve Benim \u015eehrim [&hellip;]<\/p>\n","protected":false},"author":1,"featured_media":20209,"comment_status":"open","ping_status":"open","sticky":false,"template":"","format":"standard","meta":{"jnews-multi-image_gallery":[],"jnews_single_post":[],"jnews_primary_category":[],"jnews_social_meta":[],"jnews_override_counter":[],"footnotes":""},"categories":[6],"tags":[],"class_list":["post-20208","post","type-post","status-publish","format-standard","has-post-thumbnail","hentry","category-yasam"],"yoast_head":"<!-- This site is optimized with the Yoast SEO plugin v27.4 - https:\/\/yoast.com\/product\/yoast-seo-wordpress\/ -->\n<title>ODT\u00dc Kuzey K\u0131br\u0131s Kamp\u00fcs\u00fc\u2019nde mART Fest yap\u0131l\u0131yor - Kuzeyin Sesi<\/title>\n<meta name=\"robots\" content=\"index, follow, max-snippet:-1, max-image-preview:large, max-video-preview:-1\" \/>\n<link rel=\"canonical\" href=\"https:\/\/kuzeyinsesi.org\/index.php\/2025\/03\/04\/odtu-kuzey-kibris-kampusunde-mart-fest-yapiliyor\/\" \/>\n<meta property=\"og:locale\" content=\"tr_TR\" \/>\n<meta property=\"og:type\" content=\"article\" \/>\n<meta property=\"og:title\" content=\"ODT\u00dc Kuzey K\u0131br\u0131s Kamp\u00fcs\u00fc\u2019nde mART Fest yap\u0131l\u0131yor - Kuzeyin Sesi\" \/>\n<meta property=\"og:description\" content=\"Orta Do\u011fu Teknik \u00dcniversitesi Kuzey K\u0131br\u0131s Kamp\u00fcs\u00fc (ODT\u00dc KKK) taraf\u0131ndan d\u00fczenlenen mART Fest, bu y\u0131l d\u00f6rd\u00fcnc\u00fc kez sanatseverlerle bulu\u015fuyor. ODT\u00dc KKK\u2019den yap\u0131lan a\u00e7\u0131klamaya g\u00f6re, 26 Mart\u2019a kadar devam edecek Festival\u2019in a\u00e7\u0131l\u0131\u015f\u0131, bug\u00fcn saat 14.30\u2019da K\u00fclt\u00fcr ve Kongre Merkezi\u2019nde yap\u0131lacak. K\u00fclt\u00fcr Dairesi\u2019nin d\u00fczenledi\u011fi 31. \u2013 32. Devlet Foto\u011fraf Yar\u0131\u015fmas\u0131 kapsam\u0131ndaki \u201cBenim \u015eehrim Lefke\u2019m ve Benim \u015eehrim [&hellip;]\" \/>\n<meta property=\"og:url\" content=\"https:\/\/kuzeyinsesi.org\/index.php\/2025\/03\/04\/odtu-kuzey-kibris-kampusunde-mart-fest-yapiliyor\/\" \/>\n<meta property=\"og:site_name\" content=\"Kuzeyin Sesi\" \/>\n<meta property=\"article:publisher\" content=\"https:\/\/www.facebook.com\/kuzeyinsesii\" \/>\n<meta property=\"article:published_time\" content=\"2025-03-04T12:38:31+00:00\" \/>\n<meta property=\"og:image\" content=\"https:\/\/brtk.net\/wp-content\/uploads\/2025\/03\/04\/20318029381031.jpeg?ver=2d5eb0642f61749cfd115c902debff5d\" \/>\n<meta name=\"author\" content=\"Kuzeyin Sesi\" \/>\n<meta name=\"twitter:card\" content=\"summary_large_image\" \/>\n<meta name=\"twitter:creator\" content=\"@kuzeyinsesii\" \/>\n<meta name=\"twitter:site\" content=\"@kuzeyinsesii\" \/>\n<meta name=\"twitter:label1\" content=\"Yazan:\" \/>\n\t<meta name=\"twitter:data1\" content=\"Kuzeyin Sesi\" \/>\n\t<meta name=\"twitter:label2\" content=\"Tahmini okuma s\u00fcresi\" \/>\n\t<meta name=\"twitter:data2\" content=\"1 dakika\" \/>\n<script type=\"application\/ld+json\" class=\"yoast-schema-graph\">{\"@context\":\"https:\\\/\\\/schema.org\",\"@graph\":[{\"@type\":\"Article\",\"@id\":\"https:\\\/\\\/kuzeyinsesi.org\\\/index.php\\\/2025\\\/03\\\/04\\\/odtu-kuzey-kibris-kampusunde-mart-fest-yapiliyor\\\/#article\",\"isPartOf\":{\"@id\":\"https:\\\/\\\/kuzeyinsesi.org\\\/index.php\\\/2025\\\/03\\\/04\\\/odtu-kuzey-kibris-kampusunde-mart-fest-yapiliyor\\\/\"},\"author\":{\"name\":\"Kuzeyin Sesi\",\"@id\":\"https:\\\/\\\/kuzeyinsesi.org\\\/#\\\/schema\\\/person\\\/9f859689cdf01485597712386e37f5aa\"},\"headline\":\"ODT\u00dc Kuzey K\u0131br\u0131s Kamp\u00fcs\u00fc\u2019nde mART Fest yap\u0131l\u0131yor\",\"datePublished\":\"2025-03-04T12:38:31+00:00\",\"mainEntityOfPage\":{\"@id\":\"https:\\\/\\\/kuzeyinsesi.org\\\/index.php\\\/2025\\\/03\\\/04\\\/odtu-kuzey-kibris-kampusunde-mart-fest-yapiliyor\\\/\"},\"wordCount\":279,\"commentCount\":0,\"image\":{\"@id\":\"https:\\\/\\\/kuzeyinsesi.org\\\/index.php\\\/2025\\\/03\\\/04\\\/odtu-kuzey-kibris-kampusunde-mart-fest-yapiliyor\\\/#primaryimage\"},\"thumbnailUrl\":\"https:\\\/\\\/kuzeyinsesi.org\\\/wp-content\\\/uploads\\\/2025\\\/03\\\/20318029381031.jpeg\",\"articleSection\":[\"Ya\u015fam\"],\"inLanguage\":\"tr\",\"potentialAction\":[{\"@type\":\"CommentAction\",\"name\":\"Comment\",\"target\":[\"https:\\\/\\\/kuzeyinsesi.org\\\/index.php\\\/2025\\\/03\\\/04\\\/odtu-kuzey-kibris-kampusunde-mart-fest-yapiliyor\\\/#respond\"]}]},{\"@type\":\"WebPage\",\"@id\":\"https:\\\/\\\/kuzeyinsesi.org\\\/index.php\\\/2025\\\/03\\\/04\\\/odtu-kuzey-kibris-kampusunde-mart-fest-yapiliyor\\\/\",\"url\":\"https:\\\/\\\/kuzeyinsesi.org\\\/index.php\\\/2025\\\/03\\\/04\\\/odtu-kuzey-kibris-kampusunde-mart-fest-yapiliyor\\\/\",\"name\":\"ODT\u00dc Kuzey K\u0131br\u0131s Kamp\u00fcs\u00fc\u2019nde mART Fest yap\u0131l\u0131yor - Kuzeyin Sesi\",\"isPartOf\":{\"@id\":\"https:\\\/\\\/kuzeyinsesi.org\\\/#website\"},\"primaryImageOfPage\":{\"@id\":\"https:\\\/\\\/kuzeyinsesi.org\\\/index.php\\\/2025\\\/03\\\/04\\\/odtu-kuzey-kibris-kampusunde-mart-fest-yapiliyor\\\/#primaryimage\"},\"image\":{\"@id\":\"https:\\\/\\\/kuzeyinsesi.org\\\/index.php\\\/2025\\\/03\\\/04\\\/odtu-kuzey-kibris-kampusunde-mart-fest-yapiliyor\\\/#primaryimage\"},\"thumbnailUrl\":\"https:\\\/\\\/kuzeyinsesi.org\\\/wp-content\\\/uploads\\\/2025\\\/03\\\/20318029381031.jpeg\",\"datePublished\":\"2025-03-04T12:38:31+00:00\",\"author\":{\"@id\":\"https:\\\/\\\/kuzeyinsesi.org\\\/#\\\/schema\\\/person\\\/9f859689cdf01485597712386e37f5aa\"},\"breadcrumb\":{\"@id\":\"https:\\\/\\\/kuzeyinsesi.org\\\/index.php\\\/2025\\\/03\\\/04\\\/odtu-kuzey-kibris-kampusunde-mart-fest-yapiliyor\\\/#breadcrumb\"},\"inLanguage\":\"tr\",\"potentialAction\":[{\"@type\":\"ReadAction\",\"target\":[\"https:\\\/\\\/kuzeyinsesi.org\\\/index.php\\\/2025\\\/03\\\/04\\\/odtu-kuzey-kibris-kampusunde-mart-fest-yapiliyor\\\/\"]}]},{\"@type\":\"ImageObject\",\"inLanguage\":\"tr\",\"@id\":\"https:\\\/\\\/kuzeyinsesi.org\\\/index.php\\\/2025\\\/03\\\/04\\\/odtu-kuzey-kibris-kampusunde-mart-fest-yapiliyor\\\/#primaryimage\",\"url\":\"https:\\\/\\\/kuzeyinsesi.org\\\/wp-content\\\/uploads\\\/2025\\\/03\\\/20318029381031.jpeg\",\"contentUrl\":\"https:\\\/\\\/kuzeyinsesi.org\\\/wp-content\\\/uploads\\\/2025\\\/03\\\/20318029381031.jpeg\",\"width\":1279,\"height\":1600},{\"@type\":\"BreadcrumbList\",\"@id\":\"https:\\\/\\\/kuzeyinsesi.org\\\/index.php\\\/2025\\\/03\\\/04\\\/odtu-kuzey-kibris-kampusunde-mart-fest-yapiliyor\\\/#breadcrumb\",\"itemListElement\":[{\"@type\":\"ListItem\",\"position\":1,\"name\":\"Anasayfa\",\"item\":\"https:\\\/\\\/kuzeyinsesi.org\\\/\"},{\"@type\":\"ListItem\",\"position\":2,\"name\":\"ODT\u00dc Kuzey K\u0131br\u0131s Kamp\u00fcs\u00fc\u2019nde mART Fest yap\u0131l\u0131yor\"}]},{\"@type\":\"WebSite\",\"@id\":\"https:\\\/\\\/kuzeyinsesi.org\\\/#website\",\"url\":\"https:\\\/\\\/kuzeyinsesi.org\\\/\",\"name\":\"Kuzeyin Sesi\",\"description\":\"Do\u011fru Haberin Adresi\",\"potentialAction\":[{\"@type\":\"SearchAction\",\"target\":{\"@type\":\"EntryPoint\",\"urlTemplate\":\"https:\\\/\\\/kuzeyinsesi.org\\\/?s={search_term_string}\"},\"query-input\":{\"@type\":\"PropertyValueSpecification\",\"valueRequired\":true,\"valueName\":\"search_term_string\"}}],\"inLanguage\":\"tr\"},{\"@type\":\"Person\",\"@id\":\"https:\\\/\\\/kuzeyinsesi.org\\\/#\\\/schema\\\/person\\\/9f859689cdf01485597712386e37f5aa\",\"name\":\"Kuzeyin Sesi\",\"image\":{\"@type\":\"ImageObject\",\"inLanguage\":\"tr\",\"@id\":\"https:\\\/\\\/secure.gravatar.com\\\/avatar\\\/bab33852abfd8b282518d6ed81826833d77c3c882d9ab608add591ccace47a44?s=96&d=mm&r=g\",\"url\":\"https:\\\/\\\/secure.gravatar.com\\\/avatar\\\/bab33852abfd8b282518d6ed81826833d77c3c882d9ab608add591ccace47a44?s=96&d=mm&r=g\",\"contentUrl\":\"https:\\\/\\\/secure.gravatar.com\\\/avatar\\\/bab33852abfd8b282518d6ed81826833d77c3c882d9ab608add591ccace47a44?s=96&d=mm&r=g\",\"caption\":\"Kuzeyin Sesi\"},\"sameAs\":[\"https:\\\/\\\/kuzeyinsesi.org\"],\"url\":\"https:\\\/\\\/kuzeyinsesi.org\\\/index.php\\\/author\\\/guven\\\/\"}]}<\/script>\n<!-- \/ Yoast SEO plugin. -->","yoast_head_json":{"title":"ODT\u00dc Kuzey K\u0131br\u0131s Kamp\u00fcs\u00fc\u2019nde mART Fest yap\u0131l\u0131yor - Kuzeyin Sesi","robots":{"index":"index","follow":"follow","max-snippet":"max-snippet:-1","max-image-preview":"max-image-preview:large","max-video-preview":"max-video-preview:-1"},"canonical":"https:\/\/kuzeyinsesi.org\/index.php\/2025\/03\/04\/odtu-kuzey-kibris-kampusunde-mart-fest-yapiliyor\/","og_locale":"tr_TR","og_type":"article","og_title":"ODT\u00dc Kuzey K\u0131br\u0131s Kamp\u00fcs\u00fc\u2019nde mART Fest yap\u0131l\u0131yor - Kuzeyin Sesi","og_description":"Orta Do\u011fu Teknik \u00dcniversitesi Kuzey K\u0131br\u0131s Kamp\u00fcs\u00fc (ODT\u00dc KKK) taraf\u0131ndan d\u00fczenlenen mART Fest, bu y\u0131l d\u00f6rd\u00fcnc\u00fc kez sanatseverlerle bulu\u015fuyor. ODT\u00dc KKK\u2019den yap\u0131lan a\u00e7\u0131klamaya g\u00f6re, 26 Mart\u2019a kadar devam edecek Festival\u2019in a\u00e7\u0131l\u0131\u015f\u0131, bug\u00fcn saat 14.30\u2019da K\u00fclt\u00fcr ve Kongre Merkezi\u2019nde yap\u0131lacak. K\u00fclt\u00fcr Dairesi\u2019nin d\u00fczenledi\u011fi 31. \u2013 32. Devlet Foto\u011fraf Yar\u0131\u015fmas\u0131 kapsam\u0131ndaki \u201cBenim \u015eehrim Lefke\u2019m ve Benim \u015eehrim [&hellip;]","og_url":"https:\/\/kuzeyinsesi.org\/index.php\/2025\/03\/04\/odtu-kuzey-kibris-kampusunde-mart-fest-yapiliyor\/","og_site_name":"Kuzeyin Sesi","article_publisher":"https:\/\/www.facebook.com\/kuzeyinsesii","article_published_time":"2025-03-04T12:38:31+00:00","og_image":[{"url":"https:\/\/brtk.net\/wp-content\/uploads\/2025\/03\/04\/20318029381031.jpeg?ver=2d5eb0642f61749cfd115c902debff5d","type":"","width":"","height":""}],"author":"Kuzeyin Sesi","twitter_card":"summary_large_image","twitter_creator":"@kuzeyinsesii","twitter_site":"@kuzeyinsesii","twitter_misc":{"Yazan:":"Kuzeyin Sesi","Tahmini okuma s\u00fcresi":"1 dakika"},"schema":{"@context":"https:\/\/schema.org","@graph":[{"@type":"Article","@id":"https:\/\/kuzeyinsesi.org\/index.php\/2025\/03\/04\/odtu-kuzey-kibris-kampusunde-mart-fest-yapiliyor\/#article","isPartOf":{"@id":"https:\/\/kuzeyinsesi.org\/index.php\/2025\/03\/04\/odtu-kuzey-kibris-kampusunde-mart-fest-yapiliyor\/"},"author":{"name":"Kuzeyin Sesi","@id":"https:\/\/kuzeyinsesi.org\/#\/schema\/person\/9f859689cdf01485597712386e37f5aa"},"headline":"ODT\u00dc Kuzey K\u0131br\u0131s Kamp\u00fcs\u00fc\u2019nde mART Fest yap\u0131l\u0131yor","datePublished":"2025-03-04T12:38:31+00:00","mainEntityOfPage":{"@id":"https:\/\/kuzeyinsesi.org\/index.php\/2025\/03\/04\/odtu-kuzey-kibris-kampusunde-mart-fest-yapiliyor\/"},"wordCount":279,"commentCount":0,"image":{"@id":"https:\/\/kuzeyinsesi.org\/index.php\/2025\/03\/04\/odtu-kuzey-kibris-kampusunde-mart-fest-yapiliyor\/#primaryimage"},"thumbnailUrl":"https:\/\/kuzeyinsesi.org\/wp-content\/uploads\/2025\/03\/20318029381031.jpeg","articleSection":["Ya\u015fam"],"inLanguage":"tr","potentialAction":[{"@type":"CommentAction","name":"Comment","target":["https:\/\/kuzeyinsesi.org\/index.php\/2025\/03\/04\/odtu-kuzey-kibris-kampusunde-mart-fest-yapiliyor\/#respond"]}]},{"@type":"WebPage","@id":"https:\/\/kuzeyinsesi.org\/index.php\/2025\/03\/04\/odtu-kuzey-kibris-kampusunde-mart-fest-yapiliyor\/","url":"https:\/\/kuzeyinsesi.org\/index.php\/2025\/03\/04\/odtu-kuzey-kibris-kampusunde-mart-fest-yapiliyor\/","name":"ODT\u00dc Kuzey K\u0131br\u0131s Kamp\u00fcs\u00fc\u2019nde mART Fest yap\u0131l\u0131yor - Kuzeyin Sesi","isPartOf":{"@id":"https:\/\/kuzeyinsesi.org\/#website"},"primaryImageOfPage":{"@id":"https:\/\/kuzeyinsesi.org\/index.php\/2025\/03\/04\/odtu-kuzey-kibris-kampusunde-mart-fest-yapiliyor\/#primaryimage"},"image":{"@id":"https:\/\/kuzeyinsesi.org\/index.php\/2025\/03\/04\/odtu-kuzey-kibris-kampusunde-mart-fest-yapiliyor\/#primaryimage"},"thumbnailUrl":"https:\/\/kuzeyinsesi.org\/wp-content\/uploads\/2025\/03\/20318029381031.jpeg","datePublished":"2025-03-04T12:38:31+00:00","author":{"@id":"https:\/\/kuzeyinsesi.org\/#\/schema\/person\/9f859689cdf01485597712386e37f5aa"},"breadcrumb":{"@id":"https:\/\/kuzeyinsesi.org\/index.php\/2025\/03\/04\/odtu-kuzey-kibris-kampusunde-mart-fest-yapiliyor\/#breadcrumb"},"inLanguage":"tr","potentialAction":[{"@type":"ReadAction","target":["https:\/\/kuzeyinsesi.org\/index.php\/2025\/03\/04\/odtu-kuzey-kibris-kampusunde-mart-fest-yapiliyor\/"]}]},{"@type":"ImageObject","inLanguage":"tr","@id":"https:\/\/kuzeyinsesi.org\/index.php\/2025\/03\/04\/odtu-kuzey-kibris-kampusunde-mart-fest-yapiliyor\/#primaryimage","url":"https:\/\/kuzeyinsesi.org\/wp-content\/uploads\/2025\/03\/20318029381031.jpeg","contentUrl":"https:\/\/kuzeyinsesi.org\/wp-content\/uploads\/2025\/03\/20318029381031.jpeg","width":1279,"height":1600},{"@type":"BreadcrumbList","@id":"https:\/\/kuzeyinsesi.org\/index.php\/2025\/03\/04\/odtu-kuzey-kibris-kampusunde-mart-fest-yapiliyor\/#breadcrumb","itemListElement":[{"@type":"ListItem","position":1,"name":"Anasayfa","item":"https:\/\/kuzeyinsesi.org\/"},{"@type":"ListItem","position":2,"name":"ODT\u00dc Kuzey K\u0131br\u0131s Kamp\u00fcs\u00fc\u2019nde mART Fest yap\u0131l\u0131yor"}]},{"@type":"WebSite","@id":"https:\/\/kuzeyinsesi.org\/#website","url":"https:\/\/kuzeyinsesi.org\/","name":"Kuzeyin Sesi","description":"Do\u011fru Haberin Adresi","potentialAction":[{"@type":"SearchAction","target":{"@type":"EntryPoint","urlTemplate":"https:\/\/kuzeyinsesi.org\/?s={search_term_string}"},"query-input":{"@type":"PropertyValueSpecification","valueRequired":true,"valueName":"search_term_string"}}],"inLanguage":"tr"},{"@type":"Person","@id":"https:\/\/kuzeyinsesi.org\/#\/schema\/person\/9f859689cdf01485597712386e37f5aa","name":"Kuzeyin Sesi","image":{"@type":"ImageObject","inLanguage":"tr","@id":"https:\/\/secure.gravatar.com\/avatar\/bab33852abfd8b282518d6ed81826833d77c3c882d9ab608add591ccace47a44?s=96&d=mm&r=g","url":"https:\/\/secure.gravatar.com\/avatar\/bab33852abfd8b282518d6ed81826833d77c3c882d9ab608add591ccace47a44?s=96&d=mm&r=g","contentUrl":"https:\/\/secure.gravatar.com\/avatar\/bab33852abfd8b282518d6ed81826833d77c3c882d9ab608add591ccace47a44?s=96&d=mm&r=g","caption":"Kuzeyin Sesi"},"sameAs":["https:\/\/kuzeyinsesi.org"],"url":"https:\/\/kuzeyinsesi.org\/index.php\/author\/guven\/"}]}},"_links":{"self":[{"href":"https:\/\/kuzeyinsesi.org\/index.php\/wp-json\/wp\/v2\/posts\/20208","targetHints":{"allow":["GET"]}}],"collection":[{"href":"https:\/\/kuzeyinsesi.org\/index.php\/wp-json\/wp\/v2\/posts"}],"about":[{"href":"https:\/\/kuzeyinsesi.org\/index.php\/wp-json\/wp\/v2\/types\/post"}],"author":[{"embeddable":true,"href":"https:\/\/kuzeyinsesi.org\/index.php\/wp-json\/wp\/v2\/users\/1"}],"replies":[{"embeddable":true,"href":"https:\/\/kuzeyinsesi.org\/index.php\/wp-json\/wp\/v2\/comments?post=20208"}],"version-history":[{"count":0,"href":"https:\/\/kuzeyinsesi.org\/index.php\/wp-json\/wp\/v2\/posts\/20208\/revisions"}],"wp:featuredmedia":[{"embeddable":true,"href":"https:\/\/kuzeyinsesi.org\/index.php\/wp-json\/wp\/v2\/media\/20209"}],"wp:attachment":[{"href":"https:\/\/kuzeyinsesi.org\/index.php\/wp-json\/wp\/v2\/media?parent=20208"}],"wp:term":[{"taxonomy":"category","embeddable":true,"href":"https:\/\/kuzeyinsesi.org\/index.php\/wp-json\/wp\/v2\/categories?post=20208"},{"taxonomy":"post_tag","embeddable":true,"href":"https:\/\/kuzeyinsesi.org\/index.php\/wp-json\/wp\/v2\/tags?post=20208"}],"curies":[{"name":"wp","href":"https:\/\/api.w.org\/{rel}","templated":true}]}}