{"id":20187,"date":"2025-03-04T12:36:20","date_gmt":"2025-03-04T10:36:20","guid":{"rendered":"https:\/\/kuzeyinsesi.org\/index.php\/2025\/03\/04\/beni-macbeth-me-odtude-sahne-alacak\/"},"modified":"2025-03-04T12:36:20","modified_gmt":"2025-03-04T10:36:20","slug":"beni-macbeth-me-odtude-sahne-alacak","status":"publish","type":"post","link":"https:\/\/kuzeyinsesi.org\/index.php\/2025\/03\/04\/beni-macbeth-me-odtude-sahne-alacak\/","title":{"rendered":"\u201cBeni Macbeth Me\u201d ODT\u00dc\u2019de sahne alacak"},"content":{"rendered":"<div>\n<div class=\"mariselle-image-container center\">\n                                            <\/div>\n<p>\u201cBeni Macbeth Me\u201d m\u00fczikali 14 Mart Cuma ak\u015fam\u0131 20.30\u2019da, ODT\u00dc\u2019n\u00fcn davetiyle Kalkanl\u0131 ODT\u00dc Kuzey K\u0131br\u0131s Kamp\u00fcs\u00fc Raif Denkta\u015f K\u00fclt\u00fcr ve Kongre Merkezi\u2019nde \u00fccretsiz olarak seyirci ile bulu\u015facak.<\/p>\n<p>Girne Belediyesi\u2019nden yap\u0131lan a\u00e7\u0131klamaya g\u00f6re,  Ufuk Aydo\u011fan\u2019\u0131n yaz\u0131p y\u00f6netti\u011fi oyunun kadrosunda Melis Girgen, K\u0131van\u00e7 Giritli, \u015e\u00fckr\u00fc Karaman, Hatice H\u0131rdurmaz, O\u011fuzhan Kaya, Cansu Balkaya, Yusuf A\u015f\u0131k ve Tu\u011fba \u00d6zbu\u011fa yer al\u0131yor.<\/p>\n<p>M\u00fczik uygulamas\u0131nda Arda Ayg\u00fcn, \u0131\u015f\u0131k tasar\u0131m uygulamada Mehmet Sayg\u0131er, sahne tasar\u0131m uygulamada Cem Ta\u015fl\u0131oval\u0131 ve kost\u00fcm tasar\u0131m\u0131nda ise Ebru \u00d6zt\u00fcrk\u2019\u00fcn yer ald\u0131\u011f\u0131 oyunun dans ve koreografisi Bahar Hac\u0131mehmet\u2019e, oyun \u015fark\u0131lar\u0131 kay\u0131t mix&amp;mastering Mehmet Ali Ak\u00e7al\u2019a, final \u015fark\u0131s\u0131 piyano kayd\u0131 ise Mehmet \u0130zbul\u2019a ait.<\/p>\n<p>Oyunun konusu \u015f\u00f6yle:<\/p>\n<p>\u201cMacbeth ve Lady Macbeth, birbirlerinin varl\u0131\u011f\u0131ndan bile haberdar de\u011fildir. Macbeth, \u0130sko\u00e7ya\u2019n\u0131n \u00f6nde gelen komutanlar\u0131ndan biridir; cesareti ve ba\u015far\u0131lar\u0131yla tan\u0131n\u0131r. \u00d6te yandan, Lady Macbeth, babas\u0131 ve k\u0131z karde\u015fiyle birlikte ya\u015fayan, soylu olmayan bir ailenin par\u00e7as\u0131d\u0131r ve hayat\u0131 zorluklarla doludur. Macbeth ve en yak\u0131n arkada\u015f\u0131 Banquo, b\u00fcy\u00fck bir sefer i\u00e7in haz\u0131rlanmaktad\u0131rlar. Ancak, kaderin oyunlar\u0131 ve i\u00e7lerindeki tutku, beklenmedik bir a\u015fk hikayesinin tohumlar\u0131n\u0131 eker.\u201d<\/p>\n<\/p><\/div>\n<p><script async\n                    defer\n                    crossorigin=\"anonymous\"\n                    src=\"https:\/\/connect.facebook.net\/tr_TR\/sdk.js#xfbml=1&#038;version=v3.3\"\n            ><\/script><\/p>\n","protected":false},"excerpt":{"rendered":"<p>\u201cBeni Macbeth Me\u201d m\u00fczikali 14 Mart Cuma ak\u015fam\u0131 20.30\u2019da, ODT\u00dc\u2019n\u00fcn davetiyle Kalkanl\u0131 ODT\u00dc Kuzey K\u0131br\u0131s Kamp\u00fcs\u00fc Raif Denkta\u015f K\u00fclt\u00fcr ve Kongre Merkezi\u2019nde \u00fccretsiz olarak seyirci ile bulu\u015facak. Girne Belediyesi\u2019nden yap\u0131lan a\u00e7\u0131klamaya g\u00f6re, Ufuk Aydo\u011fan\u2019\u0131n yaz\u0131p y\u00f6netti\u011fi oyunun kadrosunda Melis Girgen, K\u0131van\u00e7 Giritli, \u015e\u00fckr\u00fc Karaman, Hatice H\u0131rdurmaz, O\u011fuzhan Kaya, Cansu Balkaya, Yusuf A\u015f\u0131k ve Tu\u011fba \u00d6zbu\u011fa [&hellip;]<\/p>\n","protected":false},"author":1,"featured_media":20188,"comment_status":"open","ping_status":"open","sticky":false,"template":"","format":"standard","meta":{"jnews-multi-image_gallery":[],"jnews_single_post":[],"jnews_primary_category":[],"jnews_social_meta":[],"jnews_override_counter":[],"footnotes":""},"categories":[6],"tags":[],"class_list":["post-20187","post","type-post","status-publish","format-standard","has-post-thumbnail","hentry","category-yasam"],"yoast_head":"<!-- This site is optimized with the Yoast SEO plugin v27.4 - https:\/\/yoast.com\/product\/yoast-seo-wordpress\/ -->\n<title>\u201cBeni Macbeth Me\u201d ODT\u00dc\u2019de sahne alacak - Kuzeyin Sesi<\/title>\n<meta name=\"robots\" content=\"index, follow, max-snippet:-1, max-image-preview:large, max-video-preview:-1\" \/>\n<link rel=\"canonical\" href=\"https:\/\/kuzeyinsesi.org\/index.php\/2025\/03\/04\/beni-macbeth-me-odtude-sahne-alacak\/\" \/>\n<meta property=\"og:locale\" content=\"tr_TR\" \/>\n<meta property=\"og:type\" content=\"article\" \/>\n<meta property=\"og:title\" content=\"\u201cBeni Macbeth Me\u201d ODT\u00dc\u2019de sahne alacak - Kuzeyin Sesi\" \/>\n<meta property=\"og:description\" content=\"\u201cBeni Macbeth Me\u201d m\u00fczikali 14 Mart Cuma ak\u015fam\u0131 20.30\u2019da, ODT\u00dc\u2019n\u00fcn davetiyle Kalkanl\u0131 ODT\u00dc Kuzey K\u0131br\u0131s Kamp\u00fcs\u00fc Raif Denkta\u015f K\u00fclt\u00fcr ve Kongre Merkezi\u2019nde \u00fccretsiz olarak seyirci ile bulu\u015facak. Girne Belediyesi\u2019nden yap\u0131lan a\u00e7\u0131klamaya g\u00f6re, Ufuk Aydo\u011fan\u2019\u0131n yaz\u0131p y\u00f6netti\u011fi oyunun kadrosunda Melis Girgen, K\u0131van\u00e7 Giritli, \u015e\u00fckr\u00fc Karaman, Hatice H\u0131rdurmaz, O\u011fuzhan Kaya, Cansu Balkaya, Yusuf A\u015f\u0131k ve Tu\u011fba \u00d6zbu\u011fa [&hellip;]\" \/>\n<meta property=\"og:url\" content=\"https:\/\/kuzeyinsesi.org\/index.php\/2025\/03\/04\/beni-macbeth-me-odtude-sahne-alacak\/\" \/>\n<meta property=\"og:site_name\" content=\"Kuzeyin Sesi\" \/>\n<meta property=\"article:publisher\" content=\"https:\/\/www.facebook.com\/kuzeyinsesii\" \/>\n<meta property=\"article:published_time\" content=\"2025-03-04T10:36:20+00:00\" \/>\n<meta property=\"og:image\" content=\"https:\/\/brtk.net\/wp-content\/uploads\/2025\/03\/04\/65656565656.jpeg?ver=5026a6a79dd751613cf5a5c0d1e0e8d6\" \/>\n<meta name=\"author\" content=\"Kuzeyin Sesi\" \/>\n<meta name=\"twitter:card\" content=\"summary_large_image\" \/>\n<meta name=\"twitter:creator\" content=\"@kuzeyinsesii\" \/>\n<meta name=\"twitter:site\" content=\"@kuzeyinsesii\" \/>\n<meta name=\"twitter:label1\" content=\"Yazan:\" \/>\n\t<meta name=\"twitter:data1\" content=\"Kuzeyin Sesi\" \/>\n\t<meta name=\"twitter:label2\" content=\"Tahmini okuma s\u00fcresi\" \/>\n\t<meta name=\"twitter:data2\" content=\"1 dakika\" \/>\n<script type=\"application\/ld+json\" class=\"yoast-schema-graph\">{\"@context\":\"https:\\\/\\\/schema.org\",\"@graph\":[{\"@type\":\"Article\",\"@id\":\"https:\\\/\\\/kuzeyinsesi.org\\\/index.php\\\/2025\\\/03\\\/04\\\/beni-macbeth-me-odtude-sahne-alacak\\\/#article\",\"isPartOf\":{\"@id\":\"https:\\\/\\\/kuzeyinsesi.org\\\/index.php\\\/2025\\\/03\\\/04\\\/beni-macbeth-me-odtude-sahne-alacak\\\/\"},\"author\":{\"name\":\"Kuzeyin Sesi\",\"@id\":\"https:\\\/\\\/kuzeyinsesi.org\\\/#\\\/schema\\\/person\\\/9f859689cdf01485597712386e37f5aa\"},\"headline\":\"\u201cBeni Macbeth Me\u201d ODT\u00dc\u2019de sahne alacak\",\"datePublished\":\"2025-03-04T10:36:20+00:00\",\"mainEntityOfPage\":{\"@id\":\"https:\\\/\\\/kuzeyinsesi.org\\\/index.php\\\/2025\\\/03\\\/04\\\/beni-macbeth-me-odtude-sahne-alacak\\\/\"},\"wordCount\":246,\"commentCount\":0,\"image\":{\"@id\":\"https:\\\/\\\/kuzeyinsesi.org\\\/index.php\\\/2025\\\/03\\\/04\\\/beni-macbeth-me-odtude-sahne-alacak\\\/#primaryimage\"},\"thumbnailUrl\":\"https:\\\/\\\/kuzeyinsesi.org\\\/wp-content\\\/uploads\\\/2025\\\/03\\\/65656565656.jpeg\",\"articleSection\":[\"Ya\u015fam\"],\"inLanguage\":\"tr\",\"potentialAction\":[{\"@type\":\"CommentAction\",\"name\":\"Comment\",\"target\":[\"https:\\\/\\\/kuzeyinsesi.org\\\/index.php\\\/2025\\\/03\\\/04\\\/beni-macbeth-me-odtude-sahne-alacak\\\/#respond\"]}]},{\"@type\":\"WebPage\",\"@id\":\"https:\\\/\\\/kuzeyinsesi.org\\\/index.php\\\/2025\\\/03\\\/04\\\/beni-macbeth-me-odtude-sahne-alacak\\\/\",\"url\":\"https:\\\/\\\/kuzeyinsesi.org\\\/index.php\\\/2025\\\/03\\\/04\\\/beni-macbeth-me-odtude-sahne-alacak\\\/\",\"name\":\"\u201cBeni Macbeth Me\u201d ODT\u00dc\u2019de sahne alacak - Kuzeyin Sesi\",\"isPartOf\":{\"@id\":\"https:\\\/\\\/kuzeyinsesi.org\\\/#website\"},\"primaryImageOfPage\":{\"@id\":\"https:\\\/\\\/kuzeyinsesi.org\\\/index.php\\\/2025\\\/03\\\/04\\\/beni-macbeth-me-odtude-sahne-alacak\\\/#primaryimage\"},\"image\":{\"@id\":\"https:\\\/\\\/kuzeyinsesi.org\\\/index.php\\\/2025\\\/03\\\/04\\\/beni-macbeth-me-odtude-sahne-alacak\\\/#primaryimage\"},\"thumbnailUrl\":\"https:\\\/\\\/kuzeyinsesi.org\\\/wp-content\\\/uploads\\\/2025\\\/03\\\/65656565656.jpeg\",\"datePublished\":\"2025-03-04T10:36:20+00:00\",\"author\":{\"@id\":\"https:\\\/\\\/kuzeyinsesi.org\\\/#\\\/schema\\\/person\\\/9f859689cdf01485597712386e37f5aa\"},\"breadcrumb\":{\"@id\":\"https:\\\/\\\/kuzeyinsesi.org\\\/index.php\\\/2025\\\/03\\\/04\\\/beni-macbeth-me-odtude-sahne-alacak\\\/#breadcrumb\"},\"inLanguage\":\"tr\",\"potentialAction\":[{\"@type\":\"ReadAction\",\"target\":[\"https:\\\/\\\/kuzeyinsesi.org\\\/index.php\\\/2025\\\/03\\\/04\\\/beni-macbeth-me-odtude-sahne-alacak\\\/\"]}]},{\"@type\":\"ImageObject\",\"inLanguage\":\"tr\",\"@id\":\"https:\\\/\\\/kuzeyinsesi.org\\\/index.php\\\/2025\\\/03\\\/04\\\/beni-macbeth-me-odtude-sahne-alacak\\\/#primaryimage\",\"url\":\"https:\\\/\\\/kuzeyinsesi.org\\\/wp-content\\\/uploads\\\/2025\\\/03\\\/65656565656.jpeg\",\"contentUrl\":\"https:\\\/\\\/kuzeyinsesi.org\\\/wp-content\\\/uploads\\\/2025\\\/03\\\/65656565656.jpeg\",\"width\":1716,\"height\":2048},{\"@type\":\"BreadcrumbList\",\"@id\":\"https:\\\/\\\/kuzeyinsesi.org\\\/index.php\\\/2025\\\/03\\\/04\\\/beni-macbeth-me-odtude-sahne-alacak\\\/#breadcrumb\",\"itemListElement\":[{\"@type\":\"ListItem\",\"position\":1,\"name\":\"Anasayfa\",\"item\":\"https:\\\/\\\/kuzeyinsesi.org\\\/\"},{\"@type\":\"ListItem\",\"position\":2,\"name\":\"\u201cBeni Macbeth Me\u201d ODT\u00dc\u2019de sahne alacak\"}]},{\"@type\":\"WebSite\",\"@id\":\"https:\\\/\\\/kuzeyinsesi.org\\\/#website\",\"url\":\"https:\\\/\\\/kuzeyinsesi.org\\\/\",\"name\":\"Kuzeyin Sesi\",\"description\":\"Do\u011fru Haberin Adresi\",\"potentialAction\":[{\"@type\":\"SearchAction\",\"target\":{\"@type\":\"EntryPoint\",\"urlTemplate\":\"https:\\\/\\\/kuzeyinsesi.org\\\/?s={search_term_string}\"},\"query-input\":{\"@type\":\"PropertyValueSpecification\",\"valueRequired\":true,\"valueName\":\"search_term_string\"}}],\"inLanguage\":\"tr\"},{\"@type\":\"Person\",\"@id\":\"https:\\\/\\\/kuzeyinsesi.org\\\/#\\\/schema\\\/person\\\/9f859689cdf01485597712386e37f5aa\",\"name\":\"Kuzeyin Sesi\",\"image\":{\"@type\":\"ImageObject\",\"inLanguage\":\"tr\",\"@id\":\"https:\\\/\\\/secure.gravatar.com\\\/avatar\\\/bab33852abfd8b282518d6ed81826833d77c3c882d9ab608add591ccace47a44?s=96&d=mm&r=g\",\"url\":\"https:\\\/\\\/secure.gravatar.com\\\/avatar\\\/bab33852abfd8b282518d6ed81826833d77c3c882d9ab608add591ccace47a44?s=96&d=mm&r=g\",\"contentUrl\":\"https:\\\/\\\/secure.gravatar.com\\\/avatar\\\/bab33852abfd8b282518d6ed81826833d77c3c882d9ab608add591ccace47a44?s=96&d=mm&r=g\",\"caption\":\"Kuzeyin Sesi\"},\"sameAs\":[\"https:\\\/\\\/kuzeyinsesi.org\"],\"url\":\"https:\\\/\\\/kuzeyinsesi.org\\\/index.php\\\/author\\\/guven\\\/\"}]}<\/script>\n<!-- \/ Yoast SEO plugin. -->","yoast_head_json":{"title":"\u201cBeni Macbeth Me\u201d ODT\u00dc\u2019de sahne alacak - Kuzeyin Sesi","robots":{"index":"index","follow":"follow","max-snippet":"max-snippet:-1","max-image-preview":"max-image-preview:large","max-video-preview":"max-video-preview:-1"},"canonical":"https:\/\/kuzeyinsesi.org\/index.php\/2025\/03\/04\/beni-macbeth-me-odtude-sahne-alacak\/","og_locale":"tr_TR","og_type":"article","og_title":"\u201cBeni Macbeth Me\u201d ODT\u00dc\u2019de sahne alacak - Kuzeyin Sesi","og_description":"\u201cBeni Macbeth Me\u201d m\u00fczikali 14 Mart Cuma ak\u015fam\u0131 20.30\u2019da, ODT\u00dc\u2019n\u00fcn davetiyle Kalkanl\u0131 ODT\u00dc Kuzey K\u0131br\u0131s Kamp\u00fcs\u00fc Raif Denkta\u015f K\u00fclt\u00fcr ve Kongre Merkezi\u2019nde \u00fccretsiz olarak seyirci ile bulu\u015facak. Girne Belediyesi\u2019nden yap\u0131lan a\u00e7\u0131klamaya g\u00f6re, Ufuk Aydo\u011fan\u2019\u0131n yaz\u0131p y\u00f6netti\u011fi oyunun kadrosunda Melis Girgen, K\u0131van\u00e7 Giritli, \u015e\u00fckr\u00fc Karaman, Hatice H\u0131rdurmaz, O\u011fuzhan Kaya, Cansu Balkaya, Yusuf A\u015f\u0131k ve Tu\u011fba \u00d6zbu\u011fa [&hellip;]","og_url":"https:\/\/kuzeyinsesi.org\/index.php\/2025\/03\/04\/beni-macbeth-me-odtude-sahne-alacak\/","og_site_name":"Kuzeyin Sesi","article_publisher":"https:\/\/www.facebook.com\/kuzeyinsesii","article_published_time":"2025-03-04T10:36:20+00:00","og_image":[{"url":"https:\/\/brtk.net\/wp-content\/uploads\/2025\/03\/04\/65656565656.jpeg?ver=5026a6a79dd751613cf5a5c0d1e0e8d6","type":"","width":"","height":""}],"author":"Kuzeyin Sesi","twitter_card":"summary_large_image","twitter_creator":"@kuzeyinsesii","twitter_site":"@kuzeyinsesii","twitter_misc":{"Yazan:":"Kuzeyin Sesi","Tahmini okuma s\u00fcresi":"1 dakika"},"schema":{"@context":"https:\/\/schema.org","@graph":[{"@type":"Article","@id":"https:\/\/kuzeyinsesi.org\/index.php\/2025\/03\/04\/beni-macbeth-me-odtude-sahne-alacak\/#article","isPartOf":{"@id":"https:\/\/kuzeyinsesi.org\/index.php\/2025\/03\/04\/beni-macbeth-me-odtude-sahne-alacak\/"},"author":{"name":"Kuzeyin Sesi","@id":"https:\/\/kuzeyinsesi.org\/#\/schema\/person\/9f859689cdf01485597712386e37f5aa"},"headline":"\u201cBeni Macbeth Me\u201d ODT\u00dc\u2019de sahne alacak","datePublished":"2025-03-04T10:36:20+00:00","mainEntityOfPage":{"@id":"https:\/\/kuzeyinsesi.org\/index.php\/2025\/03\/04\/beni-macbeth-me-odtude-sahne-alacak\/"},"wordCount":246,"commentCount":0,"image":{"@id":"https:\/\/kuzeyinsesi.org\/index.php\/2025\/03\/04\/beni-macbeth-me-odtude-sahne-alacak\/#primaryimage"},"thumbnailUrl":"https:\/\/kuzeyinsesi.org\/wp-content\/uploads\/2025\/03\/65656565656.jpeg","articleSection":["Ya\u015fam"],"inLanguage":"tr","potentialAction":[{"@type":"CommentAction","name":"Comment","target":["https:\/\/kuzeyinsesi.org\/index.php\/2025\/03\/04\/beni-macbeth-me-odtude-sahne-alacak\/#respond"]}]},{"@type":"WebPage","@id":"https:\/\/kuzeyinsesi.org\/index.php\/2025\/03\/04\/beni-macbeth-me-odtude-sahne-alacak\/","url":"https:\/\/kuzeyinsesi.org\/index.php\/2025\/03\/04\/beni-macbeth-me-odtude-sahne-alacak\/","name":"\u201cBeni Macbeth Me\u201d ODT\u00dc\u2019de sahne alacak - Kuzeyin Sesi","isPartOf":{"@id":"https:\/\/kuzeyinsesi.org\/#website"},"primaryImageOfPage":{"@id":"https:\/\/kuzeyinsesi.org\/index.php\/2025\/03\/04\/beni-macbeth-me-odtude-sahne-alacak\/#primaryimage"},"image":{"@id":"https:\/\/kuzeyinsesi.org\/index.php\/2025\/03\/04\/beni-macbeth-me-odtude-sahne-alacak\/#primaryimage"},"thumbnailUrl":"https:\/\/kuzeyinsesi.org\/wp-content\/uploads\/2025\/03\/65656565656.jpeg","datePublished":"2025-03-04T10:36:20+00:00","author":{"@id":"https:\/\/kuzeyinsesi.org\/#\/schema\/person\/9f859689cdf01485597712386e37f5aa"},"breadcrumb":{"@id":"https:\/\/kuzeyinsesi.org\/index.php\/2025\/03\/04\/beni-macbeth-me-odtude-sahne-alacak\/#breadcrumb"},"inLanguage":"tr","potentialAction":[{"@type":"ReadAction","target":["https:\/\/kuzeyinsesi.org\/index.php\/2025\/03\/04\/beni-macbeth-me-odtude-sahne-alacak\/"]}]},{"@type":"ImageObject","inLanguage":"tr","@id":"https:\/\/kuzeyinsesi.org\/index.php\/2025\/03\/04\/beni-macbeth-me-odtude-sahne-alacak\/#primaryimage","url":"https:\/\/kuzeyinsesi.org\/wp-content\/uploads\/2025\/03\/65656565656.jpeg","contentUrl":"https:\/\/kuzeyinsesi.org\/wp-content\/uploads\/2025\/03\/65656565656.jpeg","width":1716,"height":2048},{"@type":"BreadcrumbList","@id":"https:\/\/kuzeyinsesi.org\/index.php\/2025\/03\/04\/beni-macbeth-me-odtude-sahne-alacak\/#breadcrumb","itemListElement":[{"@type":"ListItem","position":1,"name":"Anasayfa","item":"https:\/\/kuzeyinsesi.org\/"},{"@type":"ListItem","position":2,"name":"\u201cBeni Macbeth Me\u201d ODT\u00dc\u2019de sahne alacak"}]},{"@type":"WebSite","@id":"https:\/\/kuzeyinsesi.org\/#website","url":"https:\/\/kuzeyinsesi.org\/","name":"Kuzeyin Sesi","description":"Do\u011fru Haberin Adresi","potentialAction":[{"@type":"SearchAction","target":{"@type":"EntryPoint","urlTemplate":"https:\/\/kuzeyinsesi.org\/?s={search_term_string}"},"query-input":{"@type":"PropertyValueSpecification","valueRequired":true,"valueName":"search_term_string"}}],"inLanguage":"tr"},{"@type":"Person","@id":"https:\/\/kuzeyinsesi.org\/#\/schema\/person\/9f859689cdf01485597712386e37f5aa","name":"Kuzeyin Sesi","image":{"@type":"ImageObject","inLanguage":"tr","@id":"https:\/\/secure.gravatar.com\/avatar\/bab33852abfd8b282518d6ed81826833d77c3c882d9ab608add591ccace47a44?s=96&d=mm&r=g","url":"https:\/\/secure.gravatar.com\/avatar\/bab33852abfd8b282518d6ed81826833d77c3c882d9ab608add591ccace47a44?s=96&d=mm&r=g","contentUrl":"https:\/\/secure.gravatar.com\/avatar\/bab33852abfd8b282518d6ed81826833d77c3c882d9ab608add591ccace47a44?s=96&d=mm&r=g","caption":"Kuzeyin Sesi"},"sameAs":["https:\/\/kuzeyinsesi.org"],"url":"https:\/\/kuzeyinsesi.org\/index.php\/author\/guven\/"}]}},"_links":{"self":[{"href":"https:\/\/kuzeyinsesi.org\/index.php\/wp-json\/wp\/v2\/posts\/20187","targetHints":{"allow":["GET"]}}],"collection":[{"href":"https:\/\/kuzeyinsesi.org\/index.php\/wp-json\/wp\/v2\/posts"}],"about":[{"href":"https:\/\/kuzeyinsesi.org\/index.php\/wp-json\/wp\/v2\/types\/post"}],"author":[{"embeddable":true,"href":"https:\/\/kuzeyinsesi.org\/index.php\/wp-json\/wp\/v2\/users\/1"}],"replies":[{"embeddable":true,"href":"https:\/\/kuzeyinsesi.org\/index.php\/wp-json\/wp\/v2\/comments?post=20187"}],"version-history":[{"count":0,"href":"https:\/\/kuzeyinsesi.org\/index.php\/wp-json\/wp\/v2\/posts\/20187\/revisions"}],"wp:featuredmedia":[{"embeddable":true,"href":"https:\/\/kuzeyinsesi.org\/index.php\/wp-json\/wp\/v2\/media\/20188"}],"wp:attachment":[{"href":"https:\/\/kuzeyinsesi.org\/index.php\/wp-json\/wp\/v2\/media?parent=20187"}],"wp:term":[{"taxonomy":"category","embeddable":true,"href":"https:\/\/kuzeyinsesi.org\/index.php\/wp-json\/wp\/v2\/categories?post=20187"},{"taxonomy":"post_tag","embeddable":true,"href":"https:\/\/kuzeyinsesi.org\/index.php\/wp-json\/wp\/v2\/tags?post=20187"}],"curies":[{"name":"wp","href":"https:\/\/api.w.org\/{rel}","templated":true}]}}