{"id":2018,"date":"2024-05-10T19:35:00","date_gmt":"2024-05-10T16:35:00","guid":{"rendered":"https:\/\/kuzeyinsesi.com\/index.php\/2024\/05\/10\/filistin-tasarisi-bmde-onaylandi\/"},"modified":"2024-05-10T19:35:00","modified_gmt":"2024-05-10T16:35:00","slug":"filistin-tasarisi-bmde-onaylandi","status":"publish","type":"post","link":"https:\/\/kuzeyinsesi.org\/index.php\/2024\/05\/10\/filistin-tasarisi-bmde-onaylandi\/","title":{"rendered":"Filistin tasar\u0131s\u0131 BM&#039;de onayland\u0131"},"content":{"rendered":"<p><\/p>\n<div>\n<p>&#13;<br \/>\n\tBirle\u015fmi\u015f Milletler (BM) Genel Kurulu, Filistin&#8217;e BM \u00fcyeli\u011fi ve ilave haklar talep edilen karar tasar\u0131s\u0131n\u0131 kabul etti.<\/p>\n<p>&#13;<br \/>\n\tOylama, BM Genel Kurulu&#8217;nda d\u00fczenlenen acil oturumda yap\u0131ld\u0131. T\u00fcrkiye&#8217;nin yan\u0131 s\u0131ra 80&#8217;e yak\u0131n \u00fclkenin ortak sunucusu oldu\u011fu karar tasar\u0131s\u0131, 193 \u00fcyeli BM Genel Kurulu&#8217;nda 143 &#8220;evet&#8221; oyuyla kabul edildi.<\/p>\n<p>&#13;<br \/>\n\t\u00a0<\/p>\n<blockquote class=\"twitter-tweet\" data-media-max-width=\"560\"><p>&#13;<\/p>\n<p dir=\"ltr\" lang=\"tr\">&#13;<br \/>\n\t\tFilistin tasar\u0131s\u0131 BM\u2019de onayland\u0131.<\/p>\n<p>Filistin&#8217;in BM \u00fcyeli\u011fi BMGK&#8217;da tekrar g\u00f6r\u00fc\u015f\u00fclecek. Detaylar\u0131 <a href=\"https:\/\/twitter.com\/trthaber?ref_src=twsrc%5Etfw\">@trthaber<\/a> muhabiri Tuna \u015eanl\u0131 Washington&#8217;dan aktard\u0131. <a href=\"https:\/\/t.co\/qYtZFANzKw\">pic.twitter.com\/qYtZFANzKw<\/a><\/p>\n<p>&#13;<br \/>\n\t\u2014 TRT Haber Canl\u0131 (@trthabercanli) <a href=\"https:\/\/twitter.com\/trthabercanli\/status\/1788960829108338977?ref_src=twsrc%5Etfw\">May 10, 2024<\/a><\/p><\/blockquote>\n<p>&#13;<br \/>\n\t\u00a0<\/p>\n<p>&#13;<br \/>\n\tTasar\u0131 25 &#8220;\u00e7ekimser&#8221; oy ald\u0131. Aralar\u0131nda ABD, Arjantin, Papua Yeni Gine, \u00c7ekya ve Macaristan&#8217;\u0131n bulundu\u011fu 9 \u00fclke &#8220;hay\u0131r&#8221; oyu kulland\u0131.<\/p>\n<h2>&#13;<br \/>\n\t&#8220;\u00dcyelik kriterlerini yerine getiriyor&#8221;<\/h2>\n<p>&#13;<br \/>\n\tKararda, &#8220;Filistin&#8217;in BM \u015eart\u0131&#8217;n\u0131n 4. maddesi uyar\u0131nca BM&#8217;ye \u00fcyelik kriterlerini yerine getirdi\u011fi ve bu nedenle BM&#8217;ye \u00fcye olarak kabul edilmesi&#8221; gerekti\u011fine dikkati \u00e7ekildi.<\/p>\n<p>&#13;<br \/>\n\tABD&#8217;ye at\u0131f yap\u0131larak 18 Nisan&#8217;da tek bir \u00fcyenin Filistin&#8217;in BM&#8217;ye tam \u00fcyeli\u011fini veto etmesine tepki g\u00f6sterilen kararda, 12 Konsey \u00fcyesinin deste\u011finin alt\u0131 \u00e7izildi.<\/p>\n<p>&#13;<br \/>\n\tBMGK&#8217;ye bu \u00e7er\u00e7evede &#8220;olumlu&#8221; \u015fekilde tekrar konuyu ele almas\u0131 tavsiyesinde bulunularak, BM \u00fcyesi \u00fclkelerin \u00e7o\u011funlu\u011funun Filistin&#8217;in \u00fcyeli\u011fine destek verdi\u011fi vurguland\u0131.<\/p>\n<h2>&#13;<br \/>\n\t&#8220;\u0130stisna ve emsal te\u015fkil etmeyecek&#8221;<\/h2>\n<p>&#13;<br \/>\n\tFilistin&#8217;in Genel Kurul oturumlar\u0131na, BM organlar\u0131 taraf\u0131ndan d\u00fczenlenen toplant\u0131lara ve BM konferanslar\u0131na kat\u0131l\u0131m\u0131n\u0131 sa\u011flayacak \u015fekilde baz\u0131 d\u00fczenlemelerin kabul edilmesi talep edilen kararda, bunun &#8220;istisnai olmak kayd\u0131yla ve emsal te\u015fkil etmeyecek \u015fekilde&#8221; yap\u0131lmas\u0131 istendi.<\/p>\n<p>&#13;<br \/>\n\tEkonomik ve Sosyal Konseye, Filistin &#8220;Konseyin \u00fcyesi olmadan&#8221; s\u00f6z konusu d\u00fczenlemeleri uygulamas\u0131 \u00e7a\u011fr\u0131s\u0131 yap\u0131lan kararda, bunun di\u011fer BM organlar\u0131, \u00f6zel ajanslar\u0131 ve BM sistemindeki kurulu\u015flar i\u00e7in de ge\u00e7erli olmas\u0131 talep edildi.<\/p>\n<p>&#13;<br \/>\n\tKararda Filistin halk\u0131n\u0131n kendi kaderini tayin etme ve devlet kurma hakk\u0131 bulundu\u011funa at\u0131f yap\u0131larak, BM Genel Sekreteri&#8217;ne karar\u0131n uygulanmas\u0131 i\u00e7in gerekli ad\u0131mlar\u0131 atmas\u0131 \u00e7a\u011fr\u0131s\u0131 yer ald\u0131.<\/p>\n<p>&#13;<br \/>\n\tUluslararas\u0131 toplumun gecikmeden 1967&#8217;de ba\u015flayan \u0130srail i\u015fgalini sonland\u0131rmaya ili\u015fkin \u00e7abalar\u0131n\u0131 art\u0131rmas\u0131 \u00e7a\u011fr\u0131s\u0131 yap\u0131lan kararda, bar\u0131\u015f\u00e7\u0131l ve kal\u0131c\u0131 \u00e7\u00f6z\u00fcm i\u00e7in uluslararas\u0131 hukuk ve ilgili BM kararlar\u0131n\u0131n uygulanmas\u0131 gerekti\u011fi belirtildi.<\/p>\n<h2>&#13;<br \/>\n\t&#8220;BM Genel Kurul oylamalar\u0131na kat\u0131lamaz&#8221;<\/h2>\n<p>&#13;<br \/>\n\tKarar ekinde Filistin i\u00e7in talep edilen d\u00fczenlemelerin baz\u0131lar\u0131 \u015fu \u015fekilde s\u0131raland\u0131:<\/p>\n<p>&#13;<br \/>\n\t&#8220;Alfabetik s\u0131raya g\u00f6re \u00fcye \u00fclkeler aras\u0131nda oturma hakk\u0131, Filistin ve Orta Do\u011fu konular\u0131 d\u0131\u015f\u0131nda d\u00fczenlenen oturumlarda konu\u015fmac\u0131 olma hakk\u0131, grup ad\u0131na a\u00e7\u0131klama yapma hakk\u0131, teklif ve de\u011fi\u015fiklik sunma hakk\u0131, teklifleri oylamaya a\u00e7ma hakk\u0131, BM Genel Kurulunun komitelerine Filistin heyetinden \u00fcyelerin se\u00e7ilmesi hakk\u0131, BM konferanslar\u0131 ve uluslararas\u0131 toplant\u0131lara etkin kat\u0131lma hakk\u0131.&#8221;<\/p>\n<p>&#13;<br \/>\n\tKarar ekinde &#8220;Filistin devleti, g\u00f6zlemci \u00fcye olarak Genel Kurul oylamalar\u0131na kat\u0131lamaz ve BM organlar\u0131na aday g\u00f6steremez.&#8221; ifadesi yer ald\u0131.<\/p>\n<h2>&#13;<br \/>\n\tTam \u00fcyelik anlam\u0131na gelmiyor<\/h2>\n<p>&#13;<br \/>\n\tS\u00f6z konusu karar Filistin&#8217;e tam BM \u00fcyeli\u011fi hakk\u0131 tan\u0131mamakla beraber \u00e7ok say\u0131da BM \u00fcyesinin deste\u011fini g\u00f6stermesi a\u00e7\u0131s\u0131ndan \u00f6nem ta\u015f\u0131yor.<\/p>\n<p>&#13;<br \/>\n\t&#8220;Filistin devleti, g\u00f6zlemci \u00fcye olarak Genel Kurul oylamalar\u0131na kat\u0131lamaz ve BM organlar\u0131na kendi \u00fclkesinden aday g\u00f6steremez.&#8221; ifadesinin, karar\u0131n Filistin&#8217;e tam \u00fcyelik verilmedi\u011fini g\u00f6stermek i\u00e7in koyuldu\u011fu d\u00fc\u015f\u00fcn\u00fcl\u00fcyor.<\/p>\n<p>&#13;<br \/>\n\tAyn\u0131 zamanda karar\u0131n, &#8220;istisnai ve emsal&#8221; te\u015fkil etmedi\u011finin vurgulanmas\u0131n\u0131n da daha fazla destek toplamak i\u00e7in karara eklendi\u011fi ifade ediliyor.<\/p>\n<h2>&#13;<br \/>\n\t<strong>Filistin&#8217;in \u00fcyelik ba\u015fvurusu<\/strong><\/h2>\n<p>&#13;<br \/>\n\tFilistin, 2011&#8217;de de BM&#8217;ye tam \u00fcyelik ba\u015fvurusu yapm\u0131\u015f ancak BMGK&#8217;de gereken deste\u011fi alamam\u0131\u015ft\u0131. Filistin 2012 y\u0131l\u0131nda BM&#8217;de &#8220;daimi g\u00f6zlemci stat\u00fcs\u00fc&#8221; alm\u0131\u015ft\u0131.<\/p>\n<p>&#13;<br \/>\n\tFilistin&#8217;in BM Daimi Temsilcisi Riyad Mansur, 2 Nisan&#8217;da yapt\u0131\u011f\u0131 a\u00e7\u0131klamada, BM Genel Sekreteri Antonio Guterres&#8217;e mektup g\u00f6ndererek \u00fcyelik ba\u015fvurular\u0131n\u0131n yeniden ele al\u0131nmas\u0131 talebinde bulunmu\u015ftu. Guterres de 3 Nisan&#8217;da BMGK&#8217;ye mektup yazarak Filistin&#8217;in talebinin g\u00fcndeme al\u0131nmas\u0131 \u00e7a\u011fr\u0131s\u0131 yapm\u0131\u015ft\u0131.<\/p>\n<p>&#13;<br \/>\n\tBMGK ise 8 Nisan&#8217;da Filistin&#8217;in talebini Yeni \u00dcyelerin Kabul\u00fc Komitesi&#8217;ne iletmi\u015fti. BMGK&#8217;ye \u00fcyelikle ilgili d\u00f6n\u00fc\u015f yapmas\u0131 gereken Komite, iki toplant\u0131n\u0131n ard\u0131ndan mutabakata varamad\u0131\u011f\u0131n\u0131 duyurmu\u015ftu.<\/p>\n<p>&#13;<br \/>\n\tBunun ard\u0131ndan Cezayir, 18 Nisan&#8217;da Filistin&#8217;in \u00fcyeli\u011fi i\u00e7in BMGK&#8217;ye karar tasar\u0131s\u0131 sunmu\u015ftu. Karar tasar\u0131s\u0131, ABD taraf\u0131ndan veto edilmi\u015fti.<\/p>\n<p><\/p><\/div>\n<p><script async src=\"\/\/platform.twitter.com\/widgets.js\" charset=\"utf-8\"><\/script><\/p>\n","protected":false},"excerpt":{"rendered":"<p>&#13; Birle\u015fmi\u015f Milletler (BM) Genel Kurulu, Filistin&#8217;e BM \u00fcyeli\u011fi ve ilave haklar talep edilen karar tasar\u0131s\u0131n\u0131 kabul etti. &#13; Oylama, BM Genel Kurulu&#8217;nda d\u00fczenlenen acil oturumda yap\u0131ld\u0131. T\u00fcrkiye&#8217;nin yan\u0131 s\u0131ra 80&#8217;e yak\u0131n \u00fclkenin ortak sunucusu oldu\u011fu karar tasar\u0131s\u0131, 193 \u00fcyeli BM Genel Kurulu&#8217;nda 143 &#8220;evet&#8221; oyuyla kabul edildi. &#13; \u00a0 &#13; &#13; Filistin tasar\u0131s\u0131 BM\u2019de [&hellip;]<\/p>\n","protected":false},"author":1,"featured_media":2019,"comment_status":"open","ping_status":"open","sticky":false,"template":"","format":"standard","meta":{"jnews-multi-image_gallery":[],"jnews_single_post":[],"jnews_primary_category":[],"jnews_social_meta":[],"jnews_override_counter":[],"footnotes":""},"categories":[2],"tags":[],"class_list":["post-2018","post","type-post","status-publish","format-standard","has-post-thumbnail","hentry","category-dunya"],"yoast_head":"<!-- This site is optimized with the Yoast SEO plugin v27.5 - https:\/\/yoast.com\/product\/yoast-seo-wordpress\/ -->\n<title>Filistin tasar\u0131s\u0131 BM&#039;de onayland\u0131 - Kuzeyin Sesi<\/title>\n<meta name=\"robots\" content=\"index, follow, max-snippet:-1, max-image-preview:large, max-video-preview:-1\" \/>\n<link rel=\"canonical\" href=\"https:\/\/kuzeyinsesi.org\/index.php\/2024\/05\/10\/filistin-tasarisi-bmde-onaylandi\/\" \/>\n<meta property=\"og:locale\" content=\"tr_TR\" \/>\n<meta property=\"og:type\" content=\"article\" \/>\n<meta property=\"og:title\" content=\"Filistin tasar\u0131s\u0131 BM&#039;de onayland\u0131 - Kuzeyin Sesi\" \/>\n<meta property=\"og:description\" content=\"&#013; Birle\u015fmi\u015f Milletler (BM) Genel Kurulu, Filistin&#8217;e BM \u00fcyeli\u011fi ve ilave haklar talep edilen karar tasar\u0131s\u0131n\u0131 kabul etti. &#013; Oylama, BM Genel Kurulu&#8217;nda d\u00fczenlenen acil oturumda yap\u0131ld\u0131. T\u00fcrkiye&#8217;nin yan\u0131 s\u0131ra 80&#8217;e yak\u0131n \u00fclkenin ortak sunucusu oldu\u011fu karar tasar\u0131s\u0131, 193 \u00fcyeli BM Genel Kurulu&#8217;nda 143 &#8220;evet&#8221; oyuyla kabul edildi. &#013; \u00a0 &#013; &#013; Filistin tasar\u0131s\u0131 BM\u2019de [&hellip;]\" \/>\n<meta property=\"og:url\" content=\"https:\/\/kuzeyinsesi.org\/index.php\/2024\/05\/10\/filistin-tasarisi-bmde-onaylandi\/\" \/>\n<meta property=\"og:site_name\" content=\"Kuzeyin Sesi\" \/>\n<meta property=\"article:publisher\" content=\"https:\/\/www.facebook.com\/kuzeyinsesii\" \/>\n<meta property=\"article:published_time\" content=\"2024-05-10T16:35:00+00:00\" \/>\n<meta property=\"og:image\" content=\"https:\/\/kuzeyinsesi.org\/wp-content\/uploads\/2024\/05\/1715358902_birlesmis-milletler-1506329.jpg\" \/>\n\t<meta property=\"og:image:width\" content=\"1280\" \/>\n\t<meta property=\"og:image:height\" content=\"720\" \/>\n\t<meta property=\"og:image:type\" content=\"image\/jpeg\" \/>\n<meta name=\"author\" content=\"Kuzeyin Sesi\" \/>\n<meta name=\"twitter:card\" content=\"summary_large_image\" \/>\n<meta name=\"twitter:creator\" content=\"@kuzeyinsesii\" \/>\n<meta name=\"twitter:site\" content=\"@kuzeyinsesii\" \/>\n<meta name=\"twitter:label1\" content=\"Yazan:\" \/>\n\t<meta name=\"twitter:data1\" content=\"Kuzeyin Sesi\" \/>\n\t<meta name=\"twitter:label2\" content=\"Tahmini okuma s\u00fcresi\" \/>\n\t<meta name=\"twitter:data2\" content=\"4 dakika\" \/>\n<script type=\"application\/ld+json\" class=\"yoast-schema-graph\">{\"@context\":\"https:\\\/\\\/schema.org\",\"@graph\":[{\"@type\":\"Article\",\"@id\":\"https:\\\/\\\/kuzeyinsesi.org\\\/index.php\\\/2024\\\/05\\\/10\\\/filistin-tasarisi-bmde-onaylandi\\\/#article\",\"isPartOf\":{\"@id\":\"https:\\\/\\\/kuzeyinsesi.org\\\/index.php\\\/2024\\\/05\\\/10\\\/filistin-tasarisi-bmde-onaylandi\\\/\"},\"author\":{\"name\":\"Kuzeyin Sesi\",\"@id\":\"https:\\\/\\\/kuzeyinsesi.org\\\/#\\\/schema\\\/person\\\/9f859689cdf01485597712386e37f5aa\"},\"headline\":\"Filistin tasar\u0131s\u0131 BM&#039;de onayland\u0131\",\"datePublished\":\"2024-05-10T16:35:00+00:00\",\"mainEntityOfPage\":{\"@id\":\"https:\\\/\\\/kuzeyinsesi.org\\\/index.php\\\/2024\\\/05\\\/10\\\/filistin-tasarisi-bmde-onaylandi\\\/\"},\"wordCount\":748,\"commentCount\":0,\"image\":{\"@id\":\"https:\\\/\\\/kuzeyinsesi.org\\\/index.php\\\/2024\\\/05\\\/10\\\/filistin-tasarisi-bmde-onaylandi\\\/#primaryimage\"},\"thumbnailUrl\":\"https:\\\/\\\/kuzeyinsesi.org\\\/wp-content\\\/uploads\\\/2024\\\/05\\\/1715358902_birlesmis-milletler-1506329.jpg\",\"articleSection\":[\"D\u00fcnya\"],\"inLanguage\":\"tr\",\"potentialAction\":[{\"@type\":\"CommentAction\",\"name\":\"Comment\",\"target\":[\"https:\\\/\\\/kuzeyinsesi.org\\\/index.php\\\/2024\\\/05\\\/10\\\/filistin-tasarisi-bmde-onaylandi\\\/#respond\"]}]},{\"@type\":\"WebPage\",\"@id\":\"https:\\\/\\\/kuzeyinsesi.org\\\/index.php\\\/2024\\\/05\\\/10\\\/filistin-tasarisi-bmde-onaylandi\\\/\",\"url\":\"https:\\\/\\\/kuzeyinsesi.org\\\/index.php\\\/2024\\\/05\\\/10\\\/filistin-tasarisi-bmde-onaylandi\\\/\",\"name\":\"Filistin tasar\u0131s\u0131 BM&#039;de onayland\u0131 - Kuzeyin Sesi\",\"isPartOf\":{\"@id\":\"https:\\\/\\\/kuzeyinsesi.org\\\/#website\"},\"primaryImageOfPage\":{\"@id\":\"https:\\\/\\\/kuzeyinsesi.org\\\/index.php\\\/2024\\\/05\\\/10\\\/filistin-tasarisi-bmde-onaylandi\\\/#primaryimage\"},\"image\":{\"@id\":\"https:\\\/\\\/kuzeyinsesi.org\\\/index.php\\\/2024\\\/05\\\/10\\\/filistin-tasarisi-bmde-onaylandi\\\/#primaryimage\"},\"thumbnailUrl\":\"https:\\\/\\\/kuzeyinsesi.org\\\/wp-content\\\/uploads\\\/2024\\\/05\\\/1715358902_birlesmis-milletler-1506329.jpg\",\"datePublished\":\"2024-05-10T16:35:00+00:00\",\"author\":{\"@id\":\"https:\\\/\\\/kuzeyinsesi.org\\\/#\\\/schema\\\/person\\\/9f859689cdf01485597712386e37f5aa\"},\"breadcrumb\":{\"@id\":\"https:\\\/\\\/kuzeyinsesi.org\\\/index.php\\\/2024\\\/05\\\/10\\\/filistin-tasarisi-bmde-onaylandi\\\/#breadcrumb\"},\"inLanguage\":\"tr\",\"potentialAction\":[{\"@type\":\"ReadAction\",\"target\":[\"https:\\\/\\\/kuzeyinsesi.org\\\/index.php\\\/2024\\\/05\\\/10\\\/filistin-tasarisi-bmde-onaylandi\\\/\"]}]},{\"@type\":\"ImageObject\",\"inLanguage\":\"tr\",\"@id\":\"https:\\\/\\\/kuzeyinsesi.org\\\/index.php\\\/2024\\\/05\\\/10\\\/filistin-tasarisi-bmde-onaylandi\\\/#primaryimage\",\"url\":\"https:\\\/\\\/kuzeyinsesi.org\\\/wp-content\\\/uploads\\\/2024\\\/05\\\/1715358902_birlesmis-milletler-1506329.jpg\",\"contentUrl\":\"https:\\\/\\\/kuzeyinsesi.org\\\/wp-content\\\/uploads\\\/2024\\\/05\\\/1715358902_birlesmis-milletler-1506329.jpg\",\"width\":1280,\"height\":720},{\"@type\":\"BreadcrumbList\",\"@id\":\"https:\\\/\\\/kuzeyinsesi.org\\\/index.php\\\/2024\\\/05\\\/10\\\/filistin-tasarisi-bmde-onaylandi\\\/#breadcrumb\",\"itemListElement\":[{\"@type\":\"ListItem\",\"position\":1,\"name\":\"Anasayfa\",\"item\":\"https:\\\/\\\/kuzeyinsesi.org\\\/\"},{\"@type\":\"ListItem\",\"position\":2,\"name\":\"Filistin tasar\u0131s\u0131 BM&#039;de onayland\u0131\"}]},{\"@type\":\"WebSite\",\"@id\":\"https:\\\/\\\/kuzeyinsesi.org\\\/#website\",\"url\":\"https:\\\/\\\/kuzeyinsesi.org\\\/\",\"name\":\"Kuzeyin Sesi\",\"description\":\"Do\u011fru Haberin Adresi\",\"potentialAction\":[{\"@type\":\"SearchAction\",\"target\":{\"@type\":\"EntryPoint\",\"urlTemplate\":\"https:\\\/\\\/kuzeyinsesi.org\\\/?s={search_term_string}\"},\"query-input\":{\"@type\":\"PropertyValueSpecification\",\"valueRequired\":true,\"valueName\":\"search_term_string\"}}],\"inLanguage\":\"tr\"},{\"@type\":\"Person\",\"@id\":\"https:\\\/\\\/kuzeyinsesi.org\\\/#\\\/schema\\\/person\\\/9f859689cdf01485597712386e37f5aa\",\"name\":\"Kuzeyin Sesi\",\"image\":{\"@type\":\"ImageObject\",\"inLanguage\":\"tr\",\"@id\":\"https:\\\/\\\/secure.gravatar.com\\\/avatar\\\/bab33852abfd8b282518d6ed81826833d77c3c882d9ab608add591ccace47a44?s=96&d=mm&r=g\",\"url\":\"https:\\\/\\\/secure.gravatar.com\\\/avatar\\\/bab33852abfd8b282518d6ed81826833d77c3c882d9ab608add591ccace47a44?s=96&d=mm&r=g\",\"contentUrl\":\"https:\\\/\\\/secure.gravatar.com\\\/avatar\\\/bab33852abfd8b282518d6ed81826833d77c3c882d9ab608add591ccace47a44?s=96&d=mm&r=g\",\"caption\":\"Kuzeyin Sesi\"},\"sameAs\":[\"https:\\\/\\\/kuzeyinsesi.org\"],\"url\":\"https:\\\/\\\/kuzeyinsesi.org\\\/index.php\\\/author\\\/guven\\\/\"}]}<\/script>\n<!-- \/ Yoast SEO plugin. -->","yoast_head_json":{"title":"Filistin tasar\u0131s\u0131 BM&#039;de onayland\u0131 - Kuzeyin Sesi","robots":{"index":"index","follow":"follow","max-snippet":"max-snippet:-1","max-image-preview":"max-image-preview:large","max-video-preview":"max-video-preview:-1"},"canonical":"https:\/\/kuzeyinsesi.org\/index.php\/2024\/05\/10\/filistin-tasarisi-bmde-onaylandi\/","og_locale":"tr_TR","og_type":"article","og_title":"Filistin tasar\u0131s\u0131 BM&#039;de onayland\u0131 - Kuzeyin Sesi","og_description":"&#13; Birle\u015fmi\u015f Milletler (BM) Genel Kurulu, Filistin&#8217;e BM \u00fcyeli\u011fi ve ilave haklar talep edilen karar tasar\u0131s\u0131n\u0131 kabul etti. &#13; Oylama, BM Genel Kurulu&#8217;nda d\u00fczenlenen acil oturumda yap\u0131ld\u0131. T\u00fcrkiye&#8217;nin yan\u0131 s\u0131ra 80&#8217;e yak\u0131n \u00fclkenin ortak sunucusu oldu\u011fu karar tasar\u0131s\u0131, 193 \u00fcyeli BM Genel Kurulu&#8217;nda 143 &#8220;evet&#8221; oyuyla kabul edildi. &#13; \u00a0 &#13; &#13; Filistin tasar\u0131s\u0131 BM\u2019de [&hellip;]","og_url":"https:\/\/kuzeyinsesi.org\/index.php\/2024\/05\/10\/filistin-tasarisi-bmde-onaylandi\/","og_site_name":"Kuzeyin Sesi","article_publisher":"https:\/\/www.facebook.com\/kuzeyinsesii","article_published_time":"2024-05-10T16:35:00+00:00","og_image":[{"width":1280,"height":720,"url":"https:\/\/kuzeyinsesi.org\/wp-content\/uploads\/2024\/05\/1715358902_birlesmis-milletler-1506329.jpg","type":"image\/jpeg"}],"author":"Kuzeyin Sesi","twitter_card":"summary_large_image","twitter_creator":"@kuzeyinsesii","twitter_site":"@kuzeyinsesii","twitter_misc":{"Yazan:":"Kuzeyin Sesi","Tahmini okuma s\u00fcresi":"4 dakika"},"schema":{"@context":"https:\/\/schema.org","@graph":[{"@type":"Article","@id":"https:\/\/kuzeyinsesi.org\/index.php\/2024\/05\/10\/filistin-tasarisi-bmde-onaylandi\/#article","isPartOf":{"@id":"https:\/\/kuzeyinsesi.org\/index.php\/2024\/05\/10\/filistin-tasarisi-bmde-onaylandi\/"},"author":{"name":"Kuzeyin Sesi","@id":"https:\/\/kuzeyinsesi.org\/#\/schema\/person\/9f859689cdf01485597712386e37f5aa"},"headline":"Filistin tasar\u0131s\u0131 BM&#039;de onayland\u0131","datePublished":"2024-05-10T16:35:00+00:00","mainEntityOfPage":{"@id":"https:\/\/kuzeyinsesi.org\/index.php\/2024\/05\/10\/filistin-tasarisi-bmde-onaylandi\/"},"wordCount":748,"commentCount":0,"image":{"@id":"https:\/\/kuzeyinsesi.org\/index.php\/2024\/05\/10\/filistin-tasarisi-bmde-onaylandi\/#primaryimage"},"thumbnailUrl":"https:\/\/kuzeyinsesi.org\/wp-content\/uploads\/2024\/05\/1715358902_birlesmis-milletler-1506329.jpg","articleSection":["D\u00fcnya"],"inLanguage":"tr","potentialAction":[{"@type":"CommentAction","name":"Comment","target":["https:\/\/kuzeyinsesi.org\/index.php\/2024\/05\/10\/filistin-tasarisi-bmde-onaylandi\/#respond"]}]},{"@type":"WebPage","@id":"https:\/\/kuzeyinsesi.org\/index.php\/2024\/05\/10\/filistin-tasarisi-bmde-onaylandi\/","url":"https:\/\/kuzeyinsesi.org\/index.php\/2024\/05\/10\/filistin-tasarisi-bmde-onaylandi\/","name":"Filistin tasar\u0131s\u0131 BM&#039;de onayland\u0131 - Kuzeyin Sesi","isPartOf":{"@id":"https:\/\/kuzeyinsesi.org\/#website"},"primaryImageOfPage":{"@id":"https:\/\/kuzeyinsesi.org\/index.php\/2024\/05\/10\/filistin-tasarisi-bmde-onaylandi\/#primaryimage"},"image":{"@id":"https:\/\/kuzeyinsesi.org\/index.php\/2024\/05\/10\/filistin-tasarisi-bmde-onaylandi\/#primaryimage"},"thumbnailUrl":"https:\/\/kuzeyinsesi.org\/wp-content\/uploads\/2024\/05\/1715358902_birlesmis-milletler-1506329.jpg","datePublished":"2024-05-10T16:35:00+00:00","author":{"@id":"https:\/\/kuzeyinsesi.org\/#\/schema\/person\/9f859689cdf01485597712386e37f5aa"},"breadcrumb":{"@id":"https:\/\/kuzeyinsesi.org\/index.php\/2024\/05\/10\/filistin-tasarisi-bmde-onaylandi\/#breadcrumb"},"inLanguage":"tr","potentialAction":[{"@type":"ReadAction","target":["https:\/\/kuzeyinsesi.org\/index.php\/2024\/05\/10\/filistin-tasarisi-bmde-onaylandi\/"]}]},{"@type":"ImageObject","inLanguage":"tr","@id":"https:\/\/kuzeyinsesi.org\/index.php\/2024\/05\/10\/filistin-tasarisi-bmde-onaylandi\/#primaryimage","url":"https:\/\/kuzeyinsesi.org\/wp-content\/uploads\/2024\/05\/1715358902_birlesmis-milletler-1506329.jpg","contentUrl":"https:\/\/kuzeyinsesi.org\/wp-content\/uploads\/2024\/05\/1715358902_birlesmis-milletler-1506329.jpg","width":1280,"height":720},{"@type":"BreadcrumbList","@id":"https:\/\/kuzeyinsesi.org\/index.php\/2024\/05\/10\/filistin-tasarisi-bmde-onaylandi\/#breadcrumb","itemListElement":[{"@type":"ListItem","position":1,"name":"Anasayfa","item":"https:\/\/kuzeyinsesi.org\/"},{"@type":"ListItem","position":2,"name":"Filistin tasar\u0131s\u0131 BM&#039;de onayland\u0131"}]},{"@type":"WebSite","@id":"https:\/\/kuzeyinsesi.org\/#website","url":"https:\/\/kuzeyinsesi.org\/","name":"Kuzeyin Sesi","description":"Do\u011fru Haberin Adresi","potentialAction":[{"@type":"SearchAction","target":{"@type":"EntryPoint","urlTemplate":"https:\/\/kuzeyinsesi.org\/?s={search_term_string}"},"query-input":{"@type":"PropertyValueSpecification","valueRequired":true,"valueName":"search_term_string"}}],"inLanguage":"tr"},{"@type":"Person","@id":"https:\/\/kuzeyinsesi.org\/#\/schema\/person\/9f859689cdf01485597712386e37f5aa","name":"Kuzeyin Sesi","image":{"@type":"ImageObject","inLanguage":"tr","@id":"https:\/\/secure.gravatar.com\/avatar\/bab33852abfd8b282518d6ed81826833d77c3c882d9ab608add591ccace47a44?s=96&d=mm&r=g","url":"https:\/\/secure.gravatar.com\/avatar\/bab33852abfd8b282518d6ed81826833d77c3c882d9ab608add591ccace47a44?s=96&d=mm&r=g","contentUrl":"https:\/\/secure.gravatar.com\/avatar\/bab33852abfd8b282518d6ed81826833d77c3c882d9ab608add591ccace47a44?s=96&d=mm&r=g","caption":"Kuzeyin Sesi"},"sameAs":["https:\/\/kuzeyinsesi.org"],"url":"https:\/\/kuzeyinsesi.org\/index.php\/author\/guven\/"}]}},"_links":{"self":[{"href":"https:\/\/kuzeyinsesi.org\/index.php\/wp-json\/wp\/v2\/posts\/2018","targetHints":{"allow":["GET"]}}],"collection":[{"href":"https:\/\/kuzeyinsesi.org\/index.php\/wp-json\/wp\/v2\/posts"}],"about":[{"href":"https:\/\/kuzeyinsesi.org\/index.php\/wp-json\/wp\/v2\/types\/post"}],"author":[{"embeddable":true,"href":"https:\/\/kuzeyinsesi.org\/index.php\/wp-json\/wp\/v2\/users\/1"}],"replies":[{"embeddable":true,"href":"https:\/\/kuzeyinsesi.org\/index.php\/wp-json\/wp\/v2\/comments?post=2018"}],"version-history":[{"count":0,"href":"https:\/\/kuzeyinsesi.org\/index.php\/wp-json\/wp\/v2\/posts\/2018\/revisions"}],"wp:featuredmedia":[{"embeddable":true,"href":"https:\/\/kuzeyinsesi.org\/index.php\/wp-json\/wp\/v2\/media\/2019"}],"wp:attachment":[{"href":"https:\/\/kuzeyinsesi.org\/index.php\/wp-json\/wp\/v2\/media?parent=2018"}],"wp:term":[{"taxonomy":"category","embeddable":true,"href":"https:\/\/kuzeyinsesi.org\/index.php\/wp-json\/wp\/v2\/categories?post=2018"},{"taxonomy":"post_tag","embeddable":true,"href":"https:\/\/kuzeyinsesi.org\/index.php\/wp-json\/wp\/v2\/tags?post=2018"}],"curies":[{"name":"wp","href":"https:\/\/api.w.org\/{rel}","templated":true}]}}