{"id":2016,"date":"2024-05-10T18:48:13","date_gmt":"2024-05-10T15:48:13","guid":{"rendered":"https:\/\/kuzeyinsesi.com\/index.php\/2024\/05\/10\/cumhurbaskani-tatar-kibrisli-turk-yuzucu-ozgul-cetini-kabul-etti\/"},"modified":"2024-05-10T18:48:13","modified_gmt":"2024-05-10T15:48:13","slug":"cumhurbaskani-tatar-kibrisli-turk-yuzucu-ozgul-cetini-kabul-etti","status":"publish","type":"post","link":"https:\/\/kuzeyinsesi.org\/index.php\/2024\/05\/10\/cumhurbaskani-tatar-kibrisli-turk-yuzucu-ozgul-cetini-kabul-etti\/","title":{"rendered":"Cumhurba\u015fkan\u0131 Tatar, K\u0131br\u0131sl\u0131 T\u00fcrk y\u00fcz\u00fcc\u00fc \u00d6zg\u00fcl \u00c7etin\u2019i kabul etti"},"content":{"rendered":"<div>\n<div class=\"mariselle-image-container none\">\n                                            <\/div>\n<p>Cumhurba\u015fkan\u0131 Ersin Tatar, T\u00fcrkiye Y\u00fczme milli tak\u0131m\u0131yla Bulgaristan\u2019da d\u00fczenlenen y\u00fczme yar\u0131\u015flar\u0131nda ba\u015far\u0131 elde eden K\u0131br\u0131sl\u0131 T\u00fcrk y\u00fcz\u00fcc\u00fc \u00d6zg\u00fcl \u00c7etin\u2019i kabul etti.<\/p>\n<p>Verilen bilgiye g\u00f6re, Cumhurba\u015fkan\u0131 Tatar, \u00d6zg\u00fcl \u00c7etin\u2019in \u00e7al\u0131\u015farak ve ba\u015far\u0131l\u0131 bir \u015fekilde yar\u0131\u015farak gurur verici bir ba\u015far\u0131 elde etti\u011fini belirterek \u00c7etin\u2019i, e\u011fitmenlerini ve ailesini tebrik etti.<\/p>\n<p>Gen\u00e7lerin ba\u015far\u0131lar\u0131ndan dolay\u0131 b\u00fcy\u00fck gurur duyduklar\u0131n\u0131 ifade eden Cumhurba\u015fkan\u0131 Tatar, \u00c7etin\u2019in ba\u015far\u0131lar\u0131n\u0131n devam\u0131n\u0131 diledi.<\/p>\n<\/p><\/div>\n<p><script async\n                    defer\n                    crossorigin=\"anonymous\"\n                    src=\"https:\/\/connect.facebook.net\/tr_TR\/sdk.js#xfbml=1&#038;version=v3.3\"\n            ><\/script><\/p>\n","protected":false},"excerpt":{"rendered":"<p>Cumhurba\u015fkan\u0131 Ersin Tatar, T\u00fcrkiye Y\u00fczme milli tak\u0131m\u0131yla Bulgaristan\u2019da d\u00fczenlenen y\u00fczme yar\u0131\u015flar\u0131nda ba\u015far\u0131 elde eden K\u0131br\u0131sl\u0131 T\u00fcrk y\u00fcz\u00fcc\u00fc \u00d6zg\u00fcl \u00c7etin\u2019i kabul etti. Verilen bilgiye g\u00f6re, Cumhurba\u015fkan\u0131 Tatar, \u00d6zg\u00fcl \u00c7etin\u2019in \u00e7al\u0131\u015farak ve ba\u015far\u0131l\u0131 bir \u015fekilde yar\u0131\u015farak gurur verici bir ba\u015far\u0131 elde etti\u011fini belirterek \u00c7etin\u2019i, e\u011fitmenlerini ve ailesini tebrik etti. Gen\u00e7lerin ba\u015far\u0131lar\u0131ndan dolay\u0131 b\u00fcy\u00fck gurur duyduklar\u0131n\u0131 ifade eden [&hellip;]<\/p>\n","protected":false},"author":1,"featured_media":2017,"comment_status":"open","ping_status":"open","sticky":false,"template":"","format":"standard","meta":{"jnews-multi-image_gallery":[],"jnews_single_post":[],"jnews_primary_category":[],"jnews_social_meta":[],"jnews_override_counter":[],"footnotes":""},"categories":[1],"tags":[],"class_list":["post-2016","post","type-post","status-publish","format-standard","has-post-thumbnail","hentry","category-kibris"],"yoast_head":"<!-- This site is optimized with the Yoast SEO plugin v27.5 - https:\/\/yoast.com\/product\/yoast-seo-wordpress\/ -->\n<title>Cumhurba\u015fkan\u0131 Tatar, K\u0131br\u0131sl\u0131 T\u00fcrk y\u00fcz\u00fcc\u00fc \u00d6zg\u00fcl \u00c7etin\u2019i kabul etti - Kuzeyin Sesi<\/title>\n<meta name=\"robots\" content=\"index, follow, max-snippet:-1, max-image-preview:large, max-video-preview:-1\" \/>\n<link rel=\"canonical\" href=\"https:\/\/kuzeyinsesi.org\/index.php\/2024\/05\/10\/cumhurbaskani-tatar-kibrisli-turk-yuzucu-ozgul-cetini-kabul-etti\/\" \/>\n<meta property=\"og:locale\" content=\"tr_TR\" \/>\n<meta property=\"og:type\" content=\"article\" \/>\n<meta property=\"og:title\" content=\"Cumhurba\u015fkan\u0131 Tatar, K\u0131br\u0131sl\u0131 T\u00fcrk y\u00fcz\u00fcc\u00fc \u00d6zg\u00fcl \u00c7etin\u2019i kabul etti - Kuzeyin Sesi\" \/>\n<meta property=\"og:description\" content=\"Cumhurba\u015fkan\u0131 Ersin Tatar, T\u00fcrkiye Y\u00fczme milli tak\u0131m\u0131yla Bulgaristan\u2019da d\u00fczenlenen y\u00fczme yar\u0131\u015flar\u0131nda ba\u015far\u0131 elde eden K\u0131br\u0131sl\u0131 T\u00fcrk y\u00fcz\u00fcc\u00fc \u00d6zg\u00fcl \u00c7etin\u2019i kabul etti. Verilen bilgiye g\u00f6re, Cumhurba\u015fkan\u0131 Tatar, \u00d6zg\u00fcl \u00c7etin\u2019in \u00e7al\u0131\u015farak ve ba\u015far\u0131l\u0131 bir \u015fekilde yar\u0131\u015farak gurur verici bir ba\u015far\u0131 elde etti\u011fini belirterek \u00c7etin\u2019i, e\u011fitmenlerini ve ailesini tebrik etti. Gen\u00e7lerin ba\u015far\u0131lar\u0131ndan dolay\u0131 b\u00fcy\u00fck gurur duyduklar\u0131n\u0131 ifade eden [&hellip;]\" \/>\n<meta property=\"og:url\" content=\"https:\/\/kuzeyinsesi.org\/index.php\/2024\/05\/10\/cumhurbaskani-tatar-kibrisli-turk-yuzucu-ozgul-cetini-kabul-etti\/\" \/>\n<meta property=\"og:site_name\" content=\"Kuzeyin Sesi\" \/>\n<meta property=\"article:publisher\" content=\"https:\/\/www.facebook.com\/kuzeyinsesii\" \/>\n<meta property=\"article:published_time\" content=\"2024-05-10T15:48:13+00:00\" \/>\n<meta property=\"og:image\" content=\"https:\/\/kuzeyinsesi.org\/wp-content\/uploads\/2024\/05\/tatar-1-41.jpg\" \/>\n\t<meta property=\"og:image:width\" content=\"1600\" \/>\n\t<meta property=\"og:image:height\" content=\"1066\" \/>\n\t<meta property=\"og:image:type\" content=\"image\/jpeg\" \/>\n<meta name=\"author\" content=\"Kuzeyin Sesi\" \/>\n<meta name=\"twitter:card\" content=\"summary_large_image\" \/>\n<meta name=\"twitter:creator\" content=\"@kuzeyinsesii\" \/>\n<meta name=\"twitter:site\" content=\"@kuzeyinsesii\" \/>\n<meta name=\"twitter:label1\" content=\"Yazan:\" \/>\n\t<meta name=\"twitter:data1\" content=\"Kuzeyin Sesi\" \/>\n\t<meta name=\"twitter:label2\" content=\"Tahmini okuma s\u00fcresi\" \/>\n\t<meta name=\"twitter:data2\" content=\"1 dakika\" \/>\n<script type=\"application\/ld+json\" class=\"yoast-schema-graph\">{\"@context\":\"https:\\\/\\\/schema.org\",\"@graph\":[{\"@type\":\"Article\",\"@id\":\"https:\\\/\\\/kuzeyinsesi.org\\\/index.php\\\/2024\\\/05\\\/10\\\/cumhurbaskani-tatar-kibrisli-turk-yuzucu-ozgul-cetini-kabul-etti\\\/#article\",\"isPartOf\":{\"@id\":\"https:\\\/\\\/kuzeyinsesi.org\\\/index.php\\\/2024\\\/05\\\/10\\\/cumhurbaskani-tatar-kibrisli-turk-yuzucu-ozgul-cetini-kabul-etti\\\/\"},\"author\":{\"name\":\"Kuzeyin Sesi\",\"@id\":\"https:\\\/\\\/kuzeyinsesi.org\\\/#\\\/schema\\\/person\\\/9f859689cdf01485597712386e37f5aa\"},\"headline\":\"Cumhurba\u015fkan\u0131 Tatar, K\u0131br\u0131sl\u0131 T\u00fcrk y\u00fcz\u00fcc\u00fc \u00d6zg\u00fcl \u00c7etin\u2019i kabul etti\",\"datePublished\":\"2024-05-10T15:48:13+00:00\",\"mainEntityOfPage\":{\"@id\":\"https:\\\/\\\/kuzeyinsesi.org\\\/index.php\\\/2024\\\/05\\\/10\\\/cumhurbaskani-tatar-kibrisli-turk-yuzucu-ozgul-cetini-kabul-etti\\\/\"},\"wordCount\":122,\"commentCount\":0,\"image\":{\"@id\":\"https:\\\/\\\/kuzeyinsesi.org\\\/index.php\\\/2024\\\/05\\\/10\\\/cumhurbaskani-tatar-kibrisli-turk-yuzucu-ozgul-cetini-kabul-etti\\\/#primaryimage\"},\"thumbnailUrl\":\"https:\\\/\\\/kuzeyinsesi.org\\\/wp-content\\\/uploads\\\/2024\\\/05\\\/tatar-1-41.jpg\",\"articleSection\":[\"K\u0131br\u0131s\"],\"inLanguage\":\"tr\",\"potentialAction\":[{\"@type\":\"CommentAction\",\"name\":\"Comment\",\"target\":[\"https:\\\/\\\/kuzeyinsesi.org\\\/index.php\\\/2024\\\/05\\\/10\\\/cumhurbaskani-tatar-kibrisli-turk-yuzucu-ozgul-cetini-kabul-etti\\\/#respond\"]}]},{\"@type\":\"WebPage\",\"@id\":\"https:\\\/\\\/kuzeyinsesi.org\\\/index.php\\\/2024\\\/05\\\/10\\\/cumhurbaskani-tatar-kibrisli-turk-yuzucu-ozgul-cetini-kabul-etti\\\/\",\"url\":\"https:\\\/\\\/kuzeyinsesi.org\\\/index.php\\\/2024\\\/05\\\/10\\\/cumhurbaskani-tatar-kibrisli-turk-yuzucu-ozgul-cetini-kabul-etti\\\/\",\"name\":\"Cumhurba\u015fkan\u0131 Tatar, K\u0131br\u0131sl\u0131 T\u00fcrk y\u00fcz\u00fcc\u00fc \u00d6zg\u00fcl \u00c7etin\u2019i kabul etti - Kuzeyin Sesi\",\"isPartOf\":{\"@id\":\"https:\\\/\\\/kuzeyinsesi.org\\\/#website\"},\"primaryImageOfPage\":{\"@id\":\"https:\\\/\\\/kuzeyinsesi.org\\\/index.php\\\/2024\\\/05\\\/10\\\/cumhurbaskani-tatar-kibrisli-turk-yuzucu-ozgul-cetini-kabul-etti\\\/#primaryimage\"},\"image\":{\"@id\":\"https:\\\/\\\/kuzeyinsesi.org\\\/index.php\\\/2024\\\/05\\\/10\\\/cumhurbaskani-tatar-kibrisli-turk-yuzucu-ozgul-cetini-kabul-etti\\\/#primaryimage\"},\"thumbnailUrl\":\"https:\\\/\\\/kuzeyinsesi.org\\\/wp-content\\\/uploads\\\/2024\\\/05\\\/tatar-1-41.jpg\",\"datePublished\":\"2024-05-10T15:48:13+00:00\",\"author\":{\"@id\":\"https:\\\/\\\/kuzeyinsesi.org\\\/#\\\/schema\\\/person\\\/9f859689cdf01485597712386e37f5aa\"},\"breadcrumb\":{\"@id\":\"https:\\\/\\\/kuzeyinsesi.org\\\/index.php\\\/2024\\\/05\\\/10\\\/cumhurbaskani-tatar-kibrisli-turk-yuzucu-ozgul-cetini-kabul-etti\\\/#breadcrumb\"},\"inLanguage\":\"tr\",\"potentialAction\":[{\"@type\":\"ReadAction\",\"target\":[\"https:\\\/\\\/kuzeyinsesi.org\\\/index.php\\\/2024\\\/05\\\/10\\\/cumhurbaskani-tatar-kibrisli-turk-yuzucu-ozgul-cetini-kabul-etti\\\/\"]}]},{\"@type\":\"ImageObject\",\"inLanguage\":\"tr\",\"@id\":\"https:\\\/\\\/kuzeyinsesi.org\\\/index.php\\\/2024\\\/05\\\/10\\\/cumhurbaskani-tatar-kibrisli-turk-yuzucu-ozgul-cetini-kabul-etti\\\/#primaryimage\",\"url\":\"https:\\\/\\\/kuzeyinsesi.org\\\/wp-content\\\/uploads\\\/2024\\\/05\\\/tatar-1-41.jpg\",\"contentUrl\":\"https:\\\/\\\/kuzeyinsesi.org\\\/wp-content\\\/uploads\\\/2024\\\/05\\\/tatar-1-41.jpg\",\"width\":1600,\"height\":1066},{\"@type\":\"BreadcrumbList\",\"@id\":\"https:\\\/\\\/kuzeyinsesi.org\\\/index.php\\\/2024\\\/05\\\/10\\\/cumhurbaskani-tatar-kibrisli-turk-yuzucu-ozgul-cetini-kabul-etti\\\/#breadcrumb\",\"itemListElement\":[{\"@type\":\"ListItem\",\"position\":1,\"name\":\"Anasayfa\",\"item\":\"https:\\\/\\\/kuzeyinsesi.org\\\/\"},{\"@type\":\"ListItem\",\"position\":2,\"name\":\"Cumhurba\u015fkan\u0131 Tatar, K\u0131br\u0131sl\u0131 T\u00fcrk y\u00fcz\u00fcc\u00fc \u00d6zg\u00fcl \u00c7etin\u2019i kabul etti\"}]},{\"@type\":\"WebSite\",\"@id\":\"https:\\\/\\\/kuzeyinsesi.org\\\/#website\",\"url\":\"https:\\\/\\\/kuzeyinsesi.org\\\/\",\"name\":\"Kuzeyin Sesi\",\"description\":\"Do\u011fru Haberin Adresi\",\"potentialAction\":[{\"@type\":\"SearchAction\",\"target\":{\"@type\":\"EntryPoint\",\"urlTemplate\":\"https:\\\/\\\/kuzeyinsesi.org\\\/?s={search_term_string}\"},\"query-input\":{\"@type\":\"PropertyValueSpecification\",\"valueRequired\":true,\"valueName\":\"search_term_string\"}}],\"inLanguage\":\"tr\"},{\"@type\":\"Person\",\"@id\":\"https:\\\/\\\/kuzeyinsesi.org\\\/#\\\/schema\\\/person\\\/9f859689cdf01485597712386e37f5aa\",\"name\":\"Kuzeyin Sesi\",\"image\":{\"@type\":\"ImageObject\",\"inLanguage\":\"tr\",\"@id\":\"https:\\\/\\\/secure.gravatar.com\\\/avatar\\\/bab33852abfd8b282518d6ed81826833d77c3c882d9ab608add591ccace47a44?s=96&d=mm&r=g\",\"url\":\"https:\\\/\\\/secure.gravatar.com\\\/avatar\\\/bab33852abfd8b282518d6ed81826833d77c3c882d9ab608add591ccace47a44?s=96&d=mm&r=g\",\"contentUrl\":\"https:\\\/\\\/secure.gravatar.com\\\/avatar\\\/bab33852abfd8b282518d6ed81826833d77c3c882d9ab608add591ccace47a44?s=96&d=mm&r=g\",\"caption\":\"Kuzeyin Sesi\"},\"sameAs\":[\"https:\\\/\\\/kuzeyinsesi.org\"],\"url\":\"https:\\\/\\\/kuzeyinsesi.org\\\/index.php\\\/author\\\/guven\\\/\"}]}<\/script>\n<!-- \/ Yoast SEO plugin. -->","yoast_head_json":{"title":"Cumhurba\u015fkan\u0131 Tatar, K\u0131br\u0131sl\u0131 T\u00fcrk y\u00fcz\u00fcc\u00fc \u00d6zg\u00fcl \u00c7etin\u2019i kabul etti - Kuzeyin Sesi","robots":{"index":"index","follow":"follow","max-snippet":"max-snippet:-1","max-image-preview":"max-image-preview:large","max-video-preview":"max-video-preview:-1"},"canonical":"https:\/\/kuzeyinsesi.org\/index.php\/2024\/05\/10\/cumhurbaskani-tatar-kibrisli-turk-yuzucu-ozgul-cetini-kabul-etti\/","og_locale":"tr_TR","og_type":"article","og_title":"Cumhurba\u015fkan\u0131 Tatar, K\u0131br\u0131sl\u0131 T\u00fcrk y\u00fcz\u00fcc\u00fc \u00d6zg\u00fcl \u00c7etin\u2019i kabul etti - Kuzeyin Sesi","og_description":"Cumhurba\u015fkan\u0131 Ersin Tatar, T\u00fcrkiye Y\u00fczme milli tak\u0131m\u0131yla Bulgaristan\u2019da d\u00fczenlenen y\u00fczme yar\u0131\u015flar\u0131nda ba\u015far\u0131 elde eden K\u0131br\u0131sl\u0131 T\u00fcrk y\u00fcz\u00fcc\u00fc \u00d6zg\u00fcl \u00c7etin\u2019i kabul etti. Verilen bilgiye g\u00f6re, Cumhurba\u015fkan\u0131 Tatar, \u00d6zg\u00fcl \u00c7etin\u2019in \u00e7al\u0131\u015farak ve ba\u015far\u0131l\u0131 bir \u015fekilde yar\u0131\u015farak gurur verici bir ba\u015far\u0131 elde etti\u011fini belirterek \u00c7etin\u2019i, e\u011fitmenlerini ve ailesini tebrik etti. Gen\u00e7lerin ba\u015far\u0131lar\u0131ndan dolay\u0131 b\u00fcy\u00fck gurur duyduklar\u0131n\u0131 ifade eden [&hellip;]","og_url":"https:\/\/kuzeyinsesi.org\/index.php\/2024\/05\/10\/cumhurbaskani-tatar-kibrisli-turk-yuzucu-ozgul-cetini-kabul-etti\/","og_site_name":"Kuzeyin Sesi","article_publisher":"https:\/\/www.facebook.com\/kuzeyinsesii","article_published_time":"2024-05-10T15:48:13+00:00","og_image":[{"width":1600,"height":1066,"url":"https:\/\/kuzeyinsesi.org\/wp-content\/uploads\/2024\/05\/tatar-1-41.jpg","type":"image\/jpeg"}],"author":"Kuzeyin Sesi","twitter_card":"summary_large_image","twitter_creator":"@kuzeyinsesii","twitter_site":"@kuzeyinsesii","twitter_misc":{"Yazan:":"Kuzeyin Sesi","Tahmini okuma s\u00fcresi":"1 dakika"},"schema":{"@context":"https:\/\/schema.org","@graph":[{"@type":"Article","@id":"https:\/\/kuzeyinsesi.org\/index.php\/2024\/05\/10\/cumhurbaskani-tatar-kibrisli-turk-yuzucu-ozgul-cetini-kabul-etti\/#article","isPartOf":{"@id":"https:\/\/kuzeyinsesi.org\/index.php\/2024\/05\/10\/cumhurbaskani-tatar-kibrisli-turk-yuzucu-ozgul-cetini-kabul-etti\/"},"author":{"name":"Kuzeyin Sesi","@id":"https:\/\/kuzeyinsesi.org\/#\/schema\/person\/9f859689cdf01485597712386e37f5aa"},"headline":"Cumhurba\u015fkan\u0131 Tatar, K\u0131br\u0131sl\u0131 T\u00fcrk y\u00fcz\u00fcc\u00fc \u00d6zg\u00fcl \u00c7etin\u2019i kabul etti","datePublished":"2024-05-10T15:48:13+00:00","mainEntityOfPage":{"@id":"https:\/\/kuzeyinsesi.org\/index.php\/2024\/05\/10\/cumhurbaskani-tatar-kibrisli-turk-yuzucu-ozgul-cetini-kabul-etti\/"},"wordCount":122,"commentCount":0,"image":{"@id":"https:\/\/kuzeyinsesi.org\/index.php\/2024\/05\/10\/cumhurbaskani-tatar-kibrisli-turk-yuzucu-ozgul-cetini-kabul-etti\/#primaryimage"},"thumbnailUrl":"https:\/\/kuzeyinsesi.org\/wp-content\/uploads\/2024\/05\/tatar-1-41.jpg","articleSection":["K\u0131br\u0131s"],"inLanguage":"tr","potentialAction":[{"@type":"CommentAction","name":"Comment","target":["https:\/\/kuzeyinsesi.org\/index.php\/2024\/05\/10\/cumhurbaskani-tatar-kibrisli-turk-yuzucu-ozgul-cetini-kabul-etti\/#respond"]}]},{"@type":"WebPage","@id":"https:\/\/kuzeyinsesi.org\/index.php\/2024\/05\/10\/cumhurbaskani-tatar-kibrisli-turk-yuzucu-ozgul-cetini-kabul-etti\/","url":"https:\/\/kuzeyinsesi.org\/index.php\/2024\/05\/10\/cumhurbaskani-tatar-kibrisli-turk-yuzucu-ozgul-cetini-kabul-etti\/","name":"Cumhurba\u015fkan\u0131 Tatar, K\u0131br\u0131sl\u0131 T\u00fcrk y\u00fcz\u00fcc\u00fc \u00d6zg\u00fcl \u00c7etin\u2019i kabul etti - Kuzeyin Sesi","isPartOf":{"@id":"https:\/\/kuzeyinsesi.org\/#website"},"primaryImageOfPage":{"@id":"https:\/\/kuzeyinsesi.org\/index.php\/2024\/05\/10\/cumhurbaskani-tatar-kibrisli-turk-yuzucu-ozgul-cetini-kabul-etti\/#primaryimage"},"image":{"@id":"https:\/\/kuzeyinsesi.org\/index.php\/2024\/05\/10\/cumhurbaskani-tatar-kibrisli-turk-yuzucu-ozgul-cetini-kabul-etti\/#primaryimage"},"thumbnailUrl":"https:\/\/kuzeyinsesi.org\/wp-content\/uploads\/2024\/05\/tatar-1-41.jpg","datePublished":"2024-05-10T15:48:13+00:00","author":{"@id":"https:\/\/kuzeyinsesi.org\/#\/schema\/person\/9f859689cdf01485597712386e37f5aa"},"breadcrumb":{"@id":"https:\/\/kuzeyinsesi.org\/index.php\/2024\/05\/10\/cumhurbaskani-tatar-kibrisli-turk-yuzucu-ozgul-cetini-kabul-etti\/#breadcrumb"},"inLanguage":"tr","potentialAction":[{"@type":"ReadAction","target":["https:\/\/kuzeyinsesi.org\/index.php\/2024\/05\/10\/cumhurbaskani-tatar-kibrisli-turk-yuzucu-ozgul-cetini-kabul-etti\/"]}]},{"@type":"ImageObject","inLanguage":"tr","@id":"https:\/\/kuzeyinsesi.org\/index.php\/2024\/05\/10\/cumhurbaskani-tatar-kibrisli-turk-yuzucu-ozgul-cetini-kabul-etti\/#primaryimage","url":"https:\/\/kuzeyinsesi.org\/wp-content\/uploads\/2024\/05\/tatar-1-41.jpg","contentUrl":"https:\/\/kuzeyinsesi.org\/wp-content\/uploads\/2024\/05\/tatar-1-41.jpg","width":1600,"height":1066},{"@type":"BreadcrumbList","@id":"https:\/\/kuzeyinsesi.org\/index.php\/2024\/05\/10\/cumhurbaskani-tatar-kibrisli-turk-yuzucu-ozgul-cetini-kabul-etti\/#breadcrumb","itemListElement":[{"@type":"ListItem","position":1,"name":"Anasayfa","item":"https:\/\/kuzeyinsesi.org\/"},{"@type":"ListItem","position":2,"name":"Cumhurba\u015fkan\u0131 Tatar, K\u0131br\u0131sl\u0131 T\u00fcrk y\u00fcz\u00fcc\u00fc \u00d6zg\u00fcl \u00c7etin\u2019i kabul etti"}]},{"@type":"WebSite","@id":"https:\/\/kuzeyinsesi.org\/#website","url":"https:\/\/kuzeyinsesi.org\/","name":"Kuzeyin Sesi","description":"Do\u011fru Haberin Adresi","potentialAction":[{"@type":"SearchAction","target":{"@type":"EntryPoint","urlTemplate":"https:\/\/kuzeyinsesi.org\/?s={search_term_string}"},"query-input":{"@type":"PropertyValueSpecification","valueRequired":true,"valueName":"search_term_string"}}],"inLanguage":"tr"},{"@type":"Person","@id":"https:\/\/kuzeyinsesi.org\/#\/schema\/person\/9f859689cdf01485597712386e37f5aa","name":"Kuzeyin Sesi","image":{"@type":"ImageObject","inLanguage":"tr","@id":"https:\/\/secure.gravatar.com\/avatar\/bab33852abfd8b282518d6ed81826833d77c3c882d9ab608add591ccace47a44?s=96&d=mm&r=g","url":"https:\/\/secure.gravatar.com\/avatar\/bab33852abfd8b282518d6ed81826833d77c3c882d9ab608add591ccace47a44?s=96&d=mm&r=g","contentUrl":"https:\/\/secure.gravatar.com\/avatar\/bab33852abfd8b282518d6ed81826833d77c3c882d9ab608add591ccace47a44?s=96&d=mm&r=g","caption":"Kuzeyin Sesi"},"sameAs":["https:\/\/kuzeyinsesi.org"],"url":"https:\/\/kuzeyinsesi.org\/index.php\/author\/guven\/"}]}},"_links":{"self":[{"href":"https:\/\/kuzeyinsesi.org\/index.php\/wp-json\/wp\/v2\/posts\/2016","targetHints":{"allow":["GET"]}}],"collection":[{"href":"https:\/\/kuzeyinsesi.org\/index.php\/wp-json\/wp\/v2\/posts"}],"about":[{"href":"https:\/\/kuzeyinsesi.org\/index.php\/wp-json\/wp\/v2\/types\/post"}],"author":[{"embeddable":true,"href":"https:\/\/kuzeyinsesi.org\/index.php\/wp-json\/wp\/v2\/users\/1"}],"replies":[{"embeddable":true,"href":"https:\/\/kuzeyinsesi.org\/index.php\/wp-json\/wp\/v2\/comments?post=2016"}],"version-history":[{"count":0,"href":"https:\/\/kuzeyinsesi.org\/index.php\/wp-json\/wp\/v2\/posts\/2016\/revisions"}],"wp:featuredmedia":[{"embeddable":true,"href":"https:\/\/kuzeyinsesi.org\/index.php\/wp-json\/wp\/v2\/media\/2017"}],"wp:attachment":[{"href":"https:\/\/kuzeyinsesi.org\/index.php\/wp-json\/wp\/v2\/media?parent=2016"}],"wp:term":[{"taxonomy":"category","embeddable":true,"href":"https:\/\/kuzeyinsesi.org\/index.php\/wp-json\/wp\/v2\/categories?post=2016"},{"taxonomy":"post_tag","embeddable":true,"href":"https:\/\/kuzeyinsesi.org\/index.php\/wp-json\/wp\/v2\/tags?post=2016"}],"curies":[{"name":"wp","href":"https:\/\/api.w.org\/{rel}","templated":true}]}}