{"id":20078,"date":"2025-03-02T20:40:50","date_gmt":"2025-03-02T18:40:50","guid":{"rendered":"https:\/\/kuzeyinsesi.org\/index.php\/2025\/03\/02\/cinnet-mevsimi-adli-belgeselin-gosterimi-4-mart-sali-aksami-yapilacak\/"},"modified":"2025-03-02T20:40:50","modified_gmt":"2025-03-02T18:40:50","slug":"cinnet-mevsimi-adli-belgeselin-gosterimi-4-mart-sali-aksami-yapilacak","status":"publish","type":"post","link":"https:\/\/kuzeyinsesi.org\/index.php\/2025\/03\/02\/cinnet-mevsimi-adli-belgeselin-gosterimi-4-mart-sali-aksami-yapilacak\/","title":{"rendered":"\u201cCinnet Mevsimi\u201d adl\u0131 belgeselin g\u00f6sterimi 4 Mart Sal\u0131 ak\u015fam\u0131 yap\u0131lacak"},"content":{"rendered":"<div>\n<div class=\"mariselle-image-container center\">\n                                            <\/div>\n<p>\nTurizm ve Folklor Ara\u015ft\u0131rmalar\u0131 Derne\u011fi (TUFAD), madde ba\u011f\u0131ml\u0131l\u0131\u011f\u0131na dikkat \u00e7ekmek ve m\u00fccadele i\u00e7in \u201cCinnet Mevsimi\u201d adl\u0131 belgesele ev sahipli\u011fi yapacak. <\/p>\n<p>Turizm ve Folklor Ara\u015ft\u0131rmalar\u0131 Derne\u011fi organizasyonu ile 2015 y\u0131l\u0131nda uyu\u015fturucu tacirlerinin kurban\u0131 olan ve gen\u00e7 ya\u015fta hayat\u0131n\u0131 kaybeden Arda Erkan an\u0131s\u0131na \u00e7ekilen belgeselin g\u00f6sterimi, 4 Mart Sal\u0131 saat 19.30\u2019da TUFAD lokalinde yap\u0131lacak.  <\/p>\n<p>Arda Erkan\u2019\u0131n anne ve babas\u0131 taraf\u0131ndan, TUFAD\u2019\u0131n katk\u0131lar\u0131yla haz\u0131rlanan \u201cCinnet Mevsimi\u201d adl\u0131 belgesel, madde kullan\u0131m\u0131n\u0131n ki\u015fide yaratt\u0131\u011f\u0131 fizyolojik, psikolojik ve sosyal alanlardaki etkilerine dikkat \u00e7ekmesi y\u00f6n\u00fcnde fark\u0131ndal\u0131k yaratmay\u0131 ama\u00e7l\u0131yor. <\/p>\n<p>Belgesel g\u00f6sterimi i\u00e7in Arda Erkan\u2019\u0131n do\u011fum g\u00fcn\u00fc haftas\u0131na denk gelen zaman planland\u0131.<\/p>\n<\/p><\/div>\n<p><script async\n                    defer\n                    crossorigin=\"anonymous\"\n                    src=\"https:\/\/connect.facebook.net\/tr_TR\/sdk.js#xfbml=1&#038;version=v3.3\"\n            ><\/script><\/p>\n","protected":false},"excerpt":{"rendered":"<p>Turizm ve Folklor Ara\u015ft\u0131rmalar\u0131 Derne\u011fi (TUFAD), madde ba\u011f\u0131ml\u0131l\u0131\u011f\u0131na dikkat \u00e7ekmek ve m\u00fccadele i\u00e7in \u201cCinnet Mevsimi\u201d adl\u0131 belgesele ev sahipli\u011fi yapacak. Turizm ve Folklor Ara\u015ft\u0131rmalar\u0131 Derne\u011fi organizasyonu ile 2015 y\u0131l\u0131nda uyu\u015fturucu tacirlerinin kurban\u0131 olan ve gen\u00e7 ya\u015fta hayat\u0131n\u0131 kaybeden Arda Erkan an\u0131s\u0131na \u00e7ekilen belgeselin g\u00f6sterimi, 4 Mart Sal\u0131 saat 19.30\u2019da TUFAD lokalinde yap\u0131lacak. Arda Erkan\u2019\u0131n anne [&hellip;]<\/p>\n","protected":false},"author":1,"featured_media":20079,"comment_status":"open","ping_status":"open","sticky":false,"template":"","format":"standard","meta":{"jnews-multi-image_gallery":[],"jnews_single_post":[],"jnews_primary_category":[],"jnews_social_meta":[],"jnews_override_counter":[],"footnotes":""},"categories":[6],"tags":[],"class_list":["post-20078","post","type-post","status-publish","format-standard","has-post-thumbnail","hentry","category-yasam"],"yoast_head":"<!-- This site is optimized with the Yoast SEO plugin v27.4 - https:\/\/yoast.com\/product\/yoast-seo-wordpress\/ -->\n<title>\u201cCinnet Mevsimi\u201d adl\u0131 belgeselin g\u00f6sterimi 4 Mart Sal\u0131 ak\u015fam\u0131 yap\u0131lacak - Kuzeyin Sesi<\/title>\n<meta name=\"robots\" content=\"index, follow, max-snippet:-1, max-image-preview:large, max-video-preview:-1\" \/>\n<link rel=\"canonical\" href=\"https:\/\/kuzeyinsesi.org\/index.php\/2025\/03\/02\/cinnet-mevsimi-adli-belgeselin-gosterimi-4-mart-sali-aksami-yapilacak\/\" \/>\n<meta property=\"og:locale\" content=\"tr_TR\" \/>\n<meta property=\"og:type\" content=\"article\" \/>\n<meta property=\"og:title\" content=\"\u201cCinnet Mevsimi\u201d adl\u0131 belgeselin g\u00f6sterimi 4 Mart Sal\u0131 ak\u015fam\u0131 yap\u0131lacak - Kuzeyin Sesi\" \/>\n<meta property=\"og:description\" content=\"Turizm ve Folklor Ara\u015ft\u0131rmalar\u0131 Derne\u011fi (TUFAD), madde ba\u011f\u0131ml\u0131l\u0131\u011f\u0131na dikkat \u00e7ekmek ve m\u00fccadele i\u00e7in \u201cCinnet Mevsimi\u201d adl\u0131 belgesele ev sahipli\u011fi yapacak. Turizm ve Folklor Ara\u015ft\u0131rmalar\u0131 Derne\u011fi organizasyonu ile 2015 y\u0131l\u0131nda uyu\u015fturucu tacirlerinin kurban\u0131 olan ve gen\u00e7 ya\u015fta hayat\u0131n\u0131 kaybeden Arda Erkan an\u0131s\u0131na \u00e7ekilen belgeselin g\u00f6sterimi, 4 Mart Sal\u0131 saat 19.30\u2019da TUFAD lokalinde yap\u0131lacak. Arda Erkan\u2019\u0131n anne [&hellip;]\" \/>\n<meta property=\"og:url\" content=\"https:\/\/kuzeyinsesi.org\/index.php\/2025\/03\/02\/cinnet-mevsimi-adli-belgeselin-gosterimi-4-mart-sali-aksami-yapilacak\/\" \/>\n<meta property=\"og:site_name\" content=\"Kuzeyin Sesi\" \/>\n<meta property=\"article:publisher\" content=\"https:\/\/www.facebook.com\/kuzeyinsesii\" \/>\n<meta property=\"article:published_time\" content=\"2025-03-02T18:40:50+00:00\" \/>\n<meta property=\"og:image\" content=\"https:\/\/brtk.net\/wp-content\/uploads\/2025\/03\/02\/1740913089071Cinnet-mevsimi.jpg?ver=8f11d1a42e171e7a40a31a3b8ed9d3ea\" \/>\n<meta name=\"author\" content=\"Kuzeyin Sesi\" \/>\n<meta name=\"twitter:card\" content=\"summary_large_image\" \/>\n<meta name=\"twitter:creator\" content=\"@kuzeyinsesii\" \/>\n<meta name=\"twitter:site\" content=\"@kuzeyinsesii\" \/>\n<meta name=\"twitter:label1\" content=\"Yazan:\" \/>\n\t<meta name=\"twitter:data1\" content=\"Kuzeyin Sesi\" \/>\n\t<meta name=\"twitter:label2\" content=\"Tahmini okuma s\u00fcresi\" \/>\n\t<meta name=\"twitter:data2\" content=\"1 dakika\" \/>\n<script type=\"application\/ld+json\" class=\"yoast-schema-graph\">{\"@context\":\"https:\\\/\\\/schema.org\",\"@graph\":[{\"@type\":\"Article\",\"@id\":\"https:\\\/\\\/kuzeyinsesi.org\\\/index.php\\\/2025\\\/03\\\/02\\\/cinnet-mevsimi-adli-belgeselin-gosterimi-4-mart-sali-aksami-yapilacak\\\/#article\",\"isPartOf\":{\"@id\":\"https:\\\/\\\/kuzeyinsesi.org\\\/index.php\\\/2025\\\/03\\\/02\\\/cinnet-mevsimi-adli-belgeselin-gosterimi-4-mart-sali-aksami-yapilacak\\\/\"},\"author\":{\"name\":\"Kuzeyin Sesi\",\"@id\":\"https:\\\/\\\/kuzeyinsesi.org\\\/#\\\/schema\\\/person\\\/9f859689cdf01485597712386e37f5aa\"},\"headline\":\"\u201cCinnet Mevsimi\u201d adl\u0131 belgeselin g\u00f6sterimi 4 Mart Sal\u0131 ak\u015fam\u0131 yap\u0131lacak\",\"datePublished\":\"2025-03-02T18:40:50+00:00\",\"mainEntityOfPage\":{\"@id\":\"https:\\\/\\\/kuzeyinsesi.org\\\/index.php\\\/2025\\\/03\\\/02\\\/cinnet-mevsimi-adli-belgeselin-gosterimi-4-mart-sali-aksami-yapilacak\\\/\"},\"wordCount\":146,\"commentCount\":0,\"image\":{\"@id\":\"https:\\\/\\\/kuzeyinsesi.org\\\/index.php\\\/2025\\\/03\\\/02\\\/cinnet-mevsimi-adli-belgeselin-gosterimi-4-mart-sali-aksami-yapilacak\\\/#primaryimage\"},\"thumbnailUrl\":\"https:\\\/\\\/kuzeyinsesi.org\\\/wp-content\\\/uploads\\\/2025\\\/03\\\/1740913089071Cinnet-mevsimi.jpg\",\"articleSection\":[\"Ya\u015fam\"],\"inLanguage\":\"tr\",\"potentialAction\":[{\"@type\":\"CommentAction\",\"name\":\"Comment\",\"target\":[\"https:\\\/\\\/kuzeyinsesi.org\\\/index.php\\\/2025\\\/03\\\/02\\\/cinnet-mevsimi-adli-belgeselin-gosterimi-4-mart-sali-aksami-yapilacak\\\/#respond\"]}]},{\"@type\":\"WebPage\",\"@id\":\"https:\\\/\\\/kuzeyinsesi.org\\\/index.php\\\/2025\\\/03\\\/02\\\/cinnet-mevsimi-adli-belgeselin-gosterimi-4-mart-sali-aksami-yapilacak\\\/\",\"url\":\"https:\\\/\\\/kuzeyinsesi.org\\\/index.php\\\/2025\\\/03\\\/02\\\/cinnet-mevsimi-adli-belgeselin-gosterimi-4-mart-sali-aksami-yapilacak\\\/\",\"name\":\"\u201cCinnet Mevsimi\u201d adl\u0131 belgeselin g\u00f6sterimi 4 Mart Sal\u0131 ak\u015fam\u0131 yap\u0131lacak - Kuzeyin Sesi\",\"isPartOf\":{\"@id\":\"https:\\\/\\\/kuzeyinsesi.org\\\/#website\"},\"primaryImageOfPage\":{\"@id\":\"https:\\\/\\\/kuzeyinsesi.org\\\/index.php\\\/2025\\\/03\\\/02\\\/cinnet-mevsimi-adli-belgeselin-gosterimi-4-mart-sali-aksami-yapilacak\\\/#primaryimage\"},\"image\":{\"@id\":\"https:\\\/\\\/kuzeyinsesi.org\\\/index.php\\\/2025\\\/03\\\/02\\\/cinnet-mevsimi-adli-belgeselin-gosterimi-4-mart-sali-aksami-yapilacak\\\/#primaryimage\"},\"thumbnailUrl\":\"https:\\\/\\\/kuzeyinsesi.org\\\/wp-content\\\/uploads\\\/2025\\\/03\\\/1740913089071Cinnet-mevsimi.jpg\",\"datePublished\":\"2025-03-02T18:40:50+00:00\",\"author\":{\"@id\":\"https:\\\/\\\/kuzeyinsesi.org\\\/#\\\/schema\\\/person\\\/9f859689cdf01485597712386e37f5aa\"},\"breadcrumb\":{\"@id\":\"https:\\\/\\\/kuzeyinsesi.org\\\/index.php\\\/2025\\\/03\\\/02\\\/cinnet-mevsimi-adli-belgeselin-gosterimi-4-mart-sali-aksami-yapilacak\\\/#breadcrumb\"},\"inLanguage\":\"tr\",\"potentialAction\":[{\"@type\":\"ReadAction\",\"target\":[\"https:\\\/\\\/kuzeyinsesi.org\\\/index.php\\\/2025\\\/03\\\/02\\\/cinnet-mevsimi-adli-belgeselin-gosterimi-4-mart-sali-aksami-yapilacak\\\/\"]}]},{\"@type\":\"ImageObject\",\"inLanguage\":\"tr\",\"@id\":\"https:\\\/\\\/kuzeyinsesi.org\\\/index.php\\\/2025\\\/03\\\/02\\\/cinnet-mevsimi-adli-belgeselin-gosterimi-4-mart-sali-aksami-yapilacak\\\/#primaryimage\",\"url\":\"https:\\\/\\\/kuzeyinsesi.org\\\/wp-content\\\/uploads\\\/2025\\\/03\\\/1740913089071Cinnet-mevsimi.jpg\",\"contentUrl\":\"https:\\\/\\\/kuzeyinsesi.org\\\/wp-content\\\/uploads\\\/2025\\\/03\\\/1740913089071Cinnet-mevsimi.jpg\",\"width\":730,\"height\":913},{\"@type\":\"BreadcrumbList\",\"@id\":\"https:\\\/\\\/kuzeyinsesi.org\\\/index.php\\\/2025\\\/03\\\/02\\\/cinnet-mevsimi-adli-belgeselin-gosterimi-4-mart-sali-aksami-yapilacak\\\/#breadcrumb\",\"itemListElement\":[{\"@type\":\"ListItem\",\"position\":1,\"name\":\"Anasayfa\",\"item\":\"https:\\\/\\\/kuzeyinsesi.org\\\/\"},{\"@type\":\"ListItem\",\"position\":2,\"name\":\"\u201cCinnet Mevsimi\u201d adl\u0131 belgeselin g\u00f6sterimi 4 Mart Sal\u0131 ak\u015fam\u0131 yap\u0131lacak\"}]},{\"@type\":\"WebSite\",\"@id\":\"https:\\\/\\\/kuzeyinsesi.org\\\/#website\",\"url\":\"https:\\\/\\\/kuzeyinsesi.org\\\/\",\"name\":\"Kuzeyin Sesi\",\"description\":\"Do\u011fru Haberin Adresi\",\"potentialAction\":[{\"@type\":\"SearchAction\",\"target\":{\"@type\":\"EntryPoint\",\"urlTemplate\":\"https:\\\/\\\/kuzeyinsesi.org\\\/?s={search_term_string}\"},\"query-input\":{\"@type\":\"PropertyValueSpecification\",\"valueRequired\":true,\"valueName\":\"search_term_string\"}}],\"inLanguage\":\"tr\"},{\"@type\":\"Person\",\"@id\":\"https:\\\/\\\/kuzeyinsesi.org\\\/#\\\/schema\\\/person\\\/9f859689cdf01485597712386e37f5aa\",\"name\":\"Kuzeyin Sesi\",\"image\":{\"@type\":\"ImageObject\",\"inLanguage\":\"tr\",\"@id\":\"https:\\\/\\\/secure.gravatar.com\\\/avatar\\\/bab33852abfd8b282518d6ed81826833d77c3c882d9ab608add591ccace47a44?s=96&d=mm&r=g\",\"url\":\"https:\\\/\\\/secure.gravatar.com\\\/avatar\\\/bab33852abfd8b282518d6ed81826833d77c3c882d9ab608add591ccace47a44?s=96&d=mm&r=g\",\"contentUrl\":\"https:\\\/\\\/secure.gravatar.com\\\/avatar\\\/bab33852abfd8b282518d6ed81826833d77c3c882d9ab608add591ccace47a44?s=96&d=mm&r=g\",\"caption\":\"Kuzeyin Sesi\"},\"sameAs\":[\"https:\\\/\\\/kuzeyinsesi.org\"],\"url\":\"https:\\\/\\\/kuzeyinsesi.org\\\/index.php\\\/author\\\/guven\\\/\"}]}<\/script>\n<!-- \/ Yoast SEO plugin. -->","yoast_head_json":{"title":"\u201cCinnet Mevsimi\u201d adl\u0131 belgeselin g\u00f6sterimi 4 Mart Sal\u0131 ak\u015fam\u0131 yap\u0131lacak - Kuzeyin Sesi","robots":{"index":"index","follow":"follow","max-snippet":"max-snippet:-1","max-image-preview":"max-image-preview:large","max-video-preview":"max-video-preview:-1"},"canonical":"https:\/\/kuzeyinsesi.org\/index.php\/2025\/03\/02\/cinnet-mevsimi-adli-belgeselin-gosterimi-4-mart-sali-aksami-yapilacak\/","og_locale":"tr_TR","og_type":"article","og_title":"\u201cCinnet Mevsimi\u201d adl\u0131 belgeselin g\u00f6sterimi 4 Mart Sal\u0131 ak\u015fam\u0131 yap\u0131lacak - Kuzeyin Sesi","og_description":"Turizm ve Folklor Ara\u015ft\u0131rmalar\u0131 Derne\u011fi (TUFAD), madde ba\u011f\u0131ml\u0131l\u0131\u011f\u0131na dikkat \u00e7ekmek ve m\u00fccadele i\u00e7in \u201cCinnet Mevsimi\u201d adl\u0131 belgesele ev sahipli\u011fi yapacak. Turizm ve Folklor Ara\u015ft\u0131rmalar\u0131 Derne\u011fi organizasyonu ile 2015 y\u0131l\u0131nda uyu\u015fturucu tacirlerinin kurban\u0131 olan ve gen\u00e7 ya\u015fta hayat\u0131n\u0131 kaybeden Arda Erkan an\u0131s\u0131na \u00e7ekilen belgeselin g\u00f6sterimi, 4 Mart Sal\u0131 saat 19.30\u2019da TUFAD lokalinde yap\u0131lacak. Arda Erkan\u2019\u0131n anne [&hellip;]","og_url":"https:\/\/kuzeyinsesi.org\/index.php\/2025\/03\/02\/cinnet-mevsimi-adli-belgeselin-gosterimi-4-mart-sali-aksami-yapilacak\/","og_site_name":"Kuzeyin Sesi","article_publisher":"https:\/\/www.facebook.com\/kuzeyinsesii","article_published_time":"2025-03-02T18:40:50+00:00","og_image":[{"url":"https:\/\/brtk.net\/wp-content\/uploads\/2025\/03\/02\/1740913089071Cinnet-mevsimi.jpg?ver=8f11d1a42e171e7a40a31a3b8ed9d3ea","type":"","width":"","height":""}],"author":"Kuzeyin Sesi","twitter_card":"summary_large_image","twitter_creator":"@kuzeyinsesii","twitter_site":"@kuzeyinsesii","twitter_misc":{"Yazan:":"Kuzeyin Sesi","Tahmini okuma s\u00fcresi":"1 dakika"},"schema":{"@context":"https:\/\/schema.org","@graph":[{"@type":"Article","@id":"https:\/\/kuzeyinsesi.org\/index.php\/2025\/03\/02\/cinnet-mevsimi-adli-belgeselin-gosterimi-4-mart-sali-aksami-yapilacak\/#article","isPartOf":{"@id":"https:\/\/kuzeyinsesi.org\/index.php\/2025\/03\/02\/cinnet-mevsimi-adli-belgeselin-gosterimi-4-mart-sali-aksami-yapilacak\/"},"author":{"name":"Kuzeyin Sesi","@id":"https:\/\/kuzeyinsesi.org\/#\/schema\/person\/9f859689cdf01485597712386e37f5aa"},"headline":"\u201cCinnet Mevsimi\u201d adl\u0131 belgeselin g\u00f6sterimi 4 Mart Sal\u0131 ak\u015fam\u0131 yap\u0131lacak","datePublished":"2025-03-02T18:40:50+00:00","mainEntityOfPage":{"@id":"https:\/\/kuzeyinsesi.org\/index.php\/2025\/03\/02\/cinnet-mevsimi-adli-belgeselin-gosterimi-4-mart-sali-aksami-yapilacak\/"},"wordCount":146,"commentCount":0,"image":{"@id":"https:\/\/kuzeyinsesi.org\/index.php\/2025\/03\/02\/cinnet-mevsimi-adli-belgeselin-gosterimi-4-mart-sali-aksami-yapilacak\/#primaryimage"},"thumbnailUrl":"https:\/\/kuzeyinsesi.org\/wp-content\/uploads\/2025\/03\/1740913089071Cinnet-mevsimi.jpg","articleSection":["Ya\u015fam"],"inLanguage":"tr","potentialAction":[{"@type":"CommentAction","name":"Comment","target":["https:\/\/kuzeyinsesi.org\/index.php\/2025\/03\/02\/cinnet-mevsimi-adli-belgeselin-gosterimi-4-mart-sali-aksami-yapilacak\/#respond"]}]},{"@type":"WebPage","@id":"https:\/\/kuzeyinsesi.org\/index.php\/2025\/03\/02\/cinnet-mevsimi-adli-belgeselin-gosterimi-4-mart-sali-aksami-yapilacak\/","url":"https:\/\/kuzeyinsesi.org\/index.php\/2025\/03\/02\/cinnet-mevsimi-adli-belgeselin-gosterimi-4-mart-sali-aksami-yapilacak\/","name":"\u201cCinnet Mevsimi\u201d adl\u0131 belgeselin g\u00f6sterimi 4 Mart Sal\u0131 ak\u015fam\u0131 yap\u0131lacak - Kuzeyin Sesi","isPartOf":{"@id":"https:\/\/kuzeyinsesi.org\/#website"},"primaryImageOfPage":{"@id":"https:\/\/kuzeyinsesi.org\/index.php\/2025\/03\/02\/cinnet-mevsimi-adli-belgeselin-gosterimi-4-mart-sali-aksami-yapilacak\/#primaryimage"},"image":{"@id":"https:\/\/kuzeyinsesi.org\/index.php\/2025\/03\/02\/cinnet-mevsimi-adli-belgeselin-gosterimi-4-mart-sali-aksami-yapilacak\/#primaryimage"},"thumbnailUrl":"https:\/\/kuzeyinsesi.org\/wp-content\/uploads\/2025\/03\/1740913089071Cinnet-mevsimi.jpg","datePublished":"2025-03-02T18:40:50+00:00","author":{"@id":"https:\/\/kuzeyinsesi.org\/#\/schema\/person\/9f859689cdf01485597712386e37f5aa"},"breadcrumb":{"@id":"https:\/\/kuzeyinsesi.org\/index.php\/2025\/03\/02\/cinnet-mevsimi-adli-belgeselin-gosterimi-4-mart-sali-aksami-yapilacak\/#breadcrumb"},"inLanguage":"tr","potentialAction":[{"@type":"ReadAction","target":["https:\/\/kuzeyinsesi.org\/index.php\/2025\/03\/02\/cinnet-mevsimi-adli-belgeselin-gosterimi-4-mart-sali-aksami-yapilacak\/"]}]},{"@type":"ImageObject","inLanguage":"tr","@id":"https:\/\/kuzeyinsesi.org\/index.php\/2025\/03\/02\/cinnet-mevsimi-adli-belgeselin-gosterimi-4-mart-sali-aksami-yapilacak\/#primaryimage","url":"https:\/\/kuzeyinsesi.org\/wp-content\/uploads\/2025\/03\/1740913089071Cinnet-mevsimi.jpg","contentUrl":"https:\/\/kuzeyinsesi.org\/wp-content\/uploads\/2025\/03\/1740913089071Cinnet-mevsimi.jpg","width":730,"height":913},{"@type":"BreadcrumbList","@id":"https:\/\/kuzeyinsesi.org\/index.php\/2025\/03\/02\/cinnet-mevsimi-adli-belgeselin-gosterimi-4-mart-sali-aksami-yapilacak\/#breadcrumb","itemListElement":[{"@type":"ListItem","position":1,"name":"Anasayfa","item":"https:\/\/kuzeyinsesi.org\/"},{"@type":"ListItem","position":2,"name":"\u201cCinnet Mevsimi\u201d adl\u0131 belgeselin g\u00f6sterimi 4 Mart Sal\u0131 ak\u015fam\u0131 yap\u0131lacak"}]},{"@type":"WebSite","@id":"https:\/\/kuzeyinsesi.org\/#website","url":"https:\/\/kuzeyinsesi.org\/","name":"Kuzeyin Sesi","description":"Do\u011fru Haberin Adresi","potentialAction":[{"@type":"SearchAction","target":{"@type":"EntryPoint","urlTemplate":"https:\/\/kuzeyinsesi.org\/?s={search_term_string}"},"query-input":{"@type":"PropertyValueSpecification","valueRequired":true,"valueName":"search_term_string"}}],"inLanguage":"tr"},{"@type":"Person","@id":"https:\/\/kuzeyinsesi.org\/#\/schema\/person\/9f859689cdf01485597712386e37f5aa","name":"Kuzeyin Sesi","image":{"@type":"ImageObject","inLanguage":"tr","@id":"https:\/\/secure.gravatar.com\/avatar\/bab33852abfd8b282518d6ed81826833d77c3c882d9ab608add591ccace47a44?s=96&d=mm&r=g","url":"https:\/\/secure.gravatar.com\/avatar\/bab33852abfd8b282518d6ed81826833d77c3c882d9ab608add591ccace47a44?s=96&d=mm&r=g","contentUrl":"https:\/\/secure.gravatar.com\/avatar\/bab33852abfd8b282518d6ed81826833d77c3c882d9ab608add591ccace47a44?s=96&d=mm&r=g","caption":"Kuzeyin Sesi"},"sameAs":["https:\/\/kuzeyinsesi.org"],"url":"https:\/\/kuzeyinsesi.org\/index.php\/author\/guven\/"}]}},"_links":{"self":[{"href":"https:\/\/kuzeyinsesi.org\/index.php\/wp-json\/wp\/v2\/posts\/20078","targetHints":{"allow":["GET"]}}],"collection":[{"href":"https:\/\/kuzeyinsesi.org\/index.php\/wp-json\/wp\/v2\/posts"}],"about":[{"href":"https:\/\/kuzeyinsesi.org\/index.php\/wp-json\/wp\/v2\/types\/post"}],"author":[{"embeddable":true,"href":"https:\/\/kuzeyinsesi.org\/index.php\/wp-json\/wp\/v2\/users\/1"}],"replies":[{"embeddable":true,"href":"https:\/\/kuzeyinsesi.org\/index.php\/wp-json\/wp\/v2\/comments?post=20078"}],"version-history":[{"count":0,"href":"https:\/\/kuzeyinsesi.org\/index.php\/wp-json\/wp\/v2\/posts\/20078\/revisions"}],"wp:featuredmedia":[{"embeddable":true,"href":"https:\/\/kuzeyinsesi.org\/index.php\/wp-json\/wp\/v2\/media\/20079"}],"wp:attachment":[{"href":"https:\/\/kuzeyinsesi.org\/index.php\/wp-json\/wp\/v2\/media?parent=20078"}],"wp:term":[{"taxonomy":"category","embeddable":true,"href":"https:\/\/kuzeyinsesi.org\/index.php\/wp-json\/wp\/v2\/categories?post=20078"},{"taxonomy":"post_tag","embeddable":true,"href":"https:\/\/kuzeyinsesi.org\/index.php\/wp-json\/wp\/v2\/tags?post=20078"}],"curies":[{"name":"wp","href":"https:\/\/api.w.org\/{rel}","templated":true}]}}