{"id":20071,"date":"2025-03-02T19:38:54","date_gmt":"2025-03-02T17:38:54","guid":{"rendered":"https:\/\/kuzeyinsesi.org\/index.php\/2025\/03\/02\/londra-dr-fazil-kucuk-turk-okulu-kultur-gecesi-duzenledi\/"},"modified":"2025-03-02T19:38:54","modified_gmt":"2025-03-02T17:38:54","slug":"londra-dr-fazil-kucuk-turk-okulu-kultur-gecesi-duzenledi","status":"publish","type":"post","link":"https:\/\/kuzeyinsesi.org\/index.php\/2025\/03\/02\/londra-dr-fazil-kucuk-turk-okulu-kultur-gecesi-duzenledi\/","title":{"rendered":"Londra Dr Faz\u0131l K\u00fc\u00e7\u00fck T\u00fcrk Okulu k\u00fclt\u00fcr gecesi d\u00fczenledi"},"content":{"rendered":"<div>\n<div class=\"mariselle-image-container center\">\n                                            <\/div>\n<p>\nG\u00fcney Londra\u2019da hizmet veren Dr. Faz\u0131l K\u00fc\u00e7\u00fck T\u00fcrk Okulu\u2019nun, geleneksel k\u00fclt\u00fcr gecesi d\u00fcn ak\u015fam ger\u00e7ekle\u015ftirildi.  <\/p>\n<p>Dr. Faz\u0131l K\u00fc\u00e7\u00fck T\u00fcrk Okulu\u2019dan verilen bilgiye g\u00f6re, k\u00fclt\u00fcr gecesinde T\u00fcrkiye ve Kuzey K\u0131br\u0131s\u2019a \u00f6zg\u00fc y\u00f6resel el i\u015fleri, sanat \u00fcr\u00fcnleri, sanat eserleri ve kost\u00fcmler sergilendi.<\/p>\n<p>Gecede, K\u0131br\u0131s T\u00fcrk k\u00fclt\u00fcr\u00fcne ait pek \u00e7ok yemek ve tatl\u0131 yap\u0131larak, ziyaret\u00e7ilere sunuldu. Gecede ayr\u0131ca, okulun minikler halk danslar\u0131 ekibi folklor g\u00f6sterisi sundu, mani at\u0131\u015fmalar\u0131 yap\u0131ld\u0131.<\/p>\n<p>Etkinli\u011fe, Bromley Belediye Ba\u015fkan yard\u0131mc\u0131s\u0131 Jonathan Andrews, Kuzey K\u0131br\u0131s T\u00fcrk Cumhuriyeti Londra Muavin Konsolosu Mustafa Er\u00e7ak\u0131ca da kat\u0131ld\u0131. Etkinlikten elde edilen gelir okul giderlerini kar\u015f\u0131lamak \u00fczere kullan\u0131lacak.<\/p>\n<\/p><\/div>\n<p><script async\n                    defer\n                    crossorigin=\"anonymous\"\n                    src=\"https:\/\/connect.facebook.net\/tr_TR\/sdk.js#xfbml=1&#038;version=v3.3\"\n            ><\/script><\/p>\n","protected":false},"excerpt":{"rendered":"<p>G\u00fcney Londra\u2019da hizmet veren Dr. Faz\u0131l K\u00fc\u00e7\u00fck T\u00fcrk Okulu\u2019nun, geleneksel k\u00fclt\u00fcr gecesi d\u00fcn ak\u015fam ger\u00e7ekle\u015ftirildi. Dr. Faz\u0131l K\u00fc\u00e7\u00fck T\u00fcrk Okulu\u2019dan verilen bilgiye g\u00f6re, k\u00fclt\u00fcr gecesinde T\u00fcrkiye ve Kuzey K\u0131br\u0131s\u2019a \u00f6zg\u00fc y\u00f6resel el i\u015fleri, sanat \u00fcr\u00fcnleri, sanat eserleri ve kost\u00fcmler sergilendi. Gecede, K\u0131br\u0131s T\u00fcrk k\u00fclt\u00fcr\u00fcne ait pek \u00e7ok yemek ve tatl\u0131 yap\u0131larak, ziyaret\u00e7ilere sunuldu. Gecede ayr\u0131ca, [&hellip;]<\/p>\n","protected":false},"author":1,"featured_media":20072,"comment_status":"open","ping_status":"open","sticky":false,"template":"","format":"standard","meta":{"jnews-multi-image_gallery":[],"jnews_single_post":[],"jnews_primary_category":[],"jnews_social_meta":[],"jnews_override_counter":[],"footnotes":""},"categories":[6],"tags":[],"class_list":["post-20071","post","type-post","status-publish","format-standard","has-post-thumbnail","hentry","category-yasam"],"yoast_head":"<!-- This site is optimized with the Yoast SEO plugin v27.4 - https:\/\/yoast.com\/product\/yoast-seo-wordpress\/ -->\n<title>Londra Dr Faz\u0131l K\u00fc\u00e7\u00fck T\u00fcrk Okulu k\u00fclt\u00fcr gecesi d\u00fczenledi - Kuzeyin Sesi<\/title>\n<meta name=\"robots\" content=\"index, follow, max-snippet:-1, max-image-preview:large, max-video-preview:-1\" \/>\n<link rel=\"canonical\" href=\"https:\/\/kuzeyinsesi.org\/index.php\/2025\/03\/02\/londra-dr-fazil-kucuk-turk-okulu-kultur-gecesi-duzenledi\/\" \/>\n<meta property=\"og:locale\" content=\"tr_TR\" \/>\n<meta property=\"og:type\" content=\"article\" \/>\n<meta property=\"og:title\" content=\"Londra Dr Faz\u0131l K\u00fc\u00e7\u00fck T\u00fcrk Okulu k\u00fclt\u00fcr gecesi d\u00fczenledi - Kuzeyin Sesi\" \/>\n<meta property=\"og:description\" content=\"G\u00fcney Londra\u2019da hizmet veren Dr. Faz\u0131l K\u00fc\u00e7\u00fck T\u00fcrk Okulu\u2019nun, geleneksel k\u00fclt\u00fcr gecesi d\u00fcn ak\u015fam ger\u00e7ekle\u015ftirildi. Dr. Faz\u0131l K\u00fc\u00e7\u00fck T\u00fcrk Okulu\u2019dan verilen bilgiye g\u00f6re, k\u00fclt\u00fcr gecesinde T\u00fcrkiye ve Kuzey K\u0131br\u0131s\u2019a \u00f6zg\u00fc y\u00f6resel el i\u015fleri, sanat \u00fcr\u00fcnleri, sanat eserleri ve kost\u00fcmler sergilendi. Gecede, K\u0131br\u0131s T\u00fcrk k\u00fclt\u00fcr\u00fcne ait pek \u00e7ok yemek ve tatl\u0131 yap\u0131larak, ziyaret\u00e7ilere sunuldu. Gecede ayr\u0131ca, [&hellip;]\" \/>\n<meta property=\"og:url\" content=\"https:\/\/kuzeyinsesi.org\/index.php\/2025\/03\/02\/londra-dr-fazil-kucuk-turk-okulu-kultur-gecesi-duzenledi\/\" \/>\n<meta property=\"og:site_name\" content=\"Kuzeyin Sesi\" \/>\n<meta property=\"article:publisher\" content=\"https:\/\/www.facebook.com\/kuzeyinsesii\" \/>\n<meta property=\"article:published_time\" content=\"2025-03-02T17:38:54+00:00\" \/>\n<meta property=\"og:image\" content=\"https:\/\/brtk.net\/wp-content\/uploads\/2025\/03\/02\/1740920956877Londra-Turk-Kultur-gecesi-1.jpeg?ver=2e6e29180d7dfc6eba3b4482bf71ff07\" \/>\n<meta name=\"author\" content=\"Kuzeyin Sesi\" \/>\n<meta name=\"twitter:card\" content=\"summary_large_image\" \/>\n<meta name=\"twitter:creator\" content=\"@kuzeyinsesii\" \/>\n<meta name=\"twitter:site\" content=\"@kuzeyinsesii\" \/>\n<meta name=\"twitter:label1\" content=\"Yazan:\" \/>\n\t<meta name=\"twitter:data1\" content=\"Kuzeyin Sesi\" \/>\n\t<meta name=\"twitter:label2\" content=\"Tahmini okuma s\u00fcresi\" \/>\n\t<meta name=\"twitter:data2\" content=\"1 dakika\" \/>\n<script type=\"application\/ld+json\" class=\"yoast-schema-graph\">{\"@context\":\"https:\\\/\\\/schema.org\",\"@graph\":[{\"@type\":\"Article\",\"@id\":\"https:\\\/\\\/kuzeyinsesi.org\\\/index.php\\\/2025\\\/03\\\/02\\\/londra-dr-fazil-kucuk-turk-okulu-kultur-gecesi-duzenledi\\\/#article\",\"isPartOf\":{\"@id\":\"https:\\\/\\\/kuzeyinsesi.org\\\/index.php\\\/2025\\\/03\\\/02\\\/londra-dr-fazil-kucuk-turk-okulu-kultur-gecesi-duzenledi\\\/\"},\"author\":{\"name\":\"Kuzeyin Sesi\",\"@id\":\"https:\\\/\\\/kuzeyinsesi.org\\\/#\\\/schema\\\/person\\\/9f859689cdf01485597712386e37f5aa\"},\"headline\":\"Londra Dr Faz\u0131l K\u00fc\u00e7\u00fck T\u00fcrk Okulu k\u00fclt\u00fcr gecesi d\u00fczenledi\",\"datePublished\":\"2025-03-02T17:38:54+00:00\",\"mainEntityOfPage\":{\"@id\":\"https:\\\/\\\/kuzeyinsesi.org\\\/index.php\\\/2025\\\/03\\\/02\\\/londra-dr-fazil-kucuk-turk-okulu-kultur-gecesi-duzenledi\\\/\"},\"wordCount\":159,\"commentCount\":0,\"image\":{\"@id\":\"https:\\\/\\\/kuzeyinsesi.org\\\/index.php\\\/2025\\\/03\\\/02\\\/londra-dr-fazil-kucuk-turk-okulu-kultur-gecesi-duzenledi\\\/#primaryimage\"},\"thumbnailUrl\":\"https:\\\/\\\/kuzeyinsesi.org\\\/wp-content\\\/uploads\\\/2025\\\/03\\\/1740920956877Londra-Turk-Kultur-gecesi-1.jpeg\",\"articleSection\":[\"Ya\u015fam\"],\"inLanguage\":\"tr\",\"potentialAction\":[{\"@type\":\"CommentAction\",\"name\":\"Comment\",\"target\":[\"https:\\\/\\\/kuzeyinsesi.org\\\/index.php\\\/2025\\\/03\\\/02\\\/londra-dr-fazil-kucuk-turk-okulu-kultur-gecesi-duzenledi\\\/#respond\"]}]},{\"@type\":\"WebPage\",\"@id\":\"https:\\\/\\\/kuzeyinsesi.org\\\/index.php\\\/2025\\\/03\\\/02\\\/londra-dr-fazil-kucuk-turk-okulu-kultur-gecesi-duzenledi\\\/\",\"url\":\"https:\\\/\\\/kuzeyinsesi.org\\\/index.php\\\/2025\\\/03\\\/02\\\/londra-dr-fazil-kucuk-turk-okulu-kultur-gecesi-duzenledi\\\/\",\"name\":\"Londra Dr Faz\u0131l K\u00fc\u00e7\u00fck T\u00fcrk Okulu k\u00fclt\u00fcr gecesi d\u00fczenledi - Kuzeyin Sesi\",\"isPartOf\":{\"@id\":\"https:\\\/\\\/kuzeyinsesi.org\\\/#website\"},\"primaryImageOfPage\":{\"@id\":\"https:\\\/\\\/kuzeyinsesi.org\\\/index.php\\\/2025\\\/03\\\/02\\\/londra-dr-fazil-kucuk-turk-okulu-kultur-gecesi-duzenledi\\\/#primaryimage\"},\"image\":{\"@id\":\"https:\\\/\\\/kuzeyinsesi.org\\\/index.php\\\/2025\\\/03\\\/02\\\/londra-dr-fazil-kucuk-turk-okulu-kultur-gecesi-duzenledi\\\/#primaryimage\"},\"thumbnailUrl\":\"https:\\\/\\\/kuzeyinsesi.org\\\/wp-content\\\/uploads\\\/2025\\\/03\\\/1740920956877Londra-Turk-Kultur-gecesi-1.jpeg\",\"datePublished\":\"2025-03-02T17:38:54+00:00\",\"author\":{\"@id\":\"https:\\\/\\\/kuzeyinsesi.org\\\/#\\\/schema\\\/person\\\/9f859689cdf01485597712386e37f5aa\"},\"breadcrumb\":{\"@id\":\"https:\\\/\\\/kuzeyinsesi.org\\\/index.php\\\/2025\\\/03\\\/02\\\/londra-dr-fazil-kucuk-turk-okulu-kultur-gecesi-duzenledi\\\/#breadcrumb\"},\"inLanguage\":\"tr\",\"potentialAction\":[{\"@type\":\"ReadAction\",\"target\":[\"https:\\\/\\\/kuzeyinsesi.org\\\/index.php\\\/2025\\\/03\\\/02\\\/londra-dr-fazil-kucuk-turk-okulu-kultur-gecesi-duzenledi\\\/\"]}]},{\"@type\":\"ImageObject\",\"inLanguage\":\"tr\",\"@id\":\"https:\\\/\\\/kuzeyinsesi.org\\\/index.php\\\/2025\\\/03\\\/02\\\/londra-dr-fazil-kucuk-turk-okulu-kultur-gecesi-duzenledi\\\/#primaryimage\",\"url\":\"https:\\\/\\\/kuzeyinsesi.org\\\/wp-content\\\/uploads\\\/2025\\\/03\\\/1740920956877Londra-Turk-Kultur-gecesi-1.jpeg\",\"contentUrl\":\"https:\\\/\\\/kuzeyinsesi.org\\\/wp-content\\\/uploads\\\/2025\\\/03\\\/1740920956877Londra-Turk-Kultur-gecesi-1.jpeg\",\"width\":1600,\"height\":1200},{\"@type\":\"BreadcrumbList\",\"@id\":\"https:\\\/\\\/kuzeyinsesi.org\\\/index.php\\\/2025\\\/03\\\/02\\\/londra-dr-fazil-kucuk-turk-okulu-kultur-gecesi-duzenledi\\\/#breadcrumb\",\"itemListElement\":[{\"@type\":\"ListItem\",\"position\":1,\"name\":\"Anasayfa\",\"item\":\"https:\\\/\\\/kuzeyinsesi.org\\\/\"},{\"@type\":\"ListItem\",\"position\":2,\"name\":\"Londra Dr Faz\u0131l K\u00fc\u00e7\u00fck T\u00fcrk Okulu k\u00fclt\u00fcr gecesi d\u00fczenledi\"}]},{\"@type\":\"WebSite\",\"@id\":\"https:\\\/\\\/kuzeyinsesi.org\\\/#website\",\"url\":\"https:\\\/\\\/kuzeyinsesi.org\\\/\",\"name\":\"Kuzeyin Sesi\",\"description\":\"Do\u011fru Haberin Adresi\",\"potentialAction\":[{\"@type\":\"SearchAction\",\"target\":{\"@type\":\"EntryPoint\",\"urlTemplate\":\"https:\\\/\\\/kuzeyinsesi.org\\\/?s={search_term_string}\"},\"query-input\":{\"@type\":\"PropertyValueSpecification\",\"valueRequired\":true,\"valueName\":\"search_term_string\"}}],\"inLanguage\":\"tr\"},{\"@type\":\"Person\",\"@id\":\"https:\\\/\\\/kuzeyinsesi.org\\\/#\\\/schema\\\/person\\\/9f859689cdf01485597712386e37f5aa\",\"name\":\"Kuzeyin Sesi\",\"image\":{\"@type\":\"ImageObject\",\"inLanguage\":\"tr\",\"@id\":\"https:\\\/\\\/secure.gravatar.com\\\/avatar\\\/bab33852abfd8b282518d6ed81826833d77c3c882d9ab608add591ccace47a44?s=96&d=mm&r=g\",\"url\":\"https:\\\/\\\/secure.gravatar.com\\\/avatar\\\/bab33852abfd8b282518d6ed81826833d77c3c882d9ab608add591ccace47a44?s=96&d=mm&r=g\",\"contentUrl\":\"https:\\\/\\\/secure.gravatar.com\\\/avatar\\\/bab33852abfd8b282518d6ed81826833d77c3c882d9ab608add591ccace47a44?s=96&d=mm&r=g\",\"caption\":\"Kuzeyin Sesi\"},\"sameAs\":[\"https:\\\/\\\/kuzeyinsesi.org\"],\"url\":\"https:\\\/\\\/kuzeyinsesi.org\\\/index.php\\\/author\\\/guven\\\/\"}]}<\/script>\n<!-- \/ Yoast SEO plugin. -->","yoast_head_json":{"title":"Londra Dr Faz\u0131l K\u00fc\u00e7\u00fck T\u00fcrk Okulu k\u00fclt\u00fcr gecesi d\u00fczenledi - Kuzeyin Sesi","robots":{"index":"index","follow":"follow","max-snippet":"max-snippet:-1","max-image-preview":"max-image-preview:large","max-video-preview":"max-video-preview:-1"},"canonical":"https:\/\/kuzeyinsesi.org\/index.php\/2025\/03\/02\/londra-dr-fazil-kucuk-turk-okulu-kultur-gecesi-duzenledi\/","og_locale":"tr_TR","og_type":"article","og_title":"Londra Dr Faz\u0131l K\u00fc\u00e7\u00fck T\u00fcrk Okulu k\u00fclt\u00fcr gecesi d\u00fczenledi - Kuzeyin Sesi","og_description":"G\u00fcney Londra\u2019da hizmet veren Dr. Faz\u0131l K\u00fc\u00e7\u00fck T\u00fcrk Okulu\u2019nun, geleneksel k\u00fclt\u00fcr gecesi d\u00fcn ak\u015fam ger\u00e7ekle\u015ftirildi. Dr. Faz\u0131l K\u00fc\u00e7\u00fck T\u00fcrk Okulu\u2019dan verilen bilgiye g\u00f6re, k\u00fclt\u00fcr gecesinde T\u00fcrkiye ve Kuzey K\u0131br\u0131s\u2019a \u00f6zg\u00fc y\u00f6resel el i\u015fleri, sanat \u00fcr\u00fcnleri, sanat eserleri ve kost\u00fcmler sergilendi. Gecede, K\u0131br\u0131s T\u00fcrk k\u00fclt\u00fcr\u00fcne ait pek \u00e7ok yemek ve tatl\u0131 yap\u0131larak, ziyaret\u00e7ilere sunuldu. Gecede ayr\u0131ca, [&hellip;]","og_url":"https:\/\/kuzeyinsesi.org\/index.php\/2025\/03\/02\/londra-dr-fazil-kucuk-turk-okulu-kultur-gecesi-duzenledi\/","og_site_name":"Kuzeyin Sesi","article_publisher":"https:\/\/www.facebook.com\/kuzeyinsesii","article_published_time":"2025-03-02T17:38:54+00:00","og_image":[{"url":"https:\/\/brtk.net\/wp-content\/uploads\/2025\/03\/02\/1740920956877Londra-Turk-Kultur-gecesi-1.jpeg?ver=2e6e29180d7dfc6eba3b4482bf71ff07","type":"","width":"","height":""}],"author":"Kuzeyin Sesi","twitter_card":"summary_large_image","twitter_creator":"@kuzeyinsesii","twitter_site":"@kuzeyinsesii","twitter_misc":{"Yazan:":"Kuzeyin Sesi","Tahmini okuma s\u00fcresi":"1 dakika"},"schema":{"@context":"https:\/\/schema.org","@graph":[{"@type":"Article","@id":"https:\/\/kuzeyinsesi.org\/index.php\/2025\/03\/02\/londra-dr-fazil-kucuk-turk-okulu-kultur-gecesi-duzenledi\/#article","isPartOf":{"@id":"https:\/\/kuzeyinsesi.org\/index.php\/2025\/03\/02\/londra-dr-fazil-kucuk-turk-okulu-kultur-gecesi-duzenledi\/"},"author":{"name":"Kuzeyin Sesi","@id":"https:\/\/kuzeyinsesi.org\/#\/schema\/person\/9f859689cdf01485597712386e37f5aa"},"headline":"Londra Dr Faz\u0131l K\u00fc\u00e7\u00fck T\u00fcrk Okulu k\u00fclt\u00fcr gecesi d\u00fczenledi","datePublished":"2025-03-02T17:38:54+00:00","mainEntityOfPage":{"@id":"https:\/\/kuzeyinsesi.org\/index.php\/2025\/03\/02\/londra-dr-fazil-kucuk-turk-okulu-kultur-gecesi-duzenledi\/"},"wordCount":159,"commentCount":0,"image":{"@id":"https:\/\/kuzeyinsesi.org\/index.php\/2025\/03\/02\/londra-dr-fazil-kucuk-turk-okulu-kultur-gecesi-duzenledi\/#primaryimage"},"thumbnailUrl":"https:\/\/kuzeyinsesi.org\/wp-content\/uploads\/2025\/03\/1740920956877Londra-Turk-Kultur-gecesi-1.jpeg","articleSection":["Ya\u015fam"],"inLanguage":"tr","potentialAction":[{"@type":"CommentAction","name":"Comment","target":["https:\/\/kuzeyinsesi.org\/index.php\/2025\/03\/02\/londra-dr-fazil-kucuk-turk-okulu-kultur-gecesi-duzenledi\/#respond"]}]},{"@type":"WebPage","@id":"https:\/\/kuzeyinsesi.org\/index.php\/2025\/03\/02\/londra-dr-fazil-kucuk-turk-okulu-kultur-gecesi-duzenledi\/","url":"https:\/\/kuzeyinsesi.org\/index.php\/2025\/03\/02\/londra-dr-fazil-kucuk-turk-okulu-kultur-gecesi-duzenledi\/","name":"Londra Dr Faz\u0131l K\u00fc\u00e7\u00fck T\u00fcrk Okulu k\u00fclt\u00fcr gecesi d\u00fczenledi - Kuzeyin Sesi","isPartOf":{"@id":"https:\/\/kuzeyinsesi.org\/#website"},"primaryImageOfPage":{"@id":"https:\/\/kuzeyinsesi.org\/index.php\/2025\/03\/02\/londra-dr-fazil-kucuk-turk-okulu-kultur-gecesi-duzenledi\/#primaryimage"},"image":{"@id":"https:\/\/kuzeyinsesi.org\/index.php\/2025\/03\/02\/londra-dr-fazil-kucuk-turk-okulu-kultur-gecesi-duzenledi\/#primaryimage"},"thumbnailUrl":"https:\/\/kuzeyinsesi.org\/wp-content\/uploads\/2025\/03\/1740920956877Londra-Turk-Kultur-gecesi-1.jpeg","datePublished":"2025-03-02T17:38:54+00:00","author":{"@id":"https:\/\/kuzeyinsesi.org\/#\/schema\/person\/9f859689cdf01485597712386e37f5aa"},"breadcrumb":{"@id":"https:\/\/kuzeyinsesi.org\/index.php\/2025\/03\/02\/londra-dr-fazil-kucuk-turk-okulu-kultur-gecesi-duzenledi\/#breadcrumb"},"inLanguage":"tr","potentialAction":[{"@type":"ReadAction","target":["https:\/\/kuzeyinsesi.org\/index.php\/2025\/03\/02\/londra-dr-fazil-kucuk-turk-okulu-kultur-gecesi-duzenledi\/"]}]},{"@type":"ImageObject","inLanguage":"tr","@id":"https:\/\/kuzeyinsesi.org\/index.php\/2025\/03\/02\/londra-dr-fazil-kucuk-turk-okulu-kultur-gecesi-duzenledi\/#primaryimage","url":"https:\/\/kuzeyinsesi.org\/wp-content\/uploads\/2025\/03\/1740920956877Londra-Turk-Kultur-gecesi-1.jpeg","contentUrl":"https:\/\/kuzeyinsesi.org\/wp-content\/uploads\/2025\/03\/1740920956877Londra-Turk-Kultur-gecesi-1.jpeg","width":1600,"height":1200},{"@type":"BreadcrumbList","@id":"https:\/\/kuzeyinsesi.org\/index.php\/2025\/03\/02\/londra-dr-fazil-kucuk-turk-okulu-kultur-gecesi-duzenledi\/#breadcrumb","itemListElement":[{"@type":"ListItem","position":1,"name":"Anasayfa","item":"https:\/\/kuzeyinsesi.org\/"},{"@type":"ListItem","position":2,"name":"Londra Dr Faz\u0131l K\u00fc\u00e7\u00fck T\u00fcrk Okulu k\u00fclt\u00fcr gecesi d\u00fczenledi"}]},{"@type":"WebSite","@id":"https:\/\/kuzeyinsesi.org\/#website","url":"https:\/\/kuzeyinsesi.org\/","name":"Kuzeyin Sesi","description":"Do\u011fru Haberin Adresi","potentialAction":[{"@type":"SearchAction","target":{"@type":"EntryPoint","urlTemplate":"https:\/\/kuzeyinsesi.org\/?s={search_term_string}"},"query-input":{"@type":"PropertyValueSpecification","valueRequired":true,"valueName":"search_term_string"}}],"inLanguage":"tr"},{"@type":"Person","@id":"https:\/\/kuzeyinsesi.org\/#\/schema\/person\/9f859689cdf01485597712386e37f5aa","name":"Kuzeyin Sesi","image":{"@type":"ImageObject","inLanguage":"tr","@id":"https:\/\/secure.gravatar.com\/avatar\/bab33852abfd8b282518d6ed81826833d77c3c882d9ab608add591ccace47a44?s=96&d=mm&r=g","url":"https:\/\/secure.gravatar.com\/avatar\/bab33852abfd8b282518d6ed81826833d77c3c882d9ab608add591ccace47a44?s=96&d=mm&r=g","contentUrl":"https:\/\/secure.gravatar.com\/avatar\/bab33852abfd8b282518d6ed81826833d77c3c882d9ab608add591ccace47a44?s=96&d=mm&r=g","caption":"Kuzeyin Sesi"},"sameAs":["https:\/\/kuzeyinsesi.org"],"url":"https:\/\/kuzeyinsesi.org\/index.php\/author\/guven\/"}]}},"_links":{"self":[{"href":"https:\/\/kuzeyinsesi.org\/index.php\/wp-json\/wp\/v2\/posts\/20071","targetHints":{"allow":["GET"]}}],"collection":[{"href":"https:\/\/kuzeyinsesi.org\/index.php\/wp-json\/wp\/v2\/posts"}],"about":[{"href":"https:\/\/kuzeyinsesi.org\/index.php\/wp-json\/wp\/v2\/types\/post"}],"author":[{"embeddable":true,"href":"https:\/\/kuzeyinsesi.org\/index.php\/wp-json\/wp\/v2\/users\/1"}],"replies":[{"embeddable":true,"href":"https:\/\/kuzeyinsesi.org\/index.php\/wp-json\/wp\/v2\/comments?post=20071"}],"version-history":[{"count":0,"href":"https:\/\/kuzeyinsesi.org\/index.php\/wp-json\/wp\/v2\/posts\/20071\/revisions"}],"wp:featuredmedia":[{"embeddable":true,"href":"https:\/\/kuzeyinsesi.org\/index.php\/wp-json\/wp\/v2\/media\/20072"}],"wp:attachment":[{"href":"https:\/\/kuzeyinsesi.org\/index.php\/wp-json\/wp\/v2\/media?parent=20071"}],"wp:term":[{"taxonomy":"category","embeddable":true,"href":"https:\/\/kuzeyinsesi.org\/index.php\/wp-json\/wp\/v2\/categories?post=20071"},{"taxonomy":"post_tag","embeddable":true,"href":"https:\/\/kuzeyinsesi.org\/index.php\/wp-json\/wp\/v2\/tags?post=20071"}],"curies":[{"name":"wp","href":"https:\/\/api.w.org\/{rel}","templated":true}]}}