{"id":20057,"date":"2025-03-02T18:36:29","date_gmt":"2025-03-02T16:36:29","guid":{"rendered":"https:\/\/kuzeyinsesi.org\/index.php\/2025\/03\/02\/kttb-baskani-dalkan-ttbnin-ankarada-gerceklestirilen-buyuk-hekim-bulusmasi-ve-forumuna-katildi\/"},"modified":"2025-03-02T18:36:29","modified_gmt":"2025-03-02T16:36:29","slug":"kttb-baskani-dalkan-ttbnin-ankarada-gerceklestirilen-buyuk-hekim-bulusmasi-ve-forumuna-katildi","status":"publish","type":"post","link":"https:\/\/kuzeyinsesi.org\/index.php\/2025\/03\/02\/kttb-baskani-dalkan-ttbnin-ankarada-gerceklestirilen-buyuk-hekim-bulusmasi-ve-forumuna-katildi\/","title":{"rendered":"KTTB Ba\u015fkan\u0131 Dalkan, TTB\u2019nin Ankara\u2019da ger\u00e7ekle\u015ftirilen B\u00fcy\u00fck Hekim Bulu\u015fmas\u0131 ve Forumu\u2019na kat\u0131ld\u0131"},"content":{"rendered":"<div>\n<div class=\"mariselle-image-container center\">\n                                            <\/div>\n<p>\nK\u0131br\u0131s T\u00fcrk Tabipleri Birli\u011fi (KTTB) Ba\u015fkan\u0131 Dr. Ceyhun Dalkan, T\u00fcrk Tabipler Birli\u011fi\u2019nin (TTB), Ankara\u2019da ger\u00e7ekle\u015ftirilen B\u00fcy\u00fck Hekim Bulu\u015fmas\u0131 ve Forumu\u2019na kat\u0131larak konu\u015fma yapt\u0131. <\/p>\n<p>KTTB\u2019den verilen bilgiye g\u00f6re, \u201cBa\u015fka Bir Sa\u011fl\u0131k Sistemi M\u00fcmk\u00fcn, Ba\u015fka Bir Hekimlik Ortam\u0131 M\u00fcmk\u00fcn\u201d slogan\u0131yla \u0130stanbul\u2019dan ba\u015flay\u0131p Ankara\u2019da son bulan \u201cBeyaz Y\u00fcr\u00fcy\u00fc\u015f\u201d\u00fcn kapan\u0131\u015f\u0131nda ger\u00e7ekle\u015ftirilen B\u00fcy\u00fck Hekim Bulu\u015fmas\u0131 ve Forumu\u2019nda konu\u015fan Dalkan, KKTC\u2019de sa\u011fl\u0131k sistemini ticarile\u015ftiren politikalar uygulanmak istedi\u011fini savundu.  <\/p>\n<p>T\u00fcrkiye\u2019de uygulanmaya \u00e7al\u0131\u015f\u0131lan ve sa\u011fl\u0131k sistemini ticarile\u015ftiren politikalar\u0131n, Kuzey K\u0131br\u0131s\u2019ta da zorla empoze edilmek istendi\u011fini g\u00f6zlemliyoruz\u201d \u015feklinde konu\u015fan Dalkan, kamusal sa\u011fl\u0131k altyap\u0131s\u0131n\u0131n g\u00fc\u00e7lendirilmesi, yeni ve tam donan\u0131ml\u0131 devlet hastanelerinin a\u00e7\u0131lmas\u0131, koruyucu sa\u011fl\u0131k hizmetlerinin yayg\u0131nla\u015ft\u0131r\u0131lmas\u0131 ve sa\u011fl\u0131k b\u00fct\u00e7esinin etkin, halk i\u00e7in kullan\u0131lmas\u0131 gerekti\u011fini belirtti.<\/p>\n<p>\u201c\u015eu anda K\u0131br\u0131s\u2019ta sa\u011fl\u0131kta bir sistem de\u011fil, bir kaos s\u00f6z konusudur. Acil servisler \u00fczerinden sa\u011fl\u0131k y\u00fcr\u00fct\u00fclmeye \u00e7al\u0131\u015f\u0131lmakta, basamak hekimli\u011fi kurulamad\u0131\u011f\u0131 gibi, koruyucu sa\u011fl\u0131k hizmetleri de yok denecek kadar azd\u0131r.\u201d diyen Dalkan, ayr\u0131ca KKTC faaliyet g\u00f6steren iki termik santralin bacalar\u0131ndan \u00e7\u0131kan zararl\u0131 gazlar\u0131n hem K\u0131br\u0131s halk\u0131n\u0131 hem de Akdeniz\u2019i tehdit etti\u011fini ileri s\u00fcrd\u00fc. <\/p>\n<p>Son d\u00f6nemde, K\u0131br\u0131s\u2019ta hekimlerin itibars\u0131zla\u015ft\u0131r\u0131lmaya \u00e7al\u0131\u015f\u0131ld\u0131\u011f\u0131n\u0131 da savunan Dalkan, re\u00e7ete soru\u015fturmalar\u0131 ad\u0131 alt\u0131nda hekimlerin su\u00e7lu gibi g\u00f6sterilmeye \u00e7al\u0131\u015f\u0131ld\u0131\u011f\u0131n\u0131, hastanelerde ya\u015fanan her sorunun faturas\u0131n\u0131n hekimlere kesildi\u011fini, y\u00f6neticilere soru\u015fturulma dahi a\u00e7\u0131lmad\u0131\u011f\u0131n\u0131 \u00f6ne s\u00fcrd\u00fc. Dalkan, \u201cBu onur k\u0131r\u0131c\u0131 olaylar bizlere bir kez daha g\u00f6stermi\u015ftir ki, g\u00fc\u00e7l\u00fc ve ba\u011f\u0131ms\u0131z meslek \u00f6rg\u00fctlerine her zamankinden daha fazla ihtiyac\u0131m\u0131z vard\u0131r\u201d dedi.<\/p>\n<p>Dalkan, kamusal sa\u011fl\u0131k sistemini g\u00fc\u00e7lendirmek, halk\u0131n sa\u011fl\u0131k hizmetine eri\u015fimini kolayla\u015ft\u0131rmak i\u00e7in m\u00fccadeleye devam edeceklerini belirtti.<\/p>\n<\/p><\/div>\n<p><script async\n                    defer\n                    crossorigin=\"anonymous\"\n                    src=\"https:\/\/connect.facebook.net\/tr_TR\/sdk.js#xfbml=1&#038;version=v3.3\"\n            ><\/script><\/p>\n","protected":false},"excerpt":{"rendered":"<p>K\u0131br\u0131s T\u00fcrk Tabipleri Birli\u011fi (KTTB) Ba\u015fkan\u0131 Dr. Ceyhun Dalkan, T\u00fcrk Tabipler Birli\u011fi\u2019nin (TTB), Ankara\u2019da ger\u00e7ekle\u015ftirilen B\u00fcy\u00fck Hekim Bulu\u015fmas\u0131 ve Forumu\u2019na kat\u0131larak konu\u015fma yapt\u0131. KTTB\u2019den verilen bilgiye g\u00f6re, \u201cBa\u015fka Bir Sa\u011fl\u0131k Sistemi M\u00fcmk\u00fcn, Ba\u015fka Bir Hekimlik Ortam\u0131 M\u00fcmk\u00fcn\u201d slogan\u0131yla \u0130stanbul\u2019dan ba\u015flay\u0131p Ankara\u2019da son bulan \u201cBeyaz Y\u00fcr\u00fcy\u00fc\u015f\u201d\u00fcn kapan\u0131\u015f\u0131nda ger\u00e7ekle\u015ftirilen B\u00fcy\u00fck Hekim Bulu\u015fmas\u0131 ve Forumu\u2019nda konu\u015fan Dalkan, KKTC\u2019de [&hellip;]<\/p>\n","protected":false},"author":1,"featured_media":20058,"comment_status":"open","ping_status":"open","sticky":false,"template":"","format":"standard","meta":{"jnews-multi-image_gallery":[],"jnews_single_post":[],"jnews_primary_category":[],"jnews_social_meta":[],"jnews_override_counter":[],"footnotes":""},"categories":[5],"tags":[],"class_list":["post-20057","post","type-post","status-publish","format-standard","has-post-thumbnail","hentry","category-turkiye"],"yoast_head":"<!-- This site is optimized with the Yoast SEO plugin v27.5 - https:\/\/yoast.com\/product\/yoast-seo-wordpress\/ -->\n<title>KTTB Ba\u015fkan\u0131 Dalkan, TTB\u2019nin Ankara\u2019da ger\u00e7ekle\u015ftirilen B\u00fcy\u00fck Hekim Bulu\u015fmas\u0131 ve Forumu\u2019na kat\u0131ld\u0131 - Kuzeyin Sesi<\/title>\n<meta name=\"robots\" content=\"index, follow, max-snippet:-1, max-image-preview:large, max-video-preview:-1\" \/>\n<link rel=\"canonical\" href=\"https:\/\/kuzeyinsesi.org\/index.php\/2025\/03\/02\/kttb-baskani-dalkan-ttbnin-ankarada-gerceklestirilen-buyuk-hekim-bulusmasi-ve-forumuna-katildi\/\" \/>\n<meta property=\"og:locale\" content=\"tr_TR\" \/>\n<meta property=\"og:type\" content=\"article\" \/>\n<meta property=\"og:title\" content=\"KTTB Ba\u015fkan\u0131 Dalkan, TTB\u2019nin Ankara\u2019da ger\u00e7ekle\u015ftirilen B\u00fcy\u00fck Hekim Bulu\u015fmas\u0131 ve Forumu\u2019na kat\u0131ld\u0131 - Kuzeyin Sesi\" \/>\n<meta property=\"og:description\" content=\"K\u0131br\u0131s T\u00fcrk Tabipleri Birli\u011fi (KTTB) Ba\u015fkan\u0131 Dr. Ceyhun Dalkan, T\u00fcrk Tabipler Birli\u011fi\u2019nin (TTB), Ankara\u2019da ger\u00e7ekle\u015ftirilen B\u00fcy\u00fck Hekim Bulu\u015fmas\u0131 ve Forumu\u2019na kat\u0131larak konu\u015fma yapt\u0131. KTTB\u2019den verilen bilgiye g\u00f6re, \u201cBa\u015fka Bir Sa\u011fl\u0131k Sistemi M\u00fcmk\u00fcn, Ba\u015fka Bir Hekimlik Ortam\u0131 M\u00fcmk\u00fcn\u201d slogan\u0131yla \u0130stanbul\u2019dan ba\u015flay\u0131p Ankara\u2019da son bulan \u201cBeyaz Y\u00fcr\u00fcy\u00fc\u015f\u201d\u00fcn kapan\u0131\u015f\u0131nda ger\u00e7ekle\u015ftirilen B\u00fcy\u00fck Hekim Bulu\u015fmas\u0131 ve Forumu\u2019nda konu\u015fan Dalkan, KKTC\u2019de [&hellip;]\" \/>\n<meta property=\"og:url\" content=\"https:\/\/kuzeyinsesi.org\/index.php\/2025\/03\/02\/kttb-baskani-dalkan-ttbnin-ankarada-gerceklestirilen-buyuk-hekim-bulusmasi-ve-forumuna-katildi\/\" \/>\n<meta property=\"og:site_name\" content=\"Kuzeyin Sesi\" \/>\n<meta property=\"article:publisher\" content=\"https:\/\/www.facebook.com\/kuzeyinsesii\" \/>\n<meta property=\"article:published_time\" content=\"2025-03-02T16:36:29+00:00\" \/>\n<meta property=\"og:image\" content=\"https:\/\/brtk.net\/wp-content\/uploads\/2025\/03\/02\/1740919690874kttb-cd.jpg?ver=59b495d73c10ce1d77bd55f0f9c10ff7\" \/>\n<meta name=\"author\" content=\"Kuzeyin Sesi\" \/>\n<meta name=\"twitter:card\" content=\"summary_large_image\" \/>\n<meta name=\"twitter:creator\" content=\"@kuzeyinsesii\" \/>\n<meta name=\"twitter:site\" content=\"@kuzeyinsesii\" \/>\n<meta name=\"twitter:label1\" content=\"Yazan:\" \/>\n\t<meta name=\"twitter:data1\" content=\"Kuzeyin Sesi\" \/>\n\t<meta name=\"twitter:label2\" content=\"Tahmini okuma s\u00fcresi\" \/>\n\t<meta name=\"twitter:data2\" content=\"2 dakika\" \/>\n<script type=\"application\/ld+json\" class=\"yoast-schema-graph\">{\"@context\":\"https:\\\/\\\/schema.org\",\"@graph\":[{\"@type\":\"Article\",\"@id\":\"https:\\\/\\\/kuzeyinsesi.org\\\/index.php\\\/2025\\\/03\\\/02\\\/kttb-baskani-dalkan-ttbnin-ankarada-gerceklestirilen-buyuk-hekim-bulusmasi-ve-forumuna-katildi\\\/#article\",\"isPartOf\":{\"@id\":\"https:\\\/\\\/kuzeyinsesi.org\\\/index.php\\\/2025\\\/03\\\/02\\\/kttb-baskani-dalkan-ttbnin-ankarada-gerceklestirilen-buyuk-hekim-bulusmasi-ve-forumuna-katildi\\\/\"},\"author\":{\"name\":\"Kuzeyin Sesi\",\"@id\":\"https:\\\/\\\/kuzeyinsesi.org\\\/#\\\/schema\\\/person\\\/9f859689cdf01485597712386e37f5aa\"},\"headline\":\"KTTB Ba\u015fkan\u0131 Dalkan, TTB\u2019nin Ankara\u2019da ger\u00e7ekle\u015ftirilen B\u00fcy\u00fck Hekim Bulu\u015fmas\u0131 ve Forumu\u2019na kat\u0131ld\u0131\",\"datePublished\":\"2025-03-02T16:36:29+00:00\",\"mainEntityOfPage\":{\"@id\":\"https:\\\/\\\/kuzeyinsesi.org\\\/index.php\\\/2025\\\/03\\\/02\\\/kttb-baskani-dalkan-ttbnin-ankarada-gerceklestirilen-buyuk-hekim-bulusmasi-ve-forumuna-katildi\\\/\"},\"wordCount\":405,\"commentCount\":0,\"image\":{\"@id\":\"https:\\\/\\\/kuzeyinsesi.org\\\/index.php\\\/2025\\\/03\\\/02\\\/kttb-baskani-dalkan-ttbnin-ankarada-gerceklestirilen-buyuk-hekim-bulusmasi-ve-forumuna-katildi\\\/#primaryimage\"},\"thumbnailUrl\":\"https:\\\/\\\/kuzeyinsesi.org\\\/wp-content\\\/uploads\\\/2025\\\/03\\\/1740919690874kttb-cd.jpg\",\"articleSection\":[\"T\u00fcrkiye\"],\"inLanguage\":\"tr\",\"potentialAction\":[{\"@type\":\"CommentAction\",\"name\":\"Comment\",\"target\":[\"https:\\\/\\\/kuzeyinsesi.org\\\/index.php\\\/2025\\\/03\\\/02\\\/kttb-baskani-dalkan-ttbnin-ankarada-gerceklestirilen-buyuk-hekim-bulusmasi-ve-forumuna-katildi\\\/#respond\"]}]},{\"@type\":\"WebPage\",\"@id\":\"https:\\\/\\\/kuzeyinsesi.org\\\/index.php\\\/2025\\\/03\\\/02\\\/kttb-baskani-dalkan-ttbnin-ankarada-gerceklestirilen-buyuk-hekim-bulusmasi-ve-forumuna-katildi\\\/\",\"url\":\"https:\\\/\\\/kuzeyinsesi.org\\\/index.php\\\/2025\\\/03\\\/02\\\/kttb-baskani-dalkan-ttbnin-ankarada-gerceklestirilen-buyuk-hekim-bulusmasi-ve-forumuna-katildi\\\/\",\"name\":\"KTTB Ba\u015fkan\u0131 Dalkan, TTB\u2019nin Ankara\u2019da ger\u00e7ekle\u015ftirilen B\u00fcy\u00fck Hekim Bulu\u015fmas\u0131 ve Forumu\u2019na kat\u0131ld\u0131 - Kuzeyin Sesi\",\"isPartOf\":{\"@id\":\"https:\\\/\\\/kuzeyinsesi.org\\\/#website\"},\"primaryImageOfPage\":{\"@id\":\"https:\\\/\\\/kuzeyinsesi.org\\\/index.php\\\/2025\\\/03\\\/02\\\/kttb-baskani-dalkan-ttbnin-ankarada-gerceklestirilen-buyuk-hekim-bulusmasi-ve-forumuna-katildi\\\/#primaryimage\"},\"image\":{\"@id\":\"https:\\\/\\\/kuzeyinsesi.org\\\/index.php\\\/2025\\\/03\\\/02\\\/kttb-baskani-dalkan-ttbnin-ankarada-gerceklestirilen-buyuk-hekim-bulusmasi-ve-forumuna-katildi\\\/#primaryimage\"},\"thumbnailUrl\":\"https:\\\/\\\/kuzeyinsesi.org\\\/wp-content\\\/uploads\\\/2025\\\/03\\\/1740919690874kttb-cd.jpg\",\"datePublished\":\"2025-03-02T16:36:29+00:00\",\"author\":{\"@id\":\"https:\\\/\\\/kuzeyinsesi.org\\\/#\\\/schema\\\/person\\\/9f859689cdf01485597712386e37f5aa\"},\"breadcrumb\":{\"@id\":\"https:\\\/\\\/kuzeyinsesi.org\\\/index.php\\\/2025\\\/03\\\/02\\\/kttb-baskani-dalkan-ttbnin-ankarada-gerceklestirilen-buyuk-hekim-bulusmasi-ve-forumuna-katildi\\\/#breadcrumb\"},\"inLanguage\":\"tr\",\"potentialAction\":[{\"@type\":\"ReadAction\",\"target\":[\"https:\\\/\\\/kuzeyinsesi.org\\\/index.php\\\/2025\\\/03\\\/02\\\/kttb-baskani-dalkan-ttbnin-ankarada-gerceklestirilen-buyuk-hekim-bulusmasi-ve-forumuna-katildi\\\/\"]}]},{\"@type\":\"ImageObject\",\"inLanguage\":\"tr\",\"@id\":\"https:\\\/\\\/kuzeyinsesi.org\\\/index.php\\\/2025\\\/03\\\/02\\\/kttb-baskani-dalkan-ttbnin-ankarada-gerceklestirilen-buyuk-hekim-bulusmasi-ve-forumuna-katildi\\\/#primaryimage\",\"url\":\"https:\\\/\\\/kuzeyinsesi.org\\\/wp-content\\\/uploads\\\/2025\\\/03\\\/1740919690874kttb-cd.jpg\",\"contentUrl\":\"https:\\\/\\\/kuzeyinsesi.org\\\/wp-content\\\/uploads\\\/2025\\\/03\\\/1740919690874kttb-cd.jpg\",\"width\":1600,\"height\":1200},{\"@type\":\"BreadcrumbList\",\"@id\":\"https:\\\/\\\/kuzeyinsesi.org\\\/index.php\\\/2025\\\/03\\\/02\\\/kttb-baskani-dalkan-ttbnin-ankarada-gerceklestirilen-buyuk-hekim-bulusmasi-ve-forumuna-katildi\\\/#breadcrumb\",\"itemListElement\":[{\"@type\":\"ListItem\",\"position\":1,\"name\":\"Anasayfa\",\"item\":\"https:\\\/\\\/kuzeyinsesi.org\\\/\"},{\"@type\":\"ListItem\",\"position\":2,\"name\":\"KTTB Ba\u015fkan\u0131 Dalkan, TTB\u2019nin Ankara\u2019da ger\u00e7ekle\u015ftirilen B\u00fcy\u00fck Hekim Bulu\u015fmas\u0131 ve Forumu\u2019na kat\u0131ld\u0131\"}]},{\"@type\":\"WebSite\",\"@id\":\"https:\\\/\\\/kuzeyinsesi.org\\\/#website\",\"url\":\"https:\\\/\\\/kuzeyinsesi.org\\\/\",\"name\":\"Kuzeyin Sesi\",\"description\":\"Do\u011fru Haberin Adresi\",\"potentialAction\":[{\"@type\":\"SearchAction\",\"target\":{\"@type\":\"EntryPoint\",\"urlTemplate\":\"https:\\\/\\\/kuzeyinsesi.org\\\/?s={search_term_string}\"},\"query-input\":{\"@type\":\"PropertyValueSpecification\",\"valueRequired\":true,\"valueName\":\"search_term_string\"}}],\"inLanguage\":\"tr\"},{\"@type\":\"Person\",\"@id\":\"https:\\\/\\\/kuzeyinsesi.org\\\/#\\\/schema\\\/person\\\/9f859689cdf01485597712386e37f5aa\",\"name\":\"Kuzeyin Sesi\",\"image\":{\"@type\":\"ImageObject\",\"inLanguage\":\"tr\",\"@id\":\"https:\\\/\\\/secure.gravatar.com\\\/avatar\\\/bab33852abfd8b282518d6ed81826833d77c3c882d9ab608add591ccace47a44?s=96&d=mm&r=g\",\"url\":\"https:\\\/\\\/secure.gravatar.com\\\/avatar\\\/bab33852abfd8b282518d6ed81826833d77c3c882d9ab608add591ccace47a44?s=96&d=mm&r=g\",\"contentUrl\":\"https:\\\/\\\/secure.gravatar.com\\\/avatar\\\/bab33852abfd8b282518d6ed81826833d77c3c882d9ab608add591ccace47a44?s=96&d=mm&r=g\",\"caption\":\"Kuzeyin Sesi\"},\"sameAs\":[\"https:\\\/\\\/kuzeyinsesi.org\"],\"url\":\"https:\\\/\\\/kuzeyinsesi.org\\\/index.php\\\/author\\\/guven\\\/\"}]}<\/script>\n<!-- \/ Yoast SEO plugin. -->","yoast_head_json":{"title":"KTTB Ba\u015fkan\u0131 Dalkan, TTB\u2019nin Ankara\u2019da ger\u00e7ekle\u015ftirilen B\u00fcy\u00fck Hekim Bulu\u015fmas\u0131 ve Forumu\u2019na kat\u0131ld\u0131 - Kuzeyin Sesi","robots":{"index":"index","follow":"follow","max-snippet":"max-snippet:-1","max-image-preview":"max-image-preview:large","max-video-preview":"max-video-preview:-1"},"canonical":"https:\/\/kuzeyinsesi.org\/index.php\/2025\/03\/02\/kttb-baskani-dalkan-ttbnin-ankarada-gerceklestirilen-buyuk-hekim-bulusmasi-ve-forumuna-katildi\/","og_locale":"tr_TR","og_type":"article","og_title":"KTTB Ba\u015fkan\u0131 Dalkan, TTB\u2019nin Ankara\u2019da ger\u00e7ekle\u015ftirilen B\u00fcy\u00fck Hekim Bulu\u015fmas\u0131 ve Forumu\u2019na kat\u0131ld\u0131 - Kuzeyin Sesi","og_description":"K\u0131br\u0131s T\u00fcrk Tabipleri Birli\u011fi (KTTB) Ba\u015fkan\u0131 Dr. Ceyhun Dalkan, T\u00fcrk Tabipler Birli\u011fi\u2019nin (TTB), Ankara\u2019da ger\u00e7ekle\u015ftirilen B\u00fcy\u00fck Hekim Bulu\u015fmas\u0131 ve Forumu\u2019na kat\u0131larak konu\u015fma yapt\u0131. KTTB\u2019den verilen bilgiye g\u00f6re, \u201cBa\u015fka Bir Sa\u011fl\u0131k Sistemi M\u00fcmk\u00fcn, Ba\u015fka Bir Hekimlik Ortam\u0131 M\u00fcmk\u00fcn\u201d slogan\u0131yla \u0130stanbul\u2019dan ba\u015flay\u0131p Ankara\u2019da son bulan \u201cBeyaz Y\u00fcr\u00fcy\u00fc\u015f\u201d\u00fcn kapan\u0131\u015f\u0131nda ger\u00e7ekle\u015ftirilen B\u00fcy\u00fck Hekim Bulu\u015fmas\u0131 ve Forumu\u2019nda konu\u015fan Dalkan, KKTC\u2019de [&hellip;]","og_url":"https:\/\/kuzeyinsesi.org\/index.php\/2025\/03\/02\/kttb-baskani-dalkan-ttbnin-ankarada-gerceklestirilen-buyuk-hekim-bulusmasi-ve-forumuna-katildi\/","og_site_name":"Kuzeyin Sesi","article_publisher":"https:\/\/www.facebook.com\/kuzeyinsesii","article_published_time":"2025-03-02T16:36:29+00:00","og_image":[{"url":"https:\/\/brtk.net\/wp-content\/uploads\/2025\/03\/02\/1740919690874kttb-cd.jpg?ver=59b495d73c10ce1d77bd55f0f9c10ff7","type":"","width":"","height":""}],"author":"Kuzeyin Sesi","twitter_card":"summary_large_image","twitter_creator":"@kuzeyinsesii","twitter_site":"@kuzeyinsesii","twitter_misc":{"Yazan:":"Kuzeyin Sesi","Tahmini okuma s\u00fcresi":"2 dakika"},"schema":{"@context":"https:\/\/schema.org","@graph":[{"@type":"Article","@id":"https:\/\/kuzeyinsesi.org\/index.php\/2025\/03\/02\/kttb-baskani-dalkan-ttbnin-ankarada-gerceklestirilen-buyuk-hekim-bulusmasi-ve-forumuna-katildi\/#article","isPartOf":{"@id":"https:\/\/kuzeyinsesi.org\/index.php\/2025\/03\/02\/kttb-baskani-dalkan-ttbnin-ankarada-gerceklestirilen-buyuk-hekim-bulusmasi-ve-forumuna-katildi\/"},"author":{"name":"Kuzeyin Sesi","@id":"https:\/\/kuzeyinsesi.org\/#\/schema\/person\/9f859689cdf01485597712386e37f5aa"},"headline":"KTTB Ba\u015fkan\u0131 Dalkan, TTB\u2019nin Ankara\u2019da ger\u00e7ekle\u015ftirilen B\u00fcy\u00fck Hekim Bulu\u015fmas\u0131 ve Forumu\u2019na kat\u0131ld\u0131","datePublished":"2025-03-02T16:36:29+00:00","mainEntityOfPage":{"@id":"https:\/\/kuzeyinsesi.org\/index.php\/2025\/03\/02\/kttb-baskani-dalkan-ttbnin-ankarada-gerceklestirilen-buyuk-hekim-bulusmasi-ve-forumuna-katildi\/"},"wordCount":405,"commentCount":0,"image":{"@id":"https:\/\/kuzeyinsesi.org\/index.php\/2025\/03\/02\/kttb-baskani-dalkan-ttbnin-ankarada-gerceklestirilen-buyuk-hekim-bulusmasi-ve-forumuna-katildi\/#primaryimage"},"thumbnailUrl":"https:\/\/kuzeyinsesi.org\/wp-content\/uploads\/2025\/03\/1740919690874kttb-cd.jpg","articleSection":["T\u00fcrkiye"],"inLanguage":"tr","potentialAction":[{"@type":"CommentAction","name":"Comment","target":["https:\/\/kuzeyinsesi.org\/index.php\/2025\/03\/02\/kttb-baskani-dalkan-ttbnin-ankarada-gerceklestirilen-buyuk-hekim-bulusmasi-ve-forumuna-katildi\/#respond"]}]},{"@type":"WebPage","@id":"https:\/\/kuzeyinsesi.org\/index.php\/2025\/03\/02\/kttb-baskani-dalkan-ttbnin-ankarada-gerceklestirilen-buyuk-hekim-bulusmasi-ve-forumuna-katildi\/","url":"https:\/\/kuzeyinsesi.org\/index.php\/2025\/03\/02\/kttb-baskani-dalkan-ttbnin-ankarada-gerceklestirilen-buyuk-hekim-bulusmasi-ve-forumuna-katildi\/","name":"KTTB Ba\u015fkan\u0131 Dalkan, TTB\u2019nin Ankara\u2019da ger\u00e7ekle\u015ftirilen B\u00fcy\u00fck Hekim Bulu\u015fmas\u0131 ve Forumu\u2019na kat\u0131ld\u0131 - Kuzeyin Sesi","isPartOf":{"@id":"https:\/\/kuzeyinsesi.org\/#website"},"primaryImageOfPage":{"@id":"https:\/\/kuzeyinsesi.org\/index.php\/2025\/03\/02\/kttb-baskani-dalkan-ttbnin-ankarada-gerceklestirilen-buyuk-hekim-bulusmasi-ve-forumuna-katildi\/#primaryimage"},"image":{"@id":"https:\/\/kuzeyinsesi.org\/index.php\/2025\/03\/02\/kttb-baskani-dalkan-ttbnin-ankarada-gerceklestirilen-buyuk-hekim-bulusmasi-ve-forumuna-katildi\/#primaryimage"},"thumbnailUrl":"https:\/\/kuzeyinsesi.org\/wp-content\/uploads\/2025\/03\/1740919690874kttb-cd.jpg","datePublished":"2025-03-02T16:36:29+00:00","author":{"@id":"https:\/\/kuzeyinsesi.org\/#\/schema\/person\/9f859689cdf01485597712386e37f5aa"},"breadcrumb":{"@id":"https:\/\/kuzeyinsesi.org\/index.php\/2025\/03\/02\/kttb-baskani-dalkan-ttbnin-ankarada-gerceklestirilen-buyuk-hekim-bulusmasi-ve-forumuna-katildi\/#breadcrumb"},"inLanguage":"tr","potentialAction":[{"@type":"ReadAction","target":["https:\/\/kuzeyinsesi.org\/index.php\/2025\/03\/02\/kttb-baskani-dalkan-ttbnin-ankarada-gerceklestirilen-buyuk-hekim-bulusmasi-ve-forumuna-katildi\/"]}]},{"@type":"ImageObject","inLanguage":"tr","@id":"https:\/\/kuzeyinsesi.org\/index.php\/2025\/03\/02\/kttb-baskani-dalkan-ttbnin-ankarada-gerceklestirilen-buyuk-hekim-bulusmasi-ve-forumuna-katildi\/#primaryimage","url":"https:\/\/kuzeyinsesi.org\/wp-content\/uploads\/2025\/03\/1740919690874kttb-cd.jpg","contentUrl":"https:\/\/kuzeyinsesi.org\/wp-content\/uploads\/2025\/03\/1740919690874kttb-cd.jpg","width":1600,"height":1200},{"@type":"BreadcrumbList","@id":"https:\/\/kuzeyinsesi.org\/index.php\/2025\/03\/02\/kttb-baskani-dalkan-ttbnin-ankarada-gerceklestirilen-buyuk-hekim-bulusmasi-ve-forumuna-katildi\/#breadcrumb","itemListElement":[{"@type":"ListItem","position":1,"name":"Anasayfa","item":"https:\/\/kuzeyinsesi.org\/"},{"@type":"ListItem","position":2,"name":"KTTB Ba\u015fkan\u0131 Dalkan, TTB\u2019nin Ankara\u2019da ger\u00e7ekle\u015ftirilen B\u00fcy\u00fck Hekim Bulu\u015fmas\u0131 ve Forumu\u2019na kat\u0131ld\u0131"}]},{"@type":"WebSite","@id":"https:\/\/kuzeyinsesi.org\/#website","url":"https:\/\/kuzeyinsesi.org\/","name":"Kuzeyin Sesi","description":"Do\u011fru Haberin Adresi","potentialAction":[{"@type":"SearchAction","target":{"@type":"EntryPoint","urlTemplate":"https:\/\/kuzeyinsesi.org\/?s={search_term_string}"},"query-input":{"@type":"PropertyValueSpecification","valueRequired":true,"valueName":"search_term_string"}}],"inLanguage":"tr"},{"@type":"Person","@id":"https:\/\/kuzeyinsesi.org\/#\/schema\/person\/9f859689cdf01485597712386e37f5aa","name":"Kuzeyin Sesi","image":{"@type":"ImageObject","inLanguage":"tr","@id":"https:\/\/secure.gravatar.com\/avatar\/bab33852abfd8b282518d6ed81826833d77c3c882d9ab608add591ccace47a44?s=96&d=mm&r=g","url":"https:\/\/secure.gravatar.com\/avatar\/bab33852abfd8b282518d6ed81826833d77c3c882d9ab608add591ccace47a44?s=96&d=mm&r=g","contentUrl":"https:\/\/secure.gravatar.com\/avatar\/bab33852abfd8b282518d6ed81826833d77c3c882d9ab608add591ccace47a44?s=96&d=mm&r=g","caption":"Kuzeyin Sesi"},"sameAs":["https:\/\/kuzeyinsesi.org"],"url":"https:\/\/kuzeyinsesi.org\/index.php\/author\/guven\/"}]}},"_links":{"self":[{"href":"https:\/\/kuzeyinsesi.org\/index.php\/wp-json\/wp\/v2\/posts\/20057","targetHints":{"allow":["GET"]}}],"collection":[{"href":"https:\/\/kuzeyinsesi.org\/index.php\/wp-json\/wp\/v2\/posts"}],"about":[{"href":"https:\/\/kuzeyinsesi.org\/index.php\/wp-json\/wp\/v2\/types\/post"}],"author":[{"embeddable":true,"href":"https:\/\/kuzeyinsesi.org\/index.php\/wp-json\/wp\/v2\/users\/1"}],"replies":[{"embeddable":true,"href":"https:\/\/kuzeyinsesi.org\/index.php\/wp-json\/wp\/v2\/comments?post=20057"}],"version-history":[{"count":0,"href":"https:\/\/kuzeyinsesi.org\/index.php\/wp-json\/wp\/v2\/posts\/20057\/revisions"}],"wp:featuredmedia":[{"embeddable":true,"href":"https:\/\/kuzeyinsesi.org\/index.php\/wp-json\/wp\/v2\/media\/20058"}],"wp:attachment":[{"href":"https:\/\/kuzeyinsesi.org\/index.php\/wp-json\/wp\/v2\/media?parent=20057"}],"wp:term":[{"taxonomy":"category","embeddable":true,"href":"https:\/\/kuzeyinsesi.org\/index.php\/wp-json\/wp\/v2\/categories?post=20057"},{"taxonomy":"post_tag","embeddable":true,"href":"https:\/\/kuzeyinsesi.org\/index.php\/wp-json\/wp\/v2\/tags?post=20057"}],"curies":[{"name":"wp","href":"https:\/\/api.w.org\/{rel}","templated":true}]}}