{"id":20049,"date":"2025-03-02T12:26:40","date_gmt":"2025-03-02T10:26:40","guid":{"rendered":"https:\/\/kuzeyinsesi.org\/index.php\/2025\/03\/02\/dau-cagdas-magusa-gravurleri-soylesi-ve-kitap-tanitim-etkinligi-yarin-yapilacak\/"},"modified":"2025-03-02T12:26:40","modified_gmt":"2025-03-02T10:26:40","slug":"dau-cagdas-magusa-gravurleri-soylesi-ve-kitap-tanitim-etkinligi-yarin-yapilacak","status":"publish","type":"post","link":"https:\/\/kuzeyinsesi.org\/index.php\/2025\/03\/02\/dau-cagdas-magusa-gravurleri-soylesi-ve-kitap-tanitim-etkinligi-yarin-yapilacak\/","title":{"rendered":"DA\u00dc \u201c\u00c7a\u011fda\u015f Ma\u011fusa Grav\u00fcrleri\u201d s\u00f6yle\u015fi ve kitap tan\u0131t\u0131m etkinli\u011fi yar\u0131n yap\u0131lacak"},"content":{"rendered":"<div>\n<div class=\"mariselle-image-container center\">\n                                            <\/div>\n<p>\nDo\u011fu Akdeniz \u00dcniversitesi \u201c\u00c7a\u011fda\u015f Ma\u011fusa Grav\u00fcrleri\u201d s\u00f6yle\u015fi ve kitap tan\u0131t\u0131m etkinli\u011fi yar\u0131n yap\u0131lacak.<\/p>\n<p>Do\u011fu Akdeniz \u00dcniversitesi (DA\u00dc) Yay\u0131nevi ve Sosyal ve K\u00fclt\u00fcrel Aktiviteler M\u00fcd\u00fcrl\u00fc\u011f\u00fc organizasyonunda ger\u00e7ekle\u015ftirilecek etkinlik, saat 18.00\u2019de Lefko\u015fa R\u00fcstem Kitabevi\u2019nde yer alacak.<\/p>\n<p>DA\u00dc\u2019den verilen bilgiye g\u00f6re, edit\u00f6rl\u00fc\u011f\u00fcn\u00fc Ayhatun Ate\u015fin\u2019in \u00fcstlendi\u011fi \u201c Ma\u011fusa Grav\u00fcrleri\u201d kitab\u0131, Do\u00e7. Dr. Ege Uluca T\u00fcm\u00f6r, Emin \u00c7izenel, Dr. Okan Da\u011fl\u0131 ve Umut Germe\u00e7 taraf\u0131ndan kaleme al\u0131nd\u0131.<\/p>\n<p>Do\u011fu Akdeniz \u00dcniversitesi (DA\u00dc) G\u00fczel Sanatlar Kul\u00fcb\u00fc taraf\u0131ndan 2003 y\u0131l\u0131ndan bu yana Ayhatun Ate\u015fin\u2019in k\u00fcrat\u00f6rl\u00fc\u011f\u00fcnde d\u00fczenlenen \u201cDA\u00dc Sanat Bulu\u015fmalar\u0131\u201d, \u201cDA\u00dc Grav\u00fcr G\u00fcnleri\u201d ve \u201cDA\u00dc Sanat \u00dc\u00e7geni\u201d gibi etkinlikler, sanata ilgi duyanlar\u0131 ve sanat e\u011fitimi alan \u00f6\u011frencileri usta sanat\u00e7\u0131larla bir araya getirerek teknik ve artistik becerilerin payla\u015f\u0131lmas\u0131n\u0131, deneyim kazan\u0131lmas\u0131n\u0131 sa\u011fl\u0131yor.<\/p>\n<p>Etkinlikler kapsam\u0131nda ger\u00e7ekle\u015fen kolektif kaz\u0131 resim (grav\u00fcr) \u00e7al\u0131\u015fmalar\u0131 sonucu sanat\u00e7\u0131lar taraf\u0131ndan \u00fcretilen eserler, \u201cMa\u011fusa Grav\u00fcrleri\u201d ba\u015fl\u0131\u011f\u0131 alt\u0131nda toplanarak bir koleksiyon olu\u015fturuldu. Bu koleksiyonun tan\u0131t\u0131m\u0131n\u0131 ve sanatseverlerle bulu\u015fmas\u0131n\u0131 sa\u011flayacak \u201cDA\u00dc \u00c7a\u011fda\u015f Ma\u011fusa Grav\u00fcrleri Kitab\u0131\u201d ise, b\u00f6lgenin sanatsal ve k\u00fclt\u00fcrel miras\u0131n\u0131 g\u00fcn y\u00fcz\u00fcne \u00e7\u0131karmay\u0131 ama\u00e7l\u0131yor.<\/p>\n<p>\u00a0<\/p>\n<\/p><\/div>\n<p><script async\n                    defer\n                    crossorigin=\"anonymous\"\n                    src=\"https:\/\/connect.facebook.net\/tr_TR\/sdk.js#xfbml=1&#038;version=v3.3\"\n            ><\/script><\/p>\n","protected":false},"excerpt":{"rendered":"<p>Do\u011fu Akdeniz \u00dcniversitesi \u201c\u00c7a\u011fda\u015f Ma\u011fusa Grav\u00fcrleri\u201d s\u00f6yle\u015fi ve kitap tan\u0131t\u0131m etkinli\u011fi yar\u0131n yap\u0131lacak. Do\u011fu Akdeniz \u00dcniversitesi (DA\u00dc) Yay\u0131nevi ve Sosyal ve K\u00fclt\u00fcrel Aktiviteler M\u00fcd\u00fcrl\u00fc\u011f\u00fc organizasyonunda ger\u00e7ekle\u015ftirilecek etkinlik, saat 18.00\u2019de Lefko\u015fa R\u00fcstem Kitabevi\u2019nde yer alacak. DA\u00dc\u2019den verilen bilgiye g\u00f6re, edit\u00f6rl\u00fc\u011f\u00fcn\u00fc Ayhatun Ate\u015fin\u2019in \u00fcstlendi\u011fi \u201c Ma\u011fusa Grav\u00fcrleri\u201d kitab\u0131, Do\u00e7. Dr. Ege Uluca T\u00fcm\u00f6r, Emin \u00c7izenel, Dr. Okan [&hellip;]<\/p>\n","protected":false},"author":1,"featured_media":20050,"comment_status":"open","ping_status":"open","sticky":false,"template":"","format":"standard","meta":{"jnews-multi-image_gallery":[],"jnews_single_post":[],"jnews_primary_category":[],"jnews_social_meta":[],"jnews_override_counter":[],"footnotes":""},"categories":[6],"tags":[],"class_list":["post-20049","post","type-post","status-publish","format-standard","has-post-thumbnail","hentry","category-yasam"],"yoast_head":"<!-- This site is optimized with the Yoast SEO plugin v27.4 - https:\/\/yoast.com\/product\/yoast-seo-wordpress\/ -->\n<title>DA\u00dc \u201c\u00c7a\u011fda\u015f Ma\u011fusa Grav\u00fcrleri\u201d s\u00f6yle\u015fi ve kitap tan\u0131t\u0131m etkinli\u011fi yar\u0131n yap\u0131lacak - Kuzeyin Sesi<\/title>\n<meta name=\"robots\" content=\"index, follow, max-snippet:-1, max-image-preview:large, max-video-preview:-1\" \/>\n<link rel=\"canonical\" href=\"https:\/\/kuzeyinsesi.org\/index.php\/2025\/03\/02\/dau-cagdas-magusa-gravurleri-soylesi-ve-kitap-tanitim-etkinligi-yarin-yapilacak\/\" \/>\n<meta property=\"og:locale\" content=\"tr_TR\" \/>\n<meta property=\"og:type\" content=\"article\" \/>\n<meta property=\"og:title\" content=\"DA\u00dc \u201c\u00c7a\u011fda\u015f Ma\u011fusa Grav\u00fcrleri\u201d s\u00f6yle\u015fi ve kitap tan\u0131t\u0131m etkinli\u011fi yar\u0131n yap\u0131lacak - Kuzeyin Sesi\" \/>\n<meta property=\"og:description\" content=\"Do\u011fu Akdeniz \u00dcniversitesi \u201c\u00c7a\u011fda\u015f Ma\u011fusa Grav\u00fcrleri\u201d s\u00f6yle\u015fi ve kitap tan\u0131t\u0131m etkinli\u011fi yar\u0131n yap\u0131lacak. Do\u011fu Akdeniz \u00dcniversitesi (DA\u00dc) Yay\u0131nevi ve Sosyal ve K\u00fclt\u00fcrel Aktiviteler M\u00fcd\u00fcrl\u00fc\u011f\u00fc organizasyonunda ger\u00e7ekle\u015ftirilecek etkinlik, saat 18.00\u2019de Lefko\u015fa R\u00fcstem Kitabevi\u2019nde yer alacak. DA\u00dc\u2019den verilen bilgiye g\u00f6re, edit\u00f6rl\u00fc\u011f\u00fcn\u00fc Ayhatun Ate\u015fin\u2019in \u00fcstlendi\u011fi \u201c Ma\u011fusa Grav\u00fcrleri\u201d kitab\u0131, Do\u00e7. Dr. Ege Uluca T\u00fcm\u00f6r, Emin \u00c7izenel, Dr. Okan [&hellip;]\" \/>\n<meta property=\"og:url\" content=\"https:\/\/kuzeyinsesi.org\/index.php\/2025\/03\/02\/dau-cagdas-magusa-gravurleri-soylesi-ve-kitap-tanitim-etkinligi-yarin-yapilacak\/\" \/>\n<meta property=\"og:site_name\" content=\"Kuzeyin Sesi\" \/>\n<meta property=\"article:publisher\" content=\"https:\/\/www.facebook.com\/kuzeyinsesii\" \/>\n<meta property=\"article:published_time\" content=\"2025-03-02T10:26:40+00:00\" \/>\n<meta property=\"og:image\" content=\"https:\/\/brtk.net\/wp-content\/uploads\/2025\/03\/02\/1740904665351Cagdas-Magusa-Gravurleri.jpg?ver=1d101b0762bb10913c3ac791c94f3366\" \/>\n<meta name=\"author\" content=\"Kuzeyin Sesi\" \/>\n<meta name=\"twitter:card\" content=\"summary_large_image\" \/>\n<meta name=\"twitter:creator\" content=\"@kuzeyinsesii\" \/>\n<meta name=\"twitter:site\" content=\"@kuzeyinsesii\" \/>\n<meta name=\"twitter:label1\" content=\"Yazan:\" \/>\n\t<meta name=\"twitter:data1\" content=\"Kuzeyin Sesi\" \/>\n\t<meta name=\"twitter:label2\" content=\"Tahmini okuma s\u00fcresi\" \/>\n\t<meta name=\"twitter:data2\" content=\"1 dakika\" \/>\n<script type=\"application\/ld+json\" class=\"yoast-schema-graph\">{\"@context\":\"https:\\\/\\\/schema.org\",\"@graph\":[{\"@type\":\"Article\",\"@id\":\"https:\\\/\\\/kuzeyinsesi.org\\\/index.php\\\/2025\\\/03\\\/02\\\/dau-cagdas-magusa-gravurleri-soylesi-ve-kitap-tanitim-etkinligi-yarin-yapilacak\\\/#article\",\"isPartOf\":{\"@id\":\"https:\\\/\\\/kuzeyinsesi.org\\\/index.php\\\/2025\\\/03\\\/02\\\/dau-cagdas-magusa-gravurleri-soylesi-ve-kitap-tanitim-etkinligi-yarin-yapilacak\\\/\"},\"author\":{\"name\":\"Kuzeyin Sesi\",\"@id\":\"https:\\\/\\\/kuzeyinsesi.org\\\/#\\\/schema\\\/person\\\/9f859689cdf01485597712386e37f5aa\"},\"headline\":\"DA\u00dc \u201c\u00c7a\u011fda\u015f Ma\u011fusa Grav\u00fcrleri\u201d s\u00f6yle\u015fi ve kitap tan\u0131t\u0131m etkinli\u011fi yar\u0131n yap\u0131lacak\",\"datePublished\":\"2025-03-02T10:26:40+00:00\",\"mainEntityOfPage\":{\"@id\":\"https:\\\/\\\/kuzeyinsesi.org\\\/index.php\\\/2025\\\/03\\\/02\\\/dau-cagdas-magusa-gravurleri-soylesi-ve-kitap-tanitim-etkinligi-yarin-yapilacak\\\/\"},\"wordCount\":262,\"commentCount\":0,\"image\":{\"@id\":\"https:\\\/\\\/kuzeyinsesi.org\\\/index.php\\\/2025\\\/03\\\/02\\\/dau-cagdas-magusa-gravurleri-soylesi-ve-kitap-tanitim-etkinligi-yarin-yapilacak\\\/#primaryimage\"},\"thumbnailUrl\":\"https:\\\/\\\/kuzeyinsesi.org\\\/wp-content\\\/uploads\\\/2025\\\/03\\\/1740904665351Cagdas-Magusa-Gravurleri.jpg\",\"articleSection\":[\"Ya\u015fam\"],\"inLanguage\":\"tr\",\"potentialAction\":[{\"@type\":\"CommentAction\",\"name\":\"Comment\",\"target\":[\"https:\\\/\\\/kuzeyinsesi.org\\\/index.php\\\/2025\\\/03\\\/02\\\/dau-cagdas-magusa-gravurleri-soylesi-ve-kitap-tanitim-etkinligi-yarin-yapilacak\\\/#respond\"]}]},{\"@type\":\"WebPage\",\"@id\":\"https:\\\/\\\/kuzeyinsesi.org\\\/index.php\\\/2025\\\/03\\\/02\\\/dau-cagdas-magusa-gravurleri-soylesi-ve-kitap-tanitim-etkinligi-yarin-yapilacak\\\/\",\"url\":\"https:\\\/\\\/kuzeyinsesi.org\\\/index.php\\\/2025\\\/03\\\/02\\\/dau-cagdas-magusa-gravurleri-soylesi-ve-kitap-tanitim-etkinligi-yarin-yapilacak\\\/\",\"name\":\"DA\u00dc \u201c\u00c7a\u011fda\u015f Ma\u011fusa Grav\u00fcrleri\u201d s\u00f6yle\u015fi ve kitap tan\u0131t\u0131m etkinli\u011fi yar\u0131n yap\u0131lacak - Kuzeyin Sesi\",\"isPartOf\":{\"@id\":\"https:\\\/\\\/kuzeyinsesi.org\\\/#website\"},\"primaryImageOfPage\":{\"@id\":\"https:\\\/\\\/kuzeyinsesi.org\\\/index.php\\\/2025\\\/03\\\/02\\\/dau-cagdas-magusa-gravurleri-soylesi-ve-kitap-tanitim-etkinligi-yarin-yapilacak\\\/#primaryimage\"},\"image\":{\"@id\":\"https:\\\/\\\/kuzeyinsesi.org\\\/index.php\\\/2025\\\/03\\\/02\\\/dau-cagdas-magusa-gravurleri-soylesi-ve-kitap-tanitim-etkinligi-yarin-yapilacak\\\/#primaryimage\"},\"thumbnailUrl\":\"https:\\\/\\\/kuzeyinsesi.org\\\/wp-content\\\/uploads\\\/2025\\\/03\\\/1740904665351Cagdas-Magusa-Gravurleri.jpg\",\"datePublished\":\"2025-03-02T10:26:40+00:00\",\"author\":{\"@id\":\"https:\\\/\\\/kuzeyinsesi.org\\\/#\\\/schema\\\/person\\\/9f859689cdf01485597712386e37f5aa\"},\"breadcrumb\":{\"@id\":\"https:\\\/\\\/kuzeyinsesi.org\\\/index.php\\\/2025\\\/03\\\/02\\\/dau-cagdas-magusa-gravurleri-soylesi-ve-kitap-tanitim-etkinligi-yarin-yapilacak\\\/#breadcrumb\"},\"inLanguage\":\"tr\",\"potentialAction\":[{\"@type\":\"ReadAction\",\"target\":[\"https:\\\/\\\/kuzeyinsesi.org\\\/index.php\\\/2025\\\/03\\\/02\\\/dau-cagdas-magusa-gravurleri-soylesi-ve-kitap-tanitim-etkinligi-yarin-yapilacak\\\/\"]}]},{\"@type\":\"ImageObject\",\"inLanguage\":\"tr\",\"@id\":\"https:\\\/\\\/kuzeyinsesi.org\\\/index.php\\\/2025\\\/03\\\/02\\\/dau-cagdas-magusa-gravurleri-soylesi-ve-kitap-tanitim-etkinligi-yarin-yapilacak\\\/#primaryimage\",\"url\":\"https:\\\/\\\/kuzeyinsesi.org\\\/wp-content\\\/uploads\\\/2025\\\/03\\\/1740904665351Cagdas-Magusa-Gravurleri.jpg\",\"contentUrl\":\"https:\\\/\\\/kuzeyinsesi.org\\\/wp-content\\\/uploads\\\/2025\\\/03\\\/1740904665351Cagdas-Magusa-Gravurleri.jpg\",\"width\":1142,\"height\":1600},{\"@type\":\"BreadcrumbList\",\"@id\":\"https:\\\/\\\/kuzeyinsesi.org\\\/index.php\\\/2025\\\/03\\\/02\\\/dau-cagdas-magusa-gravurleri-soylesi-ve-kitap-tanitim-etkinligi-yarin-yapilacak\\\/#breadcrumb\",\"itemListElement\":[{\"@type\":\"ListItem\",\"position\":1,\"name\":\"Anasayfa\",\"item\":\"https:\\\/\\\/kuzeyinsesi.org\\\/\"},{\"@type\":\"ListItem\",\"position\":2,\"name\":\"DA\u00dc \u201c\u00c7a\u011fda\u015f Ma\u011fusa Grav\u00fcrleri\u201d s\u00f6yle\u015fi ve kitap tan\u0131t\u0131m etkinli\u011fi yar\u0131n yap\u0131lacak\"}]},{\"@type\":\"WebSite\",\"@id\":\"https:\\\/\\\/kuzeyinsesi.org\\\/#website\",\"url\":\"https:\\\/\\\/kuzeyinsesi.org\\\/\",\"name\":\"Kuzeyin Sesi\",\"description\":\"Do\u011fru Haberin Adresi\",\"potentialAction\":[{\"@type\":\"SearchAction\",\"target\":{\"@type\":\"EntryPoint\",\"urlTemplate\":\"https:\\\/\\\/kuzeyinsesi.org\\\/?s={search_term_string}\"},\"query-input\":{\"@type\":\"PropertyValueSpecification\",\"valueRequired\":true,\"valueName\":\"search_term_string\"}}],\"inLanguage\":\"tr\"},{\"@type\":\"Person\",\"@id\":\"https:\\\/\\\/kuzeyinsesi.org\\\/#\\\/schema\\\/person\\\/9f859689cdf01485597712386e37f5aa\",\"name\":\"Kuzeyin Sesi\",\"image\":{\"@type\":\"ImageObject\",\"inLanguage\":\"tr\",\"@id\":\"https:\\\/\\\/secure.gravatar.com\\\/avatar\\\/bab33852abfd8b282518d6ed81826833d77c3c882d9ab608add591ccace47a44?s=96&d=mm&r=g\",\"url\":\"https:\\\/\\\/secure.gravatar.com\\\/avatar\\\/bab33852abfd8b282518d6ed81826833d77c3c882d9ab608add591ccace47a44?s=96&d=mm&r=g\",\"contentUrl\":\"https:\\\/\\\/secure.gravatar.com\\\/avatar\\\/bab33852abfd8b282518d6ed81826833d77c3c882d9ab608add591ccace47a44?s=96&d=mm&r=g\",\"caption\":\"Kuzeyin Sesi\"},\"sameAs\":[\"https:\\\/\\\/kuzeyinsesi.org\"],\"url\":\"https:\\\/\\\/kuzeyinsesi.org\\\/index.php\\\/author\\\/guven\\\/\"}]}<\/script>\n<!-- \/ Yoast SEO plugin. -->","yoast_head_json":{"title":"DA\u00dc \u201c\u00c7a\u011fda\u015f Ma\u011fusa Grav\u00fcrleri\u201d s\u00f6yle\u015fi ve kitap tan\u0131t\u0131m etkinli\u011fi yar\u0131n yap\u0131lacak - Kuzeyin Sesi","robots":{"index":"index","follow":"follow","max-snippet":"max-snippet:-1","max-image-preview":"max-image-preview:large","max-video-preview":"max-video-preview:-1"},"canonical":"https:\/\/kuzeyinsesi.org\/index.php\/2025\/03\/02\/dau-cagdas-magusa-gravurleri-soylesi-ve-kitap-tanitim-etkinligi-yarin-yapilacak\/","og_locale":"tr_TR","og_type":"article","og_title":"DA\u00dc \u201c\u00c7a\u011fda\u015f Ma\u011fusa Grav\u00fcrleri\u201d s\u00f6yle\u015fi ve kitap tan\u0131t\u0131m etkinli\u011fi yar\u0131n yap\u0131lacak - Kuzeyin Sesi","og_description":"Do\u011fu Akdeniz \u00dcniversitesi \u201c\u00c7a\u011fda\u015f Ma\u011fusa Grav\u00fcrleri\u201d s\u00f6yle\u015fi ve kitap tan\u0131t\u0131m etkinli\u011fi yar\u0131n yap\u0131lacak. Do\u011fu Akdeniz \u00dcniversitesi (DA\u00dc) Yay\u0131nevi ve Sosyal ve K\u00fclt\u00fcrel Aktiviteler M\u00fcd\u00fcrl\u00fc\u011f\u00fc organizasyonunda ger\u00e7ekle\u015ftirilecek etkinlik, saat 18.00\u2019de Lefko\u015fa R\u00fcstem Kitabevi\u2019nde yer alacak. DA\u00dc\u2019den verilen bilgiye g\u00f6re, edit\u00f6rl\u00fc\u011f\u00fcn\u00fc Ayhatun Ate\u015fin\u2019in \u00fcstlendi\u011fi \u201c Ma\u011fusa Grav\u00fcrleri\u201d kitab\u0131, Do\u00e7. Dr. Ege Uluca T\u00fcm\u00f6r, Emin \u00c7izenel, Dr. Okan [&hellip;]","og_url":"https:\/\/kuzeyinsesi.org\/index.php\/2025\/03\/02\/dau-cagdas-magusa-gravurleri-soylesi-ve-kitap-tanitim-etkinligi-yarin-yapilacak\/","og_site_name":"Kuzeyin Sesi","article_publisher":"https:\/\/www.facebook.com\/kuzeyinsesii","article_published_time":"2025-03-02T10:26:40+00:00","og_image":[{"url":"https:\/\/brtk.net\/wp-content\/uploads\/2025\/03\/02\/1740904665351Cagdas-Magusa-Gravurleri.jpg?ver=1d101b0762bb10913c3ac791c94f3366","type":"","width":"","height":""}],"author":"Kuzeyin Sesi","twitter_card":"summary_large_image","twitter_creator":"@kuzeyinsesii","twitter_site":"@kuzeyinsesii","twitter_misc":{"Yazan:":"Kuzeyin Sesi","Tahmini okuma s\u00fcresi":"1 dakika"},"schema":{"@context":"https:\/\/schema.org","@graph":[{"@type":"Article","@id":"https:\/\/kuzeyinsesi.org\/index.php\/2025\/03\/02\/dau-cagdas-magusa-gravurleri-soylesi-ve-kitap-tanitim-etkinligi-yarin-yapilacak\/#article","isPartOf":{"@id":"https:\/\/kuzeyinsesi.org\/index.php\/2025\/03\/02\/dau-cagdas-magusa-gravurleri-soylesi-ve-kitap-tanitim-etkinligi-yarin-yapilacak\/"},"author":{"name":"Kuzeyin Sesi","@id":"https:\/\/kuzeyinsesi.org\/#\/schema\/person\/9f859689cdf01485597712386e37f5aa"},"headline":"DA\u00dc \u201c\u00c7a\u011fda\u015f Ma\u011fusa Grav\u00fcrleri\u201d s\u00f6yle\u015fi ve kitap tan\u0131t\u0131m etkinli\u011fi yar\u0131n yap\u0131lacak","datePublished":"2025-03-02T10:26:40+00:00","mainEntityOfPage":{"@id":"https:\/\/kuzeyinsesi.org\/index.php\/2025\/03\/02\/dau-cagdas-magusa-gravurleri-soylesi-ve-kitap-tanitim-etkinligi-yarin-yapilacak\/"},"wordCount":262,"commentCount":0,"image":{"@id":"https:\/\/kuzeyinsesi.org\/index.php\/2025\/03\/02\/dau-cagdas-magusa-gravurleri-soylesi-ve-kitap-tanitim-etkinligi-yarin-yapilacak\/#primaryimage"},"thumbnailUrl":"https:\/\/kuzeyinsesi.org\/wp-content\/uploads\/2025\/03\/1740904665351Cagdas-Magusa-Gravurleri.jpg","articleSection":["Ya\u015fam"],"inLanguage":"tr","potentialAction":[{"@type":"CommentAction","name":"Comment","target":["https:\/\/kuzeyinsesi.org\/index.php\/2025\/03\/02\/dau-cagdas-magusa-gravurleri-soylesi-ve-kitap-tanitim-etkinligi-yarin-yapilacak\/#respond"]}]},{"@type":"WebPage","@id":"https:\/\/kuzeyinsesi.org\/index.php\/2025\/03\/02\/dau-cagdas-magusa-gravurleri-soylesi-ve-kitap-tanitim-etkinligi-yarin-yapilacak\/","url":"https:\/\/kuzeyinsesi.org\/index.php\/2025\/03\/02\/dau-cagdas-magusa-gravurleri-soylesi-ve-kitap-tanitim-etkinligi-yarin-yapilacak\/","name":"DA\u00dc \u201c\u00c7a\u011fda\u015f Ma\u011fusa Grav\u00fcrleri\u201d s\u00f6yle\u015fi ve kitap tan\u0131t\u0131m etkinli\u011fi yar\u0131n yap\u0131lacak - Kuzeyin Sesi","isPartOf":{"@id":"https:\/\/kuzeyinsesi.org\/#website"},"primaryImageOfPage":{"@id":"https:\/\/kuzeyinsesi.org\/index.php\/2025\/03\/02\/dau-cagdas-magusa-gravurleri-soylesi-ve-kitap-tanitim-etkinligi-yarin-yapilacak\/#primaryimage"},"image":{"@id":"https:\/\/kuzeyinsesi.org\/index.php\/2025\/03\/02\/dau-cagdas-magusa-gravurleri-soylesi-ve-kitap-tanitim-etkinligi-yarin-yapilacak\/#primaryimage"},"thumbnailUrl":"https:\/\/kuzeyinsesi.org\/wp-content\/uploads\/2025\/03\/1740904665351Cagdas-Magusa-Gravurleri.jpg","datePublished":"2025-03-02T10:26:40+00:00","author":{"@id":"https:\/\/kuzeyinsesi.org\/#\/schema\/person\/9f859689cdf01485597712386e37f5aa"},"breadcrumb":{"@id":"https:\/\/kuzeyinsesi.org\/index.php\/2025\/03\/02\/dau-cagdas-magusa-gravurleri-soylesi-ve-kitap-tanitim-etkinligi-yarin-yapilacak\/#breadcrumb"},"inLanguage":"tr","potentialAction":[{"@type":"ReadAction","target":["https:\/\/kuzeyinsesi.org\/index.php\/2025\/03\/02\/dau-cagdas-magusa-gravurleri-soylesi-ve-kitap-tanitim-etkinligi-yarin-yapilacak\/"]}]},{"@type":"ImageObject","inLanguage":"tr","@id":"https:\/\/kuzeyinsesi.org\/index.php\/2025\/03\/02\/dau-cagdas-magusa-gravurleri-soylesi-ve-kitap-tanitim-etkinligi-yarin-yapilacak\/#primaryimage","url":"https:\/\/kuzeyinsesi.org\/wp-content\/uploads\/2025\/03\/1740904665351Cagdas-Magusa-Gravurleri.jpg","contentUrl":"https:\/\/kuzeyinsesi.org\/wp-content\/uploads\/2025\/03\/1740904665351Cagdas-Magusa-Gravurleri.jpg","width":1142,"height":1600},{"@type":"BreadcrumbList","@id":"https:\/\/kuzeyinsesi.org\/index.php\/2025\/03\/02\/dau-cagdas-magusa-gravurleri-soylesi-ve-kitap-tanitim-etkinligi-yarin-yapilacak\/#breadcrumb","itemListElement":[{"@type":"ListItem","position":1,"name":"Anasayfa","item":"https:\/\/kuzeyinsesi.org\/"},{"@type":"ListItem","position":2,"name":"DA\u00dc \u201c\u00c7a\u011fda\u015f Ma\u011fusa Grav\u00fcrleri\u201d s\u00f6yle\u015fi ve kitap tan\u0131t\u0131m etkinli\u011fi yar\u0131n yap\u0131lacak"}]},{"@type":"WebSite","@id":"https:\/\/kuzeyinsesi.org\/#website","url":"https:\/\/kuzeyinsesi.org\/","name":"Kuzeyin Sesi","description":"Do\u011fru Haberin Adresi","potentialAction":[{"@type":"SearchAction","target":{"@type":"EntryPoint","urlTemplate":"https:\/\/kuzeyinsesi.org\/?s={search_term_string}"},"query-input":{"@type":"PropertyValueSpecification","valueRequired":true,"valueName":"search_term_string"}}],"inLanguage":"tr"},{"@type":"Person","@id":"https:\/\/kuzeyinsesi.org\/#\/schema\/person\/9f859689cdf01485597712386e37f5aa","name":"Kuzeyin Sesi","image":{"@type":"ImageObject","inLanguage":"tr","@id":"https:\/\/secure.gravatar.com\/avatar\/bab33852abfd8b282518d6ed81826833d77c3c882d9ab608add591ccace47a44?s=96&d=mm&r=g","url":"https:\/\/secure.gravatar.com\/avatar\/bab33852abfd8b282518d6ed81826833d77c3c882d9ab608add591ccace47a44?s=96&d=mm&r=g","contentUrl":"https:\/\/secure.gravatar.com\/avatar\/bab33852abfd8b282518d6ed81826833d77c3c882d9ab608add591ccace47a44?s=96&d=mm&r=g","caption":"Kuzeyin Sesi"},"sameAs":["https:\/\/kuzeyinsesi.org"],"url":"https:\/\/kuzeyinsesi.org\/index.php\/author\/guven\/"}]}},"_links":{"self":[{"href":"https:\/\/kuzeyinsesi.org\/index.php\/wp-json\/wp\/v2\/posts\/20049","targetHints":{"allow":["GET"]}}],"collection":[{"href":"https:\/\/kuzeyinsesi.org\/index.php\/wp-json\/wp\/v2\/posts"}],"about":[{"href":"https:\/\/kuzeyinsesi.org\/index.php\/wp-json\/wp\/v2\/types\/post"}],"author":[{"embeddable":true,"href":"https:\/\/kuzeyinsesi.org\/index.php\/wp-json\/wp\/v2\/users\/1"}],"replies":[{"embeddable":true,"href":"https:\/\/kuzeyinsesi.org\/index.php\/wp-json\/wp\/v2\/comments?post=20049"}],"version-history":[{"count":0,"href":"https:\/\/kuzeyinsesi.org\/index.php\/wp-json\/wp\/v2\/posts\/20049\/revisions"}],"wp:featuredmedia":[{"embeddable":true,"href":"https:\/\/kuzeyinsesi.org\/index.php\/wp-json\/wp\/v2\/media\/20050"}],"wp:attachment":[{"href":"https:\/\/kuzeyinsesi.org\/index.php\/wp-json\/wp\/v2\/media?parent=20049"}],"wp:term":[{"taxonomy":"category","embeddable":true,"href":"https:\/\/kuzeyinsesi.org\/index.php\/wp-json\/wp\/v2\/categories?post=20049"},{"taxonomy":"post_tag","embeddable":true,"href":"https:\/\/kuzeyinsesi.org\/index.php\/wp-json\/wp\/v2\/tags?post=20049"}],"curies":[{"name":"wp","href":"https:\/\/api.w.org\/{rel}","templated":true}]}}