{"id":20033,"date":"2025-03-01T18:31:10","date_gmt":"2025-03-01T16:31:10","guid":{"rendered":"https:\/\/kuzeyinsesi.org\/index.php\/2025\/03\/01\/teror-orgutu-pkk-silah-birakacagini-acikladi\/"},"modified":"2025-03-01T18:31:10","modified_gmt":"2025-03-01T16:31:10","slug":"teror-orgutu-pkk-silah-birakacagini-acikladi","status":"publish","type":"post","link":"https:\/\/kuzeyinsesi.org\/index.php\/2025\/03\/01\/teror-orgutu-pkk-silah-birakacagini-acikladi\/","title":{"rendered":"Ter\u00f6r \u00f6rg\u00fct\u00fc PKK, \u201csilah b\u0131rakaca\u011f\u0131n\u0131\u201d a\u00e7\u0131klad\u0131"},"content":{"rendered":"<div>\n<div class=\"mariselle-image-container center\">\n                                            <\/div>\n<p>Ter\u00f6r \u00f6rg\u00fct\u00fc PKK, \u201csilah b\u0131rakaca\u011f\u0131n\u0131\u201d a\u00e7\u0131klad\u0131.<\/p>\n<p>TRT Haber\u2019in ANF\u2019yi referans vererek yay\u0131mlad\u0131\u011f\u0131 habere g\u00f6re,  PKK, ter\u00f6rist eleba\u015f\u0131n\u0131n \u201csilah b\u0131rak\u0131n\u201d \u00e7a\u011fr\u0131s\u0131na uyaca\u011f\u0131n\u0131 ve \u201cate\u015fkes ilan etti\u011fini\u201d duyurdu.<\/p>\n<p>Habere g\u00f6re \u201cPKK Y\u00fcr\u00fctme Komitesi, ter\u00f6rist eleba\u015f\u0131 Abdullah \u00d6calan\u2019\u0131n 27 \u015eubat\u2019ta yapt\u0131\u011f\u0131 a\u00e7\u0131klaman\u0131n ard\u0131ndan bir a\u00e7\u0131klama\u201d yapt\u0131.<\/p>\n<p>\u201c\u00d6rg\u00fct\u00fcn, \u00d6calan\u2019\u0131n \u00e7a\u011fr\u0131s\u0131na uyacaklar\u0131n\u0131 belirten\u201d a\u00e7\u0131klamas\u0131nda, \u201cBiz PKK olarak s\u00f6z konusu \u00e7a\u011fr\u0131n\u0131n i\u00e7eri\u011fine oldu\u011fu gibi kat\u0131l\u0131yoruz ve kendi cephemizden \u00e7a\u011fr\u0131n\u0131n gereklerine uyaca\u011f\u0131m\u0131z\u0131 ve uygulayaca\u011f\u0131m\u0131z\u0131 belirtiyoruz. Bug\u00fcnden ge\u00e7erli olmak \u00fczere ate\u015fkes ilan ediyoruz.\u201d denildi.<\/p>\n<\/p><\/div>\n<p><script async\n                    defer\n                    crossorigin=\"anonymous\"\n                    src=\"https:\/\/connect.facebook.net\/tr_TR\/sdk.js#xfbml=1&#038;version=v3.3\"\n            ><\/script><\/p>\n","protected":false},"excerpt":{"rendered":"<p>Ter\u00f6r \u00f6rg\u00fct\u00fc PKK, \u201csilah b\u0131rakaca\u011f\u0131n\u0131\u201d a\u00e7\u0131klad\u0131. TRT Haber\u2019in ANF\u2019yi referans vererek yay\u0131mlad\u0131\u011f\u0131 habere g\u00f6re, PKK, ter\u00f6rist eleba\u015f\u0131n\u0131n \u201csilah b\u0131rak\u0131n\u201d \u00e7a\u011fr\u0131s\u0131na uyaca\u011f\u0131n\u0131 ve \u201cate\u015fkes ilan etti\u011fini\u201d duyurdu. Habere g\u00f6re \u201cPKK Y\u00fcr\u00fctme Komitesi, ter\u00f6rist eleba\u015f\u0131 Abdullah \u00d6calan\u2019\u0131n 27 \u015eubat\u2019ta yapt\u0131\u011f\u0131 a\u00e7\u0131klaman\u0131n ard\u0131ndan bir a\u00e7\u0131klama\u201d yapt\u0131. \u201c\u00d6rg\u00fct\u00fcn, \u00d6calan\u2019\u0131n \u00e7a\u011fr\u0131s\u0131na uyacaklar\u0131n\u0131 belirten\u201d a\u00e7\u0131klamas\u0131nda, \u201cBiz PKK olarak s\u00f6z konusu \u00e7a\u011fr\u0131n\u0131n [&hellip;]<\/p>\n","protected":false},"author":1,"featured_media":20034,"comment_status":"open","ping_status":"open","sticky":false,"template":"","format":"standard","meta":{"jnews-multi-image_gallery":[],"jnews_single_post":[],"jnews_primary_category":[],"jnews_social_meta":[],"jnews_override_counter":[],"footnotes":""},"categories":[5],"tags":[],"class_list":["post-20033","post","type-post","status-publish","format-standard","has-post-thumbnail","hentry","category-turkiye"],"yoast_head":"<!-- This site is optimized with the Yoast SEO plugin v27.5 - https:\/\/yoast.com\/product\/yoast-seo-wordpress\/ -->\n<title>Ter\u00f6r \u00f6rg\u00fct\u00fc PKK, \u201csilah b\u0131rakaca\u011f\u0131n\u0131\u201d a\u00e7\u0131klad\u0131 - Kuzeyin Sesi<\/title>\n<meta name=\"robots\" content=\"index, follow, max-snippet:-1, max-image-preview:large, max-video-preview:-1\" \/>\n<link rel=\"canonical\" href=\"https:\/\/kuzeyinsesi.org\/index.php\/2025\/03\/01\/teror-orgutu-pkk-silah-birakacagini-acikladi\/\" \/>\n<meta property=\"og:locale\" content=\"tr_TR\" \/>\n<meta property=\"og:type\" content=\"article\" \/>\n<meta property=\"og:title\" content=\"Ter\u00f6r \u00f6rg\u00fct\u00fc PKK, \u201csilah b\u0131rakaca\u011f\u0131n\u0131\u201d a\u00e7\u0131klad\u0131 - Kuzeyin Sesi\" \/>\n<meta property=\"og:description\" content=\"Ter\u00f6r \u00f6rg\u00fct\u00fc PKK, \u201csilah b\u0131rakaca\u011f\u0131n\u0131\u201d a\u00e7\u0131klad\u0131. TRT Haber\u2019in ANF\u2019yi referans vererek yay\u0131mlad\u0131\u011f\u0131 habere g\u00f6re, PKK, ter\u00f6rist eleba\u015f\u0131n\u0131n \u201csilah b\u0131rak\u0131n\u201d \u00e7a\u011fr\u0131s\u0131na uyaca\u011f\u0131n\u0131 ve \u201cate\u015fkes ilan etti\u011fini\u201d duyurdu. Habere g\u00f6re \u201cPKK Y\u00fcr\u00fctme Komitesi, ter\u00f6rist eleba\u015f\u0131 Abdullah \u00d6calan\u2019\u0131n 27 \u015eubat\u2019ta yapt\u0131\u011f\u0131 a\u00e7\u0131klaman\u0131n ard\u0131ndan bir a\u00e7\u0131klama\u201d yapt\u0131. \u201c\u00d6rg\u00fct\u00fcn, \u00d6calan\u2019\u0131n \u00e7a\u011fr\u0131s\u0131na uyacaklar\u0131n\u0131 belirten\u201d a\u00e7\u0131klamas\u0131nda, \u201cBiz PKK olarak s\u00f6z konusu \u00e7a\u011fr\u0131n\u0131n [&hellip;]\" \/>\n<meta property=\"og:url\" content=\"https:\/\/kuzeyinsesi.org\/index.php\/2025\/03\/01\/teror-orgutu-pkk-silah-birakacagini-acikladi\/\" \/>\n<meta property=\"og:site_name\" content=\"Kuzeyin Sesi\" \/>\n<meta property=\"article:publisher\" content=\"https:\/\/www.facebook.com\/kuzeyinsesii\" \/>\n<meta property=\"article:published_time\" content=\"2025-03-01T16:31:10+00:00\" \/>\n<meta property=\"og:image\" content=\"https:\/\/brtk.net\/wp-content\/uploads\/2025\/03\/01\/1740837663332teror-1969410.jpg?ver=8044de69a14696c0986c06010c82ac10\" \/>\n<meta name=\"author\" content=\"Kuzeyin Sesi\" \/>\n<meta name=\"twitter:card\" content=\"summary_large_image\" \/>\n<meta name=\"twitter:creator\" content=\"@kuzeyinsesii\" \/>\n<meta name=\"twitter:site\" content=\"@kuzeyinsesii\" \/>\n<meta name=\"twitter:label1\" content=\"Yazan:\" \/>\n\t<meta name=\"twitter:data1\" content=\"Kuzeyin Sesi\" \/>\n\t<meta name=\"twitter:label2\" content=\"Tahmini okuma s\u00fcresi\" \/>\n\t<meta name=\"twitter:data2\" content=\"1 dakika\" \/>\n<script type=\"application\/ld+json\" class=\"yoast-schema-graph\">{\"@context\":\"https:\\\/\\\/schema.org\",\"@graph\":[{\"@type\":\"Article\",\"@id\":\"https:\\\/\\\/kuzeyinsesi.org\\\/index.php\\\/2025\\\/03\\\/01\\\/teror-orgutu-pkk-silah-birakacagini-acikladi\\\/#article\",\"isPartOf\":{\"@id\":\"https:\\\/\\\/kuzeyinsesi.org\\\/index.php\\\/2025\\\/03\\\/01\\\/teror-orgutu-pkk-silah-birakacagini-acikladi\\\/\"},\"author\":{\"name\":\"Kuzeyin Sesi\",\"@id\":\"https:\\\/\\\/kuzeyinsesi.org\\\/#\\\/schema\\\/person\\\/9f859689cdf01485597712386e37f5aa\"},\"headline\":\"Ter\u00f6r \u00f6rg\u00fct\u00fc PKK, \u201csilah b\u0131rakaca\u011f\u0131n\u0131\u201d a\u00e7\u0131klad\u0131\",\"datePublished\":\"2025-03-01T16:31:10+00:00\",\"mainEntityOfPage\":{\"@id\":\"https:\\\/\\\/kuzeyinsesi.org\\\/index.php\\\/2025\\\/03\\\/01\\\/teror-orgutu-pkk-silah-birakacagini-acikladi\\\/\"},\"wordCount\":144,\"commentCount\":0,\"image\":{\"@id\":\"https:\\\/\\\/kuzeyinsesi.org\\\/index.php\\\/2025\\\/03\\\/01\\\/teror-orgutu-pkk-silah-birakacagini-acikladi\\\/#primaryimage\"},\"thumbnailUrl\":\"https:\\\/\\\/kuzeyinsesi.org\\\/wp-content\\\/uploads\\\/2025\\\/03\\\/1740837663332teror-1969410.jpg\",\"articleSection\":[\"T\u00fcrkiye\"],\"inLanguage\":\"tr\",\"potentialAction\":[{\"@type\":\"CommentAction\",\"name\":\"Comment\",\"target\":[\"https:\\\/\\\/kuzeyinsesi.org\\\/index.php\\\/2025\\\/03\\\/01\\\/teror-orgutu-pkk-silah-birakacagini-acikladi\\\/#respond\"]}]},{\"@type\":\"WebPage\",\"@id\":\"https:\\\/\\\/kuzeyinsesi.org\\\/index.php\\\/2025\\\/03\\\/01\\\/teror-orgutu-pkk-silah-birakacagini-acikladi\\\/\",\"url\":\"https:\\\/\\\/kuzeyinsesi.org\\\/index.php\\\/2025\\\/03\\\/01\\\/teror-orgutu-pkk-silah-birakacagini-acikladi\\\/\",\"name\":\"Ter\u00f6r \u00f6rg\u00fct\u00fc PKK, \u201csilah b\u0131rakaca\u011f\u0131n\u0131\u201d a\u00e7\u0131klad\u0131 - Kuzeyin Sesi\",\"isPartOf\":{\"@id\":\"https:\\\/\\\/kuzeyinsesi.org\\\/#website\"},\"primaryImageOfPage\":{\"@id\":\"https:\\\/\\\/kuzeyinsesi.org\\\/index.php\\\/2025\\\/03\\\/01\\\/teror-orgutu-pkk-silah-birakacagini-acikladi\\\/#primaryimage\"},\"image\":{\"@id\":\"https:\\\/\\\/kuzeyinsesi.org\\\/index.php\\\/2025\\\/03\\\/01\\\/teror-orgutu-pkk-silah-birakacagini-acikladi\\\/#primaryimage\"},\"thumbnailUrl\":\"https:\\\/\\\/kuzeyinsesi.org\\\/wp-content\\\/uploads\\\/2025\\\/03\\\/1740837663332teror-1969410.jpg\",\"datePublished\":\"2025-03-01T16:31:10+00:00\",\"author\":{\"@id\":\"https:\\\/\\\/kuzeyinsesi.org\\\/#\\\/schema\\\/person\\\/9f859689cdf01485597712386e37f5aa\"},\"breadcrumb\":{\"@id\":\"https:\\\/\\\/kuzeyinsesi.org\\\/index.php\\\/2025\\\/03\\\/01\\\/teror-orgutu-pkk-silah-birakacagini-acikladi\\\/#breadcrumb\"},\"inLanguage\":\"tr\",\"potentialAction\":[{\"@type\":\"ReadAction\",\"target\":[\"https:\\\/\\\/kuzeyinsesi.org\\\/index.php\\\/2025\\\/03\\\/01\\\/teror-orgutu-pkk-silah-birakacagini-acikladi\\\/\"]}]},{\"@type\":\"ImageObject\",\"inLanguage\":\"tr\",\"@id\":\"https:\\\/\\\/kuzeyinsesi.org\\\/index.php\\\/2025\\\/03\\\/01\\\/teror-orgutu-pkk-silah-birakacagini-acikladi\\\/#primaryimage\",\"url\":\"https:\\\/\\\/kuzeyinsesi.org\\\/wp-content\\\/uploads\\\/2025\\\/03\\\/1740837663332teror-1969410.jpg\",\"contentUrl\":\"https:\\\/\\\/kuzeyinsesi.org\\\/wp-content\\\/uploads\\\/2025\\\/03\\\/1740837663332teror-1969410.jpg\",\"width\":1280,\"height\":720},{\"@type\":\"BreadcrumbList\",\"@id\":\"https:\\\/\\\/kuzeyinsesi.org\\\/index.php\\\/2025\\\/03\\\/01\\\/teror-orgutu-pkk-silah-birakacagini-acikladi\\\/#breadcrumb\",\"itemListElement\":[{\"@type\":\"ListItem\",\"position\":1,\"name\":\"Anasayfa\",\"item\":\"https:\\\/\\\/kuzeyinsesi.org\\\/\"},{\"@type\":\"ListItem\",\"position\":2,\"name\":\"Ter\u00f6r \u00f6rg\u00fct\u00fc PKK, \u201csilah b\u0131rakaca\u011f\u0131n\u0131\u201d a\u00e7\u0131klad\u0131\"}]},{\"@type\":\"WebSite\",\"@id\":\"https:\\\/\\\/kuzeyinsesi.org\\\/#website\",\"url\":\"https:\\\/\\\/kuzeyinsesi.org\\\/\",\"name\":\"Kuzeyin Sesi\",\"description\":\"Do\u011fru Haberin Adresi\",\"potentialAction\":[{\"@type\":\"SearchAction\",\"target\":{\"@type\":\"EntryPoint\",\"urlTemplate\":\"https:\\\/\\\/kuzeyinsesi.org\\\/?s={search_term_string}\"},\"query-input\":{\"@type\":\"PropertyValueSpecification\",\"valueRequired\":true,\"valueName\":\"search_term_string\"}}],\"inLanguage\":\"tr\"},{\"@type\":\"Person\",\"@id\":\"https:\\\/\\\/kuzeyinsesi.org\\\/#\\\/schema\\\/person\\\/9f859689cdf01485597712386e37f5aa\",\"name\":\"Kuzeyin Sesi\",\"image\":{\"@type\":\"ImageObject\",\"inLanguage\":\"tr\",\"@id\":\"https:\\\/\\\/secure.gravatar.com\\\/avatar\\\/bab33852abfd8b282518d6ed81826833d77c3c882d9ab608add591ccace47a44?s=96&d=mm&r=g\",\"url\":\"https:\\\/\\\/secure.gravatar.com\\\/avatar\\\/bab33852abfd8b282518d6ed81826833d77c3c882d9ab608add591ccace47a44?s=96&d=mm&r=g\",\"contentUrl\":\"https:\\\/\\\/secure.gravatar.com\\\/avatar\\\/bab33852abfd8b282518d6ed81826833d77c3c882d9ab608add591ccace47a44?s=96&d=mm&r=g\",\"caption\":\"Kuzeyin Sesi\"},\"sameAs\":[\"https:\\\/\\\/kuzeyinsesi.org\"],\"url\":\"https:\\\/\\\/kuzeyinsesi.org\\\/index.php\\\/author\\\/guven\\\/\"}]}<\/script>\n<!-- \/ Yoast SEO plugin. -->","yoast_head_json":{"title":"Ter\u00f6r \u00f6rg\u00fct\u00fc PKK, \u201csilah b\u0131rakaca\u011f\u0131n\u0131\u201d a\u00e7\u0131klad\u0131 - Kuzeyin Sesi","robots":{"index":"index","follow":"follow","max-snippet":"max-snippet:-1","max-image-preview":"max-image-preview:large","max-video-preview":"max-video-preview:-1"},"canonical":"https:\/\/kuzeyinsesi.org\/index.php\/2025\/03\/01\/teror-orgutu-pkk-silah-birakacagini-acikladi\/","og_locale":"tr_TR","og_type":"article","og_title":"Ter\u00f6r \u00f6rg\u00fct\u00fc PKK, \u201csilah b\u0131rakaca\u011f\u0131n\u0131\u201d a\u00e7\u0131klad\u0131 - Kuzeyin Sesi","og_description":"Ter\u00f6r \u00f6rg\u00fct\u00fc PKK, \u201csilah b\u0131rakaca\u011f\u0131n\u0131\u201d a\u00e7\u0131klad\u0131. TRT Haber\u2019in ANF\u2019yi referans vererek yay\u0131mlad\u0131\u011f\u0131 habere g\u00f6re, PKK, ter\u00f6rist eleba\u015f\u0131n\u0131n \u201csilah b\u0131rak\u0131n\u201d \u00e7a\u011fr\u0131s\u0131na uyaca\u011f\u0131n\u0131 ve \u201cate\u015fkes ilan etti\u011fini\u201d duyurdu. Habere g\u00f6re \u201cPKK Y\u00fcr\u00fctme Komitesi, ter\u00f6rist eleba\u015f\u0131 Abdullah \u00d6calan\u2019\u0131n 27 \u015eubat\u2019ta yapt\u0131\u011f\u0131 a\u00e7\u0131klaman\u0131n ard\u0131ndan bir a\u00e7\u0131klama\u201d yapt\u0131. \u201c\u00d6rg\u00fct\u00fcn, \u00d6calan\u2019\u0131n \u00e7a\u011fr\u0131s\u0131na uyacaklar\u0131n\u0131 belirten\u201d a\u00e7\u0131klamas\u0131nda, \u201cBiz PKK olarak s\u00f6z konusu \u00e7a\u011fr\u0131n\u0131n [&hellip;]","og_url":"https:\/\/kuzeyinsesi.org\/index.php\/2025\/03\/01\/teror-orgutu-pkk-silah-birakacagini-acikladi\/","og_site_name":"Kuzeyin Sesi","article_publisher":"https:\/\/www.facebook.com\/kuzeyinsesii","article_published_time":"2025-03-01T16:31:10+00:00","og_image":[{"url":"https:\/\/brtk.net\/wp-content\/uploads\/2025\/03\/01\/1740837663332teror-1969410.jpg?ver=8044de69a14696c0986c06010c82ac10","type":"","width":"","height":""}],"author":"Kuzeyin Sesi","twitter_card":"summary_large_image","twitter_creator":"@kuzeyinsesii","twitter_site":"@kuzeyinsesii","twitter_misc":{"Yazan:":"Kuzeyin Sesi","Tahmini okuma s\u00fcresi":"1 dakika"},"schema":{"@context":"https:\/\/schema.org","@graph":[{"@type":"Article","@id":"https:\/\/kuzeyinsesi.org\/index.php\/2025\/03\/01\/teror-orgutu-pkk-silah-birakacagini-acikladi\/#article","isPartOf":{"@id":"https:\/\/kuzeyinsesi.org\/index.php\/2025\/03\/01\/teror-orgutu-pkk-silah-birakacagini-acikladi\/"},"author":{"name":"Kuzeyin Sesi","@id":"https:\/\/kuzeyinsesi.org\/#\/schema\/person\/9f859689cdf01485597712386e37f5aa"},"headline":"Ter\u00f6r \u00f6rg\u00fct\u00fc PKK, \u201csilah b\u0131rakaca\u011f\u0131n\u0131\u201d a\u00e7\u0131klad\u0131","datePublished":"2025-03-01T16:31:10+00:00","mainEntityOfPage":{"@id":"https:\/\/kuzeyinsesi.org\/index.php\/2025\/03\/01\/teror-orgutu-pkk-silah-birakacagini-acikladi\/"},"wordCount":144,"commentCount":0,"image":{"@id":"https:\/\/kuzeyinsesi.org\/index.php\/2025\/03\/01\/teror-orgutu-pkk-silah-birakacagini-acikladi\/#primaryimage"},"thumbnailUrl":"https:\/\/kuzeyinsesi.org\/wp-content\/uploads\/2025\/03\/1740837663332teror-1969410.jpg","articleSection":["T\u00fcrkiye"],"inLanguage":"tr","potentialAction":[{"@type":"CommentAction","name":"Comment","target":["https:\/\/kuzeyinsesi.org\/index.php\/2025\/03\/01\/teror-orgutu-pkk-silah-birakacagini-acikladi\/#respond"]}]},{"@type":"WebPage","@id":"https:\/\/kuzeyinsesi.org\/index.php\/2025\/03\/01\/teror-orgutu-pkk-silah-birakacagini-acikladi\/","url":"https:\/\/kuzeyinsesi.org\/index.php\/2025\/03\/01\/teror-orgutu-pkk-silah-birakacagini-acikladi\/","name":"Ter\u00f6r \u00f6rg\u00fct\u00fc PKK, \u201csilah b\u0131rakaca\u011f\u0131n\u0131\u201d a\u00e7\u0131klad\u0131 - Kuzeyin Sesi","isPartOf":{"@id":"https:\/\/kuzeyinsesi.org\/#website"},"primaryImageOfPage":{"@id":"https:\/\/kuzeyinsesi.org\/index.php\/2025\/03\/01\/teror-orgutu-pkk-silah-birakacagini-acikladi\/#primaryimage"},"image":{"@id":"https:\/\/kuzeyinsesi.org\/index.php\/2025\/03\/01\/teror-orgutu-pkk-silah-birakacagini-acikladi\/#primaryimage"},"thumbnailUrl":"https:\/\/kuzeyinsesi.org\/wp-content\/uploads\/2025\/03\/1740837663332teror-1969410.jpg","datePublished":"2025-03-01T16:31:10+00:00","author":{"@id":"https:\/\/kuzeyinsesi.org\/#\/schema\/person\/9f859689cdf01485597712386e37f5aa"},"breadcrumb":{"@id":"https:\/\/kuzeyinsesi.org\/index.php\/2025\/03\/01\/teror-orgutu-pkk-silah-birakacagini-acikladi\/#breadcrumb"},"inLanguage":"tr","potentialAction":[{"@type":"ReadAction","target":["https:\/\/kuzeyinsesi.org\/index.php\/2025\/03\/01\/teror-orgutu-pkk-silah-birakacagini-acikladi\/"]}]},{"@type":"ImageObject","inLanguage":"tr","@id":"https:\/\/kuzeyinsesi.org\/index.php\/2025\/03\/01\/teror-orgutu-pkk-silah-birakacagini-acikladi\/#primaryimage","url":"https:\/\/kuzeyinsesi.org\/wp-content\/uploads\/2025\/03\/1740837663332teror-1969410.jpg","contentUrl":"https:\/\/kuzeyinsesi.org\/wp-content\/uploads\/2025\/03\/1740837663332teror-1969410.jpg","width":1280,"height":720},{"@type":"BreadcrumbList","@id":"https:\/\/kuzeyinsesi.org\/index.php\/2025\/03\/01\/teror-orgutu-pkk-silah-birakacagini-acikladi\/#breadcrumb","itemListElement":[{"@type":"ListItem","position":1,"name":"Anasayfa","item":"https:\/\/kuzeyinsesi.org\/"},{"@type":"ListItem","position":2,"name":"Ter\u00f6r \u00f6rg\u00fct\u00fc PKK, \u201csilah b\u0131rakaca\u011f\u0131n\u0131\u201d a\u00e7\u0131klad\u0131"}]},{"@type":"WebSite","@id":"https:\/\/kuzeyinsesi.org\/#website","url":"https:\/\/kuzeyinsesi.org\/","name":"Kuzeyin Sesi","description":"Do\u011fru Haberin Adresi","potentialAction":[{"@type":"SearchAction","target":{"@type":"EntryPoint","urlTemplate":"https:\/\/kuzeyinsesi.org\/?s={search_term_string}"},"query-input":{"@type":"PropertyValueSpecification","valueRequired":true,"valueName":"search_term_string"}}],"inLanguage":"tr"},{"@type":"Person","@id":"https:\/\/kuzeyinsesi.org\/#\/schema\/person\/9f859689cdf01485597712386e37f5aa","name":"Kuzeyin Sesi","image":{"@type":"ImageObject","inLanguage":"tr","@id":"https:\/\/secure.gravatar.com\/avatar\/bab33852abfd8b282518d6ed81826833d77c3c882d9ab608add591ccace47a44?s=96&d=mm&r=g","url":"https:\/\/secure.gravatar.com\/avatar\/bab33852abfd8b282518d6ed81826833d77c3c882d9ab608add591ccace47a44?s=96&d=mm&r=g","contentUrl":"https:\/\/secure.gravatar.com\/avatar\/bab33852abfd8b282518d6ed81826833d77c3c882d9ab608add591ccace47a44?s=96&d=mm&r=g","caption":"Kuzeyin Sesi"},"sameAs":["https:\/\/kuzeyinsesi.org"],"url":"https:\/\/kuzeyinsesi.org\/index.php\/author\/guven\/"}]}},"_links":{"self":[{"href":"https:\/\/kuzeyinsesi.org\/index.php\/wp-json\/wp\/v2\/posts\/20033","targetHints":{"allow":["GET"]}}],"collection":[{"href":"https:\/\/kuzeyinsesi.org\/index.php\/wp-json\/wp\/v2\/posts"}],"about":[{"href":"https:\/\/kuzeyinsesi.org\/index.php\/wp-json\/wp\/v2\/types\/post"}],"author":[{"embeddable":true,"href":"https:\/\/kuzeyinsesi.org\/index.php\/wp-json\/wp\/v2\/users\/1"}],"replies":[{"embeddable":true,"href":"https:\/\/kuzeyinsesi.org\/index.php\/wp-json\/wp\/v2\/comments?post=20033"}],"version-history":[{"count":0,"href":"https:\/\/kuzeyinsesi.org\/index.php\/wp-json\/wp\/v2\/posts\/20033\/revisions"}],"wp:featuredmedia":[{"embeddable":true,"href":"https:\/\/kuzeyinsesi.org\/index.php\/wp-json\/wp\/v2\/media\/20034"}],"wp:attachment":[{"href":"https:\/\/kuzeyinsesi.org\/index.php\/wp-json\/wp\/v2\/media?parent=20033"}],"wp:term":[{"taxonomy":"category","embeddable":true,"href":"https:\/\/kuzeyinsesi.org\/index.php\/wp-json\/wp\/v2\/categories?post=20033"},{"taxonomy":"post_tag","embeddable":true,"href":"https:\/\/kuzeyinsesi.org\/index.php\/wp-json\/wp\/v2\/tags?post=20033"}],"curies":[{"name":"wp","href":"https:\/\/api.w.org\/{rel}","templated":true}]}}