{"id":19954,"date":"2025-02-28T15:20:47","date_gmt":"2025-02-28T13:20:47","guid":{"rendered":"https:\/\/kuzeyinsesi.org\/index.php\/2025\/02\/28\/girne-belediyesi-yeni-donem-kurslari-basliyor\/"},"modified":"2025-02-28T15:20:47","modified_gmt":"2025-02-28T13:20:47","slug":"girne-belediyesi-yeni-donem-kurslari-basliyor","status":"publish","type":"post","link":"https:\/\/kuzeyinsesi.org\/index.php\/2025\/02\/28\/girne-belediyesi-yeni-donem-kurslari-basliyor\/","title":{"rendered":"Girne Belediyesi yeni d\u00f6nem kurslar\u0131 ba\u015fl\u0131yor"},"content":{"rendered":"<div>\n<div class=\"mariselle-image-container center\">\n                                            <\/div>\n<p> Girne Belediyesi Sosyal \u0130\u015fler \u015eube Amirli\u011fi\u2019ne ba\u011fl\u0131 Hayat Boyu \u00d6\u011frenme ve Sosyal Ya\u015fam Merkezi\u2019nin, 2025 y\u0131l\u0131 i\u00e7in yeni d\u00f6nem kurslar\u0131 ba\u015fl\u0131yor.<\/p>\n<p>Belediyeden verilen bilgiye g\u00f6re kurslar; pilates, bateri, temel bi\u00e7ki diki\u015f ve koza patchwork olarak d\u00f6rt alanda yap\u0131lacak. Buna ek olarak \u00e7ocuklar i\u00e7in de felsefe at\u00f6lyesi d\u00fczenlenecek.<\/p>\n<p>Pilates kursu, Bur\u00e7in Emingil\u2019in e\u011fitmenli\u011finde sal\u0131-per\u015fembe g\u00fcnleri 17.30-18.30 saatleri aras\u0131nda Leymosun K\u00fclt\u00fcr Evi\u2019nde ger\u00e7ekle\u015ftirilecek.<\/p>\n<p>Koray Bali\u2019nin e\u011fitmenli\u011finde verilecek bateri kursu,17 Mart\u2019ta ba\u015flayacak. Saati hen\u00fcz a\u00e7\u0131klanmayan kurs, Pazartesi-sal\u0131 g\u00fcnleri Girne Belediyesi Oda Tiyatrosu\u2019nda ger\u00e7ekle\u015ftirilecek.<\/p>\n<p>Temel bi\u00e7ki diki\u015f kursu, Yasemin G\u00fcng\u00f6r\u2019\u00fcn e\u011fitmenli\u011finde d\u00fczenlenecek. Kurs, sal\u0131 g\u00fcnleri 09.00-11.00 ve per\u015fembe g\u00fcnleri 14.00-16.00 saatleri aras\u0131nda Girne Belediyesi Sosyal Ya\u015fam Merkezi\u2019nde ger\u00e7ekle\u015ftirilecek.<\/p>\n<p>Koza patchwork kursu, Meltem \u00c7elikeri\u2019nin e\u011fitmenli\u011finde d\u00fczenlenecek. Kurs, pazartesi g\u00fcnleri 10.00 -12.00 saatleri aras\u0131nda Girne Belediyesi Sosyal Ya\u015fam Merkezi\u2019nde yap\u0131lacak.<\/p>\n<p>-\u00c7ocuklarla felsefe at\u00f6lyesi<\/p>\n<p>\u00c7ocuklarla felsefe at\u00f6lyesi ise, Ay\u015fe Nur \u00d6zgen\u2019in e\u011fitmenli\u011finde 18 Mart\u2019ta ba\u015flayacak ve 3-5 ya\u015f, 6-9 ya\u015f ve 10-13 ya\u015f gruplar\u0131na y\u00f6nelik olarak Girne Belediyesi Sosyal Ya\u015fam Merkezi\u2019nde d\u00fczenlenecek.<\/p>\n<\/p><\/div>\n<p><script async\n                    defer\n                    crossorigin=\"anonymous\"\n                    src=\"https:\/\/connect.facebook.net\/tr_TR\/sdk.js#xfbml=1&#038;version=v3.3\"\n            ><\/script><\/p>\n","protected":false},"excerpt":{"rendered":"<p>Girne Belediyesi Sosyal \u0130\u015fler \u015eube Amirli\u011fi\u2019ne ba\u011fl\u0131 Hayat Boyu \u00d6\u011frenme ve Sosyal Ya\u015fam Merkezi\u2019nin, 2025 y\u0131l\u0131 i\u00e7in yeni d\u00f6nem kurslar\u0131 ba\u015fl\u0131yor. Belediyeden verilen bilgiye g\u00f6re kurslar; pilates, bateri, temel bi\u00e7ki diki\u015f ve koza patchwork olarak d\u00f6rt alanda yap\u0131lacak. Buna ek olarak \u00e7ocuklar i\u00e7in de felsefe at\u00f6lyesi d\u00fczenlenecek. Pilates kursu, Bur\u00e7in Emingil\u2019in e\u011fitmenli\u011finde sal\u0131-per\u015fembe g\u00fcnleri 17.30-18.30 [&hellip;]<\/p>\n","protected":false},"author":1,"featured_media":19955,"comment_status":"open","ping_status":"open","sticky":false,"template":"","format":"standard","meta":{"jnews-multi-image_gallery":[],"jnews_single_post":[],"jnews_primary_category":[],"jnews_social_meta":[],"jnews_override_counter":[],"footnotes":""},"categories":[6],"tags":[],"class_list":["post-19954","post","type-post","status-publish","format-standard","has-post-thumbnail","hentry","category-yasam"],"yoast_head":"<!-- This site is optimized with the Yoast SEO plugin v27.4 - https:\/\/yoast.com\/product\/yoast-seo-wordpress\/ -->\n<title>Girne Belediyesi yeni d\u00f6nem kurslar\u0131 ba\u015fl\u0131yor - Kuzeyin Sesi<\/title>\n<meta name=\"robots\" content=\"index, follow, max-snippet:-1, max-image-preview:large, max-video-preview:-1\" \/>\n<link rel=\"canonical\" href=\"https:\/\/kuzeyinsesi.org\/index.php\/2025\/02\/28\/girne-belediyesi-yeni-donem-kurslari-basliyor\/\" \/>\n<meta property=\"og:locale\" content=\"tr_TR\" \/>\n<meta property=\"og:type\" content=\"article\" \/>\n<meta property=\"og:title\" content=\"Girne Belediyesi yeni d\u00f6nem kurslar\u0131 ba\u015fl\u0131yor - Kuzeyin Sesi\" \/>\n<meta property=\"og:description\" content=\"Girne Belediyesi Sosyal \u0130\u015fler \u015eube Amirli\u011fi\u2019ne ba\u011fl\u0131 Hayat Boyu \u00d6\u011frenme ve Sosyal Ya\u015fam Merkezi\u2019nin, 2025 y\u0131l\u0131 i\u00e7in yeni d\u00f6nem kurslar\u0131 ba\u015fl\u0131yor. Belediyeden verilen bilgiye g\u00f6re kurslar; pilates, bateri, temel bi\u00e7ki diki\u015f ve koza patchwork olarak d\u00f6rt alanda yap\u0131lacak. Buna ek olarak \u00e7ocuklar i\u00e7in de felsefe at\u00f6lyesi d\u00fczenlenecek. Pilates kursu, Bur\u00e7in Emingil\u2019in e\u011fitmenli\u011finde sal\u0131-per\u015fembe g\u00fcnleri 17.30-18.30 [&hellip;]\" \/>\n<meta property=\"og:url\" content=\"https:\/\/kuzeyinsesi.org\/index.php\/2025\/02\/28\/girne-belediyesi-yeni-donem-kurslari-basliyor\/\" \/>\n<meta property=\"og:site_name\" content=\"Kuzeyin Sesi\" \/>\n<meta property=\"article:publisher\" content=\"https:\/\/www.facebook.com\/kuzeyinsesii\" \/>\n<meta property=\"article:published_time\" content=\"2025-02-28T13:20:47+00:00\" \/>\n<meta property=\"og:image\" content=\"https:\/\/brtk.net\/wp-content\/uploads\/2025\/02\/28\/lasjdlj.jpeg?ver=86084a3724c3ac4ec8c2f9280f8c0f37\" \/>\n<meta name=\"author\" content=\"Kuzeyin Sesi\" \/>\n<meta name=\"twitter:card\" content=\"summary_large_image\" \/>\n<meta name=\"twitter:creator\" content=\"@kuzeyinsesii\" \/>\n<meta name=\"twitter:site\" content=\"@kuzeyinsesii\" \/>\n<meta name=\"twitter:label1\" content=\"Yazan:\" \/>\n\t<meta name=\"twitter:data1\" content=\"Kuzeyin Sesi\" \/>\n\t<meta name=\"twitter:label2\" content=\"Tahmini okuma s\u00fcresi\" \/>\n\t<meta name=\"twitter:data2\" content=\"1 dakika\" \/>\n<script type=\"application\/ld+json\" class=\"yoast-schema-graph\">{\"@context\":\"https:\\\/\\\/schema.org\",\"@graph\":[{\"@type\":\"Article\",\"@id\":\"https:\\\/\\\/kuzeyinsesi.org\\\/index.php\\\/2025\\\/02\\\/28\\\/girne-belediyesi-yeni-donem-kurslari-basliyor\\\/#article\",\"isPartOf\":{\"@id\":\"https:\\\/\\\/kuzeyinsesi.org\\\/index.php\\\/2025\\\/02\\\/28\\\/girne-belediyesi-yeni-donem-kurslari-basliyor\\\/\"},\"author\":{\"name\":\"Kuzeyin Sesi\",\"@id\":\"https:\\\/\\\/kuzeyinsesi.org\\\/#\\\/schema\\\/person\\\/9f859689cdf01485597712386e37f5aa\"},\"headline\":\"Girne Belediyesi yeni d\u00f6nem kurslar\u0131 ba\u015fl\u0131yor\",\"datePublished\":\"2025-02-28T13:20:47+00:00\",\"mainEntityOfPage\":{\"@id\":\"https:\\\/\\\/kuzeyinsesi.org\\\/index.php\\\/2025\\\/02\\\/28\\\/girne-belediyesi-yeni-donem-kurslari-basliyor\\\/\"},\"wordCount\":240,\"commentCount\":0,\"image\":{\"@id\":\"https:\\\/\\\/kuzeyinsesi.org\\\/index.php\\\/2025\\\/02\\\/28\\\/girne-belediyesi-yeni-donem-kurslari-basliyor\\\/#primaryimage\"},\"thumbnailUrl\":\"https:\\\/\\\/kuzeyinsesi.org\\\/wp-content\\\/uploads\\\/2025\\\/02\\\/lasjdlj.jpeg\",\"articleSection\":[\"Ya\u015fam\"],\"inLanguage\":\"tr\",\"potentialAction\":[{\"@type\":\"CommentAction\",\"name\":\"Comment\",\"target\":[\"https:\\\/\\\/kuzeyinsesi.org\\\/index.php\\\/2025\\\/02\\\/28\\\/girne-belediyesi-yeni-donem-kurslari-basliyor\\\/#respond\"]}]},{\"@type\":\"WebPage\",\"@id\":\"https:\\\/\\\/kuzeyinsesi.org\\\/index.php\\\/2025\\\/02\\\/28\\\/girne-belediyesi-yeni-donem-kurslari-basliyor\\\/\",\"url\":\"https:\\\/\\\/kuzeyinsesi.org\\\/index.php\\\/2025\\\/02\\\/28\\\/girne-belediyesi-yeni-donem-kurslari-basliyor\\\/\",\"name\":\"Girne Belediyesi yeni d\u00f6nem kurslar\u0131 ba\u015fl\u0131yor - Kuzeyin Sesi\",\"isPartOf\":{\"@id\":\"https:\\\/\\\/kuzeyinsesi.org\\\/#website\"},\"primaryImageOfPage\":{\"@id\":\"https:\\\/\\\/kuzeyinsesi.org\\\/index.php\\\/2025\\\/02\\\/28\\\/girne-belediyesi-yeni-donem-kurslari-basliyor\\\/#primaryimage\"},\"image\":{\"@id\":\"https:\\\/\\\/kuzeyinsesi.org\\\/index.php\\\/2025\\\/02\\\/28\\\/girne-belediyesi-yeni-donem-kurslari-basliyor\\\/#primaryimage\"},\"thumbnailUrl\":\"https:\\\/\\\/kuzeyinsesi.org\\\/wp-content\\\/uploads\\\/2025\\\/02\\\/lasjdlj.jpeg\",\"datePublished\":\"2025-02-28T13:20:47+00:00\",\"author\":{\"@id\":\"https:\\\/\\\/kuzeyinsesi.org\\\/#\\\/schema\\\/person\\\/9f859689cdf01485597712386e37f5aa\"},\"breadcrumb\":{\"@id\":\"https:\\\/\\\/kuzeyinsesi.org\\\/index.php\\\/2025\\\/02\\\/28\\\/girne-belediyesi-yeni-donem-kurslari-basliyor\\\/#breadcrumb\"},\"inLanguage\":\"tr\",\"potentialAction\":[{\"@type\":\"ReadAction\",\"target\":[\"https:\\\/\\\/kuzeyinsesi.org\\\/index.php\\\/2025\\\/02\\\/28\\\/girne-belediyesi-yeni-donem-kurslari-basliyor\\\/\"]}]},{\"@type\":\"ImageObject\",\"inLanguage\":\"tr\",\"@id\":\"https:\\\/\\\/kuzeyinsesi.org\\\/index.php\\\/2025\\\/02\\\/28\\\/girne-belediyesi-yeni-donem-kurslari-basliyor\\\/#primaryimage\",\"url\":\"https:\\\/\\\/kuzeyinsesi.org\\\/wp-content\\\/uploads\\\/2025\\\/02\\\/lasjdlj.jpeg\",\"contentUrl\":\"https:\\\/\\\/kuzeyinsesi.org\\\/wp-content\\\/uploads\\\/2025\\\/02\\\/lasjdlj.jpeg\",\"width\":1279,\"height\":1600},{\"@type\":\"BreadcrumbList\",\"@id\":\"https:\\\/\\\/kuzeyinsesi.org\\\/index.php\\\/2025\\\/02\\\/28\\\/girne-belediyesi-yeni-donem-kurslari-basliyor\\\/#breadcrumb\",\"itemListElement\":[{\"@type\":\"ListItem\",\"position\":1,\"name\":\"Anasayfa\",\"item\":\"https:\\\/\\\/kuzeyinsesi.org\\\/\"},{\"@type\":\"ListItem\",\"position\":2,\"name\":\"Girne Belediyesi yeni d\u00f6nem kurslar\u0131 ba\u015fl\u0131yor\"}]},{\"@type\":\"WebSite\",\"@id\":\"https:\\\/\\\/kuzeyinsesi.org\\\/#website\",\"url\":\"https:\\\/\\\/kuzeyinsesi.org\\\/\",\"name\":\"Kuzeyin Sesi\",\"description\":\"Do\u011fru Haberin Adresi\",\"potentialAction\":[{\"@type\":\"SearchAction\",\"target\":{\"@type\":\"EntryPoint\",\"urlTemplate\":\"https:\\\/\\\/kuzeyinsesi.org\\\/?s={search_term_string}\"},\"query-input\":{\"@type\":\"PropertyValueSpecification\",\"valueRequired\":true,\"valueName\":\"search_term_string\"}}],\"inLanguage\":\"tr\"},{\"@type\":\"Person\",\"@id\":\"https:\\\/\\\/kuzeyinsesi.org\\\/#\\\/schema\\\/person\\\/9f859689cdf01485597712386e37f5aa\",\"name\":\"Kuzeyin Sesi\",\"image\":{\"@type\":\"ImageObject\",\"inLanguage\":\"tr\",\"@id\":\"https:\\\/\\\/secure.gravatar.com\\\/avatar\\\/bab33852abfd8b282518d6ed81826833d77c3c882d9ab608add591ccace47a44?s=96&d=mm&r=g\",\"url\":\"https:\\\/\\\/secure.gravatar.com\\\/avatar\\\/bab33852abfd8b282518d6ed81826833d77c3c882d9ab608add591ccace47a44?s=96&d=mm&r=g\",\"contentUrl\":\"https:\\\/\\\/secure.gravatar.com\\\/avatar\\\/bab33852abfd8b282518d6ed81826833d77c3c882d9ab608add591ccace47a44?s=96&d=mm&r=g\",\"caption\":\"Kuzeyin Sesi\"},\"sameAs\":[\"https:\\\/\\\/kuzeyinsesi.org\"],\"url\":\"https:\\\/\\\/kuzeyinsesi.org\\\/index.php\\\/author\\\/guven\\\/\"}]}<\/script>\n<!-- \/ Yoast SEO plugin. -->","yoast_head_json":{"title":"Girne Belediyesi yeni d\u00f6nem kurslar\u0131 ba\u015fl\u0131yor - Kuzeyin Sesi","robots":{"index":"index","follow":"follow","max-snippet":"max-snippet:-1","max-image-preview":"max-image-preview:large","max-video-preview":"max-video-preview:-1"},"canonical":"https:\/\/kuzeyinsesi.org\/index.php\/2025\/02\/28\/girne-belediyesi-yeni-donem-kurslari-basliyor\/","og_locale":"tr_TR","og_type":"article","og_title":"Girne Belediyesi yeni d\u00f6nem kurslar\u0131 ba\u015fl\u0131yor - Kuzeyin Sesi","og_description":"Girne Belediyesi Sosyal \u0130\u015fler \u015eube Amirli\u011fi\u2019ne ba\u011fl\u0131 Hayat Boyu \u00d6\u011frenme ve Sosyal Ya\u015fam Merkezi\u2019nin, 2025 y\u0131l\u0131 i\u00e7in yeni d\u00f6nem kurslar\u0131 ba\u015fl\u0131yor. Belediyeden verilen bilgiye g\u00f6re kurslar; pilates, bateri, temel bi\u00e7ki diki\u015f ve koza patchwork olarak d\u00f6rt alanda yap\u0131lacak. Buna ek olarak \u00e7ocuklar i\u00e7in de felsefe at\u00f6lyesi d\u00fczenlenecek. Pilates kursu, Bur\u00e7in Emingil\u2019in e\u011fitmenli\u011finde sal\u0131-per\u015fembe g\u00fcnleri 17.30-18.30 [&hellip;]","og_url":"https:\/\/kuzeyinsesi.org\/index.php\/2025\/02\/28\/girne-belediyesi-yeni-donem-kurslari-basliyor\/","og_site_name":"Kuzeyin Sesi","article_publisher":"https:\/\/www.facebook.com\/kuzeyinsesii","article_published_time":"2025-02-28T13:20:47+00:00","og_image":[{"url":"https:\/\/brtk.net\/wp-content\/uploads\/2025\/02\/28\/lasjdlj.jpeg?ver=86084a3724c3ac4ec8c2f9280f8c0f37","type":"","width":"","height":""}],"author":"Kuzeyin Sesi","twitter_card":"summary_large_image","twitter_creator":"@kuzeyinsesii","twitter_site":"@kuzeyinsesii","twitter_misc":{"Yazan:":"Kuzeyin Sesi","Tahmini okuma s\u00fcresi":"1 dakika"},"schema":{"@context":"https:\/\/schema.org","@graph":[{"@type":"Article","@id":"https:\/\/kuzeyinsesi.org\/index.php\/2025\/02\/28\/girne-belediyesi-yeni-donem-kurslari-basliyor\/#article","isPartOf":{"@id":"https:\/\/kuzeyinsesi.org\/index.php\/2025\/02\/28\/girne-belediyesi-yeni-donem-kurslari-basliyor\/"},"author":{"name":"Kuzeyin Sesi","@id":"https:\/\/kuzeyinsesi.org\/#\/schema\/person\/9f859689cdf01485597712386e37f5aa"},"headline":"Girne Belediyesi yeni d\u00f6nem kurslar\u0131 ba\u015fl\u0131yor","datePublished":"2025-02-28T13:20:47+00:00","mainEntityOfPage":{"@id":"https:\/\/kuzeyinsesi.org\/index.php\/2025\/02\/28\/girne-belediyesi-yeni-donem-kurslari-basliyor\/"},"wordCount":240,"commentCount":0,"image":{"@id":"https:\/\/kuzeyinsesi.org\/index.php\/2025\/02\/28\/girne-belediyesi-yeni-donem-kurslari-basliyor\/#primaryimage"},"thumbnailUrl":"https:\/\/kuzeyinsesi.org\/wp-content\/uploads\/2025\/02\/lasjdlj.jpeg","articleSection":["Ya\u015fam"],"inLanguage":"tr","potentialAction":[{"@type":"CommentAction","name":"Comment","target":["https:\/\/kuzeyinsesi.org\/index.php\/2025\/02\/28\/girne-belediyesi-yeni-donem-kurslari-basliyor\/#respond"]}]},{"@type":"WebPage","@id":"https:\/\/kuzeyinsesi.org\/index.php\/2025\/02\/28\/girne-belediyesi-yeni-donem-kurslari-basliyor\/","url":"https:\/\/kuzeyinsesi.org\/index.php\/2025\/02\/28\/girne-belediyesi-yeni-donem-kurslari-basliyor\/","name":"Girne Belediyesi yeni d\u00f6nem kurslar\u0131 ba\u015fl\u0131yor - Kuzeyin Sesi","isPartOf":{"@id":"https:\/\/kuzeyinsesi.org\/#website"},"primaryImageOfPage":{"@id":"https:\/\/kuzeyinsesi.org\/index.php\/2025\/02\/28\/girne-belediyesi-yeni-donem-kurslari-basliyor\/#primaryimage"},"image":{"@id":"https:\/\/kuzeyinsesi.org\/index.php\/2025\/02\/28\/girne-belediyesi-yeni-donem-kurslari-basliyor\/#primaryimage"},"thumbnailUrl":"https:\/\/kuzeyinsesi.org\/wp-content\/uploads\/2025\/02\/lasjdlj.jpeg","datePublished":"2025-02-28T13:20:47+00:00","author":{"@id":"https:\/\/kuzeyinsesi.org\/#\/schema\/person\/9f859689cdf01485597712386e37f5aa"},"breadcrumb":{"@id":"https:\/\/kuzeyinsesi.org\/index.php\/2025\/02\/28\/girne-belediyesi-yeni-donem-kurslari-basliyor\/#breadcrumb"},"inLanguage":"tr","potentialAction":[{"@type":"ReadAction","target":["https:\/\/kuzeyinsesi.org\/index.php\/2025\/02\/28\/girne-belediyesi-yeni-donem-kurslari-basliyor\/"]}]},{"@type":"ImageObject","inLanguage":"tr","@id":"https:\/\/kuzeyinsesi.org\/index.php\/2025\/02\/28\/girne-belediyesi-yeni-donem-kurslari-basliyor\/#primaryimage","url":"https:\/\/kuzeyinsesi.org\/wp-content\/uploads\/2025\/02\/lasjdlj.jpeg","contentUrl":"https:\/\/kuzeyinsesi.org\/wp-content\/uploads\/2025\/02\/lasjdlj.jpeg","width":1279,"height":1600},{"@type":"BreadcrumbList","@id":"https:\/\/kuzeyinsesi.org\/index.php\/2025\/02\/28\/girne-belediyesi-yeni-donem-kurslari-basliyor\/#breadcrumb","itemListElement":[{"@type":"ListItem","position":1,"name":"Anasayfa","item":"https:\/\/kuzeyinsesi.org\/"},{"@type":"ListItem","position":2,"name":"Girne Belediyesi yeni d\u00f6nem kurslar\u0131 ba\u015fl\u0131yor"}]},{"@type":"WebSite","@id":"https:\/\/kuzeyinsesi.org\/#website","url":"https:\/\/kuzeyinsesi.org\/","name":"Kuzeyin Sesi","description":"Do\u011fru Haberin Adresi","potentialAction":[{"@type":"SearchAction","target":{"@type":"EntryPoint","urlTemplate":"https:\/\/kuzeyinsesi.org\/?s={search_term_string}"},"query-input":{"@type":"PropertyValueSpecification","valueRequired":true,"valueName":"search_term_string"}}],"inLanguage":"tr"},{"@type":"Person","@id":"https:\/\/kuzeyinsesi.org\/#\/schema\/person\/9f859689cdf01485597712386e37f5aa","name":"Kuzeyin Sesi","image":{"@type":"ImageObject","inLanguage":"tr","@id":"https:\/\/secure.gravatar.com\/avatar\/bab33852abfd8b282518d6ed81826833d77c3c882d9ab608add591ccace47a44?s=96&d=mm&r=g","url":"https:\/\/secure.gravatar.com\/avatar\/bab33852abfd8b282518d6ed81826833d77c3c882d9ab608add591ccace47a44?s=96&d=mm&r=g","contentUrl":"https:\/\/secure.gravatar.com\/avatar\/bab33852abfd8b282518d6ed81826833d77c3c882d9ab608add591ccace47a44?s=96&d=mm&r=g","caption":"Kuzeyin Sesi"},"sameAs":["https:\/\/kuzeyinsesi.org"],"url":"https:\/\/kuzeyinsesi.org\/index.php\/author\/guven\/"}]}},"_links":{"self":[{"href":"https:\/\/kuzeyinsesi.org\/index.php\/wp-json\/wp\/v2\/posts\/19954","targetHints":{"allow":["GET"]}}],"collection":[{"href":"https:\/\/kuzeyinsesi.org\/index.php\/wp-json\/wp\/v2\/posts"}],"about":[{"href":"https:\/\/kuzeyinsesi.org\/index.php\/wp-json\/wp\/v2\/types\/post"}],"author":[{"embeddable":true,"href":"https:\/\/kuzeyinsesi.org\/index.php\/wp-json\/wp\/v2\/users\/1"}],"replies":[{"embeddable":true,"href":"https:\/\/kuzeyinsesi.org\/index.php\/wp-json\/wp\/v2\/comments?post=19954"}],"version-history":[{"count":0,"href":"https:\/\/kuzeyinsesi.org\/index.php\/wp-json\/wp\/v2\/posts\/19954\/revisions"}],"wp:featuredmedia":[{"embeddable":true,"href":"https:\/\/kuzeyinsesi.org\/index.php\/wp-json\/wp\/v2\/media\/19955"}],"wp:attachment":[{"href":"https:\/\/kuzeyinsesi.org\/index.php\/wp-json\/wp\/v2\/media?parent=19954"}],"wp:term":[{"taxonomy":"category","embeddable":true,"href":"https:\/\/kuzeyinsesi.org\/index.php\/wp-json\/wp\/v2\/categories?post=19954"},{"taxonomy":"post_tag","embeddable":true,"href":"https:\/\/kuzeyinsesi.org\/index.php\/wp-json\/wp\/v2\/tags?post=19954"}],"curies":[{"name":"wp","href":"https:\/\/api.w.org\/{rel}","templated":true}]}}