{"id":19908,"date":"2025-02-27T18:52:12","date_gmt":"2025-02-27T16:52:12","guid":{"rendered":"https:\/\/kuzeyinsesi.org\/index.php\/2025\/02\/27\/dervis-zaimin-tavuri-belgeseli-halk-ile-bulustu\/"},"modified":"2025-02-27T18:52:12","modified_gmt":"2025-02-27T16:52:12","slug":"dervis-zaimin-tavuri-belgeseli-halk-ile-bulustu","status":"publish","type":"post","link":"https:\/\/kuzeyinsesi.org\/index.php\/2025\/02\/27\/dervis-zaimin-tavuri-belgeseli-halk-ile-bulustu\/","title":{"rendered":"Dervi\u015f Zaim\u2019in \u201cTavuri\u201d belgeseli halk ile bulu\u015ftu"},"content":{"rendered":"<div>\n<div class=\"mariselle-image-container center\">\n                                            <\/div>\n<p>K\u0131br\u0131sl\u0131 Y\u00f6netmen Do\u00e7. Dr. Dervi\u015f Zaim\u2019in \u201cTAVUR\u0130\u201d isimli belgesel filmi Yak\u0131n Do\u011fu B\u00fcy\u00fck K\u00fct\u00fcphane\u2019de  izleyici ile bulu\u015ftu.<\/p>\n<p> D\u00fcnya pr\u00f6miyerini ABD\u2019deki \u201cTrue-False Film Festivali\u201dnde yapan belgesel, \u00fcnl\u00fc doland\u0131r\u0131c\u0131lardan \u201cTavuri\u201d lakab\u0131yla bilinen Mustafa Sertta\u015f\u2019\u0131n  hayat hikayesini anlat\u0131yor. <\/p>\n<p>Yak\u0131n Do\u011fu \u00dcniversitesi \u0130leti\u015fim Fak\u00fcltesi Film Yap\u0131m\u0131 ve Yay\u0131nc\u0131l\u0131k B\u00f6l\u00fcm\u00fc \u00f6\u011fretim \u00fcyesi g\u00f6revini de s\u00fcrd\u00fcren Do\u00e7.Dr. Dervi\u015f Zaim, belgesel filmin g\u00f6sterimin ard\u0131ndan filmin yap\u0131m s\u00fcrecini anlatt\u0131.<\/p>\n<p>Zaim, perde arkas\u0131ndaki detaylar\u0131 da kat\u0131l\u0131mc\u0131lar ile payla\u015ft\u0131.<\/p>\n<\/p><\/div>\n<p><script async\n                    defer\n                    crossorigin=\"anonymous\"\n                    src=\"https:\/\/connect.facebook.net\/tr_TR\/sdk.js#xfbml=1&#038;version=v3.3\"\n            ><\/script><\/p>\n","protected":false},"excerpt":{"rendered":"<p>K\u0131br\u0131sl\u0131 Y\u00f6netmen Do\u00e7. Dr. Dervi\u015f Zaim\u2019in \u201cTAVUR\u0130\u201d isimli belgesel filmi Yak\u0131n Do\u011fu B\u00fcy\u00fck K\u00fct\u00fcphane\u2019de izleyici ile bulu\u015ftu. D\u00fcnya pr\u00f6miyerini ABD\u2019deki \u201cTrue-False Film Festivali\u201dnde yapan belgesel, \u00fcnl\u00fc doland\u0131r\u0131c\u0131lardan \u201cTavuri\u201d lakab\u0131yla bilinen Mustafa Sertta\u015f\u2019\u0131n hayat hikayesini anlat\u0131yor. Yak\u0131n Do\u011fu \u00dcniversitesi \u0130leti\u015fim Fak\u00fcltesi Film Yap\u0131m\u0131 ve Yay\u0131nc\u0131l\u0131k B\u00f6l\u00fcm\u00fc \u00f6\u011fretim \u00fcyesi g\u00f6revini de s\u00fcrd\u00fcren Do\u00e7.Dr. Dervi\u015f Zaim, belgesel filmin [&hellip;]<\/p>\n","protected":false},"author":1,"featured_media":19909,"comment_status":"open","ping_status":"open","sticky":false,"template":"","format":"standard","meta":{"jnews-multi-image_gallery":[],"jnews_single_post":[],"jnews_primary_category":[],"jnews_social_meta":[],"jnews_override_counter":[],"footnotes":""},"categories":[6],"tags":[],"class_list":["post-19908","post","type-post","status-publish","format-standard","has-post-thumbnail","hentry","category-yasam"],"yoast_head":"<!-- This site is optimized with the Yoast SEO plugin v27.4 - https:\/\/yoast.com\/product\/yoast-seo-wordpress\/ -->\n<title>Dervi\u015f Zaim\u2019in \u201cTavuri\u201d belgeseli halk ile bulu\u015ftu - Kuzeyin Sesi<\/title>\n<meta name=\"robots\" content=\"index, follow, max-snippet:-1, max-image-preview:large, max-video-preview:-1\" \/>\n<link rel=\"canonical\" href=\"https:\/\/kuzeyinsesi.org\/index.php\/2025\/02\/27\/dervis-zaimin-tavuri-belgeseli-halk-ile-bulustu\/\" \/>\n<meta property=\"og:locale\" content=\"tr_TR\" \/>\n<meta property=\"og:type\" content=\"article\" \/>\n<meta property=\"og:title\" content=\"Dervi\u015f Zaim\u2019in \u201cTavuri\u201d belgeseli halk ile bulu\u015ftu - Kuzeyin Sesi\" \/>\n<meta property=\"og:description\" content=\"K\u0131br\u0131sl\u0131 Y\u00f6netmen Do\u00e7. Dr. Dervi\u015f Zaim\u2019in \u201cTAVUR\u0130\u201d isimli belgesel filmi Yak\u0131n Do\u011fu B\u00fcy\u00fck K\u00fct\u00fcphane\u2019de izleyici ile bulu\u015ftu. D\u00fcnya pr\u00f6miyerini ABD\u2019deki \u201cTrue-False Film Festivali\u201dnde yapan belgesel, \u00fcnl\u00fc doland\u0131r\u0131c\u0131lardan \u201cTavuri\u201d lakab\u0131yla bilinen Mustafa Sertta\u015f\u2019\u0131n hayat hikayesini anlat\u0131yor. Yak\u0131n Do\u011fu \u00dcniversitesi \u0130leti\u015fim Fak\u00fcltesi Film Yap\u0131m\u0131 ve Yay\u0131nc\u0131l\u0131k B\u00f6l\u00fcm\u00fc \u00f6\u011fretim \u00fcyesi g\u00f6revini de s\u00fcrd\u00fcren Do\u00e7.Dr. Dervi\u015f Zaim, belgesel filmin [&hellip;]\" \/>\n<meta property=\"og:url\" content=\"https:\/\/kuzeyinsesi.org\/index.php\/2025\/02\/27\/dervis-zaimin-tavuri-belgeseli-halk-ile-bulustu\/\" \/>\n<meta property=\"og:site_name\" content=\"Kuzeyin Sesi\" \/>\n<meta property=\"article:publisher\" content=\"https:\/\/www.facebook.com\/kuzeyinsesii\" \/>\n<meta property=\"article:published_time\" content=\"2025-02-27T16:52:12+00:00\" \/>\n<meta property=\"og:image\" content=\"https:\/\/brtk.net\/wp-content\/uploads\/2025\/02\/27\/tavuri.jpg?ver=7960aeabd7171e9d6c51c4cadfbdd922\" \/>\n<meta name=\"author\" content=\"Kuzeyin Sesi\" \/>\n<meta name=\"twitter:card\" content=\"summary_large_image\" \/>\n<meta name=\"twitter:creator\" content=\"@kuzeyinsesii\" \/>\n<meta name=\"twitter:site\" content=\"@kuzeyinsesii\" \/>\n<meta name=\"twitter:label1\" content=\"Yazan:\" \/>\n\t<meta name=\"twitter:data1\" content=\"Kuzeyin Sesi\" \/>\n\t<meta name=\"twitter:label2\" content=\"Tahmini okuma s\u00fcresi\" \/>\n\t<meta name=\"twitter:data2\" content=\"1 dakika\" \/>\n<script type=\"application\/ld+json\" class=\"yoast-schema-graph\">{\"@context\":\"https:\\\/\\\/schema.org\",\"@graph\":[{\"@type\":\"Article\",\"@id\":\"https:\\\/\\\/kuzeyinsesi.org\\\/index.php\\\/2025\\\/02\\\/27\\\/dervis-zaimin-tavuri-belgeseli-halk-ile-bulustu\\\/#article\",\"isPartOf\":{\"@id\":\"https:\\\/\\\/kuzeyinsesi.org\\\/index.php\\\/2025\\\/02\\\/27\\\/dervis-zaimin-tavuri-belgeseli-halk-ile-bulustu\\\/\"},\"author\":{\"name\":\"Kuzeyin Sesi\",\"@id\":\"https:\\\/\\\/kuzeyinsesi.org\\\/#\\\/schema\\\/person\\\/9f859689cdf01485597712386e37f5aa\"},\"headline\":\"Dervi\u015f Zaim\u2019in \u201cTavuri\u201d belgeseli halk ile bulu\u015ftu\",\"datePublished\":\"2025-02-27T16:52:12+00:00\",\"mainEntityOfPage\":{\"@id\":\"https:\\\/\\\/kuzeyinsesi.org\\\/index.php\\\/2025\\\/02\\\/27\\\/dervis-zaimin-tavuri-belgeseli-halk-ile-bulustu\\\/\"},\"wordCount\":123,\"commentCount\":0,\"image\":{\"@id\":\"https:\\\/\\\/kuzeyinsesi.org\\\/index.php\\\/2025\\\/02\\\/27\\\/dervis-zaimin-tavuri-belgeseli-halk-ile-bulustu\\\/#primaryimage\"},\"thumbnailUrl\":\"https:\\\/\\\/kuzeyinsesi.org\\\/wp-content\\\/uploads\\\/2025\\\/02\\\/tavuri.jpg\",\"articleSection\":[\"Ya\u015fam\"],\"inLanguage\":\"tr\",\"potentialAction\":[{\"@type\":\"CommentAction\",\"name\":\"Comment\",\"target\":[\"https:\\\/\\\/kuzeyinsesi.org\\\/index.php\\\/2025\\\/02\\\/27\\\/dervis-zaimin-tavuri-belgeseli-halk-ile-bulustu\\\/#respond\"]}]},{\"@type\":\"WebPage\",\"@id\":\"https:\\\/\\\/kuzeyinsesi.org\\\/index.php\\\/2025\\\/02\\\/27\\\/dervis-zaimin-tavuri-belgeseli-halk-ile-bulustu\\\/\",\"url\":\"https:\\\/\\\/kuzeyinsesi.org\\\/index.php\\\/2025\\\/02\\\/27\\\/dervis-zaimin-tavuri-belgeseli-halk-ile-bulustu\\\/\",\"name\":\"Dervi\u015f Zaim\u2019in \u201cTavuri\u201d belgeseli halk ile bulu\u015ftu - Kuzeyin Sesi\",\"isPartOf\":{\"@id\":\"https:\\\/\\\/kuzeyinsesi.org\\\/#website\"},\"primaryImageOfPage\":{\"@id\":\"https:\\\/\\\/kuzeyinsesi.org\\\/index.php\\\/2025\\\/02\\\/27\\\/dervis-zaimin-tavuri-belgeseli-halk-ile-bulustu\\\/#primaryimage\"},\"image\":{\"@id\":\"https:\\\/\\\/kuzeyinsesi.org\\\/index.php\\\/2025\\\/02\\\/27\\\/dervis-zaimin-tavuri-belgeseli-halk-ile-bulustu\\\/#primaryimage\"},\"thumbnailUrl\":\"https:\\\/\\\/kuzeyinsesi.org\\\/wp-content\\\/uploads\\\/2025\\\/02\\\/tavuri.jpg\",\"datePublished\":\"2025-02-27T16:52:12+00:00\",\"author\":{\"@id\":\"https:\\\/\\\/kuzeyinsesi.org\\\/#\\\/schema\\\/person\\\/9f859689cdf01485597712386e37f5aa\"},\"breadcrumb\":{\"@id\":\"https:\\\/\\\/kuzeyinsesi.org\\\/index.php\\\/2025\\\/02\\\/27\\\/dervis-zaimin-tavuri-belgeseli-halk-ile-bulustu\\\/#breadcrumb\"},\"inLanguage\":\"tr\",\"potentialAction\":[{\"@type\":\"ReadAction\",\"target\":[\"https:\\\/\\\/kuzeyinsesi.org\\\/index.php\\\/2025\\\/02\\\/27\\\/dervis-zaimin-tavuri-belgeseli-halk-ile-bulustu\\\/\"]}]},{\"@type\":\"ImageObject\",\"inLanguage\":\"tr\",\"@id\":\"https:\\\/\\\/kuzeyinsesi.org\\\/index.php\\\/2025\\\/02\\\/27\\\/dervis-zaimin-tavuri-belgeseli-halk-ile-bulustu\\\/#primaryimage\",\"url\":\"https:\\\/\\\/kuzeyinsesi.org\\\/wp-content\\\/uploads\\\/2025\\\/02\\\/tavuri.jpg\",\"contentUrl\":\"https:\\\/\\\/kuzeyinsesi.org\\\/wp-content\\\/uploads\\\/2025\\\/02\\\/tavuri.jpg\",\"width\":300,\"height\":168},{\"@type\":\"BreadcrumbList\",\"@id\":\"https:\\\/\\\/kuzeyinsesi.org\\\/index.php\\\/2025\\\/02\\\/27\\\/dervis-zaimin-tavuri-belgeseli-halk-ile-bulustu\\\/#breadcrumb\",\"itemListElement\":[{\"@type\":\"ListItem\",\"position\":1,\"name\":\"Anasayfa\",\"item\":\"https:\\\/\\\/kuzeyinsesi.org\\\/\"},{\"@type\":\"ListItem\",\"position\":2,\"name\":\"Dervi\u015f Zaim\u2019in \u201cTavuri\u201d belgeseli halk ile bulu\u015ftu\"}]},{\"@type\":\"WebSite\",\"@id\":\"https:\\\/\\\/kuzeyinsesi.org\\\/#website\",\"url\":\"https:\\\/\\\/kuzeyinsesi.org\\\/\",\"name\":\"Kuzeyin Sesi\",\"description\":\"Do\u011fru Haberin Adresi\",\"potentialAction\":[{\"@type\":\"SearchAction\",\"target\":{\"@type\":\"EntryPoint\",\"urlTemplate\":\"https:\\\/\\\/kuzeyinsesi.org\\\/?s={search_term_string}\"},\"query-input\":{\"@type\":\"PropertyValueSpecification\",\"valueRequired\":true,\"valueName\":\"search_term_string\"}}],\"inLanguage\":\"tr\"},{\"@type\":\"Person\",\"@id\":\"https:\\\/\\\/kuzeyinsesi.org\\\/#\\\/schema\\\/person\\\/9f859689cdf01485597712386e37f5aa\",\"name\":\"Kuzeyin Sesi\",\"image\":{\"@type\":\"ImageObject\",\"inLanguage\":\"tr\",\"@id\":\"https:\\\/\\\/secure.gravatar.com\\\/avatar\\\/bab33852abfd8b282518d6ed81826833d77c3c882d9ab608add591ccace47a44?s=96&d=mm&r=g\",\"url\":\"https:\\\/\\\/secure.gravatar.com\\\/avatar\\\/bab33852abfd8b282518d6ed81826833d77c3c882d9ab608add591ccace47a44?s=96&d=mm&r=g\",\"contentUrl\":\"https:\\\/\\\/secure.gravatar.com\\\/avatar\\\/bab33852abfd8b282518d6ed81826833d77c3c882d9ab608add591ccace47a44?s=96&d=mm&r=g\",\"caption\":\"Kuzeyin Sesi\"},\"sameAs\":[\"https:\\\/\\\/kuzeyinsesi.org\"],\"url\":\"https:\\\/\\\/kuzeyinsesi.org\\\/index.php\\\/author\\\/guven\\\/\"}]}<\/script>\n<!-- \/ Yoast SEO plugin. -->","yoast_head_json":{"title":"Dervi\u015f Zaim\u2019in \u201cTavuri\u201d belgeseli halk ile bulu\u015ftu - Kuzeyin Sesi","robots":{"index":"index","follow":"follow","max-snippet":"max-snippet:-1","max-image-preview":"max-image-preview:large","max-video-preview":"max-video-preview:-1"},"canonical":"https:\/\/kuzeyinsesi.org\/index.php\/2025\/02\/27\/dervis-zaimin-tavuri-belgeseli-halk-ile-bulustu\/","og_locale":"tr_TR","og_type":"article","og_title":"Dervi\u015f Zaim\u2019in \u201cTavuri\u201d belgeseli halk ile bulu\u015ftu - Kuzeyin Sesi","og_description":"K\u0131br\u0131sl\u0131 Y\u00f6netmen Do\u00e7. Dr. Dervi\u015f Zaim\u2019in \u201cTAVUR\u0130\u201d isimli belgesel filmi Yak\u0131n Do\u011fu B\u00fcy\u00fck K\u00fct\u00fcphane\u2019de izleyici ile bulu\u015ftu. D\u00fcnya pr\u00f6miyerini ABD\u2019deki \u201cTrue-False Film Festivali\u201dnde yapan belgesel, \u00fcnl\u00fc doland\u0131r\u0131c\u0131lardan \u201cTavuri\u201d lakab\u0131yla bilinen Mustafa Sertta\u015f\u2019\u0131n hayat hikayesini anlat\u0131yor. Yak\u0131n Do\u011fu \u00dcniversitesi \u0130leti\u015fim Fak\u00fcltesi Film Yap\u0131m\u0131 ve Yay\u0131nc\u0131l\u0131k B\u00f6l\u00fcm\u00fc \u00f6\u011fretim \u00fcyesi g\u00f6revini de s\u00fcrd\u00fcren Do\u00e7.Dr. Dervi\u015f Zaim, belgesel filmin [&hellip;]","og_url":"https:\/\/kuzeyinsesi.org\/index.php\/2025\/02\/27\/dervis-zaimin-tavuri-belgeseli-halk-ile-bulustu\/","og_site_name":"Kuzeyin Sesi","article_publisher":"https:\/\/www.facebook.com\/kuzeyinsesii","article_published_time":"2025-02-27T16:52:12+00:00","og_image":[{"url":"https:\/\/brtk.net\/wp-content\/uploads\/2025\/02\/27\/tavuri.jpg?ver=7960aeabd7171e9d6c51c4cadfbdd922","type":"","width":"","height":""}],"author":"Kuzeyin Sesi","twitter_card":"summary_large_image","twitter_creator":"@kuzeyinsesii","twitter_site":"@kuzeyinsesii","twitter_misc":{"Yazan:":"Kuzeyin Sesi","Tahmini okuma s\u00fcresi":"1 dakika"},"schema":{"@context":"https:\/\/schema.org","@graph":[{"@type":"Article","@id":"https:\/\/kuzeyinsesi.org\/index.php\/2025\/02\/27\/dervis-zaimin-tavuri-belgeseli-halk-ile-bulustu\/#article","isPartOf":{"@id":"https:\/\/kuzeyinsesi.org\/index.php\/2025\/02\/27\/dervis-zaimin-tavuri-belgeseli-halk-ile-bulustu\/"},"author":{"name":"Kuzeyin Sesi","@id":"https:\/\/kuzeyinsesi.org\/#\/schema\/person\/9f859689cdf01485597712386e37f5aa"},"headline":"Dervi\u015f Zaim\u2019in \u201cTavuri\u201d belgeseli halk ile bulu\u015ftu","datePublished":"2025-02-27T16:52:12+00:00","mainEntityOfPage":{"@id":"https:\/\/kuzeyinsesi.org\/index.php\/2025\/02\/27\/dervis-zaimin-tavuri-belgeseli-halk-ile-bulustu\/"},"wordCount":123,"commentCount":0,"image":{"@id":"https:\/\/kuzeyinsesi.org\/index.php\/2025\/02\/27\/dervis-zaimin-tavuri-belgeseli-halk-ile-bulustu\/#primaryimage"},"thumbnailUrl":"https:\/\/kuzeyinsesi.org\/wp-content\/uploads\/2025\/02\/tavuri.jpg","articleSection":["Ya\u015fam"],"inLanguage":"tr","potentialAction":[{"@type":"CommentAction","name":"Comment","target":["https:\/\/kuzeyinsesi.org\/index.php\/2025\/02\/27\/dervis-zaimin-tavuri-belgeseli-halk-ile-bulustu\/#respond"]}]},{"@type":"WebPage","@id":"https:\/\/kuzeyinsesi.org\/index.php\/2025\/02\/27\/dervis-zaimin-tavuri-belgeseli-halk-ile-bulustu\/","url":"https:\/\/kuzeyinsesi.org\/index.php\/2025\/02\/27\/dervis-zaimin-tavuri-belgeseli-halk-ile-bulustu\/","name":"Dervi\u015f Zaim\u2019in \u201cTavuri\u201d belgeseli halk ile bulu\u015ftu - Kuzeyin Sesi","isPartOf":{"@id":"https:\/\/kuzeyinsesi.org\/#website"},"primaryImageOfPage":{"@id":"https:\/\/kuzeyinsesi.org\/index.php\/2025\/02\/27\/dervis-zaimin-tavuri-belgeseli-halk-ile-bulustu\/#primaryimage"},"image":{"@id":"https:\/\/kuzeyinsesi.org\/index.php\/2025\/02\/27\/dervis-zaimin-tavuri-belgeseli-halk-ile-bulustu\/#primaryimage"},"thumbnailUrl":"https:\/\/kuzeyinsesi.org\/wp-content\/uploads\/2025\/02\/tavuri.jpg","datePublished":"2025-02-27T16:52:12+00:00","author":{"@id":"https:\/\/kuzeyinsesi.org\/#\/schema\/person\/9f859689cdf01485597712386e37f5aa"},"breadcrumb":{"@id":"https:\/\/kuzeyinsesi.org\/index.php\/2025\/02\/27\/dervis-zaimin-tavuri-belgeseli-halk-ile-bulustu\/#breadcrumb"},"inLanguage":"tr","potentialAction":[{"@type":"ReadAction","target":["https:\/\/kuzeyinsesi.org\/index.php\/2025\/02\/27\/dervis-zaimin-tavuri-belgeseli-halk-ile-bulustu\/"]}]},{"@type":"ImageObject","inLanguage":"tr","@id":"https:\/\/kuzeyinsesi.org\/index.php\/2025\/02\/27\/dervis-zaimin-tavuri-belgeseli-halk-ile-bulustu\/#primaryimage","url":"https:\/\/kuzeyinsesi.org\/wp-content\/uploads\/2025\/02\/tavuri.jpg","contentUrl":"https:\/\/kuzeyinsesi.org\/wp-content\/uploads\/2025\/02\/tavuri.jpg","width":300,"height":168},{"@type":"BreadcrumbList","@id":"https:\/\/kuzeyinsesi.org\/index.php\/2025\/02\/27\/dervis-zaimin-tavuri-belgeseli-halk-ile-bulustu\/#breadcrumb","itemListElement":[{"@type":"ListItem","position":1,"name":"Anasayfa","item":"https:\/\/kuzeyinsesi.org\/"},{"@type":"ListItem","position":2,"name":"Dervi\u015f Zaim\u2019in \u201cTavuri\u201d belgeseli halk ile bulu\u015ftu"}]},{"@type":"WebSite","@id":"https:\/\/kuzeyinsesi.org\/#website","url":"https:\/\/kuzeyinsesi.org\/","name":"Kuzeyin Sesi","description":"Do\u011fru Haberin Adresi","potentialAction":[{"@type":"SearchAction","target":{"@type":"EntryPoint","urlTemplate":"https:\/\/kuzeyinsesi.org\/?s={search_term_string}"},"query-input":{"@type":"PropertyValueSpecification","valueRequired":true,"valueName":"search_term_string"}}],"inLanguage":"tr"},{"@type":"Person","@id":"https:\/\/kuzeyinsesi.org\/#\/schema\/person\/9f859689cdf01485597712386e37f5aa","name":"Kuzeyin Sesi","image":{"@type":"ImageObject","inLanguage":"tr","@id":"https:\/\/secure.gravatar.com\/avatar\/bab33852abfd8b282518d6ed81826833d77c3c882d9ab608add591ccace47a44?s=96&d=mm&r=g","url":"https:\/\/secure.gravatar.com\/avatar\/bab33852abfd8b282518d6ed81826833d77c3c882d9ab608add591ccace47a44?s=96&d=mm&r=g","contentUrl":"https:\/\/secure.gravatar.com\/avatar\/bab33852abfd8b282518d6ed81826833d77c3c882d9ab608add591ccace47a44?s=96&d=mm&r=g","caption":"Kuzeyin Sesi"},"sameAs":["https:\/\/kuzeyinsesi.org"],"url":"https:\/\/kuzeyinsesi.org\/index.php\/author\/guven\/"}]}},"_links":{"self":[{"href":"https:\/\/kuzeyinsesi.org\/index.php\/wp-json\/wp\/v2\/posts\/19908","targetHints":{"allow":["GET"]}}],"collection":[{"href":"https:\/\/kuzeyinsesi.org\/index.php\/wp-json\/wp\/v2\/posts"}],"about":[{"href":"https:\/\/kuzeyinsesi.org\/index.php\/wp-json\/wp\/v2\/types\/post"}],"author":[{"embeddable":true,"href":"https:\/\/kuzeyinsesi.org\/index.php\/wp-json\/wp\/v2\/users\/1"}],"replies":[{"embeddable":true,"href":"https:\/\/kuzeyinsesi.org\/index.php\/wp-json\/wp\/v2\/comments?post=19908"}],"version-history":[{"count":0,"href":"https:\/\/kuzeyinsesi.org\/index.php\/wp-json\/wp\/v2\/posts\/19908\/revisions"}],"wp:featuredmedia":[{"embeddable":true,"href":"https:\/\/kuzeyinsesi.org\/index.php\/wp-json\/wp\/v2\/media\/19909"}],"wp:attachment":[{"href":"https:\/\/kuzeyinsesi.org\/index.php\/wp-json\/wp\/v2\/media?parent=19908"}],"wp:term":[{"taxonomy":"category","embeddable":true,"href":"https:\/\/kuzeyinsesi.org\/index.php\/wp-json\/wp\/v2\/categories?post=19908"},{"taxonomy":"post_tag","embeddable":true,"href":"https:\/\/kuzeyinsesi.org\/index.php\/wp-json\/wp\/v2\/tags?post=19908"}],"curies":[{"name":"wp","href":"https:\/\/api.w.org\/{rel}","templated":true}]}}