{"id":19890,"date":"2025-02-27T14:48:11","date_gmt":"2025-02-27T12:48:11","guid":{"rendered":"https:\/\/kuzeyinsesi.org\/index.php\/2025\/02\/27\/iskele-belediyesinin-14uncu-kultur-sanat-gunleri-7-martta-basliyor\/"},"modified":"2025-02-27T14:48:11","modified_gmt":"2025-02-27T12:48:11","slug":"iskele-belediyesinin-14uncu-kultur-sanat-gunleri-7-martta-basliyor","status":"publish","type":"post","link":"https:\/\/kuzeyinsesi.org\/index.php\/2025\/02\/27\/iskele-belediyesinin-14uncu-kultur-sanat-gunleri-7-martta-basliyor\/","title":{"rendered":"\u0130skele Belediyesi\u2019nin 14\u2019\u00fcnc\u00fc K\u00fclt\u00fcr &amp; Sanat G\u00fcnleri 7 Mart\u2019ta ba\u015fl\u0131yor"},"content":{"rendered":"<div>\n<div class=\"mariselle-image-container center\">\n                                            <\/div>\n<p>\u0130skele Belediyesi\u2019nin d\u00fczenledi\u011fi 14\u2019\u00fcnc\u00fc K\u00fclt\u00fcr &amp; Sanat G\u00fcnleri 7 Mart\u2019ta ba\u015fl\u0131yor.<\/p>\n<p>\u0130skele Belediyesi\u2019nden verilen bilgiye g\u00f6re, \u201cRenkler ve K\u00fclt\u00fcrler \u0130skele\u2019de bulu\u015fuyor\u201d slogan\u0131yla d\u00fczenlenen K\u00fclt\u00fcr Sanat G\u00fcnleri, 7-28 Mart tarihleri aras\u0131nda ger\u00e7ekle\u015fecek.<\/p>\n<p>7 Mart Cuma g\u00fcn\u00fc \u0130skele Belediyesi K\u00fclt\u00fcr Evi\u2019nde saat 19.00\u2019da a\u00e7\u0131l\u0131\u015f t\u00f6reniyle ba\u015flayacak etkinliklerin ilki ayn\u0131 ak\u015fam saat 19.30\u2019da \u0130skele Atat\u00fcrk K\u00fclt\u00fcr Merkezi\u2019nde sanat\u00e7\u0131 Sunay Ak\u0131n\u2019\u0131n g\u00f6sterisi olacak.<\/p>\n<p>28 Mart\u2019a kadar devam edecek, 14\u2019\u00fcnc\u00fc K\u00fclt\u00fcr &amp; Sanat G\u00fcnleri kapsam\u0131ndaki t\u00fcm etkinlikler \u00fccretsiz olacak.<\/p>\n<p>-\u00c7ocuklar i\u00e7in de etkinlik d\u00fczenlenecek<\/p>\n<p>11 Mart Sal\u0131 g\u00fcn\u00fc, Dervi\u015fe G\u00fcneyyeli Kutlu ve Burcu M\u00fcniro\u011flu Karag\u00f6z, \u2018M\u00fczikli Masallar\u2019 etkinli\u011fi ile 10.00-12.00 saatleri aras\u0131nda \u0130skele AKM\u2019de olacak. <\/p>\n<p>Tiyatro sanat\u00e7\u0131s\u0131 \u0130zel Seylani, 18 Mart Sal\u0131 ve 25 Mart Sal\u0131 g\u00fcnleri 10.00 ve 11.00 saatlerinde \u201cGizli Hazine Karag\u00f6z\u201d isimli g\u00f6lge oyunuyla, \u0130skele AKM\u2019de \u00e7ocuklarla bir araya gelecek.<\/p>\n<p>20 Mart Per\u015fembe 09.00-12.00 saatleri aras\u0131nda \u0130skele Belediyesi K\u00fclt\u00fcr Evi bah\u00e7esinde d\u00fczenlenecek etkinlikle ge\u00e7mi\u015fte sevilerek oynanan \u00e7ocuk oyunlar\u0131na yer verilecek. Etkinlikte \u00e7ocuklara K\u0131br\u0131s lezzetleri de ikram edilecek.<\/p>\n<p>Yazar Hakan Yozcu da b\u00f6lgede e\u011fitim g\u00f6ren gen\u00e7lerle 10 Mart Pazartesi ve 13 Mart Per\u015fembe g\u00fcn\u00fcleri saat 10.00\u2019da bir araya gelecek.<\/p>\n<p>\u0130skele Belediye Korosu 28 Mart Cuma saat 19.30\u2019da \u0130skele AKM\u2019de sahne alacak.<\/p>\n<p>27 Mart D\u00fcnya Tiyatrolar G\u00fcn\u00fc\u2019nde ise \u0130skele Belediye Tiyatrosu\u2019nun \u201cH\u0131rs\u0131z Var\u201d isimli oyunu saat 19.30\u2019da \u0130skele AKM\u2019de sahnelenecek.<\/p>\n<p>Programdaki di\u011fer etkinliklerle ilgili detaylar \u015f\u00f6yle:<\/p>\n<p>\u201c8 Mart Cumartesi saat 19.00\u2019da \u0130skele AKM\u2019de Filiz Bozku\u015f Al\u2019\u0131n Gong Oyunu; 10 Mart Pazartesi saat 19.00\u2019da \u0130skele AKM\u2019de \u201cTe\u015fgilat Minayalar Zaman\u0131\u201d isimli film g\u00f6sterimi; 12 Mart \u00c7ar\u015famba g\u00fcn\u00fc saat 10.00\u2019da \u0130skele AKM\u2019de Yazarlar Bulu\u015fmas\u0131, saat 19.00\u2019da Metin G\u00fcler\u2019in sunumu ile \u015fark\u0131 ve \u015fiir gecesi olacak.<\/p>\n<p>17 Mart Pazartesi g\u00fcn\u00fc saat 10.00\u2019da \u0130skele AKM\/\u0130skele Belediyesi K\u00fclt\u00fcr Evi\u2019nde Mastercheff Tanya Kilitkayal\u0131 ve U\u011fur Y\u0131lmaz Deniz ile Gastronomi S\u00f6yle\u015fisi ve Workshop yap\u0131lacak.<\/p>\n<p>18 Mart Sal\u0131 g\u00fcn\u00fc 18.15-19.15 saatleri aras\u0131 \u0130skele Belediyesi K\u00fclt\u00fcr Evi\u2019nde Gave Keyfi, saat 19.30\u2019da \u0130skele AKM\u2019de K\u0131br\u0131s Manileri Gecesi; 21 Mart Cuma saat 19.00\u2019da \u0130skele AKM\u2019de Otello \u00c7ok Sesli Korosu\u2019nun Geleneksel K\u0131br\u0131s ve Karma \u015eark\u0131lar Konseri olacak.<\/p>\n<p>22 Mart Cumartesi saat 19.00\u2019da \u0130skele AKM\u2019de Yabanc\u0131 \u00dclkeler Gecesi; 25 Mart Sal\u0131 saat 19.00\u2019da \u0130skele AKM\u2019de Tasavvuf M\u00fczi\u011fi Dinletisi ve Semazen G\u00f6sterisi, 26 Mart \u00c7ar\u015famba saat 11.00\u2019da \u0130skele AKM\u2019de \u2018Kad\u0131n \u00dcretiminin K\u00fclt\u00fcr\u00fcm\u00fcze Etkileri ve Katk\u0131lar\u0131\u2019 isimli s\u00f6yle\u015fi; 27 Mart Per\u015fembe saat 14.00\u2019da \u0130skele Belediyesi K\u00fclt\u00fcr Evi\u2019nde \u00f6\u011fretmenlere y\u00f6nelik \u2018K\u00fclt\u00fcr\u00fcm\u00fcz\u00fc Tan\u0131yal\u0131m\u2019 isimli etkinlik yap\u0131lacak.\u201d<\/p>\n<p>-Gen\u00e7lere y\u00f6nelik foto\u011fraf yar\u0131\u015fmas\u0131<\/p>\n<p>\u00d6te yandan \u0130skele Belediyesi 15-25 ya\u015f aras\u0131 \u0130skele\u2019nin g\u00fczellikleri ve tarihinin konu alan \u201cGen\u00e7leraras\u0131 1. Foto\u011fraf Yar\u0131\u015fmas\u0131\u201d d\u00fczenleyecek. \u0130lk 3 foto\u011frafa 7 bin 500 TL (e\u015fit miktarda) para \u00f6d\u00fcl\u00fc verilecek.<\/p>\n<p>Yar\u0131\u015fmaya ba\u015fvurular 3 Mart\u2019ta sona erecek. Detayl\u0131 bilgi 0548 851 17 15 numaral\u0131 telefondan al\u0131nabilecek.<\/p>\n<\/p><\/div>\n<p><script async\n                    defer\n                    crossorigin=\"anonymous\"\n                    src=\"https:\/\/connect.facebook.net\/tr_TR\/sdk.js#xfbml=1&#038;version=v3.3\"\n            ><\/script><\/p>\n","protected":false},"excerpt":{"rendered":"<p>\u0130skele Belediyesi\u2019nin d\u00fczenledi\u011fi 14\u2019\u00fcnc\u00fc K\u00fclt\u00fcr &amp; Sanat G\u00fcnleri 7 Mart\u2019ta ba\u015fl\u0131yor. \u0130skele Belediyesi\u2019nden verilen bilgiye g\u00f6re, \u201cRenkler ve K\u00fclt\u00fcrler \u0130skele\u2019de bulu\u015fuyor\u201d slogan\u0131yla d\u00fczenlenen K\u00fclt\u00fcr Sanat G\u00fcnleri, 7-28 Mart tarihleri aras\u0131nda ger\u00e7ekle\u015fecek. 7 Mart Cuma g\u00fcn\u00fc \u0130skele Belediyesi K\u00fclt\u00fcr Evi\u2019nde saat 19.00\u2019da a\u00e7\u0131l\u0131\u015f t\u00f6reniyle ba\u015flayacak etkinliklerin ilki ayn\u0131 ak\u015fam saat 19.30\u2019da \u0130skele Atat\u00fcrk K\u00fclt\u00fcr Merkezi\u2019nde sanat\u00e7\u0131 [&hellip;]<\/p>\n","protected":false},"author":1,"featured_media":19891,"comment_status":"open","ping_status":"open","sticky":false,"template":"","format":"standard","meta":{"jnews-multi-image_gallery":[],"jnews_single_post":[],"jnews_primary_category":[],"jnews_social_meta":[],"jnews_override_counter":[],"footnotes":""},"categories":[6],"tags":[],"class_list":["post-19890","post","type-post","status-publish","format-standard","has-post-thumbnail","hentry","category-yasam"],"yoast_head":"<!-- This site is optimized with the Yoast SEO plugin v27.4 - https:\/\/yoast.com\/product\/yoast-seo-wordpress\/ -->\n<title>\u0130skele Belediyesi\u2019nin 14\u2019\u00fcnc\u00fc K\u00fclt\u00fcr &amp; Sanat G\u00fcnleri 7 Mart\u2019ta ba\u015fl\u0131yor - Kuzeyin Sesi<\/title>\n<meta name=\"robots\" content=\"index, follow, max-snippet:-1, max-image-preview:large, max-video-preview:-1\" \/>\n<link rel=\"canonical\" href=\"https:\/\/kuzeyinsesi.org\/index.php\/2025\/02\/27\/iskele-belediyesinin-14uncu-kultur-sanat-gunleri-7-martta-basliyor\/\" \/>\n<meta property=\"og:locale\" content=\"tr_TR\" \/>\n<meta property=\"og:type\" content=\"article\" \/>\n<meta property=\"og:title\" content=\"\u0130skele Belediyesi\u2019nin 14\u2019\u00fcnc\u00fc K\u00fclt\u00fcr &amp; Sanat G\u00fcnleri 7 Mart\u2019ta ba\u015fl\u0131yor - Kuzeyin Sesi\" \/>\n<meta property=\"og:description\" content=\"\u0130skele Belediyesi\u2019nin d\u00fczenledi\u011fi 14\u2019\u00fcnc\u00fc K\u00fclt\u00fcr &amp; Sanat G\u00fcnleri 7 Mart\u2019ta ba\u015fl\u0131yor. \u0130skele Belediyesi\u2019nden verilen bilgiye g\u00f6re, \u201cRenkler ve K\u00fclt\u00fcrler \u0130skele\u2019de bulu\u015fuyor\u201d slogan\u0131yla d\u00fczenlenen K\u00fclt\u00fcr Sanat G\u00fcnleri, 7-28 Mart tarihleri aras\u0131nda ger\u00e7ekle\u015fecek. 7 Mart Cuma g\u00fcn\u00fc \u0130skele Belediyesi K\u00fclt\u00fcr Evi\u2019nde saat 19.00\u2019da a\u00e7\u0131l\u0131\u015f t\u00f6reniyle ba\u015flayacak etkinliklerin ilki ayn\u0131 ak\u015fam saat 19.30\u2019da \u0130skele Atat\u00fcrk K\u00fclt\u00fcr Merkezi\u2019nde sanat\u00e7\u0131 [&hellip;]\" \/>\n<meta property=\"og:url\" content=\"https:\/\/kuzeyinsesi.org\/index.php\/2025\/02\/27\/iskele-belediyesinin-14uncu-kultur-sanat-gunleri-7-martta-basliyor\/\" \/>\n<meta property=\"og:site_name\" content=\"Kuzeyin Sesi\" \/>\n<meta property=\"article:publisher\" content=\"https:\/\/www.facebook.com\/kuzeyinsesii\" \/>\n<meta property=\"article:published_time\" content=\"2025-02-27T12:48:11+00:00\" \/>\n<meta property=\"og:image\" content=\"https:\/\/brtk.net\/wp-content\/uploads\/2025\/02\/27\/808080-scaled.jpg?ver=c135325ab91b896cacd8613962698070\" \/>\n<meta name=\"author\" content=\"Kuzeyin Sesi\" \/>\n<meta name=\"twitter:card\" content=\"summary_large_image\" \/>\n<meta name=\"twitter:creator\" content=\"@kuzeyinsesii\" \/>\n<meta name=\"twitter:site\" content=\"@kuzeyinsesii\" \/>\n<meta name=\"twitter:label1\" content=\"Yazan:\" \/>\n\t<meta name=\"twitter:data1\" content=\"Kuzeyin Sesi\" \/>\n\t<meta name=\"twitter:label2\" content=\"Tahmini okuma s\u00fcresi\" \/>\n\t<meta name=\"twitter:data2\" content=\"3 dakika\" \/>\n<script type=\"application\/ld+json\" class=\"yoast-schema-graph\">{\"@context\":\"https:\\\/\\\/schema.org\",\"@graph\":[{\"@type\":\"Article\",\"@id\":\"https:\\\/\\\/kuzeyinsesi.org\\\/index.php\\\/2025\\\/02\\\/27\\\/iskele-belediyesinin-14uncu-kultur-sanat-gunleri-7-martta-basliyor\\\/#article\",\"isPartOf\":{\"@id\":\"https:\\\/\\\/kuzeyinsesi.org\\\/index.php\\\/2025\\\/02\\\/27\\\/iskele-belediyesinin-14uncu-kultur-sanat-gunleri-7-martta-basliyor\\\/\"},\"author\":{\"name\":\"Kuzeyin Sesi\",\"@id\":\"https:\\\/\\\/kuzeyinsesi.org\\\/#\\\/schema\\\/person\\\/9f859689cdf01485597712386e37f5aa\"},\"headline\":\"\u0130skele Belediyesi\u2019nin 14\u2019\u00fcnc\u00fc K\u00fclt\u00fcr &amp; Sanat G\u00fcnleri 7 Mart\u2019ta ba\u015fl\u0131yor\",\"datePublished\":\"2025-02-27T12:48:11+00:00\",\"mainEntityOfPage\":{\"@id\":\"https:\\\/\\\/kuzeyinsesi.org\\\/index.php\\\/2025\\\/02\\\/27\\\/iskele-belediyesinin-14uncu-kultur-sanat-gunleri-7-martta-basliyor\\\/\"},\"wordCount\":573,\"commentCount\":0,\"image\":{\"@id\":\"https:\\\/\\\/kuzeyinsesi.org\\\/index.php\\\/2025\\\/02\\\/27\\\/iskele-belediyesinin-14uncu-kultur-sanat-gunleri-7-martta-basliyor\\\/#primaryimage\"},\"thumbnailUrl\":\"https:\\\/\\\/kuzeyinsesi.org\\\/wp-content\\\/uploads\\\/2025\\\/02\\\/808080-scaled.jpg\",\"articleSection\":[\"Ya\u015fam\"],\"inLanguage\":\"tr\",\"potentialAction\":[{\"@type\":\"CommentAction\",\"name\":\"Comment\",\"target\":[\"https:\\\/\\\/kuzeyinsesi.org\\\/index.php\\\/2025\\\/02\\\/27\\\/iskele-belediyesinin-14uncu-kultur-sanat-gunleri-7-martta-basliyor\\\/#respond\"]}]},{\"@type\":\"WebPage\",\"@id\":\"https:\\\/\\\/kuzeyinsesi.org\\\/index.php\\\/2025\\\/02\\\/27\\\/iskele-belediyesinin-14uncu-kultur-sanat-gunleri-7-martta-basliyor\\\/\",\"url\":\"https:\\\/\\\/kuzeyinsesi.org\\\/index.php\\\/2025\\\/02\\\/27\\\/iskele-belediyesinin-14uncu-kultur-sanat-gunleri-7-martta-basliyor\\\/\",\"name\":\"\u0130skele Belediyesi\u2019nin 14\u2019\u00fcnc\u00fc K\u00fclt\u00fcr &amp; Sanat G\u00fcnleri 7 Mart\u2019ta ba\u015fl\u0131yor - Kuzeyin Sesi\",\"isPartOf\":{\"@id\":\"https:\\\/\\\/kuzeyinsesi.org\\\/#website\"},\"primaryImageOfPage\":{\"@id\":\"https:\\\/\\\/kuzeyinsesi.org\\\/index.php\\\/2025\\\/02\\\/27\\\/iskele-belediyesinin-14uncu-kultur-sanat-gunleri-7-martta-basliyor\\\/#primaryimage\"},\"image\":{\"@id\":\"https:\\\/\\\/kuzeyinsesi.org\\\/index.php\\\/2025\\\/02\\\/27\\\/iskele-belediyesinin-14uncu-kultur-sanat-gunleri-7-martta-basliyor\\\/#primaryimage\"},\"thumbnailUrl\":\"https:\\\/\\\/kuzeyinsesi.org\\\/wp-content\\\/uploads\\\/2025\\\/02\\\/808080-scaled.jpg\",\"datePublished\":\"2025-02-27T12:48:11+00:00\",\"author\":{\"@id\":\"https:\\\/\\\/kuzeyinsesi.org\\\/#\\\/schema\\\/person\\\/9f859689cdf01485597712386e37f5aa\"},\"breadcrumb\":{\"@id\":\"https:\\\/\\\/kuzeyinsesi.org\\\/index.php\\\/2025\\\/02\\\/27\\\/iskele-belediyesinin-14uncu-kultur-sanat-gunleri-7-martta-basliyor\\\/#breadcrumb\"},\"inLanguage\":\"tr\",\"potentialAction\":[{\"@type\":\"ReadAction\",\"target\":[\"https:\\\/\\\/kuzeyinsesi.org\\\/index.php\\\/2025\\\/02\\\/27\\\/iskele-belediyesinin-14uncu-kultur-sanat-gunleri-7-martta-basliyor\\\/\"]}]},{\"@type\":\"ImageObject\",\"inLanguage\":\"tr\",\"@id\":\"https:\\\/\\\/kuzeyinsesi.org\\\/index.php\\\/2025\\\/02\\\/27\\\/iskele-belediyesinin-14uncu-kultur-sanat-gunleri-7-martta-basliyor\\\/#primaryimage\",\"url\":\"https:\\\/\\\/kuzeyinsesi.org\\\/wp-content\\\/uploads\\\/2025\\\/02\\\/808080-scaled.jpg\",\"contentUrl\":\"https:\\\/\\\/kuzeyinsesi.org\\\/wp-content\\\/uploads\\\/2025\\\/02\\\/808080-scaled.jpg\",\"width\":1902,\"height\":2560},{\"@type\":\"BreadcrumbList\",\"@id\":\"https:\\\/\\\/kuzeyinsesi.org\\\/index.php\\\/2025\\\/02\\\/27\\\/iskele-belediyesinin-14uncu-kultur-sanat-gunleri-7-martta-basliyor\\\/#breadcrumb\",\"itemListElement\":[{\"@type\":\"ListItem\",\"position\":1,\"name\":\"Anasayfa\",\"item\":\"https:\\\/\\\/kuzeyinsesi.org\\\/\"},{\"@type\":\"ListItem\",\"position\":2,\"name\":\"\u0130skele Belediyesi\u2019nin 14\u2019\u00fcnc\u00fc K\u00fclt\u00fcr &amp; Sanat G\u00fcnleri 7 Mart\u2019ta ba\u015fl\u0131yor\"}]},{\"@type\":\"WebSite\",\"@id\":\"https:\\\/\\\/kuzeyinsesi.org\\\/#website\",\"url\":\"https:\\\/\\\/kuzeyinsesi.org\\\/\",\"name\":\"Kuzeyin Sesi\",\"description\":\"Do\u011fru Haberin Adresi\",\"potentialAction\":[{\"@type\":\"SearchAction\",\"target\":{\"@type\":\"EntryPoint\",\"urlTemplate\":\"https:\\\/\\\/kuzeyinsesi.org\\\/?s={search_term_string}\"},\"query-input\":{\"@type\":\"PropertyValueSpecification\",\"valueRequired\":true,\"valueName\":\"search_term_string\"}}],\"inLanguage\":\"tr\"},{\"@type\":\"Person\",\"@id\":\"https:\\\/\\\/kuzeyinsesi.org\\\/#\\\/schema\\\/person\\\/9f859689cdf01485597712386e37f5aa\",\"name\":\"Kuzeyin Sesi\",\"image\":{\"@type\":\"ImageObject\",\"inLanguage\":\"tr\",\"@id\":\"https:\\\/\\\/secure.gravatar.com\\\/avatar\\\/bab33852abfd8b282518d6ed81826833d77c3c882d9ab608add591ccace47a44?s=96&d=mm&r=g\",\"url\":\"https:\\\/\\\/secure.gravatar.com\\\/avatar\\\/bab33852abfd8b282518d6ed81826833d77c3c882d9ab608add591ccace47a44?s=96&d=mm&r=g\",\"contentUrl\":\"https:\\\/\\\/secure.gravatar.com\\\/avatar\\\/bab33852abfd8b282518d6ed81826833d77c3c882d9ab608add591ccace47a44?s=96&d=mm&r=g\",\"caption\":\"Kuzeyin Sesi\"},\"sameAs\":[\"https:\\\/\\\/kuzeyinsesi.org\"],\"url\":\"https:\\\/\\\/kuzeyinsesi.org\\\/index.php\\\/author\\\/guven\\\/\"}]}<\/script>\n<!-- \/ Yoast SEO plugin. -->","yoast_head_json":{"title":"\u0130skele Belediyesi\u2019nin 14\u2019\u00fcnc\u00fc K\u00fclt\u00fcr &amp; Sanat G\u00fcnleri 7 Mart\u2019ta ba\u015fl\u0131yor - Kuzeyin Sesi","robots":{"index":"index","follow":"follow","max-snippet":"max-snippet:-1","max-image-preview":"max-image-preview:large","max-video-preview":"max-video-preview:-1"},"canonical":"https:\/\/kuzeyinsesi.org\/index.php\/2025\/02\/27\/iskele-belediyesinin-14uncu-kultur-sanat-gunleri-7-martta-basliyor\/","og_locale":"tr_TR","og_type":"article","og_title":"\u0130skele Belediyesi\u2019nin 14\u2019\u00fcnc\u00fc K\u00fclt\u00fcr &amp; Sanat G\u00fcnleri 7 Mart\u2019ta ba\u015fl\u0131yor - Kuzeyin Sesi","og_description":"\u0130skele Belediyesi\u2019nin d\u00fczenledi\u011fi 14\u2019\u00fcnc\u00fc K\u00fclt\u00fcr &amp; Sanat G\u00fcnleri 7 Mart\u2019ta ba\u015fl\u0131yor. \u0130skele Belediyesi\u2019nden verilen bilgiye g\u00f6re, \u201cRenkler ve K\u00fclt\u00fcrler \u0130skele\u2019de bulu\u015fuyor\u201d slogan\u0131yla d\u00fczenlenen K\u00fclt\u00fcr Sanat G\u00fcnleri, 7-28 Mart tarihleri aras\u0131nda ger\u00e7ekle\u015fecek. 7 Mart Cuma g\u00fcn\u00fc \u0130skele Belediyesi K\u00fclt\u00fcr Evi\u2019nde saat 19.00\u2019da a\u00e7\u0131l\u0131\u015f t\u00f6reniyle ba\u015flayacak etkinliklerin ilki ayn\u0131 ak\u015fam saat 19.30\u2019da \u0130skele Atat\u00fcrk K\u00fclt\u00fcr Merkezi\u2019nde sanat\u00e7\u0131 [&hellip;]","og_url":"https:\/\/kuzeyinsesi.org\/index.php\/2025\/02\/27\/iskele-belediyesinin-14uncu-kultur-sanat-gunleri-7-martta-basliyor\/","og_site_name":"Kuzeyin Sesi","article_publisher":"https:\/\/www.facebook.com\/kuzeyinsesii","article_published_time":"2025-02-27T12:48:11+00:00","og_image":[{"url":"https:\/\/brtk.net\/wp-content\/uploads\/2025\/02\/27\/808080-scaled.jpg?ver=c135325ab91b896cacd8613962698070","type":"","width":"","height":""}],"author":"Kuzeyin Sesi","twitter_card":"summary_large_image","twitter_creator":"@kuzeyinsesii","twitter_site":"@kuzeyinsesii","twitter_misc":{"Yazan:":"Kuzeyin Sesi","Tahmini okuma s\u00fcresi":"3 dakika"},"schema":{"@context":"https:\/\/schema.org","@graph":[{"@type":"Article","@id":"https:\/\/kuzeyinsesi.org\/index.php\/2025\/02\/27\/iskele-belediyesinin-14uncu-kultur-sanat-gunleri-7-martta-basliyor\/#article","isPartOf":{"@id":"https:\/\/kuzeyinsesi.org\/index.php\/2025\/02\/27\/iskele-belediyesinin-14uncu-kultur-sanat-gunleri-7-martta-basliyor\/"},"author":{"name":"Kuzeyin Sesi","@id":"https:\/\/kuzeyinsesi.org\/#\/schema\/person\/9f859689cdf01485597712386e37f5aa"},"headline":"\u0130skele Belediyesi\u2019nin 14\u2019\u00fcnc\u00fc K\u00fclt\u00fcr &amp; Sanat G\u00fcnleri 7 Mart\u2019ta ba\u015fl\u0131yor","datePublished":"2025-02-27T12:48:11+00:00","mainEntityOfPage":{"@id":"https:\/\/kuzeyinsesi.org\/index.php\/2025\/02\/27\/iskele-belediyesinin-14uncu-kultur-sanat-gunleri-7-martta-basliyor\/"},"wordCount":573,"commentCount":0,"image":{"@id":"https:\/\/kuzeyinsesi.org\/index.php\/2025\/02\/27\/iskele-belediyesinin-14uncu-kultur-sanat-gunleri-7-martta-basliyor\/#primaryimage"},"thumbnailUrl":"https:\/\/kuzeyinsesi.org\/wp-content\/uploads\/2025\/02\/808080-scaled.jpg","articleSection":["Ya\u015fam"],"inLanguage":"tr","potentialAction":[{"@type":"CommentAction","name":"Comment","target":["https:\/\/kuzeyinsesi.org\/index.php\/2025\/02\/27\/iskele-belediyesinin-14uncu-kultur-sanat-gunleri-7-martta-basliyor\/#respond"]}]},{"@type":"WebPage","@id":"https:\/\/kuzeyinsesi.org\/index.php\/2025\/02\/27\/iskele-belediyesinin-14uncu-kultur-sanat-gunleri-7-martta-basliyor\/","url":"https:\/\/kuzeyinsesi.org\/index.php\/2025\/02\/27\/iskele-belediyesinin-14uncu-kultur-sanat-gunleri-7-martta-basliyor\/","name":"\u0130skele Belediyesi\u2019nin 14\u2019\u00fcnc\u00fc K\u00fclt\u00fcr &amp; Sanat G\u00fcnleri 7 Mart\u2019ta ba\u015fl\u0131yor - Kuzeyin Sesi","isPartOf":{"@id":"https:\/\/kuzeyinsesi.org\/#website"},"primaryImageOfPage":{"@id":"https:\/\/kuzeyinsesi.org\/index.php\/2025\/02\/27\/iskele-belediyesinin-14uncu-kultur-sanat-gunleri-7-martta-basliyor\/#primaryimage"},"image":{"@id":"https:\/\/kuzeyinsesi.org\/index.php\/2025\/02\/27\/iskele-belediyesinin-14uncu-kultur-sanat-gunleri-7-martta-basliyor\/#primaryimage"},"thumbnailUrl":"https:\/\/kuzeyinsesi.org\/wp-content\/uploads\/2025\/02\/808080-scaled.jpg","datePublished":"2025-02-27T12:48:11+00:00","author":{"@id":"https:\/\/kuzeyinsesi.org\/#\/schema\/person\/9f859689cdf01485597712386e37f5aa"},"breadcrumb":{"@id":"https:\/\/kuzeyinsesi.org\/index.php\/2025\/02\/27\/iskele-belediyesinin-14uncu-kultur-sanat-gunleri-7-martta-basliyor\/#breadcrumb"},"inLanguage":"tr","potentialAction":[{"@type":"ReadAction","target":["https:\/\/kuzeyinsesi.org\/index.php\/2025\/02\/27\/iskele-belediyesinin-14uncu-kultur-sanat-gunleri-7-martta-basliyor\/"]}]},{"@type":"ImageObject","inLanguage":"tr","@id":"https:\/\/kuzeyinsesi.org\/index.php\/2025\/02\/27\/iskele-belediyesinin-14uncu-kultur-sanat-gunleri-7-martta-basliyor\/#primaryimage","url":"https:\/\/kuzeyinsesi.org\/wp-content\/uploads\/2025\/02\/808080-scaled.jpg","contentUrl":"https:\/\/kuzeyinsesi.org\/wp-content\/uploads\/2025\/02\/808080-scaled.jpg","width":1902,"height":2560},{"@type":"BreadcrumbList","@id":"https:\/\/kuzeyinsesi.org\/index.php\/2025\/02\/27\/iskele-belediyesinin-14uncu-kultur-sanat-gunleri-7-martta-basliyor\/#breadcrumb","itemListElement":[{"@type":"ListItem","position":1,"name":"Anasayfa","item":"https:\/\/kuzeyinsesi.org\/"},{"@type":"ListItem","position":2,"name":"\u0130skele Belediyesi\u2019nin 14\u2019\u00fcnc\u00fc K\u00fclt\u00fcr &amp; Sanat G\u00fcnleri 7 Mart\u2019ta ba\u015fl\u0131yor"}]},{"@type":"WebSite","@id":"https:\/\/kuzeyinsesi.org\/#website","url":"https:\/\/kuzeyinsesi.org\/","name":"Kuzeyin Sesi","description":"Do\u011fru Haberin Adresi","potentialAction":[{"@type":"SearchAction","target":{"@type":"EntryPoint","urlTemplate":"https:\/\/kuzeyinsesi.org\/?s={search_term_string}"},"query-input":{"@type":"PropertyValueSpecification","valueRequired":true,"valueName":"search_term_string"}}],"inLanguage":"tr"},{"@type":"Person","@id":"https:\/\/kuzeyinsesi.org\/#\/schema\/person\/9f859689cdf01485597712386e37f5aa","name":"Kuzeyin Sesi","image":{"@type":"ImageObject","inLanguage":"tr","@id":"https:\/\/secure.gravatar.com\/avatar\/bab33852abfd8b282518d6ed81826833d77c3c882d9ab608add591ccace47a44?s=96&d=mm&r=g","url":"https:\/\/secure.gravatar.com\/avatar\/bab33852abfd8b282518d6ed81826833d77c3c882d9ab608add591ccace47a44?s=96&d=mm&r=g","contentUrl":"https:\/\/secure.gravatar.com\/avatar\/bab33852abfd8b282518d6ed81826833d77c3c882d9ab608add591ccace47a44?s=96&d=mm&r=g","caption":"Kuzeyin Sesi"},"sameAs":["https:\/\/kuzeyinsesi.org"],"url":"https:\/\/kuzeyinsesi.org\/index.php\/author\/guven\/"}]}},"_links":{"self":[{"href":"https:\/\/kuzeyinsesi.org\/index.php\/wp-json\/wp\/v2\/posts\/19890","targetHints":{"allow":["GET"]}}],"collection":[{"href":"https:\/\/kuzeyinsesi.org\/index.php\/wp-json\/wp\/v2\/posts"}],"about":[{"href":"https:\/\/kuzeyinsesi.org\/index.php\/wp-json\/wp\/v2\/types\/post"}],"author":[{"embeddable":true,"href":"https:\/\/kuzeyinsesi.org\/index.php\/wp-json\/wp\/v2\/users\/1"}],"replies":[{"embeddable":true,"href":"https:\/\/kuzeyinsesi.org\/index.php\/wp-json\/wp\/v2\/comments?post=19890"}],"version-history":[{"count":0,"href":"https:\/\/kuzeyinsesi.org\/index.php\/wp-json\/wp\/v2\/posts\/19890\/revisions"}],"wp:featuredmedia":[{"embeddable":true,"href":"https:\/\/kuzeyinsesi.org\/index.php\/wp-json\/wp\/v2\/media\/19891"}],"wp:attachment":[{"href":"https:\/\/kuzeyinsesi.org\/index.php\/wp-json\/wp\/v2\/media?parent=19890"}],"wp:term":[{"taxonomy":"category","embeddable":true,"href":"https:\/\/kuzeyinsesi.org\/index.php\/wp-json\/wp\/v2\/categories?post=19890"},{"taxonomy":"post_tag","embeddable":true,"href":"https:\/\/kuzeyinsesi.org\/index.php\/wp-json\/wp\/v2\/tags?post=19890"}],"curies":[{"name":"wp","href":"https:\/\/api.w.org\/{rel}","templated":true}]}}